{"id":1652,"__str__":"REQUERIMENTO n\u00ba 112 de 2020","link_detail_backend":"/materia/1652","metadata":{},"numero":112,"ano":2020,"numero_protocolo":219,"data_apresentacao":"2020-02-11","tipo_apresentacao":"E","data_publicacao":null,"numero_origem_externa":"","ano_origem_externa":null,"data_origem_externa":null,"apelido":"","dias_prazo":null,"data_fim_prazo":null,"em_tramitacao":false,"polemica":null,"objeto":"","complementar":null,"ementa":"Ordem do Dia-Requer Sess\u00e3o Solene em comemora\u00e7\u00e3o aos tr\u00eas anos do blog Observat\u00f3rio de Olinda, no dia 31 de mar\u00e7o de 2020 \u00e0s 19 h nesta Casa legislativa","indexacao":"","observacao":"","resultado":"","texto_original":null,"data_ultima_atualizacao":"2020-02-11T12:15:17.033544-03:00","ip":"","ultima_edicao":null,"tipo":17,"regime_tramitacao":1,"tipo_origem_externa":null,"local_origem_externa":null,"user":null,"anexadas":[],"autores":[8]}