{"id":1694,"__str__":"PROJETO DE LEI DO EXECUTIVO n\u00ba 6 de 2020","link_detail_backend":"/materia/1694","metadata":{},"numero":6,"ano":2020,"numero_protocolo":null,"data_apresentacao":"2020-02-12","tipo_apresentacao":"E","data_publicacao":null,"numero_origem_externa":"","ano_origem_externa":null,"data_origem_externa":null,"apelido":"","dias_prazo":null,"data_fim_prazo":null,"em_tramitacao":false,"polemica":null,"objeto":"","complementar":null,"ementa":"Altera a reda\u00e7\u00e3o dos anexos I e II da Lei n\u00b0 5.704/2010, que alterou o Plano de Cargos, Carreiras e Vencimentos - PCCV  do Magist\u00e9rio da Rede P\u00fablica Municipal e d\u00e1 outras provid\u00eancias.","indexacao":"","observacao":"","resultado":"","texto_original":"http://sapl.olinda.pe.leg.br/media/sapl/public/materialegislativa/2020/1694/pl_06_2020_autor_poder_executivo.pdf","data_ultima_atualizacao":"2020-02-19T11:19:10.274187-03:00","ip":"187.1.173.42","ultima_edicao":null,"tipo":12,"regime_tramitacao":1,"tipo_origem_externa":null,"local_origem_externa":null,"user":22,"anexadas":[],"autores":[27]}