{"id":1707,"__str__":"PROJETO DE LEI ORDIN\u00c1RIA n\u00ba 6 de 2020","link_detail_backend":"/materia/1707","metadata":{},"numero":6,"ano":2020,"numero_protocolo":279,"data_apresentacao":"2020-03-03","tipo_apresentacao":"E","data_publicacao":null,"numero_origem_externa":"","ano_origem_externa":null,"data_origem_externa":null,"apelido":"","dias_prazo":null,"data_fim_prazo":null,"em_tramitacao":false,"polemica":null,"objeto":"","complementar":null,"ementa":"Projeto de Lei n\u00ba 06/2020\r\nAutor: Poder Executivo \r\nEmenta: Altera a reda\u00e7\u00e3o dos anexos I e II da Lei n\u00ba 5704/2010 , que alterou o Plano de Cargos, Carreiras e Vencimentos \u2013 PCCV do Magist\u00e9rio da Rede P\u00fablica Municipal e d\u00e1 outras provid\u00eancias.","indexacao":"","observacao":"","resultado":"","texto_original":null,"data_ultima_atualizacao":"2020-03-03T08:08:54.358013-03:00","ip":"","ultima_edicao":null,"tipo":13,"regime_tramitacao":1,"tipo_origem_externa":null,"local_origem_externa":null,"user":null,"anexadas":[],"autores":[27]}