{"id":1827,"__str__":"REQUERIMENTO n\u00ba 242 de 2020","link_detail_backend":"/materia/1827","metadata":{},"numero":242,"ano":2020,"numero_protocolo":409,"data_apresentacao":"2020-05-14","tipo_apresentacao":"E","data_publicacao":null,"numero_origem_externa":"","ano_origem_externa":null,"data_origem_externa":null,"apelido":"","dias_prazo":null,"data_fim_prazo":null,"em_tramitacao":false,"polemica":null,"objeto":"","complementar":null,"ementa":"Requer que seja estabelecido um conv\u00eanio entre a secretaria de sa\u00fade do munic\u00edpio e os hospitais Esperan\u00e7a de Olinda e o Hospital S\u00e3o Salvador para que parte dos leitos de enfermaria e UTI sejam destinados a atender pacientes acometidos com o Coronav\u00edrus em nossa cidade;","indexacao":"","observacao":"","resultado":"","texto_original":null,"data_ultima_atualizacao":"2020-05-14T10:07:00.064750-03:00","ip":"","ultima_edicao":null,"tipo":17,"regime_tramitacao":1,"tipo_origem_externa":null,"local_origem_externa":null,"user":null,"anexadas":[],"autores":[12]}