{"id":1851,"__str__":"REQUERIMENTO n\u00ba 282 de 2020","link_detail_backend":"/materia/1851","metadata":{},"numero":282,"ano":2020,"numero_protocolo":461,"data_apresentacao":"2020-06-02","tipo_apresentacao":"E","data_publicacao":null,"numero_origem_externa":"","ano_origem_externa":null,"data_origem_externa":null,"apelido":"","dias_prazo":null,"data_fim_prazo":null,"em_tramitacao":false,"polemica":null,"objeto":"","complementar":null,"ementa":"REQ.  N\u00b0 282/2020\r\nAutor: Vereador Professor Marcelo\r\nAssunto: Requer Higieniza\u00e7\u00e3o e Teste R\u00e1pido no Alto da Mina \u2013 Olinda \u2013 PE,","indexacao":"","observacao":"","resultado":"","texto_original":null,"data_ultima_atualizacao":"2020-06-02T12:19:41.520851-03:00","ip":"","ultima_edicao":null,"tipo":17,"regime_tramitacao":1,"tipo_origem_externa":null,"local_origem_externa":null,"user":null,"anexadas":[],"autores":[2]}