{"id":1918,"__str__":"REQUERIMENTO n\u00ba 338 de 2020","link_detail_backend":"/materia/1918","metadata":{},"numero":338,"ano":2020,"numero_protocolo":null,"data_apresentacao":"2020-07-01","tipo_apresentacao":"E","data_publicacao":null,"numero_origem_externa":"","ano_origem_externa":null,"data_origem_externa":null,"apelido":"","dias_prazo":null,"data_fim_prazo":null,"em_tramitacao":false,"polemica":null,"objeto":"","complementar":null,"ementa":"Req \u2013  338 \u2013 Requer a qualifica\u00e7\u00e3o da ilumina\u00e7\u00e3o p\u00fablica da Avenida Fagundes Varela, no Bairro de Jardim Atl\u00e2ntico Olinda-PE, em toda sua extens\u00e3o.","indexacao":"","observacao":"","resultado":"","texto_original":null,"data_ultima_atualizacao":"2020-07-09T13:27:27.677882-03:00","ip":"187.1.173.42","ultima_edicao":null,"tipo":17,"regime_tramitacao":1,"tipo_origem_externa":null,"local_origem_externa":null,"user":22,"anexadas":[],"autores":[11]}