{"id":1961,"__str__":"REQUERIMENTO n\u00ba 381 de 2020","link_detail_backend":"/materia/1961","metadata":{},"numero":381,"ano":2020,"numero_protocolo":572,"data_apresentacao":"2020-08-14","tipo_apresentacao":"","data_publicacao":null,"numero_origem_externa":"","ano_origem_externa":null,"data_origem_externa":null,"apelido":"","dias_prazo":null,"data_fim_prazo":null,"em_tramitacao":false,"polemica":null,"objeto":"","complementar":null,"ementa":"REQ.  N\u00b0 381/2020\r\nAutor: Vereador Jesu\u00edno Ara\u00fajo\r\nAssunto: Requer aposi\u00e7\u00e3o de lombadas e pintura sinalizadora para redu\u00e7\u00e3o de velocidade, na Rua Catulo da Paix\u00e3o Cearense \u2013 CEP 53140-130 \u2013 Jardim Atl\u00e2ntico \u2013 Olinda \u2013 PE;","indexacao":"","observacao":"","resultado":"","texto_original":null,"data_ultima_atualizacao":"2020-08-14T09:30:36.293992-03:00","ip":"","ultima_edicao":null,"tipo":17,"regime_tramitacao":1,"tipo_origem_externa":null,"local_origem_externa":null,"user":null,"anexadas":[],"autores":[6]}