{"id":1996,"__str__":"REQUERIMENTO n\u00ba 418 de 2020","link_detail_backend":"/materia/1996","metadata":{},"numero":418,"ano":2020,"numero_protocolo":609,"data_apresentacao":"2020-08-17","tipo_apresentacao":"","data_publicacao":null,"numero_origem_externa":"","ano_origem_externa":null,"data_origem_externa":null,"apelido":"","dias_prazo":null,"data_fim_prazo":null,"em_tramitacao":false,"polemica":null,"objeto":"","complementar":null,"ementa":"REQ.  N\u00b0 418/2020\r\nAutor: Vereador Severino Barbosa de Souza/Biai\r\nAssunto: Requer que seja realizada a recupera\u00e7\u00e3o do gradil que circunda a Igreja Nossa Senhora do Carmo, em frente \u00e0 Pra\u00e7a do Carmo em Olinda.","indexacao":"","observacao":"","resultado":"","texto_original":null,"data_ultima_atualizacao":"2020-08-17T08:42:45.102836-03:00","ip":"187.1.173.42","ultima_edicao":"2020-08-17T08:42:45.102362-03:00","tipo":17,"regime_tramitacao":1,"tipo_origem_externa":null,"local_origem_externa":null,"user":22,"anexadas":[],"autores":[13]}