{"id":2005,"__str__":"REQUERIMENTO n\u00ba 429 de 2020","link_detail_backend":"/materia/2005","metadata":{},"numero":429,"ano":2020,"numero_protocolo":665,"data_apresentacao":"2020-08-27","tipo_apresentacao":"E","data_publicacao":null,"numero_origem_externa":"","ano_origem_externa":null,"data_origem_externa":null,"apelido":"","dias_prazo":null,"data_fim_prazo":null,"em_tramitacao":false,"polemica":false,"objeto":"","complementar":false,"ementa":"REQ.  N\u00b0 429/2020\r\nAutor: Vereador Severino Barbosa - Biai\r\nAssunto:  Requer coloca\u00e7\u00e3o de faixa de pedestre no entroncamento da Rua Claudio Uch\u00f4a Cavalcanti (antiga Rua 2) com a Av. Frederico Lundgren, no bairro do Rio Doce - Olinda-PE, em frente \u00e0 Farm\u00e1cia S\u00e3o Severino e o sal\u00e3o de S\u00edlvio Cabeleireiro;","indexacao":"","observacao":"","resultado":"","texto_original":null,"data_ultima_atualizacao":"2020-08-27T09:01:45.907418-03:00","ip":"187.1.173.42","ultima_edicao":"2020-08-27T09:01:45.906799-03:00","tipo":17,"regime_tramitacao":1,"tipo_origem_externa":null,"local_origem_externa":null,"user":24,"anexadas":[],"autores":[13]}