{"id":2049,"__str__":"REQUERIMENTO n\u00ba 471 de 2020","link_detail_backend":"/materia/2049","metadata":{},"numero":471,"ano":2020,"numero_protocolo":709,"data_apresentacao":"2020-08-27","tipo_apresentacao":"","data_publicacao":null,"numero_origem_externa":"","ano_origem_externa":null,"data_origem_externa":null,"apelido":"","dias_prazo":null,"data_fim_prazo":null,"em_tramitacao":false,"polemica":false,"objeto":"","complementar":false,"ementa":"REQ.  N\u00b0 471/2020\r\nAutor: Vereador Jorge Federal\r\nAssunto: Requer substitui\u00e7\u00e3o de l\u00e2mpada queimada no poste ao lado do im\u00f3vel de n\u00ba 57 da Rua Dr. Jos\u00e9 de Oliveira Silva, Ouro Preto, Jatob\u00e1, Olinda-PE","indexacao":"","observacao":"","resultado":"","texto_original":null,"data_ultima_atualizacao":"2020-08-27T10:42:27.360261-03:00","ip":"187.1.173.42","ultima_edicao":"2020-08-27T10:42:27.359516-03:00","tipo":17,"regime_tramitacao":1,"tipo_origem_externa":null,"local_origem_externa":null,"user":24,"anexadas":[],"autores":[11]}