{"id":2096,"__str__":"REQUERIMENTO n\u00ba 515 de 2020","link_detail_backend":"/materia/2096","metadata":{},"numero":515,"ano":2020,"numero_protocolo":766,"data_apresentacao":"2020-09-03","tipo_apresentacao":"","data_publicacao":null,"numero_origem_externa":"","ano_origem_externa":null,"data_origem_externa":null,"apelido":"","dias_prazo":null,"data_fim_prazo":null,"em_tramitacao":false,"polemica":false,"objeto":"","complementar":false,"ementa":"REQ.  N\u00b0 515/2020\r\nAutor: Vereador Jorge Federal\r\nAssunto: Requer substitui\u00e7\u00e3o de l\u00e2mpadas queimadas nos postes em frente aos im\u00f3veis de n\u00b0s 23, 57, 91 e 101, todos da Rua Jo\u00e3o Ferreira da Silva, no Bairro de Ouro Preto/Jatob\u00e1 Olinda-PE;","indexacao":"","observacao":"","resultado":"","texto_original":null,"data_ultima_atualizacao":"2020-09-03T09:25:54.378372-03:00","ip":"187.1.173.42","ultima_edicao":"2020-09-03T09:25:54.377726-03:00","tipo":17,"regime_tramitacao":1,"tipo_origem_externa":null,"local_origem_externa":null,"user":24,"anexadas":[],"autores":[11]}