{"id":2108,"__str__":"PROJETO DE LEI ORDIN\u00c1RIA n\u00ba 15 de 2020","link_detail_backend":"/materia/2108","metadata":{},"numero":15,"ano":2020,"numero_protocolo":805,"data_apresentacao":"2020-08-03","tipo_apresentacao":"E","data_publicacao":null,"numero_origem_externa":"","ano_origem_externa":null,"data_origem_externa":null,"apelido":"","dias_prazo":null,"data_fim_prazo":null,"em_tramitacao":false,"polemica":false,"objeto":"","complementar":false,"ementa":"\" Disp\u00f5e sobre a suspens\u00e3o do corte de \u00e1gua e de energia el\u00e9trica no Munic\u00edpio de Olinda, durante o per\u00edodo de 120 dias. \"","indexacao":"","observacao":"","resultado":"","texto_original":null,"data_ultima_atualizacao":"2020-09-10T13:41:25.985500-03:00","ip":"187.1.173.42","ultima_edicao":"2020-09-10T13:41:25.865065-03:00","tipo":13,"regime_tramitacao":1,"tipo_origem_externa":null,"local_origem_externa":null,"user":24,"anexadas":[],"autores":[6]}