{"id":2125,"__str__":"REQUERIMENTO n\u00ba 536 de 2020","link_detail_backend":"/materia/2125","metadata":{},"numero":536,"ano":2020,"numero_protocolo":834,"data_apresentacao":"2020-09-24","tipo_apresentacao":"","data_publicacao":null,"numero_origem_externa":"","ano_origem_externa":null,"data_origem_externa":null,"apelido":"","dias_prazo":null,"data_fim_prazo":null,"em_tramitacao":false,"polemica":false,"objeto":"","complementar":false,"ementa":"REQ.  N\u00b0 536/2020\r\nAutor: Vereador Jorge Federal\r\nAssunto: Requer servi\u00e7os de Opera\u00e7\u00e3o Tapa Buracos \u2013 recupera\u00e7\u00e3o do cal\u00e7amento na Rua Prudente de Moraes no Bairro do Carmo, Olinda-PE.","indexacao":"","observacao":"","resultado":"","texto_original":null,"data_ultima_atualizacao":"2020-09-24T08:53:15.139772-03:00","ip":"187.1.173.42","ultima_edicao":"2020-09-24T08:53:15.139330-03:00","tipo":17,"regime_tramitacao":1,"tipo_origem_externa":null,"local_origem_externa":null,"user":24,"anexadas":[],"autores":[11]}