{"id":2161,"__str__":"REQUERIMENTO n\u00ba 23 de 2021","link_detail_backend":"/materia/2161","metadata":{},"numero":23,"ano":2021,"numero_protocolo":21,"data_apresentacao":"2021-01-04","tipo_apresentacao":"E","data_publicacao":null,"numero_origem_externa":"","ano_origem_externa":null,"data_origem_externa":null,"apelido":"","dias_prazo":null,"data_fim_prazo":null,"em_tramitacao":false,"polemica":false,"objeto":"","complementar":false,"ementa":"Requer com m\u00e1xima urg\u00eancia abrigo coberto e/ou assentamento em todas as paradas de \u00f4nibus da cidade de Olinda \u2013 PE;","indexacao":"","observacao":"","resultado":"","texto_original":null,"data_ultima_atualizacao":"2021-01-15T13:23:57.511277-03:00","ip":"187.1.173.42","ultima_edicao":"2021-01-15T13:23:57.510880-03:00","tipo":17,"regime_tramitacao":1,"tipo_origem_externa":null,"local_origem_externa":null,"user":22,"anexadas":[],"autores":[13]}