{"id":2275,"__str__":"PROJETO DE LEI ORDIN\u00c1RIA n\u00ba 1 de 2021","link_detail_backend":"/materia/2275","metadata":{},"numero":1,"ano":2021,"numero_protocolo":137,"data_apresentacao":"2021-02-11","tipo_apresentacao":"E","data_publicacao":null,"numero_origem_externa":"","ano_origem_externa":null,"data_origem_externa":null,"apelido":"","dias_prazo":null,"data_fim_prazo":null,"em_tramitacao":true,"polemica":false,"objeto":"","complementar":false,"ementa":"Disp\u00f5e sobre a A\u00e7\u00e3o emergencial Municipal, sob a forma de aux\u00edlio, destinado a minimiza\u00e7\u00e3o das perdas financeiras dos atores do setor cultural e dos catadores de produtos recicl\u00e1veis, no Munic\u00edpio de Olinda, decorrentes da paraliza\u00e7\u00e3o das atividades do ciclo carnavalesco, motivada pela pandemia da COVID-19;","indexacao":"","observacao":"","resultado":"","texto_original":"http://sapl.olinda.pe.leg.br/media/sapl/public/materialegislativa/2021/2275/pl_01_2021_autor_poder_executivo.pdf","data_ultima_atualizacao":"2021-03-09T14:15:38.036464-03:00","ip":"187.1.173.42","ultima_edicao":"2021-03-09T14:15:37.903875-03:00","tipo":13,"regime_tramitacao":1,"tipo_origem_externa":null,"local_origem_externa":null,"user":22,"anexadas":[],"autores":[27]}