{"id":2482,"__str__":"REQUERIMENTO n\u00ba 336 de 2021","link_detail_backend":"/materia/2482","metadata":{},"numero":336,"ano":2021,"numero_protocolo":343,"data_apresentacao":"2021-03-02","tipo_apresentacao":"E","data_publicacao":null,"numero_origem_externa":"","ano_origem_externa":null,"data_origem_externa":null,"apelido":"","dias_prazo":null,"data_fim_prazo":null,"em_tramitacao":false,"polemica":false,"objeto":"","complementar":false,"ementa":"Requer pedidos de informa\u00e7\u00f5es a Secret\u00e1ria de Sa\u00fade de Olinda sobre: 1 \u2013 Existe alguma a\u00e7\u00e3o do Minist\u00e9rio P\u00fablico para dispensa\u00e7\u00e3o de Fraldas voltado a pessoas com Transtorno do Espectro Autista \u2013 TEA; 2 \u2013 Existe senten\u00e7a sobre essa a\u00e7\u00e3o;3 \u2013 Existe aprazamento para entrega das fraldas;","indexacao":"","observacao":"","resultado":"","texto_original":null,"data_ultima_atualizacao":"2021-03-02T12:42:26.348181-03:00","ip":"187.1.173.42","ultima_edicao":"2021-03-02T12:42:26.347757-03:00","tipo":17,"regime_tramitacao":1,"tipo_origem_externa":null,"local_origem_externa":null,"user":24,"anexadas":[],"autores":[6]}