{"id":2510,"__str__":"PROJETO DE LEI ORDIN\u00c1RIA n\u00ba 12 de 2021","link_detail_backend":"/materia/2510","metadata":{},"numero":12,"ano":2021,"numero_protocolo":371,"data_apresentacao":"2021-03-02","tipo_apresentacao":"E","data_publicacao":null,"numero_origem_externa":"","ano_origem_externa":null,"data_origem_externa":null,"apelido":"","dias_prazo":null,"data_fim_prazo":null,"em_tramitacao":true,"polemica":false,"objeto":"","complementar":false,"ementa":"Disp\u00f5e sobre a gratuidade no Transporte P\u00fablico Municipal de Olinda, para m\u00e3es de pessoas com Transtorno de Espectro Autista \u2013 TEA, e d\u00e1 outras provid\u00eancias;","indexacao":"","observacao":"","resultado":"","texto_original":"http://sapl.olinda.pe.leg.br/media/sapl/public/materialegislativa/2021/2510/pl_12_2021_autor_ver_jesuino_araujo_2.pdf","data_ultima_atualizacao":"2021-03-02T13:14:20.567715-03:00","ip":"187.1.173.42","ultima_edicao":"2021-03-02T13:14:20.567417-03:00","tipo":13,"regime_tramitacao":1,"tipo_origem_externa":null,"local_origem_externa":null,"user":22,"anexadas":[],"autores":[6]}