{"id":2511,"__str__":"PROJETO DE LEI ORDIN\u00c1RIA n\u00ba 13 de 2021","link_detail_backend":"/materia/2511","metadata":{},"numero":13,"ano":2021,"numero_protocolo":372,"data_apresentacao":"2021-03-02","tipo_apresentacao":"E","data_publicacao":null,"numero_origem_externa":"","ano_origem_externa":null,"data_origem_externa":null,"apelido":"","dias_prazo":null,"data_fim_prazo":null,"em_tramitacao":true,"polemica":false,"objeto":"","complementar":false,"ementa":"Determina a disponibiliza\u00e7\u00e3o de medicamentos respirat\u00f3rios para pessoas com Transtorno de Espectro Autista \u2013 TEA, no Munic\u00edpio de Olinda e outras provid\u00eancias;","indexacao":"","observacao":"","resultado":"","texto_original":"http://sapl.olinda.pe.leg.br/media/sapl/public/materialegislativa/2021/2511/pl_13_2021_autor_ver_jesuino_araujo.pdf","data_ultima_atualizacao":"2021-03-02T13:16:16.414592-03:00","ip":"187.1.173.42","ultima_edicao":"2021-03-02T13:16:16.414185-03:00","tipo":13,"regime_tramitacao":1,"tipo_origem_externa":null,"local_origem_externa":null,"user":22,"anexadas":[],"autores":[6]}