{"id":2623,"__str__":"PROJETO DE LEI ORDIN\u00c1RIA n\u00ba 27 de 2021","link_detail_backend":"/materia/2623","metadata":{},"numero":27,"ano":2021,"numero_protocolo":485,"data_apresentacao":"2021-03-23","tipo_apresentacao":"E","data_publicacao":null,"numero_origem_externa":"","ano_origem_externa":null,"data_origem_externa":null,"apelido":"","dias_prazo":null,"data_fim_prazo":null,"em_tramitacao":true,"polemica":false,"objeto":"","complementar":false,"ementa":"Disp\u00f5e sobre a suspens\u00e3o do corte de \u00e1gua e energia durante o estado de calamidade p\u00fablica no Munic\u00edpio de Olinda;","indexacao":"","observacao":"","resultado":"","texto_original":"http://sapl.olinda.pe.leg.br/media/sapl/public/materialegislativa/2021/2623/pl_27_2021_autor_vinicius_castello.pdf","data_ultima_atualizacao":"2021-03-23T12:32:10.282764-03:00","ip":"187.1.173.42","ultima_edicao":"2021-03-23T12:32:10.282364-03:00","tipo":13,"regime_tramitacao":1,"tipo_origem_externa":null,"local_origem_externa":null,"user":24,"anexadas":[],"autores":[45]}