{"id":2624,"__str__":"PROJETO DE LEI ORDIN\u00c1RIA n\u00ba 28 de 2021","link_detail_backend":"/materia/2624","metadata":{},"numero":28,"ano":2021,"numero_protocolo":486,"data_apresentacao":"2021-03-23","tipo_apresentacao":"E","data_publicacao":null,"numero_origem_externa":"","ano_origem_externa":null,"data_origem_externa":null,"apelido":"","dias_prazo":null,"data_fim_prazo":null,"em_tramitacao":true,"polemica":false,"objeto":"","complementar":false,"ementa":"Disp\u00f5e sobre o estabelecimento de cotas raciais para o ingresso de negros no servi\u00e7o p\u00fablico municipal de Olinda em cargos efetivos e comissionados;","indexacao":"","observacao":"","resultado":"","texto_original":"http://sapl.olinda.pe.leg.br/media/sapl/public/materialegislativa/2021/2624/pl_28_2021_autor_vinicius_castello.pdf","data_ultima_atualizacao":"2021-03-23T12:36:45.576790-03:00","ip":"187.1.173.42","ultima_edicao":"2021-03-23T12:36:45.576298-03:00","tipo":13,"regime_tramitacao":1,"tipo_origem_externa":null,"local_origem_externa":null,"user":24,"anexadas":[],"autores":[45]}