{"id":3371,"__str__":"PROJETO DE LEI ORDIN\u00c1RIA n\u00ba 104 de 2021","link_detail_backend":"/materia/3371","metadata":{},"numero":104,"ano":2021,"numero_protocolo":1238,"data_apresentacao":"2021-07-13","tipo_apresentacao":"E","data_publicacao":null,"numero_origem_externa":"","ano_origem_externa":null,"data_origem_externa":null,"apelido":"","dias_prazo":null,"data_fim_prazo":null,"em_tramitacao":true,"polemica":false,"objeto":"","complementar":false,"ementa":"Institui, no Calend\u00e1rio Oficial de Eventos do Munic\u00edpio de Olinda, a \"Semana Municipal da Preven\u00e7\u00e3o de Acidentes com Crian\u00e7as\";","indexacao":"","observacao":"","resultado":"","texto_original":"http://sapl.olinda.pe.leg.br/media/sapl/public/materialegislativa/2021/3371/pl_104_2021_autor_ver._flavio_nascimento.pdf","data_ultima_atualizacao":"2021-07-15T11:23:47.935387-03:00","ip":"187.1.173.42","ultima_edicao":"2021-07-15T11:23:47.935009-03:00","tipo":13,"regime_tramitacao":1,"tipo_origem_externa":null,"local_origem_externa":null,"user":25,"anexadas":[],"autores":[44]}