{"id":3415,"__str__":"PROJETO DE LEI ORDIN\u00c1RIA n\u00ba 109 de 2021","link_detail_backend":"/materia/3415","metadata":{},"numero":109,"ano":2021,"numero_protocolo":1282,"data_apresentacao":"2021-07-27","tipo_apresentacao":"E","data_publicacao":null,"numero_origem_externa":"","ano_origem_externa":null,"data_origem_externa":null,"apelido":"","dias_prazo":null,"data_fim_prazo":null,"em_tramitacao":true,"polemica":false,"objeto":"","complementar":false,"ementa":"Institui a Semana da Aten\u00e7\u00e3o \u00e0 Sa\u00fade dos professores da Rede P\u00fablica do Munic\u00edpio de Olinda;","indexacao":"","observacao":"","resultado":"","texto_original":"http://sapl.olinda.pe.leg.br/media/sapl/public/materialegislativa/2021/3415/pl_109_2021_autor_ver._flavio_nascimento.pdf","data_ultima_atualizacao":"2021-07-27T14:37:07.230112-03:00","ip":"187.1.173.42","ultima_edicao":"2021-07-27T14:37:07.102959-03:00","tipo":13,"regime_tramitacao":1,"tipo_origem_externa":null,"local_origem_externa":null,"user":25,"anexadas":[],"autores":[44]}