{"id":3422,"__str__":"REQUERIMENTO n\u00ba 1187 de 2021","link_detail_backend":"/materia/3422","metadata":{},"numero":1187,"ano":2021,"numero_protocolo":1289,"data_apresentacao":"2021-07-29","tipo_apresentacao":"E","data_publicacao":null,"numero_origem_externa":"","ano_origem_externa":null,"data_origem_externa":null,"apelido":"","dias_prazo":null,"data_fim_prazo":null,"em_tramitacao":false,"polemica":false,"objeto":"","complementar":false,"ementa":"Requer o corte de \u00e1rvore na Rua da Regenera\u00e7\u00e3o, 350, Alto da Conquista;","indexacao":"","observacao":"","resultado":"","texto_original":null,"data_ultima_atualizacao":"2021-07-29T10:30:15.919878-03:00","ip":"187.1.173.42","ultima_edicao":"2021-07-29T10:30:15.919499-03:00","tipo":17,"regime_tramitacao":1,"tipo_origem_externa":null,"local_origem_externa":null,"user":24,"anexadas":[],"autores":[41]}