{"id":4901,"__str__":"PROJETO DE DECRETO LEGISLATIVO n\u00ba 22 de 2022","link_detail_backend":"/materia/4901","metadata":{},"numero":22,"ano":2022,"numero_protocolo":787,"data_apresentacao":"2022-08-25","tipo_apresentacao":"E","data_publicacao":null,"numero_origem_externa":"","ano_origem_externa":null,"data_origem_externa":null,"apelido":"","dias_prazo":null,"data_fim_prazo":null,"em_tramitacao":true,"polemica":false,"objeto":"","complementar":false,"ementa":"Concede o T\u00edtulo de Cidad\u00e3o de Olinda ao Sr. Fabio Almir de Ara\u00fajo;","indexacao":"","observacao":"","resultado":"","texto_original":"http://sapl.olinda.pe.leg.br/media/sapl/public/materialegislativa/2022/4901/pdl_22_2022_autor_mesa_diretora.pdf","data_ultima_atualizacao":"2022-08-25T12:58:53.051775-03:00","ip":"187.1.173.42","ultima_edicao":"2022-08-25T12:58:52.934277-03:00","tipo":9,"regime_tramitacao":1,"tipo_origem_externa":null,"local_origem_externa":null,"user":25,"anexadas":[],"autores":[26]}