{"id":4921,"__str__":"PROJETO DE LEI ORDIN\u00c1RIA n\u00ba 123 de 2022","link_detail_backend":"/materia/4921","metadata":{},"numero":123,"ano":2022,"numero_protocolo":807,"data_apresentacao":"2022-10-14","tipo_apresentacao":"E","data_publicacao":null,"numero_origem_externa":"","ano_origem_externa":null,"data_origem_externa":null,"apelido":"","dias_prazo":null,"data_fim_prazo":null,"em_tramitacao":true,"polemica":false,"objeto":"","complementar":false,"ementa":"Garante a Crian\u00e7a e ao adolescente, v\u00edtimas de viol\u00eancia dom\u00e9stica e familiar ou \u00f3rf\u00e3os, prioridade para matr\u00edcula no mesmo estabelecimento escolar da Rede P\u00fablica Municipal de Ensino de Olinda.","indexacao":"","observacao":"","resultado":"","texto_original":"http://sapl.olinda.pe.leg.br/media/sapl/public/materialegislativa/2022/4921/pl_123__2022_autor_ver._flavio_nascimento.pdf","data_ultima_atualizacao":"2023-09-05T08:42:58.004529-03:00","ip":"187.1.173.42","ultima_edicao":"2023-09-05T08:42:57.144259-03:00","tipo":13,"regime_tramitacao":1,"tipo_origem_externa":null,"local_origem_externa":null,"user":25,"anexadas":[],"autores":[44]}