{"id":4939,"__str__":"PROJETO DE DECRETO LEGISLATIVO n\u00ba 27 de 2022","link_detail_backend":"/materia/4939","metadata":{},"numero":27,"ano":2022,"numero_protocolo":825,"data_apresentacao":"2022-12-14","tipo_apresentacao":"E","data_publicacao":null,"numero_origem_externa":"","ano_origem_externa":null,"data_origem_externa":null,"apelido":"","dias_prazo":null,"data_fim_prazo":null,"em_tramitacao":true,"polemica":false,"objeto":"","complementar":false,"ementa":"Concede o T\u00edtulo de Cidad\u00e3o de Olinda ao Sr. F\u00e1bio da Costa Lago","indexacao":"","observacao":"","resultado":"","texto_original":null,"data_ultima_atualizacao":"2022-12-14T11:25:12.107811-03:00","ip":"187.1.173.42","ultima_edicao":"2022-12-14T11:25:12.002858-03:00","tipo":9,"regime_tramitacao":1,"tipo_origem_externa":null,"local_origem_externa":null,"user":24,"anexadas":[],"autores":[39]}