{"id":5436,"__str__":"PROJETO DE LEI ORDIN\u00c1RIA n\u00ba 148 de 2023","link_detail_backend":"/materia/5436","metadata":{},"numero":148,"ano":2023,"numero_protocolo":324,"data_apresentacao":"2023-11-08","tipo_apresentacao":"E","data_publicacao":null,"numero_origem_externa":"","ano_origem_externa":null,"data_origem_externa":null,"apelido":"","dias_prazo":null,"data_fim_prazo":null,"em_tramitacao":true,"polemica":false,"objeto":"","complementar":false,"ementa":"Prev\u00ea a suspens\u00e3o do credenciamento de institui\u00e7\u00f5es privadas que negarem matr\u00edcula aos alunos com defici\u00eancia ou transtornos de neurodesenvolvimento no \u00e2mbito do Munic\u00edpio de Olinda/PE.","indexacao":"","observacao":"","resultado":"","texto_original":"http://sapl.olinda.pe.leg.br/media/sapl/public/materialegislativa/2023/5436/pl_148_2023_autor_ver._flavio_nascimento.pdf","data_ultima_atualizacao":"2023-11-20T14:22:50.548467-03:00","ip":"187.1.173.42","ultima_edicao":"2023-11-20T14:22:50.414230-03:00","tipo":13,"regime_tramitacao":1,"tipo_origem_externa":null,"local_origem_externa":null,"user":25,"anexadas":[],"autores":[44]}