{"id":5447,"__str__":"PROJETO DE DECRETO LEGISLATIVO n\u00ba 27 de 2023","link_detail_backend":"/materia/5447","metadata":{},"numero":27,"ano":2023,"numero_protocolo":336,"data_apresentacao":"2023-11-20","tipo_apresentacao":"E","data_publicacao":null,"numero_origem_externa":"","ano_origem_externa":null,"data_origem_externa":null,"apelido":"","dias_prazo":null,"data_fim_prazo":null,"em_tramitacao":true,"polemica":false,"objeto":"","complementar":false,"ementa":"Concede o Titulo de Cidad\u00e3o de Olinda ao Senhor F\u00e1bio Andr\u00e9 Brayner dos Santos.","indexacao":"","observacao":"","resultado":"","texto_original":"http://sapl.olinda.pe.leg.br/media/sapl/public/materialegislativa/2023/5447/pdl_27_2023_autor_ver._ricardo_sousa.pdf","data_ultima_atualizacao":"2023-11-20T14:44:03.638857-03:00","ip":"187.1.173.42","ultima_edicao":"2023-11-20T14:44:03.049992-03:00","tipo":9,"regime_tramitacao":1,"tipo_origem_externa":null,"local_origem_externa":null,"user":25,"anexadas":[],"autores":[6]}