{"id":5533,"__str__":"PROJETO DE LEI ORDIN\u00c1RIA n\u00ba 169 de 2023","link_detail_backend":"/materia/5533","metadata":{},"numero":169,"ano":2023,"numero_protocolo":374,"data_apresentacao":"2023-12-01","tipo_apresentacao":"E","data_publicacao":null,"numero_origem_externa":"","ano_origem_externa":null,"data_origem_externa":null,"apelido":"","dias_prazo":null,"data_fim_prazo":null,"em_tramitacao":true,"polemica":false,"objeto":"","complementar":false,"ementa":"Institui a pol\u00edtica Municipal de valoriza\u00e7\u00e3o das personalidades art\u00edsticas e culturais do munic\u00edpio de Olinda/PE.","indexacao":"","observacao":"","resultado":"","texto_original":null,"data_ultima_atualizacao":"2023-12-26T13:28:55.393878-03:00","ip":"187.1.173.42","ultima_edicao":"2023-12-26T13:28:55.392177-03:00","tipo":13,"regime_tramitacao":1,"tipo_origem_externa":null,"local_origem_externa":null,"user":22,"anexadas":[],"autores":[44]}