{"id":6630,"__str__":"PROJETO DE LEI ORDIN\u00c1RIA n\u00ba 20 de 2026","link_detail_backend":"/materia/6630","metadata":{},"numero":20,"ano":2026,"numero_protocolo":null,"data_apresentacao":"2026-03-31","tipo_apresentacao":"E","data_publicacao":null,"numero_origem_externa":"","ano_origem_externa":null,"data_origem_externa":null,"apelido":"","dias_prazo":null,"data_fim_prazo":null,"em_tramitacao":true,"polemica":false,"objeto":"","complementar":false,"ementa":"Abre Cr\u00e9dito Adicional Suplementar no Or\u00e7amento Fiscal do Munic\u00edpio de Olinda, exerc\u00edcio de 2026, no valor de R$ 653.406,71 (seiscentos e cinquenta e tr\u00eas mil, quatrocentos e seis reais e setenta e um centavos), destinado ao Fundo Municipal de Educa\u00e7\u00e3o de Olinda para manuten\u00e7\u00e3o da educa\u00e7\u00e3o em tempo integral \u2013 ETI (investimentos, c\u00f3digo 12.361.1771.2.039), com recursos oriundos de excesso de arrecada\u00e7\u00e3o da fonte 1546 (Transfer\u00eancias do FUNDEB \u2013 complementa\u00e7\u00e3o da Uni\u00e3o ETI), nos termos do art. 167, par\u00e1grafo 2\u00ba, da CF/1988 e legisla\u00e7\u00e3o municipal correlata.","indexacao":"","observacao":"","resultado":"","texto_original":"http://sapl.olinda.pe.leg.br/media/sapl/public/materialegislativa/2026/6630/pl_20_2026_autor_poder_executivo.pdf","data_ultima_atualizacao":"2026-04-16T12:16:27.959546-03:00","ip":"186.208.8.78","ultima_edicao":"2026-04-16T12:14:27.583747-03:00","tipo":13,"regime_tramitacao":1,"tipo_origem_externa":null,"local_origem_externa":null,"user":25,"anexadas":[],"autores":[59]}