{"headers": {"id": "ID", "ano": "Ano", "numero": "N\u00famero", "tipo__sigla": "Tipo de Mat\u00e9ria Legislativa/Sigla", "tipo__descricao": "Tipo de Mat\u00e9ria Legislativa/Descri\u00e7\u00e3o", "autoria": "Autorias", "texto_original": "Texto Original", "ementa": "Ementa"}, "results": [{"id": "1810", "ano": "2020", "numero": "1", "tipo__sigla": "PLC", "tipo__descricao": "PROJETO DE LEI COMPLEMENTAR", "autoria": "LUP\u00c9RCIO CARLOS DO NASCIMENTO", "texto_original": "http://sapl.olinda.pe.leg.br/media/sapl/public/materialegislativa/2020/1810/projeto_de_lei_complementar_01_2020_.pdf", "ementa": "\"Institui o Plano Diretor de Olinda e d\u00e1 outras Provid\u00eancias.\""}, {"id": "1811", "ano": "2020", "numero": "2", "tipo__sigla": "PLC", "tipo__descricao": "PROJETO DE LEI COMPLEMENTAR", "autoria": "LUP\u00c9RCIO CARLOS DO NASCIMENTO", "texto_original": "http://sapl.olinda.pe.leg.br/media/sapl/public/materialegislativa/2020/1811/projeto_de_lei_complementar_02.2020.pdf", "ementa": "\"Renumera os par\u00e1grafos do Art. 10 da Lei Complementar n\u00b0 044/2013, alterada pala Lei Complementar n\u00b0 052/2017 e altera o percentual da Gratifica\u00e7\u00e3o de Jornada Especial de Trabalho - JET.\""}, {"id": "1694", "ano": "2020", "numero": "6", "tipo__sigla": "PLE", "tipo__descricao": "PROJETO DE LEI DO EXECUTIVO", "autoria": "LUP\u00c9RCIO CARLOS DO NASCIMENTO", "texto_original": "http://sapl.olinda.pe.leg.br/media/sapl/public/materialegislativa/2020/1694/pl_06_2020_autor_poder_executivo.pdf", "ementa": "Altera a reda\u00e7\u00e3o dos anexos I e II da Lei n\u00b0 5.704/2010, que alterou o Plano de Cargos, Carreiras e Vencimentos - PCCV  do Magist\u00e9rio da Rede P\u00fablica Municipal e d\u00e1 outras provid\u00eancias."}, {"id": "1803", "ano": "2020", "numero": "7", "tipo__sigla": "PLE", "tipo__descricao": "PROJETO DE LEI DO EXECUTIVO", "autoria": "LUP\u00c9RCIO CARLOS DO NASCIMENTO", "texto_original": "http://sapl.olinda.pe.leg.br/media/sapl/public/materialegislativa/2020/1803/pl_07_2020_autor_poder_executivo.pdf", "ementa": "\"Reajusta no percentual de 20% (vinte por cento) os valores das gratifica\u00e7\u00f5es constantes no Anexo \u00d9nico da Lei Municipal n\u00b0 5.900/2014 e d\u00e1 outra provid\u00eancias\""}, {"id": "1804", "ano": "2020", "numero": "8", "tipo__sigla": "PLE", "tipo__descricao": "PROJETO DE LEI DO EXECUTIVO", "autoria": "LUP\u00c9RCIO CARLOS DO NASCIMENTO", "texto_original": "http://sapl.olinda.pe.leg.br/media/sapl/public/materialegislativa/2020/1804/pl_08_2020_autor_poder_executivo.pdf", "ementa": "\"Define o piso salarial dos Agentes Comunit\u00e1rios de Sa\u00fade (ACS's) e dos Agentes de Combate as Endemias (ACE's) e d\u00e1 outras provid\u00eancias.\""}, {"id": "1806", "ano": "2020", "numero": "9", "tipo__sigla": "PLE", "tipo__descricao": "PROJETO DE LEI DO EXECUTIVO", "autoria": "LUP\u00c9RCIO CARLOS DO NASCIMENTO", "texto_original": "http://sapl.olinda.pe.leg.br/media/sapl/public/materialegislativa/2020/1806/pl_09_2020_autor_poder_executivo.pdf", "ementa": "\"Disp\u00f5e sobre o reajuste dos vencimentos b\u00e1sicos dos professores do quadro efetivo do Poder Executivo.\""}, {"id": "1807", "ano": "2020", "numero": "10", "tipo__sigla": "PLE", "tipo__descricao": "PROJETO DE LEI DO EXECUTIVO", "autoria": "LUP\u00c9RCIO CARLOS DO NASCIMENTO", "texto_original": "http://sapl.olinda.pe.leg.br/media/sapl/public/materialegislativa/2020/1807/pl_10_2020_autor_poder_executivo.pdf", "ementa": "\"Fixa o valor da Gratifica\u00e7\u00e3o de Exerc\u00edcio de Atividade de Fiscaliza\u00e7\u00e3o - GEAF, prevista na Lei n\u00b0 5.998/2017.\""}, {"id": "1808", "ano": "2020", "numero": "11", "tipo__sigla": "PLE", "tipo__descricao": "PROJETO DE LEI DO EXECUTIVO", "autoria": "LUP\u00c9RCIO CARLOS DO NASCIMENTO", "texto_original": "http://sapl.olinda.pe.leg.br/media/sapl/public/materialegislativa/2020/1808/pl_11_2020_autor_poder_executivo.pdf", "ementa": "\"Disp\u00f5e sobre o reajuste dos servidores p\u00fablicos Municipais do Poder Executivo regidos pelas Leis n\u00b0 5.615/2008 e n\u00b0 5.583/2007 e pela Lei Complementar n \u00b0 51/2018 e d\u00e1 outras provid\u00eancias.\""}, {"id": "1809", "ano": "2020", "numero": "12", "tipo__sigla": "PLE", "tipo__descricao": "PROJETO DE LEI DO EXECUTIVO", "autoria": "LUP\u00c9RCIO CARLOS DO NASCIMENTO", "texto_original": "http://sapl.olinda.pe.leg.br/media/sapl/public/materialegislativa/2020/1809/pl_12_2020_autor_poder_executivo.pdf", "ementa": "\"Disp\u00f5e sobre a cria\u00e7\u00e3o do terceiro Conselho Tutelar do Munic\u00edpio de Olinda, e d\u00e1 outras Provid\u00eancias.\""}, {"id": "1914", "ano": "2020", "numero": "13", "tipo__sigla": "PLE", "tipo__descricao": "PROJETO DE LEI DO EXECUTIVO", "autoria": "LUP\u00c9RCIO CARLOS DO NASCIMENTO", "texto_original": "http://sapl.olinda.pe.leg.br/media/", "ementa": "\"Institui medidas financeiras de refor\u00e7o \u00e0 Secret\u00e1ria Municipal de Sa\u00fade e outros org\u00e3os da administra\u00e7\u00e3o municipal no combate \u00e0 pandemia do novo corona v\u00edrus (COVID-19) e d\u00e1 outras provid\u00eancias.\""}, {"id": "1915", "ano": "2020", "numero": "14", "tipo__sigla": "PLE", "tipo__descricao": "PROJETO DE LEI DO EXECUTIVO", "autoria": "LUP\u00c9RCIO CARLOS DO NASCIMENTO", "texto_original": "http://sapl.olinda.pe.leg.br/media/sapl/public/materialegislativa/2020/1915/pl_14_2020_autor_poder_executivo.pdf", "ementa": "\"Altera a Lei Municipal n\u00ba 5.505/2006, ampliando de forma excepcional o prazo de vida \u00fatil dos ve\u00edculos de t\u00e1xis municipais, em raz\u00e3o da COVID-19, e d\u00e1 outras provid\u00eancias.\""}, {"id": "2116", "ano": "2020", "numero": "15", "tipo__sigla": "PLE", "tipo__descricao": "PROJETO DE LEI DO EXECUTIVO", "autoria": "LUP\u00c9RCIO CARLOS DO NASCIMENTO", "texto_original": "http://sapl.olinda.pe.leg.br/media/", "ementa": "\" Estabelece as Diretrizes Or\u00e7ament\u00e1ria para o exerc\u00edcio de 2021 e d\u00e1 outras provid\u00eancias. \""}, {"id": "2117", "ano": "2020", "numero": "17", "tipo__sigla": "PLE", "tipo__descricao": "PROJETO DE LEI DO EXECUTIVO", "autoria": "LUP\u00c9RCIO CARLOS DO NASCIMENTO", "texto_original": "http://sapl.olinda.pe.leg.br/media/", "ementa": "\" Estabelece as Diretrizes Or\u00e7ament\u00e1ria para o exerc\u00edcio de 2021 e d\u00e1 outras provid\u00eancias. \""}, {"id": "2120", "ano": "2020", "numero": "25", "tipo__sigla": "PLE", "tipo__descricao": "PROJETO DE LEI DO EXECUTIVO", "autoria": "LUP\u00c9RCIO CARLOS DO NASCIMENTO", "texto_original": "http://sapl.olinda.pe.leg.br/media/sapl/public/materialegislativa/2020/2120/pl_25_autor_poder_executivo.pdf", "ementa": "\" Institui o Programa de Escola de tempo Integral na Rede Municipal, estabelece suas diretrizes e d\u00e1 outras provid\u00eancias.\""}, {"id": "2129", "ano": "2020", "numero": "28", "tipo__sigla": "PLE", "tipo__descricao": "PROJETO DE LEI DO EXECUTIVO", "autoria": "LUP\u00c9RCIO CARLOS DO NASCIMENTO", "texto_original": "http://sapl.olinda.pe.leg.br/media/", "ementa": "\"Revisa o Plano Plurianual 2018/2021, para execu\u00e7\u00e3o da parcela anual de 2021 e d\u00e1 outras provid\u00eancias. \""}, {"id": "2130", "ano": "2020", "numero": "29", "tipo__sigla": "PLE", "tipo__descricao": "PROJETO DE LEI DO EXECUTIVO", "autoria": "LUP\u00c9RCIO CARLOS DO NASCIMENTO", "texto_original": "http://sapl.olinda.pe.leg.br/media/", "ementa": "\"Estima a RECEITA e fixa a DESPESA do Munic\u00edpio para o Exerc\u00edcio financeiro de 2021.\""}, {"id": "1548", "ano": "2020", "numero": "1", "tipo__sigla": "PLO", "tipo__descricao": "PROJETO DE LEI ORDIN\u00c1RIA", "autoria": "08 - Neto da Beira Rio", "texto_original": "http://sapl.olinda.pe.leg.br/media/", "ementa": "Institui , no \u00e2mbito do munic\u00edpio de Olinda a n\u00e3o participa\u00e7\u00e3o em contratos ligados ao munic\u00edpio de Olinda para condenados em processos referentes \u00e0 viol\u00eancia contra a mulher."}, {"id": "1569", "ano": "2020", "numero": "2", "tipo__sigla": "PLO", "tipo__descricao": "PROJETO DE LEI ORDIN\u00c1RIA", "autoria": "07 - JESU\u00cdNO ARA\u00daJO", "texto_original": "http://sapl.olinda.pe.leg.br/media/", "ementa": "Disp\u00f5e sobre a obrigatoriedade de card\u00e1pio em Braille nos estabelecimentos aliment\u00edcios do Munic\u00edpio de Olinda."}, {"id": "1573", "ano": "2020", "numero": "3", "tipo__sigla": "PLO", "tipo__descricao": "PROJETO DE LEI ORDIN\u00c1RIA", "autoria": "17 - VLADEMIR LABANCA", "texto_original": "http://sapl.olinda.pe.leg.br/media/", "ementa": "\"Obriga bares ,casas noturnas, restaurantes, lojas de conveni\u00eancias e produtoras de eventos culturais a adotar medidas de aux\u00edlio \u00e0 mulher que se sinta em situa\u00e7\u00e3o de risco.\""}, {"id": "1614", "ano": "2020", "numero": "4", "tipo__sigla": "PLO", "tipo__descricao": "PROJETO DE LEI ORDIN\u00c1RIA", "autoria": "Edmilson Fernandes", "texto_original": "http://sapl.olinda.pe.leg.br/media/", "ementa": "Que obriga ao Prefeito da Cidade de Olinda, a implanta\u00e7\u00e3o de uma comiss\u00e3o para medidas preventivas ao combate ao Corona V\u00edrus, buscando atrav\u00e9s do governo Federal e Estadual, equipamentos, medicamentos e materiais para a divulga\u00e7\u00e3o do problema."}, {"id": "1650", "ano": "2020", "numero": "5", "tipo__sigla": "PLO", "tipo__descricao": "PROJETO DE LEI ORDIN\u00c1RIA", "autoria": "11 - M\u00c1RCIO BARBOSA", "texto_original": "http://sapl.olinda.pe.leg.br/media/", "ementa": "Fixa o subs\u00eddio do Prefeito, do Vice-Prefeito, dos Secret\u00e1rios e Vereadores, no \u00e2mbito do Munic\u00edpio e d\u00e1 outras provid\u00eancias."}, {"id": "1707", "ano": "2020", "numero": "6", "tipo__sigla": "PLO", "tipo__descricao": "PROJETO DE LEI ORDIN\u00c1RIA", "autoria": "LUP\u00c9RCIO CARLOS DO NASCIMENTO", "texto_original": "http://sapl.olinda.pe.leg.br/media/", "ementa": "Projeto de Lei n\u00ba 06/2020\r\nAutor: Poder Executivo \r\nEmenta: Altera a reda\u00e7\u00e3o dos anexos I e II da Lei n\u00ba 5704/2010 , que alterou o Plano de Cargos, Carreiras e Vencimentos \u2013 PCCV do Magist\u00e9rio da Rede P\u00fablica Municipal e d\u00e1 outras provid\u00eancias."}, {"id": "2108", "ano": "2020", "numero": "15", "tipo__sigla": "PLO", "tipo__descricao": "PROJETO DE LEI ORDIN\u00c1RIA", "autoria": "07 - JESU\u00cdNO ARA\u00daJO", "texto_original": "http://sapl.olinda.pe.leg.br/media/", "ementa": "\" Disp\u00f5e sobre a suspens\u00e3o do corte de \u00e1gua e de energia el\u00e9trica no Munic\u00edpio de Olinda, durante o per\u00edodo de 120 dias. \""}, {"id": "2109", "ano": "2020", "numero": "16", "tipo__sigla": "PLO", "tipo__descricao": "PROJETO DE LEI ORDIN\u00c1RIA", "autoria": "Jorge Federal", "texto_original": "http://sapl.olinda.pe.leg.br/media/sapl/public/materialegislativa/2020/2109/pl_16_2020_autor_jorge_federal.pdf", "ementa": "\"Altera a denomina\u00e7\u00e3o do C\u00f3rrego da Laranjeira, a partir do n\u00b0 621 at\u00e9 o n\u00b01301 no Alto da Conquista, Olinda-PE para a \u201cRua da Laranjeira\u201d. \""}, {"id": "2110", "ano": "2020", "numero": "18", "tipo__sigla": "PLO", "tipo__descricao": "PROJETO DE LEI ORDIN\u00c1RIA", "autoria": "07 - JESU\u00cdNO ARA\u00daJO", "texto_original": "http://sapl.olinda.pe.leg.br/media/sapl/public/materialegislativa/2020/2110/pl_18_2020_ver_jesuino_araujo.pdf", "ementa": "\" Institui no Munic\u00edpio de Olinda a cria\u00e7\u00e3o de uma equipe, vinculada \u00e0 Prefeitura, denominada Brigada Ambiental da Cidade de Olinda. \""}, {"id": "2111", "ano": "2020", "numero": "19", "tipo__sigla": "PLO", "tipo__descricao": "PROJETO DE LEI ORDIN\u00c1RIA", "autoria": "Alg\u00e9rio a Nossa Voz", "texto_original": "http://sapl.olinda.pe.leg.br/media/sapl/public/materialegislativa/2020/2111/pl_19_2020_autor_ver_algerio.pdf", "ementa": "\" Institui no Munic\u00edpio de Olinda a cria\u00e7\u00e3o de uma equipe, vinculada \u00e0 Prefeitura, denominada Brigada Ambiental da Cidade de Olinda.\""}, {"id": "2112", "ano": "2020", "numero": "20", "tipo__sigla": "PLO", "tipo__descricao": "PROJETO DE LEI ORDIN\u00c1RIA", "autoria": "02 - DENISE ALMEIDA", "texto_original": "http://sapl.olinda.pe.leg.br/media/sapl/public/materialegislativa/2020/2112/pl_20_2020_vera_denise_almeida.pdf", "ementa": "\" Dispensa a exig\u00eancia de alvar\u00e1 para instala\u00e7\u00e3o e funcionamento de templos religiosos de qualquer natureza, no \u00e2mbito do munic\u00edpio de Olinda, nos termos al\u00ednea b do inciso VI do art. 150 da Constitui\u00e7\u00e3o Federal.\""}, {"id": "2113", "ano": "2020", "numero": "21", "tipo__sigla": "PLO", "tipo__descricao": "PROJETO DE LEI ORDIN\u00c1RIA", "autoria": "16 - BIAI", "texto_original": "http://sapl.olinda.pe.leg.br/media/sapl/public/materialegislativa/2020/2113/pl_21_2020_autor_ver_biai.pdf", "ementa": "\" Autoriza  a Prefeitura Municipal de Olinda inserir no carn\u00ea do IPTU, mensagem educativa sobre a coleta de lixo. \""}, {"id": "2107", "ano": "2020", "numero": "22", "tipo__sigla": "PLO", "tipo__descricao": "PROJETO DE LEI ORDIN\u00c1RIA", "autoria": "17 - VLADEMIR LABANCA", "texto_original": "http://sapl.olinda.pe.leg.br/media/sapl/public/materialegislativa/2020/2107/pl_22_2020_autor_vlademir_labanca.pdf", "ementa": "\" Concede isen\u00e7\u00e3o parcial do IPTU aos aposentado ou pensionista  da Previd\u00eancia Social.\""}, {"id": "2118", "ano": "2020", "numero": "23", "tipo__sigla": "PLO", "tipo__descricao": "PROJETO DE LEI ORDIN\u00c1RIA", "autoria": "16 - BIAI", "texto_original": "http://sapl.olinda.pe.leg.br/media/sapl/public/materialegislativa/2020/2118/pl_23_2020_autor_biai.pdf", "ementa": "\" Denomina-se Pra\u00e7a Dom Helder C\u00e2mara, a \u00e1rea p\u00fablica em frente a Capela Divino Espirito Santo, na Av. Rosa Silvestre, INOCOOP,  no  Bairro de Jardim Atl\u00e2ntico, no Munic\u00edpio de Olinda-PE;\""}, {"id": "2119", "ano": "2020", "numero": "24", "tipo__sigla": "PLO", "tipo__descricao": "PROJETO DE LEI ORDIN\u00c1RIA", "autoria": "16 - BIAI", "texto_original": "http://sapl.olinda.pe.leg.br/media/sapl/public/materialegislativa/2020/2119/pl_24_2020_autor_biai.pdf", "ementa": "\" Inserir o Santu\u00e1rio M\u00e3e Rainha no conjunto de pontos Tur\u00edsticos Religiosos;\""}, {"id": "2128", "ano": "2020", "numero": "26", "tipo__sigla": "PLO", "tipo__descricao": "PROJETO DE LEI ORDIN\u00c1RIA", "autoria": "Marcelo Soares", "texto_original": "http://sapl.olinda.pe.leg.br/media/sapl/public/materialegislativa/2020/2128/pl_26_2020_autor_marcelo_soares.pdf", "ementa": "\"Denomina de Avenida Geraldo Luciano da Silva a atual Avenida \"D\", na IV Etapa de Rio Doce, no Munic\u00edpio de Olinda;\""}, {"id": "2435", "ano": "2020", "numero": "30", "tipo__sigla": "PLO", "tipo__descricao": "PROJETO DE LEI ORDIN\u00c1RIA", "autoria": "Mesa Diretora", "texto_original": "http://sapl.olinda.pe.leg.br/media/", "ementa": "Fixa o subs\u00eddio dos Vereadores para a Legislatura 2021 a 2024, no \u00e2mbito do Munic\u00edpio."}, {"id": "1554", "ano": "2020", "numero": "1", "tipo__sigla": "PRES", "tipo__descricao": "PROJETO DE RESOLU\u00c7\u00c3O", "autoria": "16 - BIAI", "texto_original": "http://sapl.olinda.pe.leg.br/media/", "ementa": "Concede T\u00edtulo de Cidad\u00e3o de Olinda ao Sr. Jo\u00e3o Victor de Amorim Freitas."}, {"id": "1553", "ano": "2020", "numero": "2", "tipo__sigla": "PRES", "tipo__descricao": "PROJETO DE RESOLU\u00c7\u00c3O", "autoria": "07 - JESU\u00cdNO ARA\u00daJO", "texto_original": "http://sapl.olinda.pe.leg.br/media/", "ementa": "Concede T\u00edtulo de Cidad\u00e3o de Olinda ao Sr. K\u00e9zio Dantas de Ara\u00fajo (\u201cKelvis Duran\u201d)"}, {"id": "1622", "ano": "2020", "numero": "3", "tipo__sigla": "PRES", "tipo__descricao": "PROJETO DE RESOLU\u00c7\u00c3O", "autoria": "17 - VLADEMIR LABANCA", "texto_original": "http://sapl.olinda.pe.leg.br/media/", "ementa": "Concede o T\u00edtulo de Cidad\u00e3o de Olinda ao Sr. Jos\u00e9 Michiles da Silva (Jota Michiles)."}, {"id": "1651", "ano": "2020", "numero": "4", "tipo__sigla": "PRES", "tipo__descricao": "PROJETO DE RESOLU\u00c7\u00c3O", "autoria": "15 - SAULO HOLANDA", "texto_original": "http://sapl.olinda.pe.leg.br/media/", "ementa": "Concede t\u00edtulo de Cidad\u00e3o honor\u00e1rio do Munic\u00edpio de Olinda ao Sr. Jos\u00e9 Eriberto Medeiros , Deputado Estadual de Pernambuco;"}, {"id": "1697", "ano": "2020", "numero": "5", "tipo__sigla": "PRES", "tipo__descricao": "PROJETO DE RESOLU\u00c7\u00c3O", "autoria": "02 - DENISE ALMEIDA", "texto_original": "http://sapl.olinda.pe.leg.br/media/", "ementa": "Concede o diploma Eliete Leite a Sra. L\u00facia Helena Salgueiro, Capit\u00e3 da PM Pernambuco"}, {"id": "1698", "ano": "2020", "numero": "6", "tipo__sigla": "PRES", "tipo__descricao": "PROJETO DE RESOLU\u00c7\u00c3O", "autoria": "02 - DENISE ALMEIDA", "texto_original": "http://sapl.olinda.pe.leg.br/media/", "ementa": "Concede o diploma Eliete Leite a Sra. Marilda Ferreira de Melo, Professora"}, {"id": "1699", "ano": "2020", "numero": "7", "tipo__sigla": "PRES", "tipo__descricao": "PROJETO DE RESOLU\u00c7\u00c3O", "autoria": "02 - DENISE ALMEIDA", "texto_original": "http://sapl.olinda.pe.leg.br/media/", "ementa": "Concede o diploma Eliete Leite a Sra. \u00c2ngela Dantas Lira, Engenheira Civil"}, {"id": "1708", "ano": "2020", "numero": "8", "tipo__sigla": "PRES", "tipo__descricao": "PROJETO DE RESOLU\u00c7\u00c3O", "autoria": "07 - JESU\u00cdNO ARA\u00daJO", "texto_original": "http://sapl.olinda.pe.leg.br/media/", "ementa": "Concede o diploma Eliete Leite a Sra. Edna L\u00eddia Lyra de Vasconcelos"}, {"id": "1709", "ano": "2020", "numero": "9", "tipo__sigla": "PRES", "tipo__descricao": "PROJETO DE RESOLU\u00c7\u00c3O", "autoria": "07 - JESU\u00cdNO ARA\u00daJO", "texto_original": "http://sapl.olinda.pe.leg.br/media/", "ementa": "Concede o diploma Eliete Leite a Sra. M\u00e1rcia Luiz da Silva;"}, {"id": "1710", "ano": "2020", "numero": "10", "tipo__sigla": "PRES", "tipo__descricao": "PROJETO DE RESOLU\u00c7\u00c3O", "autoria": "07 - JESU\u00cdNO ARA\u00daJO", "texto_original": "http://sapl.olinda.pe.leg.br/media/", "ementa": "Concede o diploma Eliete Leite a Sra. Maria Auxiliadora Porto da Silva"}, {"id": "1711", "ano": "2020", "numero": "11", "tipo__sigla": "PRES", "tipo__descricao": "PROJETO DE RESOLU\u00c7\u00c3O", "autoria": "08 - Neto da Beira Rio", "texto_original": "http://sapl.olinda.pe.leg.br/media/", "ementa": "Concede o diploma Eliete Leite a Sra. Erika Concei\u00e7\u00e3o Souza Siqueira"}, {"id": "1712", "ano": "2020", "numero": "12", "tipo__sigla": "PRES", "tipo__descricao": "PROJETO DE RESOLU\u00c7\u00c3O", "autoria": "08 - Neto da Beira Rio", "texto_original": "http://sapl.olinda.pe.leg.br/media/", "ementa": "Concede o diploma Eliete Leite a Sra. Maria da Concei\u00e7\u00e3o Vila Nova Pimentel de Moraes;"}, {"id": "1713", "ano": "2020", "numero": "13", "tipo__sigla": "PRES", "tipo__descricao": "PROJETO DE RESOLU\u00c7\u00c3O", "autoria": "08 - Neto da Beira Rio", "texto_original": "http://sapl.olinda.pe.leg.br/media/", "ementa": "Concede o diploma Eliete Leite a Sra. Maria Nazar\u00e9 da Silva Nogueira."}, {"id": "1718", "ano": "2020", "numero": "14", "tipo__sigla": "PRES", "tipo__descricao": "PROJETO DE RESOLU\u00c7\u00c3O", "autoria": "Gra\u00e7as Fonseca", "texto_original": "http://sapl.olinda.pe.leg.br/media/", "ementa": "Concede o diploma Eliete Leite a Sra. Maria do Carmo Lobo Silva."}, {"id": "1729", "ano": "2020", "numero": "15", "tipo__sigla": "PRES", "tipo__descricao": "PROJETO DE RESOLU\u00c7\u00c3O", "autoria": "10 - PROFESSOR MARCELO", "texto_original": "http://sapl.olinda.pe.leg.br/media/", "ementa": "Concede o diploma Eliete Leite a Sra. Edna Maria e Silva Santos Lima;"}, {"id": "1730", "ano": "2020", "numero": "16", "tipo__sigla": "PRES", "tipo__descricao": "PROJETO DE RESOLU\u00c7\u00c3O", "autoria": "10 - PROFESSOR MARCELO", "texto_original": "http://sapl.olinda.pe.leg.br/media/", "ementa": "Concede o diploma Eliete Leite a Sra.Alice Luiza Vasconcelos Toscano de Brito Melo"}, {"id": "1731", "ano": "2020", "numero": "17", "tipo__sigla": "PRES", "tipo__descricao": "PROJETO DE RESOLU\u00c7\u00c3O", "autoria": "10 - PROFESSOR MARCELO", "texto_original": "http://sapl.olinda.pe.leg.br/media/", "ementa": "Concede o diploma Eliete Leite a Sra. Silvania Pereira da Silva;"}, {"id": "1732", "ano": "2020", "numero": "18", "tipo__sigla": "PRES", "tipo__descricao": "PROJETO DE RESOLU\u00c7\u00c3O", "autoria": "Jorge Federal", "texto_original": "http://sapl.olinda.pe.leg.br/media/", "ementa": "Concede o diploma Eliete Leite a Sra. Carla Eduarda Celestino da Luz;"}, {"id": "1733", "ano": "2020", "numero": "19", "tipo__sigla": "PRES", "tipo__descricao": "PROJETO DE RESOLU\u00c7\u00c3O", "autoria": "Jorge Federal", "texto_original": "http://sapl.olinda.pe.leg.br/media/", "ementa": "Concede o diploma Eliete Leite a Sra. Bianka Cavalcanti de Carvalho."}, {"id": "1734", "ano": "2020", "numero": "20", "tipo__sigla": "PRES", "tipo__descricao": "PROJETO DE RESOLU\u00c7\u00c3O", "autoria": "Jorge Federal", "texto_original": "http://sapl.olinda.pe.leg.br/media/", "ementa": "Concede o diploma Eliete Leite a Sra.Tatiana Raquel da Silva Moura."}, {"id": "1736", "ano": "2020", "numero": "21", "tipo__sigla": "PRES", "tipo__descricao": "PROJETO DE RESOLU\u00c7\u00c3O", "autoria": "17 - VLADEMIR LABANCA", "texto_original": "http://sapl.olinda.pe.leg.br/media/", "ementa": "Concede o diploma Eliete Leite a Sra. Maria Quit\u00e9ria Gomes da Silva;"}, {"id": "1737", "ano": "2020", "numero": "22", "tipo__sigla": "PRES", "tipo__descricao": "PROJETO DE RESOLU\u00c7\u00c3O", "autoria": "17 - VLADEMIR LABANCA", "texto_original": "http://sapl.olinda.pe.leg.br/media/", "ementa": "Concede o diploma Eliete Leite a Sra. Aurenice de Souza Santos e Lima"}, {"id": "1738", "ano": "2020", "numero": "23", "tipo__sigla": "PRES", "tipo__descricao": "PROJETO DE RESOLU\u00c7\u00c3O", "autoria": "17 - VLADEMIR LABANCA", "texto_original": "http://sapl.olinda.pe.leg.br/media/", "ementa": "Concede o diploma Eliete Leite a Sra. Maria Anunciada Silva Santana Vieira"}, {"id": "1748", "ano": "2020", "numero": "24", "tipo__sigla": "PRES", "tipo__descricao": "PROJETO DE RESOLU\u00c7\u00c3O", "autoria": "16 - BIAI", "texto_original": "http://sapl.olinda.pe.leg.br/media/", "ementa": "Concede o diploma Eliete Leite a Sra. Maria Luciene Nunes Cavalcante;"}, {"id": "1749", "ano": "2020", "numero": "25", "tipo__sigla": "PRES", "tipo__descricao": "PROJETO DE RESOLU\u00c7\u00c3O", "autoria": "16 - BIAI", "texto_original": "http://sapl.olinda.pe.leg.br/media/", "ementa": "Concede o diploma Eliete Leite a Sra. Maria Carolina Buarque Bernardes"}, {"id": "1750", "ano": "2020", "numero": "26", "tipo__sigla": "PRES", "tipo__descricao": "PROJETO DE RESOLU\u00c7\u00c3O", "autoria": "16 - BIAI", "texto_original": "http://sapl.olinda.pe.leg.br/media/", "ementa": "Concede o diploma Eliete Leite a Sra. Ivanilda Silva de Almeida;"}, {"id": "1766", "ano": "2020", "numero": "27", "tipo__sigla": "PRES", "tipo__descricao": "PROJETO DE RESOLU\u00c7\u00c3O", "autoria": "Marcelo Soares", "texto_original": "http://sapl.olinda.pe.leg.br/media/", "ementa": "Concede o diploma Eliete Leite a Sra. Joanna Camargo Pessoa Duarte"}, {"id": "1767", "ano": "2020", "numero": "28", "tipo__sigla": "PRES", "tipo__descricao": "PROJETO DE RESOLU\u00c7\u00c3O", "autoria": "Marcelo Soares", "texto_original": "http://sapl.olinda.pe.leg.br/media/", "ementa": "Concede o diploma Eliete Leite a Sra. Ivone Chalu Pacheco"}, {"id": "1768", "ano": "2020", "numero": "29", "tipo__sigla": "PRES", "tipo__descricao": "PROJETO DE RESOLU\u00c7\u00c3O", "autoria": "14 - RICARDO SOUSA", "texto_original": "http://sapl.olinda.pe.leg.br/media/", "ementa": "Concede o diploma Eliete Leite a Sra.  In\u00eas de Moura Ten\u00f3rio"}, {"id": "1769", "ano": "2020", "numero": "30", "tipo__sigla": "PRES", "tipo__descricao": "PROJETO DE RESOLU\u00c7\u00c3O", "autoria": "14 - RICARDO SOUSA", "texto_original": "http://sapl.olinda.pe.leg.br/media/", "ementa": "Concede o diploma Eliete Leite a Sra. Josineide Siqueira Ferraz"}, {"id": "1770", "ano": "2020", "numero": "31", "tipo__sigla": "PRES", "tipo__descricao": "PROJETO DE RESOLU\u00c7\u00c3O", "autoria": "14 - RICARDO SOUSA", "texto_original": "http://sapl.olinda.pe.leg.br/media/", "ementa": "Concede o diploma Eliete Leite a Sra. Ana L\u00facia do Pastoril Estrela de Bel\u00e9m ."}, {"id": "1784", "ano": "2020", "numero": "32", "tipo__sigla": "PRES", "tipo__descricao": "PROJETO DE RESOLU\u00c7\u00c3O", "autoria": "Alg\u00e9rio a Nossa Voz", "texto_original": "http://sapl.olinda.pe.leg.br/media/", "ementa": "Concede o diploma Eliete Leite a Sra. K\u00e1tia Roberta Sena Luna;"}, {"id": "1785", "ano": "2020", "numero": "33", "tipo__sigla": "PRES", "tipo__descricao": "PROJETO DE RESOLU\u00c7\u00c3O", "autoria": "Alg\u00e9rio a Nossa Voz", "texto_original": "http://sapl.olinda.pe.leg.br/media/", "ementa": "Concede o diploma Eliete Leite a Sra. Severina Concei\u00e7\u00e3o da Silva;"}, {"id": "1786", "ano": "2020", "numero": "34", "tipo__sigla": "PRES", "tipo__descricao": "PROJETO DE RESOLU\u00c7\u00c3O", "autoria": "Alg\u00e9rio a Nossa Voz", "texto_original": "http://sapl.olinda.pe.leg.br/media/", "ementa": "Concede o diploma Eliete Leite a Sra. Mariana Le\u00e3o"}, {"id": "1787", "ano": "2020", "numero": "37", "tipo__sigla": "PRES", "tipo__descricao": "PROJETO DE RESOLU\u00c7\u00c3O", "autoria": "02 - Irm\u00e3o Bi\u00e1", "texto_original": "http://sapl.olinda.pe.leg.br/media/", "ementa": "Concede o T\u00edtulo de Cidad\u00e3 Olindense a Senhora Ana Paula Pessoa da Silva Cabral;"}, {"id": "1788", "ano": "2020", "numero": "38", "tipo__sigla": "PRES", "tipo__descricao": "PROJETO DE RESOLU\u00c7\u00c3O", "autoria": "02 - Irm\u00e3o Bi\u00e1", "texto_original": "http://sapl.olinda.pe.leg.br/media/", "ementa": "Concede o T\u00edtulo de Cidad\u00e3o Olindense ao Senhor Ricardo Luiz de Lima."}, {"id": "2264", "ano": "2020", "numero": "43", "tipo__sigla": "PRES", "tipo__descricao": "PROJETO DE RESOLU\u00c7\u00c3O", "autoria": "07 - JESU\u00cdNO ARA\u00daJO", "texto_original": "http://sapl.olinda.pe.leg.br/media/", "ementa": "Concede Titulo de CIDAD\u00c3O DE OLINDA  ao Senhor Luiz Gonzaga Patriota (Deputado Federal);"}, {"id": "1530", "ano": "2020", "numero": "1", "tipo__sigla": "REQ", "tipo__descricao": "REQUERIMENTO", "autoria": "08 - Neto da Beira Rio", "texto_original": "http://sapl.olinda.pe.leg.br/media/", "ementa": "Requer a cria\u00e7\u00e3o de uma comiss\u00e3o especial/tempor\u00e1ria para cria\u00e7\u00e3o de comiss\u00e3o especial/ tempor\u00e1ria para combate ao crack e outras drogas."}, {"id": "1531", "ano": "2020", "numero": "2", "tipo__sigla": "REQ", "tipo__descricao": "REQUERIMENTO", "autoria": "17 - VLADEMIR LABANCA", "texto_original": "http://sapl.olinda.pe.leg.br/media/", "ementa": "Requer servi\u00e7o de cal\u00e7amento da rua Ant\u00f4nio Estelita Passos em Casa Caiada, Olinda."}, {"id": "1532", "ano": "2020", "numero": "3", "tipo__sigla": "REQ", "tipo__descricao": "REQUERIMENTO", "autoria": "16 - BIAI", "texto_original": "http://sapl.olinda.pe.leg.br/media/", "ementa": "Requer provid\u00eancias com urg\u00eancia a sincroniza\u00e7\u00e3o dos sinais de tr\u00e2nsito em todos os sem\u00e1foros da cidade, no sentido de dar mais fluidez ao tr\u00e2nsito."}, {"id": "1533", "ano": "2020", "numero": "4", "tipo__sigla": "REQ", "tipo__descricao": "REQUERIMENTO", "autoria": "16 - BIAI", "texto_original": "http://sapl.olinda.pe.leg.br/media/", "ementa": "Requer, servi\u00e7o de tapa buraco da Rua Estudante Cl\u00e1udio Uch\u00f4a na 1\u00ba Etapa em Rio Doce."}, {"id": "1534", "ano": "2020", "numero": "5", "tipo__sigla": "REQ", "tipo__descricao": "REQUERIMENTO", "autoria": "16 - BIAI", "texto_original": "http://sapl.olinda.pe.leg.br/media/", "ementa": "Requer servi\u00e7o de recapeamento da Rua Fenelon \u00c1tico Leite na 1\u00ba Etapa do Bairro de Rio Doce."}, {"id": "1535", "ano": "2020", "numero": "6", "tipo__sigla": "REQ", "tipo__descricao": "REQUERIMENTO", "autoria": "16 - BIAI", "texto_original": "http://sapl.olinda.pe.leg.br/media/", "ementa": "Requer recapeamento da Avenida Brasil na 2\u00ba Etapa de Rio Doce."}, {"id": "1536", "ano": "2020", "numero": "7", "tipo__sigla": "REQ", "tipo__descricao": "REQUERIMENTO", "autoria": "16 - BIAI", "texto_original": "http://sapl.olinda.pe.leg.br/media/", "ementa": "Requer recapeamento da Rua 3 na 2\u00ba Etapa de Rio Doce."}, {"id": "1537", "ano": "2020", "numero": "8", "tipo__sigla": "REQ", "tipo__descricao": "REQUERIMENTO", "autoria": "16 - BIAI", "texto_original": "http://sapl.olinda.pe.leg.br/media/", "ementa": "Requer recapeamento da Avenida das Gar\u00e7as na 3\u00baEtapa de Rio Doce."}, {"id": "1538", "ano": "2020", "numero": "9", "tipo__sigla": "REQ", "tipo__descricao": "REQUERIMENTO", "autoria": "16 - BIAI", "texto_original": "http://sapl.olinda.pe.leg.br/media/", "ementa": "Requer, servi\u00e7o de tapa buraco da Rua 57 na 4\u00ba Etapa em Rio Doce."}, {"id": "1539", "ano": "2020", "numero": "10", "tipo__sigla": "REQ", "tipo__descricao": "REQUERIMENTO", "autoria": "16 - BIAI", "texto_original": "http://sapl.olinda.pe.leg.br/media/", "ementa": "Requer Melhoria na ilumina\u00e7\u00e3o da Pra\u00e7a Procurador Pedro Jorge no Bairro de Casa Caiada."}, {"id": "1540", "ano": "2020", "numero": "11", "tipo__sigla": "REQ", "tipo__descricao": "REQUERIMENTO", "autoria": "16 - BIAI", "texto_original": "http://sapl.olinda.pe.leg.br/media/", "ementa": "Requer Interven\u00e7\u00e3o Urgente dessa Secretaria na Rua das Flores na 2\u00ba Etapa de Rio Doce."}, {"id": "1541", "ano": "2020", "numero": "12", "tipo__sigla": "REQ", "tipo__descricao": "REQUERIMENTO", "autoria": "16 - BIAI", "texto_original": "http://sapl.olinda.pe.leg.br/media/", "ementa": "Requer recupera\u00e7\u00e3o e Manuten\u00e7\u00e3o das escadarias da praia de Rio Doce."}, {"id": "1542", "ano": "2020", "numero": "13", "tipo__sigla": "REQ", "tipo__descricao": "REQUERIMENTO", "autoria": "16 - BIAI", "texto_original": "http://sapl.olinda.pe.leg.br/media/", "ementa": "Requer recapeamento da Rua 67 na 4\u00ba Etapa de Rio Doce."}, {"id": "1543", "ano": "2020", "numero": "14", "tipo__sigla": "REQ", "tipo__descricao": "REQUERIMENTO", "autoria": "16 - BIAI", "texto_original": "http://sapl.olinda.pe.leg.br/media/", "ementa": "Requer conserto das laterais da Ponte da Avenida Frederico Lundgren na entrada do bairro de Rio Doce."}, {"id": "1544", "ano": "2020", "numero": "15", "tipo__sigla": "REQ", "tipo__descricao": "REQUERIMENTO", "autoria": "16 - BIAI", "texto_original": "http://sapl.olinda.pe.leg.br/media/", "ementa": "Requer servi\u00e7o de tapa buraco da Avenida M\u00e9xico na 2\u00ba Etapa de Rio Doce no sentido Jardim Atl\u00e2ntico como tamb\u00e9m no sentido Avenida Asa Branca."}, {"id": "1545", "ano": "2020", "numero": "16", "tipo__sigla": "REQ", "tipo__descricao": "REQUERIMENTO", "autoria": "16 - BIAI", "texto_original": "http://sapl.olinda.pe.leg.br/media/", "ementa": "Requer provid\u00eancias URGENTES, para a limpeza do canal da Avenida M\u00e9xico na 2\u00ba etapa de Rio Doce, para que seja evitado transtornos com a chegada das chuvas"}, {"id": "1546", "ano": "2020", "numero": "17", "tipo__sigla": "REQ", "tipo__descricao": "REQUERIMENTO", "autoria": "16 - BIAI", "texto_original": "http://sapl.olinda.pe.leg.br/media/", "ementa": "Requer provid\u00eancias URGENTES, para a limpeza do canal da Avenida Tiradentes na 4\u00ba etapa de Rio Doce, para que seja evitado transtornos com a chegada das chuvas."}, {"id": "1547", "ano": "2020", "numero": "18", "tipo__sigla": "REQ", "tipo__descricao": "REQUERIMENTO", "autoria": "16 - BIAI", "texto_original": "http://sapl.olinda.pe.leg.br/media/", "ementa": "Requer provid\u00eancias URGENTES, para a limpeza do canal da Avenida Colibri na 5\u00ba etapa de Rio Doce, para que seja evitado transtornos com a chegada das chuvas."}, {"id": "1549", "ano": "2020", "numero": "19", "tipo__sigla": "REQ", "tipo__descricao": "REQUERIMENTO", "autoria": "16 - BIAI", "texto_original": "http://sapl.olinda.pe.leg.br/media/", "ementa": "Requer servi\u00e7os de limpeza,capina\u00e7\u00e3o,remo\u00e7\u00e3o de lixo e requalifica\u00e7\u00e3o da ilumina\u00e7\u00e3o p\u00fablica (coloca\u00e7\u00e3o de l\u00e2mpadas brancas), da Pra\u00e7a da Rua B-15 na 1\u00aa Etapa do bairro do Rio Doce"}, {"id": "1550", "ano": "2020", "numero": "20", "tipo__sigla": "REQ", "tipo__descricao": "REQUERIMENTO", "autoria": "16 - BIAI", "texto_original": "http://sapl.olinda.pe.leg.br/media/", "ementa": "Requer servi\u00e7os de limpeza,capina\u00e7\u00e3o,remo\u00e7\u00e3o de lixo e requalifica\u00e7\u00e3o da ilumina\u00e7\u00e3o p\u00fablica (coloca\u00e7\u00e3o de l\u00e2mpadaa brancas) , da Pra\u00e7a Chico Mendes na 1\u00aa Etapa do bairro do Rio Doce"}, {"id": "1551", "ano": "2020", "numero": "21", "tipo__sigla": "REQ", "tipo__descricao": "REQUERIMENTO", "autoria": "16 - BIAI", "texto_original": "http://sapl.olinda.pe.leg.br/media/", "ementa": "Requer servi\u00e7os de ilumina\u00e7\u00e3o p\u00fablica (coloca\u00e7\u00e3o de l\u00e2mpadas brancas),da Pra\u00e7a Ulisses Guimar\u00e3es (Pra\u00e7a da Caixa D'\u00c1gua) na 1\u00aa Etapa do bairro do Rio Doce"}, {"id": "1552", "ano": "2020", "numero": "22", "tipo__sigla": "REQ", "tipo__descricao": "REQUERIMENTO", "autoria": "16 - BIAI", "texto_original": "http://sapl.olinda.pe.leg.br/media/", "ementa": "Requer servi\u00e7os de p\u00fablica (coloca\u00e7\u00e3o de l\u00e2mpadas brancas), da Pra\u00e7a da Rua AB-7 na 1\u00aa Etapa do bairro do Rio Doce"}, {"id": "1555", "ano": "2020", "numero": "23", "tipo__sigla": "REQ", "tipo__descricao": "REQUERIMENTO", "autoria": "07 - JESU\u00cdNO ARA\u00daJO", "texto_original": "http://sapl.olinda.pe.leg.br/media/", "ementa": "Requer limpeza ,pintura e conserva\u00e7\u00e3o de toda a ciclovia da Orla Mar\u00edtima de Olinda;"}, {"id": "1556", "ano": "2020", "numero": "24", "tipo__sigla": "REQ", "tipo__descricao": "REQUERIMENTO", "autoria": "07 - JESU\u00cdNO ARA\u00daJO", "texto_original": "http://sapl.olinda.pe.leg.br/media/", "ementa": "Requer troca de todas as l\u00e2mpadas de ilumina\u00e7\u00e3o p\u00fablica da Rua Professora Marly Figueiredo, CEP: 53130-310 no bairro de Casa Caiada , por l\u00e2mpadas brancas (vapor de s\u00f3dio ou met\u00e1licas);"}, {"id": "1557", "ano": "2020", "numero": "25", "tipo__sigla": "REQ", "tipo__descricao": "REQUERIMENTO", "autoria": "07 - JESU\u00cdNO ARA\u00daJO", "texto_original": "http://sapl.olinda.pe.leg.br/media/", "ementa": "Requer ao Poder Executivo que seja enviado a esta Casa Legislativa, Projeto de Lei para implanta\u00e7\u00e3o de Programa para Redu\u00e7\u00e3o Gradativa do n\u00famero de ve\u00edculos de tra\u00e7\u00e3o animal (VTAS), no munic\u00edpio de Olinda, tempo em que alvitamos modelo em anexo;"}, {"id": "1558", "ano": "2020", "numero": "26", "tipo__sigla": "REQ", "tipo__descricao": "REQUERIMENTO", "autoria": "07 - JESU\u00cdNO ARA\u00daJO", "texto_original": "http://sapl.olinda.pe.leg.br/media/", "ementa": "Requer a troca de todas as l\u00e2mpadas de ilumina\u00e7\u00e3o p\u00fablica da Rua Carlos Nigro, CEP: 53130-520 , bairro de Casa Caiada, por l\u00e2mpadas brancas (vapor de s\u00f3dio ou met\u00e1licas);"}, {"id": "1559", "ano": "2020", "numero": "27", "tipo__sigla": "REQ", "tipo__descricao": "REQUERIMENTO", "autoria": "07 - JESU\u00cdNO ARA\u00daJO", "texto_original": "http://sapl.olinda.pe.leg.br/media/", "ementa": "Requer limpeza, desobstru\u00e7\u00e3o e manuten\u00e7\u00e3o de c\u00f3rrego assoreado, na Rua Professor Milton Santos, CEP: 53140-295 no bairro de Jardim Atl\u00e2ntico;"}, {"id": "1560", "ano": "2020", "numero": "28", "tipo__sigla": "REQ", "tipo__descricao": "REQUERIMENTO", "autoria": "07 - JESU\u00cdNO ARA\u00daJO", "texto_original": "http://sapl.olinda.pe.leg.br/media/", "ementa": "Requer limpeza e desobstru\u00e7\u00e3o de todas as canaletas, em toda a extens\u00e3o , das ruas Ozias Cabral de Oliveira e Manoel Graciliano de Souza (at\u00e9 a Avenida Brasil \u2013 Rio Doce) , localizadas em Jardim Atl\u00e2ntico;"}, {"id": "1561", "ano": "2020", "numero": "29", "tipo__sigla": "REQ", "tipo__descricao": "REQUERIMENTO", "autoria": "07 - JESU\u00cdNO ARA\u00daJO", "texto_original": "http://sapl.olinda.pe.leg.br/media/", "ementa": "Requer a troca de postes de ilumina\u00e7\u00e3o p\u00fablica , danificados e oxidados,localizados na Avenida Marcos Freire em Bairro Novo, Orla Mar\u00edtima de Olinda , dos n\u00fameros 1747 ao 1871 entre os restaurantes Oishi e Capit\u00e2nia sentido Janga;"}, {"id": "1562", "ano": "2020", "numero": "30", "tipo__sigla": "REQ", "tipo__descricao": "REQUERIMENTO", "autoria": "07 - JESU\u00cdNO ARA\u00daJO", "texto_original": "http://sapl.olinda.pe.leg.br/media/", "ementa": "Requer servi\u00e7o de cal\u00e7amento /asfalto da Rua Ant\u00f4nio de Matos Peixoto Guimar\u00e3es , CEP: 53300-060 em Jardim Brasil;"}, {"id": "1563", "ano": "2020", "numero": "31", "tipo__sigla": "REQ", "tipo__descricao": "REQUERIMENTO", "autoria": "07 - JESU\u00cdNO ARA\u00daJO", "texto_original": "http://sapl.olinda.pe.leg.br/media/", "ementa": "Requer a limpeza, desobstru\u00e7\u00e3o e manuten\u00e7\u00e3o de todos os canais do munic\u00edpio, antecipando o calend\u00e1rio de chuvas."}, {"id": "1564", "ano": "2020", "numero": "32", "tipo__sigla": "REQ", "tipo__descricao": "REQUERIMENTO", "autoria": "07 - JESU\u00cdNO ARA\u00daJO", "texto_original": "http://sapl.olinda.pe.leg.br/media/", "ementa": "Requer a limpeza, desobstru\u00e7\u00e3o e manuten\u00e7\u00e3o de todas as canaletas e bueiros de todos os bairros do munic\u00edpio , antecipando o per\u00edodo das chuvas"}, {"id": "1565", "ano": "2020", "numero": "33", "tipo__sigla": "REQ", "tipo__descricao": "REQUERIMENTO", "autoria": "07 - JESU\u00cdNO ARA\u00daJO", "texto_original": "http://sapl.olinda.pe.leg.br/media/", "ementa": "Requer a cria\u00e7\u00e3o de um centro de prote\u00e7\u00e3o animal. Com contrata\u00e7\u00e3o de m\u00e9dicos veterin\u00e1rios, instala\u00e7\u00e3o de consult\u00f3rios, sala de vacinas, microchipagem dos animais atendidos (para controle/acompanhamentos) e a\u00e7\u00f5es de preven\u00e7\u00e3o de preven\u00e7\u00e3o aos animais e cl\u00ednicas veterin\u00e1rias legalmente estabelecidas para realiza\u00e7\u00e3o de cirurgias, exame de imagem, bioqu\u00edmica e mutir\u00e3o de castra\u00e7\u00e3o"}, {"id": "1566", "ano": "2020", "numero": "34", "tipo__sigla": "REQ", "tipo__descricao": "REQUERIMENTO", "autoria": "07 - JESU\u00cdNO ARA\u00daJO", "texto_original": "http://sapl.olinda.pe.leg.br/media/", "ementa": "Requer que sejam mantidos abertos, durante o per\u00edodo carnavalesco, os acessos ao bairro pelas Ruas Paulo Nunes Viana (Rua ao lado da CELPE) e Rua Epit\u00e1cio Pessoa Sobrinho para que aqueles cidad\u00e3os moradores possam ter melhor acessibilidade ao sair e ao retornar \u00e0s suas resid\u00eancias, fazendo uso do retorno \u00e0 frente dos Posto BR"}, {"id": "1567", "ano": "2020", "numero": "35", "tipo__sigla": "REQ", "tipo__descricao": "REQUERIMENTO", "autoria": "Jorge Federal", "texto_original": "http://sapl.olinda.pe.leg.br/media/", "ementa": "Requer controle efetivo dos ve\u00edculos com autoriza\u00e7\u00e3o para transitar no corredor da folia durante o per\u00edodo momesco, em Olinda."}, {"id": "1568", "ano": "2020", "numero": "36", "tipo__sigla": "REQ", "tipo__descricao": "REQUERIMENTO", "autoria": "Jorge Federal", "texto_original": "http://sapl.olinda.pe.leg.br/media/", "ementa": "MO\u00c7\u00c3O DE APELO ao governador do Estado de Pernambuco, para que junto a Secretaria de Seguran\u00e7a P\u00fablica do Estado de Pernambuco, bem como a Pol\u00edcia Militar de Pernambuco, que s\u00e3o de responsabilidades pela administra\u00e7\u00e3o das policias em todo o Estado e que trabalham visando a garantia de direito do cidad\u00e3o de bem, reforcem a seguran\u00e7a p\u00fablica no nosso munic\u00edpio durante os festejos de momo."}, {"id": "1570", "ano": "2020", "numero": "37", "tipo__sigla": "REQ", "tipo__descricao": "REQUERIMENTO", "autoria": "02 - Irm\u00e3o Bi\u00e1", "texto_original": "http://sapl.olinda.pe.leg.br/media/", "ementa": "Requer que seja providenciada a erradica\u00e7\u00e3o em car\u00e1ter de urg\u00eancia de uma \u00e1rvore na Rua da Divisa, n\u00b0 420, Alto Nova Olinda, \u00c1guas Compridas;"}, {"id": "1571", "ano": "2020", "numero": "38", "tipo__sigla": "REQ", "tipo__descricao": "REQUERIMENTO", "autoria": "02 - Irm\u00e3o Bi\u00e1", "texto_original": "http://sapl.olinda.pe.leg.br/media/", "ementa": "Requer que seja providenciado a ilumina\u00e7\u00e3o em car\u00e1ter de urg\u00eancia da rua Estrada de \u00c1guas Compridas, n\u00b0 895, 1443, 745 e 1398, Rua da Ladeira do Giz, n\u00b0 119 e 208, Rua 1\u00aa Travessa do Amanhecer, n\u00b0 98 (em frente a casa de Renata), no bairro de \u00c1guas Compridas;"}, {"id": "1572", "ano": "2020", "numero": "39", "tipo__sigla": "REQ", "tipo__descricao": "REQUERIMENTO", "autoria": "Alg\u00e9rio a Nossa Voz", "texto_original": "http://sapl.olinda.pe.leg.br/media/", "ementa": "Requer servi\u00e7o de terraplanagem da Rua da Linha (in\u00edcio do n\u00ba 3105 at\u00e9 o n\u00ba 5035) ,bairro do Alto da Bondade ."}, {"id": "1574", "ano": "2020", "numero": "40", "tipo__sigla": "REQ", "tipo__descricao": "REQUERIMENTO", "autoria": "Jorge Federal", "texto_original": "http://sapl.olinda.pe.leg.br/media/", "ementa": "Solicita os trabalhos de limpeza com remo\u00e7\u00e3o de lixo e entulhos na Rua dos Tocos no bairro do Alto da Na\u00e7\u00e3o"}, {"id": "1575", "ano": "2020", "numero": "41", "tipo__sigla": "REQ", "tipo__descricao": "REQUERIMENTO", "autoria": "07 - JESU\u00cdNO ARA\u00daJO", "texto_original": "http://sapl.olinda.pe.leg.br/media/", "ementa": "Requer a troca de todas as l\u00e2mpadas de ilumina\u00e7\u00e3o p\u00fablica da Rua Pique,Zona Rural, Cidade Tabajara , l\u00e2mpadas de vapor de s\u00f3dio ou met\u00e1licas por l\u00e2mpadas brancas;"}, {"id": "1576", "ano": "2020", "numero": "42", "tipo__sigla": "REQ", "tipo__descricao": "REQUERIMENTO", "autoria": "07 - JESU\u00cdNO ARA\u00daJO", "texto_original": "http://sapl.olinda.pe.leg.br/media/", "ementa": "Requer que seja votado, o Projeto de Lei que trata do reajuste salarial/2020, para os professores do munic\u00edpio de Olinda"}, {"id": "1577", "ano": "2020", "numero": "43", "tipo__sigla": "REQ", "tipo__descricao": "REQUERIMENTO", "autoria": "07 - JESU\u00cdNO ARA\u00daJO", "texto_original": "http://sapl.olinda.pe.leg.br/media/", "ementa": "Requer servi\u00e7o de cal\u00e7amento /asfalto das Ruas Avenida Ac\u00e1cias/Rio Doce,Rua do Girassol/Rio Doce,Rua das Papoulas/Rio Doce, Ruas das Cam\u00e9lias/Rio Doce, Rua Alecrim/Rio Doce, Rua do L\u00edrio/Rio Doce, Rua do Jasmim/Rio Doce."}, {"id": "1578", "ano": "2020", "numero": "44", "tipo__sigla": "REQ", "tipo__descricao": "REQUERIMENTO", "autoria": "07 - JESU\u00cdNO ARA\u00daJO", "texto_original": "http://sapl.olinda.pe.leg.br/media/", "ementa": "Requer a troca de todas as l\u00e2mpadas de ilumina\u00e7\u00e3o/p\u00fablica da Rua das Rosas, CEP: 53070-010 Rio Doce, por l\u00e2mpadas brancas (vapor de s\u00f3dio ou met\u00e1licas);"}, {"id": "1579", "ano": "2020", "numero": "45", "tipo__sigla": "REQ", "tipo__descricao": "REQUERIMENTO", "autoria": "07 - JESU\u00cdNO ARA\u00daJO", "texto_original": "http://sapl.olinda.pe.leg.br/media/", "ementa": "Requer a troca de todas as l\u00e2mpadas de ilumina\u00e7\u00e3o p\u00fablica da Rua do Jasmim, CEP: 53070-020 , Rio Doce, por l\u00e2mpadas brancas (vapor de s\u00f3dio ou met\u00e1licas);"}, {"id": "1580", "ano": "2020", "numero": "46", "tipo__sigla": "REQ", "tipo__descricao": "REQUERIMENTO", "autoria": "07 - JESU\u00cdNO ARA\u00daJO", "texto_original": "http://sapl.olinda.pe.leg.br/media/", "ementa": "Requer a troca de todas as l\u00e2mpadas de ilumina\u00e7\u00e3o p\u00fablica da Rua do L\u00edrio, CEP: 53070-030, Rio Doce, por l\u00e2mpadas brancas (vapor de s\u00f3dio ou met\u00e1licas);"}, {"id": "1581", "ano": "2020", "numero": "47", "tipo__sigla": "REQ", "tipo__descricao": "REQUERIMENTO", "autoria": "07 - JESU\u00cdNO ARA\u00daJO", "texto_original": "http://sapl.olinda.pe.leg.br/media/", "ementa": "Requer a troca de todas as l\u00e2mpadas de ilumina\u00e7\u00e3o p\u00fablica da Rua do Cravo, CEP: 53070-040, Rio Doce, por l\u00e2mpadas brancas (vapor de s\u00f3dio ou met\u00e1licas);"}, {"id": "1582", "ano": "2020", "numero": "48", "tipo__sigla": "REQ", "tipo__descricao": "REQUERIMENTO", "autoria": "07 - JESU\u00cdNO ARA\u00daJO", "texto_original": "http://sapl.olinda.pe.leg.br/media/", "ementa": "Requer a troca de todas as l\u00e2mpadas de ilumina\u00e7\u00e3o p\u00fablica da Rua do Alecrim, CEP: 53070-050, Rio Doce, por l\u00e2mpadas brancas (vapor de s\u00f3dio ou met\u00e1licas);"}, {"id": "1583", "ano": "2020", "numero": "49", "tipo__sigla": "REQ", "tipo__descricao": "REQUERIMENTO", "autoria": "07 - JESU\u00cdNO ARA\u00daJO", "texto_original": "http://sapl.olinda.pe.leg.br/media/", "ementa": "Requer a troca de todas as l\u00e2mpadas de ilumina\u00e7\u00e3o p\u00fablica da Rua das Carm\u00e9lias, CEP: 53070-060, Rio Doce, por l\u00e2mpadas brancas (vapor de s\u00f3dio ou met\u00e1licas);"}, {"id": "1584", "ano": "2020", "numero": "50", "tipo__sigla": "REQ", "tipo__descricao": "REQUERIMENTO", "autoria": "07 - JESU\u00cdNO ARA\u00daJO", "texto_original": "http://sapl.olinda.pe.leg.br/media/", "ementa": "Requer a troca de todas as l\u00e2mpadas de ilumina\u00e7\u00e3o p\u00fablica da Rua das Papoulas, CEP: 53070-070, Rio Doce, por l\u00e2mpadas brancas (vapor de s\u00f3dio ou met\u00e1licas);"}, {"id": "1585", "ano": "2020", "numero": "51", "tipo__sigla": "REQ", "tipo__descricao": "REQUERIMENTO", "autoria": "07 - JESU\u00cdNO ARA\u00daJO", "texto_original": "http://sapl.olinda.pe.leg.br/media/", "ementa": "Requer a troca de todas as l\u00e2mpadas de ilumina\u00e7\u00e3o p\u00fablica da Rua do Girassol, CEP: 53070-080, Rio Doce, por l\u00e2mpadas brancas (vapor de s\u00f3dio ou met\u00e1licas);"}, {"id": "1586", "ano": "2020", "numero": "52", "tipo__sigla": "REQ", "tipo__descricao": "REQUERIMENTO", "autoria": "07 - JESU\u00cdNO ARA\u00daJO", "texto_original": "http://sapl.olinda.pe.leg.br/media/", "ementa": "Requer servi\u00e7o de cal\u00e7amento/asfalto da Rua Pique na Zona Rural da Cidade Tabajara."}, {"id": "1587", "ano": "2020", "numero": "53", "tipo__sigla": "REQ", "tipo__descricao": "REQUERIMENTO", "autoria": "14 - RICARDO SOUSA", "texto_original": "http://sapl.olinda.pe.leg.br/media/", "ementa": "Requer servi\u00e7os de pavimenta\u00e7\u00e3o asf\u00e1ltica da Rua 54 na 4\u00aa Etapa em Rio Doce;"}, {"id": "1588", "ano": "2020", "numero": "54", "tipo__sigla": "REQ", "tipo__descricao": "REQUERIMENTO", "autoria": "14 - RICARDO SOUSA", "texto_original": "http://sapl.olinda.pe.leg.br/media/", "ementa": "Requer servi\u00e7o de pavimenta\u00e7\u00e3o asf\u00e1ltica da Rua 61 na 4\u00aa Etapa em Rio Doce;"}, {"id": "1589", "ano": "2020", "numero": "55", "tipo__sigla": "REQ", "tipo__descricao": "REQUERIMENTO", "autoria": "14 - RICARDO SOUSA", "texto_original": "http://sapl.olinda.pe.leg.br/media/", "ementa": "Requer que seja realizada a pavimenta\u00e7\u00e3o asf\u00e1ltica na Rua 52 , na 4\u00aa Etapa em Rio Doce;"}, {"id": "1590", "ano": "2020", "numero": "56", "tipo__sigla": "REQ", "tipo__descricao": "REQUERIMENTO", "autoria": "14 - RICARDO SOUSA", "texto_original": "http://sapl.olinda.pe.leg.br/media/", "ementa": "Requer que seja realizada a pavimenta\u00e7\u00e3o asf\u00e1stica na Rua 44, na Rua 44 na 4\u00aa Etapa em Rio Doce, para resolver problemas com diversos buracos que impossibilitam o tr\u00e2nsito de carros, motocicletas, pedestres e moradores da referida rua;"}, {"id": "1591", "ano": "2020", "numero": "57", "tipo__sigla": "REQ", "tipo__descricao": "REQUERIMENTO", "autoria": "14 - RICARDO SOUSA", "texto_original": "http://sapl.olinda.pe.leg.br/media/", "ementa": "Requer que seja realizada a pavimenta\u00e7\u00e3o asf\u00e1stica na Rua 69, na 4\u00aa Etapa em Rio Doce, para resolver problemas com diversos buracos que impossibilitam o tr\u00e2nsito de carros, motocicletas, pedestres e moradores da referida rua;"}, {"id": "1592", "ano": "2020", "numero": "58", "tipo__sigla": "REQ", "tipo__descricao": "REQUERIMENTO", "autoria": "14 - RICARDO SOUSA", "texto_original": "http://sapl.olinda.pe.leg.br/media/", "ementa": "Requer que seja realizada a pavimenta\u00e7\u00e3o asf\u00e1stica na Rua 68, na 4\u00aa Etapa em Rio Doce, para resolver problemas com diversos buracos que impossibilitam o tr\u00e2nsito de carros, motocicletas, pedestres e moradores da referida rua;"}, {"id": "1593", "ano": "2020", "numero": "59", "tipo__sigla": "REQ", "tipo__descricao": "REQUERIMENTO", "autoria": "14 - RICARDO SOUSA", "texto_original": "http://sapl.olinda.pe.leg.br/media/", "ementa": "Requer que seja realizada a pavimenta\u00e7\u00e3o asf\u00e1stica na Rua Iraci de Queiroz Moraes, na 3\u00aa Etapa em Rio Doce, para resolver problemas com diversos buracos que impossibilitam o tr\u00e2nsito de carros, motocicletas,pedestres e moradores da referida rua;"}, {"id": "1594", "ano": "2020", "numero": "60", "tipo__sigla": "REQ", "tipo__descricao": "REQUERIMENTO", "autoria": "14 - RICARDO SOUSA", "texto_original": "http://sapl.olinda.pe.leg.br/media/", "ementa": "Requer que seja realizada a pavimenta\u00e7\u00e3o asf\u00e1stica na Rua 72, na 4\u00aa Etapa em Rio Doce, para resolver problemas com diversos buracos que impossibilitam o tr\u00e2nsito de carros, motocicletas, pedestres e moradores da referida rua;"}, {"id": "1595", "ano": "2020", "numero": "61", "tipo__sigla": "REQ", "tipo__descricao": "REQUERIMENTO", "autoria": "14 - RICARDO SOUSA", "texto_original": "http://sapl.olinda.pe.leg.br/media/", "ementa": "Requer que seja realizada a pavimenta\u00e7\u00e3o asf\u00e1stica na Rua do Dend\u00ea, na 3\u00aa Etapa em Rio Doce, para resolver problemas com diversos buracos que impossibilitam o tr\u00e2nsito de carros, motocicletas,pedestres e moradores da referida rua;"}, {"id": "1596", "ano": "2020", "numero": "62", "tipo__sigla": "REQ", "tipo__descricao": "REQUERIMENTO", "autoria": "14 - RICARDO SOUSA", "texto_original": "http://sapl.olinda.pe.leg.br/media/", "ementa": "Requer que seja realizada a pavimenta\u00e7\u00e3o asf\u00e1stica na Rua 58, na 4\u00aa Etapa em Rio Doce, para resolver problemas com diversos buracos que impossibilitam o tr\u00e2nsito de carros, motocicletas, pedestres e moradores da referida rua;"}, {"id": "1597", "ano": "2020", "numero": "63", "tipo__sigla": "REQ", "tipo__descricao": "REQUERIMENTO", "autoria": "14 - RICARDO SOUSA", "texto_original": "http://sapl.olinda.pe.leg.br/media/", "ementa": "Requer que seja realizada a pavimenta\u00e7\u00e3o asf\u00e1stica na Rua Professor \u00canio C de Albuquerque, na 4\u00aa Etapa em Rio Doce, para resolver problemas com diversos buracos que impossibilitam o tr\u00e2nsito de carros, motocicletas, pedestres e moradores da referida rua;"}, {"id": "1598", "ano": "2020", "numero": "64", "tipo__sigla": "REQ", "tipo__descricao": "REQUERIMENTO", "autoria": "14 - RICARDO SOUSA", "texto_original": "http://sapl.olinda.pe.leg.br/media/", "ementa": "Requer que seja realizada a pavimenta\u00e7\u00e3o asf\u00e1stica na Rua 41, na 4\u00aa Etapa em Rio Doce, para resolver problemas com diversos buracos que impossibilitam o tr\u00e2nsito de carros, motocicletas, pedestres e moradores da referida rua;"}, {"id": "1599", "ano": "2020", "numero": "65", "tipo__sigla": "REQ", "tipo__descricao": "REQUERIMENTO", "autoria": "14 - RICARDO SOUSA", "texto_original": "http://sapl.olinda.pe.leg.br/media/", "ementa": "Requer que seja realizada a pavimenta\u00e7\u00e3o asf\u00e1stica na Rua 49, na 4\u00aa Etapa em Rio Doce, para resolver problemas com diversos buracos que impossibilitam o tr\u00e2nsito de carros, motocicletas, pedestres e moradores da referida rua;"}, {"id": "1600", "ano": "2020", "numero": "66", "tipo__sigla": "REQ", "tipo__descricao": "REQUERIMENTO", "autoria": "14 - RICARDO SOUSA", "texto_original": "http://sapl.olinda.pe.leg.br/media/", "ementa": "Requer que seja realizada a pavimenta\u00e7\u00e3o asf\u00e1stica na Rua 45, na 4\u00aa Etapa em Rio Doce, para resolver problemas com diversos buracos que impossibilitam o tr\u00e2nsito de carros, motocicletas, pedestres e moradores da referida rua;"}, {"id": "1601", "ano": "2020", "numero": "67", "tipo__sigla": "REQ", "tipo__descricao": "REQUERIMENTO", "autoria": "14 - RICARDO SOUSA", "texto_original": "http://sapl.olinda.pe.leg.br/media/", "ementa": "Requer que seja realizada a pavimenta\u00e7\u00e3o asf\u00e1stica na Rua da Maca\u00edba, na 3\u00aa Etapa em Rio Doce, para resolver problemas com diversos buracos que impossibilitam o tr\u00e2nsito de carros, motocicletas, pedestres e moradores da referida rua;"}, {"id": "1602", "ano": "2020", "numero": "68", "tipo__sigla": "REQ", "tipo__descricao": "REQUERIMENTO", "autoria": "14 - RICARDO SOUSA", "texto_original": "http://sapl.olinda.pe.leg.br/media/", "ementa": "Requer que seja realizada a pavimenta\u00e7\u00e3o asf\u00e1stica na Rua 8, na 4\u00aa Etapa em Rio Doce, para resolver problemas com diversos buracos que impossibilitam o tr\u00e2nsito de carros, motocicletas, pedestres e moradores da referida rua;"}, {"id": "1603", "ano": "2020", "numero": "69", "tipo__sigla": "REQ", "tipo__descricao": "REQUERIMENTO", "autoria": "14 - RICARDO SOUSA", "texto_original": "http://sapl.olinda.pe.leg.br/media/", "ementa": "Requer que seja realizada a pavimenta\u00e7\u00e3o asf\u00e1stica na Rua 7, na 4\u00aa Etapa em Rio Doce, para resolver problemas com diversos buracos que impossibilitam o tr\u00e2nsito de carros, motocicletas, pedestres e moradores da referida rua;"}, {"id": "1604", "ano": "2020", "numero": "70", "tipo__sigla": "REQ", "tipo__descricao": "REQUERIMENTO", "autoria": "14 - RICARDO SOUSA", "texto_original": "http://sapl.olinda.pe.leg.br/media/", "ementa": "Requer que seja realizada a pavimenta\u00e7\u00e3o asf\u00e1stica na Rua 82, na 4\u00aa Etapa em Rio Doce, para resolver problemas com diversos buracos que impossibilitam o tr\u00e2nsito de carros, motocicletas, pedestres e moradores da referida rua;"}, {"id": "1605", "ano": "2020", "numero": "71", "tipo__sigla": "REQ", "tipo__descricao": "REQUERIMENTO", "autoria": "14 - RICARDO SOUSA", "texto_original": "http://sapl.olinda.pe.leg.br/media/", "ementa": "Requer a coloca\u00e7\u00e3o do bra\u00e7o de luz e de l\u00e2mpada no poste localizado na Quadra 20 entre os blocos D e E, na 4\u00aa Etapa do bairro do Rio Doce;"}, {"id": "1606", "ano": "2020", "numero": "72", "tipo__sigla": "REQ", "tipo__descricao": "REQUERIMENTO", "autoria": "14 - RICARDO SOUSA", "texto_original": "http://sapl.olinda.pe.leg.br/media/", "ementa": "Requer a remo\u00e7\u00e3o de entulho localizado na Rua 39 , na 4\u00aa Etapa no bairro do Rio Doce;"}, {"id": "1607", "ano": "2020", "numero": "73", "tipo__sigla": "REQ", "tipo__descricao": "REQUERIMENTO", "autoria": "Edmilson Fernandes", "texto_original": "http://sapl.olinda.pe.leg.br/media/", "ementa": "Requer que o poder executivo municipal interceda junto ao Governo do Estado de Pernambuco para que seja providenciado uma abertura nas obras do Canal do Fragoso, e que seja feito uma limpeza em drenagem de todo o canal inclusive a parte da pizzaria Atl\u00e2ntico, seguindo para Rio Doce at\u00e9 a ponte do Janga;"}, {"id": "1608", "ano": "2020", "numero": "74", "tipo__sigla": "REQ", "tipo__descricao": "REQUERIMENTO", "autoria": "15 - SAULO HOLANDA", "texto_original": "http://sapl.olinda.pe.leg.br/media/", "ementa": "Requer servi\u00e7o de troca de l\u00e2mpada apagada no poste s/n em frente a casa n\u00ba 67 na Rua Ant\u00f4nio Ver\u00edssimo em Peixinhos;"}, {"id": "1609", "ano": "2020", "numero": "75", "tipo__sigla": "REQ", "tipo__descricao": "REQUERIMENTO", "autoria": "15 - SAULO HOLANDA", "texto_original": "http://sapl.olinda.pe.leg.br/media/", "ementa": "Requer servi\u00e7o de limpezas e capina\u00e7\u00e3o urgente do Canal na Rua Nig\u00e9ria em Peixinhos, pois se encontra totalmente entupido e cobertos por matos;"}, {"id": "1610", "ano": "2020", "numero": "76", "tipo__sigla": "REQ", "tipo__descricao": "REQUERIMENTO", "autoria": "15 - SAULO HOLANDA", "texto_original": "http://sapl.olinda.pe.leg.br/media/", "ementa": "Requer servi\u00e7os de troca de l\u00e2mpadas apagadas e revis\u00e3o nos postes da Pra\u00e7a dos Habitacionais Peixinhos 1 e 2 , pois os mesmos se encontram apagados em Peixinhos"}, {"id": "1611", "ano": "2020", "numero": "77", "tipo__sigla": "REQ", "tipo__descricao": "REQUERIMENTO", "autoria": "15 - SAULO HOLANDA", "texto_original": "http://sapl.olinda.pe.leg.br/media/", "ementa": "Requer servi\u00e7o de troca de l\u00e2mpada apagada e revis\u00e3o nos postes da Rua Mariano Teixeira , pois os mesmos se encontram apagados em Peixinhos;"}, {"id": "1612", "ano": "2020", "numero": "78", "tipo__sigla": "REQ", "tipo__descricao": "REQUERIMENTO", "autoria": "15 - SAULO HOLANDA", "texto_original": "http://sapl.olinda.pe.leg.br/media/", "ementa": "Requer limpeza ,desassoreamento do Cabal da Rua Graviuna na 4\u00aa Etapa no bairro do Rio Doce;"}, {"id": "1613", "ano": "2020", "numero": "79", "tipo__sigla": "REQ", "tipo__descricao": "REQUERIMENTO", "autoria": "15 - SAULO HOLANDA", "texto_original": "http://sapl.olinda.pe.leg.br/media/", "ementa": "Requer servi\u00e7o de troca de l\u00e2mpadas apagadas nos postes s/n em frente as casas n\u00ba 101 e 116 na Rua Newton Braga em S\u00edtio Novo."}, {"id": "1615", "ano": "2020", "numero": "80", "tipo__sigla": "REQ", "tipo__descricao": "REQUERIMENTO", "autoria": "02 - Irm\u00e3o Bi\u00e1", "texto_original": "http://sapl.olinda.pe.leg.br/media/", "ementa": "Requer pedido de informa\u00e7\u00e3o de: \r\n1\u00ba - Qual o valor da obra de que foi iniciada na Avenida Presidente Kennedy em frente ao Centro da Moda? \r\n2\u00ba - Qual o prazo do contrato ? \r\n3\u00ba - E qual a empresa contratada para a obra?"}, {"id": "1616", "ano": "2020", "numero": "81", "tipo__sigla": "REQ", "tipo__descricao": "REQUERIMENTO", "autoria": "Jorge Federal", "texto_original": "http://sapl.olinda.pe.leg.br/media/", "ementa": "Requer servi\u00e7o de Poda\u00e7\u00e3o de \u00e1rvores na Rua dos Tocos, Monte, Olinda \u2013 PE;"}, {"id": "1618", "ano": "2020", "numero": "82", "tipo__sigla": "REQ", "tipo__descricao": "REQUERIMENTO", "autoria": "Jo\u00e3o P\u00e9 no Ch\u00e3o", "texto_original": "http://sapl.olinda.pe.leg.br/media/", "ementa": "Requer Limpeza de Canal da Av. N\u00e1poles em Rio Doce, iniciando da Cidade Alta at\u00e9 a ponte de Jardim Atl\u00e2ntico, ( Lixo, entulho,mato, entre outros)"}, {"id": "1619", "ano": "2020", "numero": "83", "tipo__sigla": "REQ", "tipo__descricao": "REQUERIMENTO", "autoria": "Jo\u00e3o P\u00e9 no Ch\u00e3o", "texto_original": "http://sapl.olinda.pe.leg.br/media/", "ementa": "Requer limpeza da Rua Ant\u00f4nia Barreto de Freitas em Jatob\u00e1 Olinda, a referida rua se encontra com muito lixo, mato alto e postes apagados causando constantes assaltos;"}, {"id": "1620", "ano": "2020", "numero": "84", "tipo__sigla": "REQ", "tipo__descricao": "REQUERIMENTO", "autoria": "Jo\u00e3o P\u00e9 no Ch\u00e3o", "texto_original": "http://sapl.olinda.pe.leg.br/media/", "ementa": "Requer limpeza da Rua Joana Cabral de Vasconcelos em Jatob\u00e1 Olinda, a referida rua se encontra com muito lixo, mato alto e postes apagados causando constantes assaltos;"}, {"id": "1621", "ano": "2020", "numero": "85", "tipo__sigla": "REQ", "tipo__descricao": "REQUERIMENTO", "autoria": "Jo\u00e3o P\u00e9 no Ch\u00e3o", "texto_original": "http://sapl.olinda.pe.leg.br/media/", "ementa": "Requer que seja realizado um multir\u00e3o de limpeza dos entulhos e lixos na Rua Dr. Osvaldo Machado em frente a casa n\u00ba 151, Ladjane Moreira pr\u00f3ximo a f\u00e1brica de polpa de frutas, bem ao lado da pra\u00e7a En\u00e9as Galeno no bairro de Salgadinho;"}, {"id": "1624", "ano": "2020", "numero": "86", "tipo__sigla": "REQ", "tipo__descricao": "REQUERIMENTO", "autoria": "Jo\u00e3o P\u00e9 no Ch\u00e3o", "texto_original": "http://sapl.olinda.pe.leg.br/media/", "ementa": "Requer mutir\u00e3o de limpeza,colo\u00e7\u00e3o de l\u00e2mpadas nos postes apagados ,capina\u00e7\u00e3o ,conserto de cal\u00e7amento no bairro de Jatob\u00e1 nas seguintes Ruas: Ana Moreira Lins Caldas,Rua Dr. Jos\u00e9 de Oliveira da Silva, Rua Jo\u00e3o Ferreira da Silva , Rua Guiomar Gouveia de Figueiredo e Rua Leonel Maciel Monteiro;"}, {"id": "1625", "ano": "2020", "numero": "87", "tipo__sigla": "REQ", "tipo__descricao": "REQUERIMENTO", "autoria": "15 - SAULO HOLANDA", "texto_original": "http://sapl.olinda.pe.leg.br/media/", "ementa": "Req. 0087 -Requer servi\u00e7o de cal\u00e7amento da Rua C\u00f4nego Jonas Taurino em Peixinhos \u2013 Olinda;"}, {"id": "1626", "ano": "2020", "numero": "88", "tipo__sigla": "REQ", "tipo__descricao": "REQUERIMENTO", "autoria": "15 - SAULO HOLANDA", "texto_original": "http://sapl.olinda.pe.leg.br/media/", "ementa": "Req. 0088 - Requer servi\u00e7os de cal\u00e7amento da Rua Jos\u00e9 Alves de Ara\u00fajo em Peixinhos \u2013 Olinda;"}, {"id": "1627", "ano": "2020", "numero": "89", "tipo__sigla": "REQ", "tipo__descricao": "REQUERIMENTO", "autoria": "07 - JESU\u00cdNO ARA\u00daJO", "texto_original": "http://sapl.olinda.pe.leg.br/media/", "ementa": "Ordem do Dia - Voto de aplauso ao Sr. Raphael Fabr\u00edcio Costa Lagedo \u2013 Rapha Costa  pela atitude solid\u00e1ria em seu show de lan\u00e7amento, em 09 de novembro de 2019, onde o ingresso ao evento foi 1 kg de alimento n\u00e3o perec\u00edvel (audit\u00f3rio lotado) revertido as pessoas carentes."}, {"id": "1628", "ano": "2020", "numero": "90", "tipo__sigla": "REQ", "tipo__descricao": "REQUERIMENTO", "autoria": "Jorge Federal", "texto_original": "http://sapl.olinda.pe.leg.br/media/", "ementa": "Requer a remo\u00e7\u00e3o de entulhos ,restos de poda\u00e7\u00e3o de \u00e1rvores na Rua Coronel Joaquim Cavalcante;"}, {"id": "1629", "ano": "2020", "numero": "91", "tipo__sigla": "REQ", "tipo__descricao": "REQUERIMENTO", "autoria": "Jorge Federal", "texto_original": "http://sapl.olinda.pe.leg.br/media/", "ementa": "Requer voto de pesar pelo falecimento do Sr. Edwin Barbosa, mais conhecido como Edwin de Olinda, no dia 05 de fevereiro , aos 51 anos de idade;"}, {"id": "1630", "ano": "2020", "numero": "92", "tipo__sigla": "REQ", "tipo__descricao": "REQUERIMENTO", "autoria": "Jorge Federal", "texto_original": "http://sapl.olinda.pe.leg.br/media/", "ementa": "Requer servi\u00e7o de pintura das faixas de pedestres localizadas em frente ao Campus do IFPE-Olinda e \u00a0do cruzamento com a Rua Santa Terezinha na Fagundes Varela, no bairro de Jardim Atl\u00e2ntico ;"}, {"id": "1631", "ano": "2020", "numero": "93", "tipo__sigla": "REQ", "tipo__descricao": "REQUERIMENTO", "autoria": "17 - VLADEMIR LABANCA", "texto_original": "http://sapl.olinda.pe.leg.br/media/", "ementa": "Requer servi\u00e7o de limpeza do canal localizado na Rua Waldemar Paulino dos Santos, no bairro do Varadouro , na cidade de Olinda;"}, {"id": "1632", "ano": "2020", "numero": "94", "tipo__sigla": "REQ", "tipo__descricao": "REQUERIMENTO", "autoria": "14 - RICARDO SOUSA", "texto_original": "http://sapl.olinda.pe.leg.br/media/", "ementa": "Requer a troca da l\u00e2mpada do poste localizado na Rua 39 em frente ao bloco: E da Quadra:26 na 4\u00aa Etapa do bairro do Rio Doce"}, {"id": "1633", "ano": "2020", "numero": "95", "tipo__sigla": "REQ", "tipo__descricao": "REQUERIMENTO", "autoria": "14 - RICARDO SOUSA", "texto_original": "http://sapl.olinda.pe.leg.br/media/", "ementa": "Requer a troca da l\u00e2mpada do poste localizado na Rua 39 em frente ao bloco: F da Quadra: 26 na 4\u00aa Etapa do bairro do Rio Doce"}, {"id": "1634", "ano": "2020", "numero": "96", "tipo__sigla": "REQ", "tipo__descricao": "REQUERIMENTO", "autoria": "14 - RICARDO SOUSA", "texto_original": "http://sapl.olinda.pe.leg.br/media/", "ementa": "Requer coloca\u00e7\u00e3o de tampas nas canaletas da Rua Ant\u00f4nio Dias no bairro do Monte."}, {"id": "1635", "ano": "2020", "numero": "97", "tipo__sigla": "REQ", "tipo__descricao": "REQUERIMENTO", "autoria": "Jo\u00e3o P\u00e9 no Ch\u00e3o", "texto_original": "http://sapl.olinda.pe.leg.br/media/", "ementa": "Requer a retirada dos lixos e entulhos , que se encontra na PE-15 , em frente a COMPESA da Pan Nordestina"}, {"id": "1636", "ano": "2020", "numero": "98", "tipo__sigla": "REQ", "tipo__descricao": "REQUERIMENTO", "autoria": "Jo\u00e3o P\u00e9 no Ch\u00e3o", "texto_original": "http://sapl.olinda.pe.leg.br/media/", "ementa": "Requer servi\u00e7o de tapa buraco, uma grande cratera existe na via localizada na Jonas Taurino em S\u00edtio Novo, causando acidentes aos pedestres, segue foto em anexo,"}, {"id": "1637", "ano": "2020", "numero": "99", "tipo__sigla": "REQ", "tipo__descricao": "REQUERIMENTO", "autoria": "Jo\u00e3o P\u00e9 no Ch\u00e3o", "texto_original": "http://sapl.olinda.pe.leg.br/media/", "ementa": "Requer a conclus\u00e3o dos servi\u00e7os da ponte localizada na Avenida Pan Nordestina na altura do F\u00f3rum Desembargador Louren\u00e7o Jos\u00e9 Ribeiro que vem causando grande transtorno e engarrafamento a mais de quatro anos."}, {"id": "1638", "ano": "2020", "numero": "100", "tipo__sigla": "REQ", "tipo__descricao": "REQUERIMENTO", "autoria": "Jorge Federal", "texto_original": "http://sapl.olinda.pe.leg.br/media/", "ementa": "Requer a Coloca\u00e7\u00e3o de sem\u00e1foro, ou redutor de velocidade ou faixa de pedestres em toda a extens\u00e3o da Avenida Joaquim Nabuco, no bairro do Varadouro, principalmente nas proximidades das escolas p\u00fablicas e particulares ali existentes."}, {"id": "1639", "ano": "2020", "numero": "101", "tipo__sigla": "REQ", "tipo__descricao": "REQUERIMENTO", "autoria": "16 - BIAI", "texto_original": "http://sapl.olinda.pe.leg.br/media/", "ementa": "Requer a instala\u00e7\u00e3o de um sem\u00e1foro e faixa de pedestre na Avenida Carlos de Lima Cavalcanti, em frente ao frente ao n\u00ba 751 , onde fica localizado o Centro M\u00e9dico Hapvida."}, {"id": "1640", "ano": "2020", "numero": "102", "tipo__sigla": "REQ", "tipo__descricao": "REQUERIMENTO", "autoria": "Jorge Federal", "texto_original": "http://sapl.olinda.pe.leg.br/media/", "ementa": "Requer a limpeza do canal da mal\u00e1ria e de toda a extens\u00e3o de sua margem, trecho V8 e V9;"}, {"id": "1641", "ano": "2020", "numero": "103", "tipo__sigla": "REQ", "tipo__descricao": "REQUERIMENTO", "autoria": "16 - BIAI", "texto_original": "http://sapl.olinda.pe.leg.br/media/", "ementa": "Requer que seja enviado of\u00edcio aos parlamentares federais e estaduais,deputados e Senadores, no sentido de que esses parlamentares intercedam junto ao governo federal , aos ministros e aos membros do Congresso Nacional para n\u00e3o privatiza\u00e7\u00e3o da Empresa Brasileira de Correios e Tel\u00e9grafos (ECT)."}, {"id": "1642", "ano": "2020", "numero": "104", "tipo__sigla": "REQ", "tipo__descricao": "REQUERIMENTO", "autoria": "Alg\u00e9rio a Nossa Voz", "texto_original": "http://sapl.olinda.pe.leg.br/media/", "ementa": "Requer servi\u00e7o de troca de l\u00e2mpada do poste,localizado na Rua 18 de fevereiro ,Alto da Maca\u00edba;"}, {"id": "1643", "ano": "2020", "numero": "105", "tipo__sigla": "REQ", "tipo__descricao": "REQUERIMENTO", "autoria": "Alg\u00e9rio a Nossa Voz", "texto_original": "http://sapl.olinda.pe.leg.br/media/", "ementa": "Requer servi\u00e7o de troca de l\u00e2mpada do poste,localizado na Rua Rceife (em frente ao n\u00ba 6, esquina com a Avenida Ant\u00f4nio Costa Azevedo, Jardim Brasil II;"}, {"id": "1644", "ano": "2020", "numero": "106", "tipo__sigla": "REQ", "tipo__descricao": "REQUERIMENTO", "autoria": "Alg\u00e9rio a Nossa Voz", "texto_original": "http://sapl.olinda.pe.leg.br/media/", "ementa": "Requer servi\u00e7o de troca de l\u00e2mpada do poste,localizado na Rua Puma , em frente ao n\u00ba 36 a Igreja Assembleia de Deus , Ouro Preto;"}, {"id": "1645", "ano": "2020", "numero": "107", "tipo__sigla": "REQ", "tipo__descricao": "REQUERIMENTO", "autoria": "Alg\u00e9rio a Nossa Voz", "texto_original": "http://sapl.olinda.pe.leg.br/media/", "ementa": "Requer servi\u00e7o de troca de l\u00e2mpada do poste,localizado na Rua Professor Jo\u00e3o Batista em frente ao n\u00ba 121 e 140 em Peixinhos."}, {"id": "1646", "ano": "2020", "numero": "108", "tipo__sigla": "REQ", "tipo__descricao": "REQUERIMENTO", "autoria": "Alg\u00e9rio a Nossa Voz", "texto_original": "http://sapl.olinda.pe.leg.br/media/", "ementa": "Requer servi\u00e7o de troca de l\u00e2mpada do poste,localizado na Rua S\u00e3o Jo\u00e3o em frente ao n\u00ba 21 , pr\u00f3ximo a Escola Municipal Alto da Maca\u00edba."}, {"id": "1647", "ano": "2020", "numero": "109", "tipo__sigla": "REQ", "tipo__descricao": "REQUERIMENTO", "autoria": "07 - JESU\u00cdNO ARA\u00daJO", "texto_original": "http://sapl.olinda.pe.leg.br/media/", "ementa": "Requer pedido de informa\u00e7\u00e3o, que nos seja disponibilizada as imagens captadas pelas c\u00e2meras localizadas na Rua 15 de Novembro (esquina da C\u00e2mara Municipal de Olinda com a Avenida Joaquim Nabuco), Varadouro, neste munic\u00edpio, relativas ao dia 05 de dezembro de 2019, no per\u00edodo compreendido entre 08 e 12 horas."}, {"id": "1648", "ano": "2020", "numero": "110", "tipo__sigla": "REQ", "tipo__descricao": "REQUERIMENTO", "autoria": "Edmilson Fernandes", "texto_original": "http://sapl.olinda.pe.leg.br/media/", "ementa": "Requer a reabertura do N\u00facleo Policial de Seguran\u00e7a Comunit\u00e1ria no\r\n bairro de Jardim Atl\u00e2ntico na Cidade de Olinda."}, {"id": "1649", "ano": "2020", "numero": "111", "tipo__sigla": "REQ", "tipo__descricao": "REQUERIMENTO", "autoria": "15 - SAULO HOLANDA", "texto_original": "http://sapl.olinda.pe.leg.br/media/", "ementa": "Requer que seja reservado o espa\u00e7o de plen\u00e1rio da Casa Legislativa, para o dia 12/02/2020 a partir das 17 h , a fim que seja realizada a Sess\u00e3o Solene extraordin\u00e1ria de entrega do T\u00edtulo de Cidad\u00e3o de Olinda ao Sr. Seronildo Guerra da Silva."}, {"id": "1652", "ano": "2020", "numero": "112", "tipo__sigla": "REQ", "tipo__descricao": "REQUERIMENTO", "autoria": "Marcelo Soares", "texto_original": "http://sapl.olinda.pe.leg.br/media/", "ementa": "Ordem do Dia-Requer Sess\u00e3o Solene em comemora\u00e7\u00e3o aos tr\u00eas anos do blog Observat\u00f3rio de Olinda, no dia 31 de mar\u00e7o de 2020 \u00e0s 19 h nesta Casa legislativa"}, {"id": "1653", "ano": "2020", "numero": "113", "tipo__sigla": "REQ", "tipo__descricao": "REQUERIMENTO", "autoria": "15 - SAULO HOLANDA", "texto_original": "http://sapl.olinda.pe.leg.br/media/", "ementa": "Requer servi\u00e7o de limpeza e desobstru\u00e7\u00e3o nas canaletas na Rua Manoel Borba Lisboa de Moura (lado dos Conjuntos Habitacionais Peixinhos 1 e 2) com a  devida urg\u00eancia em Peixinhos"}, {"id": "1654", "ano": "2020", "numero": "114", "tipo__sigla": "REQ", "tipo__descricao": "REQUERIMENTO", "autoria": "15 - SAULO HOLANDA", "texto_original": "http://sapl.olinda.pe.leg.br/media/", "ementa": "Requer servi\u00e7os de recapeamento da Rua Recife em Jardim Brasil II"}, {"id": "1655", "ano": "2020", "numero": "115", "tipo__sigla": "REQ", "tipo__descricao": "REQUERIMENTO", "autoria": "15 - SAULO HOLANDA", "texto_original": "http://sapl.olinda.pe.leg.br/media/", "ementa": "Requer servi\u00e7os de recapeamento da Rua Mataripe em, Jardim Brasil II"}, {"id": "1656", "ano": "2020", "numero": "116", "tipo__sigla": "REQ", "tipo__descricao": "REQUERIMENTO", "autoria": "15 - SAULO HOLANDA", "texto_original": "http://sapl.olinda.pe.leg.br/media/", "ementa": "Requer servi\u00e7os de recapeamento da Rua Campina Grande em Jardim Brasil II"}, {"id": "1657", "ano": "2020", "numero": "117", "tipo__sigla": "REQ", "tipo__descricao": "REQUERIMENTO", "autoria": "15 - SAULO HOLANDA", "texto_original": "http://sapl.olinda.pe.leg.br/media/", "ementa": "Requer servi\u00e7o de recupera\u00e7\u00e3o do asfalto da Rua Mariano Teixeira em Peixinhos"}, {"id": "1658", "ano": "2020", "numero": "118", "tipo__sigla": "REQ", "tipo__descricao": "REQUERIMENTO", "autoria": "15 - SAULO HOLANDA", "texto_original": "http://sapl.olinda.pe.leg.br/media/", "ementa": "Requer servi\u00e7o de limpeza e desobstru\u00e7\u00e3o do canal da Rua da Azeitona e Giriquiti com a devida urg\u00eancia em Peixinhos"}, {"id": "1659", "ano": "2020", "numero": "119", "tipo__sigla": "REQ", "tipo__descricao": "REQUERIMENTO", "autoria": "Jo\u00e3o P\u00e9 no Ch\u00e3o", "texto_original": "http://sapl.olinda.pe.leg.br/media/", "ementa": "Requer a limpeza do minicampo localizado na Rua Aluizio Magalh\u00e3es conhecida como Rua Dez na 4\u00aa Etapa de Rio Doce"}, {"id": "1660", "ano": "2020", "numero": "120", "tipo__sigla": "REQ", "tipo__descricao": "REQUERIMENTO", "autoria": "Jo\u00e3o P\u00e9 no Ch\u00e3o", "texto_original": "http://sapl.olinda.pe.leg.br/media/", "ementa": "Requer servi\u00e7o de limpeza,capina\u00e7\u00e3o e remo\u00e7\u00e3o na quadra 63 da 4\u00aa Etapa de Rio Doce"}, {"id": "1661", "ano": "2020", "numero": "121", "tipo__sigla": "REQ", "tipo__descricao": "REQUERIMENTO", "autoria": "Jo\u00e3o P\u00e9 no Ch\u00e3o", "texto_original": "http://sapl.olinda.pe.leg.br/media/", "ementa": "Requer a troca de poste que fica minicampo da 4\u00aa Etapa de Rio Doce"}, {"id": "1662", "ano": "2020", "numero": "122", "tipo__sigla": "REQ", "tipo__descricao": "REQUERIMENTO", "autoria": "Jorge Federal", "texto_original": "http://sapl.olinda.pe.leg.br/media/", "ementa": "Requer a substitui\u00e7\u00e3o de l\u00e2mpada queimada no poste em frente aos im\u00f3veis de n\u00ba 432/438 da Rua Dom Bonif\u00e1cio Jansen, bairro do Monte"}, {"id": "1663", "ano": "2020", "numero": "123", "tipo__sigla": "REQ", "tipo__descricao": "REQUERIMENTO", "autoria": "Jorge Federal", "texto_original": "http://sapl.olinda.pe.leg.br/media/", "ementa": "Requer a substitui\u00e7\u00e3o de l\u00e2mpada queimada no poste em frente ao im\u00f3vel de n\u00ba 175 da Rua Israel Vieira Ferreira , bairro do Monte"}, {"id": "1664", "ano": "2020", "numero": "124", "tipo__sigla": "REQ", "tipo__descricao": "REQUERIMENTO", "autoria": "07 - JESU\u00cdNO ARA\u00daJO", "texto_original": "http://sapl.olinda.pe.leg.br/media/", "ementa": "req. 0124 -Requer que seja encaminhado of\u00edcio \u00e0 Diretoria da Ag\u00eancia Pernambucana de \u00c1guas e Climas \u2013 APAC \u2013 para que nos seja enviada a previs\u00e3o de chuva at\u00e9 o final do m\u00eas de Mar\u00e7o/2020, face a obra do canal do Fragoso ainda estar em execu\u00e7\u00e3o,"}, {"id": "1665", "ano": "2020", "numero": "125", "tipo__sigla": "REQ", "tipo__descricao": "REQUERIMENTO", "autoria": "07 - JESU\u00cdNO ARA\u00daJO", "texto_original": "http://sapl.olinda.pe.leg.br/media/", "ementa": "Req. 0125 - Requer que seja enviado a esta c\u00e2mara de vereadores, para ser votado o Projeto de Lei que trata do Piso Salarial/2020 para os agentes de Sa\u00fade e Agentes de endemias do munic\u00edpio de Olinda,"}, {"id": "1666", "ano": "2020", "numero": "126", "tipo__sigla": "REQ", "tipo__descricao": "REQUERIMENTO", "autoria": "07 - JESU\u00cdNO ARA\u00daJO", "texto_original": "http://sapl.olinda.pe.leg.br/media/", "ementa": "Req. 0126 -Requer solicita\u00e7\u00e3o de otimiza\u00e7\u00e3o para melhorias no fluxo de distribui\u00e7\u00e3o  de \u00e1gua nas Ruas Minas Gerais e Mato Grosso, localizadas na Zona Rural de Olinda,"}, {"id": "1667", "ano": "2020", "numero": "127", "tipo__sigla": "REQ", "tipo__descricao": "REQUERIMENTO", "autoria": "07 - JESU\u00cdNO ARA\u00daJO", "texto_original": "http://sapl.olinda.pe.leg.br/media/", "ementa": "Req. 0127 -Requer estudo para projeto de distribui\u00e7\u00e3o de \u00c1gua no Bairro de \u00c1guas Compridas, neste municipio,"}, {"id": "1668", "ano": "2020", "numero": "128", "tipo__sigla": "REQ", "tipo__descricao": "REQUERIMENTO", "autoria": "Jorge Federal", "texto_original": "http://sapl.olinda.pe.leg.br/media/", "ementa": "Req. 0128 -Requer remo\u00e7\u00e3o de entulhos, lixo acumulado na Rua Dom Bonif\u00e1cio Jansen \u2013 Monte \u2013 Olinda,"}, {"id": "1669", "ano": "2020", "numero": "129", "tipo__sigla": "REQ", "tipo__descricao": "REQUERIMENTO", "autoria": "Jorge Federal", "texto_original": "http://sapl.olinda.pe.leg.br/media/", "ementa": "Req. 0129 - Requer remo\u00e7\u00e3o de entulhos, lixo acumulado na Avenida Colibri, V Etapa do Rio Doce \u2013 Olinda,"}, {"id": "1670", "ano": "2020", "numero": "130", "tipo__sigla": "REQ", "tipo__descricao": "REQUERIMENTO", "autoria": "15 - SAULO HOLANDA", "texto_original": "http://sapl.olinda.pe.leg.br/media/", "ementa": "Requer servi\u00e7o de troca de l\u00e2mpada apagada e coloca\u00e7\u00e3o de bra\u00e7o no poste n\u00ba NR028729 em frente a casa n\u00ba 104 na Rua Vic\u00eancia em Jardim Brasil II \u2013 Olinda;"}, {"id": "1671", "ano": "2020", "numero": "131", "tipo__sigla": "REQ", "tipo__descricao": "REQUERIMENTO", "autoria": "15 - SAULO HOLANDA", "texto_original": "http://sapl.olinda.pe.leg.br/media/", "ementa": "Requer servi\u00e7os de limpeza e capina\u00e7\u00e3o urgente nas canaletas na Rua Caet\u00e9s ,pois se encontra entupido e o esgoto a c\u00e9u aberto em Peixinhos"}, {"id": "1672", "ano": "2020", "numero": "132", "tipo__sigla": "REQ", "tipo__descricao": "REQUERIMENTO", "autoria": "15 - SAULO HOLANDA", "texto_original": "http://sapl.olinda.pe.leg.br/media/", "ementa": "Requer servi\u00e7os de limpeza urgente nas canaletas da Rua Ant\u00f4nio Ver\u00edssimo (Rua da T\u00e1bua) , pois se encontra obstru\u00eddas em Peixinhos;"}, {"id": "1673", "ano": "2020", "numero": "133", "tipo__sigla": "REQ", "tipo__descricao": "REQUERIMENTO", "autoria": "15 - SAULO HOLANDA", "texto_original": "http://sapl.olinda.pe.leg.br/media/", "ementa": "Requer servi\u00e7os de limpeza urgente nas canaletas da Rua do Cajueiro, Travessa do Cajueiro e suas transversais,pois se encontra muito entupido em Peixinhos;"}, {"id": "1674", "ano": "2020", "numero": "134", "tipo__sigla": "REQ", "tipo__descricao": "REQUERIMENTO", "autoria": "15 - SAULO HOLANDA", "texto_original": "http://sapl.olinda.pe.leg.br/media/", "ementa": "Requer servi\u00e7os de limpezas urgente nas canaletas na Rua Armindo Cardoso Moura (Rua da Areia), pois se encontra entupido e o esgoto a c\u00e9u aberto em Peixinhos"}, {"id": "1675", "ano": "2020", "numero": "135", "tipo__sigla": "REQ", "tipo__descricao": "REQUERIMENTO", "autoria": "15 - SAULO HOLANDA", "texto_original": "http://sapl.olinda.pe.leg.br/media/", "ementa": "Requer servi\u00e7o de troca de l\u00e2mpada apagada no poste s/n em frente  a casa n\u00ba 189 na Rua do Veleiro na Vila das Pedreiras em Peixinhos;"}, {"id": "1676", "ano": "2020", "numero": "136", "tipo__sigla": "REQ", "tipo__descricao": "REQUERIMENTO", "autoria": "15 - SAULO HOLANDA", "texto_original": "http://sapl.olinda.pe.leg.br/media/", "ementa": "Requer servi\u00e7o de troca de l\u00e2mpadas apagadas no poste s/n (dois pontos) em frente a casa n\u00ba 47 na Rua (Quatro) na Vila das Pedreiras em Peixinhos;"}, {"id": "1677", "ano": "2020", "numero": "137", "tipo__sigla": "REQ", "tipo__descricao": "REQUERIMENTO", "autoria": "17 - VLADEMIR LABANCA", "texto_original": "http://sapl.olinda.pe.leg.br/media/", "ementa": "Requer servi\u00e7o de ilumina\u00e7\u00e3o p\u00fablica com a coloca\u00e7\u00e3o de um refletor na Rua Pedro de Souza Lopes, em frente ao n\u00ba 117-A ou em ym local estrat\u00e9gico para melhorar a ilumina\u00e7\u00e3o na respectiva rua citada;"}, {"id": "1678", "ano": "2020", "numero": "138", "tipo__sigla": "REQ", "tipo__descricao": "REQUERIMENTO", "autoria": "17 - VLADEMIR LABANCA", "texto_original": "http://sapl.olinda.pe.leg.br/media/", "ementa": "Requer pedido de informa\u00e7\u00e3o referente a reforma da Matriz de S\u00e3o Pedro , localizado no bairro do Carmo quanto a:\r\n1\u00ba - Como est\u00e1 o processo licitat\u00f3rio n\u00ba 238/2019 ? J\u00e1 foi homogado o ganhador? Informar a empresa ganhadora;\r\n2\u00ba - Tendo em vista o prazo de entrega em julho de 2020, noticiado pelos meios de comunica\u00e7\u00f5es, tem alguma previs\u00e3o para inicio das obras?\r\n3\u00ba - O cronograma informado a imprensa antes da licita\u00e7\u00e3o, informava que a igreja seria entregue em julho de 2020, existe algum outro cronograma? Informar."}, {"id": "1679", "ano": "2020", "numero": "139", "tipo__sigla": "REQ", "tipo__descricao": "REQUERIMENTO", "autoria": "17 - VLADEMIR LABANCA", "texto_original": "http://sapl.olinda.pe.leg.br/media/", "ementa": "Requer pedido de informa\u00e7\u00f5es sobre a obra de canal do Fragoso sobre:\r\n1\u00ba - Segundo informa\u00e7\u00f5es extra oficiais, falta desapropriar mais de 800 fam\u00edlias do bairro de Jardim Atl\u00e2ntico e Rio Doce at\u00e9 a Ponte do Janga. \u00c9 verdadeira as informa\u00e7\u00f5es? Caso seja verdadeira como est\u00e1 esse processo de desapropria\u00e7\u00e3o?\r\n2\u00ba - Qual o novo cronograma para o t\u00e9rmino da obra?\r\n3\u00ba - Existe problemas em recebimentos de repasses do governo federal ou municipal?"}, {"id": "1680", "ano": "2020", "numero": "140", "tipo__sigla": "REQ", "tipo__descricao": "REQUERIMENTO", "autoria": "17 - VLADEMIR LABANCA", "texto_original": "http://sapl.olinda.pe.leg.br/media/", "ementa": "Requer servi\u00e7os de recupera\u00e7\u00e3o da ilumina\u00e7\u00e3o p\u00fablica na Avenida Ministro Marcos Freire, bem como colocar uma pessoa para ficar encarregada de acompanhar mensalmente a manuten\u00e7\u00e3o da via"}, {"id": "1681", "ano": "2020", "numero": "141", "tipo__sigla": "REQ", "tipo__descricao": "REQUERIMENTO", "autoria": "16 - BIAI", "texto_original": "http://sapl.olinda.pe.leg.br/media/", "ementa": "Req. 0141 - Requer que seja colocada faixa de pedestre na Av. Brasil na II Etapa do Bairro de Rio Doce, em frente ao espa\u00e7o Sempre com Voc\u00ea  e o Est\u00e1dio Grito da Rep\u00fablica, na localiza\u00e7\u00e3o da Rua das Orqu\u00eddeas com a Quadra 90;"}, {"id": "1682", "ano": "2020", "numero": "142", "tipo__sigla": "REQ", "tipo__descricao": "REQUERIMENTO", "autoria": "16 - BIAI", "texto_original": "http://sapl.olinda.pe.leg.br/media/", "ementa": "Req. 0142 -Requer servi\u00e7o de recapeamento da Rua 3 na IV Etapa de Rio Doce \u2013 Olinda;"}, {"id": "1683", "ano": "2020", "numero": "143", "tipo__sigla": "REQ", "tipo__descricao": "REQUERIMENTO", "autoria": "16 - BIAI", "texto_original": "http://sapl.olinda.pe.leg.br/media/", "ementa": "Req. 0143 - Requer instala\u00e7\u00e3o de placas sinalizadoras nas proximidades das Igrejas Cat\u00f3licas das cidades de Olinda;"}, {"id": "1684", "ano": "2020", "numero": "144", "tipo__sigla": "REQ", "tipo__descricao": "REQUERIMENTO", "autoria": "16 - BIAI", "texto_original": "http://sapl.olinda.pe.leg.br/media/", "ementa": "Req. 0144 - Requer que seja criada uma linha de \u00f4nibus CIRCULAR percorrendo a Avenida M\u00e9xico, no sentido a Avenida Asa Branca, retornando no final, passando por tr\u00e1s da Vila Ol\u00edmpica e Vila Aparecida, terminando o percurso no Terminal Integrado de Passageiros na IV Etapa de Rio Doce;"}, {"id": "1685", "ano": "2020", "numero": "145", "tipo__sigla": "REQ", "tipo__descricao": "REQUERIMENTO", "autoria": "Jorge Federal", "texto_original": "http://sapl.olinda.pe.leg.br/media/", "ementa": "Req. 0145 - Requer remo\u00e7\u00e3o de entulhos na Rua Belmonte, Bairro dos Bultrins \u2013 Olinda;"}, {"id": "1686", "ano": "2020", "numero": "146", "tipo__sigla": "REQ", "tipo__descricao": "REQUERIMENTO", "autoria": "Alg\u00e9rio a Nossa Voz", "texto_original": "http://sapl.olinda.pe.leg.br/media/", "ementa": "Req. 0146 - Requer servi\u00e7o de uma faixa de pedestre, localizado na Avenida Ant\u00f4nio da Costa Azevedo com cruzamento com Av. Transamaz\u00f4nica (Pr\u00f3ximo ao Col\u00e9gio Menino Jesus), no Bairro de Jardim Brasil II \u2013 Olinda;"}, {"id": "1687", "ano": "2020", "numero": "147", "tipo__sigla": "REQ", "tipo__descricao": "REQUERIMENTO", "autoria": "Alg\u00e9rio a Nossa Voz", "texto_original": "http://sapl.olinda.pe.leg.br/media/", "ementa": "Req. 0147 - Requer a coloca\u00e7\u00e3o da placa de prote\u00e7\u00e3o da canaleta na Avenida Ant\u00f4nio da Costa Azevedo com cruzamento com Av. Transamaz\u00f4nica (Pr\u00f3ximo ao Col\u00e9gio Menino Jesus), no Bairro de Jardim Brasil II \u2013 Olinda;"}, {"id": "1688", "ano": "2020", "numero": "148", "tipo__sigla": "REQ", "tipo__descricao": "REQUERIMENTO", "autoria": "16 - BIAI", "texto_original": "http://sapl.olinda.pe.leg.br/media/", "ementa": "Requer a manuten\u00e7\u00e3o do fluxo de ve\u00edculos em m\u00e3o dupla na ponte nova da Avenida Fagundes Varela, bem como na ponte da Rua Aluizio de Azevedo no bairro de Jardim Atl\u00e2ntico"}, {"id": "1689", "ano": "2020", "numero": "149", "tipo__sigla": "REQ", "tipo__descricao": "REQUERIMENTO", "autoria": "Jorge Federal", "texto_original": "http://sapl.olinda.pe.leg.br/media/", "ementa": "Requer a remo\u00e7\u00e3o de entulhos acumulados na Rua Doutor Miguel Vieira Ferreira em Salgadinho"}, {"id": "1690", "ano": "2020", "numero": "150", "tipo__sigla": "REQ", "tipo__descricao": "REQUERIMENTO", "autoria": "17 - VLADEMIR LABANCA", "texto_original": "http://sapl.olinda.pe.leg.br/media/", "ementa": "Requer servi\u00e7o de limpeza e capina\u00e7\u00e3o na Pra\u00e7a 13, localizada na 4\u00aa Etapa de Rio Doce, em Olinda, ponto de refer\u00eancia, no final da Avenida N\u00e1poles"}, {"id": "1691", "ano": "2020", "numero": "151", "tipo__sigla": "REQ", "tipo__descricao": "REQUERIMENTO", "autoria": "Jo\u00e3o P\u00e9 no Ch\u00e3o", "texto_original": "http://sapl.olinda.pe.leg.br/media/", "ementa": "Requer a troca de l\u00e2mpada queimada na Avenida Rosa Silvestre, n\u00ba 25 em frente a ING NET, no terminal de \u00f4nibus de Jardim Atl\u00e2ntico"}, {"id": "1692", "ano": "2020", "numero": "152", "tipo__sigla": "REQ", "tipo__descricao": "REQUERIMENTO", "autoria": "Jo\u00e3o P\u00e9 no Ch\u00e3o", "texto_original": "http://sapl.olinda.pe.leg.br/media/", "ementa": "Requer a troca de l\u00e2mpada queimada na Avenida Rosa Silvestre, n\u00ba 25 em frente a Bomboniere, no  Jardim Atl\u00e2ntico"}, {"id": "1693", "ano": "2020", "numero": "153", "tipo__sigla": "REQ", "tipo__descricao": "REQUERIMENTO", "autoria": "Jo\u00e3o P\u00e9 no Ch\u00e3o", "texto_original": "http://sapl.olinda.pe.leg.br/media/", "ementa": "Requer a troca de l\u00e2mpada na Rua \u00c1gua Bela em frente ao n\u00ba 04 Peixinhos"}, {"id": "1695", "ano": "2020", "numero": "154", "tipo__sigla": "REQ", "tipo__descricao": "REQUERIMENTO", "autoria": "14 - RICARDO SOUSA", "texto_original": "http://sapl.olinda.pe.leg.br/media/", "ementa": "Requer a qualifica\u00e7\u00e3o da ilumina\u00e7\u00e3o do campo da quadra 13, na IV etada do Bairro de Rio Doce."}, {"id": "1696", "ano": "2020", "numero": "155", "tipo__sigla": "REQ", "tipo__descricao": "REQUERIMENTO", "autoria": "15 - SAULO HOLANDA", "texto_original": "http://sapl.olinda.pe.leg.br/media/", "ementa": "Requer corte de \u00e1rvore que se encontra na emin\u00eancia de cair, causando transtorno a comunidade de Salgadinho na Rua 1\u00aa Travessa do Cacimb\u00e3o n\u00ba 549"}, {"id": "1700", "ano": "2020", "numero": "156", "tipo__sigla": "REQ", "tipo__descricao": "REQUERIMENTO", "autoria": "15 - SAULO HOLANDA", "texto_original": "http://sapl.olinda.pe.leg.br/media/", "ementa": "Requer troca de l\u00e2mpada apagada w coloca\u00e7\u00e3o de bra\u00e7o no poste n\u00ba H034430 na Rua Tupanatinga na Cidade Tabajara \u2013 Olinda;"}, {"id": "1701", "ano": "2020", "numero": "157", "tipo__sigla": "REQ", "tipo__descricao": "REQUERIMENTO", "autoria": "15 - SAULO HOLANDA", "texto_original": "http://sapl.olinda.pe.leg.br/media/", "ementa": "Requer troca de l\u00e2mpada apagada no poste n\u00ba H034434 na Rua  Tupanatinga na Cidade Tabajara \u2013 Olinda;"}, {"id": "1702", "ano": "2020", "numero": "158", "tipo__sigla": "REQ", "tipo__descricao": "REQUERIMENTO", "autoria": "14 - RICARDO SOUSA", "texto_original": "http://sapl.olinda.pe.leg.br/media/", "ementa": "Requer a qualifica\u00e7\u00e3o da ilumina\u00e7\u00e3o do campo da quadra 13, na IV etada do Bairro de Rio Doce."}, {"id": "1703", "ano": "2020", "numero": "159", "tipo__sigla": "REQ", "tipo__descricao": "REQUERIMENTO", "autoria": "Jo\u00e3o P\u00e9 no Ch\u00e3o", "texto_original": "http://sapl.olinda.pe.leg.br/media/", "ementa": "Requer corte de \u00e1rvore que se encontra na emin\u00eancia de cair, causando transtorno a comunidade de Salgadinho na Rua 1\u00aa Travessa do Cacimb\u00e3o n\u00ba 549"}, {"id": "1704", "ano": "2020", "numero": "160", "tipo__sigla": "REQ", "tipo__descricao": "REQUERIMENTO", "autoria": "Jorge Federal", "texto_original": "http://sapl.olinda.pe.leg.br/media/", "ementa": "Requer conserto da tubula\u00e7\u00e3o de fornecimento de \u00e1gua na Av. Pres. Kennedy, na altura do im\u00f3vel de n 1055, Olinda-PE"}, {"id": "1705", "ano": "2020", "numero": "161", "tipo__sigla": "REQ", "tipo__descricao": "REQUERIMENTO", "autoria": "Jorge Federal", "texto_original": "http://sapl.olinda.pe.leg.br/media/", "ementa": "Requer a desobstru\u00e7\u00e3o de galeria na Estrada do Bonsucesso, em frente ao im\u00f3vel de n\u00ba 467, Bonsucesso, Olinda-PE"}, {"id": "1706", "ano": "2020", "numero": "162", "tipo__sigla": "REQ", "tipo__descricao": "REQUERIMENTO", "autoria": "14 - RICARDO SOUSA", "texto_original": "http://sapl.olinda.pe.leg.br/media/", "ementa": "Requer PEDIDO DE INFORMA\u00c7\u00c3O para saber se a Rua S\u00edtio Benjamin faz parte da \u00e1rea de cobertura da USF \u2013 UNIDADE DA SA\u00daDE DA FAM\u00cdLIA da 5\u00aa Etapa de Rio Doce.'"}, {"id": "1714", "ano": "2020", "numero": "163", "tipo__sigla": "REQ", "tipo__descricao": "REQUERIMENTO", "autoria": "02 - Irm\u00e3o Bi\u00e1", "texto_original": "http://sapl.olinda.pe.leg.br/media/", "ementa": "Requer servi\u00e7o de capina\u00e7\u00e3o da escadaria em car\u00e1ter de urg\u00eancia na Rua 9 de abril ,entrada na Bernardino de Melo em \u00c1guas Compridas"}, {"id": "1716", "ano": "2020", "numero": "164", "tipo__sigla": "REQ", "tipo__descricao": "REQUERIMENTO", "autoria": "02 - Irm\u00e3o Bi\u00e1", "texto_original": "http://sapl.olinda.pe.leg.br/media/", "ementa": "Requer servi\u00e7o de ilumina\u00e7\u00e3o p\u00fablica em car\u00e1ter de urg\u00eancia nas Ruas Ladeira do Giz, n\u00ba 71 em \u00c1guas Compridas e na Rua Quarta Travessa da Rua da Linha, n\u00ba 179 no Alto da Bondade em Olinda;"}, {"id": "1717", "ano": "2020", "numero": "165", "tipo__sigla": "REQ", "tipo__descricao": "REQUERIMENTO", "autoria": "02 - Irm\u00e3o Bi\u00e1", "texto_original": "http://sapl.olinda.pe.leg.br/media/", "ementa": "Requer a poda\u00e7\u00e3o em car\u00e1ter de urg\u00eancia de uma \u00e1rvore na Rua 1\u00aa Travessa do Amanhecer , n\u00ba 52 em \u00c1guas Compridas"}, {"id": "1719", "ano": "2020", "numero": "166", "tipo__sigla": "REQ", "tipo__descricao": "REQUERIMENTO", "autoria": "Jo\u00e3o P\u00e9 no Ch\u00e3o", "texto_original": "http://sapl.olinda.pe.leg.br/media/", "ementa": "Requer troca de l\u00e2mpada queimada na Travessa do Cacimb\u00e3o, n\u00ba 274 em Salgadinho"}, {"id": "1720", "ano": "2020", "numero": "167", "tipo__sigla": "REQ", "tipo__descricao": "REQUERIMENTO", "autoria": "Jo\u00e3o P\u00e9 no Ch\u00e3o", "texto_original": "http://sapl.olinda.pe.leg.br/media/", "ementa": "Requer poda de \u00e1rvore na Rua 1\u00aa Travessa do Cacimb\u00e3o , n\u00ba 549 em Salgadinho"}, {"id": "1721", "ano": "2020", "numero": "168", "tipo__sigla": "REQ", "tipo__descricao": "REQUERIMENTO", "autoria": "Jo\u00e3o P\u00e9 no Ch\u00e3o", "texto_original": "http://sapl.olinda.pe.leg.br/media/", "ementa": "Requer a troca de l\u00e2mpada queimada na Rua Os\u00f3riuo de Morais, n\u00ba 285 bairro de Salgadinho"}, {"id": "1722", "ano": "2020", "numero": "169", "tipo__sigla": "REQ", "tipo__descricao": "REQUERIMENTO", "autoria": "Jo\u00e3o P\u00e9 no Ch\u00e3o", "texto_original": "http://sapl.olinda.pe.leg.br/media/", "ementa": "Requer a troca de l\u00e2mpada queimada na Rua Isabel Burgos Ferreira, n\u00ba 116 bairro de Salgadinho"}, {"id": "1723", "ano": "2020", "numero": "170", "tipo__sigla": "REQ", "tipo__descricao": "REQUERIMENTO", "autoria": "Jo\u00e3o P\u00e9 no Ch\u00e3o", "texto_original": "http://sapl.olinda.pe.leg.br/media/", "ementa": "Requer a retirada de lixo e entulhos, que se encontra na PE-15, ap\u00f3s a passarela da Faculdade FACHO , pois esse lixo se encontra na cal\u00e7ada."}, {"id": "1724", "ano": "2020", "numero": "171", "tipo__sigla": "REQ", "tipo__descricao": "REQUERIMENTO", "autoria": "Jo\u00e3o P\u00e9 no Ch\u00e3o", "texto_original": "http://sapl.olinda.pe.leg.br/media/", "ementa": "Requer a troca de l\u00e2mpada queimada na Rua Maria Dourada, n\u00ba 282 , bairro de S\u00edtio Novo."}, {"id": "1725", "ano": "2020", "numero": "172", "tipo__sigla": "REQ", "tipo__descricao": "REQUERIMENTO", "autoria": "02 - Irm\u00e3o Bi\u00e1", "texto_original": "http://sapl.olinda.pe.leg.br/media/", "ementa": "Requer pedido de informa\u00e7\u00e3o : Por que n\u00e3o foi colocada a placa de sinaliza\u00e7\u00e3o da obra da academia da cidade, na Estrada do Caenga, \u00c1guas Compridas, contendo o valor da obra, inicio e t\u00e9rmino previsto e empresa contratada?"}, {"id": "1726", "ano": "2020", "numero": "173", "tipo__sigla": "REQ", "tipo__descricao": "REQUERIMENTO", "autoria": "17 - VLADEMIR LABANCA", "texto_original": "http://sapl.olinda.pe.leg.br/media/", "ementa": "Requer a manuten\u00e7\u00e3o com opera\u00e7\u00e3o de limpeza e capina\u00e7\u00e3o na Rua Helena Liura Silva (antiga Rua C7) , ao lado da Escola Mascarenhas de Moraes localizada no bairro de Ouro Preto"}, {"id": "1727", "ano": "2020", "numero": "174", "tipo__sigla": "REQ", "tipo__descricao": "REQUERIMENTO", "autoria": "17 - VLADEMIR LABANCA", "texto_original": "http://sapl.olinda.pe.leg.br/media/", "ementa": "Requer que seja providenciado uma m\u00e1quina para planar o terreno da capela da Ressurrei\u00e7\u00e3o na Rua Manoel Clementino Marques, n\u00ba 40 ;"}, {"id": "1728", "ano": "2020", "numero": "175", "tipo__sigla": "REQ", "tipo__descricao": "REQUERIMENTO", "autoria": "Alg\u00e9rio a Nossa Voz", "texto_original": "http://sapl.olinda.pe.leg.br/media/", "ementa": "Requer voto de aplauso ao Pastor Ailton Jos\u00e9 Alves , pela relevante iniciativa de promover o Simp\u00f3sio de Doutrinas B\u00edblicas realizada nos dias 21 a 26 de fevereiro de 2020 com a participa\u00e7\u00e3o de 7000 pessoas no munic\u00edpio de Olinda , evento destinado a promo\u00e7\u00e3o e valoriza\u00e7\u00e3o da fam\u00edlia, sem gera\u00e7\u00e3o de custos ao er\u00e1rio municipal."}, {"id": "1739", "ano": "2020", "numero": "176", "tipo__sigla": "REQ", "tipo__descricao": "REQUERIMENTO", "autoria": "Jo\u00e3o P\u00e9 no Ch\u00e3o", "texto_original": "http://sapl.olinda.pe.leg.br/media/", "ementa": "Requer m\u00e1quina,servi\u00e7o de terraplanagem onde existem buraco e entulhos na Rua Ant\u00f4nio Dias , n\u00ba 35 no bairro do Bultrins"}, {"id": "1740", "ano": "2020", "numero": "177", "tipo__sigla": "REQ", "tipo__descricao": "REQUERIMENTO", "autoria": "14 - RICARDO SOUSA", "texto_original": "http://sapl.olinda.pe.leg.br/media/", "ementa": "Requer a troca da l\u00e2mpada do poste localizado na Rua Quarenta e Oito, pr\u00f3ximo ao Campo do N\u00f4, na IV etapa do bairro do Rio Doce."}, {"id": "1741", "ano": "2020", "numero": "178", "tipo__sigla": "REQ", "tipo__descricao": "REQUERIMENTO", "autoria": "14 - RICARDO SOUSA", "texto_original": "http://sapl.olinda.pe.leg.br/media/", "ementa": "Requer a troca da l\u00e2mpada do poste localizado na Rua 52 em frente ao n\u00b0 125, na IV etapa do bairro do Rio Doce."}, {"id": "1742", "ano": "2020", "numero": "179", "tipo__sigla": "REQ", "tipo__descricao": "REQUERIMENTO", "autoria": "14 - RICARDO SOUSA", "texto_original": "http://sapl.olinda.pe.leg.br/media/", "ementa": "Requer a troca da l\u00e2mpada do poste localizado na Rua 42 em frente ao n\u00b0 10, na IV etapa do bairro do Rio Doce."}, {"id": "1743", "ano": "2020", "numero": "180", "tipo__sigla": "REQ", "tipo__descricao": "REQUERIMENTO", "autoria": "Jorge Federal", "texto_original": "http://sapl.olinda.pe.leg.br/media/", "ementa": "Requer Reiteramos o pedido de averigua\u00e7\u00e3o de den\u00fancia sobre possibilidade de polui\u00e7\u00e3o sonora e ambiental provocada pela empresa FRIBRASMAR, localizada \u00e0 Rua Carmela Dutra \u2013 Vila Popular \u2013 Olinda, bem como den\u00fancia de invas\u00e3o de via p\u00fablica pela citada localidade;"}, {"id": "1744", "ano": "2020", "numero": "181", "tipo__sigla": "REQ", "tipo__descricao": "REQUERIMENTO", "autoria": "Jorge Federal", "texto_original": "http://sapl.olinda.pe.leg.br/media/", "ementa": "Requer o retorno do trajeto da linha Amparo \u00e0s seguintes vias: Estrada do Bonsucesso, Largo do Amparo, Rua do Guadalupe, Av. M\u00e1rio Melo, Rua da Saudade e Av. Joaquim Nabuco \u2013 Olinda -PE;"}, {"id": "1745", "ano": "2020", "numero": "182", "tipo__sigla": "REQ", "tipo__descricao": "REQUERIMENTO", "autoria": "16 - BIAI", "texto_original": "http://sapl.olinda.pe.leg.br/media/", "ementa": "Requer pavimenta\u00e7\u00e3o /cal\u00e7amento da Rua 78 na 4\u00aa Etapa do bairro do Rio Doce/Olinda-PE, pois a mesma encontra-se bastante danificada, necessitando urgente que seja feito o servi\u00e7o;"}, {"id": "1746", "ano": "2020", "numero": "183", "tipo__sigla": "REQ", "tipo__descricao": "REQUERIMENTO", "autoria": "16 - BIAI", "texto_original": "http://sapl.olinda.pe.leg.br/media/", "ementa": "Requer pavimenta\u00e7\u00e3o /cal\u00e7amento da Rua Delmiro Monteiro da purifica\u00e7\u00e3o no bairro do Jardim Atl\u00e2ntico/Olinda-PE, pois a mesma encontra-se bastante danificada, necessitando urgente que seja feito o servi\u00e7o."}, {"id": "1747", "ano": "2020", "numero": "184", "tipo__sigla": "REQ", "tipo__descricao": "REQUERIMENTO", "autoria": "Jo\u00e3o P\u00e9 no Ch\u00e3o", "texto_original": "http://sapl.olinda.pe.leg.br/media/", "ementa": "Requer a troca de l\u00e2mpada apagada na Rua Nilton Braga em frente as casas de n\u00ba 320 e n\u00ba 39, no bairro de S\u00edtio Novo."}, {"id": "1751", "ano": "2020", "numero": "185", "tipo__sigla": "REQ", "tipo__descricao": "REQUERIMENTO", "autoria": "15 - SAULO HOLANDA", "texto_original": "http://sapl.olinda.pe.leg.br/media/", "ementa": "Requer servi\u00e7o de requalifica\u00e7\u00e3o nos postes da Rua Fortaleza em Jardim Brasil II;"}, {"id": "1752", "ano": "2020", "numero": "186", "tipo__sigla": "REQ", "tipo__descricao": "REQUERIMENTO", "autoria": "15 - SAULO HOLANDA", "texto_original": "http://sapl.olinda.pe.leg.br/media/", "ementa": "Requer servi\u00e7o de requalifica\u00e7\u00e3o nos postes da Rua Piau\u00ed em Jardim Brasil II;"}, {"id": "1753", "ano": "2020", "numero": "187", "tipo__sigla": "REQ", "tipo__descricao": "REQUERIMENTO", "autoria": "15 - SAULO HOLANDA", "texto_original": "http://sapl.olinda.pe.leg.br/media/", "ementa": "Requer servi\u00e7o de requalifica\u00e7\u00e3o nos postes da Rua Parna\u00edba em Jardim Brasil II"}, {"id": "1754", "ano": "2020", "numero": "188", "tipo__sigla": "REQ", "tipo__descricao": "REQUERIMENTO", "autoria": "15 - SAULO HOLANDA", "texto_original": "http://sapl.olinda.pe.leg.br/media/", "ementa": "Requer servi\u00e7o de requalifica\u00e7\u00e3o nos postes da Rua Bel\u00e9m em Jardim Brasil II;"}, {"id": "1755", "ano": "2020", "numero": "189", "tipo__sigla": "REQ", "tipo__descricao": "REQUERIMENTO", "autoria": "15 - SAULO HOLANDA", "texto_original": "http://sapl.olinda.pe.leg.br/media/", "ementa": "Requer servi\u00e7o de requalifica\u00e7\u00e3o nos postes da Rua Para\u00edba em Jardim Brasil II"}, {"id": "1756", "ano": "2020", "numero": "190", "tipo__sigla": "REQ", "tipo__descricao": "REQUERIMENTO", "autoria": "15 - SAULO HOLANDA", "texto_original": "http://sapl.olinda.pe.leg.br/media/", "ementa": "Requer servi\u00e7o de requalifica\u00e7\u00e3o nos postes da Rua Bara\u00fa em Jardim Brasil II;"}, {"id": "1757", "ano": "2020", "numero": "191", "tipo__sigla": "REQ", "tipo__descricao": "REQUERIMENTO", "autoria": "15 - SAULO HOLANDA", "texto_original": "http://sapl.olinda.pe.leg.br/media/", "ementa": "Requer servi\u00e7o de requalifica\u00e7\u00e3o nos postes da Rua Bananal em Jardim Brasil II;"}, {"id": "1758", "ano": "2020", "numero": "192", "tipo__sigla": "REQ", "tipo__descricao": "REQUERIMENTO", "autoria": "15 - SAULO HOLANDA", "texto_original": "http://sapl.olinda.pe.leg.br/media/", "ementa": "Requer servi\u00e7o de requalifica\u00e7\u00e3o nos postes da Rua Santar\u00e9m em Jardim Brasil II;"}, {"id": "1759", "ano": "2020", "numero": "193", "tipo__sigla": "REQ", "tipo__descricao": "REQUERIMENTO", "autoria": "15 - SAULO HOLANDA", "texto_original": "http://sapl.olinda.pe.leg.br/media/", "ementa": "Requer servi\u00e7o de requalifica\u00e7\u00e3o nos postes da Rua Castanhal em Jardim Brasil II;"}, {"id": "1760", "ano": "2020", "numero": "194", "tipo__sigla": "REQ", "tipo__descricao": "REQUERIMENTO", "autoria": "15 - SAULO HOLANDA", "texto_original": "http://sapl.olinda.pe.leg.br/media/", "ementa": "Requer servi\u00e7o de requalifica\u00e7\u00e3o nos postes da Rua Goiana em Jardim Brasil II;"}, {"id": "1761", "ano": "2020", "numero": "195", "tipo__sigla": "REQ", "tipo__descricao": "REQUERIMENTO", "autoria": "15 - SAULO HOLANDA", "texto_original": "http://sapl.olinda.pe.leg.br/media/", "ementa": "Requer servi\u00e7o de requalifica\u00e7\u00e3o nos postes da Rua Rio Grande do Norte em Jardim Brasil II;"}, {"id": "1762", "ano": "2020", "numero": "196", "tipo__sigla": "REQ", "tipo__descricao": "REQUERIMENTO", "autoria": "15 - SAULO HOLANDA", "texto_original": "http://sapl.olinda.pe.leg.br/media/", "ementa": "Requer servi\u00e7o de requalifica\u00e7\u00e3o nos postes da Rua Rio Jo\u00e3o Pessoa em Jardim Brasil II;"}, {"id": "1763", "ano": "2020", "numero": "197", "tipo__sigla": "REQ", "tipo__descricao": "REQUERIMENTO", "autoria": "15 - SAULO HOLANDA", "texto_original": "http://sapl.olinda.pe.leg.br/media/", "ementa": "Requer servi\u00e7o de requalifica\u00e7\u00e3o nos postes da Rua Terezinha em Jardim Brasil II;"}, {"id": "1764", "ano": "2020", "numero": "198", "tipo__sigla": "REQ", "tipo__descricao": "REQUERIMENTO", "autoria": "15 - SAULO HOLANDA", "texto_original": "http://sapl.olinda.pe.leg.br/media/", "ementa": "Requer servi\u00e7os de limpeza urgente desobstru\u00e7\u00e3o e coloca\u00e7\u00e3o de placa na canaleta da Rua Agripino Barbosa em S\u00edtio Novo;"}, {"id": "1765", "ano": "2020", "numero": "199", "tipo__sigla": "REQ", "tipo__descricao": "REQUERIMENTO", "autoria": "15 - SAULO HOLANDA", "texto_original": "http://sapl.olinda.pe.leg.br/media/", "ementa": "Requer servi\u00e7os de requalifica\u00e7\u00e3o nos postes da Vila Jamaica em Jardim Brasil II"}, {"id": "1771", "ano": "2020", "numero": "200", "tipo__sigla": "REQ", "tipo__descricao": "REQUERIMENTO", "autoria": "14 - RICARDO SOUSA", "texto_original": "http://sapl.olinda.pe.leg.br/media/", "ementa": "Solicita que verifique junto a COMPESA \u2013 Companhia Pernambucana de Saneamento e a Ger\u00eancia de Unidade de Neg\u00f3cio Metropolitana Centro Norte o que est\u00e1 acontecendo com a qualidade do abastecimento de \u00e1gua na Rua 08 , n\u00ba 20 na 5\u00aa Etapa de Rio Doce."}, {"id": "1772", "ano": "2020", "numero": "201", "tipo__sigla": "REQ", "tipo__descricao": "REQUERIMENTO", "autoria": "11 - M\u00c1RCIO BARBOSA", "texto_original": "http://sapl.olinda.pe.leg.br/media/", "ementa": "Requer servi\u00e7o urgente coloca\u00e7\u00e3o de lonas pl\u00e1sticas e corte em todas as barreiras do Alto do Sol Nascente em Olinda."}, {"id": "1773", "ano": "2020", "numero": "202", "tipo__sigla": "REQ", "tipo__descricao": "REQUERIMENTO", "autoria": "11 - M\u00c1RCIO BARBOSA", "texto_original": "http://sapl.olinda.pe.leg.br/media/", "ementa": "Requer servi\u00e7o urgente caminh\u00e3o de suc\u00e7\u00e3o para desobstru\u00e7\u00e3o e limpeza nas canaletas da esquina da Rua Sanhar\u00f3 n\u00ba 132 Transversal com a Rua do Progresso no bairro de Peixinhos"}, {"id": "1774", "ano": "2020", "numero": "203", "tipo__sigla": "REQ", "tipo__descricao": "REQUERIMENTO", "autoria": "11 - M\u00c1RCIO BARBOSA", "texto_original": "http://sapl.olinda.pe.leg.br/media/", "ementa": "Requer servi\u00e7o urgente coloca\u00e7\u00e3o de lonas pl\u00e1sticas e corte em todas as barreiras do Alto da Bondade"}, {"id": "1775", "ano": "2020", "numero": "204", "tipo__sigla": "REQ", "tipo__descricao": "REQUERIMENTO", "autoria": "11 - M\u00c1RCIO BARBOSA", "texto_original": "http://sapl.olinda.pe.leg.br/media/", "ementa": "Requer servi\u00e7o urgente de corte e coloca\u00e7\u00e3o de lonas pl\u00e1sticas na barreira da Primeira Travessa Severino Sim\u00e3o n\u00ba 84 em Sapucaia de Dentro"}, {"id": "1776", "ano": "2020", "numero": "205", "tipo__sigla": "REQ", "tipo__descricao": "REQUERIMENTO", "autoria": "11 - M\u00c1RCIO BARBOSA", "texto_original": "http://sapl.olinda.pe.leg.br/media/", "ementa": "Requer com urg\u00eancia coloca\u00e7\u00e3o de lonas pl\u00e1sticas e corte em todas as barreiras do bairro de Jardim Brasil 5"}, {"id": "1777", "ano": "2020", "numero": "206", "tipo__sigla": "REQ", "tipo__descricao": "REQUERIMENTO", "autoria": "11 - M\u00c1RCIO BARBOSA", "texto_original": "http://sapl.olinda.pe.leg.br/media/", "ementa": "Requer com urg\u00eancia coloca\u00e7\u00e3o de lonas pl\u00e1sticas e corte em todas as barreiras da Rua  C no bairro de Sapucaia de Dentro"}, {"id": "1778", "ano": "2020", "numero": "207", "tipo__sigla": "REQ", "tipo__descricao": "REQUERIMENTO", "autoria": "11 - M\u00c1RCIO BARBOSA", "texto_original": "http://sapl.olinda.pe.leg.br/media/", "ementa": "Requer com urg\u00eancia coloca\u00e7\u00e3o de lonas pl\u00e1sticas e corte em todas as barreiras da Rua da Bica e todas as suas travessas no bairro de Sapucaia de Dentro"}, {"id": "1779", "ano": "2020", "numero": "208", "tipo__sigla": "REQ", "tipo__descricao": "REQUERIMENTO", "autoria": "11 - M\u00c1RCIO BARBOSA", "texto_original": "http://sapl.olinda.pe.leg.br/media/", "ementa": "Requer com urg\u00eancia coloca\u00e7\u00e3o de lonas pl\u00e1sticas e corte em todas as barreiras do C\u00f3rrego do Abacaxi"}, {"id": "1780", "ano": "2020", "numero": "209", "tipo__sigla": "REQ", "tipo__descricao": "REQUERIMENTO", "autoria": "11 - M\u00c1RCIO BARBOSA", "texto_original": "http://sapl.olinda.pe.leg.br/media/", "ementa": "Requer com urg\u00eancia coloca\u00e7\u00e3o de lonas pl\u00e1sticas e corte em todas as barreiras do bairro do Alto da Bondade"}, {"id": "1781", "ano": "2020", "numero": "210", "tipo__sigla": "REQ", "tipo__descricao": "REQUERIMENTO", "autoria": "14 - RICARDO SOUSA", "texto_original": "http://sapl.olinda.pe.leg.br/media/", "ementa": "Requer com urg\u00eancia coloca\u00e7\u00e3o de lonas pl\u00e1sticas e corte em todas as barreiras do bairro do Alto da Conquista"}, {"id": "1782", "ano": "2020", "numero": "211", "tipo__sigla": "REQ", "tipo__descricao": "REQUERIMENTO", "autoria": "11 - M\u00c1RCIO BARBOSA", "texto_original": "http://sapl.olinda.pe.leg.br/media/", "ementa": "Requer com urg\u00eancia coloca\u00e7\u00e3o de lonas pl\u00e1sticas e corte em todas as barreiras do bairro de \u00c1guas Compridas."}, {"id": "1783", "ano": "2020", "numero": "212", "tipo__sigla": "REQ", "tipo__descricao": "REQUERIMENTO", "autoria": "16 - BIAI", "texto_original": "http://sapl.olinda.pe.leg.br/media/", "ementa": "Requer coloca\u00e7\u00e3o de corrim\u00e3o para acesso de pessoas com dificuldade de locomo\u00e7\u00e3o no embarque e desembarque do terminal de passageiros na rua Paran\u00e1 no bairro de Jardim Brasil 1"}, {"id": "1789", "ano": "2020", "numero": "213", "tipo__sigla": "REQ", "tipo__descricao": "REQUERIMENTO", "autoria": "Jo\u00e3o P\u00e9 no Ch\u00e3o", "texto_original": "http://sapl.olinda.pe.leg.br/media/", "ementa": "Requer \u00a0a desobstru\u00e7\u00e3o de canal em frente a casa n\u00ba 742 na Rua Carmela Dutra em Vila Popular;"}, {"id": "1790", "ano": "2020", "numero": "214", "tipo__sigla": "REQ", "tipo__descricao": "REQUERIMENTO", "autoria": "Jo\u00e3o P\u00e9 no Ch\u00e3o", "texto_original": "http://sapl.olinda.pe.leg.br/media/", "ementa": "Requer a troca de l\u00e2mpadas apagadas nas proximidades do Campo CECOP\u00c3O em Ouro Preto."}, {"id": "1791", "ano": "2020", "numero": "215", "tipo__sigla": "REQ", "tipo__descricao": "REQUERIMENTO", "autoria": "07 - JESU\u00cdNO ARA\u00daJO", "texto_original": "http://sapl.olinda.pe.leg.br/media/", "ementa": "Requer servi\u00e7os de cal\u00e7amento/asfalto da Rua Caminho do Sol, CEP: 53350-085 bairro da Cidade Tabajara."}, {"id": "1792", "ano": "2020", "numero": "216", "tipo__sigla": "REQ", "tipo__descricao": "REQUERIMENTO", "autoria": "Edmilson Fernandes", "texto_original": "http://sapl.olinda.pe.leg.br/media/", "ementa": "Requer providencias contra a COMPESA e suas terceirizadas, no sentido de d\u00e1 informa\u00e7\u00f5es antecipadas das ruas, avenidas e logradouros onde ser\u00e3o executados trabalhos a serem realizadas pelas mesmas com prazo de in\u00edcio e t\u00e9rmino dos servi\u00e7os;"}, {"id": "1793", "ano": "2020", "numero": "217", "tipo__sigla": "REQ", "tipo__descricao": "REQUERIMENTO", "autoria": "02 - Irm\u00e3o Bi\u00e1", "texto_original": "http://sapl.olinda.pe.leg.br/media/", "ementa": "Requer audi\u00eancia P\u00fablica dia 25 de mar\u00e7o de 2020 \u00e0s 10 h para discutir as obras inacabadas na Cidade de Olinda Posto de Sa\u00fade de Rio Doce/4\u00aa Etapa de Rio Doce, Olinda/Jardim Brasil, UPA Rio Doce, Maternidade Brites de Albuquerque, Mercados P\u00fablicos  , Jardim Fragoso e PE-15."}, {"id": "1795", "ano": "2020", "numero": "218", "tipo__sigla": "REQ", "tipo__descricao": "REQUERIMENTO", "autoria": "17 - VLADEMIR LABANCA", "texto_original": "http://sapl.olinda.pe.leg.br/media/", "ementa": "Requer servi\u00e7o de manuten\u00e7\u00e3o urbana com a opera\u00e7\u00e3o tapa buraco na Rua Helena Lira Silva (antiga Rua C 7 ) localizada no bairro de Ouro Preto;"}, {"id": "1796", "ano": "2020", "numero": "219", "tipo__sigla": "REQ", "tipo__descricao": "REQUERIMENTO", "autoria": "17 - VLADEMIR LABANCA", "texto_original": "http://sapl.olinda.pe.leg.br/media/", "ementa": "Requer servi\u00e7o de limpeza da rede de drenagem e galeria de esgoto , no bairro de Santa Tereza em Olinda;"}, {"id": "1797", "ano": "2020", "numero": "220", "tipo__sigla": "REQ", "tipo__descricao": "REQUERIMENTO", "autoria": "07 - JESU\u00cdNO ARA\u00daJO", "texto_original": "http://sapl.olinda.pe.leg.br/media/", "ementa": "Requer solicita\u00e7\u00e3o de conhecimento, an\u00e1lise e atendimento a pauta de reivindica\u00e7\u00e3o dos enfermeiros, contratados da aten\u00e7\u00e3o de sa\u00fade , conforme abaixo transcrito: \r\n1.\tAumento salarial para R$ 4500,00 ;\r\n2.\tInsalubridade,risco sa\u00fade de 20% que \u00e9 de direito independente de ser concursado ou n\u00e3o;\r\n3.\tAdicional do SUS;\r\n4.\tFlexibilidade no ponto eletr\u00f4nico bater s\u00f3 entrada e sa\u00edda;\r\n5.\tHor\u00e1rio estendido remunerado ou duas folgas no m\u00eas;\r\n6.\tRecebimento de qualifica\u00e7\u00e3o dos servi\u00e7os (PMAQ) independente de est\u00e1 completa ou n\u00e3o, pois quando a unidade esta sem m\u00e9dico o enfermeiros em dobro;\r\n7.\tReceber PMAQ no m\u00eas de f\u00e9rias;\r\n8.\tMelhoria nas condi\u00e7\u00f5es de trabalho e na infraestrutura do mesmo;\r\n9.\tConsertar os ar condicionados quebrados nas Unidades de sa\u00fade."}, {"id": "1798", "ano": "2020", "numero": "221", "tipo__sigla": "REQ", "tipo__descricao": "REQUERIMENTO", "autoria": "Jo\u00e3o P\u00e9 no Ch\u00e3o", "texto_original": "http://sapl.olinda.pe.leg.br/media/", "ementa": "Requer a troca de l\u00e2mpadas queimadas na Rua 1\u00ba de Maio em frente ao n\u00ba 236 em Peixinhos;"}, {"id": "1799", "ano": "2020", "numero": "222", "tipo__sigla": "REQ", "tipo__descricao": "REQUERIMENTO", "autoria": "Jo\u00e3o P\u00e9 no Ch\u00e3o", "texto_original": "http://sapl.olinda.pe.leg.br/media/", "ementa": "Requer a troca de l\u00e2mpadas queimadas na Rua 1\u00ba de Maio em frente ao n\u00ba 372 em Peixinhos;"}, {"id": "1794", "ano": "2020", "numero": "223", "tipo__sigla": "REQ", "tipo__descricao": "REQUERIMENTO", "autoria": "11 - M\u00c1RCIO BARBOSA", "texto_original": "http://sapl.olinda.pe.leg.br/media/", "ementa": "Voto de aplauso ao Comandante do 11\u00ba BPM , TC, Marcos Aur\u00e9lio Evangelista Monteiro, Sdr. Subcomandante Major Fl\u00e1vio Henrique Duarte Santos e toda sua corpora\u00e7\u00e3o pela atua\u00e7\u00e3o no carnaval de 2020 bloco da Rainha na comunidade Aguazinha"}, {"id": "1800", "ano": "2020", "numero": "224", "tipo__sigla": "REQ", "tipo__descricao": "REQUERIMENTO", "autoria": "Jorge Federal", "texto_original": "http://sapl.olinda.pe.leg.br/media/", "ementa": "Requer a verifica\u00e7\u00e3o de den\u00fancias de irregularidades na obra de cal\u00e7amento da Rua farmac\u00eautico Gon\u00e7alo de Freitas , Varadouro."}, {"id": "1801", "ano": "2020", "numero": "225", "tipo__sigla": "REQ", "tipo__descricao": "REQUERIMENTO", "autoria": "Jorge Federal", "texto_original": "http://sapl.olinda.pe.leg.br/media/", "ementa": "Requer substitui\u00e7\u00e3o de l\u00e2mpada queimada no poste em frente ao im\u00f3vel de n\u00ba 175 da rua Israel Vieira Ferreira N\u00ba 175, no bairro do Monte."}, {"id": "1802", "ano": "2020", "numero": "226", "tipo__sigla": "REQ", "tipo__descricao": "REQUERIMENTO", "autoria": "Jorge Federal", "texto_original": "http://sapl.olinda.pe.leg.br/media/", "ementa": "Requer substitui\u00e7\u00e3o de l\u00e2mpada queimada no poste em frente aos im\u00f3veis de n\u00bas 438 e 452 da rua Dom Bonif\u00e1cio Jansen, no bairro do Monte."}, {"id": "1812", "ano": "2020", "numero": "227", "tipo__sigla": "REQ", "tipo__descricao": "REQUERIMENTO", "autoria": "07 - JESU\u00cdNO ARA\u00daJO", "texto_original": "http://sapl.olinda.pe.leg.br/media/", "ementa": "Requer provid\u00eancias para servi\u00e7o de cal\u00e7amento/asfalto para a Rua Mergulh\u00e3o, Rio Doce"}, {"id": "1813", "ano": "2020", "numero": "228", "tipo__sigla": "REQ", "tipo__descricao": "REQUERIMENTO", "autoria": "14 - RICARDO SOUSA", "texto_original": "http://sapl.olinda.pe.leg.br/media/", "ementa": "Requer que seja adotado um intervalo menor entre as viagens de todos os coletivos que trafegam em nossa cidade durante o per\u00edodo das 5 h \u00e0s 9 h no per\u00edodo da manh\u00e3 e das 17 h \u00e0s 21 h, como medida para evitar a dissemina\u00e7\u00e3o do novo coronav\u00edrus;"}, {"id": "1814", "ano": "2020", "numero": "229", "tipo__sigla": "REQ", "tipo__descricao": "REQUERIMENTO", "autoria": "Jo\u00e3o P\u00e9 no Ch\u00e3o", "texto_original": "http://sapl.olinda.pe.leg.br/media/", "ementa": "Requer troca de duas l\u00e2mpadas no poste localizado na Rua Dela Rosa em frente as casas n\u00ba 30 e 150 no bairro de Jardim Atl\u00e2ntico ;"}, {"id": "1815", "ano": "2020", "numero": "230", "tipo__sigla": "REQ", "tipo__descricao": "REQUERIMENTO", "autoria": "Jo\u00e3o P\u00e9 no Ch\u00e3o", "texto_original": "http://sapl.olinda.pe.leg.br/media/", "ementa": "Requer a troca de uma l\u00e2mpada no poste localizado na Rua Herculano Bandeira em frente a casa n\u00ba 28 em S\u00edtio Novo;"}, {"id": "1816", "ano": "2020", "numero": "231", "tipo__sigla": "REQ", "tipo__descricao": "REQUERIMENTO", "autoria": "Jo\u00e3o P\u00e9 no Ch\u00e3o", "texto_original": "http://sapl.olinda.pe.leg.br/media/", "ementa": "Requer a tr\u00eas l\u00e2mpadas apagadas no poste localizado na Rua Silvestre em frente as casas n\u00ba 26,28 e 35 no bairro de Jardim Atl\u00e2ntico;"}, {"id": "1817", "ano": "2020", "numero": "232", "tipo__sigla": "REQ", "tipo__descricao": "REQUERIMENTO", "autoria": "Jo\u00e3o P\u00e9 no Ch\u00e3o", "texto_original": "http://sapl.olinda.pe.leg.br/media/", "ementa": "Requer a troca de l\u00e2mpada apagada no poste localizado na Rua Calceol\u00e1ria em frente a casa n\u00ba 26 no bairro de Jardim Atl\u00e2ntico;"}, {"id": "1818", "ano": "2020", "numero": "233", "tipo__sigla": "REQ", "tipo__descricao": "REQUERIMENTO", "autoria": "Jo\u00e3o P\u00e9 no Ch\u00e3o", "texto_original": "http://sapl.olinda.pe.leg.br/media/", "ementa": "Requer a troca de l\u00e2mpada apagada no poste localizado na Rua Sarc\u00f3dio em frente a casa n\u00ba 36 no bairro de Jardim Atl\u00e2ntico;"}, {"id": "1819", "ano": "2020", "numero": "234", "tipo__sigla": "REQ", "tipo__descricao": "REQUERIMENTO", "autoria": "Jo\u00e3o P\u00e9 no Ch\u00e3o", "texto_original": "http://sapl.olinda.pe.leg.br/media/", "ementa": "Requer a troca de l\u00e2mpada apagada no poste localizado na Avenida Integra\u00e7\u00e3o, quadra 725 , Conjunto Habitacional Rio Doce;"}, {"id": "1820", "ano": "2020", "numero": "235", "tipo__sigla": "REQ", "tipo__descricao": "REQUERIMENTO", "autoria": "Jo\u00e3o P\u00e9 no Ch\u00e3o", "texto_original": "http://sapl.olinda.pe.leg.br/media/", "ementa": "Requer a troca de l\u00e2mpada apagada no poste localizado na Avenida Integra\u00e7\u00e3o, quadra 571;"}, {"id": "1821", "ano": "2020", "numero": "236", "tipo__sigla": "REQ", "tipo__descricao": "REQUERIMENTO", "autoria": "14 - RICARDO SOUSA", "texto_original": "http://sapl.olinda.pe.leg.br/media/", "ementa": "Requer que seja garantida a merenda escolar da rede municipal de ensino atrav\u00e9s de kits de alimenta\u00e7\u00e3o que os pais poder\u00e3o ter acesso na escola."}, {"id": "1822", "ano": "2020", "numero": "237", "tipo__sigla": "REQ", "tipo__descricao": "REQUERIMENTO", "autoria": "Jo\u00e3o P\u00e9 no Ch\u00e3o", "texto_original": "http://sapl.olinda.pe.leg.br/media/", "ementa": "Requer a troca de l\u00e2mpadas queimadas na Rua Surubim poste A023095 em Peixinhos;"}, {"id": "1823", "ano": "2020", "numero": "238", "tipo__sigla": "REQ", "tipo__descricao": "REQUERIMENTO", "autoria": "Marcelo Soares", "texto_original": "http://sapl.olinda.pe.leg.br/media/", "ementa": "Requer o pagamento de toda a cadeia produtiva que exerceu atividades no carnaval 2020 na cidade de Olinda;"}, {"id": "1824", "ano": "2020", "numero": "239", "tipo__sigla": "REQ", "tipo__descricao": "REQUERIMENTO", "autoria": "02 - Irm\u00e3o Bi\u00e1", "texto_original": "http://sapl.olinda.pe.leg.br/media/", "ementa": "Requer que seja criada Comiss\u00e3o Especial na forma do art.76 , do Regimento Interno desta Casa , para acompanhamento e fiscaliza\u00e7\u00e3o da aplica\u00e7\u00e3o dos recursos financeiros destinados ao combate da pandemia do COVID-19, no \u00e2mbito do munic\u00edpio de Olinda."}, {"id": "1825", "ano": "2020", "numero": "240", "tipo__sigla": "REQ", "tipo__descricao": "REQUERIMENTO", "autoria": "14 - RICARDO SOUSA", "texto_original": "http://sapl.olinda.pe.leg.br/media/", "ementa": "Requer a abertura da UPA de Rio Doce atender pacientes acometidos com o Coronav\u00edrus em nossa cidade;"}, {"id": "1826", "ano": "2020", "numero": "241", "tipo__sigla": "REQ", "tipo__descricao": "REQUERIMENTO", "autoria": "14 - RICARDO SOUSA", "texto_original": "http://sapl.olinda.pe.leg.br/media/", "ementa": "Tornar obrigat\u00f3rio o uso de m\u00e1scara de prote\u00e7\u00e3o respirat\u00f3rio como tamb\u00e9m a medi\u00e7\u00e3o da temperatura corporal antes de entrar em terminais integrados de passageiros de nossa cidade"}, {"id": "1827", "ano": "2020", "numero": "242", "tipo__sigla": "REQ", "tipo__descricao": "REQUERIMENTO", "autoria": "14 - RICARDO SOUSA", "texto_original": "http://sapl.olinda.pe.leg.br/media/", "ementa": "Requer que seja estabelecido um conv\u00eanio entre a secretaria de sa\u00fade do munic\u00edpio e os hospitais Esperan\u00e7a de Olinda e o Hospital S\u00e3o Salvador para que parte dos leitos de enfermaria e UTI sejam destinados a atender pacientes acometidos com o Coronav\u00edrus em nossa cidade;"}, {"id": "1828", "ano": "2020", "numero": "243", "tipo__sigla": "REQ", "tipo__descricao": "REQUERIMENTO", "autoria": "Edmilson Fernandes", "texto_original": "http://sapl.olinda.pe.leg.br/media/", "ementa": "Requer que coloque decreto municipal o funcionamento das Associa\u00e7\u00f5es de Moradores \tque realizam servi\u00e7os essenciais para a popula\u00e7\u00e3o ,como por exemplo Associa\u00e7\u00e3o de Moradores da 1\u00aa e 2\u00aa Etapa de Rio Doce, que desde a libera\u00e7\u00e3o do aux\u00edlio emergencial evitou a aglomera\u00e7\u00e3o de centenas de pessoas em filas da Caixa Econ\u00f4mica Federal;"}, {"id": "1829", "ano": "2020", "numero": "244", "tipo__sigla": "REQ", "tipo__descricao": "REQUERIMENTO", "autoria": "Edmilson Fernandes", "texto_original": "http://sapl.olinda.pe.leg.br/media/", "ementa": "Requer a implanta\u00e7\u00e3o de v\u00e1rios pontos de assepsia para a comunidade ou seja instalar pias e caixas com \u00e1gua e sab\u00e3o em v\u00e1rios pontos de muito movimento da cidade como feira livres, nas proximidades do Est\u00e1dio Grito de Rep\u00fablica em Rio Doce para que diminua a prolifera\u00e7\u00e3o da COVID-19;"}, {"id": "1830", "ano": "2020", "numero": "245", "tipo__sigla": "REQ", "tipo__descricao": "REQUERIMENTO", "autoria": "Edmilson Fernandes", "texto_original": "http://sapl.olinda.pe.leg.br/media/", "ementa": "Requer a cria\u00e7\u00e3o de n\u00facleo para emiss\u00e3o de documento de identidade na cidade de Olinda em especial no bairro de Rio Doce no Est\u00e1dio Grito de Rep\u00fablica, na Vila Ol\u00edmpica;"}, {"id": "1831", "ano": "2020", "numero": "246", "tipo__sigla": "REQ", "tipo__descricao": "REQUERIMENTO", "autoria": "Edmilson Fernandes", "texto_original": "http://sapl.olinda.pe.leg.br/media/", "ementa": "Requer a implanta\u00e7\u00e3o de v\u00e1rios pontos de assepsia para a comunidade ou seja instalar pias e caixas com \u00e1gua e sab\u00e3o em v\u00e1rios pontos de muito movimento da cidade como feira livres, nas proximidades do Est\u00e1dio Grito de Rep\u00fablica em Rio Doce para que diminua a prolifera\u00e7\u00e3o da COVID-19 com urg\u00eancia e envio de equipe com bombas de pulveriza\u00e7\u00e3o para desinfetar e/ou higienizar as comunidade"}, {"id": "1832", "ano": "2020", "numero": "247", "tipo__sigla": "REQ", "tipo__descricao": "REQUERIMENTO", "autoria": "Edmilson Fernandes", "texto_original": "http://sapl.olinda.pe.leg.br/media/", "ementa": "Requer a desobstru\u00e7\u00e3o e limpeza do canal da Ilha de Santana e o canal da Av M\u00e9xico com servi\u00e7o de capina\u00e7\u00e3o"}, {"id": "1833", "ano": "2020", "numero": "248", "tipo__sigla": "REQ", "tipo__descricao": "REQUERIMENTO", "autoria": "Edmilson Fernandes", "texto_original": "http://sapl.olinda.pe.leg.br/media/", "ementa": "Requer servi\u00e7o de limpeza e capina\u00e7\u00e3o na Rua Mergulh\u00e3o ao lado da Rua Beija Flor"}, {"id": "1834", "ano": "2020", "numero": "249", "tipo__sigla": "REQ", "tipo__descricao": "REQUERIMENTO", "autoria": "08 - Neto da Beira Rio", "texto_original": "http://sapl.olinda.pe.leg.br/media/", "ementa": "Ordem do Dia \u2013 Requer voto de aplauso para Pollyana do Nascimento Lima, diretora Adminisitrativa e Financeira de Olinda pelos servi\u00e7os prestados a sociedade da Cidade Olinda"}, {"id": "1835", "ano": "2020", "numero": "250", "tipo__sigla": "REQ", "tipo__descricao": "REQUERIMENTO", "autoria": "08 - Neto da Beira Rio", "texto_original": "http://sapl.olinda.pe.leg.br/media/", "ementa": "Ordem do Dia \u2013 Requer voto de aplauso para Rivoneide Pereira da Silva , Secretaria de Servi\u00e7os P\u00fablicos de Olinda e seus relevantes servi\u00e7os prestados a sociedade da Cidade de Olinda"}, {"id": "1836", "ano": "2020", "numero": "251", "tipo__sigla": "REQ", "tipo__descricao": "REQUERIMENTO", "autoria": "16 - BIAI", "texto_original": "http://sapl.olinda.pe.leg.br/media/", "ementa": "REQ.  N\u00b0 251/2020\r\nAutor: Vereador Severino Barbosa de Souza/Biai\r\nAssunto: Requer que seja criado o GRUPO DE TRABALHO CORONAV\u00cdRUS, abrangendo o pessoal da sa\u00fade, m\u00e9dicos, enfermeiros, fisioterapeutas, t\u00e9cnicos, ACS\u00b4s, motoristas de ambul\u00e2ncia, auxiliares de higieniza\u00e7\u00e3o e todos que lidam com pessoas nesse momento de pandemia, guarda municipal, assistente social, fonoaudi\u00f3logo, dentistas, biom\u00e9dicos, recepcionistas, trabalhadores da secretaria de direitos humanos e secretaria de controle urbano, etc. Que esse grupo fa\u00e7a jus a uma gratifica\u00e7\u00e3o de insalubridade/periculosidade, retreoativa a 1\u00ba de Mar\u00e7o de 2020 e que tal gratifica\u00e7\u00e3o seja estipulada pelo Executivo, de acordo com o or\u00e7amento existente para o enfrentamento a essa calamidade atual."}, {"id": "1837", "ano": "2020", "numero": "252", "tipo__sigla": "REQ", "tipo__descricao": "REQUERIMENTO", "autoria": "16 - BIAI", "texto_original": "http://sapl.olinda.pe.leg.br/media/", "ementa": "REQ.  N\u00b0 252/2020\r\nAutor: Vereador Severino Barbosa de Souza/Biai\r\nAssunto: Requer que seja criado um abrigo para animais de rua (c\u00e3es e gatos),"}, {"id": "1838", "ano": "2020", "numero": "253", "tipo__sigla": "REQ", "tipo__descricao": "REQUERIMENTO", "autoria": "16 - BIAI", "texto_original": "http://sapl.olinda.pe.leg.br/media/", "ementa": "REQ.  N\u00b0 253/2020\r\nAutor: Vereador Severino Barbosa de Souza/Biai\r\nAssunto: Requer que seja criada uma Secretaria do Bem Estar Animal,"}, {"id": "1839", "ano": "2020", "numero": "254", "tipo__sigla": "REQ", "tipo__descricao": "REQUERIMENTO", "autoria": "16 - BIAI", "texto_original": "http://sapl.olinda.pe.leg.br/media/", "ementa": "REQ.  N\u00b0 254/2020\r\nAutor: Vereador Severino Barbosa de Souza/Biai\r\nAssunto: Requer que seja implantada em Olinda, uma casa de Atendimento/Acolhimento \u00e0 pessoas/moradores de rua e/ou pessoas que perambulam pelas ruas com graves condi\u00e7\u00f5es emocionais,"}, {"id": "1840", "ano": "2020", "numero": "255", "tipo__sigla": "REQ", "tipo__descricao": "REQUERIMENTO", "autoria": "16 - BIAI", "texto_original": "http://sapl.olinda.pe.leg.br/media/", "ementa": "REQ.  N\u00b0 255/2020\r\nAutor: Vereador Severino Barbosa de Souza/Biai\r\nAssunto: Requer que seja enviado do Executivo um Projeto de Lei para a C\u00e2mara Municipal de Olinda, para criar uma gratifica\u00e7\u00e3o tempor\u00e1ria para os profissionais de sa\u00fade (m\u00e9dicos, enfermeiros, fisioterap\u00eautas, t\u00e9cnicos) que est\u00e3o na linha de frente no combate ao novo coronav\u00edrus, COVI-19"}, {"id": "1841", "ano": "2020", "numero": "256", "tipo__sigla": "REQ", "tipo__descricao": "REQUERIMENTO", "autoria": "17 - VLADEMIR LABANCA", "texto_original": "http://sapl.olinda.pe.leg.br/media/", "ementa": "REQ.  N\u00b0 256/2020\r\nAutor: Vereador Vlademir Labanca\r\nAssunto: Requer prioriza\u00e7\u00e3o com urg\u00eancia a reabertura da caixa econ\u00f4mica de Bairro Novo, Olinda \u2013 PE,"}, {"id": "1887", "ano": "2020", "numero": "265", "tipo__sigla": "REQ", "tipo__descricao": "REQUERIMENTO", "autoria": "10 - PROFESSOR MARCELO", "texto_original": "http://sapl.olinda.pe.leg.br/media/", "ementa": "Req. 265 - Ordem do Dia - Requer  Voto de Aplauso \u2013 Concede votos de Aplauso aos m\u00e9dicos, pelos seus relevantes servi\u00e7os prestados \u00e0 cidade de Olinda,"}, {"id": "1888", "ano": "2020", "numero": "266", "tipo__sigla": "REQ", "tipo__descricao": "REQUERIMENTO", "autoria": "10 - PROFESSOR MARCELO", "texto_original": "http://sapl.olinda.pe.leg.br/media/", "ementa": "Req - 266 - Ordem do Dia -Requer Voto de Aplauso \u2013 Concede votos de aplausos aos conselheiros tutelares de Olinda,"}, {"id": "1894", "ano": "2020", "numero": "267", "tipo__sigla": "REQ", "tipo__descricao": "REQUERIMENTO", "autoria": "10 - PROFESSOR MARCELO", "texto_original": "http://sapl.olinda.pe.leg.br/media/", "ementa": "Req. 267 - Ordem do Dia - Requer  Voto de Aplauso \u2013 Concede votos de Aplauso aos Radiologistas, pelos seus relevantes servi\u00e7os prestados \u00e0 cidade de Olinda,"}, {"id": "1889", "ano": "2020", "numero": "268", "tipo__sigla": "REQ", "tipo__descricao": "REQUERIMENTO", "autoria": "10 - PROFESSOR MARCELO", "texto_original": "http://sapl.olinda.pe.leg.br/media/", "ementa": "REq. 268 - Ordem do Dia - Requer  Voto de Aplauso \u2013 Concede votos de Aplauso aos Garis, pelos seus relevantes servi\u00e7os prestados \u00e0 cidade de Olinda,"}, {"id": "1890", "ano": "2020", "numero": "269", "tipo__sigla": "REQ", "tipo__descricao": "REQUERIMENTO", "autoria": "10 - PROFESSOR MARCELO", "texto_original": "http://sapl.olinda.pe.leg.br/media/", "ementa": "Req. 269 - Ordem do Dia - Requer  Voto de Aplauso \u2013 Concede votos de Aplauso aos Guardas Municipais de Olinda, pelos seus relevantes servi\u00e7os prestados \u00e0 cidade de Olinda,"}, {"id": "1891", "ano": "2020", "numero": "270", "tipo__sigla": "REQ", "tipo__descricao": "REQUERIMENTO", "autoria": "10 - PROFESSOR MARCELO", "texto_original": "http://sapl.olinda.pe.leg.br/media/", "ementa": "REq. 270 - Ordem do Dia - Requer  Voto de Aplauso \u2013 Concede votos de Aplauso aos Fisioterapeutas, pelos seus relevantes servi\u00e7os prestados \u00e0 cidade de Olinda,"}, {"id": "1892", "ano": "2020", "numero": "271", "tipo__sigla": "REQ", "tipo__descricao": "REQUERIMENTO", "autoria": "10 - PROFESSOR MARCELO", "texto_original": "http://sapl.olinda.pe.leg.br/media/", "ementa": "Req. 271 - Ordem do Dia - Requer  Voto de Aplauso \u2013 Concede votos de Aplauso aos Enfermeiros, pelos seus relevantes servi\u00e7os prestados \u00e0 cidade de Olinda,"}, {"id": "1893", "ano": "2020", "numero": "272", "tipo__sigla": "REQ", "tipo__descricao": "REQUERIMENTO", "autoria": "10 - PROFESSOR MARCELO", "texto_original": "http://sapl.olinda.pe.leg.br/media/", "ementa": "REq. 272 - Ordem do Dia - Requer  Voto de Aplauso \u2013 Concede votos de Aplauso aos Fonaudiologos, pelos seus relevantes servi\u00e7os prestados \u00e0 cidade de Olinda,"}, {"id": "1842", "ano": "2020", "numero": "273", "tipo__sigla": "REQ", "tipo__descricao": "REQUERIMENTO", "autoria": "10 - PROFESSOR MARCELO", "texto_original": "http://sapl.olinda.pe.leg.br/media/", "ementa": "REQ.  N\u00b0 273/2020\r\nAutor: Vereador Professor Marcelo\r\nAssunto: Requer limpeza no Canal Piaba de Ouro \u2013 Cidade tabajara \u2013 Olinda, PE,"}, {"id": "1843", "ano": "2020", "numero": "274", "tipo__sigla": "REQ", "tipo__descricao": "REQUERIMENTO", "autoria": "10 - PROFESSOR MARCELO", "texto_original": "http://sapl.olinda.pe.leg.br/media/", "ementa": "REQ.  N\u00b0 274/2020\r\nAutor: Vereador Professor Marcelo\r\nAssunto: Requer limpeza de galeria \u2013 localizadas na Cidade Tabajara \u2013 Olinda \u2013 PE,"}, {"id": "1844", "ano": "2020", "numero": "275", "tipo__sigla": "REQ", "tipo__descricao": "REQUERIMENTO", "autoria": "10 - PROFESSOR MARCELO", "texto_original": "http://sapl.olinda.pe.leg.br/media/", "ementa": "REQ.  N\u00b0 275/2020\r\nAutor: Vereador Professor Marcelo\r\nAssunto: Requer limpeza no Canal da Mal\u00e1ria."}, {"id": "1845", "ano": "2020", "numero": "276", "tipo__sigla": "REQ", "tipo__descricao": "REQUERIMENTO", "autoria": "10 - PROFESSOR MARCELO", "texto_original": "http://sapl.olinda.pe.leg.br/media/", "ementa": "REQ.  N\u00b0 276/2020\r\nAutor: Vereador Professor Marcelo\r\nAssunto: Requer limpeza no canal da Bueira, localizado na Rua Golfinho, em frente ao com\u00e9rcio de Z\u00e9 do Bolo, Ouro preto \u2013 Olinda \u2013 PE,"}, {"id": "1846", "ano": "2020", "numero": "277", "tipo__sigla": "REQ", "tipo__descricao": "REQUERIMENTO", "autoria": "10 - PROFESSOR MARCELO", "texto_original": "http://sapl.olinda.pe.leg.br/media/", "ementa": "REQ.  N\u00b0 277/2020\r\nAutor: Vereador Professor Marcelo\r\nAssunto: Requer Higieniza\u00e7\u00e3o e Teste R\u00e1pido, no Centro Comercial \u2013 Cidade Tabajara - Ouro preto \u2013 Olinda-PE,"}, {"id": "1847", "ano": "2020", "numero": "278", "tipo__sigla": "REQ", "tipo__descricao": "REQUERIMENTO", "autoria": "10 - PROFESSOR MARCELO", "texto_original": "http://sapl.olinda.pe.leg.br/media/", "ementa": "REQ.  N\u00b0 278/2020\r\nAutor: Vereador Professor Marcelo\r\nAssunto: Requer Higieniza\u00e7\u00e3o e Teste R\u00e1pido no bairro de Jardim Atl\u00e2ntico \u2013 Olinda \u2013 PE,"}, {"id": "1848", "ano": "2020", "numero": "279", "tipo__sigla": "REQ", "tipo__descricao": "REQUERIMENTO", "autoria": "10 - PROFESSOR MARCELO", "texto_original": "http://sapl.olinda.pe.leg.br/media/", "ementa": "REQ.  N\u00b0 279/2020\r\nAutor: Vereador Professor Marcelo\r\nAssunto: Requer Higieniza\u00e7\u00e3o e Teste R\u00e1pido na Zona Rural \u2013 Ouro Preto \u2013 Olinda \u2013 PE,"}, {"id": "1849", "ano": "2020", "numero": "280", "tipo__sigla": "REQ", "tipo__descricao": "REQUERIMENTO", "autoria": "10 - PROFESSOR MARCELO", "texto_original": "http://sapl.olinda.pe.leg.br/media/", "ementa": "REQ.  N\u00b0 280/2020\r\nAutor: Vereador Professor Marcelo\r\nAssunto: Requer Higieniza\u00e7\u00e3o no Conjunto habitacional Vila Bras\u00edlia, localizado na Av. Senador Nilo Coelho \u2013 Ouro preto \u2013 Olinda \u2013 PE,"}, {"id": "1850", "ano": "2020", "numero": "281", "tipo__sigla": "REQ", "tipo__descricao": "REQUERIMENTO", "autoria": "10 - PROFESSOR MARCELO", "texto_original": "http://sapl.olinda.pe.leg.br/media/", "ementa": "REQ.  N\u00b0 281/2020\r\nAutor: Vereador Professor Marcelo\r\nAssunto: Requer A\u00e7\u00e3o de combate a Dengue na Rua Quimera QD 32 e 33 em Ouro Preto- Olinda \u2013PE,"}, {"id": "1851", "ano": "2020", "numero": "282", "tipo__sigla": "REQ", "tipo__descricao": "REQUERIMENTO", "autoria": "10 - PROFESSOR MARCELO", "texto_original": "http://sapl.olinda.pe.leg.br/media/", "ementa": "REQ.  N\u00b0 282/2020\r\nAutor: Vereador Professor Marcelo\r\nAssunto: Requer Higieniza\u00e7\u00e3o e Teste R\u00e1pido no Alto da Mina \u2013 Olinda \u2013 PE,"}, {"id": "1852", "ano": "2020", "numero": "283", "tipo__sigla": "REQ", "tipo__descricao": "REQUERIMENTO", "autoria": "10 - PROFESSOR MARCELO", "texto_original": "http://sapl.olinda.pe.leg.br/media/", "ementa": "REQ.  N\u00b0 283/2020\r\nAutor: Vereador Professor Marcelo\r\nAssunto: Requer Higieniza\u00e7\u00e3o e Teste R\u00e1pido Centro Comercial de Salgadinho \u2013 Olinda \u2013 PE,"}, {"id": "1853", "ano": "2020", "numero": "284", "tipo__sigla": "REQ", "tipo__descricao": "REQUERIMENTO", "autoria": "10 - PROFESSOR MARCELO", "texto_original": "http://sapl.olinda.pe.leg.br/media/", "ementa": "REQ.  N\u00b0 284/2020\r\nAutor: Vereador Professor Marcelo\r\nAssunto: Requer Descontamina\u00e7\u00e3o no Terminal Integrado de Passageiros do Xamb\u00e1 \u2013 Olinda \u2013 PE,"}, {"id": "1854", "ano": "2020", "numero": "285", "tipo__sigla": "REQ", "tipo__descricao": "REQUERIMENTO", "autoria": "14 - RICARDO SOUSA", "texto_original": "http://sapl.olinda.pe.leg.br/media/", "ementa": "REQ.  N\u00b0 285/2020\r\nAutor: Vereador Ricardo Sousa\r\nAssunto: Requer remo\u00e7\u00e3o de entulhos e restos de podas de \u00e1rvores, localizado no Campo do N\u00f4, entre as ruas 48 e rua 54, na IV Etapa de Rio Doce \u2013 Olinda- PE,"}, {"id": "1855", "ano": "2020", "numero": "286", "tipo__sigla": "REQ", "tipo__descricao": "REQUERIMENTO", "autoria": "14 - RICARDO SOUSA", "texto_original": "http://sapl.olinda.pe.leg.br/media/", "ementa": "REQ.  N\u00b0 286/2020\r\nAutor: Vereador Ricardo Sousa\r\nAssunto: Requer remo\u00e7\u00e3o de restos de podas de \u00e1rvores, localizado na rua Escritor Joel Pontes, na III Etapa de Rio Doce \u2013 Olinda- PE,"}, {"id": "1856", "ano": "2020", "numero": "287", "tipo__sigla": "REQ", "tipo__descricao": "REQUERIMENTO", "autoria": "14 - RICARDO SOUSA", "texto_original": "http://sapl.olinda.pe.leg.br/media/", "ementa": "REQ.  N\u00b0 287/2020\r\nAutor: Vereador Ricardo Sousa\r\nAssunto: Requer que seja estabelecido um convenio entre a secretaria de sa\u00fade do munic\u00edpio e os hospitais Esperan\u00e7a de Olinda e Hospital S\u00e3o Salvador para que parte dos leitos de enfermarias e UTI sejam destinados a atender pacientes acometidos com o coronav\u00edrus em nossa cidade;"}, {"id": "1857", "ano": "2020", "numero": "288", "tipo__sigla": "REQ", "tipo__descricao": "REQUERIMENTO", "autoria": "14 - RICARDO SOUSA", "texto_original": "http://sapl.olinda.pe.leg.br/media/", "ementa": "REQ.  N\u00b0 288/2020\r\nAutor: Vereador Ricardo Sousa\r\nAssunto: Requer que seja realizada troca de l\u00e2mpada do poste localizado na rua da Amora, pr\u00f3ximo ao bloco A da QD 26 na IV Etapa de Rio Doce \u2013 Olinda- PE;"}, {"id": "1858", "ano": "2020", "numero": "289", "tipo__sigla": "REQ", "tipo__descricao": "REQUERIMENTO", "autoria": "14 - RICARDO SOUSA", "texto_original": "http://sapl.olinda.pe.leg.br/media/", "ementa": "REQ.  N\u00b0 289/2020\r\nAutor: Vereador Ricardo Sousa\r\nAssunto: Requer que seja realizada troca de l\u00e2mpada do poste localizado na rua 08, em frente ao nr 125 e 135 na IV Etapa de Rio Doce \u2013 OLinda \u2013 PE;"}, {"id": "1859", "ano": "2020", "numero": "290", "tipo__sigla": "REQ", "tipo__descricao": "REQUERIMENTO", "autoria": "14 - RICARDO SOUSA", "texto_original": "http://sapl.olinda.pe.leg.br/media/", "ementa": "REQ.  N\u00b0 290/2020\r\nAutor: Vereador Ricardo Sousa\r\nAssunto: Requer capina\u00e7\u00e3o do campo localizado na Rua 10 na IV Etapa de Rio Doce \u2013 Olinda-PE;"}, {"id": "1860", "ano": "2020", "numero": "291", "tipo__sigla": "REQ", "tipo__descricao": "REQUERIMENTO", "autoria": "17 - VLADEMIR LABANCA", "texto_original": "http://sapl.olinda.pe.leg.br/media/", "ementa": "REQ.  N\u00b0 291/2020\r\nAutor: Vereador Vlademir Labanca\r\nAssunto: Requer manuten\u00e7\u00e3o de 15 l\u00e2mpadas apagadas, localizados na Avenida Beira Rio e ruas da Boa Hora, Portelinha, Pedro de Souza Lopes e Manoel de Souza Lopes, na comunidade do V8 e V9, no bairro do Amaro Branco;"}, {"id": "1861", "ano": "2020", "numero": "292", "tipo__sigla": "REQ", "tipo__descricao": "REQUERIMENTO", "autoria": "17 - VLADEMIR LABANCA", "texto_original": "http://sapl.olinda.pe.leg.br/media/", "ementa": "REQ.  N\u00b0 292/2020\r\nAutor: Vereador Vlademir Labanca\r\nAssunto: Requer manuten\u00e7\u00e3o da pavimenta\u00e7\u00e3o com paralelep\u00edpedo na rua Orlando Silva, em frente ao nr 203 no bairro do Guadalupe \u2013 Olinda \u2013 PE;"}, {"id": "1862", "ano": "2020", "numero": "293", "tipo__sigla": "REQ", "tipo__descricao": "REQUERIMENTO", "autoria": "17 - VLADEMIR LABANCA", "texto_original": "http://sapl.olinda.pe.leg.br/media/", "ementa": "REQ.  N\u00b0 2932020\r\nAutor: Vereador Vlademir Labanca\r\nAssunto: Requer troca de 04 l\u00e2mpadas nos postes localizados na rua do Pil\u00e3o, bairro do Monte \u2013 Olinda \u2013 PE;"}, {"id": "1863", "ano": "2020", "numero": "294", "tipo__sigla": "REQ", "tipo__descricao": "REQUERIMENTO", "autoria": "17 - VLADEMIR LABANCA", "texto_original": "http://sapl.olinda.pe.leg.br/media/", "ementa": "REQ.  N\u00b0 294/2020\r\nAutor: Vereador Vlademir Labanca\r\nAssunto: Requer troca de 07 l\u00e2mpadas nos postes localizados na rua Coronel Jo\u00e3o Joaquim Antunes, pr\u00f3ximo ao supermercado Extra em bairro Novo \u2013 Olinda \u2013 PE;"}, {"id": "1864", "ano": "2020", "numero": "295", "tipo__sigla": "REQ", "tipo__descricao": "REQUERIMENTO", "autoria": "17 - VLADEMIR LABANCA", "texto_original": "http://sapl.olinda.pe.leg.br/media/", "ementa": "REQ.  N\u00b0 295/2020\r\nAutor: Vereador Vlademir Labanca\r\nAssunto: Requer troca de 10 L\u00e2mpadas nos postes localizados nas ruas S\u00e3o Jo\u00e3o, no bairro do Amparo, Avenida da Saudade, 1\u00ba Travessa da Saudade, no bairro do Guadalupe e avenida Mario Melo, no bairro do Monte \u2013 Olinda \u2013 PE;"}, {"id": "1865", "ano": "2020", "numero": "296", "tipo__sigla": "REQ", "tipo__descricao": "REQUERIMENTO", "autoria": "17 - VLADEMIR LABANCA", "texto_original": "http://sapl.olinda.pe.leg.br/media/", "ementa": "REQ.  N\u00b0 296/2020\r\nAutor: Vereador Vlademir Labanca\r\nAssunto: Requer troca de 04 l\u00e2mpadas dos postes localizados no Beco da Associa\u00e7\u00e3o, no bairro do Guadalupe \u2013 Olinda \u2013 PE;"}, {"id": "1866", "ano": "2020", "numero": "297", "tipo__sigla": "REQ", "tipo__descricao": "REQUERIMENTO", "autoria": "17 - VLADEMIR LABANCA", "texto_original": "http://sapl.olinda.pe.leg.br/media/", "ementa": "REQ.  N\u00b0 297/2020\r\nAutor: Vereador Vlademir Labanca\r\nAssunto: Requer troca de 04 de l\u00e2mpadas dos postes localizados na 1\u00aa Travessa da rua S\u00e3o Jo\u00e3o, no bairro do Amparo \u2013 Olinda \u2013 PE;"}, {"id": "1867", "ano": "2020", "numero": "298", "tipo__sigla": "REQ", "tipo__descricao": "REQUERIMENTO", "autoria": "17 - VLADEMIR LABANCA", "texto_original": "http://sapl.olinda.pe.leg.br/media/", "ementa": "REQ.  N\u00b0 298/2020\r\nAutor: Vereador Vlademir Labanca\r\nAssunto: Requer capina\u00e7\u00e3o da rua Vulc\u00e3o no bairro do Bonsucesso \u2013 Olinda \u2013 PE;"}, {"id": "1868", "ano": "2020", "numero": "299", "tipo__sigla": "REQ", "tipo__descricao": "REQUERIMENTO", "autoria": "17 - VLADEMIR LABANCA", "texto_original": "http://sapl.olinda.pe.leg.br/media/", "ementa": "REQ.  N\u00b0 299/2020\r\nAutor: Vereador Vlademir Labanca\r\nAssunto: Requer troca de 20 l\u00e2mpadas nos postes localizados nas ruas Vereador Osvaldo Xavier, Travessa S\u00e3o Miguel, Bom Jesus, Frei Afonso Maria, Orlandino Rapouso de Paiva, Ruth da Costa Rodrigues, Gilca Maria Gomes, Travessa Sarapi\u00e3o, Macaibeira, Jatauba e Profeta Maria F. das neves, todas localizadas no bairro do Amaro Branco \u2013 Olinda \u2013 PE"}, {"id": "1869", "ano": "2020", "numero": "300", "tipo__sigla": "REQ", "tipo__descricao": "REQUERIMENTO", "autoria": "15 - SAULO HOLANDA", "texto_original": "http://sapl.olinda.pe.leg.br/media/", "ementa": "REQ.  N\u00b0 300/2020\r\nAutor: Vereador Vlademir Labanca\r\nAssunto: Requer capina\u00e7\u00e3o da rua C7, em Ouro preto \u2013 Olinda \u2013 PE;"}, {"id": "1870", "ano": "2020", "numero": "301", "tipo__sigla": "REQ", "tipo__descricao": "REQUERIMENTO", "autoria": "17 - VLADEMIR LABANCA", "texto_original": "http://sapl.olinda.pe.leg.br/media/", "ementa": "REQ.  N\u00b0 301/2020\r\nAutor: Vereador Vlademir Labanca\r\nAssunto: Requer capina\u00e7\u00e3o do terreno ao lado da capela da Ressurrei\u00e7\u00e3o em Ouro Preto Cohab \u2013 Olinda \u2013 PE;"}, {"id": "1871", "ano": "2020", "numero": "302", "tipo__sigla": "REQ", "tipo__descricao": "REQUERIMENTO", "autoria": "Jorge Federal", "texto_original": "http://sapl.olinda.pe.leg.br/media/", "ementa": "REQ.  N\u00b0 302/2020\r\nAutor: Vereador Jorge Federal\r\nAssunto: Requer com URG\u00caNCIA a constru\u00e7\u00e3o de rampa de acessibilidade para cadeirantes e pessoas com dificuldade de locomo\u00e7\u00e3o para o livre acesso destes ao pr\u00e9dio principal da C\u00e2mara Municipal de Olinda e o seu pr\u00e9dio anexo localizado em frente;"}, {"id": "1872", "ano": "2020", "numero": "303", "tipo__sigla": "REQ", "tipo__descricao": "REQUERIMENTO", "autoria": "Jorge Federal", "texto_original": "http://sapl.olinda.pe.leg.br/media/", "ementa": "REQ.  N\u00b0 303/2020\r\nAutor: Vereador Jorge Federal\r\nAssunto: Requer o acolhimento e o deferimento do pleito relativo a gratifica\u00e7\u00e3o de que trata o requerimento pelos servidores da \u00e1rea de recep\u00e7\u00e3o e higieniza\u00e7\u00e3o do SPA/Peixinhos e que este pedido seja estendido a todos os servidores das \u00e1reas de recep\u00e7\u00e3o e higieniza\u00e7\u00e3o lotados na unidades de sa\u00fade de Olinda que est\u00e3o na linha de frente ao combate da COVID-19,"}, {"id": "1873", "ano": "2020", "numero": "304", "tipo__sigla": "REQ", "tipo__descricao": "REQUERIMENTO", "autoria": "14 - RICARDO SOUSA", "texto_original": "http://sapl.olinda.pe.leg.br/media/", "ementa": "REQ.  N\u00b0304/2020\r\nAutor: Vereador Ricardo Sousa\r\nAssunto: Requer capina\u00e7\u00e3o na QD 18 BL B, na IV Etapa de Rio Doce \u2013 Olinda \u2013 PE;"}, {"id": "1874", "ano": "2020", "numero": "305", "tipo__sigla": "REQ", "tipo__descricao": "REQUERIMENTO", "autoria": "14 - RICARDO SOUSA", "texto_original": "http://sapl.olinda.pe.leg.br/media/", "ementa": "REQ.  N\u00b0 305/2020\r\nAutor: Vereador Ricardo Sousa\r\nAssunto:  Requer capina\u00e7\u00e3o na QD 11 BL F, na IV Etapa de Rio Doce \u2013 Olinda \u2013 PE;"}, {"id": "1875", "ano": "2020", "numero": "306", "tipo__sigla": "REQ", "tipo__descricao": "REQUERIMENTO", "autoria": "14 - RICARDO SOUSA", "texto_original": "http://sapl.olinda.pe.leg.br/media/", "ementa": "REQ.  N\u00b0 306/2020\r\nAutor: Vereador Ricardo Sousa\r\nAssunto: Requer capina\u00e7\u00e3o na QD 19 BL A, na IV Etapa de Rio Doce \u2013 Olinda \u2013 PE;"}, {"id": "1876", "ano": "2020", "numero": "307", "tipo__sigla": "REQ", "tipo__descricao": "REQUERIMENTO", "autoria": "14 - RICARDO SOUSA", "texto_original": "http://sapl.olinda.pe.leg.br/media/", "ementa": "REQ.  N\u00b0 307/2020\r\nAutor: Vereador Ricardo Sousa\r\nAssunto: Requer capina\u00e7\u00e3o na QD 18 BL E, na IV Etapa de Rio Doce \u2013 Olinda \u2013 PE;"}, {"id": "1877", "ano": "2020", "numero": "308", "tipo__sigla": "REQ", "tipo__descricao": "REQUERIMENTO", "autoria": "14 - RICARDO SOUSA", "texto_original": "http://sapl.olinda.pe.leg.br/media/", "ementa": "REQ.  N\u00b0 308/2020\r\nAutor: Vereador Ricardo Sousa\r\nAssunto: Requer capina\u00e7\u00e3o na QD 19 BL B, na IV Etapa de Rio Doce \u2013 Olinda \u2013 PE;"}, {"id": "1878", "ano": "2020", "numero": "309", "tipo__sigla": "REQ", "tipo__descricao": "REQUERIMENTO", "autoria": "14 - RICARDO SOUSA", "texto_original": "http://sapl.olinda.pe.leg.br/media/", "ementa": "REQ.  N\u00b0 309/2020\r\nAutor: Vereador Ricardo Sousa\r\nAssunto: Requer capina\u00e7\u00e3o na QD 19 BL C, na IV Etapa de Rio Doce \u2013 Olinda \u2013 PE;"}, {"id": "1879", "ano": "2020", "numero": "310", "tipo__sigla": "REQ", "tipo__descricao": "REQUERIMENTO", "autoria": "14 - RICARDO SOUSA", "texto_original": "http://sapl.olinda.pe.leg.br/media/", "ementa": "REQ.  N\u00b0 310/2020\r\nAutor: Vereador Ricardo Sousa\r\nAssunto: Requer capina\u00e7\u00e3o na QD 19 BL D, na IV Etapa de Rio Doce \u2013 Olinda \u2013 PE;"}, {"id": "1880", "ano": "2020", "numero": "311", "tipo__sigla": "REQ", "tipo__descricao": "REQUERIMENTO", "autoria": "14 - RICARDO SOUSA", "texto_original": "http://sapl.olinda.pe.leg.br/media/", "ementa": "REQ.  N\u00b0 311/2020\r\nAutor: Vereador Ricardo Sousa\r\nAssunto: Requer capina\u00e7\u00e3o na QD 19 BL E, na IV Etapa de Rio Doce \u2013 Olinda \u2013 PE;"}, {"id": "1881", "ano": "2020", "numero": "312", "tipo__sigla": "REQ", "tipo__descricao": "REQUERIMENTO", "autoria": "14 - RICARDO SOUSA", "texto_original": "http://sapl.olinda.pe.leg.br/media/", "ementa": "REQ.  N\u00b0 312/2020\r\nAutor: Vereador Ricardo Sousa\r\nAssunto: Requer capina\u00e7\u00e3o na QD 23 BL C, na IV Etapa de Rio Doce \u2013 Olinda \u2013 PE;"}, {"id": "1882", "ano": "2020", "numero": "313", "tipo__sigla": "REQ", "tipo__descricao": "REQUERIMENTO", "autoria": "14 - RICARDO SOUSA", "texto_original": "http://sapl.olinda.pe.leg.br/media/", "ementa": "REQ.  N\u00b0 313/2020\r\nAutor: Vereador Ricardo Sousa\r\nAssunto: Requer capina\u00e7\u00e3o na QD 23 BL D, na IV Etapa de Rio Doce \u2013 Olinda \u2013 PE;"}, {"id": "1883", "ano": "2020", "numero": "314", "tipo__sigla": "REQ", "tipo__descricao": "REQUERIMENTO", "autoria": "14 - RICARDO SOUSA", "texto_original": "http://sapl.olinda.pe.leg.br/media/", "ementa": "REQ.  N\u00b0 314/2020\r\nAutor: Vereador Ricardo Sousa\r\nAssunto: Requer capina\u00e7\u00e3o na QD 23 BL E, na IV Etapa de Rio Doce \u2013 Olinda \u2013 PE;"}, {"id": "1884", "ano": "2020", "numero": "315", "tipo__sigla": "REQ", "tipo__descricao": "REQUERIMENTO", "autoria": "14 - RICARDO SOUSA", "texto_original": "http://sapl.olinda.pe.leg.br/media/", "ementa": "REQ.  N\u00b0 315/2020\r\nAutor: Vereador Ricardo Sousa\r\nAssunto: Requer capina\u00e7\u00e3o na Rua 52, na IV Etapa de Rio Doce \u2013 Olinda \u2013 PE;"}, {"id": "1885", "ano": "2020", "numero": "316", "tipo__sigla": "REQ", "tipo__descricao": "REQUERIMENTO", "autoria": "14 - RICARDO SOUSA", "texto_original": "http://sapl.olinda.pe.leg.br/media/", "ementa": "REQ.  N\u00b0 316/2020\r\nAutor: Vereador Ricardo Sousa\r\nAssunto: Requer capina\u00e7\u00e3o na Rua 54, na IV Etapa de Rio Doce \u2013 Olinda \u2013 PE;"}, {"id": "1886", "ano": "2020", "numero": "317", "tipo__sigla": "REQ", "tipo__descricao": "REQUERIMENTO", "autoria": "14 - RICARDO SOUSA", "texto_original": "http://sapl.olinda.pe.leg.br/media/", "ementa": "REQ.  N\u00b0 317/2020\r\nAutor: Vereador Ricardo Sousa\r\nAssunto: Requer troca de l\u00e2mpada dos postes localizados na Rua 17 em frente ao nr 85 e 155, na IV Etapa de Rio Doce \u2013 Olinda- PE;"}, {"id": "1896", "ano": "2020", "numero": "318", "tipo__sigla": "REQ", "tipo__descricao": "REQUERIMENTO", "autoria": "10 - PROFESSOR MARCELO", "texto_original": "http://sapl.olinda.pe.leg.br/media/", "ementa": "REq- 304 - Ordem do Dia \u2013 Voto de Aplauso \u2013 Concede Votos de Aplausos aos Policiais Militares, pelos relevantes servi\u00e7os prestados principalmente na cidade de Olinda;"}, {"id": "1897", "ano": "2020", "numero": "319", "tipo__sigla": "REQ", "tipo__descricao": "REQUERIMENTO", "autoria": "10 - PROFESSOR MARCELO", "texto_original": "http://sapl.olinda.pe.leg.br/media/", "ementa": "Req - 319 - Ordem do Dia \u2013 Voto de Aplauso \u2013 Concede Votos de Aplausos aos vigilantes, pelos relevantes servi\u00e7os prestados principalmente na cidade de Olinda;"}, {"id": "1898", "ano": "2020", "numero": "320", "tipo__sigla": "REQ", "tipo__descricao": "REQUERIMENTO", "autoria": "10 - PROFESSOR MARCELO", "texto_original": "http://sapl.olinda.pe.leg.br/media/", "ementa": "Req - 320 - Ordem do Dia \u2013 Voto de Aplauso - Concede Votos de Aplausos aos Psic\u00f3logos, pelos relevantes servi\u00e7os prestados principalmente na cidade de Olinda;"}, {"id": "1899", "ano": "2020", "numero": "321", "tipo__sigla": "REQ", "tipo__descricao": "REQUERIMENTO", "autoria": "10 - PROFESSOR MARCELO", "texto_original": "http://sapl.olinda.pe.leg.br/media/", "ementa": "Req - 321 - Ordem do Dia \u2013 Voto de Aplauso - Concede Votos de Aplausos aos Farmac\u00eauticos, pelos relevantes servi\u00e7os prestados principalmente na cidade de Olinda;"}, {"id": "1900", "ano": "2020", "numero": "322", "tipo__sigla": "REQ", "tipo__descricao": "REQUERIMENTO", "autoria": "Jorge Federal", "texto_original": "http://sapl.olinda.pe.leg.br/media/", "ementa": "Req - 322 - Requer realiza\u00e7\u00e3o de servi\u00e7os de desobstru\u00e7\u00e3o de galerias e drenagem da Rua Mato Grosso, Jardim Brasil \u2013 Olinda \u2013 PE;"}, {"id": "1901", "ano": "2020", "numero": "323", "tipo__sigla": "REQ", "tipo__descricao": "REQUERIMENTO", "autoria": "Jorge Federal", "texto_original": "http://sapl.olinda.pe.leg.br/media/", "ementa": "Req - 323 - Requer conserto da tubula\u00e7\u00e3o de fornecimento de \u00e1gua na Rua Dr. Israel Vieira Ferreira, pr\u00f3ximo ao nr 272 \u2013 Monte \u2013 Olinda \u2013 PE;"}, {"id": "1902", "ano": "2020", "numero": "324", "tipo__sigla": "REQ", "tipo__descricao": "REQUERIMENTO", "autoria": "10 - PROFESSOR MARCELO", "texto_original": "http://sapl.olinda.pe.leg.br/media/", "ementa": "Req - 324 - Ordem do Dia \u2013 Voto de Aplauso - Concede Votos de Aplausos aos Motoristas Socorristas do SAMU, pelos relevantes servi\u00e7os prestados principalmente na cidade de Olinda;"}, {"id": "1903", "ano": "2020", "numero": "325", "tipo__sigla": "REQ", "tipo__descricao": "REQUERIMENTO", "autoria": "10 - PROFESSOR MARCELO", "texto_original": "http://sapl.olinda.pe.leg.br/media/", "ementa": "Req - 325 - Ordem do Dia \u2013 Voto de Aplauso - Concede Votos de Aplausos aos Atendentes dos Postos de Sa\u00fade, pelos relevantes servi\u00e7os prestados principalmente na cidade de Olinda;"}, {"id": "1904", "ano": "2020", "numero": "326", "tipo__sigla": "REQ", "tipo__descricao": "REQUERIMENTO", "autoria": "10 - PROFESSOR MARCELO", "texto_original": "http://sapl.olinda.pe.leg.br/media/", "ementa": "Req - 326 - Ordem do Dia \u2013 Voto de Aplauso - Concede Votos de Aplausos aos Agentes de Sa\u00fade, pelos relevantes servi\u00e7os prestados principalmente na cidade de Olinda;"}, {"id": "1905", "ano": "2020", "numero": "327", "tipo__sigla": "REQ", "tipo__descricao": "REQUERIMENTO", "autoria": "16 - BIAI", "texto_original": "http://sapl.olinda.pe.leg.br/media/", "ementa": "Req - 327 - Requer que sejam recuperadas as escadas ( em madeira ) da Orla de Olinda, haja vista que h\u00e1 v\u00e1rias solicita\u00e7\u00f5es nesse sentido;"}, {"id": "1906", "ano": "2020", "numero": "328", "tipo__sigla": "REQ", "tipo__descricao": "REQUERIMENTO", "autoria": "Jorge Federal", "texto_original": "http://sapl.olinda.pe.leg.br/media/", "ementa": "REq - 328 - Ordem do Dia \u2013 Mo\u00e7\u00e3o de Apelo \u2013 ao Prefeito de Olinda, no sentido da libera\u00e7\u00e3o dos cultos Evang\u00e9licos no \u00e2mbito municipal, desde que seguindo as recomenda\u00e7\u00f5es da Organiza\u00e7\u00e3o Munidial de Sa\u00fade, do Minist\u00e9rio de Sa\u00fade, da Secretaria Estadual de Sa\u00fade e Secretaria Municipal de Sa\u00fade de preven\u00e7\u00e3o \u00e0 COVID-19."}, {"id": "1907", "ano": "2020", "numero": "329", "tipo__sigla": "REQ", "tipo__descricao": "REQUERIMENTO", "autoria": "Alg\u00e9rio a Nossa Voz", "texto_original": "http://sapl.olinda.pe.leg.br/media/", "ementa": "Req - 329 - Requer que seja realizado um planejamento de reabertura das institui\u00e7\u00f5es Religiosas, tendo visto a import\u00e2ncia das institui\u00e7\u00f5es como apoio para os fi\u00e9is que buscam ajuda emocional, espiritual nesse per\u00edodo muito dif\u00edcil que estamos enfrentando, onde se h\u00e1 perda de rendas, restri\u00e7\u00f5es de acesso e conv\u00edvio familiar, muitos se encontram com depress\u00e3o, ansiedade nessa quarentena."}, {"id": "1908", "ano": "2020", "numero": "330", "tipo__sigla": "REQ", "tipo__descricao": "REQUERIMENTO", "autoria": "Jorge Federal", "texto_original": "http://sapl.olinda.pe.leg.br/media/", "ementa": "Req - 330 - Requer com Urg\u00eancia a desobstru\u00e7\u00e3o de Galeria na Rua S\u00e3o Jo\u00e3o Batista, em frente ao im\u00f3vel de n\u00ba 678 \u2013 Jardim Atl\u00e2ntico \u2013 Olinda \u2013 PE;"}, {"id": "1909", "ano": "2020", "numero": "331", "tipo__sigla": "REQ", "tipo__descricao": "REQUERIMENTO", "autoria": "Jorge Federal", "texto_original": "http://sapl.olinda.pe.leg.br/media/", "ementa": "Req. - 331 - Requer com Urg\u00eancia a desobstru\u00e7\u00e3o da Rede de Esgoto na Rua S\u00e3o Jo\u00e3o Batista em frente ao im\u00f3vel de n\u00ba 678 \u2013 Jardim Atl\u00e2ntico \u2013 Olinda \u2013 PE;"}, {"id": "1910", "ano": "2020", "numero": "332", "tipo__sigla": "REQ", "tipo__descricao": "REQUERIMENTO", "autoria": "Alg\u00e9rio a Nossa Voz", "texto_original": "http://sapl.olinda.pe.leg.br/media/", "ementa": "Req - 332 - Requer que seja realizado um planejamento de reabertura das institui\u00e7\u00f5es Religiosas, tendo visto a import\u00e2ncia das institui\u00e7\u00f5es como apoio para os fi\u00e9is que buscam ajuda emocional, espiritual nesse per\u00edodo muito dif\u00edcil que estamos enfrentando, onde se h\u00e1 perda de rendas, restri\u00e7\u00f5es de acesso e conv\u00edvio familiar, muitos se encontram com depress\u00e3o, ansiedade nessa quarentena."}, {"id": "1911", "ano": "2020", "numero": "333", "tipo__sigla": "REQ", "tipo__descricao": "REQUERIMENTO", "autoria": "14 - RICARDO SOUSA", "texto_original": "http://sapl.olinda.pe.leg.br/media/", "ementa": "Req - 333 - Requer coloca\u00e7\u00e3o de refletores nas ruas em torno do campo de futebol society, localizado na comunidade do CSU na IV Etapa de Rio Doce \u2013 Olinda;"}, {"id": "1912", "ano": "2020", "numero": "334", "tipo__sigla": "REQ", "tipo__descricao": "REQUERIMENTO", "autoria": "14 - RICARDO SOUSA", "texto_original": "http://sapl.olinda.pe.leg.br/media/", "ementa": "Req - 334 - Requer a volta da circula\u00e7\u00e3o normal da linha 1966 \u2013 T.I. Rio Doce/Circular;"}, {"id": "1913", "ano": "2020", "numero": "335", "tipo__sigla": "REQ", "tipo__descricao": "REQUERIMENTO", "autoria": "Alg\u00e9rio a Nossa Voz", "texto_original": "http://sapl.olinda.pe.leg.br/media/", "ementa": "Req - 335 - Requer coloca\u00e7\u00e3o de um toldo fixo na frente do PSF de Salgadinho, localizado em Salgadinho \u2013 Olinda \u2013 PE;"}, {"id": "1916", "ano": "2020", "numero": "336", "tipo__sigla": "REQ", "tipo__descricao": "REQUERIMENTO", "autoria": "Jorge Federal", "texto_original": "http://sapl.olinda.pe.leg.br/media/", "ementa": "Req - 336 - Requer substitui\u00e7\u00e3o de l\u00e2mpadas queimadas nos postes localizados na Segunda Travessa da Rua Honorato do Espirito Santo, Guadalupe, Olinda-PE."}, {"id": "1917", "ano": "2020", "numero": "337", "tipo__sigla": "REQ", "tipo__descricao": "REQUERIMENTO", "autoria": "Jorge Federal", "texto_original": "http://sapl.olinda.pe.leg.br/media/", "ementa": "Req - 337 - Requer requalifica\u00e7\u00e3o da ilumina\u00e7\u00e3o p\u00fablica da Avenida Ministro Marcos Freire, Olinda-PE, em toda a sua extens\u00e3o."}, {"id": "1918", "ano": "2020", "numero": "338", "tipo__sigla": "REQ", "tipo__descricao": "REQUERIMENTO", "autoria": "Jorge Federal", "texto_original": "http://sapl.olinda.pe.leg.br/media/", "ementa": "Req \u2013  338 \u2013 Requer a qualifica\u00e7\u00e3o da ilumina\u00e7\u00e3o p\u00fablica da Avenida Fagundes Varela, no Bairro de Jardim Atl\u00e2ntico Olinda-PE, em toda sua extens\u00e3o."}, {"id": "1919", "ano": "2020", "numero": "339", "tipo__sigla": "REQ", "tipo__descricao": "REQUERIMENTO", "autoria": "Alg\u00e9rio a Nossa Voz", "texto_original": "http://sapl.olinda.pe.leg.br/media/", "ementa": "Req - 339 - Requer a troca das l\u00e2mpadas amarelas por l\u00e2mpadas brancas na Rua Bananal, Jardim II, Olinda."}, {"id": "1920", "ano": "2020", "numero": "340", "tipo__sigla": "REQ", "tipo__descricao": "REQUERIMENTO", "autoria": "07 - JESU\u00cdNO ARA\u00daJO", "texto_original": "http://sapl.olinda.pe.leg.br/media/", "ementa": "Req - 340 - Requer servi\u00e7o de cal\u00e7amento/asfalto para rua Vulc\u00e3o, CEP 53240-110, Bonsucesso, neste munic\u00edpio."}, {"id": "1921", "ano": "2020", "numero": "341", "tipo__sigla": "REQ", "tipo__descricao": "REQUERIMENTO", "autoria": "07 - JESU\u00cdNO ARA\u00daJO", "texto_original": "http://sapl.olinda.pe.leg.br/media/", "ementa": "Req - 341 - Requer servi\u00e7o de cal\u00e7amento/asfalto para a Rua Cassiterira, CEP 53.120-300, Amaro Branco, neste Munic\u00edpio."}, {"id": "1922", "ano": "2020", "numero": "342", "tipo__sigla": "REQ", "tipo__descricao": "REQUERIMENTO", "autoria": "07 - JESU\u00cdNO ARA\u00daJO", "texto_original": "http://sapl.olinda.pe.leg.br/media/", "ementa": "Req - 342 - Requer troca de todas as l\u00e2mpadas amarelas por l\u00e2mpadas brancas em todos os postes de ilumina\u00e7\u00e3o p\u00fablica das ruas do bairro de Jardim Atl\u00e2ntico neste munic\u00edpio."}, {"id": "1923", "ano": "2020", "numero": "343", "tipo__sigla": "REQ", "tipo__descricao": "REQUERIMENTO", "autoria": "07 - JESU\u00cdNO ARA\u00daJO", "texto_original": "http://sapl.olinda.pe.leg.br/media/", "ementa": "Req - 343 - Requer limpeza e conserva\u00e7\u00e3o ao longo de toda a Av. Fagundes Varela (CEP 53.140-080), como tamb\u00e9m em todas as vias do Bairro de Jardim Atl\u00e2ntico neste munic\u00edpio."}, {"id": "1924", "ano": "2020", "numero": "344", "tipo__sigla": "REQ", "tipo__descricao": "REQUERIMENTO", "autoria": "Jorge Federal", "texto_original": "http://sapl.olinda.pe.leg.br/media/", "ementa": "Req - 344 -  Requer substitui\u00e7\u00e3o de l\u00e2mpadas queimadas nos postes localizados na Rua Jupira, no Bairro de Aguazinha (localizado ao lado do lix\u00e3o), Olinda-PE."}, {"id": "1925", "ano": "2020", "numero": "345", "tipo__sigla": "REQ", "tipo__descricao": "REQUERIMENTO", "autoria": "Jorge Federal", "texto_original": "http://sapl.olinda.pe.leg.br/media/", "ementa": "REQ. N\u00b0 345/2020\r\nAutor: Vereador Jorge Federal\r\nAssunto: Requer a coloca\u00e7\u00e3o de sem\u00e1foro ou redutor de velocidade ou faixa de pedestre na Estrada de\r\nPassarinho, Passarinho, Olinda-PE."}, {"id": "1926", "ano": "2020", "numero": "346", "tipo__sigla": "REQ", "tipo__descricao": "REQUERIMENTO", "autoria": "14 - RICARDO SOUSA", "texto_original": "http://sapl.olinda.pe.leg.br/media/", "ementa": "REQ. N\u00b0 346/2020\r\nAutor: Vereador Ricardo Sousa\r\nAssunto: Requer troca de l\u00e2mpada do poste da Rua 12 em frente ao n\u00ba 100 na V Etapa de Rio Doce \u2013 Olinda\r\n\u2013 PE"}, {"id": "1927", "ano": "2020", "numero": "347", "tipo__sigla": "REQ", "tipo__descricao": "REQUERIMENTO", "autoria": "14 - RICARDO SOUSA", "texto_original": "http://sapl.olinda.pe.leg.br/media/", "ementa": "REQ. N\u00b0 347/2020\r\nAutor: Vereador Ricardo Sousa\r\nAssunto: Requer troca de l\u00e2mpada do poste da Rua 52 em frente ao n\u00ba 25 na V Etapa de Rio Doce \u2013 Olinda \u2013\r\nPE;"}, {"id": "1928", "ano": "2020", "numero": "348", "tipo__sigla": "REQ", "tipo__descricao": "REQUERIMENTO", "autoria": "14 - RICARDO SOUSA", "texto_original": "http://sapl.olinda.pe.leg.br/media/", "ementa": "REQ. N\u00b0 348/2020\r\nAutor: Vereador Ricardo Sousa\r\nAssunto: Requer troca de l\u00e2mpada do poste da Rua 40 em frente ao n\u00ba 35 na V Etapa de Rio Doce \u2013 Olinda \u2013\r\nPE;"}, {"id": "1929", "ano": "2020", "numero": "349", "tipo__sigla": "REQ", "tipo__descricao": "REQUERIMENTO", "autoria": "14 - RICARDO SOUSA", "texto_original": "http://sapl.olinda.pe.leg.br/media/", "ementa": "REQ. N\u00b0 349/2020\r\nAutor: Vereador Ricardo Sousa\r\nAssunto: Requer troca de l\u00e2mpada do poste da Rua 36 em frente ao lado do n\u00ba 1115 na V Etapa de Rio Doce\r\n\u2013 Olinda \u2013 PE;"}, {"id": "1930", "ano": "2020", "numero": "350", "tipo__sigla": "REQ", "tipo__descricao": "REQUERIMENTO", "autoria": "14 - RICARDO SOUSA", "texto_original": "http://sapl.olinda.pe.leg.br/media/", "ementa": "REQ.  N\u00b0 350/2020\r\nAutor: Vereador Ricardo Sousa\r\nAssunto: Requer troca de l\u00e2mpada do poste da Rua 25 em frente ao n\u00ba 68 na V Etapa de Rio Doce \u2013 Olinda \u2013 PE;"}, {"id": "1931", "ano": "2020", "numero": "351", "tipo__sigla": "REQ", "tipo__descricao": "REQUERIMENTO", "autoria": "14 - RICARDO SOUSA", "texto_original": "http://sapl.olinda.pe.leg.br/media/", "ementa": "REQ.  N\u00b0 351/2020\r\nAutor: Vereador Ricardo Sousa\r\nAssunto: Requer troca de l\u00e2mpada do poste da Rua 38 em frente ao n\u00ba 180 na V Etapa de Rio Doce \u2013 Olinda \u2013 PE;"}, {"id": "1932", "ano": "2020", "numero": "352", "tipo__sigla": "REQ", "tipo__descricao": "REQUERIMENTO", "autoria": "14 - RICARDO SOUSA", "texto_original": "http://sapl.olinda.pe.leg.br/media/", "ementa": "REQ.  N\u00b0 352/2020\r\nAutor: Vereador Ricardo Sousa\r\nAssunto: Requer troca de l\u00e2mpada do poste da Rua 23 em frente ao n\u00ba 100 na V Etapa de Rio Doce \u2013 Olinda \u2013 PE;"}, {"id": "1933", "ano": "2020", "numero": "353", "tipo__sigla": "REQ", "tipo__descricao": "REQUERIMENTO", "autoria": "14 - RICARDO SOUSA", "texto_original": "http://sapl.olinda.pe.leg.br/media/", "ementa": "REQ.  N\u00b0 353/2020\r\nAutor: Vereador Ricardo Sousa\r\nAssunto: Requer troca de l\u00e2mpada do poste da Rua 01 esquina com Rua 22 na V Etapa de Rio Doce \u2013 Olinda \u2013 PE;"}, {"id": "1934", "ano": "2020", "numero": "354", "tipo__sigla": "REQ", "tipo__descricao": "REQUERIMENTO", "autoria": "14 - RICARDO SOUSA", "texto_original": "http://sapl.olinda.pe.leg.br/media/", "ementa": "REQ.  N\u00b0 354/2020\r\nAutor: Vereador Ricardo Sousa\r\nAssunto: Requer troca de l\u00e2mpada do poste da Rua 55 em frente a Quadra 23 na IV Etapa de Rio Doce \u2013 Olinda \u2013 PE;"}, {"id": "1935", "ano": "2020", "numero": "355", "tipo__sigla": "REQ", "tipo__descricao": "REQUERIMENTO", "autoria": "14 - RICARDO SOUSA", "texto_original": "http://sapl.olinda.pe.leg.br/media/", "ementa": "REQ.  N\u00b0 355/2020\r\nAutor: Vereador Ricardo Sousa\r\nAssunto: Requer troca de l\u00e2mpada do poste da Rua Escritor Joel Pontes, em frente ao n\u00ba 36 na III Etapa de Rio Doce \u2013 Olinda \u2013 Pe;"}, {"id": "1936", "ano": "2020", "numero": "356", "tipo__sigla": "REQ", "tipo__descricao": "REQUERIMENTO", "autoria": "14 - RICARDO SOUSA", "texto_original": "http://sapl.olinda.pe.leg.br/media/", "ementa": "REQ.  N\u00b0 356/2020\r\nAutor: Vereador Ricardo Sousa\r\nAssunto: Requer troca de l\u00e2mpada do poste da Rua 03 pr\u00f3ximo ao Instituto Aprender Pensando IV Etapa de Rio Doce \u2013 Olinda \u2013 PE;"}, {"id": "1937", "ano": "2020", "numero": "357", "tipo__sigla": "REQ", "tipo__descricao": "REQUERIMENTO", "autoria": "14 - RICARDO SOUSA", "texto_original": "http://sapl.olinda.pe.leg.br/media/", "ementa": "REQ.  N\u00b0 357/2020\r\nAutor: Vereador Ricardo Sousa\r\nAssunto: Requer troca de l\u00e2mpada do poste da Rua Escritor Joel Pontes em frente ao n\u00ba 76 na III Etapa de Rio Doce \u2013 Olinda \u2013 PE;"}, {"id": "1938", "ano": "2020", "numero": "358", "tipo__sigla": "REQ", "tipo__descricao": "REQUERIMENTO", "autoria": "14 - RICARDO SOUSA", "texto_original": "http://sapl.olinda.pe.leg.br/media/", "ementa": "REQ.  N\u00b0 358/2020\r\nAutor: Vereador Ricardo Sousa\r\nAssunto: Requer troca de l\u00e2mpada do poste da Rua Pitiguari em frente ao n\u00ba 175 na III Etapa de Rio Doce \u2013 Olinda \u2013 PE;"}, {"id": "1939", "ano": "2020", "numero": "359", "tipo__sigla": "REQ", "tipo__descricao": "REQUERIMENTO", "autoria": "14 - RICARDO SOUSA", "texto_original": "http://sapl.olinda.pe.leg.br/media/", "ementa": "REQ.  N\u00b0 359/2020\r\nAutor: Vereador Ricardo Sousa\r\nAssunto: Requer troca de l\u00e2mpada do poste da Rua do Jambo em frente ao n\u00ba 116 na III Etapa de Rio Doce \u2013 Olinda \u2013 PE;"}, {"id": "1940", "ano": "2020", "numero": "360", "tipo__sigla": "REQ", "tipo__descricao": "REQUERIMENTO", "autoria": "14 - RICARDO SOUSA", "texto_original": "http://sapl.olinda.pe.leg.br/media/", "ementa": "REQ.  N\u00b0 360/2020\r\nAutor: Vereador Ricardo Sousa\r\nAssunto: Requer troca de l\u00e2mpada do poste da Rua 67 esquina com a rua 72 na IV Etapa de Rio Doce \u2013 Olinda \u2013 PE;"}, {"id": "1941", "ano": "2020", "numero": "361", "tipo__sigla": "REQ", "tipo__descricao": "REQUERIMENTO", "autoria": "14 - RICARDO SOUSA", "texto_original": "http://sapl.olinda.pe.leg.br/media/", "ementa": "REQ.  N\u00b0 361/2020\r\nAutor: Vereador Ricardo Sousa\r\nAssunto: Requer troca de l\u00e2mpada do poste da Rua 03 em frente ao n\u00ba 295 na V Etapa de Rio Doce \u2013 Olinda \u2013 PE;"}, {"id": "1942", "ano": "2020", "numero": "362", "tipo__sigla": "REQ", "tipo__descricao": "REQUERIMENTO", "autoria": "14 - RICARDO SOUSA", "texto_original": "http://sapl.olinda.pe.leg.br/media/", "ementa": "REQ.  N\u00b0 362/2020\r\nAutor: Vereador Ricardo Sousa\r\nAssunto: Requer troca de l\u00e2mpada do poste da Rua 70 em frente ao n\u00ba 446 na IV Etapa de Rio Doce \u2013 Olinda \u2013 PE;"}, {"id": "1943", "ano": "2020", "numero": "363", "tipo__sigla": "REQ", "tipo__descricao": "REQUERIMENTO", "autoria": "14 - RICARDO SOUSA", "texto_original": "http://sapl.olinda.pe.leg.br/media/", "ementa": "REQ.  N\u00b0 363/2020\r\nAutor: Vereador Ricardo Sousa\r\nAssunto: Requer troca de l\u00e2mpada do poste da Rua 80 em frente ao n\u00ba 16 na IV Etapa de Rio Doce \u2013 Olinda \u2013 PE;"}, {"id": "1944", "ano": "2020", "numero": "364", "tipo__sigla": "REQ", "tipo__descricao": "REQUERIMENTO", "autoria": "14 - RICARDO SOUSA", "texto_original": "http://sapl.olinda.pe.leg.br/media/", "ementa": "REQ.  N\u00b0 364/2020\r\nAutor: Vereador Ricardo Sousa\r\nAssunto: Requer troca de l\u00e2mpada do poste da Rua 67 esquina com a Rua 76 na IV Etapa de Rio Doce \u2013 Olinda \u2013 PE;"}, {"id": "1945", "ano": "2020", "numero": "365", "tipo__sigla": "REQ", "tipo__descricao": "REQUERIMENTO", "autoria": "14 - RICARDO SOUSA", "texto_original": "http://sapl.olinda.pe.leg.br/media/", "ementa": "REQ.  N\u00b0 365/2020\r\nAutor: Vereador Ricardo Sousa\r\nAssunto: Requer troca de l\u00e2mpada do poste da Rua 57em frente a Verde Mar Padaria na IV Etapa de Rio Doce \u2013 Olinda \u2013 PE;"}, {"id": "1946", "ano": "2020", "numero": "366", "tipo__sigla": "REQ", "tipo__descricao": "REQUERIMENTO", "autoria": "14 - RICARDO SOUSA", "texto_original": "http://sapl.olinda.pe.leg.br/media/", "ementa": "REQ.  N\u00b0 366/2020\r\nAutor: Vereador Ricardo Sousa\r\nAssunto: Requer troca de l\u00e2mpada do poste da Rua 69 Bloco E QD 13 na IV Etapa Rio Doce \u2013 Olinda \u2013 PE;"}, {"id": "1947", "ano": "2020", "numero": "367", "tipo__sigla": "REQ", "tipo__descricao": "REQUERIMENTO", "autoria": "14 - RICARDO SOUSA", "texto_original": "http://sapl.olinda.pe.leg.br/media/", "ementa": "REQ.  N\u00b0 367/2020\r\nAutor: Vereador Ricardo Sousa\r\nAssunto: Requer troca de l\u00e2mpada do poste da Rua 70 em frente ao n\u00ba 14 na IV Etapa de Rio Doce \u2013 Olinda \u2013 PE;"}, {"id": "1948", "ano": "2020", "numero": "368", "tipo__sigla": "REQ", "tipo__descricao": "REQUERIMENTO", "autoria": "14 - RICARDO SOUSA", "texto_original": "http://sapl.olinda.pe.leg.br/media/", "ementa": "REQ.  N\u00b0 368/2020\r\nAutor: Vereador Ricardo Sousa\r\nAssunto: Requer troca de l\u00e2mpada do poste da Rua 80 em frente ao n\u00ba 16 na IV Etapa de Rio Doce \u2013 Olinda \u2013 PE;"}, {"id": "1949", "ano": "2020", "numero": "369", "tipo__sigla": "REQ", "tipo__descricao": "REQUERIMENTO", "autoria": "14 - RICARDO SOUSA", "texto_original": "http://sapl.olinda.pe.leg.br/media/", "ementa": "REQ.  N\u00b0 369/2020\r\nAutor: Vereador Ricardo Sousa\r\nAssunto: Requer troca de l\u00e2mpada do poste da Rua Oslo em frente ao n\u00ba 91 em Passarinho \u2013 Olinda -PE;"}, {"id": "1950", "ano": "2020", "numero": "370", "tipo__sigla": "REQ", "tipo__descricao": "REQUERIMENTO", "autoria": "16 - BIAI", "texto_original": "http://sapl.olinda.pe.leg.br/media/", "ementa": "REQ.  N\u00b0 370/2020\r\nAutor: Vereador Severino Barbosa de Souza/Biai\r\nAssunto: Requer higieniza\u00e7\u00e3o peri\u00f3dica de todos os pr\u00e9dios populares (Vila Cohab ), da cidade de Olinda, iniciando esse trabalho pelos 130 pr\u00e9dios da IV Etapa de Rio Doce e os demais conjuntos habitacionais;"}, {"id": "1951", "ano": "2020", "numero": "371", "tipo__sigla": "REQ", "tipo__descricao": "REQUERIMENTO", "autoria": "07 - JESU\u00cdNO ARA\u00daJO", "texto_original": "http://sapl.olinda.pe.leg.br/media/", "ementa": "REQ.  N\u00b0 371/2020\r\nAutor: Vereador Jesu\u00edno Ara\u00fajo\r\nAssunto: Requer servi\u00e7o de cal\u00e7amento/asfalto para a Rua Vulc\u00e3o \u2013 Bonsucesso \u2013 Olinda \u2013 PE;"}, {"id": "1952", "ano": "2020", "numero": "372", "tipo__sigla": "REQ", "tipo__descricao": "REQUERIMENTO", "autoria": "07 - JESU\u00cdNO ARA\u00daJO", "texto_original": "http://sapl.olinda.pe.leg.br/media/", "ementa": "REQ.  N\u00b0 372/2020\r\nAutor: Vereador Jesu\u00edno Ara\u00fajo\r\nAssunto: Requer servi\u00e7o de cal\u00e7amento/asfalto para a Rua Cassiterira \u2013 Amaro Branco \u2013 Olinda \u2013 PE;"}, {"id": "1953", "ano": "2020", "numero": "373", "tipo__sigla": "REQ", "tipo__descricao": "REQUERIMENTO", "autoria": "Jorge Federal", "texto_original": "http://sapl.olinda.pe.leg.br/media/", "ementa": "REQ.  N\u00b0 373/2020\r\nAutor: Vereador Jorge Federal\r\nAssunto: Requer troca de l\u00e2mpadas queimadas nos postes da Estrada do Caenga n\u00ba 560 B, em frente ao Cemit\u00e9rio de \u00c1guas Compridas \u2013 Olinda \u2013 PE;"}, {"id": "1954", "ano": "2020", "numero": "374", "tipo__sigla": "REQ", "tipo__descricao": "REQUERIMENTO", "autoria": "15 - SAULO HOLANDA", "texto_original": "http://sapl.olinda.pe.leg.br/media/", "ementa": "REQ.  N\u00b0 374/2020\r\nAutor: Vereador Saulo Holanda\r\nAssunto: Requer Requalifica\u00e7\u00e3o nos poste da Av. Nacional em Peixinhos \u2013 Olinda \u2013 PE;"}, {"id": "1955", "ano": "2020", "numero": "375", "tipo__sigla": "REQ", "tipo__descricao": "REQUERIMENTO", "autoria": "15 - SAULO HOLANDA", "texto_original": "http://sapl.olinda.pe.leg.br/media/", "ementa": "REQ.  N\u00b0 375/2020\r\nAutor: Vereador Saulo Holanda\r\nAssunto: Requer Requalifica\u00e7\u00e3o nos poste da Rua Jaboat\u00e3o em Peixinhos \u2013 Olinda \u2013 PE;"}, {"id": "1956", "ano": "2020", "numero": "376", "tipo__sigla": "REQ", "tipo__descricao": "REQUERIMENTO", "autoria": "15 - SAULO HOLANDA", "texto_original": "http://sapl.olinda.pe.leg.br/media/", "ementa": "REQ.  N\u00b0 376/2020\r\nAutor: Vereador Saulo Holanda\r\nAssunto: Requer Requalifica\u00e7\u00e3o nos poste da Rua 20 de Janeiro em Peixinhos \u2013 Olinda \u2013 PE;"}, {"id": "1957", "ano": "2020", "numero": "377", "tipo__sigla": "REQ", "tipo__descricao": "REQUERIMENTO", "autoria": "15 - SAULO HOLANDA", "texto_original": "http://sapl.olinda.pe.leg.br/media/", "ementa": "REQ.  N\u00b0 377/2020\r\nAutor: Vereador Saulo Holanda\r\nAssunto: Requer Requalifica\u00e7\u00e3o nos poste da Rua S\u00e3o Francisco em Peixinhos \u2013 Olinda \u2013 PE;"}, {"id": "1958", "ano": "2020", "numero": "378", "tipo__sigla": "REQ", "tipo__descricao": "REQUERIMENTO", "autoria": "15 - SAULO HOLANDA", "texto_original": "http://sapl.olinda.pe.leg.br/media/", "ementa": "REQ.  N\u00b0 378/2020\r\nAutor: Vereador Saulo Holanda\r\nAssunto: Requer Requalifica\u00e7\u00e3o nos poste da Rua Timba\u00faba em Peixinhos \u2013 Olinda \u2013 PE;"}, {"id": "1959", "ano": "2020", "numero": "379", "tipo__sigla": "REQ", "tipo__descricao": "REQUERIMENTO", "autoria": "15 - SAULO HOLANDA", "texto_original": "http://sapl.olinda.pe.leg.br/media/", "ementa": "REQ.  N\u00b0 379/2020\r\nAutor: Vereador Saulo Holanda\r\nAssunto: Requer Requalifica\u00e7\u00e3o nos poste da Rua Vic\u00eancia em Jardim Brasil II \u2013 Olinda \u2013 PE;"}, {"id": "1960", "ano": "2020", "numero": "380", "tipo__sigla": "REQ", "tipo__descricao": "REQUERIMENTO", "autoria": "15 - SAULO HOLANDA", "texto_original": "http://sapl.olinda.pe.leg.br/media/", "ementa": "REQ.  N\u00b0 380/2020\r\nAutor: Vereador Saulo Holanda\r\nAssunto: Requer servi\u00e7os de capina\u00e7\u00e3o, remo\u00e7\u00e3o de entulhos e regulariza\u00e7\u00e3o da coleta de lixo na Rua da Bertioga \u2013 Carmo \u2013 Olinda \u2013 PE;"}, {"id": "1961", "ano": "2020", "numero": "381", "tipo__sigla": "REQ", "tipo__descricao": "REQUERIMENTO", "autoria": "07 - JESU\u00cdNO ARA\u00daJO", "texto_original": "http://sapl.olinda.pe.leg.br/media/", "ementa": "REQ.  N\u00b0 381/2020\r\nAutor: Vereador Jesu\u00edno Ara\u00fajo\r\nAssunto: Requer aposi\u00e7\u00e3o de lombadas e pintura sinalizadora para redu\u00e7\u00e3o de velocidade, na Rua Catulo da Paix\u00e3o Cearense \u2013 CEP 53140-130 \u2013 Jardim Atl\u00e2ntico \u2013 Olinda \u2013 PE;"}, {"id": "1962", "ano": "2020", "numero": "382", "tipo__sigla": "REQ", "tipo__descricao": "REQUERIMENTO", "autoria": "07 - JESU\u00cdNO ARA\u00daJO", "texto_original": "http://sapl.olinda.pe.leg.br/media/", "ementa": "REQ.  N\u00b0 382/2020\r\nAutor: Vereador Jesu\u00edno Ara\u00fajo\r\nAssunto: Requer aposi\u00e7\u00e3o de lombadas e pintura sinalizadora para redu\u00e7\u00e3o de velocidade, na Rua Catulo da Paix\u00e3o Cearense \u2013 CEP 53140-130 \u2013 Jardim Atl\u00e2ntico \u2013 Olinda \u2013 PE;"}, {"id": "1963", "ano": "2020", "numero": "383", "tipo__sigla": "REQ", "tipo__descricao": "REQUERIMENTO", "autoria": "Alg\u00e9rio a Nossa Voz", "texto_original": "http://sapl.olinda.pe.leg.br/media/", "ementa": "REQ.  N\u00b0 383/2020\r\nAutor: Vereador Alg\u00e9rio Ant\u00f4nio\r\nAssunto: Requer t\u00e9rmino da obra das canaletas localizado na Rua Oscar Carneiro com a Rua Andr\u00e9 Temudo \u2013 Peixinhos \u2013 Olinda \u2013 PE;"}, {"id": "1964", "ano": "2020", "numero": "384", "tipo__sigla": "REQ", "tipo__descricao": "REQUERIMENTO", "autoria": "Alg\u00e9rio a Nossa Voz", "texto_original": "http://sapl.olinda.pe.leg.br/media/", "ementa": "REQ.  N\u00b0 384/2020\r\nAutor: Vereador Alg\u00e9rio Ant\u00f4nio\r\nAssunto: Requer troca de l\u00e2mpada do poste n\u00ba A044580, localizado na Rua Luci Rosa, em frente ao n\u00ba 35 no C\u00f3rrego do Nozinho \u2013 \u00c1guas Compridas \u2013 Olinda \u2013 PE;"}, {"id": "1965", "ano": "2020", "numero": "386", "tipo__sigla": "REQ", "tipo__descricao": "REQUERIMENTO", "autoria": "15 - SAULO HOLANDA", "texto_original": "http://sapl.olinda.pe.leg.br/media/", "ementa": "REQ.  N\u00b0 386/2020\r\nAutor: Vereador Saulo Holanda\r\nAssunto: Requer ao Grande Recife Cons\u00f3rcio de Transportes, a volta da Linha (Alto do cajueiro/Xamb\u00e1) que a tr\u00eas meses n\u00e3o sobe no Alto do Cajueiro;"}, {"id": "1966", "ano": "2020", "numero": "387", "tipo__sigla": "REQ", "tipo__descricao": "REQUERIMENTO", "autoria": "15 - SAULO HOLANDA", "texto_original": "http://sapl.olinda.pe.leg.br/media/", "ementa": "REQ.  N\u00b0 387 /2020\r\nAutor: Vereador Saulo Holanda\r\nAssunto: Requer servi\u00e7o de Requalifica\u00e7\u00e3o e troca de l\u00e2mpadas apagadas dos postes da Pra\u00e7a dos Habitacionais Peixinhos 1 e 2 em peixinhos \u2013 Olinda \u2013 PE;"}, {"id": "1967", "ano": "2020", "numero": "388", "tipo__sigla": "REQ", "tipo__descricao": "REQUERIMENTO", "autoria": "15 - SAULO HOLANDA", "texto_original": "http://sapl.olinda.pe.leg.br/media/", "ementa": "REQ.  N\u00b0 388 /2020\r\nAutor: Vereador Saulo Holanda\r\nAssunto: Requer troca de l\u00e2mpada apagada do poste em frente ao n\u00ba 84 da Rua Abreu e Lima em Peixinhos \u2013 Olinda \u2013PE;"}, {"id": "1968", "ano": "2020", "numero": "389", "tipo__sigla": "REQ", "tipo__descricao": "REQUERIMENTO", "autoria": "15 - SAULO HOLANDA", "texto_original": "http://sapl.olinda.pe.leg.br/media/", "ementa": "REQ.  N\u00b0 389/2020\r\nAutor: Vereador Saulo Holanda\r\nAssunto: Requer troca de l\u00e2mpada apagada do poste em frente ao n\u00ba 52 da Rua Abreu e Lima em Peixinhos \u2013 Olinda \u2013PE;"}, {"id": "1969", "ano": "2020", "numero": "390", "tipo__sigla": "REQ", "tipo__descricao": "REQUERIMENTO", "autoria": "15 - SAULO HOLANDA", "texto_original": "http://sapl.olinda.pe.leg.br/media/", "ementa": "REQ.  N\u00b0 390 /2020\r\nAutor: Vereador Saulo Holanda\r\nAssunto: Requer troca de l\u00e2mpada apagada do poste s/n em frente ao n\u00ba 25 em frente a Edite Refei\u00e7\u00f5es, na Rua Caet\u00e9s  em Peixinhos \u2013 Olinda \u2013PE;"}, {"id": "1970", "ano": "2020", "numero": "391", "tipo__sigla": "REQ", "tipo__descricao": "REQUERIMENTO", "autoria": "15 - SAULO HOLANDA", "texto_original": "http://sapl.olinda.pe.leg.br/media/", "ementa": "REQ.  N\u00b0 391/2020\r\nAutor: Vereador Saulo Holanda\r\nAssunto: Requer troca de l\u00e2mpada apagada do poste s/n em frente ao n\u00ba 50 em frente a Igreja Testemunha de Jeov\u00e1 na Rua Lauro Diniz  em Peixinhos \u2013 Olinda \u2013PE"}, {"id": "1971", "ano": "2020", "numero": "392", "tipo__sigla": "REQ", "tipo__descricao": "REQUERIMENTO", "autoria": "15 - SAULO HOLANDA", "texto_original": "http://sapl.olinda.pe.leg.br/media/", "ementa": "REQ.  N\u00b0 392/2020\r\nAutor: Vereador Saulo Holanda\r\nAssunto: Requer troca de l\u00e2mpadas apagadas dos postes s/n em frente aos n\u00ba 48 e 85 na Rua Municipal (Comunidade Giriquiti)  em Peixinhos \u2013 Olinda \u2013PE"}, {"id": "1972", "ano": "2020", "numero": "393", "tipo__sigla": "REQ", "tipo__descricao": "REQUERIMENTO", "autoria": "15 - SAULO HOLANDA", "texto_original": "http://sapl.olinda.pe.leg.br/media/", "ementa": "REQ.  N\u00b0 393/2020\r\nAutor: Vereador Saulo Holanda\r\nAssunto: Requer troca de l\u00e2mpada apagada do poste s/n em frente ao n\u00ba 215 na 2\u00aa Travessa do cajueiro em Peixinhos \u2013 Olinda;"}, {"id": "1973", "ano": "2020", "numero": "394", "tipo__sigla": "REQ", "tipo__descricao": "REQUERIMENTO", "autoria": "15 - SAULO HOLANDA", "texto_original": "http://sapl.olinda.pe.leg.br/media/", "ementa": "REQ.  N\u00b0 394/2020\r\nAutor: Vereador Saulo Holanda\r\nAssunto: Requer troca de l\u00e2mpada apagada e coloca\u00e7\u00e3o de Bra\u00e7o do poste s/n em frente ao n\u00ba 139 na 2\u00aa Travessa do Cajueiro em Peixinhos \u2013 Olinda \u2013 PE;"}, {"id": "1974", "ano": "2020", "numero": "395", "tipo__sigla": "REQ", "tipo__descricao": "REQUERIMENTO", "autoria": "15 - SAULO HOLANDA", "texto_original": "http://sapl.olinda.pe.leg.br/media/", "ementa": "REQ.  N\u00b0 395/2020\r\nAutor: Vereador Saulo Holanda\r\nAssunto: Requer servi\u00e7o de limpeza da Pra\u00e7a do Habitacional Peixinhos 1 e 2 em Peixinhos \u2013 Olinda \u2013 PE;"}, {"id": "1975", "ano": "2020", "numero": "396", "tipo__sigla": "REQ", "tipo__descricao": "REQUERIMENTO", "autoria": "15 - SAULO HOLANDA", "texto_original": "http://sapl.olinda.pe.leg.br/media/", "ementa": "REQ.  N\u00b0 396/2020\r\nAutor: Vereador Saulo Holanda\r\nAssunto: Requer servi\u00e7o de Requalifica\u00e7\u00e3o por l\u00e2mpadas LED na Rua do Veleiro e suas Transversais, Rua 1, 2 e 3, Rua Amaro Luiz de Carvalho, Rua Selma Bandeira, Rua Manoel Aleixo da Silva, Rua Lisboa de Moura em Peixinhos \u2013 Olinda \u2013 PE;"}, {"id": "1976", "ano": "2020", "numero": "397", "tipo__sigla": "REQ", "tipo__descricao": "REQUERIMENTO", "autoria": "15 - SAULO HOLANDA", "texto_original": "http://sapl.olinda.pe.leg.br/media/", "ementa": "REQ.  N\u00b0 397/2020\r\nAutor: Vereador Saulo Holanda\r\nAssunto: Requer troca de l\u00e2mpada queimada no poste n\u00ba A013005 ao lado da casa n\u00ba 283 da Rua Catarina Batista Esquina com Rua Pintor Manoel Bandeira em Casa Caiada \u2013 Olinda \u2013 PE;"}, {"id": "1977", "ano": "2020", "numero": "398", "tipo__sigla": "REQ", "tipo__descricao": "REQUERIMENTO", "autoria": "Alg\u00e9rio a Nossa Voz", "texto_original": "http://sapl.olinda.pe.leg.br/media/", "ementa": "REQ.  N\u00b0 398/2020\r\nAutor: Vereador Alg\u00e9rio Ant\u00f4nio\r\nAssunto: Requer aumento do n\u00famero de capacidade de pessoas nos templos religiosos, passando de 30% para 50% de capacidade m\u00e1xima;"}, {"id": "1978", "ano": "2020", "numero": "399", "tipo__sigla": "REQ", "tipo__descricao": "REQUERIMENTO", "autoria": "07 - JESU\u00cdNO ARA\u00daJO", "texto_original": "http://sapl.olinda.pe.leg.br/media/", "ementa": "REQ.  N\u00b0 399/2020\r\nAutor: Vereador Jesu\u00edno Ara\u00fajo\r\nAssunto: Requer requalifica\u00e7\u00e3o do cal\u00e7amento da Rua Cel. Jo\u00e3o Joaquim Antunes (rua de Paralelep\u00edpedos), CEP 53.030-140, Bairro Novo."}, {"id": "1979", "ano": "2020", "numero": "400", "tipo__sigla": "REQ", "tipo__descricao": "REQUERIMENTO", "autoria": "Jorge Federal", "texto_original": "http://sapl.olinda.pe.leg.br/media/", "ementa": "REQ.  N\u00b0 400/2020\r\nAutor: Vereador Jorge Federal\r\nAssunto: Conceda autoriza\u00e7\u00e3o para o imediato funcionamento das barracas localizadas em toda a extens\u00e3o da Orla de Olinda."}, {"id": "1980", "ano": "2020", "numero": "401", "tipo__sigla": "REQ", "tipo__descricao": "REQUERIMENTO", "autoria": "Jorge Federal", "texto_original": "http://sapl.olinda.pe.leg.br/media/", "ementa": "REQ.  N\u00b0 401/2020\r\nAutor: Vereador Jorge Federal\r\nAssunto: Requer substitui\u00e7\u00e3o da l\u00e2mpada queimada no poste E009346, localizado na Rua 15 da comunidade Portelinha, V8, no bairro do Varadouro, Olinda-PE."}, {"id": "1981", "ano": "2020", "numero": "402", "tipo__sigla": "REQ", "tipo__descricao": "REQUERIMENTO", "autoria": "Jorge Federal", "texto_original": "http://sapl.olinda.pe.leg.br/media/", "ementa": "REQ.  N\u00b0 402/2020\r\nAutor: Vereador Jorge Federal\r\nAssunto:  Requer voto de pesar pelo falecimento da Artista Pl\u00e1stica Tereza Costa Rego, ocorrido na manh\u00e3 do \u00faltimo domingo, dia 26 de julho, aos 91 anos de idade."}, {"id": "1982", "ano": "2020", "numero": "403", "tipo__sigla": "REQ", "tipo__descricao": "REQUERIMENTO", "autoria": "15 - SAULO HOLANDA", "texto_original": "http://sapl.olinda.pe.leg.br/media/", "ementa": "REQ.  N\u00b0 403/2020\r\nAutor: Vereador Saulo Holanda\r\nAssunto:  Requer troca de l\u00e2mpada apagada no poste S/N em frente a casa N\u00b0 297 na Rua Recife em Jardim Brasil II, Olinda."}, {"id": "1983", "ano": "2020", "numero": "404", "tipo__sigla": "REQ", "tipo__descricao": "REQUERIMENTO", "autoria": "15 - SAULO HOLANDA", "texto_original": "http://sapl.olinda.pe.leg.br/media/", "ementa": "REQ.  N\u00b0 404/2020\r\nAutor: Vereador Saulo Holanda\r\nAssunto:  Requer coloca\u00e7\u00e3o de bra\u00e7o e l\u00e2mpada no poste S/N em frente \u00e0 casa N\u00b0 185 na Rua Em\u00eddio Cavalcante (na R\u00e1dio Tamandar\u00e9) em Peixinhos, Olinda."}, {"id": "1984", "ano": "2020", "numero": "405", "tipo__sigla": "REQ", "tipo__descricao": "REQUERIMENTO", "autoria": "15 - SAULO HOLANDA", "texto_original": "http://sapl.olinda.pe.leg.br/media/", "ementa": "REQ.  N\u00b0 405/2020\r\nAutor: Vereador Saulo Holanda\r\nAssunto:  Requer troca de l\u00e2mpadas apagadas nos postes S/N em frente as casas de N\u00b0 215 e 14 na Rua Turquia (na R\u00e1dio Tamandar\u00e9) em Peixinhos, Olinda."}, {"id": "1985", "ano": "2020", "numero": "406", "tipo__sigla": "REQ", "tipo__descricao": "REQUERIMENTO", "autoria": "15 - SAULO HOLANDA", "texto_original": "http://sapl.olinda.pe.leg.br/media/", "ementa": "REQ.  N\u00b0 406/2020\r\nAutor: Vereador Saulo Holanda \r\nAssunto:  Requer troca de l\u00e2mpadas apagadas nos postes S/N em frente as casas N\u00ba 61, 93, 131, 148 na ua Urbano de Souza Ferreira (na R\u00e1dio Tamandar\u00e9) em Peixinhos, Olinda."}, {"id": "1986", "ano": "2020", "numero": "407", "tipo__sigla": "REQ", "tipo__descricao": "REQUERIMENTO", "autoria": "15 - SAULO HOLANDA", "texto_original": "http://sapl.olinda.pe.leg.br/media/", "ementa": "REQ.  N\u00b0 407/2020\r\nAutor: Vereador Saulo Holanda \r\nAssunto:  Requer troca de l\u00e2mpadas apagadas nos postes S/N em frente as casas N\u00ba 335, 215, 277, 57 na Rua Conego Jonas Taurino (na R\u00e1dio Tamandar\u00e9) em Peixinhos, Olinda."}, {"id": "1987", "ano": "2020", "numero": "408", "tipo__sigla": "REQ", "tipo__descricao": "REQUERIMENTO", "autoria": "15 - SAULO HOLANDA", "texto_original": "http://sapl.olinda.pe.leg.br/media/", "ementa": "REQ.  N\u00b0 408/2020\r\nAutor: Vereador Saulo Holanda \r\nAssunto:  Requer troca de l\u00e2mpada apagada no poste N\u00b0 A024343 na Travessa da rua da Azeitona, em frente ao N\u00ba 89, em Peixinhos, Olinda."}, {"id": "1988", "ano": "2020", "numero": "409", "tipo__sigla": "REQ", "tipo__descricao": "REQUERIMENTO", "autoria": "15 - SAULO HOLANDA", "texto_original": "http://sapl.olinda.pe.leg.br/media/", "ementa": "REQ.  N\u00b0 409/2020\r\nAutor: Vereador Saulo Holanda\r\nAssunto:  Requer troca de l\u00e2mpadas apagadas no poste S/N, em frente \u00e0 casa N\u00b0 58 na Rua do Multir\u00e3o em Peixinhos, Olinda."}, {"id": "1989", "ano": "2020", "numero": "410", "tipo__sigla": "REQ", "tipo__descricao": "REQUERIMENTO", "autoria": "15 - SAULO HOLANDA", "texto_original": "http://sapl.olinda.pe.leg.br/media/", "ementa": "REQ.  N\u00b0 411/2020\r\nAutor: Vereador Saulo Holanda\r\nAssunto:  Requer retirada de entulhos e metralhas da via p\u00fablica na Rua General Sampaio em Corrego do Abacaxi, Olinda."}, {"id": "1990", "ano": "2020", "numero": "412", "tipo__sigla": "REQ", "tipo__descricao": "REQUERIMENTO", "autoria": "15 - SAULO HOLANDA", "texto_original": "http://sapl.olinda.pe.leg.br/media/", "ementa": "REQ.  N\u00b0 412/2020\r\nAutor: Vereador Saulo Holanda\r\nAssunto:  Requer retirada de entulhos e metralhas da via p\u00fablica na Rua Itabuna em frente ao N\u00b0 167, Jardim Brasil I, Olinda."}, {"id": "1991", "ano": "2020", "numero": "413", "tipo__sigla": "REQ", "tipo__descricao": "REQUERIMENTO", "autoria": "15 - SAULO HOLANDA", "texto_original": "http://sapl.olinda.pe.leg.br/media/", "ementa": "REQ.  N\u00b0 413/2020\r\nAutor: Vereador Saulo Holanda\r\nAssunto:  Requer troca de l\u00e2mpadas apagadas no poste S/N, em frente \u00e0 casa N\u00b0 549 na Rua S\u00e3o Sebasti\u00e3o (pr\u00f3ximo a Capelinha) em Peixinhos, Olinda."}, {"id": "1992", "ano": "2020", "numero": "414", "tipo__sigla": "REQ", "tipo__descricao": "REQUERIMENTO", "autoria": "15 - SAULO HOLANDA", "texto_original": "http://sapl.olinda.pe.leg.br/media/", "ementa": "REQ.  N\u00b0 414/2020\r\nAutor: Vereador Saulo Holanda\r\nAssunto:  Requer troca de l\u00e2mpadas apagadas no poste S/N, em frente \u00e0 casa N\u00b0 725 na Av. Jardim Bras\u00edlia em Peixinhos, Olinda."}, {"id": "1993", "ano": "2020", "numero": "415", "tipo__sigla": "REQ", "tipo__descricao": "REQUERIMENTO", "autoria": "15 - SAULO HOLANDA", "texto_original": "http://sapl.olinda.pe.leg.br/media/", "ementa": "REQ.  N\u00b0 415/2020\r\nAutor: Vereador Saulo Holanda\r\nAssunto:  Requer troca de l\u00e2mpadas apagadas no poste S/N, em frente \u00e0 casa N\u00b0 41 na Rua do Cajueiro em Peixinhos, Olinda."}, {"id": "1994", "ano": "2020", "numero": "416", "tipo__sigla": "REQ", "tipo__descricao": "REQUERIMENTO", "autoria": "15 - SAULO HOLANDA", "texto_original": "http://sapl.olinda.pe.leg.br/media/", "ementa": "REQ.  N\u00b0 416/2020\r\nAutor: Vereador Saulo Holanda\r\nAssunto:  Requer troca de l\u00e2mpadas apagadas nos postes S/N, em frente as casas N\u00b0s 110, e N\u00b0 A005210, na Rua D\u00e9bora R\u00e9gis de Carvalho 41 (na R\u00e1dio Tamandar\u00e9) em Peixinhos, Olinda."}, {"id": "1995", "ano": "2020", "numero": "417", "tipo__sigla": "REQ", "tipo__descricao": "REQUERIMENTO", "autoria": "15 - SAULO HOLANDA", "texto_original": "http://sapl.olinda.pe.leg.br/media/", "ementa": "REQ.  N\u00b0 417/2020\r\nAutor: Vereador Saulo Holanda\r\nAssunto:  Requer troca de l\u00e2mpada apagada no poste S/N, em frente \u00e0 casa N\u00b0 655 na Rua do Cajueiro em Peixinhos, Olinda."}, {"id": "1996", "ano": "2020", "numero": "418", "tipo__sigla": "REQ", "tipo__descricao": "REQUERIMENTO", "autoria": "16 - BIAI", "texto_original": "http://sapl.olinda.pe.leg.br/media/", "ementa": "REQ.  N\u00b0 418/2020\r\nAutor: Vereador Severino Barbosa de Souza/Biai\r\nAssunto: Requer que seja realizada a recupera\u00e7\u00e3o do gradil que circunda a Igreja Nossa Senhora do Carmo, em frente \u00e0 Pra\u00e7a do Carmo em Olinda."}, {"id": "1997", "ano": "2020", "numero": "419", "tipo__sigla": "REQ", "tipo__descricao": "REQUERIMENTO", "autoria": "Jorge Federal", "texto_original": "http://sapl.olinda.pe.leg.br/media/", "ementa": "REQ.  N\u00b0 419/2020\r\nAutor: Vereador Jorge Federal\r\nAssunto:  Requer que sejam informadas, a este Poder Legislativo atrav\u00e9s do Vereador que a este subscreve, no prazo de 15 (quinze) dias, a contar da Ci\u00eancia deste documento, as seguintes informa\u00e7\u00f5es e disponibiliza\u00e7\u00e3o de documentos, acerca da denuncia de irregularidades na Obra do Canal do Fragoso, c\u00f3pia anexa, encaminhada pelo Sr. Alexandre Herculano da Silva, recepcionada por esta Casa Legislativa em 27 de julho do corrente ano."}, {"id": "1998", "ano": "2020", "numero": "420", "tipo__sigla": "REQ", "tipo__descricao": "REQUERIMENTO", "autoria": "16 - BIAI", "texto_original": "http://sapl.olinda.pe.leg.br/media/", "ementa": "REQ.  N\u00b0 420/2020\r\nAutor: Vereador Severino Barbosa de Souza/Biai\r\nAssunto:  Requer a recupera\u00e7\u00e3o da Igreja Nossa Senhora do Carmo, no Munic\u00edpio de Olinda."}, {"id": "1999", "ano": "2020", "numero": "421", "tipo__sigla": "REQ", "tipo__descricao": "REQUERIMENTO", "autoria": "16 - BIAI", "texto_original": "http://sapl.olinda.pe.leg.br/media/", "ementa": "REQ.  N\u00b0 421/2020\r\nAutor: Vereador Severino Barbosa de Souza/Biai\r\nAssunto:  Requer a instala\u00e7\u00e3o de pias e sab\u00e3o nas Feiras da Cidade."}, {"id": "2000", "ano": "2020", "numero": "422", "tipo__sigla": "REQ", "tipo__descricao": "REQUERIMENTO", "autoria": "16 - BIAI", "texto_original": "http://sapl.olinda.pe.leg.br/media/", "ementa": "REQ.  N\u00b0 422/2020\r\nAutor: Vereador Severino Barbosa de Souza/Biai\r\nAssunto: Requer o planejamento da abertura dos campos de pelada da cidade."}, {"id": "2001", "ano": "2020", "numero": "425", "tipo__sigla": "REQ", "tipo__descricao": "REQUERIMENTO", "autoria": "07 - JESU\u00cdNO ARA\u00daJO", "texto_original": "http://sapl.olinda.pe.leg.br/media/", "ementa": "REQ.  N\u00b0 425/2020\r\nAutor: Vereador Jesu\u00edno Ara\u00fajo\r\nAssunto: Requer troca de postes de ilumina\u00e7\u00e3o p\u00fablica, danificados e oxidados, localizados na Av. Ministro Marcos Freire \u2013 Bairro Novo ( Orla mar\u00edtima de Olinda, do n\u00ba 1747 ao 1871 \u2013 entre os Restaurantes OISHI e CAPITANIA, sentido Janga) de acordo com a compet\u00eancia."}, {"id": "2002", "ano": "2020", "numero": "426", "tipo__sigla": "REQ", "tipo__descricao": "REQUERIMENTO", "autoria": "07 - JESU\u00cdNO ARA\u00daJO", "texto_original": "http://sapl.olinda.pe.leg.br/media/", "ementa": "REQ.  N\u00b0 426 /2020\r\nAutor: Vereador Jesu\u00edno Ara\u00fajo\r\nAssunto: Requer servi\u00e7o de cal\u00e7amento/asfalto para a Rua Cel. Jos\u00e9 Cipriano da Silva \u2013 CEP \u2013 53040-140 Rio Doce \u2013 Olinda \u2013 PE;"}, {"id": "2003", "ano": "2020", "numero": "427", "tipo__sigla": "REQ", "tipo__descricao": "REQUERIMENTO", "autoria": "16 - BIAI", "texto_original": "http://sapl.olinda.pe.leg.br/media/", "ementa": "REQ.  N\u00b0 427 /2020\r\nAutor: Vereador Severino Barbosa de Souza/Biai\r\nAssunto: Requer providenciar a volta da linha de \u00f4nibus Rio Doce Conde da Boa Vista, tendo vista que com a retirada da linha os usu\u00e1rios est\u00e3o sem acesso \u00e0 referida Avenida."}, {"id": "2004", "ano": "2020", "numero": "428", "tipo__sigla": "REQ", "tipo__descricao": "REQUERIMENTO", "autoria": "Alg\u00e9rio a Nossa Voz", "texto_original": "http://sapl.olinda.pe.leg.br/media/", "ementa": "REQ.  N\u00b0 428/2020\r\nAutor: Vereador Alg\u00e9rio Ant\u00f4nio da Silva  \r\nAssunto:  Requer voto de aplauso ao ilustr\u00edssimo Sr. Jo\u00e3o Galdino pela sua posse como Vice Presidente da ABIP (Associa\u00e7\u00e3o Brasileira das Ind\u00fastrias de Panifica\u00e7\u00e3o e Confeitaria) Regional-NE realizada no dia 10 de agosto, como tamb\u00e9m ao ilustre Sr. Paulo Pereira presidente da Sindip\u00e3o (Sindicato da Ind\u00fastria de Panifica\u00e7\u00e3o e Confeitaria do estado de Pernambuco) por sua posse como Vice presidente Nacional."}, {"id": "2005", "ano": "2020", "numero": "429", "tipo__sigla": "REQ", "tipo__descricao": "REQUERIMENTO", "autoria": "16 - BIAI", "texto_original": "http://sapl.olinda.pe.leg.br/media/", "ementa": "REQ.  N\u00b0 429/2020\r\nAutor: Vereador Severino Barbosa - Biai\r\nAssunto:  Requer coloca\u00e7\u00e3o de faixa de pedestre no entroncamento da Rua Claudio Uch\u00f4a Cavalcanti (antiga Rua 2) com a Av. Frederico Lundgren, no bairro do Rio Doce - Olinda-PE, em frente \u00e0 Farm\u00e1cia S\u00e3o Severino e o sal\u00e3o de S\u00edlvio Cabeleireiro;"}, {"id": "2006", "ano": "2020", "numero": "430", "tipo__sigla": "REQ", "tipo__descricao": "REQUERIMENTO", "autoria": "Jorge Federal", "texto_original": "http://sapl.olinda.pe.leg.br/media/", "ementa": "REQ.  N\u00b0 430/2020\r\nAutor: Vereador Jorge Federal\r\nAssunto:  Requer desobstru\u00e7\u00e3o de galeria na Rua Manoel Regueira, em frente a Escola Lions \u2013 Bultrins \u2013 Olinda \u2013 PE;"}, {"id": "2007", "ano": "2020", "numero": "431", "tipo__sigla": "REQ", "tipo__descricao": "REQUERIMENTO", "autoria": "Jorge Federal", "texto_original": "http://sapl.olinda.pe.leg.br/media/", "ementa": "REQ.  N\u00b0 431/2020\r\nAutor: Vereador Jorge Federal\r\nAssunto: Requer desobstru\u00e7\u00e3o da rede de esgoto na Rua Manoel Regueira, em frente ao Col\u00e9gio Lions \u2013 Bultrins \u2013 Olinda \u2013 PE;"}, {"id": "2008", "ano": "2020", "numero": "432", "tipo__sigla": "REQ", "tipo__descricao": "REQUERIMENTO", "autoria": "Jorge Federal", "texto_original": "http://sapl.olinda.pe.leg.br/media/", "ementa": "REQ.  N\u00b0 432/2020\r\nAutor: Vereador Jorge Federal\r\nAssunto:  Requer Desobstru\u00e7\u00e3o de galeria na Rua manoel Regueira, em frente a Escola Lions \u2013 Bultrins \u2013 Olinda \u2013 PE;"}, {"id": "2009", "ano": "2020", "numero": "433", "tipo__sigla": "REQ", "tipo__descricao": "REQUERIMENTO", "autoria": "Jorge Federal", "texto_original": "http://sapl.olinda.pe.leg.br/media/", "ementa": "REQ.  N\u00b0 433/2020\r\nAutor: Vereador Jorge Federal\r\nAssunto: Requer terraplanagem e cal\u00e7amento da Rua Cabe\u00e7a de Negro no bairro de Cidade Tabajara \u2013 Olinda \u2013 PE;"}, {"id": "2010", "ano": "2020", "numero": "434", "tipo__sigla": "REQ", "tipo__descricao": "REQUERIMENTO", "autoria": "Jorge Federal", "texto_original": "http://sapl.olinda.pe.leg.br/media/", "ementa": "REQ.  N\u00b0 434/2020\r\nAutor: Vereador Jorge Federal\r\nAssunto: Requer desobstru\u00e7\u00e3o de canaletas com constru\u00e7\u00e3o de caixa de esgoto nas proximidades do im\u00f3vel de n\u00ba 03 na Rua Cabe\u00e7a de Negro no bairro de Cidade Tabajara \u2013 Olinda \u2013 PE;"}, {"id": "2011", "ano": "2020", "numero": "435", "tipo__sigla": "REQ", "tipo__descricao": "REQUERIMENTO", "autoria": "Jorge Federal", "texto_original": "http://sapl.olinda.pe.leg.br/media/", "ementa": "REQ.  N\u00b0 435/2020\r\nAutor: Vereador Jorge Federal\r\nAssunto: Requer servi\u00e7o de capina\u00e7\u00e3o e remo\u00e7\u00e3o de entulhos na Rua Cabe\u00e7a de Negro no bairro de Cidade Tabajara \u2013 Olinda \u2013 PE;"}, {"id": "2012", "ano": "2020", "numero": "436", "tipo__sigla": "REQ", "tipo__descricao": "REQUERIMENTO", "autoria": "Alg\u00e9rio a Nossa Voz", "texto_original": "http://sapl.olinda.pe.leg.br/media/", "ementa": "REQ.  N\u00b0 436/2020\r\nAutor: Vereador Alg\u00e9rio Ant\u00f4nio\r\nAssunto: Requer caneletas na Rua das Flores em frente ao n\u00ba 28 \u2013 Cidade Tabajara \u2013 Olinda \u2013 PE;"}, {"id": "2013", "ano": "2020", "numero": "437", "tipo__sigla": "REQ", "tipo__descricao": "REQUERIMENTO", "autoria": "Alg\u00e9rio a Nossa Voz", "texto_original": "http://sapl.olinda.pe.leg.br/media/", "ementa": "REQ.  N\u00b0 437/2020\r\nAutor: Vereador Alg\u00e9rio Ant\u00f4nio\r\nAssunto: Requer canaletas na Rua Caranda\u00ed em frente ao n\u00ba 18 \u2013 Cidade Tabajara \u2013 Olinda \u2013 PE;"}, {"id": "2014", "ano": "2020", "numero": "438", "tipo__sigla": "REQ", "tipo__descricao": "REQUERIMENTO", "autoria": "Alg\u00e9rio a Nossa Voz", "texto_original": "http://sapl.olinda.pe.leg.br/media/", "ementa": "REQ.  N\u00b0 438/2020\r\nAutor: Vereador Alg\u00e9rio Ant\u00f4nio\r\nAssunto: Requer coloca\u00e7\u00e3o de placa e limpeza da canaleta na Rua Nelson Guedes em frente ao n\u00ba 200 e 179 \u2013 Varadouro \u2013 Olinda \u2013 PE;"}, {"id": "2015", "ano": "2020", "numero": "439", "tipo__sigla": "REQ", "tipo__descricao": "REQUERIMENTO", "autoria": "16 - BIAI", "texto_original": "http://sapl.olinda.pe.leg.br/media/", "ementa": "REQ.  N\u00b0 439/2020\r\nAutor: Vereador Severino Barbosa - Biai\r\nAssunto: Requer servi\u00e7o de recapeamento do asfalto da Avenida M\u00e9xico na 2\u00aa Etapa do bairro de Rio Doce dos dois lados da avenida."}, {"id": "2016", "ano": "2020", "numero": "440", "tipo__sigla": "REQ", "tipo__descricao": "REQUERIMENTO", "autoria": "16 - BIAI", "texto_original": "http://sapl.olinda.pe.leg.br/media/", "ementa": "REQ.  N\u00b0 440/2020\r\nAutor: Vereador Severino Barbosa - Biai\r\nAssunto: Requer servi\u00e7o de recapeamento do asfalto da Avenida Colibri na 5\u00aa Etapa do bairro de Rio Doce."}, {"id": "2017", "ano": "2020", "numero": "441", "tipo__sigla": "REQ", "tipo__descricao": "REQUERIMENTO", "autoria": "16 - BIAI", "texto_original": "http://sapl.olinda.pe.leg.br/media/", "ementa": "REQ.  N\u00b0 441/2020\r\nAutor: Vereador Severino Barbosa - Biai\r\nAssunto: Requer servi\u00e7o de recapeamento do asfalto da Rua Pintassilgo entre as 3\u00aa e 4\u00aa Etapas do Bairro de Rio Doce."}, {"id": "2018", "ano": "2020", "numero": "442", "tipo__sigla": "REQ", "tipo__descricao": "REQUERIMENTO", "autoria": "16 - BIAI", "texto_original": "http://sapl.olinda.pe.leg.br/media/", "ementa": "REQ.  N\u00b0 442/2020\r\nAutor: Vereador Severino Barbosa - Biai\r\nAssunto: Requer servi\u00e7o de Recapeamento do asfalto na Rua 03 na quarta Etapa do Bairro de Rio Doce."}, {"id": "2019", "ano": "2020", "numero": "443", "tipo__sigla": "REQ", "tipo__descricao": "REQUERIMENTO", "autoria": "16 - BIAI", "texto_original": "http://sapl.olinda.pe.leg.br/media/", "ementa": "REQ.  N\u00b0 443/2020\r\nAutor: Vereador Severino Barbosa - Biai\r\nAssunto:  Requer limpeza do canal da Avenida Colibri na 5\u00aa Etapa do Bairro de Rio Doce."}, {"id": "2020", "ano": "2020", "numero": "444", "tipo__sigla": "REQ", "tipo__descricao": "REQUERIMENTO", "autoria": "16 - BIAI", "texto_original": "http://sapl.olinda.pe.leg.br/media/", "ementa": "REQ.  N\u00b0 444/2020\r\nAutor: Vereador Severino Barbosa - Biai\r\nAssunto:  Requer limpeza do canal da Avenida Tiradentes na 4\u00aa Etapa do Bairro de Rio Doce."}, {"id": "2021", "ano": "2020", "numero": "445", "tipo__sigla": "REQ", "tipo__descricao": "REQUERIMENTO", "autoria": "07 - JESU\u00cdNO ARA\u00daJO", "texto_original": "http://sapl.olinda.pe.leg.br/media/", "ementa": "REQ.  N\u00b0 445/2020\r\nAutor: Vereador Jesu\u00edno Ara\u00fajo\r\nAssunto: Requer cal\u00e7amento/asfalto para a Rua Ant\u00f4nio Martiniano de Barros \u2013 CEP 53130-070 Bairro Novo \u2013 Olinda \u2013 PE;"}, {"id": "2022", "ano": "2020", "numero": "446", "tipo__sigla": "REQ", "tipo__descricao": "REQUERIMENTO", "autoria": "Jorge Federal", "texto_original": "http://sapl.olinda.pe.leg.br/media/", "ementa": "REQ.  N\u00b0 446/2020\r\nAutor: Vereador Jorge Federal \r\nAssunto:  Requer a regulariza\u00e7\u00e3o do abastecimento de \u00e1gua na comunidade do Jap\u00e3o, no bairro de Cidade Tabajara \u2014 Olinda \u2014 PE;"}, {"id": "2023", "ano": "2020", "numero": "447", "tipo__sigla": "REQ", "tipo__descricao": "REQUERIMENTO", "autoria": "Jorge Federal", "texto_original": "http://sapl.olinda.pe.leg.br/media/", "ementa": "REQ.  N\u00b0 447/2020\r\nAutor: Vereador Jorge Federal \r\nAssunto:  Requer remo\u00e7\u00e3o de entulhos na Rua Paulo Jos\u00e9 de Souza \u2014 Vila Popular \u2014 Olinda \u2014 PE;"}, {"id": "2026", "ano": "2020", "numero": "448", "tipo__sigla": "REQ", "tipo__descricao": "REQUERIMENTO", "autoria": "Jorge Federal", "texto_original": "http://sapl.olinda.pe.leg.br/media/", "ementa": "REQ.  N\u00b0 448/2020\r\nAutor: Vereador Jorge Federal \r\nAssunto: Requer substitui\u00e7\u00e3o de l\u00e2mpada queimada no poste em frente ao im\u00f3vel de n\u00b0 148 da Rua Catarina Batista de Alencar \u2014 Jardim Fragoso \u2014 Olinda \u2014 PE;"}, {"id": "2027", "ano": "2020", "numero": "449", "tipo__sigla": "REQ", "tipo__descricao": "REQUERIMENTO", "autoria": "Jorge Federal", "texto_original": "http://sapl.olinda.pe.leg.br/media/", "ementa": "REQ.  N\u00b0 449/2020\r\nAutor: Vereador Jorge Federal \r\nAssunto:  Requer melhorias nas condi\u00e7\u00f5es da unidade de sa\u00fade da fam\u00edlia em Cidade Tabajara, bem como o cadastramento dos moradores da Comunidade do Jap\u00e3o localizado no mesmo bairro, para que sejam atendidos neste USF."}, {"id": "2028", "ano": "2020", "numero": "450", "tipo__sigla": "REQ", "tipo__descricao": "REQUERIMENTO", "autoria": "Jorge Federal", "texto_original": "http://sapl.olinda.pe.leg.br/media/", "ementa": "REQ.  N\u00b0 450/2020\r\nAutor: Vereador Jorge Federal \r\nAssunto: Requer remo\u00e7\u00e3o de entulhos (resto de obra) na Rua Rosa Silvestre, Jardim Atl\u00e2ntico, Olinda-PE"}, {"id": "2029", "ano": "2020", "numero": "451", "tipo__sigla": "REQ", "tipo__descricao": "REQUERIMENTO", "autoria": "Jorge Federal", "texto_original": "http://sapl.olinda.pe.leg.br/media/", "ementa": "REQ.  N\u00b0 451/2020\r\nAutor: Vereador Jorge Federal \r\nAssunto:  Requer substitui\u00e7\u00e3o de l\u00e2mpada queimada no poste em frente ao im\u00f3vel de n\u00b0 225 na Rua Artur Serpa, Jardim Fragoso, Olinda-"}, {"id": "2030", "ano": "2020", "numero": "452", "tipo__sigla": "REQ", "tipo__descricao": "REQUERIMENTO", "autoria": "15 - SAULO HOLANDA", "texto_original": "http://sapl.olinda.pe.leg.br/media/", "ementa": "REQ.  N\u00b0 452/2020\r\nAutor: Vereador Saulo Holanda\r\nAssunto:  Requer coloca\u00e7\u00e3o de l\u00e2mpada LED no poste s/n da Rua Jata\u00faba em frente a casa de n\u00ba 43 em Peixinhos \u2013 Olinda \u2013 PE;"}, {"id": "2031", "ano": "2020", "numero": "453", "tipo__sigla": "REQ", "tipo__descricao": "REQUERIMENTO", "autoria": "15 - SAULO HOLANDA", "texto_original": "http://sapl.olinda.pe.leg.br/media/", "ementa": "REQ.  N\u00b0 453/2020\r\nAutor: Vereador Saulo Holanda\r\nAssunto:  Requer coloca\u00e7\u00e3o de l\u00e2mpada LED no poste s/n da Rua Jata\u00faba em frente a casa de n\u00ba 33 em Peixinhos \u2013 Olinda \u2013 PE;"}, {"id": "2032", "ano": "2020", "numero": "454", "tipo__sigla": "REQ", "tipo__descricao": "REQUERIMENTO", "autoria": "15 - SAULO HOLANDA", "texto_original": "http://sapl.olinda.pe.leg.br/media/", "ementa": "REQ.  N\u00b0 454/2020\r\nAutor: Vereador Saulo Holanda\r\nAssunto: Requer coloca\u00e7\u00e3o de l\u00e2mpada LED no poste s/n da Rua Jata\u00faba em frente a casa de n\u00ba 59 em Peixinhos \u2013 Olinda \u2013 PE;"}, {"id": "2033", "ano": "2020", "numero": "455", "tipo__sigla": "REQ", "tipo__descricao": "REQUERIMENTO", "autoria": "15 - SAULO HOLANDA", "texto_original": "http://sapl.olinda.pe.leg.br/media/", "ementa": "REQ.  N\u00b0 455/2020\r\nAutor: Vereador Saulo Holanda\r\nAssunto: Requer coloca\u00e7\u00e3o de l\u00e2mpada LED no poste n\u00ba A011394 da Rua Nig\u00e9ria em Aguazinha \u2013 Olinda \u2013 PE;"}, {"id": "2034", "ano": "2020", "numero": "456", "tipo__sigla": "REQ", "tipo__descricao": "REQUERIMENTO", "autoria": "15 - SAULO HOLANDA", "texto_original": "http://sapl.olinda.pe.leg.br/media/", "ementa": "REQ.  N\u00b0 456/2020\r\nAutor: Vereador Saulo Holanda\r\nAssunto: Requer coloca\u00e7\u00e3o de l\u00e2mpada LED no poste n\u00ba A011393 da Rua Nig\u00e9ria em Aguazinha \u2013 Olinda \u2013 PE;"}, {"id": "2035", "ano": "2020", "numero": "457", "tipo__sigla": "REQ", "tipo__descricao": "REQUERIMENTO", "autoria": "15 - SAULO HOLANDA", "texto_original": "http://sapl.olinda.pe.leg.br/media/", "ementa": "REQ.  N\u00b0 457/2020\r\nAutor: Vereador Saulo Holanda\r\nAssunto: Requer coloca\u00e7\u00e3o de l\u00e2mpada LED no poste n\u00ba A0113942 da Rua Nig\u00e9ria em Aguazinha \u2013 Olinda \u2013 PE;"}, {"id": "2036", "ano": "2020", "numero": "458", "tipo__sigla": "REQ", "tipo__descricao": "REQUERIMENTO", "autoria": "15 - SAULO HOLANDA", "texto_original": "http://sapl.olinda.pe.leg.br/media/", "ementa": "REQ.  N\u00b0 458/2020\r\nAutor: Vereador Saulo Holanda\r\nAssunto: Requer qualifica\u00e7\u00e3o e troca de l\u00e2mpadas apagadas nos postes da Pra\u00e7a dos habitacionais Peixinhos 1 e 2 em Peixinhos \u2013 Olinda \u2013 PE;"}, {"id": "2037", "ano": "2020", "numero": "459", "tipo__sigla": "REQ", "tipo__descricao": "REQUERIMENTO", "autoria": "15 - SAULO HOLANDA", "texto_original": "http://sapl.olinda.pe.leg.br/media/", "ementa": "REQ.  N\u00b0 459/2020\r\nAutor: Vereador Saulo Holanda\r\nAssunto: Requer troca de l\u00e2mpada apagada no poste s/n na Rua do Cajueiro em frente a casa n\u00ba 268 em peixinhos \u2013 Olinda \u2013 PE;"}, {"id": "2038", "ano": "2020", "numero": "460", "tipo__sigla": "REQ", "tipo__descricao": "REQUERIMENTO", "autoria": "15 - SAULO HOLANDA", "texto_original": "http://sapl.olinda.pe.leg.br/media/", "ementa": "REQ.  N\u00b0 460/2020\r\nAutor: Vereador Saulo Holanda\r\nAssunto: Requer troca de l\u00e2mpada apagada no poste s/n na 1\u00aa travessa da Rua do cajueiro em frente a casa n\u00ba 25 em Peixinhos \u2013 Olinda \u2013 PE;"}, {"id": "2039", "ano": "2020", "numero": "461", "tipo__sigla": "REQ", "tipo__descricao": "REQUERIMENTO", "autoria": "Edmilson Fernandes", "texto_original": "http://sapl.olinda.pe.leg.br/media/", "ementa": "REQ.  N\u00b0 461/2020\r\nAutor: Vereador Edmilson Fernandes\r\nAssunto: Requer servi\u00e7o de terraplanagem na Rua Mel\u00e2nia n\u00ba 71 em Jardim Brasil V \u2013 Olinda \u2013 PE;"}, {"id": "2040", "ano": "2020", "numero": "462", "tipo__sigla": "REQ", "tipo__descricao": "REQUERIMENTO", "autoria": "Edmilson Fernandes", "texto_original": "http://sapl.olinda.pe.leg.br/media/", "ementa": "REQ.  N\u00b0 462/2020\r\nAutor: Vereador Edmilson Fernandes\r\nAssunto: Requer a reconstru\u00e7\u00e3o de um bueiro (caixa de esgotamento de \u00e1gua pluviais) na Rua 07 I Etapa de Rio Doce \u2013 Olinda \u2013 PE;"}, {"id": "2041", "ano": "2020", "numero": "463", "tipo__sigla": "REQ", "tipo__descricao": "REQUERIMENTO", "autoria": "Edmilson Fernandes", "texto_original": "http://sapl.olinda.pe.leg.br/media/", "ementa": "REQ.  N\u00b0 463/2020\r\nAutor: Vereador Edmilson Fernandes\r\nAssunto: Requer o conserto de um rebaixamento no cal\u00e7amento e colocar novamente a caixa de escoamento das \u00e1guas pluviais da Rua B 13, esquina com a Rua 1, na I Etapa de Rio Doce \u2013 Olinda \u2013 PE;"}, {"id": "2042", "ano": "2020", "numero": "464", "tipo__sigla": "REQ", "tipo__descricao": "REQUERIMENTO", "autoria": "14 - RICARDO SOUSA", "texto_original": "http://sapl.olinda.pe.leg.br/media/", "ementa": "REQ.  N\u00b0 464/2020\r\nAutor: Vereador Ricardo Sousa\r\nAssunto: Requer a troca de l\u00e2mpada do poste localizada na Rua 52 em frente ao n\u00b0 15, na 5\u00aa etapa do bairro de Rio Doce."}, {"id": "2043", "ano": "2020", "numero": "465", "tipo__sigla": "REQ", "tipo__descricao": "REQUERIMENTO", "autoria": "14 - RICARDO SOUSA", "texto_original": "http://sapl.olinda.pe.leg.br/media/", "ementa": "REQ.  N\u00b0 465/2020\r\nAutor: Vereador Ricardo Sousa\r\nAssunto: Requer a troca de l\u00e2mpada do poste localizada na Rua 52 em frente ao n\u00b0 55, na 5\u00aa etapa do bairro de Rio Doce."}, {"id": "2044", "ano": "2020", "numero": "466", "tipo__sigla": "REQ", "tipo__descricao": "REQUERIMENTO", "autoria": "14 - RICARDO SOUSA", "texto_original": "http://sapl.olinda.pe.leg.br/media/", "ementa": "REQ.  N\u00b0 466/2020\r\nAutor: Vereador Ricardo Sousa\r\nAssunto: Requer a troca de l\u00e2mpada do poste localizada na Rua 57 em frente a padaria Verde Mar, na 4\u00aa etapa do bairro de Rio Doce."}, {"id": "2045", "ano": "2020", "numero": "467", "tipo__sigla": "REQ", "tipo__descricao": "REQUERIMENTO", "autoria": "14 - RICARDO SOUSA", "texto_original": "http://sapl.olinda.pe.leg.br/media/", "ementa": "REQ.  N\u00b0 467/2020\r\nAutor: Vereador Ricardo Sousa\r\nAssunto: Requer a troca de l\u00e2mpada do poste localizada na Rua Salm\u00e3o n\u00b0 19 com a esquina com a rua S\u00e9pia, quadra D1 no bairro de Ouro Preto."}, {"id": "2046", "ano": "2020", "numero": "468", "tipo__sigla": "REQ", "tipo__descricao": "REQUERIMENTO", "autoria": "14 - RICARDO SOUSA", "texto_original": "http://sapl.olinda.pe.leg.br/media/", "ementa": "REQ.  N\u00b0 468/2020\r\nAutor: Vereador Ricardo Sousa\r\nAssunto: Requer a troca de l\u00e2mpada do poste localizada na Rua Francisco Batista Bezerra em frente ao n\u00b0 2149 no Monte."}, {"id": "2047", "ano": "2020", "numero": "469", "tipo__sigla": "REQ", "tipo__descricao": "REQUERIMENTO", "autoria": "14 - RICARDO SOUSA", "texto_original": "http://sapl.olinda.pe.leg.br/media/", "ementa": "REQ.  N\u00b0 469/2020\r\nAutor: Vereador Ricardo Sousa\r\nAssunto: Requer a troca de l\u00e2mpada do poste localizada na Rua Francisco Batista Bezerra em frente ao n\u00b0 30 no Monte."}, {"id": "2048", "ano": "2020", "numero": "470", "tipo__sigla": "REQ", "tipo__descricao": "REQUERIMENTO", "autoria": "14 - RICARDO SOUSA", "texto_original": "http://sapl.olinda.pe.leg.br/media/", "ementa": "REQ.  N\u00b0 470/2020\r\nAutor: Vereador Ricardo Sousa\r\nAssunto: Requer a remo\u00e7\u00e3o do lixo e entulhos localizados na Rua Gl\u00f3ria, no Bairro de \u00c1guas Compridas."}, {"id": "2049", "ano": "2020", "numero": "471", "tipo__sigla": "REQ", "tipo__descricao": "REQUERIMENTO", "autoria": "Jorge Federal", "texto_original": "http://sapl.olinda.pe.leg.br/media/", "ementa": "REQ.  N\u00b0 471/2020\r\nAutor: Vereador Jorge Federal\r\nAssunto: Requer substitui\u00e7\u00e3o de l\u00e2mpada queimada no poste ao lado do im\u00f3vel de n\u00ba 57 da Rua Dr. Jos\u00e9 de Oliveira Silva, Ouro Preto, Jatob\u00e1, Olinda-PE"}, {"id": "2050", "ano": "2020", "numero": "472", "tipo__sigla": "REQ", "tipo__descricao": "REQUERIMENTO", "autoria": "Jorge Federal", "texto_original": "http://sapl.olinda.pe.leg.br/media/", "ementa": "REQ.  N\u00b0 472/2020\r\nAutor: Vereador Jorge Federal\r\nAssunto: Requer substitui\u00e7\u00e3o de l\u00e2mpada queimada no poste ao lado do im\u00f3vel de n\u00ba 57 e 91 da Rua Jo\u00e3o Ferreira da Silva, Ouro Preto, Jatob\u00e1, Olinda-PE"}, {"id": "2051", "ano": "2020", "numero": "473", "tipo__sigla": "REQ", "tipo__descricao": "REQUERIMENTO", "autoria": "Jo\u00e3o P\u00e9 no Ch\u00e3o", "texto_original": "http://sapl.olinda.pe.leg.br/media/", "ementa": "REQ.  N\u00b0 473/2020\r\nAutor: Vereador Jo\u00e3o P\u00e9 no Ch\u00e3o\r\nAssunto: Requer troca de l\u00e2mpadas queimadas na Rua 1\u00ba de maio em frente ao n\u00ba 372 em Peixinhos \u2013 Olinda - PE;"}, {"id": "2052", "ano": "2020", "numero": "474", "tipo__sigla": "REQ", "tipo__descricao": "REQUERIMENTO", "autoria": "Jo\u00e3o P\u00e9 no Ch\u00e3o", "texto_original": "http://sapl.olinda.pe.leg.br/media/", "ementa": "REQ.  N\u00b0 474/2020\r\nAutor: Vereador Jo\u00e3o P\u00e9 no Ch\u00e3o\r\nAssunto: Requer troca de l\u00e2mpadas queimadas na Rua 1\u00ba de maio em frente ao n\u00ba 236 em Peixinhos \u2013 Olinda - PE;"}, {"id": "2053", "ano": "2020", "numero": "475", "tipo__sigla": "REQ", "tipo__descricao": "REQUERIMENTO", "autoria": "Jo\u00e3o P\u00e9 no Ch\u00e3o", "texto_original": "http://sapl.olinda.pe.leg.br/media/", "ementa": "REQ.  N\u00b0 475/2020\r\nAutor: Vereador Jo\u00e3o P\u00e9 no Ch\u00e3o\r\nAssunto: Requer troca de l\u00e2mpadas queimadas na Rua 1\u00ba de maio em frente ao n\u00ba 412 em Peixinhos \u2013 Olinda - PE;"}, {"id": "2054", "ano": "2020", "numero": "476", "tipo__sigla": "REQ", "tipo__descricao": "REQUERIMENTO", "autoria": "Jo\u00e3o P\u00e9 no Ch\u00e3o", "texto_original": "http://sapl.olinda.pe.leg.br/media/", "ementa": "REQ.  N\u00b0 476/2020\r\nAutor: Vereador Jo\u00e3o P\u00e9 no Ch\u00e3o\r\nAssunto: Requer troca de l\u00e2mpadas queimadas na Rua 1\u00ba de maio em frente ao n\u00ba 170 em Peixinhos \u2013 Olinda - PE;"}, {"id": "2055", "ano": "2020", "numero": "477", "tipo__sigla": "REQ", "tipo__descricao": "REQUERIMENTO", "autoria": "Jo\u00e3o P\u00e9 no Ch\u00e3o", "texto_original": "http://sapl.olinda.pe.leg.br/media/", "ementa": "REQ.  N\u00b0 477/2020\r\nAutor: Vereador Jo\u00e3o P\u00e9 no Ch\u00e3o\r\nAssunto: Requer troca de l\u00e2mpadas queimadas na Rua 1\u00ba de maio em frente ao n\u00ba 124 em Peixinhos \u2013 Olinda - PE;"}, {"id": "2056", "ano": "2020", "numero": "478", "tipo__sigla": "REQ", "tipo__descricao": "REQUERIMENTO", "autoria": "Jo\u00e3o P\u00e9 no Ch\u00e3o", "texto_original": "http://sapl.olinda.pe.leg.br/media/", "ementa": "REQ.  N\u00b0 478/2020\r\nAutor: Vereador Jo\u00e3o P\u00e9 no Ch\u00e3o\r\nAssunto: Requer retirada do poste localizado na Rua Dr. Miguel Vieira Ferreira, em frente ao n\u00ba 149 no bairro de Salgadinho \u2013 Olinda \u2013 PE;"}, {"id": "2057", "ano": "2020", "numero": "479", "tipo__sigla": "REQ", "tipo__descricao": "REQUERIMENTO", "autoria": "Jorge Federal", "texto_original": "http://sapl.olinda.pe.leg.br/media/", "ementa": "REQ.  N\u00b0 479/2020\r\nAutor: Vereador Jorge Federal\r\nAssunto: Requer recupera\u00e7\u00e3o do cal\u00e7amento e a coloca\u00e7\u00e3o de tampa de canaleta na Rua Altinho Esquina com a Rua da Na\u00e7\u00e3o, 7\u00ba RO, Olinda-PE, (em frente a Igreja Assembleia de Deus."}, {"id": "2058", "ano": "2020", "numero": "480", "tipo__sigla": "REQ", "tipo__descricao": "REQUERIMENTO", "autoria": "Jorge Federal", "texto_original": "http://sapl.olinda.pe.leg.br/media/", "ementa": "REQ.  N\u00b0 480/2020\r\nAutor: Vereador Jorge Federal\r\nAssunto: Requer que seja fixada uma placa em frente a USF Vila S\u00e3o Bento, no Guadalupe, (INFORMANDO O LOCAL QUE A COMUNIDADE DEVE SE ENCAMINHAR PARA ATENDIMENTO M\u00c9DICO), devido a USF da comunidade est\u00e1 fechada para reforma;"}, {"id": "2059", "ano": "2020", "numero": "481", "tipo__sigla": "REQ", "tipo__descricao": "REQUERIMENTO", "autoria": "Jorge Federal", "texto_original": "http://sapl.olinda.pe.leg.br/media/", "ementa": "REQ.  N\u00b0 481/2020\r\nAutor: Vereador Jorge Federal\r\nAssunto: Requer a averigua\u00e7\u00e3o de foco de dengue no im\u00f3vel de n\u00ba 490 localizado na Rua Jornalista Edson R\u00e9gis \u2013 Jardim Atl\u00e2ntico \u2013 Olinda \u2013 PE;"}, {"id": "2060", "ano": "2020", "numero": "482", "tipo__sigla": "REQ", "tipo__descricao": "REQUERIMENTO", "autoria": "Jorge Federal", "texto_original": "http://sapl.olinda.pe.leg.br/media/", "ementa": "REQ.  N\u00b0 482/2020\r\nAutor: Vereador Jorge Federal\r\nAssunto: Requer desobstru\u00e7\u00e3o de galeria na Avenida Joaquim Nabuco \u2013 Guadalupe \u2013 Olinda \u2013 PE;"}, {"id": "2061", "ano": "2020", "numero": "483", "tipo__sigla": "REQ", "tipo__descricao": "REQUERIMENTO", "autoria": "Jorge Federal", "texto_original": "http://sapl.olinda.pe.leg.br/media/", "ementa": "REQ.  N\u00b0 483/2020\r\nAutor: Vereador Jorge Federal\r\nAssunto: Requer substitui\u00e7\u00e3o de l\u00e2mpada queimada no poste em frente ao im\u00f3vel n\u00ba 115 da Rua 11 na V Etapa de Rio Doce \u2013 Olinda \u2013 PE;"}, {"id": "2062", "ano": "2020", "numero": "484", "tipo__sigla": "REQ", "tipo__descricao": "REQUERIMENTO", "autoria": "Jorge Federal", "texto_original": "http://sapl.olinda.pe.leg.br/media/", "ementa": "REQ.  N\u00b0 484/2020\r\nAutor: Vereador Jorge Federal\r\nAssunto: Requer servi\u00e7o de capina\u00e7\u00e3o, remo\u00e7\u00e3o de entulhos e regulariza\u00e7\u00e3o da coleta de lixo na Rua do Cajueiro \u2013 Bairro do Fragoso \u2013 Olinda \u2013 PE;"}, {"id": "2063", "ano": "2020", "numero": "485", "tipo__sigla": "REQ", "tipo__descricao": "REQUERIMENTO", "autoria": "Jo\u00e3o P\u00e9 no Ch\u00e3o", "texto_original": "http://sapl.olinda.pe.leg.br/media/", "ementa": "REQ.  N\u00b0 485/2020\r\nAutor: Vereador Jo\u00e3o P\u00e9 no Ch\u00e3o\r\nAssunto: Requer poda de \u00e1rvore localizada na Rua Amaraji n\u00ba 178 \u2013 Bairro de Jatob\u00e1 \u2013 Olinda \u2013 PE;"}, {"id": "2064", "ano": "2020", "numero": "486", "tipo__sigla": "REQ", "tipo__descricao": "REQUERIMENTO", "autoria": "Jo\u00e3o P\u00e9 no Ch\u00e3o", "texto_original": "http://sapl.olinda.pe.leg.br/media/", "ementa": "REQ.  N\u00b0 486/2020\r\nAutor: Vereador Jo\u00e3o P\u00e9 no Ch\u00e3o\r\nAssunto: Requer corte de \u00e1rvore, localizada na Av. Senador Nilo Coelho n\u00ba 365 \u2013 Jardim Brasil \u2013 Olinda \u2013 PE;"}, {"id": "2065", "ano": "2020", "numero": "487", "tipo__sigla": "REQ", "tipo__descricao": "REQUERIMENTO", "autoria": "08 - Neto da Beira Rio", "texto_original": "http://sapl.olinda.pe.leg.br/media/", "ementa": "REQ.  N\u00b0 487/2020\r\nAutor: Vereador Neto da Beira Rio\r\nAssunto: Requer DESAFETO DE DEMOLI\u00c7\u00c3O, que encontra-se em tramita\u00e7\u00e3o na 1\u00aa Vara da fazenda da Comarca P\u00fablica de Olinda \u2013 Processo de n\u00ba 0001539-06.1194.8.17.0990."}, {"id": "2066", "ano": "2020", "numero": "488", "tipo__sigla": "REQ", "tipo__descricao": "REQUERIMENTO", "autoria": "Jorge Federal", "texto_original": "http://sapl.olinda.pe.leg.br/media/", "ementa": "REQ.  N\u00b0 488/2020\r\nAutor: Vereador Jorge Federal\r\nAssunto: Requer desobstru\u00e7\u00e3o de galeria na Estrada do Bonsucesso, em frente ao im\u00f3vel n\u00ba 681 \u2013 B \u2013 Bonsucesso \u2013 Olinda \u2013 PE;"}, {"id": "2067", "ano": "2020", "numero": "489", "tipo__sigla": "REQ", "tipo__descricao": "REQUERIMENTO", "autoria": "07 - JESU\u00cdNO ARA\u00daJO", "texto_original": "http://sapl.olinda.pe.leg.br/media/", "ementa": "REQ.  N\u00b0 489/2020\r\nAutor: Vereador Jesu\u00edno Ara\u00fajo\r\nAssunto: Requer Ordem do Dia \u2013 Voto de Aplauso \u2013 aos profissionais de Educa\u00e7\u00e3o F\u00edsica, pelo seu dia, a ser comemorado em 01 de setembro, atrav\u00e9s dos representantes constantes do elenco abaixo relacionados."}, {"id": "2068", "ano": "2020", "numero": "490", "tipo__sigla": "REQ", "tipo__descricao": "REQUERIMENTO", "autoria": "17 - VLADEMIR LABANCA", "texto_original": "http://sapl.olinda.pe.leg.br/media/", "ementa": "REQ.  N\u00b0 490/2020\r\nAutor: Vereador Vlademir Labanca\r\nAssunto: Requer servi\u00e7o de recupera\u00e7\u00e3o do cal\u00e7amento da Rua B 3 localizado no Bairro da Cohab 7\u00ba RO em Ouro Preto \u2013 Olinda \u2013 PE;"}, {"id": "2069", "ano": "2020", "numero": "491", "tipo__sigla": "REQ", "tipo__descricao": "REQUERIMENTO", "autoria": "Jo\u00e3o P\u00e9 no Ch\u00e3o", "texto_original": "http://sapl.olinda.pe.leg.br/media/", "ementa": "REQ.  N\u00b0 491/2020\r\nAutor: Vereador Jo\u00e3o P\u00e9 no Ch\u00e3o\r\nAssunto: Requer troca de l\u00e2mpadas queimadas da Rua Dr. Miguel Vieira Ferreira em frente ao n\u00ba 209 \u2013 Salgadinho \u2013 Olinda \u2013 PE;"}, {"id": "2070", "ano": "2020", "numero": "492", "tipo__sigla": "REQ", "tipo__descricao": "REQUERIMENTO", "autoria": "Jo\u00e3o P\u00e9 no Ch\u00e3o", "texto_original": "http://sapl.olinda.pe.leg.br/media/", "ementa": "REQ.  N\u00b0 492 /2020\r\nAutor: Vereador Jo\u00e3o P\u00e9 no Ch\u00e3o\r\nAssunto: Requer troca de l\u00e2mpadas queimadas na Rua Paulista em frente ao n\u00ba 111 em Peixinhos \u2013 Olinda \u2013 PE;"}, {"id": "2071", "ano": "2020", "numero": "493", "tipo__sigla": "REQ", "tipo__descricao": "REQUERIMENTO", "autoria": "Jo\u00e3o P\u00e9 no Ch\u00e3o", "texto_original": "http://sapl.olinda.pe.leg.br/media/", "ementa": "REQ.  N\u00b0 493 /2020\r\nAutor: Vereador Jo\u00e3o P\u00e9 no Ch\u00e3o\r\nAssunto: Requer troca de l\u00e2mpadas queimadas na Rua Paulista em frente ao n\u00ba 140 em Peixinhos \u2013 Olinda \u2013 PE;"}, {"id": "2072", "ano": "2020", "numero": "494", "tipo__sigla": "REQ", "tipo__descricao": "REQUERIMENTO", "autoria": "Jo\u00e3o P\u00e9 no Ch\u00e3o", "texto_original": "http://sapl.olinda.pe.leg.br/media/", "ementa": "REQ.  N\u00b0 494/2020\r\nAutor: Vereador Jo\u00e3o P\u00e9 no Ch\u00e3o\r\nAssunto: Requer troca de l\u00e2mpadas queimadas na Rua Paulista em frente ao n\u00ba 156 em Peixinhos \u2013 Olinda \u2013 PE;"}, {"id": "2073", "ano": "2020", "numero": "495", "tipo__sigla": "REQ", "tipo__descricao": "REQUERIMENTO", "autoria": "Jo\u00e3o P\u00e9 no Ch\u00e3o", "texto_original": "http://sapl.olinda.pe.leg.br/media/", "ementa": "REQ.  N\u00b0 495/2020\r\nAutor: Vereador Jo\u00e3o P\u00e9 no Ch\u00e3o\r\nAssunto: Requer troca de l\u00e2mpadas queimadas na Rua Surubim em frente ao n\u00ba 114, poste n\u00ba A623622 em Peixinhos \u2013 Olinda \u2013 PE;"}, {"id": "2074", "ano": "2020", "numero": "496", "tipo__sigla": "REQ", "tipo__descricao": "REQUERIMENTO", "autoria": "Jo\u00e3o P\u00e9 no Ch\u00e3o", "texto_original": "http://sapl.olinda.pe.leg.br/media/", "ementa": "Req. 496/2020 -Requer corte de \u00e1rvore que se encontra em emin\u00eancia de cair, causando transtorno a comunidade de Salgadinho, localizada na Rua Os\u00f3rio de Morais, 240 Salgadinho \u2013 Olinda \u2013 PE;"}, {"id": "2075", "ano": "2020", "numero": "497", "tipo__sigla": "REQ", "tipo__descricao": "REQUERIMENTO", "autoria": "16 - BIAI", "texto_original": "http://sapl.olinda.pe.leg.br/media/", "ementa": "REQ.  N\u00b0 497/2020\r\nAutor: Vereador Severino Barbosa de Souza/Biai\r\nAssunto: Requer continua\u00e7\u00e3o do cal\u00e7amento da Rua Di\u00f3genes Fernandes T\u00e1vora, no Bairro do Jardim Fragoso \u2013 Olinda \u2013 PE;"}, {"id": "2077", "ano": "2020", "numero": "499", "tipo__sigla": "REQ", "tipo__descricao": "REQUERIMENTO", "autoria": "Jorge Federal", "texto_original": "http://sapl.olinda.pe.leg.br/media/", "ementa": "REQ.  N\u00b0 499/2020\r\nAutor: Vereador Jorge Federal \r\nAssunto:  Requer remo\u00e7\u00e3o de entulhos na Rua Santo Elias, em frente aos im\u00f3veis de n\u00bas 39 e 931, no Bairro do Monte, Olinda-PE."}, {"id": "2078", "ano": "2020", "numero": "500", "tipo__sigla": "REQ", "tipo__descricao": "REQUERIMENTO", "autoria": "Jorge Federal", "texto_original": "http://sapl.olinda.pe.leg.br/media/", "ementa": "REQ.  N\u00b0 500/2020\r\nAutor: Vereador Jorge Federal\r\nAssunto:  Requer remo\u00e7\u00e3o de entulhos na Rua Fais\u00e3o, no Bairro de Ouro Preto, Olinda-PE."}, {"id": "2082", "ano": "2020", "numero": "501", "tipo__sigla": "REQ", "tipo__descricao": "REQUERIMENTO", "autoria": "Jo\u00e3o P\u00e9 no Ch\u00e3o", "texto_original": "http://sapl.olinda.pe.leg.br/media/", "ementa": "REQ.  N\u00b0 501/2020\r\nAutor: Vereador Jo\u00e3o P\u00e9 no Ch\u00e3o\r\nAssunto:  Requer troca de l\u00e2mpadas queimadas na Rua Vereador Agripino Barbosa em frente ao n\u00ba 46 em S\u00edtio Novo \u2013 Olinda \u2013 PE;"}, {"id": "2080", "ano": "2020", "numero": "502", "tipo__sigla": "REQ", "tipo__descricao": "REQUERIMENTO", "autoria": "Edmilson Fernandes", "texto_original": "http://sapl.olinda.pe.leg.br/media/", "ementa": "REQ.  N\u00b0 502/2020\r\nAutor: Vereador Jorge Federal\r\nAssunto: 'Requer Provid\u00eancias a respeito da distribui\u00e7\u00e3o de cestas b\u00e1sicas destinadas as escolas municipais;"}, {"id": "2081", "ano": "2020", "numero": "503", "tipo__sigla": "REQ", "tipo__descricao": "REQUERIMENTO", "autoria": "Edmilson Fernandes", "texto_original": "http://sapl.olinda.pe.leg.br/media/", "ementa": "REQ.  N\u00b0 503/2020\r\nAutor: Vereador Jorge Federal\r\nAssunto: Requer substitui\u00e7\u00e3o de (09) nove l\u00e2mpadas apagadas e troca de bra\u00e7os na Rua das D\u00e1lia na 2\u00aa Etapa de Rio Doce \u2013 Olinda \u2013 PE;"}, {"id": "2083", "ano": "2020", "numero": "504", "tipo__sigla": "REQ", "tipo__descricao": "REQUERIMENTO", "autoria": "Edmilson Fernandes", "texto_original": "http://sapl.olinda.pe.leg.br/media/", "ementa": "REQ.  N\u00b0 504/2020\r\nAutor: Vereador Edmilson Fernandes\r\nAssunto: Requer cal\u00e7amento asf\u00e1ltico que fica localizado na 1\u00aa travessa da Av. Julles Rimet no bairo de Rio Doce \u2013 Olinda \u2013 PE;"}, {"id": "2084", "ano": "2020", "numero": "505", "tipo__sigla": "REQ", "tipo__descricao": "REQUERIMENTO", "autoria": "Edmilson Fernandes", "texto_original": "http://sapl.olinda.pe.leg.br/media/", "ementa": "REQ.  N\u00b0 505/2020\r\nAutor: Vereador Edmilson Fernandes\r\nAssunto: Requer remo\u00e7\u00e3o de uma \u00e1rvore que fica localizada na Rua Rogaciano de Santana n\u00ba 378, pr\u00f3ximo ao posto mega \u2013 Jardim Atl\u00e2ntico \u2013 Olinda \u2013 PE;"}, {"id": "2087", "ano": "2020", "numero": "506", "tipo__sigla": "REQ", "tipo__descricao": "REQUERIMENTO", "autoria": "07 - JESU\u00cdNO ARA\u00daJO", "texto_original": "http://sapl.olinda.pe.leg.br/media/", "ementa": "REQ.  N\u00b0 506/2020\r\nAutor: Vereador Jesu\u00edno Ara\u00fajo\r\nAssunto: Requer cal\u00e7amento/asfalto para a Rua Turquesa, Jardim Atl\u00e2ntico, CEP: 53.060-730, neste Munic\u00edpio;"}, {"id": "2088", "ano": "2020", "numero": "507", "tipo__sigla": "REQ", "tipo__descricao": "REQUERIMENTO", "autoria": "07 - JESU\u00cdNO ARA\u00daJO", "texto_original": "http://sapl.olinda.pe.leg.br/media/", "ementa": "REQ.  N\u00b0 507/2020\r\nAutor: Vereador Jesu\u00edno Ara\u00fajo\r\nAssunto: Requer cal\u00e7amento/asfalto para a Rua Beliro Dourado, Jardim Atl\u00e2ntico, CEP: 53.060-350, neste Munic\u00edpio"}, {"id": "2089", "ano": "2020", "numero": "508", "tipo__sigla": "REQ", "tipo__descricao": "REQUERIMENTO", "autoria": "07 - JESU\u00cdNO ARA\u00daJO", "texto_original": "http://sapl.olinda.pe.leg.br/media/", "ementa": "REQ.  N\u00b0 508/2020\r\nAutor: Vereador Jesu\u00edno Ara\u00fajo\r\nAssunto: Requer cal\u00e7amento/asfalto para a Rua R\u00fatilo, Jardim Atl\u00e2ntico, CEP: 53.060-360, neste Munic\u00edpio;"}, {"id": "2090", "ano": "2020", "numero": "509", "tipo__sigla": "REQ", "tipo__descricao": "REQUERIMENTO", "autoria": "07 - JESU\u00cdNO ARA\u00daJO", "texto_original": "http://sapl.olinda.pe.leg.br/media/", "ementa": "REQ.  N\u00b0 509/2020\r\nAutor: Vereador Jesu\u00edno Ara\u00fajo\r\nAssunto: Requer cal\u00e7amento/asfalto para a Rua do Girassol, CEP: 53.150-580, Rio Doce, neste Munic\u00edpio;"}, {"id": "2091", "ano": "2020", "numero": "510", "tipo__sigla": "REQ", "tipo__descricao": "REQUERIMENTO", "autoria": "Alg\u00e9rio a Nossa Voz", "texto_original": "http://sapl.olinda.pe.leg.br/media/", "ementa": "REQ.  N\u00b0 510/2020\r\nAutor: Vereador Alg\u00e9rio Ant\u00f4nio\r\nAssunto: Requer limpeza de canaleta na Rua Mariano Teixeira, Peixinhos \u2013 Olinda;"}, {"id": "2092", "ano": "2020", "numero": "511", "tipo__sigla": "REQ", "tipo__descricao": "REQUERIMENTO", "autoria": "Alg\u00e9rio a Nossa Voz", "texto_original": "http://sapl.olinda.pe.leg.br/media/", "ementa": "REQ.  N\u00b0 511/2020\r\nAutor: Vereador Alg\u00e9rio Ant\u00f4nio\r\nAssunto: Requer limpeza de canaleta na Rua Valdemar de Lima, Salgadinho \u2013 Olinda;"}, {"id": "2093", "ano": "2020", "numero": "512", "tipo__sigla": "REQ", "tipo__descricao": "REQUERIMENTO", "autoria": "Alg\u00e9rio a Nossa Voz", "texto_original": "http://sapl.olinda.pe.leg.br/media/", "ementa": "REQ.  N\u00b0 512/2020\r\nAutor: Vereador Alg\u00e9rio Ant\u00f4nio\r\nAssunto: Requer troca de l\u00e2mpadas dos postes localizados na Rua Travessa Santa Isabel (em frente aos n\u00b0s 94, 356,1301), Peixinhos \u2013 Olinda;"}, {"id": "2094", "ano": "2020", "numero": "513", "tipo__sigla": "REQ", "tipo__descricao": "REQUERIMENTO", "autoria": "Alg\u00e9rio a Nossa Voz", "texto_original": "http://sapl.olinda.pe.leg.br/media/", "ementa": "REQ.  N\u00b0 513/2020\r\nAutor: Vereador Alg\u00e9rio Ant\u00f4nio \r\nAssunto: Requer troca de l\u00e2mpadas dos postes localizados na Rua Mariano Teixeira (em frente aos n\u00b0 280, e ao n\u00b0174), Peixinhos \u2013 Olinda;"}, {"id": "2095", "ano": "2020", "numero": "514", "tipo__sigla": "REQ", "tipo__descricao": "REQUERIMENTO", "autoria": "Alg\u00e9rio a Nossa Voz", "texto_original": "http://sapl.olinda.pe.leg.br/media/", "ementa": "REQ.  N\u00b0 514/2020\r\nAutor: Vereador Alg\u00e9rio Ant\u00f4nio\r\nAssunto: Requer capina\u00e7\u00e3o na Rua Valdemar de Lima, Salgadinho \u2013 Olinda;"}, {"id": "2096", "ano": "2020", "numero": "515", "tipo__sigla": "REQ", "tipo__descricao": "REQUERIMENTO", "autoria": "Jorge Federal", "texto_original": "http://sapl.olinda.pe.leg.br/media/", "ementa": "REQ.  N\u00b0 515/2020\r\nAutor: Vereador Jorge Federal\r\nAssunto: Requer substitui\u00e7\u00e3o de l\u00e2mpadas queimadas nos postes em frente aos im\u00f3veis de n\u00b0s 23, 57, 91 e 101, todos da Rua Jo\u00e3o Ferreira da Silva, no Bairro de Ouro Preto/Jatob\u00e1 Olinda-PE;"}, {"id": "2097", "ano": "2020", "numero": "516", "tipo__sigla": "REQ", "tipo__descricao": "REQUERIMENTO", "autoria": "07 - JESU\u00cdNO ARA\u00daJO", "texto_original": "http://sapl.olinda.pe.leg.br/media/", "ementa": "REQ.  N\u00b0 516/2020\r\nAutor: Vereador Jesu\u00edno Ara\u00fajo\r\nAssunto: Requer cal\u00e7amento/asfalto para a Rua Ametista,, Jardim Atl\u00e2ntico, CEP: 53.060-320, neste Munic\u00edpio;"}, {"id": "2098", "ano": "2020", "numero": "517", "tipo__sigla": "REQ", "tipo__descricao": "REQUERIMENTO", "autoria": "07 - JESU\u00cdNO ARA\u00daJO", "texto_original": "http://sapl.olinda.pe.leg.br/media/", "ementa": "REQ.  N\u00b0 517/2020\r\nAutor: Vereador Jesu\u00edno Ara\u00fajo\r\nAssunto: Requer cal\u00e7amento/asfalto para a Rua Helena Vilarim Feitosa, Jardim Atl\u00e2ntico, CEP: 53.250-180, neste Munic\u00edpio;"}, {"id": "2085", "ano": "2020", "numero": "518", "tipo__sigla": "REQ", "tipo__descricao": "REQUERIMENTO", "autoria": "16 - BIAI", "texto_original": "http://sapl.olinda.pe.leg.br/media/", "ementa": "REQ.  N\u00b0 518/2020\r\nAutor: Vereador Severino Barbosa de Souza/Biai\r\nAssunto: Requer a volta do \u00f4nibus do Amparo, circulando pela Rua Pedro Alvares Cabral;"}, {"id": "2086", "ano": "2020", "numero": "519", "tipo__sigla": "REQ", "tipo__descricao": "REQUERIMENTO", "autoria": "16 - BIAI", "texto_original": "http://sapl.olinda.pe.leg.br/media/", "ementa": "REQ.  N\u00b0 519/2020\r\nAutor: Vereador Severino Barbosa de Souza/Biai\r\nAssunto: Requer o recapeamento do asfalto da Rua Pintassilgo na 3\u00aa etapa do Bairro de Rio Doce;"}, {"id": "2099", "ano": "2020", "numero": "520", "tipo__sigla": "REQ", "tipo__descricao": "REQUERIMENTO", "autoria": "02 - Irm\u00e3o Bi\u00e1", "texto_original": "http://sapl.olinda.pe.leg.br/media/", "ementa": "REQ.  N\u00b0 520/2020\r\nAutor: Vereador Irm\u00e3o Bi\u00e1\r\nAssunto: Requer informa\u00e7\u00f5es concernentes a seguinte licita\u00e7\u00e3o: contrata\u00e7\u00e3o de empresa para execu\u00e7\u00e3o de obras de urbaniza\u00e7\u00e3o dos bairros de Sapucaia e Aguazinha, com implanta\u00e7\u00e3o, expans\u00e3o e melhorias das redes de infraestrutura de \u00e1gua, esgoto, pavimenta\u00e7\u00e3o, implanta\u00e7\u00e3o de equipamentos sociais, lazer e recrea\u00e7\u00e3o, assim como obras de drenagem, com revitaliza\u00e7\u00e3o do Canal Lava Tripa e implanta\u00e7\u00e3o de uma via marginal ao referido canal."}, {"id": "2100", "ano": "2020", "numero": "521", "tipo__sigla": "REQ", "tipo__descricao": "REQUERIMENTO", "autoria": "Alg\u00e9rio a Nossa Voz", "texto_original": "http://sapl.olinda.pe.leg.br/media/", "ementa": "REQ.  N\u00b0 521/2020\r\nAutor: Vereador Alg\u00e9rio Ant\u00f4nio\r\nAssunto: Requer remo\u00e7\u00e3o de entulhos na Rua Coronel Jo\u00e3o Ribeiro, 854 \u2013 Bairro Novo \u2013 Olinda-PE;"}, {"id": "2101", "ano": "2020", "numero": "522", "tipo__sigla": "REQ", "tipo__descricao": "REQUERIMENTO", "autoria": "17 - VLADEMIR LABANCA", "texto_original": "http://sapl.olinda.pe.leg.br/media/", "ementa": "REQ.  N\u00b0 522/2020\r\nAutor: Vereador Vlademir Labanca\r\nAssunto: Requer troca de l\u00e2mpadas vapor de s\u00f3dio para as l\u00e2mpadas vapor met\u00e1lico na Rua Le\u00facio Marqu\u00eas de Almeida \u2013 Guadalupe, Olinda-PE, CEP: 53240-444;"}, {"id": "2102", "ano": "2020", "numero": "523", "tipo__sigla": "REQ", "tipo__descricao": "REQUERIMENTO", "autoria": "17 - VLADEMIR LABANCA", "texto_original": "http://sapl.olinda.pe.leg.br/media/", "ementa": "REQ.  N\u00b0 523/2020\r\nAutor: Vereador Vlademir Labanca\r\nAssunto: Requer troca de l\u00e2mpadas dos postes, que est\u00e3o apagados na Av. da Saudade, em frente ao n\u00b0817 no Bairro de Guadalupe, Olinda-PE;"}, {"id": "2103", "ano": "2020", "numero": "524", "tipo__sigla": "REQ", "tipo__descricao": "REQUERIMENTO", "autoria": "17 - VLADEMIR LABANCA", "texto_original": "http://sapl.olinda.pe.leg.br/media/", "ementa": "REQ.  N\u00b0 524/2020\r\nAutor: Vereador Vlademir Labanca\r\nAssunto: Requer a possibilidade de construir um muro de arrimo dentro do terreno da Capela da Ressurrei\u00e7\u00e3o, sendo que no local est\u00e1 altamente danificado podendo derrubar a parede da capela supra citada;"}, {"id": "2104", "ano": "2020", "numero": "525", "tipo__sigla": "REQ", "tipo__descricao": "REQUERIMENTO", "autoria": "17 - VLADEMIR LABANCA", "texto_original": "http://sapl.olinda.pe.leg.br/media/", "ementa": "REQ.  N\u00b0 525/2020\r\nAutor: Vereador Vlademir Labanca\r\nAssunto: Requer poda da \u00e1rvore na Capela da Ressurrei\u00e7\u00e3o, sito a Rua Manoel Clementino Marques, n\u00b0 40, Ouro Preto, Olinda-PE;"}, {"id": "2105", "ano": "2020", "numero": "526", "tipo__sigla": "REQ", "tipo__descricao": "REQUERIMENTO", "autoria": "17 - VLADEMIR LABANCA", "texto_original": "http://sapl.olinda.pe.leg.br/media/", "ementa": "REQ.  N\u00b0 526/2020\r\nAutor: Vereador Vlademir Labanca\r\nAssunto: Requer servi\u00e7os de poda das \u00e1rvores na PE-15 em Olinda;"}, {"id": "2106", "ano": "2020", "numero": "527", "tipo__sigla": "REQ", "tipo__descricao": "REQUERIMENTO", "autoria": "17 - VLADEMIR LABANCA", "texto_original": "http://sapl.olinda.pe.leg.br/media/", "ementa": "REQ.  N\u00b0 527/2020\r\nAutor: Vereador Vlademir Labanca\r\nAssunto: Requer troca das l\u00e2mpadas dos postes, que est\u00e3o apagados, localizados na Rua do Bonsucesso, pr\u00f3ximo ao N\u00facleo de Seguran\u00e7a, no Bairro de Bonsucesso, na Cidade de Olinda, CEP: 53240-150;"}, {"id": "2114", "ano": "2020", "numero": "530", "tipo__sigla": "REQ", "tipo__descricao": "REQUERIMENTO", "autoria": "17 - VLADEMIR LABANCA", "texto_original": "http://sapl.olinda.pe.leg.br/media/", "ementa": "REQ.  N\u00b0 530/2020\r\nAutor: Vereador Vlademir Labanca\r\nAssunto: Requer Pedido de Informa\u00e7\u00e3o sobre a Rua Lajedo no Alto da Mina em Olinda \u2013 CEP \u2013 53250-510, onde a mesma encontra-se totalmente abandonada e sem pavimenta\u00e7\u00e3o;"}, {"id": "2115", "ano": "2020", "numero": "531", "tipo__sigla": "REQ", "tipo__descricao": "REQUERIMENTO", "autoria": "15 - SAULO HOLANDA", "texto_original": "http://sapl.olinda.pe.leg.br/media/", "ementa": "REQ.  N\u00b0 531/2020\r\nAutor: Vereador Saulo Holanda\r\nAssunto: Requer poda de \u00e1rvore de Manga, localizada na Rua Raposa, Quadra D-5 na resid\u00eancia de n\u00ba 29, no Bairro de Ouro Preto."}, {"id": "2121", "ano": "2020", "numero": "532", "tipo__sigla": "REQ", "tipo__descricao": "REQUERIMENTO", "autoria": "Jorge Federal", "texto_original": "http://sapl.olinda.pe.leg.br/media/", "ementa": "REQ.  N\u00b0 532/2020\r\nAutor: Vereador Jorge Federal\r\nAssunto: Requer Substitui\u00e7\u00e3o de l\u00e2mpadas queimadas nos postes da Rua Sebasti\u00e3o Ribeiro da Silva, no Bairro de Bonsucesso, Olinda-PE;"}, {"id": "2122", "ano": "2020", "numero": "533", "tipo__sigla": "REQ", "tipo__descricao": "REQUERIMENTO", "autoria": "Jorge Federal", "texto_original": "http://sapl.olinda.pe.leg.br/media/", "ementa": "REQ.  N\u00b0 533/2020\r\nAutor: Vereador Jorge Federal\r\nAssunto: Requer a proibi\u00e7\u00e3o de estacionamento em frente ao Grupo Esportivo e Social de Jardim Brasil \u2013 GESB, Rua Cear\u00e1, no Bairro de Jardim Brasil, Olinda-PE;"}, {"id": "2123", "ano": "2020", "numero": "534", "tipo__sigla": "REQ", "tipo__descricao": "REQUERIMENTO", "autoria": "Jorge Federal", "texto_original": "http://sapl.olinda.pe.leg.br/media/", "ementa": "REQ.  N\u00b0 534/2020\r\nAutor: Vereador Jorge Federal\r\nAssunto: Requer servi\u00e7o de capina\u00e7\u00e3o, remo\u00e7\u00e3o de entulhos e regulariza\u00e7\u00e3o da varri\u00e7\u00e3o na Rua Eduardo de Moraes no Bairro Novo \u2013 Olinda \u2013 PE;"}, {"id": "2124", "ano": "2020", "numero": "535", "tipo__sigla": "REQ", "tipo__descricao": "REQUERIMENTO", "autoria": "16 - BIAI", "texto_original": "http://sapl.olinda.pe.leg.br/media/", "ementa": "REQ.  N\u00b0 535/2020\r\nAutor: Vereador Severino Barbosa - Biai\r\nAssunto: Requer que seja inserido no conjunto de pontos tur\u00edsticos religiosos, o Santu\u00e1rio M\u00e3e Rainha, localizado no morro do Peludo, em Ouro Preto \u2013 Olinda \u2013 PE;"}, {"id": "2125", "ano": "2020", "numero": "536", "tipo__sigla": "REQ", "tipo__descricao": "REQUERIMENTO", "autoria": "Jorge Federal", "texto_original": "http://sapl.olinda.pe.leg.br/media/", "ementa": "REQ.  N\u00b0 536/2020\r\nAutor: Vereador Jorge Federal\r\nAssunto: Requer servi\u00e7os de Opera\u00e7\u00e3o Tapa Buracos \u2013 recupera\u00e7\u00e3o do cal\u00e7amento na Rua Prudente de Moraes no Bairro do Carmo, Olinda-PE."}, {"id": "2126", "ano": "2020", "numero": "541", "tipo__sigla": "REQ", "tipo__descricao": "REQUERIMENTO", "autoria": "Jorge Federal", "texto_original": "http://sapl.olinda.pe.leg.br/media/", "ementa": "Requer substitui\u00e7\u00e3o de l\u00e2mpada queimada no poste da Rua do Amendoim n\u00ba 14\u00aa, 7\u00baRO, Olinda-PE;"}, {"id": "2127", "ano": "2020", "numero": "542", "tipo__sigla": "REQ", "tipo__descricao": "REQUERIMENTO", "autoria": "17 - VLADEMIR LABANCA", "texto_original": "http://sapl.olinda.pe.leg.br/media/", "ementa": "Requer servi\u00e7os de cal\u00e7amento da Rua Jo\u00e3o Ubaldo, localizado no Bairro do Bonsucesso, cidade de Olinda, CEP: 53240-030;"}, {"id": "2131", "ano": "2020", "numero": "543", "tipo__sigla": "REQ", "tipo__descricao": "REQUERIMENTO", "autoria": "15 - SAULO HOLANDA", "texto_original": "http://sapl.olinda.pe.leg.br/media/", "ementa": "Requer servi\u00e7os de retirada de metralhas e limpeza da pra\u00e7a entre as Ruas S\u00e3o Crist\u00f3v\u00e3o e Campina Grande em Jardim Brasil II \u2013 Olinda \u2013 PE;"}, {"id": "2132", "ano": "2020", "numero": "545", "tipo__sigla": "REQ", "tipo__descricao": "REQUERIMENTO", "autoria": "15 - SAULO HOLANDA", "texto_original": "http://sapl.olinda.pe.leg.br/media/", "ementa": "Requer servi\u00e7o de troca de l\u00e2mpada apagada no poste s/n\u00b0 na Rua S\u00e3o Crist\u00f3v\u00e3o em frente \u00e0 casa n\u00b0 115 em Jardim Brasil II \u2013 Olinda;"}, {"id": "2133", "ano": "2020", "numero": "546", "tipo__sigla": "REQ", "tipo__descricao": "REQUERIMENTO", "autoria": "15 - SAULO HOLANDA", "texto_original": "http://sapl.olinda.pe.leg.br/media/", "ementa": "Requer servi\u00e7o de troca de l\u00e2mpadas apagadas nos postes AO15122 e AO15120 na Rua Nova do Monte em frente \u00e0 casa n\u00b0 188 em Bairro do Monte \u2013 Olinda;"}, {"id": "2134", "ano": "2020", "numero": "547", "tipo__sigla": "REQ", "tipo__descricao": "REQUERIMENTO", "autoria": "15 - SAULO HOLANDA", "texto_original": "http://sapl.olinda.pe.leg.br/media/", "ementa": "REQ.  N\u00b0 547/2020\r\nAutor: Vereador Saulo Holanda\r\nAssunto: Requer servi\u00e7o de limpeza urgente e desobstru\u00e7\u00e3o nas canaletas da Rua Jequi\u00e9 em Jardim Brasil II \u2013 Olinda;"}, {"id": "2135", "ano": "2020", "numero": "548", "tipo__sigla": "REQ", "tipo__descricao": "REQUERIMENTO", "autoria": "15 - SAULO HOLANDA", "texto_original": "http://sapl.olinda.pe.leg.br/media/", "ementa": "REQ.  N\u00b0 548/2020\r\nAutor: Vereador Saulo Holanda\r\nAssunto: Requer servi\u00e7o de terraplanagem na Rua da T\u00e1bua e Rua Ant\u00f4nio Ver\u00edssimo em Peixinhos \u2013 Olinda;"}, {"id": "2136", "ano": "2020", "numero": "549", "tipo__sigla": "REQ", "tipo__descricao": "REQUERIMENTO", "autoria": "15 - SAULO HOLANDA", "texto_original": "http://sapl.olinda.pe.leg.br/media/", "ementa": "REQ.  N\u00b0 549/2020\r\nAutor: Vereador Saulo Holanda\r\nAssunto: Requer servi\u00e7o de terraplanagem na Rua do Marisco e Rua Jaboat\u00e3o em Peixinhos \u2013 Olinda;"}, {"id": "2137", "ano": "2020", "numero": "550", "tipo__sigla": "REQ", "tipo__descricao": "REQUERIMENTO", "autoria": "15 - SAULO HOLANDA", "texto_original": "http://sapl.olinda.pe.leg.br/media/", "ementa": "REQ.  N\u00b0 550/2020\r\nAutor: Vereador Saulo Holanda\r\nAssunto: Requer servi\u00e7o de requalifica\u00e7\u00e3o dos postes da Rua Natal (por l\u00e2mpadas de LED) em Jardim Brasil II \u2013 Olinda;"}, {"id": "2138", "ano": "2020", "numero": "551", "tipo__sigla": "REQ", "tipo__descricao": "REQUERIMENTO", "autoria": "15 - SAULO HOLANDA", "texto_original": "http://sapl.olinda.pe.leg.br/media/", "ementa": "REQ.  N\u00b0 551/2020\r\nAutor: Vereador Saulo Holanda\r\nAssunto: Requer servi\u00e7o de troca de l\u00e2mpadas em 03 (tr\u00eas) postes da Rua Caet\u00e9s pr\u00f3ximos aos n\u00fameros 102, 127 e 148 em Peixinhos \u2013 Olinda;"}, {"id": "2140", "ano": "2020", "numero": "562", "tipo__sigla": "REQ", "tipo__descricao": "REQUERIMENTO", "autoria": "07 - JESU\u00cdNO ARA\u00daJO", "texto_original": "http://sapl.olinda.pe.leg.br/media/", "ementa": "Requer voto de aplauso ao Diretor de Manuten\u00e7\u00e3o Urbana de Olinda, Sr. ALU\u00cdSIO ANDRADE, Engenheiro Civil, pelos relevantes servi\u00e7os prestados no desemprenho de sua fun\u00e7\u00e3o."}, {"id": "5222", "ano": "2020", "numero": "1", "tipo__sigla": "JPC", "tipo__descricao": "JULGAMENTO DE PRESTA\u00c7\u00c3O DE CONTAS", "autoria": "", "texto_original": "http://sapl.olinda.pe.leg.br/media/", "ementa": "Disp\u00f5e sobre a aprova\u00e7\u00e3o da Presta\u00e7\u00e3o de Contas do Prefeito do Munic\u00edpio de Olinda, Sr. Lup\u00e9rcio Carlos do Nascimento, concernente ao exerc\u00edcio financeiro de 2020."}]}