{"headers": {"id": "ID", "ano": "Ano", "numero": "N\u00famero", "tipo__sigla": "Tipo de Mat\u00e9ria Legislativa/Sigla", "tipo__descricao": "Tipo de Mat\u00e9ria Legislativa/Descri\u00e7\u00e3o", "autoria": "Autorias", "texto_original": "Texto Original", "ementa": "Ementa"}, "results": [{"id": "3018", "ano": "2021", "numero": "1", "tipo__sigla": "PDL", "tipo__descricao": "PROJETO DE DECRETO LEGISLATIVO", "autoria": "15 - SAULO HOLANDA", "texto_original": "http://sapl.olinda.pe.leg.br/media/", "ementa": "Concede o T\u00edtulo de Cidad\u00e3o de Olinda ao Sr. BRUNO SANTOS SALVADOR."}, {"id": "2536", "ano": "2021", "numero": "2", "tipo__sigla": "PDL", "tipo__descricao": "PROJETO DE DECRETO LEGISLATIVO", "autoria": "03 - FELIPE NASCIMENTO", "texto_original": "http://sapl.olinda.pe.leg.br/media/", "ementa": "Concede o T\u00edtulo de Cidad\u00e3o de Olinda ao senhor Augusto Coutinho de Melo;"}, {"id": "2804", "ano": "2021", "numero": "3", "tipo__sigla": "PDL", "tipo__descricao": "PROJETO DE DECRETO LEGISLATIVO", "autoria": "17 - Vinicius Castello", "texto_original": "http://sapl.olinda.pe.leg.br/media/", "ementa": "Concede o T\u00edtulo de Cidad\u00e3 de Olinda \u00e0 Sra. Maria Teresa Leit\u00e3o de Melo"}, {"id": "2811", "ano": "2021", "numero": "4", "tipo__sigla": "PDL", "tipo__descricao": "PROJETO DE DECRETO LEGISLATIVO", "autoria": "FOA - Finan\u00e7as, Or\u00e7amento e Assuntos Tribut\u00e1rios", "texto_original": "http://sapl.olinda.pe.leg.br/media/", "ementa": "Disp\u00f5e sobre a presta\u00e7\u00e3o de contas da Prefeitura Municipal de Olinda, durante o exerc\u00edcio financeiro de 2018;"}, {"id": "2977", "ano": "2021", "numero": "5", "tipo__sigla": "PDL", "tipo__descricao": "PROJETO DE DECRETO LEGISLATIVO", "autoria": "09 - Fl\u00e1vio Nascimento", "texto_original": "http://sapl.olinda.pe.leg.br/media/", "ementa": "Concede titulo de cidad\u00e3o ao Sr Francismar Mendes Pontes"}, {"id": "2978", "ano": "2021", "numero": "6", "tipo__sigla": "PDL", "tipo__descricao": "PROJETO DE DECRETO LEGISLATIVO", "autoria": "09 - Fl\u00e1vio Nascimento", "texto_original": "http://sapl.olinda.pe.leg.br/media/", "ementa": "Concede titulo de Cidad\u00e3o de Olinda ao Sr Francisco Rubem da Silva"}, {"id": "3019", "ano": "2021", "numero": "7", "tipo__sigla": "PDL", "tipo__descricao": "PROJETO DE DECRETO LEGISLATIVO", "autoria": "16 - BIAI", "texto_original": "http://sapl.olinda.pe.leg.br/media/", "ementa": "Concede titulo de Cidad\u00e3o de Olinda ao Sr Manoel Francisco de Oliveira Cunha Filho;"}, {"id": "3452", "ano": "2021", "numero": "8", "tipo__sigla": "PDL", "tipo__descricao": "PROJETO DE DECRETO LEGISLATIVO", "autoria": "05 - Everaldo Silva", "texto_original": "http://sapl.olinda.pe.leg.br/media/", "ementa": "Concede T\u00edtulo de Cidad\u00e3o de Olinda ao Sr. T\u00falio Gadelha Sales de Melo;"}, {"id": "3453", "ano": "2021", "numero": "9", "tipo__sigla": "PDL", "tipo__descricao": "PROJETO DE DECRETO LEGISLATIVO", "autoria": "17 - VLADEMIR LABANCA", "texto_original": "http://sapl.olinda.pe.leg.br/media/", "ementa": "Concede T\u00edtulo de Cidad\u00e3o de Olinda ao Sr. Jos\u00e9 Alb\u00e9rico Bezerra de Almeida;"}, {"id": "3604", "ano": "2021", "numero": "10", "tipo__sigla": "PDL", "tipo__descricao": "PROJETO DE DECRETO LEGISLATIVO", "autoria": "14 - RICARDO SOUSA", "texto_original": "http://sapl.olinda.pe.leg.br/media/", "ementa": "Concede T\u00edtulo de Cidad\u00e3o de Olinda ao Senhor Wanderson Flor\u00eancio;"}, {"id": "3665", "ano": "2021", "numero": "11", "tipo__sigla": "PDL", "tipo__descricao": "PROJETO DE DECRETO LEGISLATIVO", "autoria": "14 - RICARDO SOUSA", "texto_original": "http://sapl.olinda.pe.leg.br/media/", "ementa": "Concede Titulo de Cidad\u00e3 de Olinda a Senhora Maria do Carmo Batista Barbosa;"}, {"id": "3701", "ano": "2021", "numero": "12", "tipo__sigla": "PDL", "tipo__descricao": "PROJETO DE DECRETO LEGISLATIVO", "autoria": "Mesa Diretora", "texto_original": "http://sapl.olinda.pe.leg.br/media/", "ementa": "Concede o T\u00edtulo de Cidad\u00e3o de Olinda ao Sr. Fabiano Pedro da Silva;"}, {"id": "3702", "ano": "2021", "numero": "13", "tipo__sigla": "PDL", "tipo__descricao": "PROJETO DE DECRETO LEGISLATIVO", "autoria": "17 - VLADEMIR LABANCA", "texto_original": "http://sapl.olinda.pe.leg.br/media/", "ementa": "Concede o T\u00edtulo de Cidad\u00e3o de Olinda ao Sr. Arnandes Fernandes Vieira;"}, {"id": "3713", "ano": "2021", "numero": "14", "tipo__sigla": "PDL", "tipo__descricao": "PROJETO DE DECRETO LEGISLATIVO", "autoria": "10 - Joj\u00f3 Guerra", "texto_original": "http://sapl.olinda.pe.leg.br/media/", "ementa": "Concede o T\u00edtulo de Cidad\u00e3o de Olinda ao Sr. Andr\u00e9 Ferreira Rodrigues;"}, {"id": "3988", "ano": "2021", "numero": "15", "tipo__sigla": "PDL", "tipo__descricao": "PROJETO DE DECRETO LEGISLATIVO", "autoria": "17 - Vinicius Castello", "texto_original": "http://sapl.olinda.pe.leg.br/media/", "ementa": "Concede a Medalha de Direitos Humanos Dom H\u00e9lder C\u00e2mara a Rede de Mulheres Negras de Pernambuco."}, {"id": "4036", "ano": "2021", "numero": "17", "tipo__sigla": "PDL", "tipo__descricao": "PROJETO DE DECRETO LEGISLATIVO", "autoria": "14 - RICARDO SOUSA", "texto_original": "http://sapl.olinda.pe.leg.br/media/", "ementa": "Concede Titulo de Cidad\u00e3o de Olinda ao Senhor Murilo M\u00facio Bezerra Rocha Wanderley."}, {"id": "2535", "ano": "2021", "numero": "1", "tipo__sigla": "PLC", "tipo__descricao": "PROJETO DE LEI COMPLEMENTAR", "autoria": "LUP\u00c9RCIO CARLOS DO NASCIMENTO", "texto_original": "http://sapl.olinda.pe.leg.br/media/sapl/public/materialegislativa/2021/2535/plc_01_2021_autor_poder_executivo.pdf", "ementa": "Altera dispositivos da Lei Complementar Municipal n\u00b0 03, de 30 de dezembro de 1997 - C\u00f3digo Tribut\u00e1rio do Munic\u00edpio de Olinda, e d\u00e1 outras provid\u00eancias;"}, {"id": "3132", "ano": "2021", "numero": "2", "tipo__sigla": "PLC", "tipo__descricao": "PROJETO DE LEI COMPLEMENTAR", "autoria": "09 - Fl\u00e1vio Nascimento", "texto_original": "http://sapl.olinda.pe.leg.br/media/sapl/public/materialegislativa/2021/3132/plc_02_2021_autor_ver._flavio_nascimento.pdf", "ementa": "Altera dispositivos da Lei Complementar n\u00ba 03 de 30 de dezembro de 1997 \u2013 C\u00f3digo Tribut\u00e1rio do Munic\u00edpio de Olinda e d\u00e1 outras provid\u00eancias."}, {"id": "3771", "ano": "2021", "numero": "3", "tipo__sigla": "PLC", "tipo__descricao": "PROJETO DE LEI COMPLEMENTAR", "autoria": "LUP\u00c9RCIO CARLOS DO NASCIMENTO", "texto_original": "http://sapl.olinda.pe.leg.br/media/sapl/public/materialegislativa/2021/3771/plc_03_2021_autor_poder_executivo.pdf", "ementa": "Altera dispositivos da Lei Complementar Municipal n\u00b0 03, de 30 de dezembro de 1997 - C\u00f3digo Tribut\u00e1rio do Munic\u00edpio de Olinda, relativo ao Imposto sobre a Propriedade Predial e Territorial Urbana - IPTU, institui a Taxa de Coleta, Remo\u00e7\u00e3o e Destina\u00e7\u00e3o de Res\u00edduos S\u00f3lidos Domiciliares - TRSD, e d\u00e1 outras provid\u00eancias;"}, {"id": "3947", "ano": "2021", "numero": "4", "tipo__sigla": "PLC", "tipo__descricao": "PROJETO DE LEI COMPLEMENTAR", "autoria": "LUP\u00c9RCIO CARLOS DO NASCIMENTO", "texto_original": "http://sapl.olinda.pe.leg.br/media/sapl/public/materialegislativa/2021/3947/plc_04_2021_autor_poder_executivo.pdf", "ementa": "Majora a al\u00edquota da contribui\u00e7\u00e3o previdenci\u00e1ria para 14% (quatorze por cento) de acordo com a Emenda Constitucional n\u00b0 103/2019 e d\u00e1 outras provid\u00eancias."}, {"id": "2275", "ano": "2021", "numero": "1", "tipo__sigla": "PLO", "tipo__descricao": "PROJETO DE LEI ORDIN\u00c1RIA", "autoria": "LUP\u00c9RCIO CARLOS DO NASCIMENTO", "texto_original": "http://sapl.olinda.pe.leg.br/media/sapl/public/materialegislativa/2021/2275/pl_01_2021_autor_poder_executivo.pdf", "ementa": "Disp\u00f5e sobre a A\u00e7\u00e3o emergencial Municipal, sob a forma de aux\u00edlio, destinado a minimiza\u00e7\u00e3o das perdas financeiras dos atores do setor cultural e dos catadores de produtos recicl\u00e1veis, no Munic\u00edpio de Olinda, decorrentes da paraliza\u00e7\u00e3o das atividades do ciclo carnavalesco, motivada pela pandemia da COVID-19;"}, {"id": "2276", "ano": "2021", "numero": "2", "tipo__sigla": "PLO", "tipo__descricao": "PROJETO DE LEI ORDIN\u00c1RIA", "autoria": "LUP\u00c9RCIO CARLOS DO NASCIMENTO", "texto_original": "http://sapl.olinda.pe.leg.br/media/sapl/public/materialegislativa/2021/2276/pl_02_2021_autor_poder_executivo.pdf", "ementa": "Define o piso salarial dos Agentes Comunit\u00e1rios de Sa\u00fade (ACSs) e dos Agentes de Combate a Endemias (ACEs) e d\u00e1 outras provid\u00eancias;"}, {"id": "2277", "ano": "2021", "numero": "3", "tipo__sigla": "PLO", "tipo__descricao": "PROJETO DE LEI ORDIN\u00c1RIA", "autoria": "LUP\u00c9RCIO CARLOS DO NASCIMENTO", "texto_original": "http://sapl.olinda.pe.leg.br/media/sapl/public/materialegislativa/2021/2277/pl_03_2021_autor_poder_executivo.pdf", "ementa": "Disp\u00f5e sobre a cria\u00e7\u00e3o do Fundo Especial Municipal de Fomento \u00e0s Atividades de Seguran\u00e7a (FEMFAS) e d\u00e1 outras provid\u00eancias;"}, {"id": "2278", "ano": "2021", "numero": "4", "tipo__sigla": "PLO", "tipo__descricao": "PROJETO DE LEI ORDIN\u00c1RIA", "autoria": "LUP\u00c9RCIO CARLOS DO NASCIMENTO", "texto_original": "http://sapl.olinda.pe.leg.br/media/sapl/public/materialegislativa/2021/2278/pl_04_2021_autor_poder_executivo.pdf", "ementa": "Disp\u00f5e sobre a estrutura da Administra\u00e7\u00e3o direta do Munic\u00edpio de Olinda, altera a Lei Municipal n\u00ba 6.048/2018, e d\u00e1 outras provid\u00eancias;"}, {"id": "2405", "ano": "2021", "numero": "5", "tipo__sigla": "PLO", "tipo__descricao": "PROJETO DE LEI ORDIN\u00c1RIA", "autoria": "09 - Fl\u00e1vio Nascimento", "texto_original": "http://sapl.olinda.pe.leg.br/media/sapl/public/materialegislativa/2021/2405/pl_05_2021_autor_ver._flavio_nascimento.pdf", "ementa": "Estabelece as igrejas, os templos religiosos de qualquer culto como atividade essencial no Munic\u00edpio de Olinda;"}, {"id": "2406", "ano": "2021", "numero": "6", "tipo__sigla": "PLO", "tipo__descricao": "PROJETO DE LEI ORDIN\u00c1RIA", "autoria": "09 - Fl\u00e1vio Nascimento", "texto_original": "http://sapl.olinda.pe.leg.br/media/sapl/public/materialegislativa/2021/2406/pl_06_2021_autor_ver._flavio_nascimento.pdf", "ementa": "Concede isen\u00e7\u00e3o de IPTU de pr\u00e9dios alugados para cultos religiosos e d\u00e1 outras provid\u00eancias;"}, {"id": "2471", "ano": "2021", "numero": "7", "tipo__sigla": "PLO", "tipo__descricao": "PROJETO DE LEI ORDIN\u00c1RIA", "autoria": "09 - Fl\u00e1vio Nascimento", "texto_original": "http://sapl.olinda.pe.leg.br/media/sapl/public/materialegislativa/2021/2471/pl_07_2021_autor_ver._flavio_nascimento.pdf", "ementa": "Obriga a presen\u00e7a de Psicopedagogos nas escolas p\u00fablicas de Educa\u00e7\u00e3o Infantil e Ensino Fundamental no Munic\u00edpio de Olinda;"}, {"id": "2474", "ano": "2021", "numero": "8", "tipo__sigla": "PLO", "tipo__descricao": "PROJETO DE LEI ORDIN\u00c1RIA", "autoria": "09 - Fl\u00e1vio Nascimento", "texto_original": "http://sapl.olinda.pe.leg.br/media/sapl/public/materialegislativa/2021/2474/pl_08_2021_autor_ver._flavio_nascimento.pdf", "ementa": "Institui o Programa Municipal de Preven\u00e7\u00e3o ao Suic\u00eddio e de Promo\u00e7\u00e3o do Direito ao acesso a Sa\u00fade Mental entre jovens e adolescentes e d\u00e1 outras provid\u00eancias;"}, {"id": "2477", "ano": "2021", "numero": "9", "tipo__sigla": "PLO", "tipo__descricao": "PROJETO DE LEI ORDIN\u00c1RIA", "autoria": "09 - Fl\u00e1vio Nascimento", "texto_original": "http://sapl.olinda.pe.leg.br/media/sapl/public/materialegislativa/2021/2477/pl_09_2021_autor_ver._flavio_nascimento.pdf", "ementa": "Estabelece diretrizes para a implementa\u00e7\u00e3o de a\u00e7\u00f5es de preven\u00e7\u00e3o e controle do diabetes e da hipertens\u00e3o arterial em crian\u00e7as e adolscentes matriculados na rede Municipal de Ensino de Olinda;"}, {"id": "2508", "ano": "2021", "numero": "10", "tipo__sigla": "PLO", "tipo__descricao": "PROJETO DE LEI ORDIN\u00c1RIA", "autoria": "07 - JESU\u00cdNO ARA\u00daJO", "texto_original": "http://sapl.olinda.pe.leg.br/media/sapl/public/materialegislativa/2021/2508/pl_10_2021_autor_ver_jesuino_araujo.pdf", "ementa": "Declara como essencial a pr\u00e1tica de atividade f\u00edsica e do exerc\u00edcio f\u00edsico em estabelecimentos prestadores de servi\u00e7os com essa finalidade, bem como em espa\u00e7os p\u00fablicos, na forma que indica;"}, {"id": "2509", "ano": "2021", "numero": "11", "tipo__sigla": "PLO", "tipo__descricao": "PROJETO DE LEI ORDIN\u00c1RIA", "autoria": "07 - JESU\u00cdNO ARA\u00daJO", "texto_original": "http://sapl.olinda.pe.leg.br/media/sapl/public/materialegislativa/2021/2509/pl_11_2021_autor_ver_jesuino_araujo.pdf", "ementa": "Disp\u00f5e sobre a emiss\u00e3o de carteira de identifica\u00e7\u00e3o municipal para pessoas com Transtorno do Espectro Autista \u2013 TEA e d\u00e1 outras provid\u00eancias;"}, {"id": "2510", "ano": "2021", "numero": "12", "tipo__sigla": "PLO", "tipo__descricao": "PROJETO DE LEI ORDIN\u00c1RIA", "autoria": "07 - JESU\u00cdNO ARA\u00daJO", "texto_original": "http://sapl.olinda.pe.leg.br/media/sapl/public/materialegislativa/2021/2510/pl_12_2021_autor_ver_jesuino_araujo_2.pdf", "ementa": "Disp\u00f5e sobre a gratuidade no Transporte P\u00fablico Municipal de Olinda, para m\u00e3es de pessoas com Transtorno de Espectro Autista \u2013 TEA, e d\u00e1 outras provid\u00eancias;"}, {"id": "2511", "ano": "2021", "numero": "13", "tipo__sigla": "PLO", "tipo__descricao": "PROJETO DE LEI ORDIN\u00c1RIA", "autoria": "07 - JESU\u00cdNO ARA\u00daJO", "texto_original": "http://sapl.olinda.pe.leg.br/media/sapl/public/materialegislativa/2021/2511/pl_13_2021_autor_ver_jesuino_araujo.pdf", "ementa": "Determina a disponibiliza\u00e7\u00e3o de medicamentos respirat\u00f3rios para pessoas com Transtorno de Espectro Autista \u2013 TEA, no Munic\u00edpio de Olinda e outras provid\u00eancias;"}, {"id": "2512", "ano": "2021", "numero": "14", "tipo__sigla": "PLO", "tipo__descricao": "PROJETO DE LEI ORDIN\u00c1RIA", "autoria": "07 - JESU\u00cdNO ARA\u00daJO", "texto_original": "http://sapl.olinda.pe.leg.br/media/sapl/public/materialegislativa/2021/2512/pl_14_2021_autor_ver_jesuino_araujo.pdf", "ementa": "Determina a disponibiliza\u00e7\u00e3o de Melatonina para reposi\u00e7\u00e3o hormonal para pessoas com Transtorno de Espectro Autista \u2013 TEA, no Munic\u00edpio de Olinda e outras provid\u00eancias;"}, {"id": "2521", "ano": "2021", "numero": "15", "tipo__sigla": "PLO", "tipo__descricao": "PROJETO DE LEI ORDIN\u00c1RIA", "autoria": "05 - Everaldo Silva", "texto_original": "http://sapl.olinda.pe.leg.br/media/sapl/public/materialegislativa/2021/2521/pl_15_2021_autor_ver._everaldo_silva.pdf", "ementa": "Institui o Transporte Especial Gratuito a pessoa de baixa renda, portadoras de doen\u00e7as renal cr\u00f4nica;"}, {"id": "2528", "ano": "2021", "numero": "16", "tipo__sigla": "PLO", "tipo__descricao": "PROJETO DE LEI ORDIN\u00c1RIA", "autoria": "09 - Fl\u00e1vio Nascimento", "texto_original": "http://sapl.olinda.pe.leg.br/media/sapl/public/materialegislativa/2021/2528/pl_16_2021_autor_ver._flavio_nascimento.pdf", "ementa": "Institui o Banco de Medicamentos do Munic\u00edpio de Olinda"}, {"id": "2533", "ano": "2021", "numero": "17", "tipo__sigla": "PLO", "tipo__descricao": "PROJETO DE LEI ORDIN\u00c1RIA", "autoria": "LUP\u00c9RCIO CARLOS DO NASCIMENTO", "texto_original": "http://sapl.olinda.pe.leg.br/media/sapl/public/materialegislativa/2021/2533/pl_17_2021_autor_poder_executivo.pdf", "ementa": "Simplifica temporariamente o procedimento para a presta\u00e7\u00e3o de benef\u00edcio eventual de Assist\u00eancia Social, de que trata no art. 13, inciso I, da Lei Municipal n\u00b0 5.933 de 15 de maio de 2015, durante o per\u00edodo de calamidade p\u00fablica decorrente da pandemia da COVID-19, e d\u00e1 outras provid\u00eancias;"}, {"id": "2534", "ano": "2021", "numero": "18", "tipo__sigla": "PLO", "tipo__descricao": "PROJETO DE LEI ORDIN\u00c1RIA", "autoria": "LUP\u00c9RCIO CARLOS DO NASCIMENTO", "texto_original": "http://sapl.olinda.pe.leg.br/media/sapl/public/materialegislativa/2021/2534/pl_18_2021_autor_poder_executivo.pdf", "ementa": "Disp\u00f5e sobre as Organiza\u00e7\u00f5es Sociais de Sa\u00fade - OSS, no \u00e2mbito do Munic\u00edpio de Olinda;"}, {"id": "2537", "ano": "2021", "numero": "19", "tipo__sigla": "PLO", "tipo__descricao": "PROJETO DE LEI ORDIN\u00c1RIA", "autoria": "LUP\u00c9RCIO CARLOS DO NASCIMENTO", "texto_original": "http://sapl.olinda.pe.leg.br/media/sapl/public/materialegislativa/2021/2537/pl_19_2021_autor_poder_executivo.pdf", "ementa": "Ratifica protocolo de inten\u00e7\u00f5es firmado entre Munic\u00edpios brasileiros, com a finalidade de adquirir vacinas para combate a pandemia do COVID-19, bem como medicamentos, insumos e equipamentos na \u00e1rea de sa\u00fade;"}, {"id": "2543", "ano": "2021", "numero": "20", "tipo__sigla": "PLO", "tipo__descricao": "PROJETO DE LEI ORDIN\u00c1RIA", "autoria": "09 - Fl\u00e1vio Nascimento", "texto_original": "http://sapl.olinda.pe.leg.br/media/sapl/public/materialegislativa/2021/2543/pl_20_2021_autor_ver._flavio_nascimento.pdf", "ementa": "Institui o programa de orienta\u00e7\u00e3o e atendimento aos familiares e cuidadores dos portadores da doen\u00e7a de Alzheimer no Munic\u00edpio de Olinda e d\u00e1 outras provid\u00eancias;"}, {"id": "2569", "ano": "2021", "numero": "21", "tipo__sigla": "PLO", "tipo__descricao": "PROJETO DE LEI ORDIN\u00c1RIA", "autoria": "LUP\u00c9RCIO CARLOS DO NASCIMENTO", "texto_original": "http://sapl.olinda.pe.leg.br/media/sapl/public/materialegislativa/2021/2569/pl_21_2021_autor_poder_executivo.pdf", "ementa": "Cria o Programa Patrulha Maria da Penha de Olinda (PMPO), e d\u00e1 outras provid\u00eancias;"}, {"id": "2570", "ano": "2021", "numero": "22", "tipo__sigla": "PLO", "tipo__descricao": "PROJETO DE LEI ORDIN\u00c1RIA", "autoria": "LUP\u00c9RCIO CARLOS DO NASCIMENTO", "texto_original": "http://sapl.olinda.pe.leg.br/media/sapl/public/materialegislativa/2021/2570/pl_22_2021_autor_poder_executivo.pdf", "ementa": "Disp\u00f5e sobre a remo\u00e7\u00e3o, guarda e aliena\u00e7\u00e3o de ve\u00edculos abandonados em vias e locais p\u00fablicos do Munic\u00edpio de Olinda, e d\u00e1 outras provid\u00eancias;"}, {"id": "2618", "ano": "2021", "numero": "23", "tipo__sigla": "PLO", "tipo__descricao": "PROJETO DE LEI ORDIN\u00c1RIA", "autoria": "07 - JESU\u00cdNO ARA\u00daJO", "texto_original": "http://sapl.olinda.pe.leg.br/media/sapl/public/materialegislativa/2021/2618/pl_23_2021_autor_jesuino_araujo.pdf", "ementa": "Disp\u00f5e sobre a disponibiliza\u00e7\u00e3o de brinquedos adaptados para crian\u00e7as com defici\u00eancia nas \u00e1reas de lazer dos condom\u00ednios p\u00fablicos e privados, no Munic\u00edpio de Olinda;"}, {"id": "2619", "ano": "2021", "numero": "24", "tipo__sigla": "PLO", "tipo__descricao": "PROJETO DE LEI ORDIN\u00c1RIA", "autoria": "07 - JESU\u00cdNO ARA\u00daJO", "texto_original": "http://sapl.olinda.pe.leg.br/media/sapl/public/materialegislativa/2021/2619/pl_24_2021_autor_jesuino_araujo.pdf", "ementa": "Institui o programa Banco de Ra\u00e7\u00e3o e Utens\u00edlios para animais. No Munic\u00edpio de Olinda, e d\u00e1 outras providencias;"}, {"id": "2621", "ano": "2021", "numero": "25", "tipo__sigla": "PLO", "tipo__descricao": "PROJETO DE LEI ORDIN\u00c1RIA", "autoria": "17 - Vinicius Castello", "texto_original": "http://sapl.olinda.pe.leg.br/media/sapl/public/materialegislativa/2021/2621/pl_25_2021_autor_vinicius_castello.pdf", "ementa": "Disp\u00f5e sobre a obrigatoriedade de instala\u00e7\u00e3o de recipientes contendo \u00e1lcool em gel 70% no interior dos transportes p\u00fablicos coletivos, nas depend\u00eancias dos terminais rodovi\u00e1rios do Munic\u00edpio de Olinda, e d\u00e1 outras providencias;"}, {"id": "2622", "ano": "2021", "numero": "26", "tipo__sigla": "PLO", "tipo__descricao": "PROJETO DE LEI ORDIN\u00c1RIA", "autoria": "17 - Vinicius Castello", "texto_original": "http://sapl.olinda.pe.leg.br/media/sapl/public/materialegislativa/2021/2622/pl_26_2021_autor_vinicius_castello.pdf", "ementa": "Institui o Programa Democr\u00e1tico de Preven\u00e7\u00e3o a COVID-19 com finalidade de levar informa\u00e7\u00e3o sobre is meios de preven\u00e7\u00e3o a doen\u00e7a e distribui\u00e7\u00e3o de equipamentos de insumos para evitar a contamina\u00e7\u00e3o e prolifera\u00e7\u00e3o do v\u00edrus;"}, {"id": "2623", "ano": "2021", "numero": "27", "tipo__sigla": "PLO", "tipo__descricao": "PROJETO DE LEI ORDIN\u00c1RIA", "autoria": "17 - Vinicius Castello", "texto_original": "http://sapl.olinda.pe.leg.br/media/sapl/public/materialegislativa/2021/2623/pl_27_2021_autor_vinicius_castello.pdf", "ementa": "Disp\u00f5e sobre a suspens\u00e3o do corte de \u00e1gua e energia durante o estado de calamidade p\u00fablica no Munic\u00edpio de Olinda;"}, {"id": "2624", "ano": "2021", "numero": "28", "tipo__sigla": "PLO", "tipo__descricao": "PROJETO DE LEI ORDIN\u00c1RIA", "autoria": "17 - Vinicius Castello", "texto_original": "http://sapl.olinda.pe.leg.br/media/sapl/public/materialegislativa/2021/2624/pl_28_2021_autor_vinicius_castello.pdf", "ementa": "Disp\u00f5e sobre o estabelecimento de cotas raciais para o ingresso de negros no servi\u00e7o p\u00fablico municipal de Olinda em cargos efetivos e comissionados;"}, {"id": "2625", "ano": "2021", "numero": "29", "tipo__sigla": "PLO", "tipo__descricao": "PROJETO DE LEI ORDIN\u00c1RIA", "autoria": "17 - Vinicius Castello", "texto_original": "http://sapl.olinda.pe.leg.br/media/sapl/public/materialegislativa/2021/2625/pl_29_2021_autor_vinicius_castello.pdf", "ementa": "Institui a Semana Educar Pela Igualdade Racial e d\u00e1 outras providencias;"}, {"id": "2626", "ano": "2021", "numero": "30", "tipo__sigla": "PLO", "tipo__descricao": "PROJETO DE LEI ORDIN\u00c1RIA", "autoria": "17 - Vinicius Castello", "texto_original": "http://sapl.olinda.pe.leg.br/media/sapl/public/materialegislativa/2021/2626/pl_30_2021_autor_vinicius_castello.pdf", "ementa": "Institui o Estatuto Municipal da Promo\u00e7\u00e3o e Igualdade Racial e d\u00e1 outras Providencias;"}, {"id": "2704", "ano": "2021", "numero": "31", "tipo__sigla": "PLO", "tipo__descricao": "PROJETO DE LEI ORDIN\u00c1RIA", "autoria": "LUP\u00c9RCIO CARLOS DO NASCIMENTO", "texto_original": "http://sapl.olinda.pe.leg.br/media/sapl/public/materialegislativa/2021/2704/pl_31_2021_autor_poder_executivo.pdf", "ementa": "Institui o Programa Aux\u00edlio Olinda, que concede aux\u00edlio financeiro emergencial, de natureza tempor\u00e1ria, aos trabalhadores aut\u00f4nomos das categorias indicadas, devidamente cadastrados nos \u00f3rg\u00e3os competentes da Prefeitura, em situa\u00e7\u00e3o de vulnerabilidade econ\u00f4mica, como consequ\u00eancia da calamidade p\u00fablica decorrente da pandemia da COVID-19, e d\u00e1 outras provid\u00eancias."}, {"id": "2705", "ano": "2021", "numero": "32", "tipo__sigla": "PLO", "tipo__descricao": "PROJETO DE LEI ORDIN\u00c1RIA", "autoria": "09 - Fl\u00e1vio Nascimento", "texto_original": "http://sapl.olinda.pe.leg.br/media/sapl/public/materialegislativa/2021/2705/pl_32_2021_autor_vereador_flavio_nascimento.pdf", "ementa": "Cria a campanha permanente de orienta\u00e7\u00e3o, informa\u00e7\u00e3o, preven\u00e7\u00e3o, tratamento e combate ao transtorno de ansiedade generalizada e ao transtorno misto ansioso e depressivo."}, {"id": "2706", "ano": "2021", "numero": "33", "tipo__sigla": "PLO", "tipo__descricao": "PROJETO DE LEI ORDIN\u00c1RIA", "autoria": "LUP\u00c9RCIO CARLOS DO NASCIMENTO", "texto_original": "http://sapl.olinda.pe.leg.br/media/sapl/public/materialegislativa/2021/2706/pl_33_2021_autor_poder_executivo.pdf", "ementa": "Disp\u00f5e sobre procedimentos a serem adotados pela procuradoria Geral do munic\u00edpio e pela Secretaria da Fazenda, especialmente ao tratar da n\u00e3o propositora ou desist\u00eancia de a\u00e7\u00f5es judiciais e de recursos, da transa\u00e7\u00e3o e mat\u00e9ria tribut\u00e1ria, dos cr\u00e9ditos n\u00e3o tribut\u00e1rios, de formas at\u00edpicas de satisfa\u00e7\u00e3o dos cr\u00e9ditos municipais e das Requisi\u00e7\u00f5es de Pequena Valor \u2013 RPV, bem como revoga a Lei Ordin\u00e1ria n\u00b0 5.667/2009, e d\u00e1 outras providencias;"}, {"id": "2773", "ano": "2021", "numero": "34", "tipo__sigla": "PLO", "tipo__descricao": "PROJETO DE LEI ORDIN\u00c1RIA", "autoria": "09 - Fl\u00e1vio Nascimento", "texto_original": "http://sapl.olinda.pe.leg.br/media/sapl/public/materialegislativa/2021/2773/pl_34_2021_autor_ver._flavio_nascimento.pdf", "ementa": "Pro\u00edbe a utiliza\u00e7\u00e3o de carro\u00e7as de tra\u00e7\u00e3o animal em estabelecimentos que comercializam material de constru\u00e7\u00e3o no Munic\u00edpio de Olinda;"}, {"id": "2774", "ano": "2021", "numero": "35", "tipo__sigla": "PLO", "tipo__descricao": "PROJETO DE LEI ORDIN\u00c1RIA", "autoria": "09 - Fl\u00e1vio Nascimento", "texto_original": "http://sapl.olinda.pe.leg.br/media/sapl/public/materialegislativa/2021/2774/pl_35_2021_autor_ver._flavio_nascimento.pdf", "ementa": "Estabelece san\u00e7\u00f5es e penalidades administrativas para aqueles que praticarem maus-tratos e abandono aos animais, e d\u00e1 outras provid\u00eancias;"}, {"id": "2775", "ano": "2021", "numero": "36", "tipo__sigla": "PLO", "tipo__descricao": "PROJETO DE LEI ORDIN\u00c1RIA", "autoria": "09 - Fl\u00e1vio Nascimento", "texto_original": "http://sapl.olinda.pe.leg.br/media/sapl/public/materialegislativa/2021/2775/pl_36_2021_autor_ver._flavio_nascimento.pdf", "ementa": "Institui o \u201cPrograma de Educa\u00e7\u00e3o para posse respons\u00e1vel de animais dom\u00e9sticos\u201d nas escolas do Munic\u00edpio de Olinda."}, {"id": "2776", "ano": "2021", "numero": "37", "tipo__sigla": "PLO", "tipo__descricao": "PROJETO DE LEI ORDIN\u00c1RIA", "autoria": "09 - Fl\u00e1vio Nascimento", "texto_original": "http://sapl.olinda.pe.leg.br/media/sapl/public/materialegislativa/2021/2776/pl_37_2021_autor_ver._flavio_nascimento.pdf", "ementa": "Disp\u00f5e sobre a a\u00e7\u00e3o preventiva denominada \u201cPr\u00e9-natal Masculino\u201d no Munic\u00edpio de Olinda;"}, {"id": "2805", "ano": "2021", "numero": "38", "tipo__sigla": "PLO", "tipo__descricao": "PROJETO DE LEI ORDIN\u00c1RIA", "autoria": "09 - Fl\u00e1vio Nascimento", "texto_original": "http://sapl.olinda.pe.leg.br/media/sapl/public/materialegislativa/2021/2805/pl_38_2021_autor_ver._flavio_nascimento.pdf", "ementa": "Disp\u00f5e sobre a Semana Municipal de Conscientiza\u00e7\u00e3o e Combate \u00e0 viol\u00eancia contra a pessoa idosa no Munic\u00edpio de Olinda, e d\u00e1 outras provid\u00eancias;"}, {"id": "2806", "ano": "2021", "numero": "39", "tipo__sigla": "PLO", "tipo__descricao": "PROJETO DE LEI ORDIN\u00c1RIA", "autoria": "09 - Fl\u00e1vio Nascimento", "texto_original": "http://sapl.olinda.pe.leg.br/media/sapl/public/materialegislativa/2021/2806/pl_39_2021_autor_ver._flavio_nascimento.pdf", "ementa": "Institui o programa de valoriza\u00e7\u00e3o do idoso denominado \u201cProjeto Vov\u00f4 Sabe Tudo\u201d;"}, {"id": "2850", "ano": "2021", "numero": "40", "tipo__sigla": "PLO", "tipo__descricao": "PROJETO DE LEI ORDIN\u00c1RIA", "autoria": "11 - Dete Silva", "texto_original": "http://sapl.olinda.pe.leg.br/media/sapl/public/materialegislativa/2021/2850/pl_40_2021_autor_ver._dete_silva.pdf", "ementa": "Autoriza o Poder Executivo Municipal sobre a prioridade dos professores em receber as vacinas destinadas a imunizar a popula\u00e7\u00e3o contra a COVID-19 no Munic\u00edpio de Olinda;"}, {"id": "2851", "ano": "2021", "numero": "41", "tipo__sigla": "PLO", "tipo__descricao": "PROJETO DE LEI ORDIN\u00c1RIA", "autoria": "01 - Tost\u00e3o de Olinda", "texto_original": "http://sapl.olinda.pe.leg.br/media/sapl/public/materialegislativa/2021/2851/pl_41_2021_autor_ver._tostao_de_olinda.pdf", "ementa": "Disp\u00f5e sobre a presta\u00e7\u00e3o dos servi\u00e7os de atividades educacionais, por meio da oferta de aulas presenciais em escolas p\u00fablicas e privadas, como atividade essencial para o Munic\u00edpio de Olinda, e d\u00e1 outras provid\u00eancias;"}, {"id": "2889", "ano": "2021", "numero": "42", "tipo__sigla": "PLO", "tipo__descricao": "PROJETO DE LEI ORDIN\u00c1RIA", "autoria": "09 - Fl\u00e1vio Nascimento", "texto_original": "http://sapl.olinda.pe.leg.br/media/sapl/public/materialegislativa/2021/2889/pl_42_2021_autor_ver._flavio_nascimento.pdf", "ementa": "Institui o Programa \u201cEduca\u00e7\u00e3o Financeira na Escola\u201d, nas escolas da rede municipal de ensino de Olinda;"}, {"id": "2890", "ano": "2021", "numero": "43", "tipo__sigla": "PLO", "tipo__descricao": "PROJETO DE LEI ORDIN\u00c1RIA", "autoria": "09 - Fl\u00e1vio Nascimento", "texto_original": "http://sapl.olinda.pe.leg.br/media/sapl/public/materialegislativa/2021/2890/pl_43_2021_autor_ver._flavio_nascimento.pdf", "ementa": "Institui o \u201cPrograma Educa\u00e7\u00e3o no Tr\u00e2nsito\u201d nas escolas de rede municipal d\u00e1 outras provid\u00eancias;"}, {"id": "2891", "ano": "2021", "numero": "44", "tipo__sigla": "PLO", "tipo__descricao": "PROJETO DE LEI ORDIN\u00c1RIA", "autoria": "09 - Fl\u00e1vio Nascimento", "texto_original": "http://sapl.olinda.pe.leg.br/media/sapl/public/materialegislativa/2021/2891/pl_44_2021_autor_ver._flavio_nascimento.pdf", "ementa": "Disp\u00f5e sobre a inclus\u00e3o de conte\u00fados voltados a Educa\u00e7\u00e3o Ambiental no curr\u00edculo das escolas de Ensino Fundamental da rede  p\u00fablica e privada do Munic\u00edpio de Olinda;"}, {"id": "2888", "ano": "2021", "numero": "45", "tipo__sigla": "PLO", "tipo__descricao": "PROJETO DE LEI ORDIN\u00c1RIA", "autoria": "17 - Vinicius Castello", "texto_original": "http://sapl.olinda.pe.leg.br/media/sapl/public/materialegislativa/2021/2888/pl_45_2021_autor_ver_vinicius_castello.pdf", "ementa": "Disp\u00f5e sobre a suspens\u00e3o do cumprimento de medidas judiciais, extrajudiciais ou administrativas no \u00e2mbito do Munic\u00edpio de Olinda que resultem em despejo, desocupa\u00e7\u00f5es ou remo\u00e7\u00f5es for\u00e7adas enquanto perdurar a pandemia e seus impactos causada pelo agente corona v\u00edrus (COVID-19);"}, {"id": "2894", "ano": "2021", "numero": "46", "tipo__sigla": "PLO", "tipo__descricao": "PROJETO DE LEI ORDIN\u00c1RIA", "autoria": "03 - FELIPE NASCIMENTO", "texto_original": "http://sapl.olinda.pe.leg.br/media/sapl/public/materialegislativa/2021/2894/pl_46_2021_autor_ver._felipe_nascimento.pdf", "ementa": "Institui a \"Campanha Permanente de Conscientiza\u00e7\u00e3o da Depress\u00e3o Infantil e na Adolesc\u00eancia no Munic\u00edpio de Olinda e d\u00e1 outras provid\u00eancias;"}, {"id": "2895", "ano": "2021", "numero": "47", "tipo__sigla": "PLO", "tipo__descricao": "PROJETO DE LEI ORDIN\u00c1RIA", "autoria": "03 - FELIPE NASCIMENTO", "texto_original": "http://sapl.olinda.pe.leg.br/media/sapl/public/materialegislativa/2021/2895/pl_47_2021_autor_ver._felipe_nascimento.pdf", "ementa": "Institui o \"Dia do Futebol de V\u00e1rzea\" no Munic\u00edpio de Olinda e d\u00e1 outras provid\u00eancias;"}, {"id": "2896", "ano": "2021", "numero": "48", "tipo__sigla": "PLO", "tipo__descricao": "PROJETO DE LEI ORDIN\u00c1RIA", "autoria": "03 - FELIPE NASCIMENTO", "texto_original": "http://sapl.olinda.pe.leg.br/media/sapl/public/materialegislativa/2021/2896/pl_48_2021_autor_ver._felipe_nascimento.pdf", "ementa": "Institui o Selo de Responsabilidade Social \"Empresa Parceira das Mulheres\", certificando empresas, entidades e outras institui\u00e7\u00e3o que priorizam a contrata\u00e7\u00e3o de mulheres v\u00edtimas de viol\u00eancia dom\u00e9stica;"}, {"id": "2953", "ano": "2021", "numero": "49", "tipo__sigla": "PLO", "tipo__descricao": "PROJETO DE LEI ORDIN\u00c1RIA", "autoria": "09 - Fl\u00e1vio Nascimento", "texto_original": "http://sapl.olinda.pe.leg.br/media/sapl/public/materialegislativa/2021/2953/pl_49_2021_autor_ver_flavio_nascimento.pdf", "ementa": "Disp\u00f5e sobre a cria\u00e7\u00e3o de uma Central de Empregos para pessoas com defici\u00eancia no Munic\u00edpio de Olinda e d\u00e1 outras provid\u00eancias;"}, {"id": "2954", "ano": "2021", "numero": "50", "tipo__sigla": "PLO", "tipo__descricao": "PROJETO DE LEI ORDIN\u00c1RIA", "autoria": "09 - Fl\u00e1vio Nascimento", "texto_original": "http://sapl.olinda.pe.leg.br/media/sapl/public/materialegislativa/2021/2954/pl_50_2021_autor_ver_flavio_nascimento.pdf", "ementa": "Cria o Programa \"Inclus\u00e3o Digital da Terceira Idade\" no Munic\u00edpio de Olinda e d\u00e1 outras provid\u00eancias;"}, {"id": "2955", "ano": "2021", "numero": "51", "tipo__sigla": "PLO", "tipo__descricao": "PROJETO DE LEI ORDIN\u00c1RIA", "autoria": "09 - Fl\u00e1vio Nascimento", "texto_original": "http://sapl.olinda.pe.leg.br/media/sapl/public/materialegislativa/2021/2955/pl_51_2021_autor_ver_flavio_nascimento.pdf", "ementa": "Institui no Munic\u00edpio de Olinda, a pol\u00edtica de Incentivo a Pr\u00e1tica de Esporte, para Idosos e d\u00e1 outras provid\u00eancias;"}, {"id": "2956", "ano": "2021", "numero": "52", "tipo__sigla": "PLO", "tipo__descricao": "PROJETO DE LEI ORDIN\u00c1RIA", "autoria": "09 - Fl\u00e1vio Nascimento", "texto_original": "http://sapl.olinda.pe.leg.br/media/sapl/public/materialegislativa/2021/2956/pl_52_2021_autor_ver_flavio_nascimento.pdf", "ementa": "Institui a Sistem\u00e1tica Municipal de Turismo Religioso de Olinda - SMTR;"}, {"id": "2975", "ano": "2021", "numero": "53", "tipo__sigla": "PLO", "tipo__descricao": "PROJETO DE LEI ORDIN\u00c1RIA", "autoria": "09 - Fl\u00e1vio Nascimento", "texto_original": "http://sapl.olinda.pe.leg.br/media/sapl/public/materialegislativa/2021/2975/pl_53_2021_autor_ver._flavio_nascimento.pdf", "ementa": "Disp\u00f5e sobra a cria\u00e7\u00e3o da creche do idoso no \u00e2mbito do Munic\u00edpio de Olinda;"}, {"id": "2976", "ano": "2021", "numero": "54", "tipo__sigla": "PLO", "tipo__descricao": "PROJETO DE LEI ORDIN\u00c1RIA", "autoria": "09 - Fl\u00e1vio Nascimento", "texto_original": "http://sapl.olinda.pe.leg.br/media/sapl/public/materialegislativa/2021/2976/pl_54_2021_autor_ver_flavio_nascimento.pdf", "ementa": "Disp\u00f5es sobre o fornecimento de absorventes higi\u00eanicas nas unidades b\u00e1sicas de sa\u00fade de todos os bairros do Munic\u00edpio de Olinda-PE;"}, {"id": "2985", "ano": "2021", "numero": "55", "tipo__sigla": "PLO", "tipo__descricao": "PROJETO DE LEI ORDIN\u00c1RIA", "autoria": "05 - Everaldo Silva", "texto_original": "http://sapl.olinda.pe.leg.br/media/sapl/public/materialegislativa/2021/2985/pl_55_2021_autor_ver._everaldo_silva.pdf", "ementa": "Institui prioridade a constru\u00e7\u00e3o de moradias para fam\u00edlias que vivem em \u00e1reas de riscos de deslizamento;"}, {"id": "2986", "ano": "2021", "numero": "56", "tipo__sigla": "PLO", "tipo__descricao": "PROJETO DE LEI ORDIN\u00c1RIA", "autoria": "LUP\u00c9RCIO CARLOS DO NASCIMENTO", "texto_original": "http://sapl.olinda.pe.leg.br/media/sapl/public/materialegislativa/2021/2986/pl_56_2021_autor_poder_executivo.pdf", "ementa": "Disp\u00f5e sobre a reestrutura\u00e7\u00e3o do Conselho Municipal de Acompanhamento e Controle Social do Fundo de Manuten\u00e7\u00e3o e Desenvolvimento da Educa\u00e7\u00e3o B\u00e1sica e de Valoriza\u00e7\u00e3o dos Profissionais da Educa\u00e7\u00e3o - CACS / FUNDEB, de acordo com o artigo 212-A da Constitui\u00e7\u00e3o Federal, regulamentado na forma da Lei Federal n\u00ba 14.113, de 25 de dezembro de 2020;"}, {"id": "2987", "ano": "2021", "numero": "57", "tipo__sigla": "PLO", "tipo__descricao": "PROJETO DE LEI ORDIN\u00c1RIA", "autoria": "LUP\u00c9RCIO CARLOS DO NASCIMENTO", "texto_original": "http://sapl.olinda.pe.leg.br/media/sapl/public/materialegislativa/2021/2987/pl_57_2021_autor_poder_executivo.pdf", "ementa": "Institui o Programa de Incentivo \u00e0 Regulamenta\u00e7\u00e3o Fiscal com a Fazenda P\u00fablica do Munic\u00edpio de Olinda, denominada de \"REFIS OLINDA 2021\", e da outras provid\u00eancias;"}, {"id": "3036", "ano": "2021", "numero": "58", "tipo__sigla": "PLO", "tipo__descricao": "PROJETO DE LEI ORDIN\u00c1RIA", "autoria": "09 - Fl\u00e1vio Nascimento", "texto_original": "http://sapl.olinda.pe.leg.br/media/sapl/public/materialegislativa/2021/3036/pl_58_2021_autor_ver._flavio_nascimento.pdf", "ementa": "Disp\u00f5e sobre o recebimento e dep\u00f3sito de sobras de mat\u00e9rias de constru\u00e7\u00e3o civil para doa\u00e7\u00e3o de pessoas carentes e entidades beneficentes ou habitacionais do Munic\u00edpio de Olinda, e d\u00e1 outras provid\u00eancias;"}, {"id": "3037", "ano": "2021", "numero": "59", "tipo__sigla": "PLO", "tipo__descricao": "PROJETO DE LEI ORDIN\u00c1RIA", "autoria": "16 - Tonny Magalh\u00e3es", "texto_original": "http://sapl.olinda.pe.leg.br/media/sapl/public/materialegislativa/2021/3037/pl_59_2021_autor_ver_tonny_magalhaes.pdf", "ementa": "Disp\u00f5e sobre o Conselho Municipal de Juventude - Comjovem de Olinda e d\u00e1 outras provid\u00eancias;"}, {"id": "3223", "ano": "2021", "numero": "60", "tipo__sigla": "PLO", "tipo__descricao": "PROJETO DE LEI ORDIN\u00c1RIA", "autoria": "Mesa Diretora", "texto_original": "http://sapl.olinda.pe.leg.br/media/sapl/public/materialegislativa/2021/3223/pl_60_2021_autor_mesa_diretora.pdf", "ementa": "Concede reajuste de vencimento aos servidores efetivos da C\u00e2mara Municipal de Olinda e d\u00e1 outras provid\u00eancias;"}, {"id": "3034", "ano": "2021", "numero": "61", "tipo__sigla": "PLO", "tipo__descricao": "PROJETO DE LEI ORDIN\u00c1RIA", "autoria": "09 - Fl\u00e1vio Nascimento", "texto_original": "http://sapl.olinda.pe.leg.br/media/sapl/public/materialegislativa/2021/3034/pl_61_2021_autor_ver._flavio_nascimento.pdf", "ementa": "Disp\u00f5e sobre a pol\u00edtica Municipal de Incentivo ao Livro e \u00e0 Cultura da Leitura e estabelece as suas diretrizes e d\u00e1 outras provid\u00eancias;"}, {"id": "3035", "ano": "2021", "numero": "62", "tipo__sigla": "PLO", "tipo__descricao": "PROJETO DE LEI ORDIN\u00c1RIA", "autoria": "09 - Fl\u00e1vio Nascimento", "texto_original": "http://sapl.olinda.pe.leg.br/media/sapl/public/materialegislativa/2021/3035/pl_62_2021_autor_ver._flavio_nascimento.pdf", "ementa": "Institui o Programa de Preven\u00e7\u00e3o Audiovisual para alunos da rede municipal de ensino, no \u00e2mbito do Munic\u00edpio de Olinda;"}, {"id": "3055", "ano": "2021", "numero": "63", "tipo__sigla": "PLO", "tipo__descricao": "PROJETO DE LEI ORDIN\u00c1RIA", "autoria": "17 - Vinicius Castello", "texto_original": "http://sapl.olinda.pe.leg.br/media/sapl/public/materialegislativa/2021/3055/pl_63_2021_autor_ver_vinicius_castello.pdf", "ementa": "Cria o Programa Banco de Empregos para a juventude no \u00e2mbito do Munic\u00edpio de Olinda,  e d\u00e1 outras provid\u00eancias;"}, {"id": "3056", "ano": "2021", "numero": "64", "tipo__sigla": "PLO", "tipo__descricao": "PROJETO DE LEI ORDIN\u00c1RIA", "autoria": "17 - Vinicius Castello", "texto_original": "http://sapl.olinda.pe.leg.br/media/sapl/public/materialegislativa/2021/3056/pl_64_2021_autor_ver_vinicius_castello.pdf", "ementa": "Disp\u00f5e sobre a responsabilidade de empresas Prestadoras de Servi\u00e7os P\u00fablico de pavimenta\u00e7\u00e3o asf\u00e1ltica nas ruas e avenidas, bem como a garantia dos servi\u00e7os executados no Munic\u00edpio de Olinda, e d\u00e1 outras provid\u00eancias;"}, {"id": "3057", "ano": "2021", "numero": "65", "tipo__sigla": "PLO", "tipo__descricao": "PROJETO DE LEI ORDIN\u00c1RIA", "autoria": "09 - Fl\u00e1vio Nascimento", "texto_original": "http://sapl.olinda.pe.leg.br/media/sapl/public/materialegislativa/2021/3057/pl_65_2021_autor_ver._flavio_nascimento.pdf", "ementa": "Disp\u00f5e sobre a oferta do servi\u00e7o e sobre o atendimento de pessoas com defici\u00eancia na rede p\u00fablica municipal de sa\u00fade;"}, {"id": "3058", "ano": "2021", "numero": "66", "tipo__sigla": "PLO", "tipo__descricao": "PROJETO DE LEI ORDIN\u00c1RIA", "autoria": "09 - Fl\u00e1vio Nascimento", "texto_original": "http://sapl.olinda.pe.leg.br/media/sapl/public/materialegislativa/2021/3058/pl_66_2021_autor_ver._flavio_nascimento.pdf", "ementa": "Institui o Programa de Fisioterapia e Terapia Ocupacional, para Pessoa com Defici\u00eancia - PCD, no Munic\u00edpio de Olinda;"}, {"id": "3059", "ano": "2021", "numero": "67", "tipo__sigla": "PLO", "tipo__descricao": "PROJETO DE LEI ORDIN\u00c1RIA", "autoria": "09 - Fl\u00e1vio Nascimento", "texto_original": "http://sapl.olinda.pe.leg.br/media/sapl/public/materialegislativa/2021/3059/pl_67_2021_autor_ver._flavio_nascimento.pdf", "ementa": "Cria o Banco Municipal de Materiais Ortop\u00e9dicos no Munic\u00edpio de Olinda;"}, {"id": "3060", "ano": "2021", "numero": "68", "tipo__sigla": "PLO", "tipo__descricao": "PROJETO DE LEI ORDIN\u00c1RIA", "autoria": "09 - Fl\u00e1vio Nascimento", "texto_original": "http://sapl.olinda.pe.leg.br/media/sapl/public/materialegislativa/2021/3060/pl_68_2021_autor_ver._flavio_nascimento.pdf", "ementa": "Inclui o Ensino de No\u00e7\u00f5es B\u00e1sicas, sobre a Lei Federal n\u00b0 11.340, de 07 de agosto de 2006 (Lei Maria da Penha), como atividade extracurricular nas escolas municipais de Olinda;"}, {"id": "3061", "ano": "2021", "numero": "69", "tipo__sigla": "PLO", "tipo__descricao": "PROJETO DE LEI ORDIN\u00c1RIA", "autoria": "LUP\u00c9RCIO CARLOS DO NASCIMENTO", "texto_original": "http://sapl.olinda.pe.leg.br/media/sapl/public/materialegislativa/2021/3061/pl_69_2021_autor_poder_executivo.pdf", "ementa": "Disp\u00f5e sobre a apreens\u00e3o e destina\u00e7\u00e3o de animais de m\u00e9dio e grande porte no Munic\u00edpio de Olinda, e d\u00e1 outras provid\u00eancias;"}, {"id": "3062", "ano": "2021", "numero": "70", "tipo__sigla": "PLO", "tipo__descricao": "PROJETO DE LEI ORDIN\u00c1RIA", "autoria": "17 - Vinicius Castello", "texto_original": "http://sapl.olinda.pe.leg.br/media/sapl/public/materialegislativa/2021/3062/pl_70_2021_autor_vinicius_castello.pdf", "ementa": "Disp\u00f5e sobre a utiliza\u00e7\u00e3o do nome social em todos os registros dos \u00f3rg\u00e3os do legislativo e do executivo do Munic\u00edpio de Olinda, assim como na comunica\u00e7\u00e3o interna e nos documentos formais;"}, {"id": "3096", "ano": "2021", "numero": "71", "tipo__sigla": "PLO", "tipo__descricao": "PROJETO DE LEI ORDIN\u00c1RIA", "autoria": "01 - Tost\u00e3o de Olinda", "texto_original": "http://sapl.olinda.pe.leg.br/media/sapl/public/materialegislativa/2021/3096/pl_71_2021_autor_ver._tostao_de_olinda.pdf", "ementa": "Disp\u00f5e sobre a inclus\u00e3o das categorias de transporte de passageiros e cargos na lista de prioridade para vacina\u00e7\u00e3o da Covid-19 no Munic\u00edpio de Olinda;"}, {"id": "3097", "ano": "2021", "numero": "72", "tipo__sigla": "PLO", "tipo__descricao": "PROJETO DE LEI ORDIN\u00c1RIA", "autoria": "09 - Fl\u00e1vio Nascimento", "texto_original": "http://sapl.olinda.pe.leg.br/media/sapl/public/materialegislativa/2021/3097/pl_72_2021_autor_ver._flavio_nascimento.pdf", "ementa": "Institui a Campanha Permanente de Combate \u00e0s Drogas Il\u00edcitas e ao Alcoolismo Juvenil na Rede P\u00fablica de Ensino do Munic\u00edpio de Olinda e d\u00e1 outras provid\u00eancias;"}, {"id": "3126", "ano": "2021", "numero": "73", "tipo__sigla": "PLO", "tipo__descricao": "PROJETO DE LEI ORDIN\u00c1RIA", "autoria": "09 - Fl\u00e1vio Nascimento", "texto_original": "http://sapl.olinda.pe.leg.br/media/sapl/public/materialegislativa/2021/3126/pl_73_2021_autor_ver_flavio_nascimento.pdf", "ementa": "Institui no \u00e2mbito do Munic\u00edpio de Olinda, a Pol\u00edtica Municipal do Voluntariado e exerc\u00edcio de cidadania, e d\u00e1 outras provid\u00eancias;"}, {"id": "3249", "ano": "2021", "numero": "74", "tipo__sigla": "PLO", "tipo__descricao": "PROJETO DE LEI ORDIN\u00c1RIA", "autoria": "14 - RICARDO SOUSA", "texto_original": "http://sapl.olinda.pe.leg.br/media/sapl/public/materialegislativa/2021/3249/pl_74_2021_autor_ver._ricardo_sousa.pdf", "ementa": "Disp\u00f5e do Direito ao atendimento Preferencial em Estabelecimentos P\u00fablico e Privado."}, {"id": "3250", "ano": "2021", "numero": "75", "tipo__sigla": "PLO", "tipo__descricao": "PROJETO DE LEI ORDIN\u00c1RIA", "autoria": "14 - RICARDO SOUSA", "texto_original": "http://sapl.olinda.pe.leg.br/media/sapl/public/materialegislativa/2021/3250/pl_75_2021_autor_ver._ricardo_sousa.pdf", "ementa": "Institui Dia Municipal de Fibromialgia."}, {"id": "3245", "ano": "2021", "numero": "76", "tipo__sigla": "PLO", "tipo__descricao": "PROJETO DE LEI ORDIN\u00c1RIA", "autoria": "09 - Fl\u00e1vio Nascimento", "texto_original": "http://sapl.olinda.pe.leg.br/media/sapl/public/materialegislativa/2021/3245/pl_76_2021_autor_ver._flavio_nascimento.pdf", "ementa": "Institui o Programa de Sa\u00fade Bucal na Rede Municipal de Ensino da cidade de Olinda e d\u00e1 outras provid\u00eancias."}, {"id": "3246", "ano": "2021", "numero": "77", "tipo__sigla": "PLO", "tipo__descricao": "PROJETO DE LEI ORDIN\u00c1RIA", "autoria": "09 - Fl\u00e1vio Nascimento", "texto_original": "http://sapl.olinda.pe.leg.br/media/sapl/public/materialegislativa/2021/3246/pl_77_2021_autor_ver._flavio_nascimento.pdf", "ementa": "Institui o \"Programa Municipal de Assist\u00eancia \u00e0s Pessoas com Epilepsia\" no \u00e2mbito do Munic\u00edpio de Olinda."}, {"id": "3247", "ano": "2021", "numero": "78", "tipo__sigla": "PLO", "tipo__descricao": "PROJETO DE LEI ORDIN\u00c1RIA", "autoria": "09 - Fl\u00e1vio Nascimento", "texto_original": "http://sapl.olinda.pe.leg.br/media/sapl/public/materialegislativa/2021/3247/pl_78_2021_autor_ver._flavio_nascimento.pdf", "ementa": "Institui a Carteira Municipal de Sa\u00fade da Mulher na cidade de Olinda e d\u00e1 outras provid\u00eancias."}, {"id": "3248", "ano": "2021", "numero": "79", "tipo__sigla": "PLO", "tipo__descricao": "PROJETO DE LEI ORDIN\u00c1RIA", "autoria": "09 - Fl\u00e1vio Nascimento", "texto_original": "http://sapl.olinda.pe.leg.br/media/sapl/public/materialegislativa/2021/3248/pl_79_2021_autor_ver._flavio_nascimento.pdf", "ementa": "Institui a semana de orienta\u00e7\u00e3o e preven\u00e7\u00e3o da gravidez na adolesc\u00eancia no \u00e2mbito do Munic\u00edpio de Olinda e d\u00e1 outras provid\u00eancias."}, {"id": "3251", "ano": "2021", "numero": "80", "tipo__sigla": "PLO", "tipo__descricao": "PROJETO DE LEI ORDIN\u00c1RIA", "autoria": "16 - Tonny Magalh\u00e3es", "texto_original": "http://sapl.olinda.pe.leg.br/media/sapl/public/materialegislativa/2021/3251/pl_80_2021_autor_ver._tonny_magalhaes.pdf", "ementa": "Declara  Patrim\u00f4nio Art\u00edstico e Cultural de Olinda as Quadrilhas Juninas do Munic\u00edpio;"}, {"id": "3252", "ano": "2021", "numero": "81", "tipo__sigla": "PLO", "tipo__descricao": "PROJETO DE LEI ORDIN\u00c1RIA", "autoria": "16 - Tonny Magalh\u00e3es", "texto_original": "http://sapl.olinda.pe.leg.br/media/sapl/public/materialegislativa/2021/3252/pl_81_2021_autor_ver._tonny_magalhaes.pdf", "ementa": "Institui 27 de junho como o dia Municipal do Quadrilheiro Junino de Olinda;"}, {"id": "3312", "ano": "2021", "numero": "82", "tipo__sigla": "PLO", "tipo__descricao": "PROJETO DE LEI ORDIN\u00c1RIA", "autoria": "16 - Tonny Magalh\u00e3es", "texto_original": "http://sapl.olinda.pe.leg.br/media/sapl/public/materialegislativa/2021/3312/pl_82_2021_autor_ver._tonny_magalhaes.pdf", "ementa": "Disp\u00f5e sobre cria\u00e7\u00e3o de subven\u00e7\u00f5es \u00e0 Cirandas, Coscos de Roda e Quadrilhas Juninas, do Munic\u00edpio de Olinda e d\u00e1 outras provid\u00eancias;"}, {"id": "3313", "ano": "2021", "numero": "83", "tipo__sigla": "PLO", "tipo__descricao": "PROJETO DE LEI ORDIN\u00c1RIA", "autoria": "Bruno D'Melo", "texto_original": "http://sapl.olinda.pe.leg.br/media/sapl/public/materialegislativa/2021/3313/pl_83_2021_autor_ver._bruno_d_melo.pdf", "ementa": "Cria o programa \"Fim de semana na escola\" e d\u00e1 outras provid\u00eancias;"}, {"id": "3314", "ano": "2021", "numero": "84", "tipo__sigla": "PLO", "tipo__descricao": "PROJETO DE LEI ORDIN\u00c1RIA", "autoria": "Bruno D'Melo", "texto_original": "http://sapl.olinda.pe.leg.br/media/sapl/public/materialegislativa/2021/3314/pl_84_2021_autor_ver._bruno_d_melo.pdf", "ementa": "Disp\u00f5e sobre a obrigatoriedade de exame de acuidade visual para todos os alunos matriculados no ensino fundamental em todas as escolas p\u00fablicas no Munic\u00edpio, e d\u00e1 outras provid\u00eancias;"}, {"id": "3315", "ano": "2021", "numero": "85", "tipo__sigla": "PLO", "tipo__descricao": "PROJETO DE LEI ORDIN\u00c1RIA", "autoria": "Bruno D'Melo", "texto_original": "http://sapl.olinda.pe.leg.br/media/sapl/public/materialegislativa/2021/3315/pl_85_2021_autor_ver._bruno_d_melo.pdf", "ementa": "Disp\u00f5e sobre a cria\u00e7\u00e3o do servi\u00e7o de atendimento especial \u00e0 mulher em situa\u00e7\u00e3o de viol\u00eancia, em toda a rede de presta\u00e7\u00e3o de servi\u00e7o e sa\u00fade, p\u00fablicos e privados, do munic\u00edpio e d\u00e1 outras provid\u00eancias;"}, {"id": "3316", "ano": "2021", "numero": "86", "tipo__sigla": "PLO", "tipo__descricao": "PROJETO DE LEI ORDIN\u00c1RIA", "autoria": "Bruno D'Melo", "texto_original": "http://sapl.olinda.pe.leg.br/media/sapl/public/materialegislativa/2021/3316/pl_86_2021_autor_ver._bruno_d_melo.pdf", "ementa": "Disp\u00f5e sobre a cria\u00e7\u00e3o do \"Certificado de Impacto Social\", a ser concedido para iniciativas socialmente respons\u00e1veis do munic\u00edpio, cria o programa de fomento destinado ao fortalecimento de associa\u00e7\u00f5es, cooperativas e microempreendedores que desenvolvam atividades de impacto social, e d\u00e1 outras provid\u00eancias;"}, {"id": "3317", "ano": "2021", "numero": "87", "tipo__sigla": "PLO", "tipo__descricao": "PROJETO DE LEI ORDIN\u00c1RIA", "autoria": "Bruno D'Melo", "texto_original": "http://sapl.olinda.pe.leg.br/media/sapl/public/materialegislativa/2021/3317/pl_87_2021_autor_ver._bruno_d_melo.pdf", "ementa": "Disp\u00f5e sobre a proibi\u00e7\u00e3o do corte dos servi\u00e7os de fornecimento de energia el\u00e9trica e \u00e1gua no munic\u00edpio e d\u00e1 outras provid\u00eancias;"}, {"id": "3318", "ano": "2021", "numero": "88", "tipo__sigla": "PLO", "tipo__descricao": "PROJETO DE LEI ORDIN\u00c1RIA", "autoria": "Bruno D'Melo", "texto_original": "http://sapl.olinda.pe.leg.br/media/sapl/public/materialegislativa/2021/3318/pl_88_2021_autor_ver._bruno_d_melo.pdf", "ementa": "Institui a Pol\u00edtica de preven\u00e7\u00e3o e Combate ao C\u00e2ncer de Ov\u00e1rio no Munic\u00edpio e d\u00e1 outras provid\u00eancias;"}, {"id": "3319", "ano": "2021", "numero": "89", "tipo__sigla": "PLO", "tipo__descricao": "PROJETO DE LEI ORDIN\u00c1RIA", "autoria": "Bruno D'Melo", "texto_original": "http://sapl.olinda.pe.leg.br/media/sapl/public/materialegislativa/2021/3319/pl_89_2021_autor_ver._bruno_d_melo.pdf", "ementa": "Disp\u00f5e sobre a doa\u00e7\u00e3o de \u00f3culos de grau, pelo Poder P\u00fablico Municipal aos alunos regularmente matriculados no ensino fundamental da Rede P\u00fablica Municipal;"}, {"id": "3320", "ano": "2021", "numero": "90", "tipo__sigla": "PLO", "tipo__descricao": "PROJETO DE LEI ORDIN\u00c1RIA", "autoria": "Bruno D'Melo", "texto_original": "http://sapl.olinda.pe.leg.br/media/sapl/public/materialegislativa/2021/3320/pl_90_2021_autor_ver._bruno_d_melo.pdf", "ementa": "Torna obrigat\u00f3rio as empresas concession\u00e1rias de transporte p\u00fablico municipal a disponibilizar \u00e1lcool em gel para passageiros, em caso de declara\u00e7\u00e3o de epidemias e pandemias pelo Poder P\u00fablico e d\u00e1 outras provid\u00eancias;"}, {"id": "3321", "ano": "2021", "numero": "91", "tipo__sigla": "PLO", "tipo__descricao": "PROJETO DE LEI ORDIN\u00c1RIA", "autoria": "09 - Fl\u00e1vio Nascimento, Bruno D'Melo", "texto_original": "http://sapl.olinda.pe.leg.br/media/sapl/public/materialegislativa/2021/3321/pl_91_2021_autor_ver._bruno_d_melo.pdf", "ementa": "Instituir a campanha permanente de preven\u00e7\u00e3o do c\u00e2ncer ginecol\u00f3gico e mam\u00e1rio no \u00e2mbito do Munic\u00edpio de Olinda e d\u00e1 outras provid\u00eancias;"}, {"id": "3322", "ano": "2021", "numero": "92", "tipo__sigla": "PLO", "tipo__descricao": "PROJETO DE LEI ORDIN\u00c1RIA", "autoria": "Bruno D'Melo", "texto_original": "http://sapl.olinda.pe.leg.br/media/sapl/public/materialegislativa/2021/3322/pl_92_2021_autor_ver._bruno_d_melo.pdf", "ementa": "Institui a campanha permanente de conscientiza\u00e7\u00e3o da depress\u00e3o infantil e na adolesc\u00eancia no \u00e2mbito municipal e d\u00e1 outras provid\u00eancias;"}, {"id": "3323", "ano": "2021", "numero": "93", "tipo__sigla": "PLO", "tipo__descricao": "PROJETO DE LEI ORDIN\u00c1RIA", "autoria": "Bruno D'Melo", "texto_original": "http://sapl.olinda.pe.leg.br/media/sapl/public/materialegislativa/2021/3323/pl_93_2021_autor_ver._bruno_d_melo.pdf", "ementa": "Determina que o Munic\u00edpio promova a distribui\u00e7\u00e3o ou fornecimento domiciliar de medicamentos aos idosos e portadores de doen\u00e7as cr\u00f4nicas do grupo de risco da COVID-19 e pessoas em tratamentos oncol\u00f3gicos, por meio de farm\u00e1cias privadas conveniadas e empresas de entrega, enquanto perdurar a pandemia e d\u00e1 outras provid\u00eancias;"}, {"id": "3324", "ano": "2021", "numero": "94", "tipo__sigla": "PLO", "tipo__descricao": "PROJETO DE LEI ORDIN\u00c1RIA", "autoria": "Bruno D'Melo", "texto_original": "http://sapl.olinda.pe.leg.br/media/sapl/public/materialegislativa/2021/3324/pl_94_2021_autor_ver._bruno_d_melo.pdf", "ementa": "Disp\u00f5e sobre a implanta\u00e7\u00e3o do Selo de Qualidade do Atendimento ao Idoso, no \u00e2mbito Municipal, e d\u00e1 outras provid\u00eancias;"}, {"id": "3325", "ano": "2021", "numero": "95", "tipo__sigla": "PLO", "tipo__descricao": "PROJETO DE LEI ORDIN\u00c1RIA", "autoria": "01 - Tost\u00e3o de Olinda", "texto_original": "http://sapl.olinda.pe.leg.br/media/sapl/public/materialegislativa/2021/3325/pl_95_2021_autor_ver._tostao_de_olinda.pdf", "ementa": "Disp\u00f5e sobre a inclus\u00e3o do santu\u00e1rio da M\u00e3e Rainha e Vencedora Tr\u00eas Vezes Admir\u00e1vel de Shoenstatt, como ponto tur\u00edsticos oficial do Munic\u00edpio de Olinda e d\u00e1 outras provid\u00eancias;"}, {"id": "3326", "ano": "2021", "numero": "96", "tipo__sigla": "PLO", "tipo__descricao": "PROJETO DE LEI ORDIN\u00c1RIA", "autoria": "17 - Vinicius Castello", "texto_original": "http://sapl.olinda.pe.leg.br/media/sapl/public/materialegislativa/2021/3326/pl_96_2021_autor_ver._vinicius_castello.pdf", "ementa": "Pro\u00edbe a discrimina\u00e7\u00e3o ou preconceito em virtude de orienta\u00e7\u00e3o sexual e d\u00e1 identidade de g\u00eanero no Munic\u00edpio de Olinda;"}, {"id": "3378", "ano": "2021", "numero": "97", "tipo__sigla": "PLO", "tipo__descricao": "PROJETO DE LEI ORDIN\u00c1RIA", "autoria": "09 - Fl\u00e1vio Nascimento", "texto_original": "http://sapl.olinda.pe.leg.br/media/sapl/public/materialegislativa/2021/3378/pl_97_2021_autor_ver._flavio_nascimento.pdf", "ementa": "Instituir a implanta\u00e7\u00e3o do estudo da \"Constitui\u00e7\u00e3o em Mi\u00fados\" nas escolas da Rede Municipal no \u00e2mbito do munic\u00edpio de Olinda e d\u00e1 outras provid\u00eancias;"}, {"id": "3379", "ano": "2021", "numero": "98", "tipo__sigla": "PLO", "tipo__descricao": "PROJETO DE LEI ORDIN\u00c1RIA", "autoria": "09 - Fl\u00e1vio Nascimento", "texto_original": "http://sapl.olinda.pe.leg.br/media/sapl/public/materialegislativa/2021/3379/pl_98_2021_autor_ver._flavio_nascimento.pdf", "ementa": "Instituir sobre a\u00e7\u00e3o, visando \u00e0 preven\u00e7\u00e3o da Hepatite A para Homens e Mulheres que trabalham na coleta de lixo e limpeza urbana no munic\u00edpio de Olinda e d\u00e1 outras provid\u00eancias;"}, {"id": "3380", "ano": "2021", "numero": "99", "tipo__sigla": "PLO", "tipo__descricao": "PROJETO DE LEI ORDIN\u00c1RIA", "autoria": "09 - Fl\u00e1vio Nascimento", "texto_original": "http://sapl.olinda.pe.leg.br/media/sapl/public/materialegislativa/2021/3380/pl_99_2021_autor_ver._flavio_nascimento.pdf", "ementa": "Instituir sobre a divulga\u00e7\u00e3o dos direitos da pessoa portadora de c\u00e2ncer no \u00e2mbito do munic\u00edpio de Olinda e d\u00e1 outras provid\u00eancias;"}, {"id": "3381", "ano": "2021", "numero": "100", "tipo__sigla": "PLO", "tipo__descricao": "PROJETO DE LEI ORDIN\u00c1RIA", "autoria": "09 - Fl\u00e1vio Nascimento", "texto_original": "http://sapl.olinda.pe.leg.br/media/sapl/public/materialegislativa/2021/3381/pl_100_2021_autor_ver._flavio_nascimento.pdf", "ementa": "Disp\u00f5e sobre a cria\u00e7\u00e3o do Programa \u201cAdote o seu quarteir\u00e3o\u201d para incentivar a participa\u00e7\u00e3o de moradores, em conjunto com a rede municipal de sa\u00fade, no combate ao vetor da dengue, infesta\u00e7\u00e3o de escorpi\u00f5es e outros problemas relevantes de sa\u00fade em nosso munic\u00edpio."}, {"id": "3382", "ano": "2021", "numero": "101", "tipo__sigla": "PLO", "tipo__descricao": "PROJETO DE LEI ORDIN\u00c1RIA", "autoria": "09 - Fl\u00e1vio Nascimento", "texto_original": "http://sapl.olinda.pe.leg.br/media/sapl/public/materialegislativa/2021/3382/pl_101_2021_autor_ver._flavio_nascimento.pdf", "ementa": "Institui a Semana de Preven\u00e7\u00e3o e Controle da Osteoporose no Munic\u00edpio de Olinda, e d\u00e1 outras provid\u00eancias."}, {"id": "3383", "ano": "2021", "numero": "102", "tipo__sigla": "PLO", "tipo__descricao": "PROJETO DE LEI ORDIN\u00c1RIA", "autoria": "09 - Fl\u00e1vio Nascimento", "texto_original": "http://sapl.olinda.pe.leg.br/media/sapl/public/materialegislativa/2021/3383/pl_102_2021_autor_ver._flavio_nascimento.pdf", "ementa": "Institui o Programa \u201cEduca\u00e7\u00e3o em direito dos animais na escola\u201d, nas escolas da Rede Municipal de Ensino de Olinda."}, {"id": "3384", "ano": "2021", "numero": "103", "tipo__sigla": "PLO", "tipo__descricao": "PROJETO DE LEI ORDIN\u00c1RIA", "autoria": "16 - Tonny Magalh\u00e3es", "texto_original": "http://sapl.olinda.pe.leg.br/media/sapl/public/materialegislativa/2021/3384/pl_103_2021_autor_ver._tonny_magalhaes.pdf", "ementa": "Disp\u00f5e sobre a obrigatoriedade de afixa\u00e7\u00e3o, no \u00e2mbito do Munic\u00edpio de Olinda, de placas ou cartazes informativos em pr\u00e9dios e condom\u00ednios residenciais, com o n\u00famero da Lei Maria da Penha, o n\u00famero de telefone da delegacia especializada no atendimento \u00e0 mulher e da Pol\u00edcia Militar;"}, {"id": "3371", "ano": "2021", "numero": "104", "tipo__sigla": "PLO", "tipo__descricao": "PROJETO DE LEI ORDIN\u00c1RIA", "autoria": "09 - Fl\u00e1vio Nascimento", "texto_original": "http://sapl.olinda.pe.leg.br/media/sapl/public/materialegislativa/2021/3371/pl_104_2021_autor_ver._flavio_nascimento.pdf", "ementa": "Institui, no Calend\u00e1rio Oficial de Eventos do Munic\u00edpio de Olinda, a \"Semana Municipal da Preven\u00e7\u00e3o de Acidentes com Crian\u00e7as\";"}, {"id": "3372", "ano": "2021", "numero": "105", "tipo__sigla": "PLO", "tipo__descricao": "PROJETO DE LEI ORDIN\u00c1RIA", "autoria": "09 - Fl\u00e1vio Nascimento", "texto_original": "http://sapl.olinda.pe.leg.br/media/sapl/public/materialegislativa/2021/3372/pl_105_2021_autor_ver._flavio_nascimento.pdf", "ementa": "Institui a inclus\u00e3o na grade curricular das escolas das redes de ensino privada do Munic\u00edpio de Olinda, o tema concernente ao \"uso racional da \u00e1gua\";"}, {"id": "3373", "ano": "2021", "numero": "106", "tipo__sigla": "PLO", "tipo__descricao": "PROJETO DE LEI ORDIN\u00c1RIA", "autoria": "09 - Fl\u00e1vio Nascimento", "texto_original": "http://sapl.olinda.pe.leg.br/media/sapl/public/materialegislativa/2021/3373/pl_106_2021_autor_ver._flavio_nascimento.pdf", "ementa": "Institui o Projeto Educa\u00e7\u00e3o Especial, no \u00e2mbito do Munic\u00edpio de Olinda, e d\u00e1 outras provid\u00eancias;"}, {"id": "3408", "ano": "2021", "numero": "107", "tipo__sigla": "PLO", "tipo__descricao": "PROJETO DE LEI ORDIN\u00c1RIA", "autoria": "07 - JESU\u00cdNO ARA\u00daJO", "texto_original": "http://sapl.olinda.pe.leg.br/media/sapl/public/materialegislativa/2021/3408/pl_107_2021_autor_ver._jesuino_araujo.pdf", "ementa": "Disp\u00f5e sobre assegurar atendimento preferencial nos estabelecimentos de sa\u00fade, agendamento de consultas/exames, medicamentos, g\u00eaneros aliment\u00edcios, \u00e0s m\u00e3es ou respons\u00e1veis diretos de pessoas com Transtorno do Espectro Autista \u2013 TEA, dentro do Munic\u00edpio de Olinda."}, {"id": "3416", "ano": "2021", "numero": "108", "tipo__sigla": "PLO", "tipo__descricao": "PROJETO DE LEI ORDIN\u00c1RIA", "autoria": "09 - Fl\u00e1vio Nascimento", "texto_original": "http://sapl.olinda.pe.leg.br/media/sapl/public/materialegislativa/2021/3416/pl_109_2021_autor_ver._flavio_nascimento.pdf", "ementa": "Institui o Programa \" Eu Abra\u00e7o esta Causa\", com a finalidade de conscientizar a popula\u00e7\u00e3o acerca do tratamento e dos cuidados a serem  atestados \u00e0s pessoas com defici\u00eancia no Munic\u00edpio de Olinda;"}, {"id": "3415", "ano": "2021", "numero": "109", "tipo__sigla": "PLO", "tipo__descricao": "PROJETO DE LEI ORDIN\u00c1RIA", "autoria": "09 - Fl\u00e1vio Nascimento", "texto_original": "http://sapl.olinda.pe.leg.br/media/sapl/public/materialegislativa/2021/3415/pl_109_2021_autor_ver._flavio_nascimento.pdf", "ementa": "Institui a Semana da Aten\u00e7\u00e3o \u00e0 Sa\u00fade dos professores da Rede P\u00fablica do Munic\u00edpio de Olinda;"}, {"id": "3462", "ano": "2021", "numero": "110", "tipo__sigla": "PLO", "tipo__descricao": "PROJETO DE LEI ORDIN\u00c1RIA", "autoria": "LUP\u00c9RCIO CARLOS DO NASCIMENTO", "texto_original": "http://sapl.olinda.pe.leg.br/media/sapl/public/materialegislativa/2021/3462/pl_110_2021_pldo_autor_poder_executivo.pdf", "ementa": "Estabelece as Diretrizes Or\u00e7ament\u00e1rias para o Exerc\u00edcio de 2022 e d\u00e1 outras provid\u00eancias;"}, {"id": "3463", "ano": "2021", "numero": "111", "tipo__sigla": "PLO", "tipo__descricao": "PROJETO DE LEI ORDIN\u00c1RIA", "autoria": "09 - Fl\u00e1vio Nascimento", "texto_original": "http://sapl.olinda.pe.leg.br/media/sapl/public/materialegislativa/2021/3463/pl_111_2021_autor_ver._flavio_nascimento.pdf", "ementa": "Institui no Munic\u00edpio de Olinda o \"Programa Bairro Empreendedor\";"}, {"id": "3464", "ano": "2021", "numero": "112", "tipo__sigla": "PLO", "tipo__descricao": "PROJETO DE LEI ORDIN\u00c1RIA", "autoria": "09 - Fl\u00e1vio Nascimento", "texto_original": "http://sapl.olinda.pe.leg.br/media/sapl/public/materialegislativa/2021/3464/pl_112_2021_autor_ver._flavio_nascimento.pdf", "ementa": "Institui sobre a implementa\u00e7\u00e3o do \"Programa Educacional para a pr\u00e1tica de Educa\u00e7\u00e3o F\u00edsica Adaptada para Estudantes com Defici\u00eancia na Rede Municipal de Ensino de Olinda\";"}, {"id": "3472", "ano": "2021", "numero": "113", "tipo__sigla": "PLO", "tipo__descricao": "PROJETO DE LEI ORDIN\u00c1RIA", "autoria": "17 - Vinicius Castello", "texto_original": "http://sapl.olinda.pe.leg.br/media/sapl/public/materialegislativa/2021/3472/pl_113_2021_autor_ver._vinicius_castello.pdf", "ementa": "Institui no Munic\u00edpio de Olinda o Dia do Capoeirista e d\u00e1 outras Provid\u00eancias:"}, {"id": "3473", "ano": "2021", "numero": "114", "tipo__sigla": "PLO", "tipo__descricao": "PROJETO DE LEI ORDIN\u00c1RIA", "autoria": "17 - Vinicius Castello", "texto_original": "http://sapl.olinda.pe.leg.br/media/sapl/public/materialegislativa/2021/3473/pl_114_2021_autor_ver._vinicius_castello.pdf", "ementa": "Institui a Semana Municipal de Preven\u00e7\u00e3o e Diagn\u00f3stico do c\u00e2ncer infantil a ser realizada entre os dia 23 de novembro."}, {"id": "3498", "ano": "2021", "numero": "115", "tipo__sigla": "PLO", "tipo__descricao": "PROJETO DE LEI ORDIN\u00c1RIA", "autoria": "09 - Fl\u00e1vio Nascimento", "texto_original": "http://sapl.olinda.pe.leg.br/media/sapl/public/materialegislativa/2021/3498/pl_115_2021_autor_ver._flavio_nascimento.pdf", "ementa": "Institui a celebra\u00e7\u00e3o de conv\u00eanio com clinicas m\u00e9dicas, visando a implanta\u00e7\u00e3o do \"Programa Meia-Consulta\", junto aos pacientes hipossuficientes no \u00e2mbito do Munic\u00edpio de Olinda;"}, {"id": "3499", "ano": "2021", "numero": "116", "tipo__sigla": "PLO", "tipo__descricao": "PROJETO DE LEI ORDIN\u00c1RIA", "autoria": "09 - Fl\u00e1vio Nascimento", "texto_original": "http://sapl.olinda.pe.leg.br/media/sapl/public/materialegislativa/2021/3499/pl_116_2021_autor_ver._flavio_nascimento.pdf", "ementa": "Institui o \"Programa Sorriso Saud\u00e1vel na 3\u00aa idade\" para pessoas idosas residentes em cl\u00ednicas e resid\u00eancias geri\u00e1tricas, institui\u00e7\u00f5es de lona perman\u00eancia, casas-lares ou similares, no Munic\u00edpio de Olinda;"}, {"id": "3500", "ano": "2021", "numero": "117", "tipo__sigla": "PLO", "tipo__descricao": "PROJETO DE LEI ORDIN\u00c1RIA", "autoria": "09 - Fl\u00e1vio Nascimento", "texto_original": "http://sapl.olinda.pe.leg.br/media/sapl/public/materialegislativa/2021/3500/pl_117_2021_autor_ver._flavio_nascimento.pdf", "ementa": "Institui a cria\u00e7\u00e3o do Programa Municipal de Preven\u00e7\u00e3o ao Acidente Vascular Cerebral AVC, no Munic\u00edpio de Olinda;"}, {"id": "3501", "ano": "2021", "numero": "118", "tipo__sigla": "PLO", "tipo__descricao": "PROJETO DE LEI ORDIN\u00c1RIA", "autoria": "09 - Fl\u00e1vio Nascimento", "texto_original": "http://sapl.olinda.pe.leg.br/media/sapl/public/materialegislativa/2021/3501/pl_118_2021_autor_ver._flavio_nascimento.pdf", "ementa": "Institui a Biblioteca Digital Municipal no Munic\u00edpio de Olinda;"}, {"id": "3502", "ano": "2021", "numero": "119", "tipo__sigla": "PLO", "tipo__descricao": "PROJETO DE LEI ORDIN\u00c1RIA", "autoria": "07 - JESU\u00cdNO ARA\u00daJO", "texto_original": "http://sapl.olinda.pe.leg.br/media/sapl/public/materialegislativa/2021/3502/pl_119_2021_autor_ver._jesuino_araujo.pdf", "ementa": "Institui o \"Dia do Bombeiro Civil \" no Munic\u00edpio de Olinda e d\u00e1 outras provid\u00eancias;"}, {"id": "3503", "ano": "2021", "numero": "120", "tipo__sigla": "PLO", "tipo__descricao": "PROJETO DE LEI ORDIN\u00c1RIA", "autoria": "17 - Vinicius Castello", "texto_original": "http://sapl.olinda.pe.leg.br/media/sapl/public/materialegislativa/2021/3503/pl_120_2021_autor_ver._vinicius_castello.pdf", "ementa": "Institui a obrigatoriedade de vacina\u00e7\u00e3o contra a COVID-19, a todos os servidores e agentes p\u00fablicos e privados da C\u00e2mara Municipal de Olinda;"}, {"id": "3515", "ano": "2021", "numero": "121", "tipo__sigla": "PLO", "tipo__descricao": "PROJETO DE LEI ORDIN\u00c1RIA", "autoria": "01 - Tost\u00e3o de Olinda", "texto_original": "http://sapl.olinda.pe.leg.br/media/sapl/public/materialegislativa/2021/3515/pl_121_2021_autor_ver._tostao_de_olinda.pdf", "ementa": "Disp\u00f5e sobre a obrigatoriedade de apresenta\u00e7\u00e3o do comprovante de vacina\u00e7\u00e3o contra a COVID-19 nos locais que prestam servi\u00e7os \u00e0 coletividade e para a obten\u00e7\u00e3o de servi\u00e7os, no Munic\u00edpio de Olinda;"}, {"id": "3519", "ano": "2021", "numero": "122", "tipo__sigla": "PLO", "tipo__descricao": "PROJETO DE LEI ORDIN\u00c1RIA", "autoria": "02 - DENISE ALMEIDA", "texto_original": "http://sapl.olinda.pe.leg.br/media/sapl/public/materialegislativa/2021/3519/pl_122_2021_autora_vera._denise_almeida.pdf", "ementa": "Declara de Utilidade P\u00fablica a \"Associa\u00e7\u00e3o Casa de Meu Pai\";"}, {"id": "3541", "ano": "2021", "numero": "123", "tipo__sigla": "PLO", "tipo__descricao": "PROJETO DE LEI ORDIN\u00c1RIA", "autoria": "09 - Fl\u00e1vio Nascimento", "texto_original": "http://sapl.olinda.pe.leg.br/media/sapl/public/materialegislativa/2021/3541/pl_123_2021_autor_ver._flavio_nascimento.pdf", "ementa": "Institui o m\u00eas SETEMBRO VERDE, para dar visibilidade a inclus\u00e3o social da pessoa com defici\u00eancia no Munic\u00edpio de Olinda,"}, {"id": "3542", "ano": "2021", "numero": "124", "tipo__sigla": "PLO", "tipo__descricao": "PROJETO DE LEI ORDIN\u00c1RIA", "autoria": "09 - Fl\u00e1vio Nascimento", "texto_original": "http://sapl.olinda.pe.leg.br/media/sapl/public/materialegislativa/2021/3542/pl_124_2021_autor_ver._flavio_nascimento.pdf", "ementa": "Institui o Projeto Volunt\u00e1rio Amigo do Meio Ambiente, com o objetivo de Revitalizar as pra\u00e7as, canteiros do Munic\u00edpio de Olinda;"}, {"id": "3543", "ano": "2021", "numero": "125", "tipo__sigla": "PLO", "tipo__descricao": "PROJETO DE LEI ORDIN\u00c1RIA", "autoria": "09 - Fl\u00e1vio Nascimento", "texto_original": "http://sapl.olinda.pe.leg.br/media/sapl/public/materialegislativa/2021/3543/pl_125_2021_autor_ver._flavio_nascimento.pdf", "ementa": "Institui o Programa\" Adote um Biciclet\u00e1rio\" no Munic\u00edpio de Olinda;"}, {"id": "3547", "ano": "2021", "numero": "126", "tipo__sigla": "PLO", "tipo__descricao": "PROJETO DE LEI ORDIN\u00c1RIA", "autoria": "16 - Tonny Magalh\u00e3es", "texto_original": "http://sapl.olinda.pe.leg.br/media/sapl/public/materialegislativa/2021/3547/pl_126_2021_autor_ver._tonny_magalhaes.pdf", "ementa": "Disp\u00f5e sobre a obriga\u00e7\u00e3o da rela\u00e7\u00e3o dos medicamentos dispon\u00edveis na Rede P\u00fablica Municipal de Sa\u00fade e d\u00e1 outras provid\u00eancias;"}, {"id": "3548", "ano": "2021", "numero": "127", "tipo__sigla": "PLO", "tipo__descricao": "PROJETO DE LEI ORDIN\u00c1RIA", "autoria": "09 - Fl\u00e1vio Nascimento", "texto_original": "http://sapl.olinda.pe.leg.br/media/sapl/public/materialegislativa/2021/3548/pl_127_2021_autor_ver._flavio_nascimento.pdf", "ementa": "Institui a C\u00e2mara Mirim no Munic\u00edpio de Olinda e estabelece normas para seu funcionamento;"}, {"id": "3605", "ano": "2021", "numero": "128", "tipo__sigla": "PLO", "tipo__descricao": "PROJETO DE LEI ORDIN\u00c1RIA", "autoria": "10 - Joj\u00f3 Guerra", "texto_original": "http://sapl.olinda.pe.leg.br/media/sapl/public/materialegislativa/2021/3605/pl_128_2021_autor_ver._jojo_guerra.pdf", "ementa": "Autoriza ao Poder Executivo e Legislativo Municipal a conceder 01 (um) dia de folga remunerada aos servidores p\u00fablicos municipais, na data de seus respectivos anivers\u00e1rios e d\u00e1 outras provid\u00eancias;"}, {"id": "3628", "ano": "2021", "numero": "129", "tipo__sigla": "PLO", "tipo__descricao": "PROJETO DE LEI ORDIN\u00c1RIA", "autoria": "LUP\u00c9RCIO CARLOS DO NASCIMENTO", "texto_original": "http://sapl.olinda.pe.leg.br/media/sapl/public/materialegislativa/2021/3628/pl_129_2021_autor_poder_executivo.pdf", "ementa": "Disp\u00f5e sobre cria\u00e7\u00e3o do Conselho Municipal de Inclus\u00e3o da Pessoa Com Defici\u00eancia de Olinda (CMDO), e d\u00e1 outras provid\u00eancias;"}, {"id": "3637", "ano": "2021", "numero": "130", "tipo__sigla": "PLO", "tipo__descricao": "PROJETO DE LEI ORDIN\u00c1RIA", "autoria": "09 - Fl\u00e1vio Nascimento", "texto_original": "http://sapl.olinda.pe.leg.br/media/sapl/public/materialegislativa/2021/3637/pl_130_2021_autor_ver._flavio_nascimento.pdf", "ementa": "Estabelece o dia 22 de setembro como dia do PARADESPORTO e a Semana do PARADESPORTO no \u00e2mbito do Munic\u00edpio de Olinda;"}, {"id": "3638", "ano": "2021", "numero": "131", "tipo__sigla": "PLO", "tipo__descricao": "PROJETO DE LEI ORDIN\u00c1RIA", "autoria": "09 - Fl\u00e1vio Nascimento", "texto_original": "http://sapl.olinda.pe.leg.br/media/sapl/public/materialegislativa/2021/3638/pl_131_2021_autor_ver._flavio_nascimento.pdf", "ementa": "Institui o Programa Municipal de Sa\u00fade Mental Preventiva para Professores da Rede Municipal de Educa\u00e7\u00e3o no \u00e2mbito do Munic\u00edpio de Olinda;"}, {"id": "3639", "ano": "2021", "numero": "132", "tipo__sigla": "PLO", "tipo__descricao": "PROJETO DE LEI ORDIN\u00c1RIA", "autoria": "09 - Fl\u00e1vio Nascimento", "texto_original": "http://sapl.olinda.pe.leg.br/media/sapl/public/materialegislativa/2021/3639/pl_132_2021_autor_ver._flavio_nascimento.pdf", "ementa": "Institui sobre a implementa\u00e7\u00e3o do Programa Doadores do Futuro no \u00e2mbito do Munic\u00edpio de Olinda;"}, {"id": "3640", "ano": "2021", "numero": "133", "tipo__sigla": "PLO", "tipo__descricao": "PROJETO DE LEI ORDIN\u00c1RIA", "autoria": "09 - Fl\u00e1vio Nascimento", "texto_original": "http://sapl.olinda.pe.leg.br/media/sapl/public/materialegislativa/2021/3640/pl_133_2021_autor_ver._flavio_nascimento.pdf", "ementa": "Institui a cria\u00e7\u00e3o da Ouvidoria da Educa\u00e7\u00e3o no \u00e2mbito do Munic\u00edpio de Olinda;"}, {"id": "3641", "ano": "2021", "numero": "134", "tipo__sigla": "PLO", "tipo__descricao": "PROJETO DE LEI ORDIN\u00c1RIA", "autoria": "09 - Fl\u00e1vio Nascimento", "texto_original": "http://sapl.olinda.pe.leg.br/media/sapl/public/materialegislativa/2021/3641/pl_134_2021_autor_ver._flavio_nascimento.pdf", "ementa": "Institui o \"Programa de Fornecimento de Fraldas Geri\u00e1tricas\" no \u00e2mbito do Munic\u00edpio de Olinda;"}, {"id": "3642", "ano": "2021", "numero": "135", "tipo__sigla": "PLO", "tipo__descricao": "PROJETO DE LEI ORDIN\u00c1RIA", "autoria": "09 - Fl\u00e1vio Nascimento", "texto_original": "http://sapl.olinda.pe.leg.br/media/sapl/public/materialegislativa/2021/3642/pl_135_2021_autor_ver._flavio_nascimento.pdf", "ementa": "Institui a cria\u00e7\u00e3o do \"Mapa do Empreendedor Informal\" no \u00e2mbito do Munic\u00edpio de Olinda;"}, {"id": "3643", "ano": "2021", "numero": "136", "tipo__sigla": "PLO", "tipo__descricao": "PROJETO DE LEI ORDIN\u00c1RIA", "autoria": "09 - Fl\u00e1vio Nascimento", "texto_original": "http://sapl.olinda.pe.leg.br/media/sapl/public/materialegislativa/2021/3643/pl_136_2021_autor_ver._flavio_nascimento.pdf", "ementa": "Institui sobre a avalia\u00e7\u00e3o peri\u00f3dica dos pr\u00e9dios escolares da Rede de Ensino Municipal no \u00e2mbito no Munic\u00edpio de Olinda;"}, {"id": "3644", "ano": "2021", "numero": "137", "tipo__sigla": "PLO", "tipo__descricao": "PROJETO DE LEI ORDIN\u00c1RIA", "autoria": "09 - Fl\u00e1vio Nascimento", "texto_original": "http://sapl.olinda.pe.leg.br/media/sapl/public/materialegislativa/2021/3644/pl_137_2021_autor_ver._flavio_nascimento.pdf", "ementa": "Institui sobre a obrigatoriedade das farm\u00e1cias e drogarias no \u00e2mbito do Munic\u00edpio de Olinda, que comercializam medicamentos distribu\u00eddos gratuitamente pelo Sistema \u00danico de Sa\u00fade - SUS afixem cartazes informando sua gratuidade;"}, {"id": "3651", "ano": "2021", "numero": "138", "tipo__sigla": "PLO", "tipo__descricao": "PROJETO DE LEI ORDIN\u00c1RIA", "autoria": "17 - Vinicius Castello", "texto_original": "http://sapl.olinda.pe.leg.br/media/sapl/public/materialegislativa/2021/3651/pl_138_2021_autor_ver._vinicius_castello.pdf", "ementa": "Disp\u00f5e sobre a cria\u00e7\u00e3o da Campanha Permanente de Combate a Viol\u00eancia e ao Ass\u00e9dio Sexual no Munic\u00edpio de Olinda."}, {"id": "3687", "ano": "2021", "numero": "139", "tipo__sigla": "PLO", "tipo__descricao": "PROJETO DE LEI ORDIN\u00c1RIA", "autoria": "10 - Joj\u00f3 Guerra", "texto_original": "http://sapl.olinda.pe.leg.br/media/sapl/public/materialegislativa/2021/3687/pl_139-2021_autor_ver._jojo_guerra.pdf", "ementa": "Disp\u00f5e sobre a cassa\u00e7\u00e3o do alvar\u00e1 de funcionamento de empresas e postos estabelecidos no Munic\u00edpio que revenderem combust\u00edveis adulterados e d\u00e1 outras provid\u00eancias;"}, {"id": "3688", "ano": "2021", "numero": "140", "tipo__sigla": "PLO", "tipo__descricao": "PROJETO DE LEI ORDIN\u00c1RIA", "autoria": "02 - DENISE ALMEIDA", "texto_original": "http://sapl.olinda.pe.leg.br/media/sapl/public/materialegislativa/2021/3688/pl_140-2021_autoria_ver._denise_almeida.pdf", "ementa": "Disp\u00f5e sobre a obrigatoriedade da cria\u00e7\u00e3o e a manuten\u00e7\u00e3o de ficha de identifica\u00e7\u00e3o de crian\u00e7as e adolescentes que se hospedem em hotel ou estabelecimento cong\u00eanere e d\u00e1 outras provid\u00eancias.;"}, {"id": "3689", "ano": "2021", "numero": "141", "tipo__sigla": "PLO", "tipo__descricao": "PROJETO DE LEI ORDIN\u00c1RIA", "autoria": "02 - DENISE ALMEIDA", "texto_original": "http://sapl.olinda.pe.leg.br/media/sapl/public/materialegislativa/2021/3689/pl_141-2021_autoria_ver._denise_almeida.pdf", "ementa": "Regulamenta o exerc\u00edcio do cargo de Gestor de Sa\u00fade Bucal, estabelece atribui\u00e7\u00f5es e d\u00e1 outras provid\u00eancias;"}, {"id": "3690", "ano": "2021", "numero": "142", "tipo__sigla": "PLO", "tipo__descricao": "PROJETO DE LEI ORDIN\u00c1RIA", "autoria": "02 - DENISE ALMEIDA", "texto_original": "http://sapl.olinda.pe.leg.br/media/sapl/public/materialegislativa/2021/3690/pl_142-2021_autoria_ver._denise_almeida.pdf", "ementa": "Disp\u00f5e sobre a execu\u00e7\u00e3o de limpeza em terrenos vagos pelos seus propriet\u00e1rios e d\u00e1 outras provid\u00eancias."}, {"id": "3686", "ano": "2021", "numero": "143", "tipo__sigla": "PLO", "tipo__descricao": "PROJETO DE LEI ORDIN\u00c1RIA", "autoria": "16 - Tonny Magalh\u00e3es", "texto_original": "http://sapl.olinda.pe.leg.br/media/sapl/public/materialegislativa/2021/3686/pl_143-2021_autoria_ver._tonny_magalhaes.pdf", "ementa": "Institui no \u00e2mbito do Munic\u00edpio de Olinda, o Programa Doadores do Futuro:"}, {"id": "3703", "ano": "2021", "numero": "144", "tipo__sigla": "PLO", "tipo__descricao": "PROJETO DE LEI ORDIN\u00c1RIA", "autoria": "07 - JESU\u00cdNO ARA\u00daJO", "texto_original": "http://sapl.olinda.pe.leg.br/media/sapl/public/materialegislativa/2021/3703/pl_144_2021_autor_ver._jesuino__araujo.pdf", "ementa": "Fica criado o Grupamento Ambiental da Cidade de Olinda - GACO;"}, {"id": "3704", "ano": "2021", "numero": "145", "tipo__sigla": "PLO", "tipo__descricao": "PROJETO DE LEI ORDIN\u00c1RIA", "autoria": "07 - JESU\u00cdNO ARA\u00daJO", "texto_original": "http://sapl.olinda.pe.leg.br/media/sapl/public/materialegislativa/2021/3704/pl_145_2021_autor_ver._jesuino__araujo.pdf", "ementa": "Disp\u00f5e sobre a cria\u00e7\u00e3o do Conselho Municipal de Prote\u00e7\u00e3o dos Animais - CMPA, no \u00e2mbito do Munic\u00edpio de Olinda e d\u00e1 outras provid\u00eancias;"}, {"id": "3705", "ano": "2021", "numero": "146", "tipo__sigla": "PLO", "tipo__descricao": "PROJETO DE LEI ORDIN\u00c1RIA", "autoria": "07 - JESU\u00cdNO ARA\u00daJO", "texto_original": "http://sapl.olinda.pe.leg.br/media/sapl/public/materialegislativa/2021/3705/pl_146_2021_autor_ver._jesuino__araujo.pdf", "ementa": "Disp\u00f5e sobre a obrigatoriedade de prestar socorro aso animais atropelados no Munic\u00edpio de Olinda:"}, {"id": "3714", "ano": "2021", "numero": "147", "tipo__sigla": "PLO", "tipo__descricao": "PROJETO DE LEI ORDIN\u00c1RIA", "autoria": "09 - Fl\u00e1vio Nascimento", "texto_original": "http://sapl.olinda.pe.leg.br/media/sapl/public/materialegislativa/2021/3714/pl_147_2021_autor_ver._flavio_nascimento.pdf", "ementa": "Institui  o \" Programa Coruj\u00e3o da Sa\u00fade\", no \u00e2mbito do Munic\u00edpio de Olinda:"}, {"id": "3715", "ano": "2021", "numero": "148", "tipo__sigla": "PLO", "tipo__descricao": "PROJETO DE LEI ORDIN\u00c1RIA", "autoria": "09 - Fl\u00e1vio Nascimento", "texto_original": "http://sapl.olinda.pe.leg.br/media/sapl/public/materialegislativa/2021/3715/pl_148_2021_autor_ver._flavio_nascimento.pdf", "ementa": "Implanta o \"Programa de Atendimento Psicol\u00f3gico \u00e0s v\u00edtimas de aliena\u00e7\u00e3o parental\" no Munic\u00edpio de Olinda;"}, {"id": "3723", "ano": "2021", "numero": "149", "tipo__sigla": "PLO", "tipo__descricao": "PROJETO DE LEI ORDIN\u00c1RIA", "autoria": "17 - Vinicius Castello", "texto_original": "http://sapl.olinda.pe.leg.br/media/sapl/public/materialegislativa/2021/3723/pl_149_2021_autor_ver._vinicius_castello.pdf", "ementa": "Disp\u00f5e sobre a proibi\u00e7\u00e3o de homenagens a escravocratas e ao golpe militar que sofreu o Brasil em 1964 e ao per\u00edodo de ditadura subsequente ao golpe no \u00e2mbito da administra\u00e7\u00e3o direta e indireta no Munic\u00edpio de Olinda;"}, {"id": "3724", "ano": "2021", "numero": "150", "tipo__sigla": "PLO", "tipo__descricao": "PROJETO DE LEI ORDIN\u00c1RIA", "autoria": "17 - Vinicius Castello", "texto_original": "http://sapl.olinda.pe.leg.br/media/sapl/public/materialegislativa/2021/3724/pl_150_2021_autor_ver._vinicius_castello.pdf", "ementa": "Institui as Comunidades de Interesses Culturais - CIC;"}, {"id": "3750", "ano": "2021", "numero": "151", "tipo__sigla": "PLO", "tipo__descricao": "PROJETO DE LEI ORDIN\u00c1RIA", "autoria": "14 - RICARDO SOUSA", "texto_original": "http://sapl.olinda.pe.leg.br/media/sapl/public/materialegislativa/2021/3750/pl_151_2021_autor_ver._ricardo_sousa.pdf", "ementa": "Obrigatoriedade  de prestar socorro de animais que venham a ser atropelados no \u00e2mbito do Munic\u00edpio de Olinda-PE;"}, {"id": "3751", "ano": "2021", "numero": "152", "tipo__sigla": "PLO", "tipo__descricao": "PROJETO DE LEI ORDIN\u00c1RIA", "autoria": "07 - JESU\u00cdNO ARA\u00daJO", "texto_original": "http://sapl.olinda.pe.leg.br/media/sapl/public/materialegislativa/2021/3751/pl_152_2021_autor_ver._jesuino_araujo.pdf", "ementa": "Institui o Programa de Aten\u00e7\u00e3o, Cuidado e Tratamento da Fibromialgia - PACTF no Munic\u00edpio de Olinda;"}, {"id": "3752", "ano": "2021", "numero": "153", "tipo__sigla": "PLO", "tipo__descricao": "PROJETO DE LEI ORDIN\u00c1RIA", "autoria": "07 - JESU\u00cdNO ARA\u00daJO", "texto_original": "http://sapl.olinda.pe.leg.br/media/sapl/public/materialegislativa/2021/3752/pl_153_2021_autor_ver._jesuino_araujo.pdf", "ementa": "Autoriza e regulamenta a organiza\u00e7\u00e3o e funcionamento das a\u00e7\u00f5es e servi\u00e7os p\u00fablicos de sa\u00fade, do servi\u00e7o de terapia e dos procedimentos m\u00e9dicos e odontol\u00f3gicos e cria o Programa de Servi\u00e7os de Terapias Complementares nas Unidades de Sa\u00fade e nos Hospitais P\u00fablicos e Conveniados referenciados no Munic\u00edpio de Olinda e d\u00e1 outras provid\u00eancias;"}, {"id": "3774", "ano": "2021", "numero": "154", "tipo__sigla": "PLO", "tipo__descricao": "PROJETO DE LEI ORDIN\u00c1RIA", "autoria": "09 - Fl\u00e1vio Nascimento", "texto_original": "http://sapl.olinda.pe.leg.br/media/sapl/public/materialegislativa/2021/3774/pl_154_2021_autor_ver._flavio_nascimento.pdf", "ementa": "Institui no munic\u00edpio de Olinda o Projeto \"CA\u00c7AMBA COMUNIT\u00c1RIA\""}, {"id": "3773", "ano": "2021", "numero": "155", "tipo__sigla": "PLO", "tipo__descricao": "PROJETO DE LEI ORDIN\u00c1RIA", "autoria": "09 - Fl\u00e1vio Nascimento", "texto_original": "http://sapl.olinda.pe.leg.br/media/sapl/public/materialegislativa/2021/3773/pl_155_2021_autor_ver._flavio_nascimento.pdf", "ementa": "Instituir o Banco Municipal de Arma\u00e7\u00e3o de \u00d3culos no \u00e2mbito do munic\u00edpio de Olinda, com a finalidade de arrecadar doa\u00e7\u00f5es de arma\u00e7\u00f5es de \u00f3culos de grau e destinar \u00e0s fam\u00edlias de baixa renda, cadastradas no Cadastro \u00danico (Cad\u00danico)."}, {"id": "3775", "ano": "2021", "numero": "156", "tipo__sigla": "PLO", "tipo__descricao": "PROJETO DE LEI ORDIN\u00c1RIA", "autoria": "09 - Fl\u00e1vio Nascimento", "texto_original": "http://sapl.olinda.pe.leg.br/media/sapl/public/materialegislativa/2021/3775/pl_156_2021_autor_ver._flavio_nascimento.pdf", "ementa": "Institui o Calend\u00e1rio Oficial de Eventos do Munic\u00edpio de Olinda a \"Semana Municipal de Incentivo \u00e0 Doa\u00e7\u00e3o de Cabelos para Pessoas em Tratamento de C\u00e2ncer\""}, {"id": "3776", "ano": "2021", "numero": "157", "tipo__sigla": "PLO", "tipo__descricao": "PROJETO DE LEI ORDIN\u00c1RIA", "autoria": "09 - Fl\u00e1vio Nascimento", "texto_original": "http://sapl.olinda.pe.leg.br/media/sapl/public/materialegislativa/2021/3776/pl_157_2021_autor_ver._flavio_nascimento.pdf", "ementa": "Institui a cria\u00e7\u00e3o do Projeto \"Academia da Cidade Virtual\" no \u00e2mbito do munic\u00edpio de Olinda."}, {"id": "3800", "ano": "2021", "numero": "158", "tipo__sigla": "PLO", "tipo__descricao": "PROJETO DE LEI ORDIN\u00c1RIA", "autoria": "LUP\u00c9RCIO CARLOS DO NASCIMENTO", "texto_original": "http://sapl.olinda.pe.leg.br/media/sapl/public/materialegislativa/2021/3800/pl_158_2021_p_ppa_22-25.pdf", "ementa": "Institui o Plano Plurianual do Munic\u00edpio de Olinda, para o quadri\u00eanio 2022/2025."}, {"id": "3801", "ano": "2021", "numero": "159", "tipo__sigla": "PLO", "tipo__descricao": "PROJETO DE LEI ORDIN\u00c1RIA", "autoria": "LUP\u00c9RCIO CARLOS DO NASCIMENTO", "texto_original": "http://sapl.olinda.pe.leg.br/media/sapl/public/materialegislativa/2021/3801/pl_159_2021_ploa_22.pdf", "ementa": "Estima a RECEITA e fixa a DESPESA do Munic\u00edpio de Olinda para o Exerc\u00edcio financeiro de 2022."}, {"id": "3809", "ano": "2021", "numero": "160", "tipo__sigla": "PLO", "tipo__descricao": "PROJETO DE LEI ORDIN\u00c1RIA", "autoria": "09 - Fl\u00e1vio Nascimento", "texto_original": "http://sapl.olinda.pe.leg.br/media/sapl/public/materialegislativa/2021/3809/pl_160_2021_autor_flavio_nascimento.pdf", "ementa": "Institui sobre a cria\u00e7\u00e3o do Programa de Est\u00edmulo \u00e0 Cidadania Fiscal no \u00e2mbito do Munic\u00edpio de Olinda."}, {"id": "3810", "ano": "2021", "numero": "161", "tipo__sigla": "PLO", "tipo__descricao": "PROJETO DE LEI ORDIN\u00c1RIA", "autoria": "09 - Fl\u00e1vio Nascimento", "texto_original": "http://sapl.olinda.pe.leg.br/media/sapl/public/materialegislativa/2021/3810/pl_161_2021_autor_flavio_nascimento.pdf", "ementa": "Institui o Programa Cores na Escola na Rede P\u00fablica Municipal de Ensino de Olinda."}, {"id": "3811", "ano": "2021", "numero": "162", "tipo__sigla": "PLO", "tipo__descricao": "PROJETO DE LEI ORDIN\u00c1RIA", "autoria": "09 - Fl\u00e1vio Nascimento", "texto_original": "http://sapl.olinda.pe.leg.br/media/sapl/public/materialegislativa/2021/3811/pl_162_2021_autor_flavio_nascimento.pdf", "ementa": "Institui o \"Programa de Combate \u00e0 Polui\u00e7\u00e3o nas Praias no \u00e2mbito do Munic\u00edpio de Olinda;"}, {"id": "3812", "ano": "2021", "numero": "163", "tipo__sigla": "PLO", "tipo__descricao": "PROJETO DE LEI ORDIN\u00c1RIA", "autoria": "09 - Fl\u00e1vio Nascimento", "texto_original": "http://sapl.olinda.pe.leg.br/media/sapl/public/materialegislativa/2021/3812/pl_163_2021_autor_flavio_nascimento.pdf", "ementa": "Inclui no calend\u00e1rio oficial de eventos do Munic\u00edpio de Olinda, o evento \"Um dia sem lixo\"."}, {"id": "3813", "ano": "2021", "numero": "164", "tipo__sigla": "PLO", "tipo__descricao": "PROJETO DE LEI ORDIN\u00c1RIA", "autoria": "09 - Fl\u00e1vio Nascimento", "texto_original": "http://sapl.olinda.pe.leg.br/media/sapl/public/materialegislativa/2021/3813/pl_164_2021_autor_flavio_nascimento.pdf", "ementa": "Institui o m\u00eas Janeiro Branco, dedicado a realiza\u00e7\u00e3o de a\u00e7\u00f5es educativas para a difus\u00e3o da sa\u00fade mental no \u00e2mbito do Munic\u00edpio de Olinda."}, {"id": "3814", "ano": "2021", "numero": "165", "tipo__sigla": "PLO", "tipo__descricao": "PROJETO DE LEI ORDIN\u00c1RIA", "autoria": "09 - Fl\u00e1vio Nascimento", "texto_original": "http://sapl.olinda.pe.leg.br/media/sapl/public/materialegislativa/2021/3814/pl_165_2021_autor_flavio_nascimento.pdf", "ementa": "Institui a Campanha Permanente de Orienta\u00e7\u00e3o e Conscientiza\u00e7\u00e3o sobre o Envelhecimento Ativo e Saud\u00e1vel, no \u00e2mbito do Munic\u00edpio de Olinda."}, {"id": "3815", "ano": "2021", "numero": "166", "tipo__sigla": "PLO", "tipo__descricao": "PROJETO DE LEI ORDIN\u00c1RIA", "autoria": "09 - Fl\u00e1vio Nascimento", "texto_original": "http://sapl.olinda.pe.leg.br/media/sapl/public/materialegislativa/2021/3815/pl_166_2021_autor_flavio_nascimento.pdf", "ementa": "Institui a campanha municipal de orienta\u00e7\u00e3o aos idosos contra fraudes e golpes no \u00e2mbito do com\u00e9rcio e da internet, no Munic\u00edpio de Olinda."}, {"id": "3825", "ano": "2021", "numero": "167", "tipo__sigla": "PLO", "tipo__descricao": "PROJETO DE LEI ORDIN\u00c1RIA", "autoria": "03 - FELIPE NASCIMENTO", "texto_original": "http://sapl.olinda.pe.leg.br/media/", "ementa": "Institui o \"Programa adote um totem pet (suporte para recipientes de bolsas biodegrad\u00e1veis para recolhimento de fezes de animais dom\u00e9sticos)\" no Munic\u00edpio de Olinda e d\u00e1 outras provid\u00eancias."}, {"id": "3827", "ano": "2021", "numero": "168", "tipo__sigla": "PLO", "tipo__descricao": "PROJETO DE LEI ORDIN\u00c1RIA", "autoria": "03 - FELIPE NASCIMENTO", "texto_original": "http://sapl.olinda.pe.leg.br/media/", "ementa": "Institui o \"Dia Municipal de A\u00e7\u00e3o de Gra\u00e7as\" no Munic\u00edpio de Olinda e d\u00e1 outras provid\u00eancias."}, {"id": "3839", "ano": "2021", "numero": "169", "tipo__sigla": "PLO", "tipo__descricao": "PROJETO DE LEI ORDIN\u00c1RIA", "autoria": "09 - Fl\u00e1vio Nascimento", "texto_original": "http://sapl.olinda.pe.leg.br/media/sapl/public/materialegislativa/2021/3839/pl_169_2021_autor_flavio_nascimento.pdf", "ementa": "Institui sobre a habita\u00e7\u00e3o e o tr\u00e2nsito de animais dom\u00e9sticos em condom\u00ednio no \u00e2mbito do Munic\u00edpio de Olinda-PE."}, {"id": "3840", "ano": "2021", "numero": "170", "tipo__sigla": "PLO", "tipo__descricao": "PROJETO DE LEI ORDIN\u00c1RIA", "autoria": "09 - Fl\u00e1vio Nascimento", "texto_original": "http://sapl.olinda.pe.leg.br/media/sapl/public/materialegislativa/2021/3840/pl_170_2021_autor_flavio_nascimento.pdf", "ementa": "Pro\u00edbe o uso de capacete ou equipamento similar que dificulte a identifica\u00e7\u00e3o, em estabelecimentos comerciais, \u00f3rg\u00e3os p\u00fablicos e em estabelecimentos de  cr\u00e9dito, no \u00e2mbito do Munic\u00edpio de Olinda."}, {"id": "3841", "ano": "2021", "numero": "171", "tipo__sigla": "PLO", "tipo__descricao": "PROJETO DE LEI ORDIN\u00c1RIA", "autoria": "09 - Fl\u00e1vio Nascimento", "texto_original": "http://sapl.olinda.pe.leg.br/media/sapl/public/materialegislativa/2021/3841/pl_171_2021_autor_flavio_nascimento.pdf", "ementa": "Institui a Semana Municipal do L\u00edder Comunit\u00e1rio no \u00e2mbito do Munic\u00edpio de Olinda."}, {"id": "3842", "ano": "2021", "numero": "172", "tipo__sigla": "PLO", "tipo__descricao": "PROJETO DE LEI ORDIN\u00c1RIA", "autoria": "09 - Fl\u00e1vio Nascimento", "texto_original": "http://sapl.olinda.pe.leg.br/media/sapl/public/materialegislativa/2021/3842/pl_172_2021_autor_flavio_nascimento.pdf", "ementa": "Institui no Calend\u00e1rio de Comemora\u00e7\u00f5es Oficiais do Munic\u00edpio de Olinda a Semana da Conscientiza\u00e7\u00e3o sobre a Dislexia."}, {"id": "3848", "ano": "2021", "numero": "173", "tipo__sigla": "PLO", "tipo__descricao": "PROJETO DE LEI ORDIN\u00c1RIA", "autoria": "09 - Fl\u00e1vio Nascimento", "texto_original": "http://sapl.olinda.pe.leg.br/media/", "ementa": "Institui a Semana Municipal de Valoriza\u00e7\u00e3o dos Profissionais da Educa\u00e7\u00e3o no \u00e2mbito do Munic\u00edpio de Olinda."}, {"id": "3838", "ano": "2021", "numero": "174", "tipo__sigla": "PLO", "tipo__descricao": "PROJETO DE LEI ORDIN\u00c1RIA", "autoria": "LUP\u00c9RCIO CARLOS DO NASCIMENTO", "texto_original": "http://sapl.olinda.pe.leg.br/media/sapl/public/materialegislativa/2021/3838/pl_174_2021_autor_poder_executivo.pdf", "ementa": "\"Autoriza o Poder Executivo a contratar opera\u00e7\u00e3o de cr\u00e9dito com a CAIXA ECON\u00d4MICA FEDERAL, e d\u00e1 outras provid\u00eancias.\""}, {"id": "3883", "ano": "2021", "numero": "175", "tipo__sigla": "PLO", "tipo__descricao": "PROJETO DE LEI ORDIN\u00c1RIA", "autoria": "10 - Joj\u00f3 Guerra", "texto_original": "http://sapl.olinda.pe.leg.br/media/sapl/public/materialegislativa/2021/3883/pl_175_2021_autor_ver._jojo_guerra.pdf", "ementa": "Disp\u00f5e sobre a garantia e o repeito \u00e0 dignidade e \u00e0 integridade sexual de crian\u00e7as e adolescentes no \u00e2mbito do Munic\u00edpio de Olinda e d\u00e1 outras provid\u00eancias"}, {"id": "3884", "ano": "2021", "numero": "176", "tipo__sigla": "PLO", "tipo__descricao": "PROJETO DE LEI ORDIN\u00c1RIA", "autoria": "10 - Joj\u00f3 Guerra", "texto_original": "http://sapl.olinda.pe.leg.br/media/sapl/public/materialegislativa/2021/3884/pl_176_2021_autor_ver._jojo_guerra.pdf", "ementa": "Disp\u00f5e sobre a livre parada e estacionamento para embarque e desembarque de transporte escolares em dias e hor\u00e1rios letivos, em vias no local da presta\u00e7\u00e3o de servi\u00e7o."}, {"id": "3885", "ano": "2021", "numero": "177", "tipo__sigla": "PLO", "tipo__descricao": "PROJETO DE LEI ORDIN\u00c1RIA", "autoria": "10 - Joj\u00f3 Guerra", "texto_original": "http://sapl.olinda.pe.leg.br/media/sapl/public/materialegislativa/2021/3885/pl_177_2021_autor_ver._jojo_guerra.pdf", "ementa": "Institui o \"Programa de Preven\u00e7\u00e3o ao Suic\u00eddio e do Direito ao Acesso a Sa\u00fade Mental\" no \u00e2mbito do Munic\u00edpio de Olinda e d\u00e1 outras provid\u00eancias."}, {"id": "3934", "ano": "2021", "numero": "178", "tipo__sigla": "PLO", "tipo__descricao": "PROJETO DE LEI ORDIN\u00c1RIA", "autoria": "17 - Vinicius Castello", "texto_original": "http://sapl.olinda.pe.leg.br/media/sapl/public/materialegislativa/2021/3934/pl_178_2021_autor_ver._vinicius_castello.pdf", "ementa": "Institui no Calend\u00e1rio Oficial da Cidade de Olinda o \"Dia da Favela\" a ser comemorado todo dia 04 de novembro de cada ano."}, {"id": "3945", "ano": "2021", "numero": "179", "tipo__sigla": "PLO", "tipo__descricao": "PROJETO DE LEI ORDIN\u00c1RIA", "autoria": "LUP\u00c9RCIO CARLOS DO NASCIMENTO", "texto_original": "http://sapl.olinda.pe.leg.br/media/sapl/public/materialegislativa/2021/3945/pl_179_2021_autor_poder_executivo.pdf", "ementa": "Cria e organiza o Instituto de Previd\u00eancia Social dos Servidores P\u00fablicos do Munic\u00edpio de Olinda (OLINPREV) e d\u00e1 outras provid\u00eancias."}, {"id": "3946", "ano": "2021", "numero": "180", "tipo__sigla": "PLO", "tipo__descricao": "PROJETO DE LEI ORDIN\u00c1RIA", "autoria": "LUP\u00c9RCIO CARLOS DO NASCIMENTO", "texto_original": "http://sapl.olinda.pe.leg.br/media/sapl/public/materialegislativa/2021/3946/pl_180_2021_autor_poder_executivo.pdf", "ementa": "Institui o Regime de Previd\u00eancia Complementar (RPC-OLINDA) no \u00e2mbito do Munic\u00edpio de Olinda, fixa o limite m\u00e1ximo dos benef\u00edcios previdenci\u00e1rios para o valor das aposentadorias e das pens\u00f5es concedidas pelo Regime Pr\u00f3prio de Previd\u00eancia dos Servidores da Prefeitura de Olinda do (RPPS-OLINDA) e d\u00e1 outras provid\u00eancias."}, {"id": "3970", "ano": "2021", "numero": "181", "tipo__sigla": "PLO", "tipo__descricao": "PROJETO DE LEI ORDIN\u00c1RIA", "autoria": "Mesa Diretora", "texto_original": "http://sapl.olinda.pe.leg.br/media/", "ementa": "Altera a Lei Municipal n\u00ba 6070/2019."}, {"id": "3971", "ano": "2021", "numero": "182", "tipo__sigla": "PLO", "tipo__descricao": "PROJETO DE LEI ORDIN\u00c1RIA", "autoria": "16 - BIAI", "texto_original": "http://sapl.olinda.pe.leg.br/media/sapl/public/materialegislativa/2021/3971/pl_182_2021_autor_ver._biai.pdf", "ementa": "Da nova reda\u00e7\u00e3o ao \u00a7 3\u00ba do art. 45 da Lei n\u00b04.413/83 (C\u00f3digo Municipal de Higiene)."}, {"id": "4028", "ano": "2021", "numero": "183", "tipo__sigla": "PLO", "tipo__descricao": "PROJETO DE LEI ORDIN\u00c1RIA", "autoria": "Mesa Diretora", "texto_original": "http://sapl.olinda.pe.leg.br/media/", "ementa": "Fixa o subs\u00eddio dos Vereadores para a Legislatura 2025 a 2028, no \u00e2mbito do Munic\u00edpio."}, {"id": "4043", "ano": "2021", "numero": "184", "tipo__sigla": "PLO", "tipo__descricao": "PROJETO DE LEI ORDIN\u00c1RIA", "autoria": "16 - Tonny Magalh\u00e3es", "texto_original": "http://sapl.olinda.pe.leg.br/media/sapl/public/materialegislativa/2021/4043/pl_184_2021_autor_ver._tonny_magalhaes.pdf", "ementa": "Disp\u00f5e sobre a coloca\u00e7\u00e3o de telas ou grades de prote\u00e7\u00e3o em shoppings e galerias e da outras provid\u00eancias;"}, {"id": "4044", "ano": "2021", "numero": "185", "tipo__sigla": "PLO", "tipo__descricao": "PROJETO DE LEI ORDIN\u00c1RIA", "autoria": "14 - RICARDO SOUSA", "texto_original": "http://sapl.olinda.pe.leg.br/media/sapl/public/materialegislativa/2021/4044/pl_185_2021_autor_ver._ricaroo_sousa.pdf", "ementa": "Disp\u00f5e sobre o acesso sanit\u00e1rio seguro a eventos festivos e esportivos, p\u00fablicos e privados, no munic\u00edpio de Olinda;"}, {"id": "4045", "ano": "2021", "numero": "186", "tipo__sigla": "PLO", "tipo__descricao": "PROJETO DE LEI ORDIN\u00c1RIA", "autoria": "LUP\u00c9RCIO CARLOS DO NASCIMENTO", "texto_original": "http://sapl.olinda.pe.leg.br/media/sapl/public/materialegislativa/2021/4045/pl_186_2021_poder_executivo.pdf", "ementa": "Autoriza o pagamento da verba denominada ABONO FUNDEB OLINDA 2021, aos profissionais da Educa\u00e7\u00e3o B\u00e1sica que especifica, e d\u00e1 outras provid\u00eancias."}, {"id": "4046", "ano": "2021", "numero": "187", "tipo__sigla": "PLO", "tipo__descricao": "PROJETO DE LEI ORDIN\u00c1RIA", "autoria": "LUP\u00c9RCIO CARLOS DO NASCIMENTO", "texto_original": "http://sapl.olinda.pe.leg.br/media/sapl/public/materialegislativa/2021/4046/pl_187_2021_poder_executivo.pdf", "ementa": "Disp\u00f5e sobre a estrutura da Administra\u00e7\u00e3o Direta do Munic\u00edpio de Olinda, altera a Lei Municipal n\u00b0 6.048/2018, para criar a Secretaria Municipal  de Esporte e Juventude, e d\u00e1 outras provid\u00eancias."}, {"id": "4058", "ano": "2021", "numero": "188", "tipo__sigla": "PLO", "tipo__descricao": "PROJETO DE LEI ORDIN\u00c1RIA", "autoria": "Mesa Diretora", "texto_original": "http://sapl.olinda.pe.leg.br/media/", "ementa": "Institui o adicional de risco de vida ou sa\u00fade no \u00e2mbito do Poder Legislativo Municipal."}, {"id": "4059", "ano": "2021", "numero": "189", "tipo__sigla": "PLO", "tipo__descricao": "PROJETO DE LEI ORDIN\u00c1RIA", "autoria": "10 - Joj\u00f3 Guerra", "texto_original": "http://sapl.olinda.pe.leg.br/media/", "ementa": "Cria o Programa Ambulatorial de Sa\u00fade Mental p\u00f3s-COVID e d\u00e1 outras provid\u00eancias."}, {"id": "4060", "ano": "2021", "numero": "190", "tipo__sigla": "PLO", "tipo__descricao": "PROJETO DE LEI ORDIN\u00c1RIA", "autoria": "10 - Joj\u00f3 Guerra", "texto_original": "http://sapl.olinda.pe.leg.br/media/", "ementa": "Institui o \"Dia Municipal da Reforma Protestante\"."}, {"id": "3353", "ano": "2021", "numero": "1", "tipo__sigla": "PRES", "tipo__descricao": "PROJETO DE RESOLU\u00c7\u00c3O", "autoria": "10 - Joj\u00f3 Guerra", "texto_original": "http://sapl.olinda.pe.leg.br/media/", "ementa": "Institui o Diploma Policial Destaque no \u00e2mbito Munic\u00edpio de Olinda;"}, {"id": "3410", "ano": "2021", "numero": "2", "tipo__sigla": "PRES", "tipo__descricao": "PROJETO DE RESOLU\u00c7\u00c3O", "autoria": "17 - VLADEMIR LABANCA", "texto_original": "http://sapl.olinda.pe.leg.br/media/sapl/public/materialegislativa/2021/3410/pr_02_2021_autor_ver._labanca.pdf", "ementa": "Cria a Frente Parlamentar da retomada das atividades econ\u00f4micas, gera\u00e7\u00e3o de emprego e combate a fome p\u00f3s COVID no Munic\u00edpio de Olinda;"}, {"id": "3544", "ano": "2021", "numero": "3", "tipo__sigla": "PRES", "tipo__descricao": "PROJETO DE RESOLU\u00c7\u00c3O", "autoria": "Mesa Diretora", "texto_original": "http://sapl.olinda.pe.leg.br/media/", "ementa": "Concede licen\u00e7a por motivo de doen\u00e7a ao Vereador Ademilson Bezerra Torres, nos termos do inciso I e \u00a74\u00ba, do art. 48 da Lei Org\u00e2nica do Munic\u00edpio de Olinda;"}, {"id": "3760", "ano": "2021", "numero": "4", "tipo__sigla": "PRES", "tipo__descricao": "PROJETO DE RESOLU\u00c7\u00c3O", "autoria": "Mesa Diretora", "texto_original": "http://sapl.olinda.pe.leg.br/media/", "ementa": "Concede licen\u00e7a para tratar de assunto particular, se, remunera\u00e7\u00e3o ao Vereador JESU\u00cdNO GOMES DE ARA\u00daJO NETO, conforme preceituam o Inciso IV e o \u00a7 4\u00b0, do art. 48 da Lei Org\u00e2nica do Munic\u00edpio de Olinda, e os artigos 20, 28, 88, V e 146, II do Regimento Interno Lei Org\u00e2nica do Munic\u00edpio de Olinda;"}, {"id": "3918", "ano": "2021", "numero": "5", "tipo__sigla": "PRES", "tipo__descricao": "PROJETO DE RESOLU\u00c7\u00c3O", "autoria": "16 - BIAI", "texto_original": "http://sapl.olinda.pe.leg.br/media/sapl/public/materialegislativa/2021/3918/pr_05_2021_autor_ver._biai.pdf", "ementa": "Cria Medalha e o Diploma do M\u00e9rito Musical no Munic\u00edpio de Olinda."}, {"id": "3919", "ano": "2021", "numero": "6", "tipo__sigla": "PRES", "tipo__descricao": "PROJETO DE RESOLU\u00c7\u00c3O", "autoria": "16 - BIAI", "texto_original": "http://sapl.olinda.pe.leg.br/media/sapl/public/materialegislativa/2021/3919/pr_06_2021_autor_ver._biai.pdf", "ementa": "Cria Medalha e o Diploma do M\u00e9rito Liter\u00e1rio no Munic\u00edpio de Olinda."}, {"id": "3920", "ano": "2021", "numero": "7", "tipo__sigla": "PRES", "tipo__descricao": "PROJETO DE RESOLU\u00c7\u00c3O", "autoria": "16 - BIAI", "texto_original": "http://sapl.olinda.pe.leg.br/media/sapl/public/materialegislativa/2021/3920/pr_07_2021_autor_ver._biai.pdf", "ementa": "Cria Medalha e o Diploma do M\u00e9rito Esportivo no Munic\u00edpio de Olinda."}, {"id": "4029", "ano": "2021", "numero": "8", "tipo__sigla": "PRES", "tipo__descricao": "PROJETO DE RESOLU\u00c7\u00c3O", "autoria": "Mesa Diretora", "texto_original": "http://sapl.olinda.pe.leg.br/media/", "ementa": "Altera a Resolu\u00e7\u00e3o n\u00ba. 1136, de 14 de fevereiro 2017."}, {"id": "3759", "ano": "2021", "numero": "9", "tipo__sigla": "PRES", "tipo__descricao": "PROJETO DE RESOLU\u00c7\u00c3O", "autoria": "Mesa Diretora", "texto_original": "http://sapl.olinda.pe.leg.br/media/", "ementa": "Concede licen\u00e7a para tratar de assunto particular, se, remunera\u00e7\u00e3o ao Vereador JESU\u00cdNO GOMES DE ARA\u00daJO NETO, conforme preceituam o Inciso IV e o \u00a7 4\u00b0, do art. 48 da Lei Org\u00e2nica do Munic\u00edpio de Olinda, e os artigos 20, 28, 88, V e 146, II do Regimento Interno Lei Org\u00e2nica do Munic\u00edpio de Olinda;"}, {"id": "2293", "ano": "2021", "numero": "149", "tipo__sigla": "REL", "tipo__descricao": "RELAT\u00d3RIO", "autoria": "14 - RICARDO SOUSA", "texto_original": "http://sapl.olinda.pe.leg.br/media/", "ementa": "Requer limpeza e desassoreamento do canal da Av. M\u00e9xico, na IV Etapa, no bairro de Rio Doce."}, {"id": "3087", "ano": "2021", "numero": "150", "tipo__sigla": "REL", "tipo__descricao": "RELAT\u00d3RIO", "autoria": "05 - Everaldo Silva", "texto_original": "http://sapl.olinda.pe.leg.br/media/", "ementa": "Requer o retorno da Defesa Civil para Alto da Bondade-\u00c1guas Compridas;"}, {"id": "2141", "ano": "2021", "numero": "1", "tipo__sigla": "REQ", "tipo__descricao": "REQUERIMENTO", "autoria": "16 - BIAI", "texto_original": "http://sapl.olinda.pe.leg.br/media/", "ementa": "Requer recupera\u00e7\u00e3o e manuten\u00e7\u00e3o das escadarias das praias de Olinda;"}, {"id": "2142", "ano": "2021", "numero": "2", "tipo__sigla": "REQ", "tipo__descricao": "REQUERIMENTO", "autoria": "16 - BIAI", "texto_original": "http://sapl.olinda.pe.leg.br/media/", "ementa": "Requer servi\u00e7os de limpeza, capina\u00e7\u00e3o, remo\u00e7\u00e3o de lixo e requalifica\u00e7\u00e3o da ilumina\u00e7\u00e3o p\u00fablica (coloca\u00e7\u00e3o l\u00e2mpadas brancas), como tamb\u00e9m coloca\u00e7\u00e3o de Tela, Bancos, Brinquedos etc; na Rua A-12 na I Etapa de Rio Doce \u2013 Olinda;"}, {"id": "2143", "ano": "2021", "numero": "3", "tipo__sigla": "REQ", "tipo__descricao": "REQUERIMENTO", "autoria": "16 - BIAI", "texto_original": "http://sapl.olinda.pe.leg.br/media/", "ementa": "Requer servi\u00e7os de limpeza, capina\u00e7\u00e3o, remo\u00e7\u00e3o de lixo e requalifica\u00e7\u00e3o da ilumina\u00e7\u00e3o p\u00fablica (coloca\u00e7\u00e3o l\u00e2mpadas brancas), como tamb\u00e9m coloca\u00e7\u00e3o de Tela, Bancos, Brinquedos etc; na Rua AB-7 na I Etapa de Rio Doce \u2013 Olinda;"}, {"id": "2144", "ano": "2021", "numero": "5", "tipo__sigla": "REQ", "tipo__descricao": "REQUERIMENTO", "autoria": "16 - BIAI", "texto_original": "http://sapl.olinda.pe.leg.br/media/", "ementa": "Requer pavimenta\u00e7\u00e3o da Rua 8 na V Etapa de Rio Doce \u2013 Olinda \u2013 PE;"}, {"id": "2145", "ano": "2021", "numero": "6", "tipo__sigla": "REQ", "tipo__descricao": "REQUERIMENTO", "autoria": "16 - BIAI", "texto_original": "http://sapl.olinda.pe.leg.br/media/", "ementa": "Requer pavimenta\u00e7\u00e3o da Rua 75 na IV Etapa de Rio Doce \u2013 Olinda \u2013 PE;"}, {"id": "2146", "ano": "2021", "numero": "7", "tipo__sigla": "REQ", "tipo__descricao": "REQUERIMENTO", "autoria": "16 - BIAI", "texto_original": "http://sapl.olinda.pe.leg.br/media/", "ementa": "Requer pavimenta\u00e7\u00e3o da Rua 70 na  IV Etapa de Rio Doce \u2013 Olinda \u2013 PE;"}, {"id": "2147", "ano": "2021", "numero": "8", "tipo__sigla": "REQ", "tipo__descricao": "REQUERIMENTO", "autoria": "16 - BIAI", "texto_original": "http://sapl.olinda.pe.leg.br/media/", "ementa": "Requer pavimenta\u00e7\u00e3o da Rua 46 na IV Etapa de Rio Doce \u2013 Olinda \u2013 PE;"}, {"id": "2148", "ano": "2021", "numero": "9", "tipo__sigla": "REQ", "tipo__descricao": "REQUERIMENTO", "autoria": "16 - BIAI", "texto_original": "http://sapl.olinda.pe.leg.br/media/", "ementa": "Requer pavimenta\u00e7\u00e3o da Rua 41 na IV Etapa de Rio Doce \u2013 Olinda \u2013 PE;"}, {"id": "2149", "ano": "2021", "numero": "10", "tipo__sigla": "REQ", "tipo__descricao": "REQUERIMENTO", "autoria": "16 - BIAI", "texto_original": "http://sapl.olinda.pe.leg.br/media/", "ementa": "Requer pavimenta\u00e7\u00e3o da Rua 15 na V Etapa de Rio Doce \u2013 Olinda \u2013 PE;"}, {"id": "2150", "ano": "2021", "numero": "11", "tipo__sigla": "REQ", "tipo__descricao": "REQUERIMENTO", "autoria": "16 - BIAI", "texto_original": "http://sapl.olinda.pe.leg.br/media/", "ementa": "Requer pavimenta\u00e7\u00e3o da Rua 82 na IV Etapa de Rio Doce \u2013 Olinda \u2013 PE;"}, {"id": "2151", "ano": "2021", "numero": "12", "tipo__sigla": "REQ", "tipo__descricao": "REQUERIMENTO", "autoria": "16 - BIAI", "texto_original": "http://sapl.olinda.pe.leg.br/media/", "ementa": "Requer pavimenta\u00e7\u00e3o da Rua 3 na IV Etapa de Rio Doce \u2013 Olinda \u2013 PE;"}, {"id": "2152", "ano": "2021", "numero": "13", "tipo__sigla": "REQ", "tipo__descricao": "REQUERIMENTO", "autoria": "16 - BIAI", "texto_original": "http://sapl.olinda.pe.leg.br/media/", "ementa": "Requer pavimenta\u00e7\u00e3o da Rua 67 na IV Etapa de Rio Doce \u2013 Olinda \u2013 PE;"}, {"id": "2153", "ano": "2021", "numero": "14", "tipo__sigla": "REQ", "tipo__descricao": "REQUERIMENTO", "autoria": "16 - BIAI", "texto_original": "http://sapl.olinda.pe.leg.br/media/", "ementa": "Requer a pintura das faixas de pedestre da cidade;"}, {"id": "2154", "ano": "2021", "numero": "15", "tipo__sigla": "REQ", "tipo__descricao": "REQUERIMENTO", "autoria": "16 - BIAI", "texto_original": "http://sapl.olinda.pe.leg.br/media/", "ementa": "Requer instala\u00e7\u00e3o de placas sinalizadoras nas proximidades das Igrejas Cat\u00f3licas de Olinda;"}, {"id": "2155", "ano": "2021", "numero": "16", "tipo__sigla": "REQ", "tipo__descricao": "REQUERIMENTO", "autoria": "16 - BIAI", "texto_original": "http://sapl.olinda.pe.leg.br/media/", "ementa": "Requer pavimenta\u00e7\u00e3o da Rua Delmiro Monteiro da Purifica\u00e7\u00e3o no bairro do Jardim Atl\u00e2ntico, Olinda \u2013 PE;"}, {"id": "2156", "ano": "2021", "numero": "17", "tipo__sigla": "REQ", "tipo__descricao": "REQUERIMENTO", "autoria": "16 - BIAI", "texto_original": "http://sapl.olinda.pe.leg.br/media/", "ementa": "Requer pavimenta\u00e7\u00e3o da Rua Eur\u00edpides Lavor Paes Barreto no bairro do Jardim Atl\u00e2ntico, Olinda \u2013 PE;"}, {"id": "2157", "ano": "2021", "numero": "18", "tipo__sigla": "REQ", "tipo__descricao": "REQUERIMENTO", "autoria": "16 - BIAI", "texto_original": "http://sapl.olinda.pe.leg.br/media/", "ementa": "Requer pavimenta\u00e7\u00e3o da Rua Carlos Pena Filho no bairro de Casa Caiada - Olinda \u2013 PE;"}, {"id": "2158", "ano": "2021", "numero": "19", "tipo__sigla": "REQ", "tipo__descricao": "REQUERIMENTO", "autoria": "16 - BIAI", "texto_original": "http://sapl.olinda.pe.leg.br/media/", "ementa": "Requer pintura das lombadas da cidade de Olinda \u2013 PE;"}, {"id": "2159", "ano": "2021", "numero": "20", "tipo__sigla": "REQ", "tipo__descricao": "REQUERIMENTO", "autoria": "16 - BIAI", "texto_original": "http://sapl.olinda.pe.leg.br/media/", "ementa": "Requer com Urg\u00eancia a sincroniza\u00e7\u00e3o dos sinais de Tr\u00e2nsito em todos os sem\u00e1foros da cidade de Olinda \u2013 PE ;"}, {"id": "2160", "ano": "2021", "numero": "22", "tipo__sigla": "REQ", "tipo__descricao": "REQUERIMENTO", "autoria": "16 - BIAI", "texto_original": "http://sapl.olinda.pe.leg.br/media/", "ementa": "Requer implantar abrigo para animais (especialmente c\u00e3es e gatos);"}, {"id": "2161", "ano": "2021", "numero": "23", "tipo__sigla": "REQ", "tipo__descricao": "REQUERIMENTO", "autoria": "16 - BIAI", "texto_original": "http://sapl.olinda.pe.leg.br/media/", "ementa": "Requer com m\u00e1xima urg\u00eancia abrigo coberto e/ou assentamento em todas as paradas de \u00f4nibus da cidade de Olinda \u2013 PE;"}, {"id": "2162", "ano": "2021", "numero": "24", "tipo__sigla": "REQ", "tipo__descricao": "REQUERIMENTO", "autoria": "16 - BIAI", "texto_original": "http://sapl.olinda.pe.leg.br/media/", "ementa": "Requer que seja adotado um programa de acolhimento POP (Popula\u00e7\u00e3o de Rua), a fim de que seja dada aten\u00e7\u00e3o devida e poss\u00edvel a um bom n\u00famero de pessoas que perambulam pelas Ruas e Pra\u00e7as, vivendo de forma completamente desprotegidas pelo Poder P\u00fablico;"}, {"id": "2163", "ano": "2021", "numero": "25", "tipo__sigla": "REQ", "tipo__descricao": "REQUERIMENTO", "autoria": "16 - BIAI", "texto_original": "http://sapl.olinda.pe.leg.br/media/", "ementa": "Requer provid\u00eancia para a recupera\u00e7\u00e3o do Gradil da Igreja Nossa Senhora do Carmo, em Olinda \u2013 PE;"}, {"id": "2164", "ano": "2021", "numero": "26", "tipo__sigla": "REQ", "tipo__descricao": "REQUERIMENTO", "autoria": "16 - BIAI", "texto_original": "http://sapl.olinda.pe.leg.br/media/", "ementa": "Requer muro de arrimo da Quadra 11 na IV Etapa de Rio Doce \u2013 Avenida das Gar\u00e7as \u2013 Olinda-PE;"}, {"id": "2165", "ano": "2021", "numero": "27", "tipo__sigla": "REQ", "tipo__descricao": "REQUERIMENTO", "autoria": "16 - BIAI", "texto_original": "http://sapl.olinda.pe.leg.br/media/", "ementa": "Requer servi\u00e7o recapeamento da Rua Fenelon \u00c1tico Leite na I Etapa de Rio Doce \u2013 Olinda \u2013 PE;"}, {"id": "2166", "ano": "2021", "numero": "28", "tipo__sigla": "REQ", "tipo__descricao": "REQUERIMENTO", "autoria": "16 - BIAI", "texto_original": "http://sapl.olinda.pe.leg.br/media/", "ementa": "Requer servi\u00e7o de recapeamento da Av. Frederico Lundgren no Bairro do Rio Doce \u2013 Olinda-PE;"}, {"id": "2167", "ano": "2021", "numero": "29", "tipo__sigla": "REQ", "tipo__descricao": "REQUERIMENTO", "autoria": "16 - BIAI", "texto_original": "http://sapl.olinda.pe.leg.br/media/", "ementa": "Requer servi\u00e7o de recapeamento da Av. Brasil na II Etapa de Rio Doce \u2013 Olinda \u2013 PE;"}, {"id": "2168", "ano": "2021", "numero": "30", "tipo__sigla": "REQ", "tipo__descricao": "REQUERIMENTO", "autoria": "16 - BIAI", "texto_original": "http://sapl.olinda.pe.leg.br/media/", "ementa": "Requer servi\u00e7o de recapeamento da Av. M\u00e9xico na II Etapa de Rio Doce \u2013 Olinda \u2013 PE;"}, {"id": "2169", "ano": "2021", "numero": "31", "tipo__sigla": "REQ", "tipo__descricao": "REQUERIMENTO", "autoria": "16 - BIAI", "texto_original": "http://sapl.olinda.pe.leg.br/media/", "ementa": "Requer servi\u00e7o de recapeamento da Av. das Gar\u00e7as na IV Etapa de Rio Doce \u2013 Olinda \u2013 PE;"}, {"id": "2170", "ano": "2021", "numero": "32", "tipo__sigla": "REQ", "tipo__descricao": "REQUERIMENTO", "autoria": "16 - BIAI", "texto_original": "http://sapl.olinda.pe.leg.br/media/", "ementa": "Requer servi\u00e7o de recapeamento da Av. N\u00e1poles na IV Etapa de Rio Doce \u2013 Olinda \u2013 PE;"}, {"id": "2171", "ano": "2021", "numero": "33", "tipo__sigla": "REQ", "tipo__descricao": "REQUERIMENTO", "autoria": "16 - BIAI", "texto_original": "http://sapl.olinda.pe.leg.br/media/", "ementa": "Requer servi\u00e7o de pavimenta\u00e7\u00e3o da Rua das Ac\u00e1cias na II Etapa de Rio Doce \u2013 Olinda \u2013 PE;"}, {"id": "2172", "ano": "2021", "numero": "34", "tipo__sigla": "REQ", "tipo__descricao": "REQUERIMENTO", "autoria": "16 - BIAI", "texto_original": "http://sapl.olinda.pe.leg.br/media/", "ementa": "Requer servi\u00e7o de pavimenta\u00e7\u00e3o da Rua Alecrim na II Etapa de Rio Doce \u2013 Olinda \u2013 PE;"}, {"id": "2173", "ano": "2021", "numero": "35", "tipo__sigla": "REQ", "tipo__descricao": "REQUERIMENTO", "autoria": "16 - BIAI", "texto_original": "http://sapl.olinda.pe.leg.br/media/", "ementa": "Requer servi\u00e7o de pavimenta\u00e7\u00e3o da Rua das Papoulas na II Etapa \u2013 Rio Doce \u2013 Olinda \u2013 PE;"}, {"id": "2174", "ano": "2021", "numero": "36", "tipo__sigla": "REQ", "tipo__descricao": "REQUERIMENTO", "autoria": "16 - BIAI", "texto_original": "http://sapl.olinda.pe.leg.br/media/", "ementa": "Requer servi\u00e7o de pavimenta\u00e7\u00e3o da Rua Girassol na II Etapa de Rio Doce \u2013 Olinda \u2013 PE;"}, {"id": "2175", "ano": "2021", "numero": "37", "tipo__sigla": "REQ", "tipo__descricao": "REQUERIMENTO", "autoria": "16 - BIAI", "texto_original": "http://sapl.olinda.pe.leg.br/media/", "ementa": "Requer servi\u00e7o de pavimenta\u00e7\u00e3o da Rua do L\u00edrio na II Etapa de Rio Doce \u2013 Olinda \u2013 PE;"}, {"id": "2176", "ano": "2021", "numero": "38", "tipo__sigla": "REQ", "tipo__descricao": "REQUERIMENTO", "autoria": "16 - BIAI", "texto_original": "http://sapl.olinda.pe.leg.br/media/", "ementa": "Requer servi\u00e7o de pavimenta\u00e7\u00e3o da Rua Jasmim na II Etapa de Rio Doce \u2013 Olinda \u2013 PE;"}, {"id": "2177", "ano": "2021", "numero": "39", "tipo__sigla": "REQ", "tipo__descricao": "REQUERIMENTO", "autoria": "16 - BIAI", "texto_original": "http://sapl.olinda.pe.leg.br/media/", "ementa": "Requer servi\u00e7o de pavimenta\u00e7\u00e3o da Rua 11 na V Etapa de Rio Doce \u2013 Olinda \u2013 PE;"}, {"id": "2178", "ano": "2021", "numero": "40", "tipo__sigla": "REQ", "tipo__descricao": "REQUERIMENTO", "autoria": "16 - BIAI", "texto_original": "http://sapl.olinda.pe.leg.br/media/", "ementa": "Requer servi\u00e7o de pavimenta\u00e7\u00e3o da Rua 7 na IV Etapa de Rio Doce \u2013 Olinda \u2013 PE;"}, {"id": "2179", "ano": "2021", "numero": "41", "tipo__sigla": "REQ", "tipo__descricao": "REQUERIMENTO", "autoria": "16 - BIAI", "texto_original": "http://sapl.olinda.pe.leg.br/media/", "ementa": "Requer servi\u00e7o de pavimenta\u00e7\u00e3o da Rua Maca\u00edba na III Etapa de Rio Doce \u2013 Olinda \u2013 PE;"}, {"id": "2180", "ano": "2021", "numero": "42", "tipo__sigla": "REQ", "tipo__descricao": "REQUERIMENTO", "autoria": "16 - BIAI", "texto_original": "http://sapl.olinda.pe.leg.br/media/", "ementa": "Requer servi\u00e7o de pavimenta\u00e7\u00e3o da Rua Mel\u00e2ncia na III Etapa de Rio Doce \u2013 Olinda \u2013 PE;"}, {"id": "2181", "ano": "2021", "numero": "43", "tipo__sigla": "REQ", "tipo__descricao": "REQUERIMENTO", "autoria": "16 - BIAI", "texto_original": "http://sapl.olinda.pe.leg.br/media/", "ementa": "Requer servi\u00e7o de pavimenta\u00e7\u00e3o da Rua 78 na IV Etapa de Rio Doce \u2013 Olinda \u2013 PE;"}, {"id": "2182", "ano": "2021", "numero": "44", "tipo__sigla": "REQ", "tipo__descricao": "REQUERIMENTO", "autoria": "16 - BIAI", "texto_original": "http://sapl.olinda.pe.leg.br/media/", "ementa": "Requer servi\u00e7o de pavimenta\u00e7\u00e3o da Rua 63 na V Etapa de Rio Doce \u2013 Olinda \u2013 PE;"}, {"id": "2183", "ano": "2021", "numero": "45", "tipo__sigla": "REQ", "tipo__descricao": "REQUERIMENTO", "autoria": "16 - BIAI", "texto_original": "http://sapl.olinda.pe.leg.br/media/", "ementa": "Requer servi\u00e7o de pavimenta\u00e7\u00e3o da Rua 21 na V Etapa de Rio Doce \u2013 Olinda \u2013 PE;"}, {"id": "2184", "ano": "2021", "numero": "46", "tipo__sigla": "REQ", "tipo__descricao": "REQUERIMENTO", "autoria": "16 - BIAI", "texto_original": "http://sapl.olinda.pe.leg.br/media/", "ementa": "Requer servi\u00e7o de pavimenta\u00e7\u00e3o da Rua 19 na V Etapa de Rio Doce \u2013 Olinda PE;"}, {"id": "2185", "ano": "2021", "numero": "47", "tipo__sigla": "REQ", "tipo__descricao": "REQUERIMENTO", "autoria": "16 - BIAI", "texto_original": "http://sapl.olinda.pe.leg.br/media/", "ementa": "Requer servi\u00e7o de pavimenta\u00e7\u00e3o da Rua 8 na V Etapa de Rio Doce \u2013 Olinda \u2013 PE;"}, {"id": "2186", "ano": "2021", "numero": "48", "tipo__sigla": "REQ", "tipo__descricao": "REQUERIMENTO", "autoria": "16 - BIAI", "texto_original": "http://sapl.olinda.pe.leg.br/media/", "ementa": "Requer servi\u00e7o de pavimenta\u00e7\u00e3o da Rua 55 na V Etapa de Rio Doce \u2013 Olinda \u2013 PE;"}, {"id": "2187", "ano": "2021", "numero": "49", "tipo__sigla": "REQ", "tipo__descricao": "REQUERIMENTO", "autoria": "16 - BIAI", "texto_original": "http://sapl.olinda.pe.leg.br/media/", "ementa": "Requer servi\u00e7o de pavimenta\u00e7\u00e3o da Rua Dend\u00ea na III Etapa de Rio Doce \u2013 Olinda PE;"}, {"id": "2188", "ano": "2021", "numero": "50", "tipo__sigla": "REQ", "tipo__descricao": "REQUERIMENTO", "autoria": "16 - BIAI", "texto_original": "http://sapl.olinda.pe.leg.br/media/", "ementa": "Requer se seja colocada faixa de pedestre no entroncamento da Rua Cl\u00e1udio Uch\u00f4a Cavalcanti ( Antiga Rua 2 ) com a Avenida Frederico Lundgren no bairro de Rio Doce \u2013 Olinda \u2013 PE;"}, {"id": "2189", "ano": "2021", "numero": "51", "tipo__sigla": "REQ", "tipo__descricao": "REQUERIMENTO", "autoria": "07 - JESU\u00cdNO ARA\u00daJO", "texto_original": "http://sapl.olinda.pe.leg.br/media/", "ementa": "Requer limpeza, desobstru\u00e7\u00e3o e manuten\u00e7\u00e3o de todos os canais do Munic\u00edpio, antecipando o per\u00edodo de chuvas;"}, {"id": "2190", "ano": "2021", "numero": "53", "tipo__sigla": "REQ", "tipo__descricao": "REQUERIMENTO", "autoria": "07 - JESU\u00cdNO ARA\u00daJO", "texto_original": "http://sapl.olinda.pe.leg.br/media/", "ementa": "Requer servi\u00e7o de cal\u00e7amento/asfalto para a Rua Mergulh\u00e3o \u2013 CEP - 53150-510 Rio Doce \u2013 Olinda \u2013 PE;"}, {"id": "2191", "ano": "2021", "numero": "54", "tipo__sigla": "REQ", "tipo__descricao": "REQUERIMENTO", "autoria": "07 - JESU\u00cdNO ARA\u00daJO", "texto_original": "http://sapl.olinda.pe.leg.br/media/", "ementa": "Requer servi\u00e7o de cal\u00e7amento/asfalto para a Rua Vulc\u00e3o \u2013 CEP \u2013 53240-110 \u2013 no bairro do Bonsucesso \u2013 Olinda \u2013 PE;"}, {"id": "2192", "ano": "2021", "numero": "55", "tipo__sigla": "REQ", "tipo__descricao": "REQUERIMENTO", "autoria": "07 - JESU\u00cdNO ARA\u00daJO", "texto_original": "http://sapl.olinda.pe.leg.br/media/", "ementa": "Requer servi\u00e7o de cal\u00e7amento/asfalto para a Rua Cassiteritas \u2013 CEP \u2013 53120-300 \u2013 no bairro do Amaro Branco \u2013 Olinda \u2013 PE;"}, {"id": "2193", "ano": "2021", "numero": "56", "tipo__sigla": "REQ", "tipo__descricao": "REQUERIMENTO", "autoria": "07 - JESU\u00cdNO ARA\u00daJO", "texto_original": "http://sapl.olinda.pe.leg.br/media/", "ementa": "Requer lombadas e pintura sinalizadora para redu\u00e7\u00e3o de velocidade, na Rua Catulo da Paix\u00e3o Cearense \u2013 Jardim Atl\u00e2ntico \u2013 Olinda \u2013 PE;"}, {"id": "2194", "ano": "2021", "numero": "57", "tipo__sigla": "REQ", "tipo__descricao": "REQUERIMENTO", "autoria": "07 - JESU\u00cdNO ARA\u00daJO", "texto_original": "http://sapl.olinda.pe.leg.br/media/", "ementa": "Requer lombadas e pintura sinalizadora para redu\u00e7\u00e3o de velocidade, na Rua Della Rosa \u2013 Jardim Atl\u00e2ntico \u2013 Olinda \u2013 PE;"}, {"id": "2195", "ano": "2021", "numero": "58", "tipo__sigla": "REQ", "tipo__descricao": "REQUERIMENTO", "autoria": "07 - JESU\u00cdNO ARA\u00daJO", "texto_original": "http://sapl.olinda.pe.leg.br/media/", "ementa": "Requer servi\u00e7o de cal\u00e7amento/asfalto para a Rua Beliro Dourado \u2013 CEP \u2013 53060-350 \u2013 no bairro Jardim Atl\u00e2ntico \u2013 Olinda \u2013 PE;"}, {"id": "2196", "ano": "2021", "numero": "59", "tipo__sigla": "REQ", "tipo__descricao": "REQUERIMENTO", "autoria": "07 - JESU\u00cdNO ARA\u00daJO", "texto_original": "http://sapl.olinda.pe.leg.br/media/", "ementa": "Requer servi\u00e7o de cal\u00e7amento/asfalto para a Rua Girassol \u2013 CEP \u2013 53150-580 \u2013 no bairro de Rio Doce \u2013 Olinda \u2013 PE;"}, {"id": "2197", "ano": "2021", "numero": "60", "tipo__sigla": "REQ", "tipo__descricao": "REQUERIMENTO", "autoria": "07 - JESU\u00cdNO ARA\u00daJO", "texto_original": "http://sapl.olinda.pe.leg.br/media/", "ementa": "Requer servi\u00e7o de cal\u00e7amento/asfalto para a Rua Ametista \u2013 CEP \u2013 53060-320 \u2013 no bairro de Jardim Atl\u00e2ntico \u2013 Olinda \u2013 PE;"}, {"id": "2198", "ano": "2021", "numero": "61", "tipo__sigla": "REQ", "tipo__descricao": "REQUERIMENTO", "autoria": "07 - JESU\u00cdNO ARA\u00daJO", "texto_original": "http://sapl.olinda.pe.leg.br/media/", "ementa": "Requer servi\u00e7o de cal\u00e7amento/asfalto para a Rua Helena Vilarim Feitosa \u2013 CEP \u2013 53250-180 \u2013 no bairro de Fragoso \u2013 Olinda \u2013 PE;"}, {"id": "2199", "ano": "2021", "numero": "62", "tipo__sigla": "REQ", "tipo__descricao": "REQUERIMENTO", "autoria": "07 - JESU\u00cdNO ARA\u00daJO", "texto_original": "http://sapl.olinda.pe.leg.br/media/", "ementa": "Requer servi\u00e7o de cal\u00e7amento/asfalto para a Rua da Paz \u2013 CEP \u2013 53370-269 \u2013 no bairro de Ouro Preto \u2013 Olinda \u2013 PE;"}, {"id": "2200", "ano": "2021", "numero": "63", "tipo__sigla": "REQ", "tipo__descricao": "REQUERIMENTO", "autoria": "07 - JESU\u00cdNO ARA\u00daJO", "texto_original": "http://sapl.olinda.pe.leg.br/media/", "ementa": "Requer servi\u00e7o de cal\u00e7amento/asfalto para a Rua Alto do Passarinho \u2013 CEP \u2013 53170-130 \u2013 no bairro de Passarinho \u2013 Olinda \u2013 PE;"}, {"id": "2201", "ano": "2021", "numero": "64", "tipo__sigla": "REQ", "tipo__descricao": "REQUERIMENTO", "autoria": "07 - JESU\u00cdNO ARA\u00daJO", "texto_original": "http://sapl.olinda.pe.leg.br/media/", "ementa": "Requer servi\u00e7o de cal\u00e7amento/asfalto para a Rua V\u00ednculo - CEP - 53170-360 - Alto da Bondade -Olinda - PE;"}, {"id": "2202", "ano": "2021", "numero": "65", "tipo__sigla": "REQ", "tipo__descricao": "REQUERIMENTO", "autoria": "07 - JESU\u00cdNO ARA\u00daJO", "texto_original": "http://sapl.olinda.pe.leg.br/media/", "ementa": "Requer servi\u00e7o de cal\u00e7amento/asfalto para a Rua Santa Luiza - CEP - 53210-790 - Passarinho - Olinda - PE;"}, {"id": "2203", "ano": "2021", "numero": "66", "tipo__sigla": "REQ", "tipo__descricao": "REQUERIMENTO", "autoria": "07 - JESU\u00cdNO ARA\u00daJO", "texto_original": "http://sapl.olinda.pe.leg.br/media/", "ementa": "Requer servi\u00e7o de cal\u00e7amento/asfalto para a Rua Joaquim Ant\u00f4nio de Medeiros - CEP - 53130-260 - Olinda - PE;"}, {"id": "2204", "ano": "2021", "numero": "67", "tipo__sigla": "REQ", "tipo__descricao": "REQUERIMENTO", "autoria": "07 - JESU\u00cdNO ARA\u00daJO", "texto_original": "http://sapl.olinda.pe.leg.br/media/", "ementa": "Requer servi\u00e7o de cal\u00e7amento/asfalto para a Rua S\u00e9rgio Godoy de Vasconcelos - CEP - 53140-110 Jardim Atl\u00e2ntico - Olinda - PE"}, {"id": "2205", "ano": "2021", "numero": "68", "tipo__sigla": "REQ", "tipo__descricao": "REQUERIMENTO", "autoria": "07 - JESU\u00cdNO ARA\u00daJO", "texto_original": "http://sapl.olinda.pe.leg.br/media/", "ementa": "Requer servi\u00e7o de cal\u00e7amento/asfalto para as Ruas Papoulas, Rua Alecrim, Rua do L\u00edrio, Rua do Jasmim e Avenida Ac\u00e1cias, no Bairro de Rio Doce - Olinda - PE;"}, {"id": "2206", "ano": "2021", "numero": "69", "tipo__sigla": "REQ", "tipo__descricao": "REQUERIMENTO", "autoria": "07 - JESU\u00cdNO ARA\u00daJO", "texto_original": "http://sapl.olinda.pe.leg.br/media/", "ementa": "Requer servi\u00e7o de cal\u00e7amento/asfalto para a Rua Jo\u00e3o Ubaldo de Miranda, CEP - 53240-030 - Olinda - PE;"}, {"id": "2207", "ano": "2021", "numero": "70", "tipo__sigla": "REQ", "tipo__descricao": "REQUERIMENTO", "autoria": "07 - JESU\u00cdNO ARA\u00daJO", "texto_original": "http://sapl.olinda.pe.leg.br/media/", "ementa": "Requer servi\u00e7o de cal\u00e7amento/asfalto para a Rua Caciterita - CEP - 53120-300 Amaro Branco - Olinda - PE;"}, {"id": "2208", "ano": "2021", "numero": "71", "tipo__sigla": "REQ", "tipo__descricao": "REQUERIMENTO", "autoria": "07 - JESU\u00cdNO ARA\u00daJO", "texto_original": "http://sapl.olinda.pe.leg.br/media/", "ementa": "Requer servi\u00e7o de cal\u00e7amento/asfalto para a Rua Artur Serpa CEP - 53130-010 Bairro Novo - Olinda -PE;"}, {"id": "2209", "ano": "2021", "numero": "72", "tipo__sigla": "REQ", "tipo__descricao": "REQUERIMENTO", "autoria": "07 - JESU\u00cdNO ARA\u00daJO", "texto_original": "http://sapl.olinda.pe.leg.br/media/", "ementa": "Requer servi\u00e7o de cal\u00e7amento/asfalto para a Rua Professor Milton Santos - CEP - 53140-295 - Jardim Atl\u00e2ntico - Olinda-PE;"}, {"id": "2210", "ano": "2021", "numero": "73", "tipo__sigla": "REQ", "tipo__descricao": "REQUERIMENTO", "autoria": "07 - JESU\u00cdNO ARA\u00daJO", "texto_original": "http://sapl.olinda.pe.leg.br/media/", "ementa": "Requer servi\u00e7o de cal\u00e7amento/asfalto para a 1\u00aa Travessa Professor Milton Santos - Jardim Atl\u00e2ntico - Olinda - PE;"}, {"id": "2211", "ano": "2021", "numero": "74", "tipo__sigla": "REQ", "tipo__descricao": "REQUERIMENTO", "autoria": "07 - JESU\u00cdNO ARA\u00daJO", "texto_original": "http://sapl.olinda.pe.leg.br/media/", "ementa": "Requer servi\u00e7o de cal\u00e7amento/asfalto para a Rua Turqueza - CEP 53060-730 - Jardim Atl\u00e2ntico - Olinda - PE;"}, {"id": "2212", "ano": "2021", "numero": "75", "tipo__sigla": "REQ", "tipo__descricao": "REQUERIMENTO", "autoria": "07 - JESU\u00cdNO ARA\u00daJO", "texto_original": "http://sapl.olinda.pe.leg.br/media/", "ementa": "Requer servi\u00e7o de cal\u00e7amento/asfalto para a Rua Beliro Dourado - CEP 53060-350 - Jardim Atl\u00e2ntico - Olinda - PE;"}, {"id": "2213", "ano": "2021", "numero": "76", "tipo__sigla": "REQ", "tipo__descricao": "REQUERIMENTO", "autoria": "07 - JESU\u00cdNO ARA\u00daJO", "texto_original": "http://sapl.olinda.pe.leg.br/media/", "ementa": "Requer servi\u00e7o de cal\u00e7amento/asfalto para o 2\u00ba trecho da Rua Pique - CEP 53360-470 - Tabajara - Olinda-PE;"}, {"id": "2214", "ano": "2021", "numero": "78", "tipo__sigla": "REQ", "tipo__descricao": "REQUERIMENTO", "autoria": "07 - JESU\u00cdNO ARA\u00daJO", "texto_original": "http://sapl.olinda.pe.leg.br/media/", "ementa": "Requer servi\u00e7o de limpeza e conserva\u00e7\u00e3o da via e das galerias ao longo da Avenida Francisco Gomes - CEP 53210-230 - Caixa D'\u00e1gua - Olinda - PE;"}, {"id": "2215", "ano": "2021", "numero": "79", "tipo__sigla": "REQ", "tipo__descricao": "REQUERIMENTO", "autoria": "07 - JESU\u00cdNO ARA\u00daJO", "texto_original": "http://sapl.olinda.pe.leg.br/media/", "ementa": "Requer servi\u00e7o de limpeza e conserva\u00e7\u00e3o da via e das galerias ao longo da Rua General Sampaio - CEP 53160-160 C\u00f3rrego do Abacaxi - Olinda - PE;"}, {"id": "2216", "ano": "2021", "numero": "80", "tipo__sigla": "REQ", "tipo__descricao": "REQUERIMENTO", "autoria": "07 - JESU\u00cdNO ARA\u00daJO", "texto_original": "http://sapl.olinda.pe.leg.br/media/", "ementa": "Requer servi\u00e7o de limpeza e conserva\u00e7\u00e3o da via e das galerias ao longo da Avenida Leopoldino Canuto de Melo - CEP 53210-250 - Caixa D'\u00c1gua - Olinda - PE;"}, {"id": "2217", "ano": "2021", "numero": "81", "tipo__sigla": "REQ", "tipo__descricao": "REQUERIMENTO", "autoria": "16 - BIAI", "texto_original": "http://sapl.olinda.pe.leg.br/media/", "ementa": "Requer informa\u00e7\u00e3o sobre previs\u00e3o da volta dos campeonatos de futebol no minicampo do Est\u00e1dio Grito da Rep\u00fablica no Rio Doce;"}, {"id": "2218", "ano": "2021", "numero": "82", "tipo__sigla": "REQ", "tipo__descricao": "REQUERIMENTO", "autoria": "16 - BIAI", "texto_original": "http://sapl.olinda.pe.leg.br/media/", "ementa": "Requer limpeza do canal da Avenida Colibri na V Etapa de Rio Doce - Olinda - PE;"}, {"id": "2219", "ano": "2021", "numero": "83", "tipo__sigla": "REQ", "tipo__descricao": "REQUERIMENTO", "autoria": "16 - BIAI", "texto_original": "http://sapl.olinda.pe.leg.br/media/", "ementa": "Requer limpeza do canal da Avenida Tiradentes na IV Etapa de Rio Doce - Olinda - PE;"}, {"id": "2220", "ano": "2021", "numero": "84", "tipo__sigla": "REQ", "tipo__descricao": "REQUERIMENTO", "autoria": "16 - BIAI", "texto_original": "http://sapl.olinda.pe.leg.br/media/", "ementa": "Requer limpeza do canal da Avenida M\u00e9xico na II Etapa de Rio Doce - Olinda - PE;"}, {"id": "2221", "ano": "2021", "numero": "85", "tipo__sigla": "REQ", "tipo__descricao": "REQUERIMENTO", "autoria": "17 - VLADEMIR LABANCA", "texto_original": "http://sapl.olinda.pe.leg.br/media/", "ementa": "Requer que seja implantado uma Academia Pernambuco no Terreno do 10 de Novembro, na Avenida Agamenon Magalh\u00e3es s/n no bairro da Vila Popular - Olinda - PE;"}, {"id": "2222", "ano": "2021", "numero": "86", "tipo__sigla": "REQ", "tipo__descricao": "REQUERIMENTO", "autoria": "17 - VLADEMIR LABANCA", "texto_original": "http://sapl.olinda.pe.leg.br/media/", "ementa": "Requer recapeamento do anel vi\u00e1rio, do bairro de Ouro Preto - Cohab - Olinda - PE;"}, {"id": "2223", "ano": "2021", "numero": "87", "tipo__sigla": "REQ", "tipo__descricao": "REQUERIMENTO", "autoria": "17 - VLADEMIR LABANCA", "texto_original": "http://sapl.olinda.pe.leg.br/media/", "ementa": "Requer que seja implantada uma Academia da Cidade, na Pra\u00e7a Felipe Coelho, localizada na Rua Professor Fernando Mota - Ouro preto - Olinda - PE;"}, {"id": "2224", "ano": "2021", "numero": "88", "tipo__sigla": "REQ", "tipo__descricao": "REQUERIMENTO", "autoria": "17 - VLADEMIR LABANCA", "texto_original": "http://sapl.olinda.pe.leg.br/media/", "ementa": "Requer que seja implantada uma Academia da Cidade, na Pra\u00e7a do Bonsucesso em frente ao Homem da Meia Noite de Olinda- - Bonsucesso - Olinda - PE;"}, {"id": "2225", "ano": "2021", "numero": "89", "tipo__sigla": "REQ", "tipo__descricao": "REQUERIMENTO", "autoria": "17 - VLADEMIR LABANCA", "texto_original": "http://sapl.olinda.pe.leg.br/media/", "ementa": "Requer Pedido de Informa\u00e7\u00e3o sobre a Rua Ant\u00f4nio Dias, bairro dos Bultrins - Olinda; 1- Segundo a Rua consta como cal\u00e7ada e a mesma n\u00e3o tem cal\u00e7amento, gostaria de saber do Poder Executivo, quando verdadeiramente ser\u00e1 cal\u00e7ada? 2 - Existe algum projeto para suprir a aus\u00eancia de cal\u00e7amento da Rua? 3 - Qual o motivo da rua constar como cal\u00e7ada na Prefeitura, por\u00e9m n\u00e3o existir cal\u00e7amento na mesma?"}, {"id": "2226", "ano": "2021", "numero": "90", "tipo__sigla": "REQ", "tipo__descricao": "REQUERIMENTO", "autoria": "07 - JESU\u00cdNO ARA\u00daJO", "texto_original": "http://sapl.olinda.pe.leg.br/media/", "ementa": "Requer atendimento a moradores da orla de Olinda, referente a limpeza e ilumina\u00e7\u00e3o;"}, {"id": "2227", "ano": "2021", "numero": "91", "tipo__sigla": "REQ", "tipo__descricao": "REQUERIMENTO", "autoria": "07 - JESU\u00cdNO ARA\u00daJO", "texto_original": "http://sapl.olinda.pe.leg.br/media/", "ementa": "Requer limpeza, desobstru\u00e7\u00e3o e manuten\u00e7\u00e3o do canal da Av. M\u00e9xico, Rio Doce, Neste Munic\u00edpio, antecipando o per\u00edodo de Chuvas;"}, {"id": "2228", "ano": "2021", "numero": "92", "tipo__sigla": "REQ", "tipo__descricao": "REQUERIMENTO", "autoria": "16 - BIAI", "texto_original": "http://sapl.olinda.pe.leg.br/media/", "ementa": "Requer com a m\u00e1xima urg\u00eancia, abrigo coberto e/ ou assentamento em todas as paradas de \u00f4nibus da Cidade de Olinda;"}, {"id": "2229", "ano": "2021", "numero": "93", "tipo__sigla": "REQ", "tipo__descricao": "REQUERIMENTO", "autoria": "16 - BIAI", "texto_original": "http://sapl.olinda.pe.leg.br/media/", "ementa": "Requer a instala\u00e7\u00e3o de placas sinalizadoras nas proximidades das igrejas Cat\u00f3licas da Cidade de Olinda;"}, {"id": "2230", "ano": "2021", "numero": "94", "tipo__sigla": "REQ", "tipo__descricao": "REQUERIMENTO", "autoria": "16 - BIAI", "texto_original": "http://sapl.olinda.pe.leg.br/media/", "ementa": "Requer a pintura das lombadas da Cidade de Olinda;"}, {"id": "2231", "ano": "2021", "numero": "95", "tipo__sigla": "REQ", "tipo__descricao": "REQUERIMENTO", "autoria": "16 - BIAI", "texto_original": "http://sapl.olinda.pe.leg.br/media/", "ementa": "Requer a implanta\u00e7\u00e3o de uma Academia das Cidades no Bairro do Rio Doce, ou que seja implantada dentro da Vila Ol\u00edmpica;"}, {"id": "2232", "ano": "2021", "numero": "96", "tipo__sigla": "REQ", "tipo__descricao": "REQUERIMENTO", "autoria": "16 - BIAI", "texto_original": "http://sapl.olinda.pe.leg.br/media/", "ementa": "Requer que seja providenciada a pintura das faixas de pedestre da cidade;"}, {"id": "2233", "ano": "2021", "numero": "97", "tipo__sigla": "REQ", "tipo__descricao": "REQUERIMENTO", "autoria": "16 - BIAI", "texto_original": "http://sapl.olinda.pe.leg.br/media/", "ementa": "Requer a implanta\u00e7\u00e3o de uma Casa ou/e Cl\u00ednica de Reabilita\u00e7\u00e3o para crian\u00e7as com Autismo ou S\u00edndrome de Down;"}, {"id": "2234", "ano": "2021", "numero": "98", "tipo__sigla": "REQ", "tipo__descricao": "REQUERIMENTO", "autoria": "14 - RICARDO SOUSA", "texto_original": "http://sapl.olinda.pe.leg.br/media/", "ementa": "Requer que seja realizado o reparo e a poss\u00edvel troca de l\u00e2mpadas dos postes localizados na Rua Nereu Gomes Maciel (Pr\u00f3ximo a Caixa Econ\u00f4mica) em Casa Caiada;"}, {"id": "2235", "ano": "2021", "numero": "99", "tipo__sigla": "REQ", "tipo__descricao": "REQUERIMENTO", "autoria": "14 - RICARDO SOUSA", "texto_original": "http://sapl.olinda.pe.leg.br/media/", "ementa": "Requer reparo e poss\u00edvel troca de l\u00e2mpadas dos postes localizados na Rua 46, na IV etapado Bairro de Rio Doce, nesta;"}, {"id": "2236", "ano": "2021", "numero": "100", "tipo__sigla": "REQ", "tipo__descricao": "REQUERIMENTO", "autoria": "14 - RICARDO SOUSA", "texto_original": "http://sapl.olinda.pe.leg.br/media/", "ementa": "Requer a opera\u00e7\u00e3o da equipe tapa buraco para conserto de buraco existente na Rua 37, esquina com a Rua 39, na IV etapa de Rio Doce, nesta;"}, {"id": "2237", "ano": "2021", "numero": "101", "tipo__sigla": "REQ", "tipo__descricao": "REQUERIMENTO", "autoria": "07 - JESU\u00cdNO ARA\u00daJO", "texto_original": "http://sapl.olinda.pe.leg.br/media/", "ementa": "Requer que seja aberto canal para atendimento \u00e0s reivindica\u00e7\u00f5es dos Agentes Comunit\u00e1rios de sa\u00fade do Munic\u00edpio (ACS e ACE)."}, {"id": "2238", "ano": "2021", "numero": "102", "tipo__sigla": "REQ", "tipo__descricao": "REQUERIMENTO", "autoria": "07 - JESU\u00cdNO ARA\u00daJO", "texto_original": "http://sapl.olinda.pe.leg.br/media/", "ementa": "Requer a presente indica\u00e7\u00e3o ao excelent\u00edssimo Senhor Prefeito, Lup\u00e9rcio Carlos do Nascimento, como sugest\u00e3o/indica\u00e7\u00e3o, Projeto de Lei que autoriza e regulamenta a organiza\u00e7\u00e3o e funcionamento das a\u00e7\u00f5es e servi\u00e7os p\u00fablicos de sa\u00fade, do servi\u00e7o de Terapias e dos procedimentos m\u00e9dicos e odontol\u00f3gicos de car\u00e1ter complementar no Munic\u00edpio de Olinda e d\u00e1 outras provid\u00eancias;"}, {"id": "2239", "ano": "2021", "numero": "103", "tipo__sigla": "REQ", "tipo__descricao": "REQUERIMENTO", "autoria": "07 - JESU\u00cdNO ARA\u00daJO", "texto_original": "http://sapl.olinda.pe.leg.br/media/", "ementa": "Requer a presente indica\u00e7\u00e3o ao excelent\u00edssimo Senhor Prefeito, Lup\u00e9rcio Carlos do Nascimento, como sugest\u00e3o/indica\u00e7\u00e3o, Projeto de Lei que institui no munic\u00edpio de Olinda a cria\u00e7\u00e3o de uma equipe, vinculada \u00e0 Prefeitura, denominada Brigada Ambiental da Cidade de Olinda;"}, {"id": "2240", "ano": "2021", "numero": "104", "tipo__sigla": "REQ", "tipo__descricao": "REQUERIMENTO", "autoria": "07 - JESU\u00cdNO ARA\u00daJO", "texto_original": "http://sapl.olinda.pe.leg.br/media/", "ementa": "Requer cal\u00e7amento/asfalto na Rua 5 (mais exatamente por tr\u00e1s do Est\u00e1dio Grito da Rep\u00fablica) - CEP 53.150-345, Rio Doce, neste Munic\u00edpio;"}, {"id": "2241", "ano": "2021", "numero": "105", "tipo__sigla": "REQ", "tipo__descricao": "REQUERIMENTO", "autoria": "16 - BIAI", "texto_original": "http://sapl.olinda.pe.leg.br/media/", "ementa": "Requer que seja providenciada a aferi\u00e7\u00e3o de press\u00e3o arterial e aferi\u00e7\u00e3o de diabetes nas \u00e1reas que se praticam atividades f\u00edsicas, Est\u00e1dio do Grito da Rep\u00fablica, Vila Ol\u00edmpica do Rio Doce, cal\u00e7ad\u00e3o da orla e pra\u00e7a entre as Ruas das Margaridas e Tulipas na 2\u00aa etapa do Bairro de Rio Doce - Olinda;"}, {"id": "2242", "ano": "2021", "numero": "106", "tipo__sigla": "REQ", "tipo__descricao": "REQUERIMENTO", "autoria": "16 - BIAI", "texto_original": "http://sapl.olinda.pe.leg.br/media/", "ementa": "Requer servi\u00e7o de reposi\u00e7\u00e3o de ilumina\u00e7\u00e3o, limpeza, capina\u00e7\u00e3o, retirada de entulhos, pintura do meio-fio, como tamb\u00e9m a requalifica\u00e7\u00e3o da ilumina\u00e7\u00e3o da pra\u00e7a S\u00e3o Paulo entre as ruas 76 e 78 na IV etapa do Bairro De Rio Doce, Olinda, em toda sua extens\u00e3o."}, {"id": "2243", "ano": "2021", "numero": "107", "tipo__sigla": "REQ", "tipo__descricao": "REQUERIMENTO", "autoria": "16 - BIAI", "texto_original": "http://sapl.olinda.pe.leg.br/media/", "ementa": "Requer a constru\u00e7\u00e3o de cal\u00e7adas, na Avenida Carlos de Lima Cavalcanti, nos dois lados da avenida, no trecho entre a Avenida Frederico Lundgren e o Quartel da Pol\u00edcia Militar, no Bairro de Rio Doce \u2013 Olinda."}, {"id": "2244", "ano": "2021", "numero": "108", "tipo__sigla": "REQ", "tipo__descricao": "REQUERIMENTO", "autoria": "16 - BIAI", "texto_original": "http://sapl.olinda.pe.leg.br/media/", "ementa": "Requer que seja inserido no conjunto de pontos tur\u00edsticos religiosos, o santu\u00e1rio M\u00e3e Rainha, localizado no Morro do Peludo, em Ouro Preto \u2013 Olinda."}, {"id": "2245", "ano": "2021", "numero": "109", "tipo__sigla": "REQ", "tipo__descricao": "REQUERIMENTO", "autoria": "16 - BIAI", "texto_original": "http://sapl.olinda.pe.leg.br/media/", "ementa": "Requer a constru\u00e7\u00e3o de cal\u00e7adas na Avenida das Gar\u00e7as, na IV etapa do Bairro de Rio Doce \u2013 Olinda, no trecho entre a quadra 11 at\u00e9 a Avenida N\u00e1poles, bem como do lado oposto vindo da Avenida N\u00e1poles at\u00e9 a Rua da Amora."}, {"id": "2246", "ano": "2021", "numero": "110", "tipo__sigla": "REQ", "tipo__descricao": "REQUERIMENTO", "autoria": "07 - JESU\u00cdNO ARA\u00daJO", "texto_original": "http://sapl.olinda.pe.leg.br/media/", "ementa": "Ordem do dia, requer que seja feita Audi\u00eancia P\u00fablica para discurs\u00e3o da Lei n\u00b0 4849/1992;"}, {"id": "2247", "ano": "2021", "numero": "111", "tipo__sigla": "REQ", "tipo__descricao": "REQUERIMENTO", "autoria": "14 - RICARDO SOUSA", "texto_original": "http://sapl.olinda.pe.leg.br/media/", "ementa": "Requer o reparo e a poss\u00edvel troca de l\u00e2mpada do poste localizado na Rua 37 em frente ao n\u00b0 11, na IV etapa do Bairro de Rio Doce, nesta;"}, {"id": "2248", "ano": "2021", "numero": "112", "tipo__sigla": "REQ", "tipo__descricao": "REQUERIMENTO", "autoria": "14 - RICARDO SOUSA", "texto_original": "http://sapl.olinda.pe.leg.br/media/", "ementa": "Requer o reparo e a poss\u00edvel troca de l\u00e2mpada do poste localizado na Rua 82 em frente ao n\u00b0 115, na IV etapa do Bairro de Rio Doce, nesta;"}, {"id": "2249", "ano": "2021", "numero": "113", "tipo__sigla": "REQ", "tipo__descricao": "REQUERIMENTO", "autoria": "14 - RICARDO SOUSA", "texto_original": "http://sapl.olinda.pe.leg.br/media/", "ementa": "Requer o reparo e a troca das l\u00e2mpadas dos postes localizados na Rua da Amora esquina com Rua do Dend\u00ea na IV etapa em Rio Doce"}, {"id": "2250", "ano": "2021", "numero": "114", "tipo__sigla": "REQ", "tipo__descricao": "REQUERIMENTO", "autoria": "17 - VLADEMIR LABANCA", "texto_original": "http://sapl.olinda.pe.leg.br/media/", "ementa": "Requer que seja implantado uma Academia Pernambuco no Bairro de Ouro Preto, Jatob\u00e1, tendo em vista que este terreno se encontra baldio e de propriedade da prefeitura de Olinda. Ele fica entre a rua Joanas Cabral de Vasconcelos e Ant\u00f4nio Barreto em frente ao Armaz\u00e9m Tupan em Olinda;"}, {"id": "2251", "ano": "2021", "numero": "115", "tipo__sigla": "REQ", "tipo__descricao": "REQUERIMENTO", "autoria": "17 - VLADEMIR LABANCA", "texto_original": "http://sapl.olinda.pe.leg.br/media/", "ementa": "Requer servi\u00e7o de pavimenta\u00e7\u00e3o da Rua Artur de S\u00e1 no Bairro da Vila Popular em Olinda, CEP 53230-050;"}, {"id": "2252", "ano": "2021", "numero": "116", "tipo__sigla": "REQ", "tipo__descricao": "REQUERIMENTO", "autoria": "17 - VLADEMIR LABANCA", "texto_original": "http://sapl.olinda.pe.leg.br/media/", "ementa": "Requer que seja constru\u00edda uma pra\u00e7a p\u00fablica na Rua Gl\u00f3ria de Goit\u00e1, em frente a casa de n\u00b0 57 no Bairro de Guadalupe, Olinda;"}, {"id": "2253", "ano": "2021", "numero": "117", "tipo__sigla": "REQ", "tipo__descricao": "REQUERIMENTO", "autoria": "16 - Tonny Magalh\u00e3es", "texto_original": "http://sapl.olinda.pe.leg.br/media/", "ementa": "Requer a manuten\u00e7\u00e3o das escadas de alvenaria e a coloca\u00e7\u00e3o dos corrim\u00e3os, situados na orla de Olinda;"}, {"id": "2254", "ano": "2021", "numero": "118", "tipo__sigla": "REQ", "tipo__descricao": "REQUERIMENTO", "autoria": "16 - Tonny Magalh\u00e3es", "texto_original": "http://sapl.olinda.pe.leg.br/media/", "ementa": "Requer cal\u00e7amento da rua e constru\u00e7\u00e3o de canaletas do C\u00f3rrego da Esperan\u00e7a, no Bairro de \u00c1guas Compridas;"}, {"id": "2255", "ano": "2021", "numero": "119", "tipo__sigla": "REQ", "tipo__descricao": "REQUERIMENTO", "autoria": "16 - Tonny Magalh\u00e3es", "texto_original": "http://sapl.olinda.pe.leg.br/media/", "ementa": "Requer a restaura\u00e7\u00e3o da escadaria da Rua Viena, no Bairro de \u00c1guas Compridas, que fica localizada pr\u00f3ximo ao Berra boi;"}, {"id": "2256", "ano": "2021", "numero": "120", "tipo__sigla": "REQ", "tipo__descricao": "REQUERIMENTO", "autoria": "16 - Tonny Magalh\u00e3es", "texto_original": "http://sapl.olinda.pe.leg.br/media/", "ementa": "Requer o cal\u00e7amento da rua e canaletas do C\u00f3rrego do Abacate, no Bairro de \u00c1guas Compridas"}, {"id": "2257", "ano": "2021", "numero": "121", "tipo__sigla": "REQ", "tipo__descricao": "REQUERIMENTO", "autoria": "16 - BIAI", "texto_original": "http://sapl.olinda.pe.leg.br/media/", "ementa": "Requer requalifica\u00e7\u00e3o da Pra\u00e7a do \u00cdndio na IV etapa do Bairro de Rio Doce (Avenida das Gar\u00e7as, ap\u00f3s o Col\u00e9gio Jo\u00e3o de Matos Guimar\u00e3es);"}, {"id": "2258", "ano": "2021", "numero": "122", "tipo__sigla": "REQ", "tipo__descricao": "REQUERIMENTO", "autoria": "16 - BIAI", "texto_original": "http://sapl.olinda.pe.leg.br/media/", "ementa": "Requer coloca\u00e7\u00e3o de lombadas na Rua Humberto de Lima Mendes no Bairro do Jardim Fragoso \u2013 Olinda;"}, {"id": "2259", "ano": "2021", "numero": "123", "tipo__sigla": "REQ", "tipo__descricao": "REQUERIMENTO", "autoria": "16 - BIAI", "texto_original": "http://sapl.olinda.pe.leg.br/media/", "ementa": "Requer o complemento da lombada da Rua Di\u00f3genes Fernandes T\u00e1vora no Bairro do Jardim Fragoso \u2013 Olinda;"}, {"id": "2260", "ano": "2021", "numero": "124", "tipo__sigla": "REQ", "tipo__descricao": "REQUERIMENTO", "autoria": "16 - BIAI", "texto_original": "http://sapl.olinda.pe.leg.br/media/", "ementa": "Requer servi\u00e7os de na Quadra 20, Blocos A, B, C e D na Avenida das Gar\u00e7as na IV etapa do Bairro de Rio Doce \u2013 Olinda;"}, {"id": "2261", "ano": "2021", "numero": "125", "tipo__sigla": "REQ", "tipo__descricao": "REQUERIMENTO", "autoria": "16 - BIAI", "texto_original": "http://sapl.olinda.pe.leg.br/media/", "ementa": "Requer servi\u00e7os de limpeza, capina\u00e7\u00e3o, remo\u00e7\u00e3o de lixo e requalifica\u00e7\u00e3o da ilumina\u00e7\u00e3o p\u00fablica (coloca\u00e7\u00e3o de l\u00e2mpadas brancas), como tamb\u00e9m coloca\u00e7\u00e3o de tela, bancos brinquedo, etc., na pra\u00e7a da Rua B-19 na I etapa do Bairro de Rio Doce \u2013 Olinda;"}, {"id": "2262", "ano": "2021", "numero": "126", "tipo__sigla": "REQ", "tipo__descricao": "REQUERIMENTO", "autoria": "16 - BIAI", "texto_original": "http://sapl.olinda.pe.leg.br/media/", "ementa": "Requer servi\u00e7os de capina\u00e7\u00e3o Geral em toda a IV etapa do Bairro de Rio Doce \u2013 Olinda (Quadras 11, 13, 17, 18, 19, 20, 23, 26, 27, 28, 62, 63, 55, 56, 57, 68);"}, {"id": "2263", "ano": "2021", "numero": "127", "tipo__sigla": "REQ", "tipo__descricao": "REQUERIMENTO", "autoria": "17 - VLADEMIR LABANCA", "texto_original": "http://sapl.olinda.pe.leg.br/media/", "ementa": "Ordem do dia - Requer Audi\u00eancia P\u00fablica para discuss\u00e3o acerca do PAC Cidades Hist\u00f3ricas 2;"}, {"id": "2265", "ano": "2021", "numero": "128", "tipo__sigla": "REQ", "tipo__descricao": "REQUERIMENTO", "autoria": "16 - BIAI", "texto_original": "http://sapl.olinda.pe.leg.br/media/", "ementa": "Requer no sentido de oficiar as empresas de telefonia para n\u00e3o deixarem os fios (peda\u00e7os) de suas redes pendurados ou pelas cal\u00e7adas, pr\u00e1tica que vem causando transtornos para a popula\u00e7\u00e3o;"}, {"id": "2266", "ano": "2021", "numero": "129", "tipo__sigla": "REQ", "tipo__descricao": "REQUERIMENTO", "autoria": "16 - BIAI", "texto_original": "http://sapl.olinda.pe.leg.br/media/", "ementa": "Requer pavimenta\u00e7\u00e3o da Rua 68, na IV etapa do Bairro de Rio Doce, Olinda (em frente ao Col\u00e9gio Jo\u00e3o de Matos Guimar\u00e3es);"}, {"id": "2267", "ano": "2021", "numero": "130", "tipo__sigla": "REQ", "tipo__descricao": "REQUERIMENTO", "autoria": "07 - JESU\u00cdNO ARA\u00daJO", "texto_original": "http://sapl.olinda.pe.leg.br/media/", "ementa": "Requer cal\u00e7amento/asfalto para a Rua Bahia, CEP 53300-260 \u2013 Jardim Brasil, neste munic\u00edpio;"}, {"id": "2268", "ano": "2021", "numero": "132", "tipo__sigla": "REQ", "tipo__descricao": "REQUERIMENTO", "autoria": "05 - MIZAEL PRESTANISTA", "texto_original": "http://sapl.olinda.pe.leg.br/media/", "ementa": "Requer a realiza\u00e7\u00e3o da limpeza de canaleta, em frente a Escola Vereador Jos\u00e9 Mendes na estrada de Passarinho, bairro do Passarinho, neste Munic\u00edpio;"}, {"id": "2269", "ano": "2021", "numero": "133", "tipo__sigla": "REQ", "tipo__descricao": "REQUERIMENTO", "autoria": "05 - MIZAEL PRESTANISTA", "texto_original": "http://sapl.olinda.pe.leg.br/media/", "ementa": "Requer a realiza\u00e7\u00e3o da remo\u00e7\u00e3o de entulhos na Rua da Combina\u00e7\u00e3o, em frente ao n\u00ba 40, bairro do Passarinho, neste Munic\u00edpio"}, {"id": "2270", "ano": "2021", "numero": "134", "tipo__sigla": "REQ", "tipo__descricao": "REQUERIMENTO", "autoria": "05 - MIZAEL PRESTANISTA", "texto_original": "http://sapl.olinda.pe.leg.br/media/", "ementa": "Requer a coloca\u00e7\u00e3o de uma lombada na Rua Tainha, Quadra D1, pr\u00f3ximo a pra\u00e7a do queijo, bairro de Ouro Preto, neste munic\u00edpio;"}, {"id": "2271", "ano": "2021", "numero": "135", "tipo__sigla": "REQ", "tipo__descricao": "REQUERIMENTO", "autoria": "05 - MIZAEL PRESTANISTA", "texto_original": "http://sapl.olinda.pe.leg.br/media/", "ementa": "Requer limpeza de canaleta, nas proximidades da casa de n\u00b0 697 \u2013 na Rua da Combina\u00e7\u00e3o, bairro do Passarinho, neste Munic\u00edpio;"}, {"id": "2272", "ano": "2021", "numero": "136", "tipo__sigla": "REQ", "tipo__descricao": "REQUERIMENTO", "autoria": "05 - MIZAEL PRESTANISTA", "texto_original": "http://sapl.olinda.pe.leg.br/media/", "ementa": "Requer a troca de lumin\u00e1ria no poste em frente a resid\u00eancia de n\u00ba 04, na Estrada de Passarinho, bairro de Passarinho, neste Munic\u00edpio;"}, {"id": "2273", "ano": "2021", "numero": "137", "tipo__sigla": "REQ", "tipo__descricao": "REQUERIMENTO", "autoria": "05 - MIZAEL PRESTANISTA", "texto_original": "http://sapl.olinda.pe.leg.br/media/", "ementa": "Requer a troca de lumin\u00e1ria no poste em frente a resid\u00eancia de n\u00b0 70, na Rua da Combina\u00e7\u00e3o, bairro do Passarinho, neste Munic\u00edpio;"}, {"id": "2274", "ano": "2021", "numero": "138", "tipo__sigla": "REQ", "tipo__descricao": "REQUERIMENTO", "autoria": "16 - Tonny Magalh\u00e3es", "texto_original": "http://sapl.olinda.pe.leg.br/media/", "ementa": "Requer a reabertura do trecho da sa\u00edda da COHAB 7\u00b0 RO para a entrada da Av. Joaquim Nabuco, no bairro de Ouro Preto/COHAB;"}, {"id": "2283", "ano": "2021", "numero": "139", "tipo__sigla": "REQ", "tipo__descricao": "REQUERIMENTO", "autoria": "16 - Tonny Magalh\u00e3es", "texto_original": "http://sapl.olinda.pe.leg.br/media/", "ementa": "Requer cal\u00e7amento da Avenida Pedro Alvares Cabral, no Bairro de Jardim Fragoso, do trecho que vai do n\u00b066 at\u00e9 i in\u00edcio da ponte;"}, {"id": "2284", "ano": "2021", "numero": "140", "tipo__sigla": "REQ", "tipo__descricao": "REQUERIMENTO", "autoria": "16 - Tonny Magalh\u00e3es", "texto_original": "http://sapl.olinda.pe.leg.br/media/", "ementa": "Requer cal\u00e7amento da Rua Capivara, no Bairro de Jardim Fragoso;"}, {"id": "2285", "ano": "2021", "numero": "141", "tipo__sigla": "REQ", "tipo__descricao": "REQUERIMENTO", "autoria": "16 - Tonny Magalh\u00e3es", "texto_original": "http://sapl.olinda.pe.leg.br/media/", "ementa": "Requer cal\u00e7amento da Rua Jos\u00e9 Alexandre de Carvalho, no Bairro de Jardim Fragoso;"}, {"id": "2286", "ano": "2021", "numero": "142", "tipo__sigla": "REQ", "tipo__descricao": "REQUERIMENTO", "autoria": "17 - VLADEMIR LABANCA", "texto_original": "http://sapl.olinda.pe.leg.br/media/", "ementa": "Requer que seja priorizada a pavimenta\u00e7\u00e3o e rede drenagem na Rua da Boa Hora, no bairro de Varadouro."}, {"id": "2287", "ano": "2021", "numero": "143", "tipo__sigla": "REQ", "tipo__descricao": "REQUERIMENTO", "autoria": "17 - VLADEMIR LABANCA", "texto_original": "http://sapl.olinda.pe.leg.br/media/", "ementa": "Requer que seja priorizada o muro de arrimo no entorno do Morro da Tapia, na Barreira do Ros\u00e1rio, Monte."}, {"id": "2288", "ano": "2021", "numero": "144", "tipo__sigla": "REQ", "tipo__descricao": "REQUERIMENTO", "autoria": "14 - RICARDO SOUSA", "texto_original": "http://sapl.olinda.pe.leg.br/media/", "ementa": "Requer realiza\u00e7\u00e3o da a\u00e7\u00e3o Arrumando A Casa, na IV Etapa de Rio Doce, para realiza\u00e7\u00e3o de servi\u00e7os de Poda de \u00e1rvores, trocas de l\u00e2mpadas dos postes, desobstru\u00e7\u00e3o de canaletas, capina\u00e7\u00e3o, pintura de meio fio, tapa buracos dentre outros que comp\u00f5e a a\u00e7\u00e3o."}, {"id": "2289", "ano": "2021", "numero": "145", "tipo__sigla": "REQ", "tipo__descricao": "REQUERIMENTO", "autoria": "14 - RICARDO SOUSA", "texto_original": "http://sapl.olinda.pe.leg.br/media/", "ementa": "Requer limpeza e desassoreamento do canal da Avenida Colibri, na IV Etapa, no bairro de Rio Doce."}, {"id": "2290", "ano": "2021", "numero": "146", "tipo__sigla": "REQ", "tipo__descricao": "REQUERIMENTO", "autoria": "14 - RICARDO SOUSA", "texto_original": "http://sapl.olinda.pe.leg.br/media/", "ementa": "Requer limpeza e desassoreamento do canal da 1\u00aa Travessa da Rua Clotilde Pereira de Oliveira com a Rua Graviuna, na IV Etapa, no bairro de Rio Doce."}, {"id": "2291", "ano": "2021", "numero": "147", "tipo__sigla": "REQ", "tipo__descricao": "REQUERIMENTO", "autoria": "14 - RICARDO SOUSA", "texto_original": "http://sapl.olinda.pe.leg.br/media/", "ementa": "Requer limpeza e desassoreamento do canal da Rua 51, na V Etapa, no bairro de Rio Doce."}, {"id": "2292", "ano": "2021", "numero": "148", "tipo__sigla": "REQ", "tipo__descricao": "REQUERIMENTO", "autoria": "14 - RICARDO SOUSA", "texto_original": "http://sapl.olinda.pe.leg.br/media/", "ementa": "Requer limpeza e desassoreamento do canal da Av. Tiradentes, na IV Etapa, no bairro de Rio Doce."}, {"id": "2294", "ano": "2021", "numero": "150", "tipo__sigla": "REQ", "tipo__descricao": "REQUERIMENTO", "autoria": "14 - RICARDO SOUSA", "texto_original": "http://sapl.olinda.pe.leg.br/media/", "ementa": "Requer a realiza\u00e7\u00e3o de capina\u00e7\u00e3o e pintura do meio fio na Avenida D, na IV Etapa em Rio Doce."}, {"id": "2295", "ano": "2021", "numero": "151", "tipo__sigla": "REQ", "tipo__descricao": "REQUERIMENTO", "autoria": "14 - RICARDO SOUSA", "texto_original": "http://sapl.olinda.pe.leg.br/media/", "ementa": "Requer a realiza\u00e7\u00e3o de capina\u00e7\u00e3o e pintura do meio fio na Avenida das Gar\u00e7as, na IV Etapa, no bairro de Rio Doce."}, {"id": "2296", "ano": "2021", "numero": "152", "tipo__sigla": "REQ", "tipo__descricao": "REQUERIMENTO", "autoria": "14 - RICARDO SOUSA", "texto_original": "http://sapl.olinda.pe.leg.br/media/", "ementa": "Requer realiza\u00e7\u00e3o de capina\u00e7\u00e3o e pintura do meio fio na Avenida N\u00e1poles, na IV Etapa de Rio Doce."}, {"id": "2297", "ano": "2021", "numero": "153", "tipo__sigla": "REQ", "tipo__descricao": "REQUERIMENTO", "autoria": "14 - RICARDO SOUSA", "texto_original": "http://sapl.olinda.pe.leg.br/media/", "ementa": "Requer realiza\u00e7\u00e3o de capina\u00e7\u00e3o e pintura do meio fio na Avenida M\u00e9xico, na IV Etapa de Rio Doce."}, {"id": "2298", "ano": "2021", "numero": "154", "tipo__sigla": "REQ", "tipo__descricao": "REQUERIMENTO", "autoria": "16 - Tonny Magalh\u00e3es", "texto_original": "http://sapl.olinda.pe.leg.br/media/", "ementa": "Requer asfaltamento do Anel Vi\u00e1rio, no Bairro de Ouro Preto, Onde se interligam as Ruas Manoel Clementino Marques, Lucilo Varej\u00e3o e Rua C, antiga Rua Jenipapo;"}, {"id": "2299", "ano": "2021", "numero": "155", "tipo__sigla": "REQ", "tipo__descricao": "REQUERIMENTO", "autoria": "17 - VLADEMIR LABANCA", "texto_original": "http://sapl.olinda.pe.leg.br/media/", "ementa": "Reque a troca do poste localizada na Rua Nelsina Pereira da Silva, na frente da casa 1, Bloco C, pr\u00f3ximo ao motel desativado;"}, {"id": "2300", "ano": "2021", "numero": "156", "tipo__sigla": "REQ", "tipo__descricao": "REQUERIMENTO", "autoria": "16 - Tonny Magalh\u00e3es", "texto_original": "http://sapl.olinda.pe.leg.br/media/", "ementa": "Requer recapeamento do Terminal de \u00f4nibus no Bairro de Jardim Atl\u00e2ntico;"}, {"id": "2301", "ano": "2021", "numero": "157", "tipo__sigla": "REQ", "tipo__descricao": "REQUERIMENTO", "autoria": "05 - Everaldo Silva", "texto_original": "http://sapl.olinda.pe.leg.br/media/", "ementa": "Requer melhora na coleta de lixo e plant\u00e3o de conscientiza\u00e7\u00e3o na Comunidade do C\u00f3rrego Aureliano \u2013 \u00c1guas Compridas \u2013 Olinda;"}, {"id": "2302", "ano": "2021", "numero": "158", "tipo__sigla": "REQ", "tipo__descricao": "REQUERIMENTO", "autoria": "05 - Everaldo Silva", "texto_original": "http://sapl.olinda.pe.leg.br/media/", "ementa": "Requer interven\u00e7\u00e3o urgente no posto de sa\u00fade localizado na Avenida Castro Alves, n\u00b043 \u2013 Alto Nova Olinda;"}, {"id": "2303", "ano": "2021", "numero": "159", "tipo__sigla": "REQ", "tipo__descricao": "REQUERIMENTO", "autoria": "05 - Everaldo Silva", "texto_original": "http://sapl.olinda.pe.leg.br/media/", "ementa": "Requer limpeza e capina\u00e7\u00e3o das margens do Rio Lava Tripa \u2013 Aguas Compridas, na extens\u00e3o da Escola Raimundo Diniz \u00e0 Ponte do Afonso;"}, {"id": "2304", "ano": "2021", "numero": "160", "tipo__sigla": "REQ", "tipo__descricao": "REQUERIMENTO", "autoria": "05 - Everaldo Silva", "texto_original": "http://sapl.olinda.pe.leg.br/media/", "ementa": "Requer reparo na escadaria da 2\u00ba Travessa Sucupira \u2013 \u00c1guas Compridas;"}, {"id": "2305", "ano": "2021", "numero": "161", "tipo__sigla": "REQ", "tipo__descricao": "REQUERIMENTO", "autoria": "05 - Everaldo Silva", "texto_original": "http://sapl.olinda.pe.leg.br/media/", "ementa": "Requer interven\u00e7\u00e3o urgente na Escola Bem Estar localizada na Rua Pacificador, n\u00ba 94 - Sapucaia;"}, {"id": "2306", "ano": "2021", "numero": "162", "tipo__sigla": "REQ", "tipo__descricao": "REQUERIMENTO", "autoria": "05 - Everaldo Silva", "texto_original": "http://sapl.olinda.pe.leg.br/media/", "ementa": "Requer recupera\u00e7\u00e3o da escadaria localizada na Rua J\u00falio Louren\u00e7o \u2013 \u00c1guas Compridas;"}, {"id": "2307", "ano": "2021", "numero": "163", "tipo__sigla": "REQ", "tipo__descricao": "REQUERIMENTO", "autoria": "05 - Everaldo Silva", "texto_original": "http://sapl.olinda.pe.leg.br/media/", "ementa": "Requer limpeza e desobstru\u00e7\u00e3o de canaletas das Ruas Nelson de Melo Paes Barreto, C\u00f3rrego do Aureliano, C\u00f3rrego do Ant\u00e3o localizadas em \u00c1guas Compridas;"}, {"id": "2308", "ano": "2021", "numero": "164", "tipo__sigla": "REQ", "tipo__descricao": "REQUERIMENTO", "autoria": "05 - Everaldo Silva", "texto_original": "http://sapl.olinda.pe.leg.br/media/", "ementa": "Requer vistoria na obra realizada na Rua Travessa do Bambu \u2013 Alto Nova Olinda;"}, {"id": "2309", "ano": "2021", "numero": "165", "tipo__sigla": "REQ", "tipo__descricao": "REQUERIMENTO", "autoria": "05 - Everaldo Silva", "texto_original": "http://sapl.olinda.pe.leg.br/media/", "ementa": "Requer a\u00e7\u00f5es no posto de sa\u00fade localizado na Rua Assun\u00e7\u00e3o n\u00ba 600 \u2013 Alto Sol Nascente;"}, {"id": "2310", "ano": "2021", "numero": "166", "tipo__sigla": "REQ", "tipo__descricao": "REQUERIMENTO", "autoria": "05 - Everaldo Silva", "texto_original": "http://sapl.olinda.pe.leg.br/media/", "ementa": "Requer Recupera\u00e7\u00e3o definitiva da canaleta localizada no Cruzamento da Rua Alto Nova Olinda com a Rua Nelson de Melo Paes Barreto \u2013 \u00c1guas Compridas;"}, {"id": "2311", "ano": "2021", "numero": "167", "tipo__sigla": "REQ", "tipo__descricao": "REQUERIMENTO", "autoria": "17 - VLADEMIR LABANCA", "texto_original": "http://sapl.olinda.pe.leg.br/media/", "ementa": "Requer a limpeza e drenagem do Rio Capibaribe, na altura de Caixa D\u2019\u00c1gua;"}, {"id": "2312", "ano": "2021", "numero": "168", "tipo__sigla": "REQ", "tipo__descricao": "REQUERIMENTO", "autoria": "09 - Fl\u00e1vio Nascimento", "texto_original": "http://sapl.olinda.pe.leg.br/media/", "ementa": "Requer pavimenta\u00e7\u00e3o asf\u00e1ltica da Rua 44, na IV etapa do Bairro de Rio Doce;"}, {"id": "2313", "ano": "2021", "numero": "169", "tipo__sigla": "REQ", "tipo__descricao": "REQUERIMENTO", "autoria": "03 - FELIPE NASCIMENTO", "texto_original": "http://sapl.olinda.pe.leg.br/media/", "ementa": "Requer pavimenta\u00e7\u00e3o asf\u00e1ltica da Rua 46, na IV etapa do Bairro de Rio Doce;"}, {"id": "2314", "ano": "2021", "numero": "170", "tipo__sigla": "REQ", "tipo__descricao": "REQUERIMENTO", "autoria": "03 - FELIPE NASCIMENTO", "texto_original": "http://sapl.olinda.pe.leg.br/media/", "ementa": "Requer pavimenta\u00e7\u00e3o asf\u00e1ltica da Rua 47, na IV etapa do Bairro de Rio Doce;"}, {"id": "2315", "ano": "2021", "numero": "171", "tipo__sigla": "REQ", "tipo__descricao": "REQUERIMENTO", "autoria": "03 - FELIPE NASCIMENTO", "texto_original": "http://sapl.olinda.pe.leg.br/media/", "ementa": "Requer pavimenta\u00e7\u00e3o asf\u00e1tica da Rua 63, na V etapa do Bairro de Rio Doce;"}, {"id": "2316", "ano": "2021", "numero": "172", "tipo__sigla": "REQ", "tipo__descricao": "REQUERIMENTO", "autoria": "03 - FELIPE NASCIMENTO", "texto_original": "http://sapl.olinda.pe.leg.br/media/", "ementa": "Requer pavimenta\u00e7\u00e3o asf\u00e1ltica da Rua 15, na V etapa do Bairro de Rio Doce;"}, {"id": "2317", "ano": "2021", "numero": "173", "tipo__sigla": "REQ", "tipo__descricao": "REQUERIMENTO", "autoria": "15 - SAULO HOLANDA", "texto_original": "http://sapl.olinda.pe.leg.br/media/", "ementa": "Requer servi\u00e7os de limpeza das Canaletas na Rua Manoel Lisboa de Moura, Vilas das Pedreiras em Peixinho - Olinda;"}, {"id": "2318", "ano": "2021", "numero": "174", "tipo__sigla": "REQ", "tipo__descricao": "REQUERIMENTO", "autoria": "17 - Vinicius Castello", "texto_original": "http://sapl.olinda.pe.leg.br/media/", "ementa": "Requer a constru\u00e7\u00e3o de um muro de arrimo na barreira do Beco da Rua Ilma Cunha, Monte - Olinda;"}, {"id": "2319", "ano": "2021", "numero": "175", "tipo__sigla": "REQ", "tipo__descricao": "REQUERIMENTO", "autoria": "17 - Vinicius Castello", "texto_original": "http://sapl.olinda.pe.leg.br/media/", "ementa": "Requer o cal\u00e7amento da Rua Pedro Barros Pimentel, Ouro Preto - Olinda;"}, {"id": "2320", "ano": "2021", "numero": "176", "tipo__sigla": "REQ", "tipo__descricao": "REQUERIMENTO", "autoria": "17 - Vinicius Castello", "texto_original": "http://sapl.olinda.pe.leg.br/media/", "ementa": "Requer o cal\u00e7amento da Rua Manuel Ant\u00f4nio Ferreira, Ouro Preto - Olinda;"}, {"id": "2321", "ano": "2021", "numero": "177", "tipo__sigla": "REQ", "tipo__descricao": "REQUERIMENTO", "autoria": "14 - RICARDO SOUSA", "texto_original": "http://sapl.olinda.pe.leg.br/media/", "ementa": "Requer reparo e a poss\u00edvel troca das l\u00e2mpadas dos postes localizados na Rua 46 na IV etapa do Bairro de Rio Doce;"}, {"id": "2322", "ano": "2021", "numero": "178", "tipo__sigla": "REQ", "tipo__descricao": "REQUERIMENTO", "autoria": "14 - RICARDO SOUSA", "texto_original": "http://sapl.olinda.pe.leg.br/media/", "ementa": "Requer a troca de l\u00e2mpada do poste localizado na Avenida M\u00e9xico, esquina com Avenida Rio Doce, na IV etapa do Bairro de Rio Doce;"}, {"id": "2323", "ano": "2021", "numero": "179", "tipo__sigla": "REQ", "tipo__descricao": "REQUERIMENTO", "autoria": "14 - RICARDO SOUSA", "texto_original": "http://sapl.olinda.pe.leg.br/media/", "ementa": "Requer reparo e a poss\u00edvel troca da l\u00e2mpada do poste localizados na Rua 82, em frente ao n\u00b0115, na IV etapa do Bairro de Rio Doce;"}, {"id": "2324", "ano": "2021", "numero": "180", "tipo__sigla": "REQ", "tipo__descricao": "REQUERIMENTO", "autoria": "14 - RICARDO SOUSA", "texto_original": "http://sapl.olinda.pe.leg.br/media/", "ementa": "Requer poss\u00edvel troca de l\u00e2mpada do poste localizado na Avenida M\u00e9xico em frente ao Col\u00e9gio Integrado Crist\u00e3o, na 4\u00aa Etapa, do Bairro de Rio Doce;"}, {"id": "2325", "ano": "2021", "numero": "181", "tipo__sigla": "REQ", "tipo__descricao": "REQUERIMENTO", "autoria": "14 - RICARDO SOUSA", "texto_original": "http://sapl.olinda.pe.leg.br/media/", "ementa": "Requer que seja realizada a pavimenta\u00e7\u00e3o asf\u00e1ltica na Rua 52, na IV Etapa, do Bairro de Rio Doce;"}, {"id": "2326", "ano": "2021", "numero": "182", "tipo__sigla": "REQ", "tipo__descricao": "REQUERIMENTO", "autoria": "14 - RICARDO SOUSA", "texto_original": "http://sapl.olinda.pe.leg.br/media/", "ementa": "Requer que seja realizada a pavimenta\u00e7\u00e3o em paralelep\u00edpedo na Rua do Dend\u00ea, na IV Etapa, do Bairro de Rio Doce;"}, {"id": "2327", "ano": "2021", "numero": "183", "tipo__sigla": "REQ", "tipo__descricao": "REQUERIMENTO", "autoria": "14 - RICARDO SOUSA", "texto_original": "http://sapl.olinda.pe.leg.br/media/", "ementa": "Requer que seja realizada a pavimenta\u00e7\u00e3o em paralelep\u00edpedo na Rua 69, na IV Etapa, do Bairro de Rio Doce;"}, {"id": "2328", "ano": "2021", "numero": "184", "tipo__sigla": "REQ", "tipo__descricao": "REQUERIMENTO", "autoria": "14 - RICARDO SOUSA", "texto_original": "http://sapl.olinda.pe.leg.br/media/", "ementa": "Requer que seja realizada a pavimenta\u00e7\u00e3o em paralelep\u00edpedo na Rua 11, na IV Etapa, no Bairro de Rio Doce;"}, {"id": "2329", "ano": "2021", "numero": "185", "tipo__sigla": "REQ", "tipo__descricao": "REQUERIMENTO", "autoria": "14 - RICARDO SOUSA", "texto_original": "http://sapl.olinda.pe.leg.br/media/", "ementa": "Requer que seja realizada a troca de l\u00e2mpada do poste localizado na Rua Pr. Ant\u00f4nio Henrique, em frente ao n\u00ba 85, na Terceira Etapa do Bairro de Rio Doce;"}, {"id": "2330", "ano": "2021", "numero": "186", "tipo__sigla": "REQ", "tipo__descricao": "REQUERIMENTO", "autoria": "14 - RICARDO SOUSA", "texto_original": "http://sapl.olinda.pe.leg.br/media/", "ementa": "Requer que seja realizada a troca de l\u00e2mpada do poste localizado na Rua Escritor Miranda Magalh\u00e3es, em frente ao n\u00ba 175, na Terceira Etapa do Bairro de Rio Doce;"}, {"id": "2331", "ano": "2021", "numero": "187", "tipo__sigla": "REQ", "tipo__descricao": "REQUERIMENTO", "autoria": "14 - RICARDO SOUSA", "texto_original": "http://sapl.olinda.pe.leg.br/media/", "ementa": "Requer que seja realizada a pavimenta\u00e7\u00e3o em paralelep\u00edpedo na Rua 8, na IV Etapa do Bairro de Rio Doce;"}, {"id": "2332", "ano": "2021", "numero": "188", "tipo__sigla": "REQ", "tipo__descricao": "REQUERIMENTO", "autoria": "14 - RICARDO SOUSA", "texto_original": "http://sapl.olinda.pe.leg.br/media/", "ementa": "Requer que seja realizada a pavimenta\u00e7\u00e3o em paralelep\u00edpedo na Rua 7, na IV Etapa do Bairro de Rio Doce;"}, {"id": "2333", "ano": "2021", "numero": "189", "tipo__sigla": "REQ", "tipo__descricao": "REQUERIMENTO", "autoria": "14 - RICARDO SOUSA", "texto_original": "http://sapl.olinda.pe.leg.br/media/", "ementa": "Requer que seja realizada a pavimenta\u00e7\u00e3o em paralelep\u00edpedo na Rua 41, na IV Etapa do Bairro de Rio Doce;"}, {"id": "2334", "ano": "2021", "numero": "190", "tipo__sigla": "REQ", "tipo__descricao": "REQUERIMENTO", "autoria": "14 - RICARDO SOUSA", "texto_original": "http://sapl.olinda.pe.leg.br/media/", "ementa": "Requer que seja realizada a pavimenta\u00e7\u00e3o em paralelep\u00edpedo na Rua 44, na IV Etapa do Bairro de Rio Doce;"}, {"id": "2335", "ano": "2021", "numero": "191", "tipo__sigla": "REQ", "tipo__descricao": "REQUERIMENTO", "autoria": "14 - RICARDO SOUSA", "texto_original": "http://sapl.olinda.pe.leg.br/media/", "ementa": "Requer que seja realizada a pavimenta\u00e7\u00e3o em paralelep\u00edpedo na Rua 46, na IV Etapa do Bairro de Rio Doce;"}, {"id": "2336", "ano": "2021", "numero": "192", "tipo__sigla": "REQ", "tipo__descricao": "REQUERIMENTO", "autoria": "14 - RICARDO SOUSA", "texto_original": "http://sapl.olinda.pe.leg.br/media/", "ementa": "Requer que seja realizada a pavimenta\u00e7\u00e3o em paralelep\u00edpedo na Rua 47, na IV Etapa do Bairro de Rio Doce;"}, {"id": "2337", "ano": "2021", "numero": "193", "tipo__sigla": "REQ", "tipo__descricao": "REQUERIMENTO", "autoria": "14 - RICARDO SOUSA", "texto_original": "http://sapl.olinda.pe.leg.br/media/", "ementa": "Requer que seja realizada a pavimenta\u00e7\u00e3o em paralelep\u00edpedo na Rua 55, na IV Etapa do Bairro de Rio Doce;"}, {"id": "2338", "ano": "2021", "numero": "194", "tipo__sigla": "REQ", "tipo__descricao": "REQUERIMENTO", "autoria": "14 - RICARDO SOUSA", "texto_original": "http://sapl.olinda.pe.leg.br/media/", "ementa": "Requer que seja realizada a pavimenta\u00e7\u00e3o em paralelep\u00edpedo na Rua 68, na IV Etapa do Bairro de Rio Doce;"}, {"id": "2339", "ano": "2021", "numero": "195", "tipo__sigla": "REQ", "tipo__descricao": "REQUERIMENTO", "autoria": "14 - RICARDO SOUSA", "texto_original": "http://sapl.olinda.pe.leg.br/media/", "ementa": "Requer a realiza\u00e7\u00e3o de capina\u00e7\u00e3o e pintura do meio fio na Avenida N\u00e1poles, na IV Etapa, do Bairro de Rio Doce;"}, {"id": "2340", "ano": "2021", "numero": "196", "tipo__sigla": "REQ", "tipo__descricao": "REQUERIMENTO", "autoria": "14 - RICARDO SOUSA", "texto_original": "http://sapl.olinda.pe.leg.br/media/", "ementa": "Requer a realiza\u00e7\u00e3o de capina\u00e7\u00e3o e pintura do meio fio na Avenida M\u00e9xico, na IV Etapa, do Bairro de Rio Doce;"}, {"id": "2341", "ano": "2021", "numero": "197", "tipo__sigla": "REQ", "tipo__descricao": "REQUERIMENTO", "autoria": "14 - RICARDO SOUSA", "texto_original": "http://sapl.olinda.pe.leg.br/media/", "ementa": "Requer a realiza\u00e7\u00e3o de capina\u00e7\u00e3o e pintura do meio fio na Avenida das Gar\u00e7as, na IV Etapa, do Bairro de Rio Doce;"}, {"id": "2342", "ano": "2021", "numero": "198", "tipo__sigla": "REQ", "tipo__descricao": "REQUERIMENTO", "autoria": "14 - RICARDO SOUSA", "texto_original": "http://sapl.olinda.pe.leg.br/media/", "ementa": "Requer a realiza\u00e7\u00e3o de conserto, capina\u00e7\u00e3o e pintura do meio fio na Rua da Amora, na IV Etapa, do Bairro de Rio Doce;"}, {"id": "2343", "ano": "2021", "numero": "199", "tipo__sigla": "REQ", "tipo__descricao": "REQUERIMENTO", "autoria": "14 - RICARDO SOUSA", "texto_original": "http://sapl.olinda.pe.leg.br/media/", "ementa": "Requer que seja realizada a troca de l\u00e2mpada do poste localizado na rua 37, em frente ao n\u00ba 155, na V Etapa do Bairro de Rio Doce;"}, {"id": "2344", "ano": "2021", "numero": "200", "tipo__sigla": "REQ", "tipo__descricao": "REQUERIMENTO", "autoria": "17 - VLADEMIR LABANCA", "texto_original": "http://sapl.olinda.pe.leg.br/media/", "ementa": "Requer que seja feito o servi\u00e7o de capina\u00e7\u00e3o, como tamb\u00e9m, a pavimenta\u00e7\u00e3o da Rua Capivara, localizada no Bairro de Jardim Fragoso, na Cidade de Olinda. CEP: 53250-110;"}, {"id": "2345", "ano": "2021", "numero": "201", "tipo__sigla": "REQ", "tipo__descricao": "REQUERIMENTO", "autoria": "14 - RICARDO SOUSA", "texto_original": "http://sapl.olinda.pe.leg.br/media/", "ementa": "Requer a realiza\u00e7\u00e3o de capina\u00e7\u00e3o e pintura do meio fio, na Rua 37, na IV Etapa do Bairro de Rio Doce;"}, {"id": "2348", "ano": "2021", "numero": "202", "tipo__sigla": "REQ", "tipo__descricao": "REQUERIMENTO", "autoria": "16 - Tonny Magalh\u00e3es", "texto_original": "http://sapl.olinda.pe.leg.br/media/", "ementa": "Requer cal\u00e7amento da Rua C1, C3, C8 e F4, conhecida como Rua da Associa\u00e7\u00e3o dos moradores da COHAB, no Bairro de Ouro Preto;"}, {"id": "2346", "ano": "2021", "numero": "203", "tipo__sigla": "REQ", "tipo__descricao": "REQUERIMENTO", "autoria": "16 - Tonny Magalh\u00e3es", "texto_original": "http://sapl.olinda.pe.leg.br/media/", "ementa": "Requer que sejam tomadas as provid\u00eancias sobre uma a\u00e7\u00e3o, em rela\u00e7\u00e3o a troca de l\u00e2mpadas por LED, na COHAB, no Bairro de Ouro Preto;"}, {"id": "2347", "ano": "2021", "numero": "204", "tipo__sigla": "REQ", "tipo__descricao": "REQUERIMENTO", "autoria": "16 - Tonny Magalh\u00e3es", "texto_original": "http://sapl.olinda.pe.leg.br/media/", "ementa": "Requer uma a\u00e7\u00e3o, em rela\u00e7\u00e3o ao \u201cArrumando a casa\u201d e \u201cExames de mama\u201d na COHAB, no Bairro de Ouro Preto;"}, {"id": "2349", "ano": "2021", "numero": "205", "tipo__sigla": "REQ", "tipo__descricao": "REQUERIMENTO", "autoria": "16 - Tonny Magalh\u00e3es", "texto_original": "http://sapl.olinda.pe.leg.br/media/", "ementa": "Requer que sejam tomadas as provid\u00eancias em rela\u00e7\u00e3o a revitaliza\u00e7\u00e3o da Pra\u00e7a da PE-15, no Bairro de Ouro Preto;"}, {"id": "2350", "ano": "2021", "numero": "206", "tipo__sigla": "REQ", "tipo__descricao": "REQUERIMENTO", "autoria": "16 - Tonny Magalh\u00e3es", "texto_original": "http://sapl.olinda.pe.leg.br/media/", "ementa": "Requer a disponibiliza\u00e7\u00e3o de um Gari para efetuar diariamente a limpeza da Pra\u00e7a Felipe Bezerra Coelho, conhecida como Pra\u00e7a da COHAB, e tamb\u00e9m, a Quadra Poliesportiva, no Bairro de Ouro Preto;"}, {"id": "2351", "ano": "2021", "numero": "207", "tipo__sigla": "REQ", "tipo__descricao": "REQUERIMENTO", "autoria": "16 - Tonny Magalh\u00e3es", "texto_original": "http://sapl.olinda.pe.leg.br/media/", "ementa": "Requer que sejam tomadas as provid\u00eancias em rela\u00e7\u00e3o ao cal\u00e7amento da Rua 32, na IV Etapa, do Bairro de Rio Doce. CEP: 53080-090;"}, {"id": "2352", "ano": "2021", "numero": "208", "tipo__sigla": "REQ", "tipo__descricao": "REQUERIMENTO", "autoria": "16 - Tonny Magalh\u00e3es", "texto_original": "http://sapl.olinda.pe.leg.br/media/", "ementa": "Requer que seja elaborado um levantamento da quantidade de vacinas disponibilizadas ao Munic\u00edpio de Olinda, assim como, a quantidade de vacinas j\u00e1 utilizadas neste Munic\u00edpio, com o intuito de prestar esclarecimentos \u00e0 popula\u00e7\u00e3o;"}, {"id": "2353", "ano": "2021", "numero": "209", "tipo__sigla": "REQ", "tipo__descricao": "REQUERIMENTO", "autoria": "15 - SAULO HOLANDA", "texto_original": "http://sapl.olinda.pe.leg.br/media/", "ementa": "Requer Voto de Aplausos e Congratula\u00e7\u00f5es ao Presidente da Assembl\u00e9ia do Estado de Pernambuco, Deputado Eriberto Medeiros (PP), pela coordena\u00e7\u00e3o da mobiliza\u00e7\u00e3o pol\u00edtica para a vinda da noca sede da Escola de Sagentos  de Armas (ESA) no Estado de Pernambuco;"}, {"id": "2354", "ano": "2021", "numero": "210", "tipo__sigla": "REQ", "tipo__descricao": "REQUERIMENTO", "autoria": "17 - Vinicius Castello", "texto_original": "http://sapl.olinda.pe.leg.br/media/", "ementa": "Requer a revitaliza\u00e7\u00e3o da Pra\u00e7a \u201cFogo sobre Terra\u201d localizada na Rua Acapurana, 242 \u2013 Ouro Preto;"}, {"id": "2355", "ano": "2021", "numero": "211", "tipo__sigla": "REQ", "tipo__descricao": "REQUERIMENTO", "autoria": "17 - Vinicius Castello", "texto_original": "http://sapl.olinda.pe.leg.br/media/", "ementa": "Requer a cobertura de lona na barreira localizada na Rua do Amanhecer, n\u00ba 400 \u2013 \u00c1guas Compridas;"}, {"id": "2356", "ano": "2021", "numero": "212", "tipo__sigla": "REQ", "tipo__descricao": "REQUERIMENTO", "autoria": "17 - Vinicius Castello", "texto_original": "http://sapl.olinda.pe.leg.br/media/", "ementa": "Requer a limpeza e capina\u00e7\u00e3o da Rua do Amanhecer, n\u00ba 400 \u2013 \u00c1guas Compridas;"}, {"id": "2357", "ano": "2021", "numero": "213", "tipo__sigla": "REQ", "tipo__descricao": "REQUERIMENTO", "autoria": "17 - Vinicius Castello", "texto_original": "http://sapl.olinda.pe.leg.br/media/", "ementa": "Requer a cobertura de lona na barreira localizada na estrada de \u00c1guas Compridas;"}, {"id": "2358", "ano": "2021", "numero": "214", "tipo__sigla": "REQ", "tipo__descricao": "REQUERIMENTO", "autoria": "17 - Vinicius Castello", "texto_original": "http://sapl.olinda.pe.leg.br/media/", "ementa": "Requer poda\u00e7\u00e3o das cajazeiras e p\u00e9 de azeitona localizados na Avenida das Gar\u00e7as, Quadra 13, IV etapa de Rio Doce, por tr\u00e1s do Bloco F;"}, {"id": "2359", "ano": "2021", "numero": "215", "tipo__sigla": "REQ", "tipo__descricao": "REQUERIMENTO", "autoria": "17 - Vinicius Castello", "texto_original": "http://sapl.olinda.pe.leg.br/media/", "ementa": "Requer a instala\u00e7\u00e3o de l\u00e2mpadas no poste localizado na Avenida das Gar\u00e7as, Quadra 13;"}, {"id": "2360", "ano": "2021", "numero": "216", "tipo__sigla": "REQ", "tipo__descricao": "REQUERIMENTO", "autoria": "17 - Vinicius Castello", "texto_original": "http://sapl.olinda.pe.leg.br/media/", "ementa": "Requer esclarecimentos referente ao Plano Municipal de Vacina\u00e7\u00e3o contra o COVID-19;"}, {"id": "2361", "ano": "2021", "numero": "217", "tipo__sigla": "REQ", "tipo__descricao": "REQUERIMENTO", "autoria": "17 - Vinicius Castello", "texto_original": "http://sapl.olinda.pe.leg.br/media/", "ementa": "Requer requalifica\u00e7\u00e3o e cria\u00e7\u00e3o de uma pra\u00e7a na Avenida das Gar\u00e7as, Quadra 13, IV etapa de Rio Doce, por tr\u00e1s do Bloco F;"}, {"id": "2362", "ano": "2021", "numero": "218", "tipo__sigla": "REQ", "tipo__descricao": "REQUERIMENTO", "autoria": "17 - Vinicius Castello", "texto_original": "http://sapl.olinda.pe.leg.br/media/", "ementa": "Requer esclarecimentos sobre o Protocolo Municipal de Volta as Aulas, visando o combate e preven\u00e7\u00e3o ao COVID-19 no ano letivo de 2021;"}, {"id": "2363", "ano": "2021", "numero": "219", "tipo__sigla": "REQ", "tipo__descricao": "REQUERIMENTO", "autoria": "03 - FELIPE NASCIMENTO", "texto_original": "http://sapl.olinda.pe.leg.br/media/", "ementa": "Requer servi\u00e7o de pavimenta\u00e7\u00e3o asf\u00e1ltica da Rua do Bigode, na III Etapa, no Bairro de Rio Doce;"}, {"id": "2364", "ano": "2021", "numero": "220", "tipo__sigla": "REQ", "tipo__descricao": "REQUERIMENTO", "autoria": "03 - FELIPE NASCIMENTO", "texto_original": "http://sapl.olinda.pe.leg.br/media/", "ementa": "Requer servi\u00e7o de pavimenta\u00e7\u00e3o asf\u00e1ltica da Rua Iracy de Queiroz, na III Etapa, no Bairro de Rio Doce;"}, {"id": "2365", "ano": "2021", "numero": "221", "tipo__sigla": "REQ", "tipo__descricao": "REQUERIMENTO", "autoria": "03 - FELIPE NASCIMENTO", "texto_original": "http://sapl.olinda.pe.leg.br/media/", "ementa": "Requer que seja encaminhado of\u00edcio em formato de apelo \u00e0 AMBEV para incluir Olinda nas cidades a qual a referida empresa dar\u00e1 aux\u00edlio financeiro de R$100,00 \u00e0 catadores, uma vez que, nossa cidade sempre teve uma parceria nos carnavais com essa conceituada empresa;"}, {"id": "2366", "ano": "2021", "numero": "222", "tipo__sigla": "REQ", "tipo__descricao": "REQUERIMENTO", "autoria": "03 - FELIPE NASCIMENTO", "texto_original": "http://sapl.olinda.pe.leg.br/media/", "ementa": "Requer VOTO DE PESAR pelo falecimento do ent\u00e3o vice Presidente do Executivo, Senhor S\u00e9rgio Jardelino, que faleceu neste domingo (14 de fevereiro) aos 63 anos, em consequ\u00eancia de complica\u00e7\u00f5es da COVID-19;"}, {"id": "2367", "ano": "2021", "numero": "223", "tipo__sigla": "REQ", "tipo__descricao": "REQUERIMENTO", "autoria": "03 - FELIPE NASCIMENTO", "texto_original": "http://sapl.olinda.pe.leg.br/media/", "ementa": "Requer VOTO DE APLAUSOS, ao reitor da Universidade Cat\u00f3lica de Pernambuco (UNICAP), Vossa Senhoria Padre Pedro Rubens, pela importante parceria firmada com a Prefeitura de Olinda, onde na ocasi\u00e3o foi acordado a abertura de um Campus de Extens\u00e3o no Bairro de Caixa D\u2019\u00e1gua;"}, {"id": "2368", "ano": "2021", "numero": "224", "tipo__sigla": "REQ", "tipo__descricao": "REQUERIMENTO", "autoria": "14 - RICARDO SOUSA", "texto_original": "http://sapl.olinda.pe.leg.br/media/", "ementa": "Requer a troca de l\u00e2mpada do poste 9353, localizado na Rua 35, na IV Etapa, no Bairro de Rio Doce;"}, {"id": "2369", "ano": "2021", "numero": "225", "tipo__sigla": "REQ", "tipo__descricao": "REQUERIMENTO", "autoria": "14 - RICARDO SOUSA", "texto_original": "http://sapl.olinda.pe.leg.br/media/", "ementa": "Requer a troca de l\u00e2mpada do poste localizado na Quadra 43, bloco D, na IV Etapa, no Bairro de Rio Doce;"}, {"id": "2370", "ano": "2021", "numero": "226", "tipo__sigla": "REQ", "tipo__descricao": "REQUERIMENTO", "autoria": "14 - RICARDO SOUSA", "texto_original": "http://sapl.olinda.pe.leg.br/media/", "ementa": "Requer a troca de l\u00e2mpada no poste A010476, localizado na Rua Arthur Guimar\u00e3es de Souza, na III Etapa, no Bairro de Rio Doce;"}, {"id": "2371", "ano": "2021", "numero": "227", "tipo__sigla": "REQ", "tipo__descricao": "REQUERIMENTO", "autoria": "14 - RICARDO SOUSA", "texto_original": "http://sapl.olinda.pe.leg.br/media/", "ementa": "Requer a troca de l\u00e2mpada de poste A022441, localizado na Rua Arthur Guimar\u00e3es de Souza, na III Etapa, no Bairro de Rio Doce;"}, {"id": "2372", "ano": "2021", "numero": "228", "tipo__sigla": "REQ", "tipo__descricao": "REQUERIMENTO", "autoria": "14 - RICARDO SOUSA", "texto_original": "http://sapl.olinda.pe.leg.br/media/", "ementa": "Requer a troca de l\u00e2mpada de poste A006394, localizado na Rua Arthur Guimar\u00e3es de Souza, na III Etapa, no Bairro de Rio Doce;"}, {"id": "2373", "ano": "2021", "numero": "229", "tipo__sigla": "REQ", "tipo__descricao": "REQUERIMENTO", "autoria": "14 - RICARDO SOUSA", "texto_original": "http://sapl.olinda.pe.leg.br/media/", "ementa": "Requer a troca de l\u00e2mpada de poste A022443, localizado na Rua Arthur Guimar\u00e3es de Souza, na III Etapa, no Bairro de Rio Doce;"}, {"id": "2374", "ano": "2021", "numero": "230", "tipo__sigla": "REQ", "tipo__descricao": "REQUERIMENTO", "autoria": "14 - RICARDO SOUSA", "texto_original": "http://sapl.olinda.pe.leg.br/media/", "ementa": "Requer a troca de l\u00e2mpada de poste localizado na Rua 61, Quadra 19, pr\u00f3ximo ao Bloco D, na IV Etapa no Bairro de Rio Doce;"}, {"id": "2375", "ano": "2021", "numero": "231", "tipo__sigla": "REQ", "tipo__descricao": "REQUERIMENTO", "autoria": "14 - RICARDO SOUSA", "texto_original": "http://sapl.olinda.pe.leg.br/media/", "ementa": "Requer a troca de l\u00e2mpada do segundo poste ap\u00f3s o de n\u00famero A608941, localizado na Rua 18, na IV Etapa do Bairro de Rio Doce;"}, {"id": "2376", "ano": "2021", "numero": "232", "tipo__sigla": "REQ", "tipo__descricao": "REQUERIMENTO", "autoria": "14 - RICARDO SOUSA", "texto_original": "http://sapl.olinda.pe.leg.br/media/", "ementa": "Requer a troca de l\u00e2mpada do poste A608941, localizado na Rua 18, na IV Etapa de Rio Doce;"}, {"id": "2377", "ano": "2021", "numero": "233", "tipo__sigla": "REQ", "tipo__descricao": "REQUERIMENTO", "autoria": "14 - RICARDO SOUSA", "texto_original": "http://sapl.olinda.pe.leg.br/media/", "ementa": "Requer o reparo e poss\u00edvel troca de l\u00e2mpada do segundo poste da Rua 17, na IV Etapa, no Bairro de Rio Doce;"}, {"id": "2378", "ano": "2021", "numero": "234", "tipo__sigla": "REQ", "tipo__descricao": "REQUERIMENTO", "autoria": "14 - RICARDO SOUSA", "texto_original": "http://sapl.olinda.pe.leg.br/media/", "ementa": "Requer o reparo e poss\u00edvel troca de l\u00e2mpada do primeiro poste da Rua 17, na IV Etapa, no Bairro de Rio Doce;"}, {"id": "2379", "ano": "2021", "numero": "235", "tipo__sigla": "REQ", "tipo__descricao": "REQUERIMENTO", "autoria": "14 - RICARDO SOUSA", "texto_original": "http://sapl.olinda.pe.leg.br/media/", "ementa": "Requer que seja verificada a situa\u00e7\u00e3o de um bueiro que se encontra aberto h\u00e1 muito tempo, na esquina da Av. Fagundes Varela, esquina com a Rua Olavo Bilac, em frente a Banca da Monte Carlos Loteria, na IV Etapa de Rio Doce;"}, {"id": "2380", "ano": "2021", "numero": "236", "tipo__sigla": "REQ", "tipo__descricao": "REQUERIMENTO", "autoria": "14 - RICARDO SOUSA", "texto_original": "http://sapl.olinda.pe.leg.br/media/", "ementa": "Requer que seja realizada a troca de l\u00e2mpada do poste localizado na Rua Jambo, em frente ao n\u00ba 56. Na III Etapa de Rio Doce;"}, {"id": "2381", "ano": "2021", "numero": "237", "tipo__sigla": "REQ", "tipo__descricao": "REQUERIMENTO", "autoria": "14 - RICARDO SOUSA", "texto_original": "http://sapl.olinda.pe.leg.br/media/", "ementa": "Requer que seja realizada a troca de l\u00e2mpada do poste localizado na Rua 68, pr\u00f3ximo ao n\u00ba 105 A, na IV Etapa de Rio Doce;"}, {"id": "2382", "ano": "2021", "numero": "238", "tipo__sigla": "REQ", "tipo__descricao": "REQUERIMENTO", "autoria": "14 - RICARDO SOUSA", "texto_original": "http://sapl.olinda.pe.leg.br/media/", "ementa": "Requer que seja realizada a troca de l\u00e2mpada do poste localizado na Rua 68, rua da Escola Jo\u00e3o Matos Guimar\u00e3es, pr\u00f3ximo ao n\u00ba56 A, na IV Etapa de Rio Doce;"}, {"id": "2383", "ano": "2021", "numero": "239", "tipo__sigla": "REQ", "tipo__descricao": "REQUERIMENTO", "autoria": "15 - SAULO HOLANDA", "texto_original": "http://sapl.olinda.pe.leg.br/media/", "ementa": "Requer servi\u00e7os de limpeza do canal na Rua Nig\u00e9ria em Aguazinha \u2013 Olinda;"}, {"id": "2384", "ano": "2021", "numero": "240", "tipo__sigla": "REQ", "tipo__descricao": "REQUERIMENTO", "autoria": "17 - Vinicius Castello", "texto_original": "http://sapl.olinda.pe.leg.br/media/", "ementa": "Requer voto de pesar pelo falecimento de Guitinho da Xamb\u00e1 e sejam apresentadas condol\u00eancias \u00e0 sua fam\u00edlia, ao Terreiro do Port\u00e3o do Gelo e ao grupo Bong\u00e1;"}, {"id": "2385", "ano": "2021", "numero": "241", "tipo__sigla": "REQ", "tipo__descricao": "REQUERIMENTO", "autoria": "16 - Tonny Magalh\u00e3es", "texto_original": "http://sapl.olinda.pe.leg.br/media/", "ementa": "Requer cal\u00e7amento da Rua C1, C5, C8 e F4, conhecida como Rua da Associa\u00e7\u00e3o dos moradores da COHAB, no Bairro de Ouro Preto;"}, {"id": "2386", "ano": "2021", "numero": "242", "tipo__sigla": "REQ", "tipo__descricao": "REQUERIMENTO", "autoria": "16 - Tonny Magalh\u00e3es", "texto_original": "http://sapl.olinda.pe.leg.br/media/", "ementa": "Requer troca de l\u00e2mpadas por LED, da Rua Istambul, no Bairro de \u00c1guas Compridas;"}, {"id": "2387", "ano": "2021", "numero": "243", "tipo__sigla": "REQ", "tipo__descricao": "REQUERIMENTO", "autoria": "16 - Tonny Magalh\u00e3es", "texto_original": "http://sapl.olinda.pe.leg.br/media/", "ementa": "Requer cal\u00e7amento da rua Geraldo Silva, no Bairro do Alto da Na\u00e7\u00e3o \u2013 CEP 55240-090;"}, {"id": "2388", "ano": "2021", "numero": "244", "tipo__sigla": "REQ", "tipo__descricao": "REQUERIMENTO", "autoria": "16 - Tonny Magalh\u00e3es", "texto_original": "http://sapl.olinda.pe.leg.br/media/", "ementa": "Requer cal\u00e7amento da Rua Maria Jos\u00e9 Cabral, conhecida como antiga Rua 49, na IV etapa de Rio Doce, tendo como ponto de refer\u00eancia a Associa\u00e7\u00e3o Esp\u00edrita Lar Transit\u00f3rio e Christie;"}, {"id": "2389", "ano": "2021", "numero": "245", "tipo__sigla": "REQ", "tipo__descricao": "REQUERIMENTO", "autoria": "16 - Tonny Magalh\u00e3es", "texto_original": "http://sapl.olinda.pe.leg.br/media/", "ementa": "Requer troca de l\u00e2mpadas por LED da Avenida Dr. Joaquim Nabuco, no Bairro de Ouro Preto \u2013 CEP 53370-285;"}, {"id": "2279", "ano": "2021", "numero": "246", "tipo__sigla": "REQ", "tipo__descricao": "REQUERIMENTO", "autoria": "15 - SAULO HOLANDA", "texto_original": "http://sapl.olinda.pe.leg.br/media/", "ementa": "Requer servi\u00e7os de limpeza das canaletas na rua dos Coqueiros em Caixa D\u2019\u00e1gua."}, {"id": "2280", "ano": "2021", "numero": "247", "tipo__sigla": "REQ", "tipo__descricao": "REQUERIMENTO", "autoria": "10 - Joj\u00f3 Guerra", "texto_original": "http://sapl.olinda.pe.leg.br/media/", "ementa": "Requer inclus\u00e3o no Projeto de Lei que disp\u00f5e sobre a a\u00e7\u00e3o emergencial municipal, sob a forma de aux\u00edlio, das seguintes categorias: Guias de Turismo, Condutores Locais, Empresas de Vans e \u00d4nibus prestadores de servi\u00e7os tur\u00edsticos de Olinda e ambulantes cadastrados."}, {"id": "2281", "ano": "2021", "numero": "248", "tipo__sigla": "REQ", "tipo__descricao": "REQUERIMENTO", "autoria": "03 - FELIPE NASCIMENTO", "texto_original": "http://sapl.olinda.pe.leg.br/media/", "ementa": "Requer a adequa\u00e7\u00e3o e estrutura\u00e7\u00e3o no Espa\u00e7o do Reservat\u00f3rio da Compesa, no bairro Sapucaia."}, {"id": "2282", "ano": "2021", "numero": "249", "tipo__sigla": "REQ", "tipo__descricao": "REQUERIMENTO", "autoria": "03 - FELIPE NASCIMENTO", "texto_original": "http://sapl.olinda.pe.leg.br/media/", "ementa": "Requer a implanta\u00e7\u00e3o de uma nova Academia de Bairro no Espa\u00e7o do Reservat\u00f3rio da Compesa, no bairro Sapucaia."}, {"id": "2390", "ano": "2021", "numero": "250", "tipo__sigla": "REQ", "tipo__descricao": "REQUERIMENTO", "autoria": "07 - JESU\u00cdNO ARA\u00daJO", "texto_original": "http://sapl.olinda.pe.leg.br/media/", "ementa": "Requer como quest\u00e3o de sa\u00fade p\u00fablica e bem estar animal, a cria\u00e7\u00e3o de centro de prote\u00e7\u00e3o animal, com contrata\u00e7\u00e3o de m\u00e9dicos veterin\u00e1rios, instala\u00e7\u00e3o de consult\u00f3rios, sala de vacinas, microchipagem dos animais atendidos (para controle/acompanhamento) e a\u00e7\u00f5es de preven\u00e7\u00e3o de zoonoses, podendo ser firmada parceria com entidades de prote\u00e7\u00e3o aos animais e cl\u00ednicas veterin\u00e1rias legalmente estabelecidas para realiza\u00e7\u00e3o de cirurgias, exame de imagem, bioqu\u00edmica e mutir\u00e3o de castra\u00e7\u00e3o."}, {"id": "2391", "ano": "2021", "numero": "251", "tipo__sigla": "REQ", "tipo__descricao": "REQUERIMENTO", "autoria": "07 - JESU\u00cdNO ARA\u00daJO", "texto_original": "http://sapl.olinda.pe.leg.br/media/", "ementa": "Requer melhorias na presta\u00e7\u00e3o de servi\u00e7os ofertados pela linha Ouro Preto/Rio Doce,"}, {"id": "2392", "ano": "2021", "numero": "252", "tipo__sigla": "REQ", "tipo__descricao": "REQUERIMENTO", "autoria": "16 - Tonny Magalh\u00e3es", "texto_original": "http://sapl.olinda.pe.leg.br/media/", "ementa": "Requer revitaliaza\u00e7\u00e3o da Rua A3, A4 E A6 no Bairro da COHAB, em Ouro Preto;"}, {"id": "2393", "ano": "2021", "numero": "253", "tipo__sigla": "REQ", "tipo__descricao": "REQUERIMENTO", "autoria": "16 - Tonny Magalh\u00e3es", "texto_original": "http://sapl.olinda.pe.leg.br/media/", "ementa": "Requer cal\u00e7amento da Rua B9, no Bairro da COHAB, em Ouro Preto;"}, {"id": "2394", "ano": "2021", "numero": "254", "tipo__sigla": "REQ", "tipo__descricao": "REQUERIMENTO", "autoria": "16 - Tonny Magalh\u00e3es", "texto_original": "http://sapl.olinda.pe.leg.br/media/", "ementa": "Requer cal\u00e7amento da Avenida da Integra\u00e7\u00e3o, na Ilha de Santana, em Jardim Atl\u00e2ntico."}, {"id": "2395", "ano": "2021", "numero": "255", "tipo__sigla": "REQ", "tipo__descricao": "REQUERIMENTO", "autoria": "03 - FELIPE NASCIMENTO", "texto_original": "http://sapl.olinda.pe.leg.br/media/", "ementa": "Requer constru\u00e7\u00e3o de escadaria com corrim\u00e3o no endere\u00e7o da Rua Paralela Jo\u00e3o Alberto \u2013 Alto Nova Olinda;"}, {"id": "2396", "ano": "2021", "numero": "256", "tipo__sigla": "REQ", "tipo__descricao": "REQUERIMENTO", "autoria": "03 - FELIPE NASCIMENTO", "texto_original": "http://sapl.olinda.pe.leg.br/media/", "ementa": "Requer pavimenta\u00e7\u00e3o asf\u00e1ltica da Rua \u00c1guia Dourada, no Bairro de Jardim Fragoso;"}, {"id": "2397", "ano": "2021", "numero": "257", "tipo__sigla": "REQ", "tipo__descricao": "REQUERIMENTO", "autoria": "03 - FELIPE NASCIMENTO", "texto_original": "http://sapl.olinda.pe.leg.br/media/", "ementa": "Requer pavimenta\u00e7\u00e3o asf\u00e1ltica da Rua Irm\u00e3 Gertrudes, no Bairro do Monte"}, {"id": "2398", "ano": "2021", "numero": "258", "tipo__sigla": "REQ", "tipo__descricao": "REQUERIMENTO", "autoria": "03 - FELIPE NASCIMENTO", "texto_original": "http://sapl.olinda.pe.leg.br/media/", "ementa": "Requer pavimenta\u00e7\u00e3o asf\u00e1ltica da Rua Pedro Barros, no Bairro do Alto da Mina;"}, {"id": "2399", "ano": "2021", "numero": "259", "tipo__sigla": "REQ", "tipo__descricao": "REQUERIMENTO", "autoria": "03 - FELIPE NASCIMENTO", "texto_original": "http://sapl.olinda.pe.leg.br/media/", "ementa": "Requer pavimenta\u00e7\u00e3o asf\u00e1ltica da Rua Paulista, no Bairro de Peixinhos;"}, {"id": "2400", "ano": "2021", "numero": "260", "tipo__sigla": "REQ", "tipo__descricao": "REQUERIMENTO", "autoria": "03 - FELIPE NASCIMENTO", "texto_original": "http://sapl.olinda.pe.leg.br/media/", "ementa": "Requer pavimenta\u00e7\u00e3o asf\u00e1ltica da Rua Acapulco, no Bairro de Jardim Atl\u00e2ntico;"}, {"id": "2401", "ano": "2021", "numero": "261", "tipo__sigla": "REQ", "tipo__descricao": "REQUERIMENTO", "autoria": "03 - FELIPE NASCIMENTO", "texto_original": "http://sapl.olinda.pe.leg.br/media/", "ementa": "Requer pavimenta\u00e7\u00e3o asf\u00e1ltica da Rua Ant\u00f4nio de Matos Peixoto, no Bairro de Peixinhos;"}, {"id": "2402", "ano": "2021", "numero": "262", "tipo__sigla": "REQ", "tipo__descricao": "REQUERIMENTO", "autoria": "03 - FELIPE NASCIMENTO", "texto_original": "http://sapl.olinda.pe.leg.br/media/", "ementa": "Requer pavimenta\u00e7\u00e3o asf\u00e1ltica da Rua Carlos Pena Filho, no Bairro de Fragoso"}, {"id": "2403", "ano": "2021", "numero": "263", "tipo__sigla": "REQ", "tipo__descricao": "REQUERIMENTO", "autoria": "03 - FELIPE NASCIMENTO", "texto_original": "http://sapl.olinda.pe.leg.br/media/", "ementa": "Requer pavimenta\u00e7\u00e3o asf\u00e1ltica da Rua Cavi\u00fana, no Bairro de Jardim Fragoso"}, {"id": "2404", "ano": "2021", "numero": "264", "tipo__sigla": "REQ", "tipo__descricao": "REQUERIMENTO", "autoria": "03 - FELIPE NASCIMENTO", "texto_original": "http://sapl.olinda.pe.leg.br/media/", "ementa": "Requer pavimenta\u00e7\u00e3o asf\u00e1ltica da Rua Delmiro Monteiro da Purifica\u00e7\u00e3o, no Bairro de Jardim Atl\u00e2ntico"}, {"id": "2407", "ano": "2021", "numero": "265", "tipo__sigla": "REQ", "tipo__descricao": "REQUERIMENTO", "autoria": "14 - RICARDO SOUSA", "texto_original": "http://sapl.olinda.pe.leg.br/media/", "ementa": "Requer que seja realizada a poda na copa das \u00e1rvores, localizadas na Rua Estudante Claudio Uchoa Cavalcante Filho, em frente ao n\u00ba 36H, na I Etapa do bairro de Rio Doce;"}, {"id": "2408", "ano": "2021", "numero": "266", "tipo__sigla": "REQ", "tipo__descricao": "REQUERIMENTO", "autoria": "14 - RICARDO SOUSA", "texto_original": "http://sapl.olinda.pe.leg.br/media/", "ementa": "Requer que seja realizada a troca de l\u00e2mpada do poste localizado na Rua 6, em frente ao n\u00ba 213, na V Etapa de Rio Doce;"}, {"id": "2409", "ano": "2021", "numero": "267", "tipo__sigla": "REQ", "tipo__descricao": "REQUERIMENTO", "autoria": "14 - RICARDO SOUSA", "texto_original": "http://sapl.olinda.pe.leg.br/media/", "ementa": "Requer que seja realizada a troca de l\u00e2mpada do poste localizado na Rua 6, em frente ao n\u00ba 135, na V Etapa de Rio Doce;"}, {"id": "2410", "ano": "2021", "numero": "268", "tipo__sigla": "REQ", "tipo__descricao": "REQUERIMENTO", "autoria": "14 - RICARDO SOUSA", "texto_original": "http://sapl.olinda.pe.leg.br/media/", "ementa": "Requer que seja realizada a troca de l\u00e2mpada do poste localizado na Rua 6, em frente ao n\u00ba 25, na V Etapa de Rio Doce;"}, {"id": "2411", "ano": "2021", "numero": "269", "tipo__sigla": "REQ", "tipo__descricao": "REQUERIMENTO", "autoria": "14 - RICARDO SOUSA", "texto_original": "http://sapl.olinda.pe.leg.br/media/", "ementa": "Requer que seja realizada a troca de l\u00e2mpada do poste localizado na Rua 6, em frente ao n\u00ba 75, na V Etapa de Rio Doce;"}, {"id": "2412", "ano": "2021", "numero": "270", "tipo__sigla": "REQ", "tipo__descricao": "REQUERIMENTO", "autoria": "14 - RICARDO SOUSA", "texto_original": "http://sapl.olinda.pe.leg.br/media/", "ementa": "Requer que seja realizada a troca de l\u00e2mpada do poste localizado na Rua 3, esquina com a Rua 67, na V Etapa de Rio Doce;"}, {"id": "2413", "ano": "2021", "numero": "271", "tipo__sigla": "REQ", "tipo__descricao": "REQUERIMENTO", "autoria": "14 - RICARDO SOUSA", "texto_original": "http://sapl.olinda.pe.leg.br/media/", "ementa": "Requer que seja realizada a troca de l\u00e2mpada do poste localizado na Rua 4, esquina com a Rua 67, na V Etapa de Rio Doce;"}, {"id": "2414", "ano": "2021", "numero": "272", "tipo__sigla": "REQ", "tipo__descricao": "REQUERIMENTO", "autoria": "17 - VLADEMIR LABANCA", "texto_original": "http://sapl.olinda.pe.leg.br/media/", "ementa": "Requer que seja colocada uma nova lona de prote\u00e7\u00e3o na barreira que fica localizada na Travessa do Ros\u00e1rio, em frente ao n\u00ba 256, no bairro do Bonsucesso, na cidade de Olinda;"}, {"id": "2415", "ano": "2021", "numero": "273", "tipo__sigla": "REQ", "tipo__descricao": "REQUERIMENTO", "autoria": "17 - VLADEMIR LABANCA", "texto_original": "http://sapl.olinda.pe.leg.br/media/", "ementa": "Requer que seja colocada uma nova lona de prote\u00e7\u00e3o na barreira que fica localizada na Rua Dr. Israel Vieira Ferreira, em frente ao n\u00ba 75, no bairro do Monte, na cidade de Olinda;"}, {"id": "2416", "ano": "2021", "numero": "274", "tipo__sigla": "REQ", "tipo__descricao": "REQUERIMENTO", "autoria": "14 - RICARDO SOUSA", "texto_original": "http://sapl.olinda.pe.leg.br/media/", "ementa": "Requer reparo e a poss\u00edvel troca das l\u00e2mpadas dos postes localizados na Rua Projetada, Quadra: J, em frente ao n\u00ba 23, na IV Etapa de Rio Doce;"}, {"id": "2417", "ano": "2021", "numero": "275", "tipo__sigla": "REQ", "tipo__descricao": "REQUERIMENTO", "autoria": "14 - RICARDO SOUSA", "texto_original": "http://sapl.olinda.pe.leg.br/media/", "ementa": "Requer realiza\u00e7\u00e3o de uma opera\u00e7\u00e3o tapa buraco na Rua do P\u00eassego, pr\u00f3ximo a entrada da Escola Dom Pedro Bandeira de Melo, na III Etapa de Rio Doce;"}, {"id": "2418", "ano": "2021", "numero": "276", "tipo__sigla": "REQ", "tipo__descricao": "REQUERIMENTO", "autoria": "14 - RICARDO SOUSA", "texto_original": "http://sapl.olinda.pe.leg.br/media/", "ementa": "Requer troca das l\u00e2mpadas dos postes localizados na Rua Clotilde Pereira de Lima, em frente ao n\u00ba 32, na IV Etapa de Rio Doce;"}, {"id": "2419", "ano": "2021", "numero": "277", "tipo__sigla": "REQ", "tipo__descricao": "REQUERIMENTO", "autoria": "14 - RICARDO SOUSA", "texto_original": "http://sapl.olinda.pe.leg.br/media/", "ementa": "Requer troca das l\u00e2mpadas dos postes localizados na Primeira Travessa Clotilde Pereira de Lima, em frente ao n\u00b0 38, na IV Etapa de Rio Doce;"}, {"id": "2420", "ano": "2021", "numero": "278", "tipo__sigla": "REQ", "tipo__descricao": "REQUERIMENTO", "autoria": "14 - RICARDO SOUSA", "texto_original": "http://sapl.olinda.pe.leg.br/media/", "ementa": "Requer remo\u00e7\u00e3o de lixo e entulho localizado na Rua Santa Teresa, em frente a Igreja Batista no bairro de Santa Teresa;"}, {"id": "2421", "ano": "2021", "numero": "279", "tipo__sigla": "REQ", "tipo__descricao": "REQUERIMENTO", "autoria": "14 - RICARDO SOUSA", "texto_original": "http://sapl.olinda.pe.leg.br/media/", "ementa": "Requer realiza\u00e7\u00e3o de conserto, capina\u00e7\u00e3o e pintura do meio fio na Avenida da Saudade, no Bairro de Guadalupe;"}, {"id": "2422", "ano": "2021", "numero": "280", "tipo__sigla": "REQ", "tipo__descricao": "REQUERIMENTO", "autoria": "14 - RICARDO SOUSA", "texto_original": "http://sapl.olinda.pe.leg.br/media/", "ementa": "Requer realiza\u00e7\u00e3o de conserto, capina\u00e7\u00e3o e pintura do meio fio na Primeira Travessa da Avenida da Saudade, no Bairro de Guadalupe;"}, {"id": "2423", "ano": "2021", "numero": "281", "tipo__sigla": "REQ", "tipo__descricao": "REQUERIMENTO", "autoria": "14 - RICARDO SOUSA", "texto_original": "http://sapl.olinda.pe.leg.br/media/", "ementa": "Requer realiza\u00e7\u00e3o de conserto, capina\u00e7\u00e3o e pintura do meio fio na Segunda Travessa da Avenida da Saudade, no Bairro de Guadalupe;"}, {"id": "2424", "ano": "2021", "numero": "282", "tipo__sigla": "REQ", "tipo__descricao": "REQUERIMENTO", "autoria": "14 - RICARDO SOUSA", "texto_original": "http://sapl.olinda.pe.leg.br/media/", "ementa": "Requer realiza\u00e7\u00e3o de conserto, capina\u00e7\u00e3o e pintura do meio fio na Terceira Travessa da Avenida da Saudade, no Bairro de Guadalupe;"}, {"id": "2425", "ano": "2021", "numero": "283", "tipo__sigla": "REQ", "tipo__descricao": "REQUERIMENTO", "autoria": "14 - RICARDO SOUSA", "texto_original": "http://sapl.olinda.pe.leg.br/media/", "ementa": "Requer a troca de l\u00e2mpada do poste localizado na Avenida das Gar\u00e7as, pr\u00f3ximo ao n\u00b0 77, na IV Etapa de Rio Doce;"}, {"id": "2426", "ano": "2021", "numero": "284", "tipo__sigla": "REQ", "tipo__descricao": "REQUERIMENTO", "autoria": "14 - RICARDO SOUSA", "texto_original": "http://sapl.olinda.pe.leg.br/media/", "ementa": "Requer a troca de l\u00e2mpada do poste localizado na Avenida das Gar\u00e7as, pr\u00f3ximo ao n\u00b0 150, na IV Etapa de Rio Doce;"}, {"id": "2427", "ano": "2021", "numero": "285", "tipo__sigla": "REQ", "tipo__descricao": "REQUERIMENTO", "autoria": "14 - RICARDO SOUSA", "texto_original": "http://sapl.olinda.pe.leg.br/media/", "ementa": "Requer reparo e poss\u00edvel troca de l\u00e2mpadas do poste localizado na Rua 37, em frente ao n\u00b0 07, na IV etapa do Bairro de Rio Doce;"}, {"id": "2428", "ano": "2021", "numero": "286", "tipo__sigla": "REQ", "tipo__descricao": "REQUERIMENTO", "autoria": "14 - RICARDO SOUSA", "texto_original": "http://sapl.olinda.pe.leg.br/media/", "ementa": "Requer reparo e poss\u00edvel troca de l\u00e2mpadas do poste localizado na Rua 37, em frente ao n\u00b0 12, na IV etapa do Bairro de Rio Doce;"}, {"id": "2429", "ano": "2021", "numero": "287", "tipo__sigla": "REQ", "tipo__descricao": "REQUERIMENTO", "autoria": "14 - RICARDO SOUSA", "texto_original": "http://sapl.olinda.pe.leg.br/media/", "ementa": "Requer reparo e poss\u00edvel troca de l\u00e2mpadas do poste localizado na Rua da Paz, esquina com Rua do Progresso, na IV Etapa do Bairro de Rio Doce;"}, {"id": "2430", "ano": "2021", "numero": "288", "tipo__sigla": "REQ", "tipo__descricao": "REQUERIMENTO", "autoria": "14 - RICARDO SOUSA", "texto_original": "http://sapl.olinda.pe.leg.br/media/", "ementa": "Requer troca de l\u00e2mpada do poste localizado na Avenida Colibri, esquina com Rua 4, na V Etapa de Rio Doce;"}, {"id": "2431", "ano": "2021", "numero": "289", "tipo__sigla": "REQ", "tipo__descricao": "REQUERIMENTO", "autoria": "14 - RICARDO SOUSA", "texto_original": "http://sapl.olinda.pe.leg.br/media/", "ementa": "Requer troca de l\u00e2mpada do poste localizado na Avenida Colibri, esquina com Rua 5, na V Etapa de Rio Doce;"}, {"id": "2432", "ano": "2021", "numero": "290", "tipo__sigla": "REQ", "tipo__descricao": "REQUERIMENTO", "autoria": "14 - RICARDO SOUSA", "texto_original": "http://sapl.olinda.pe.leg.br/media/", "ementa": "Requer troca de l\u00e2mpada do poste localizado na Avenida Colibri, esquina com Rua 6, na V Etapa de Rio Doce;"}, {"id": "2433", "ano": "2021", "numero": "291", "tipo__sigla": "REQ", "tipo__descricao": "REQUERIMENTO", "autoria": "15 - SAULO HOLANDA", "texto_original": "http://sapl.olinda.pe.leg.br/media/", "ementa": "Requer a desobstru\u00e7\u00e3o de redes de \u00e1gua pluvial, em frente ao Edif\u00edcio Esta\u00e7\u00e3o Atl\u00e2ntico, na Avenida Carlos de Lima Cavalcante, n\u00b0 3.039, no Bairro de Casa Caiada;"}, {"id": "2434", "ano": "2021", "numero": "292", "tipo__sigla": "REQ", "tipo__descricao": "REQUERIMENTO", "autoria": "15 - SAULO HOLANDA", "texto_original": "http://sapl.olinda.pe.leg.br/media/", "ementa": "Requer cal\u00e7amento de um trecho da Rua Sergio Godoy de Vasconcelos, entre as Ruas Jos\u00e9 Mariano e Oleg\u00e1rio Mariano no Bairro de Jardim Atl\u00e2ntico;"}, {"id": "2436", "ano": "2021", "numero": "293", "tipo__sigla": "REQ", "tipo__descricao": "REQUERIMENTO", "autoria": "15 - SAULO HOLANDA", "texto_original": "http://sapl.olinda.pe.leg.br/media/", "ementa": "Requer recupera\u00e7\u00e3o asf\u00e1ltica da Rua Coronel Jo\u00e3o Joaquim Antunes, entre as Ruas S\u00e3o Miguel no Bairro de Bairro Novo e Cassiterita no Bairro de Amaro Branco;"}, {"id": "2437", "ano": "2021", "numero": "294", "tipo__sigla": "REQ", "tipo__descricao": "REQUERIMENTO", "autoria": "03 - FELIPE NASCIMENTO", "texto_original": "http://sapl.olinda.pe.leg.br/media/", "ementa": "Requer Implementa\u00e7\u00e3o de uma pra\u00e7a p\u00fablica, na Rua da Paz, Comunidade CSU, na IV etapa do Bairro de Rio Doce;"}, {"id": "2438", "ano": "2021", "numero": "295", "tipo__sigla": "REQ", "tipo__descricao": "REQUERIMENTO", "autoria": "03 - FELIPE NASCIMENTO", "texto_original": "http://sapl.olinda.pe.leg.br/media/", "ementa": "Requer readequa\u00e7\u00e3o e reforma da quadra externa de futev\u00f4lei localizada na Vila Ol\u00edmpica, no Bairro de Rio Doce;"}, {"id": "2439", "ano": "2021", "numero": "296", "tipo__sigla": "REQ", "tipo__descricao": "REQUERIMENTO", "autoria": "03 - FELIPE NASCIMENTO", "texto_original": "http://sapl.olinda.pe.leg.br/media/", "ementa": "Requer e pavimenta\u00e7\u00e3o asf\u00e1ltica da pista de caminhada localizada na Vila Ol\u00edmpica, no Bairro de Rio Doce;"}, {"id": "2440", "ano": "2021", "numero": "297", "tipo__sigla": "REQ", "tipo__descricao": "REQUERIMENTO", "autoria": "14 - RICARDO SOUSA", "texto_original": "http://sapl.olinda.pe.leg.br/media/", "ementa": "Requer a troca de l\u00e2mpada do poste localizado na Quadra 62, Bloco E, na IV etapa do Bairro de Rio Doce;"}, {"id": "2441", "ano": "2021", "numero": "298", "tipo__sigla": "REQ", "tipo__descricao": "REQUERIMENTO", "autoria": "14 - RICARDO SOUSA", "texto_original": "http://sapl.olinda.pe.leg.br/media/", "ementa": "Requer o reparo e a poss\u00edvel troca da l\u00e2mpada do poste localizado na Rua da Bondade em frente ao n\u00b0 32, na IV etapa do Bairro de Rio Doce;"}, {"id": "2442", "ano": "2021", "numero": "299", "tipo__sigla": "REQ", "tipo__descricao": "REQUERIMENTO", "autoria": "07 - JESU\u00cdNO ARA\u00daJO", "texto_original": "http://sapl.olinda.pe.leg.br/media/", "ementa": "Requer limpeza de canal para a Rua Jo\u00e3o Ubaldo de Miranda \u2013 CEP 53.240-030 \u2013 Bonsucesso;"}, {"id": "2443", "ano": "2021", "numero": "300", "tipo__sigla": "REQ", "tipo__descricao": "REQUERIMENTO", "autoria": "17 - Vinicius Castello", "texto_original": "http://sapl.olinda.pe.leg.br/media/", "ementa": "Requer Presta\u00e7\u00e3o de Contas dos Recursos do FUNDEB do ano de 2021;"}, {"id": "2444", "ano": "2021", "numero": "301", "tipo__sigla": "REQ", "tipo__descricao": "REQUERIMENTO", "autoria": "17 - Vinicius Castello", "texto_original": "http://sapl.olinda.pe.leg.br/media/", "ementa": "Requer limpeza do canal e capina\u00e7\u00e3o da Rua Ubaldo Miranda, nas proximidades da Escola Municipal Dona Lind\u00fa, Bonsucesso;"}, {"id": "2445", "ano": "2021", "numero": "302", "tipo__sigla": "REQ", "tipo__descricao": "REQUERIMENTO", "autoria": "05 - Everaldo Silva", "texto_original": "http://sapl.olinda.pe.leg.br/media/", "ementa": "Requer esclarecimento \u00e0 cerca da exclus\u00e3o da 1\u00aa Travessa do Amanhecer nas obras de Conten\u00e7\u00e3o de Encostas previstas para o ano de 2021;"}, {"id": "2446", "ano": "2021", "numero": "303", "tipo__sigla": "REQ", "tipo__descricao": "REQUERIMENTO", "autoria": "05 - Everaldo Silva", "texto_original": "http://sapl.olinda.pe.leg.br/media/", "ementa": "Requer interven\u00e7\u00e3o na Escola Pastor David Richard Blackurn, localizada na Avenida Hamurabi, n\u00b0 01 \u2013 Alto da Bondade;"}, {"id": "2447", "ano": "2021", "numero": "304", "tipo__sigla": "REQ", "tipo__descricao": "REQUERIMENTO", "autoria": "16 - Tonny Magalh\u00e3es", "texto_original": "http://sapl.olinda.pe.leg.br/media/", "ementa": "Requer limpeza e drenagem do Rio Lava Tripa, localizado no Bairro C\u00f3rrego da Bondade;"}, {"id": "2448", "ano": "2021", "numero": "305", "tipo__sigla": "REQ", "tipo__descricao": "REQUERIMENTO", "autoria": "16 - Tonny Magalh\u00e3es", "texto_original": "http://sapl.olinda.pe.leg.br/media/", "ementa": "Requer cal\u00e7amento da Rua Carlos Pena Filho at\u00e9 a Rua Humberto de Lima Mendes, no Bairro de Jardim Fragoso;"}, {"id": "2449", "ano": "2021", "numero": "306", "tipo__sigla": "REQ", "tipo__descricao": "REQUERIMENTO", "autoria": "16 - Tonny Magalh\u00e3es", "texto_original": "http://sapl.olinda.pe.leg.br/media/", "ementa": "Requer troca de l\u00e2mpadas de 08 postes na 5\u00aa travessa da Rua Gibraltar, Alto da Bondade;"}, {"id": "2450", "ano": "2021", "numero": "307", "tipo__sigla": "REQ", "tipo__descricao": "REQUERIMENTO", "autoria": "16 - Tonny Magalh\u00e3es", "texto_original": "http://sapl.olinda.pe.leg.br/media/", "ementa": "Requer cal\u00e7amento de toda a Rua Santa Helena, com in\u00edcio do n\u00b0 633, no Bairro de jardim Fragoso;"}, {"id": "2451", "ano": "2021", "numero": "308", "tipo__sigla": "REQ", "tipo__descricao": "REQUERIMENTO", "autoria": "16 - Tonny Magalh\u00e3es", "texto_original": "http://sapl.olinda.pe.leg.br/media/", "ementa": "Requer a constru\u00e7\u00e3o da pra\u00e7a e imunina\u00e7\u00e3o p\u00fablica, na Comunidade de Jacarezinho, na Rua Flora de Assun\u00e7\u00e3o Gon\u00e7alves, no Bairro de S\u00e3o Benedito;"}, {"id": "2452", "ano": "2021", "numero": "309", "tipo__sigla": "REQ", "tipo__descricao": "REQUERIMENTO", "autoria": "16 - Tonny Magalh\u00e3es", "texto_original": "http://sapl.olinda.pe.leg.br/media/", "ementa": "Requer limpeza das canaletas na Orla de Olinda, entre o Col\u00e9gio Dom e o Edif\u00edcio Dolce Vita, no Bairro de Casa Caiada;"}, {"id": "2453", "ano": "2021", "numero": "310", "tipo__sigla": "REQ", "tipo__descricao": "REQUERIMENTO", "autoria": "16 - Tonny Magalh\u00e3es", "texto_original": "http://sapl.olinda.pe.leg.br/media/", "ementa": "Requer a troca de l\u00e2mpadas por LED ns Rua Citrita, em jardim Atl\u00e2ntico, poste com numera\u00e7\u00e3o A005644, em frente a casa de n\u00ba 81;"}, {"id": "2454", "ano": "2021", "numero": "311", "tipo__sigla": "REQ", "tipo__descricao": "REQUERIMENTO", "autoria": "16 - Tonny Magalh\u00e3es", "texto_original": "http://sapl.olinda.pe.leg.br/media/", "ementa": "Requer vistorias e coloca\u00e7\u00e3o de lonas nas barreiras, no C\u00f3rrego da Esoeran\u00e7a, em \u00c1guas Compridas;"}, {"id": "2455", "ano": "2021", "numero": "312", "tipo__sigla": "REQ", "tipo__descricao": "REQUERIMENTO", "autoria": "16 - Tonny Magalh\u00e3es", "texto_original": "http://sapl.olinda.pe.leg.br/media/", "ementa": "Requer a limpeza das canaletas do C\u00f3rrego da Esperan\u00e7a, em \u00c1guas Compridas;"}, {"id": "2456", "ano": "2021", "numero": "313", "tipo__sigla": "REQ", "tipo__descricao": "REQUERIMENTO", "autoria": "16 - Tonny Magalh\u00e3es", "texto_original": "http://sapl.olinda.pe.leg.br/media/", "ementa": "Requer a limpeza das canaletas do C\u00f3rrego da Bondade, em \u00c0guas Compridas;"}, {"id": "2457", "ano": "2021", "numero": "314", "tipo__sigla": "REQ", "tipo__descricao": "REQUERIMENTO", "autoria": "16 - Tonny Magalh\u00e3es", "texto_original": "http://sapl.olinda.pe.leg.br/media/", "ementa": "Requer a limpeza das canaletas do C\u00f3rrego do Abacate, em \u00c1guas Compridas;"}, {"id": "2458", "ano": "2021", "numero": "315", "tipo__sigla": "REQ", "tipo__descricao": "REQUERIMENTO", "autoria": "16 - Tonny Magalh\u00e3es", "texto_original": "http://sapl.olinda.pe.leg.br/media/", "ementa": "Requer a troca de l\u00e2mpadas por LED ns Rua Citrita, em jardim Atl\u00e2ntico, postes que ficam em frente as casas de n\u00b0s. 37, 275 e 286;"}, {"id": "2459", "ano": "2021", "numero": "316", "tipo__sigla": "REQ", "tipo__descricao": "REQUERIMENTO", "autoria": "16 - Tonny Magalh\u00e3es", "texto_original": "http://sapl.olinda.pe.leg.br/media/", "ementa": "Requer a realiza\u00e7\u00e3o de um Jardim de Pneus na Rua Citrita, localizada em Jardim Atl\u00e2ntico;"}, {"id": "2460", "ano": "2021", "numero": "317", "tipo__sigla": "REQ", "tipo__descricao": "REQUERIMENTO", "autoria": "16 - Tonny Magalh\u00e3es", "texto_original": "http://sapl.olinda.pe.leg.br/media/", "ementa": "Requer a revitaliza\u00e7\u00e3o da ponte que fica localizada na Rua Gilbraltar, no C\u00f3rrego da Bondade;"}, {"id": "2461", "ano": "2021", "numero": "318", "tipo__sigla": "REQ", "tipo__descricao": "REQUERIMENTO", "autoria": "16 - Tonny Magalh\u00e3es", "texto_original": "http://sapl.olinda.pe.leg.br/media/", "ementa": "Requer a revitaliza\u00e7\u00e3o da Rua B3, B4, e B6 no Bairro da COHAB em Ouro Preto;"}, {"id": "2462", "ano": "2021", "numero": "319", "tipo__sigla": "REQ", "tipo__descricao": "REQUERIMENTO", "autoria": "16 - Tonny Magalh\u00e3es", "texto_original": "http://sapl.olinda.pe.leg.br/media/", "ementa": "Requer as provid\u00eancias com rela\u00e7\u00e3o a vistoria e coloca\u00e7\u00e3o das lonas nas barreiras, na Rua Instambul;"}, {"id": "2463", "ano": "2021", "numero": "320", "tipo__sigla": "REQ", "tipo__descricao": "REQUERIMENTO", "autoria": "16 - Tonny Magalh\u00e3es", "texto_original": "http://sapl.olinda.pe.leg.br/media/", "ementa": "Requer as provid\u00eancias com rela\u00e7\u00e3o a vistoria e coloca\u00e7\u00e3o das lonas nas barreiras, na 1\u00aa Travessa da Rua Gibraltar, em 4 ponto, no C\u00f3rrego da Bondade;"}, {"id": "2464", "ano": "2021", "numero": "321", "tipo__sigla": "REQ", "tipo__descricao": "REQUERIMENTO", "autoria": "16 - Tonny Magalh\u00e3es", "texto_original": "http://sapl.olinda.pe.leg.br/media/", "ementa": "Requer as provid\u00eancias com rela\u00e7\u00e3o a vistoria e coloca\u00e7\u00e3o das lonas nas barreiras, na 4\u00aa Travessa da Rua Gibraltar, em 3 pontos, no C\u00f3rrego da Bondade;"}, {"id": "2465", "ano": "2021", "numero": "322", "tipo__sigla": "REQ", "tipo__descricao": "REQUERIMENTO", "autoria": "16 - Tonny Magalh\u00e3es", "texto_original": "http://sapl.olinda.pe.leg.br/media/", "ementa": "Requer as provid\u00eancias com rela\u00e7\u00e3o a vistoria e coloca\u00e7\u00e3o das lonas nas barreiras, na 5\u00aa Travessa da Rua Gibraltar, no C\u00f3rrego da Bondade;"}, {"id": "2466", "ano": "2021", "numero": "323", "tipo__sigla": "REQ", "tipo__descricao": "REQUERIMENTO", "autoria": "16 - Tonny Magalh\u00e3es", "texto_original": "http://sapl.olinda.pe.leg.br/media/", "ementa": "Requer as provid\u00eancias com rela\u00e7\u00e3o ao servi\u00e7o de RIP RAP, na 5\u00aa Travessa da Rua Gibraltar, no C\u00f3rrego dos \u00cdndios;"}, {"id": "2467", "ano": "2021", "numero": "324", "tipo__sigla": "REQ", "tipo__descricao": "REQUERIMENTO", "autoria": "16 - Tonny Magalh\u00e3es", "texto_original": "http://sapl.olinda.pe.leg.br/media/", "ementa": "Requer as provid\u00eancias em rela\u00e7\u00e3o a limpeza e drenagem das canaletas, na 5\u00aa Travessa da Rua Gibraltar, no C\u00f3rrego da Bondade;"}, {"id": "2468", "ano": "2021", "numero": "325", "tipo__sigla": "REQ", "tipo__descricao": "REQUERIMENTO", "autoria": "16 - Tonny Magalh\u00e3es", "texto_original": "http://sapl.olinda.pe.leg.br/media/", "ementa": "Requer as provid\u00eancias em rela\u00e7\u00e3o a limpeza e drenagem das canaletas, na Rua Berlim, no C\u00f3rrego da Bondade;"}, {"id": "2469", "ano": "2021", "numero": "326", "tipo__sigla": "REQ", "tipo__descricao": "REQUERIMENTO", "autoria": "17 - Vinicius Castello", "texto_original": "http://sapl.olinda.pe.leg.br/media/", "ementa": "Requer seja feita indica\u00e7\u00e3o \u00e0 Secretaria de Sa\u00fade de Olinda, Sr\u00aa. Luciana Lopes, para inclus\u00e3o dos servidores e das servidoras municipais, abaixo relacionados, no rol dos grupos priorit\u00e1rios para vacina\u00e7\u00e3o contra a COVID-19;"}, {"id": "2470", "ano": "2021", "numero": "327", "tipo__sigla": "REQ", "tipo__descricao": "REQUERIMENTO", "autoria": "17 - Vinicius Castello", "texto_original": "http://sapl.olinda.pe.leg.br/media/", "ementa": "Requer provid\u00eancias para o retorno da distribui\u00e7\u00e3o dos kits de alimenta\u00e7\u00e3o aos alunos da rede municipal;"}, {"id": "2472", "ano": "2021", "numero": "328", "tipo__sigla": "REQ", "tipo__descricao": "REQUERIMENTO", "autoria": "17 - Vinicius Castello", "texto_original": "http://sapl.olinda.pe.leg.br/media/", "ementa": "Requer provid\u00eancias para t\u00e9rmino do cal\u00e7amento da Rua Divisa, Sapucaia - Olinda;"}, {"id": "2473", "ano": "2021", "numero": "329", "tipo__sigla": "REQ", "tipo__descricao": "REQUERIMENTO", "autoria": "17 - Vinicius Castello", "texto_original": "http://sapl.olinda.pe.leg.br/media/", "ementa": "Requer provid\u00eancias para a limpeza e capina\u00e7\u00e3o na Rua Caminho do Sol, Tabajara - Olinda;"}, {"id": "2475", "ano": "2021", "numero": "330", "tipo__sigla": "REQ", "tipo__descricao": "REQUERIMENTO", "autoria": "16 - Tonny Magalh\u00e3es", "texto_original": "http://sapl.olinda.pe.leg.br/media/", "ementa": "Requer provid\u00eancias do cal\u00e7amento de toda Rua do S\u00e9culo N\u00ba 75, no Bairro de \u00c1guas Compridas;"}, {"id": "2476", "ano": "2021", "numero": "331", "tipo__sigla": "REQ", "tipo__descricao": "REQUERIMENTO", "autoria": "16 - Tonny Magalh\u00e3es", "texto_original": "http://sapl.olinda.pe.leg.br/media/", "ementa": "Requer provid\u00eancias sobre a restaura\u00e7\u00e3o da escadaria e retirada de entulhos da Rua do s\u00e9culo, no Bairro de \u00c1guas Compridas;"}, {"id": "2478", "ano": "2021", "numero": "332", "tipo__sigla": "REQ", "tipo__descricao": "REQUERIMENTO", "autoria": "15 - SAULO HOLANDA", "texto_original": "http://sapl.olinda.pe.leg.br/media/", "ementa": "Requer os Servi\u00e7os de \"Coloca\u00e7\u00e3o de Coletores de Lixo no Terminal de \u00d4nibus de Jardim Brasil II\";"}, {"id": "2479", "ano": "2021", "numero": "333", "tipo__sigla": "REQ", "tipo__descricao": "REQUERIMENTO", "autoria": "16 - Tonny Magalh\u00e3es", "texto_original": "http://sapl.olinda.pe.leg.br/media/", "ementa": "Requer provid\u00eancias em rela\u00e7\u00e3o ao alargamento da Rua Monarca, no Bairro de \u00c1guas Compridas;"}, {"id": "2480", "ano": "2021", "numero": "334", "tipo__sigla": "REQ", "tipo__descricao": "REQUERIMENTO", "autoria": "07 - JESU\u00cdNO ARA\u00daJO", "texto_original": "http://sapl.olinda.pe.leg.br/media/", "ementa": "Requer pedido de informa\u00e7\u00e3o sobre atualiza\u00e7\u00e3o de quantas crian\u00e7as, adolescentes e adultos (nessa ordem) com Necessidades Especiais, deste Munic\u00edpio, s\u00e3o cadastradas na Secretaria de Desenvolvimento Social, Cidadania e Direitos Humanos;"}, {"id": "2481", "ano": "2021", "numero": "335", "tipo__sigla": "REQ", "tipo__descricao": "REQUERIMENTO", "autoria": "07 - JESU\u00cdNO ARA\u00daJO", "texto_original": "http://sapl.olinda.pe.leg.br/media/", "ementa": "Requer a cria\u00e7\u00e3o de um Centro de Reabilita\u00e7\u00e3o voltado para pessoas com Transtorno do Espectro Autista (TEA), com equipe multidisciplinar composta por Profissionais de Neuropediatra, Psiquiatria, Fonoaudiologia, Terapia Ocupacional e demais que se fizerem necess\u00e1rios;"}, {"id": "2482", "ano": "2021", "numero": "336", "tipo__sigla": "REQ", "tipo__descricao": "REQUERIMENTO", "autoria": "07 - JESU\u00cdNO ARA\u00daJO", "texto_original": "http://sapl.olinda.pe.leg.br/media/", "ementa": "Requer pedidos de informa\u00e7\u00f5es a Secret\u00e1ria de Sa\u00fade de Olinda sobre: 1 \u2013 Existe alguma a\u00e7\u00e3o do Minist\u00e9rio P\u00fablico para dispensa\u00e7\u00e3o de Fraldas voltado a pessoas com Transtorno do Espectro Autista \u2013 TEA; 2 \u2013 Existe senten\u00e7a sobre essa a\u00e7\u00e3o;3 \u2013 Existe aprazamento para entrega das fraldas;"}, {"id": "2483", "ano": "2021", "numero": "337", "tipo__sigla": "REQ", "tipo__descricao": "REQUERIMENTO", "autoria": "07 - JESU\u00cdNO ARA\u00daJO", "texto_original": "http://sapl.olinda.pe.leg.br/media/", "ementa": "Requer cria\u00e7\u00e3o de um formal da ouvidoria especificamente voltado para pessoas com Transtorno do Espectro Autista \u2013 TEA, e de outras defici\u00eancias;"}, {"id": "2484", "ano": "2021", "numero": "338", "tipo__sigla": "REQ", "tipo__descricao": "REQUERIMENTO", "autoria": "07 - JESU\u00cdNO ARA\u00daJO", "texto_original": "http://sapl.olinda.pe.leg.br/media/", "ementa": "Requer cria\u00e7\u00e3o e disponibiliza\u00e7\u00e3o de curso de terapia ABA, visando orientar pais, cuidadores e educadores de pessoas com Transtorno do Espectro Autista \u2013 TEA;"}, {"id": "2485", "ano": "2021", "numero": "339", "tipo__sigla": "REQ", "tipo__descricao": "REQUERIMENTO", "autoria": "07 - JESU\u00cdNO ARA\u00daJO", "texto_original": "http://sapl.olinda.pe.leg.br/media/", "ementa": "Requer Audi\u00eancia P\u00fablica para discurs\u00e3o com as autoridades competentes e com a sociedade para a sensibiliza\u00e7\u00e3o e melhoria geral no atendimento para pessoas com necessidades especiais, nos quesitos: m\u00e9dico, dispensa\u00e7\u00e3o de medicamentos, dispensa\u00e7\u00e3o de g\u00eaneros aliment\u00edcios, educa\u00e7\u00e3o, transporte, aten\u00e7\u00e3o \u00e0s m\u00e3es autistas, atendimento, atendimento preferencial e outras discuss\u00f5es que se fa\u00e7am necess\u00e1rias;"}, {"id": "2486", "ano": "2021", "numero": "340", "tipo__sigla": "REQ", "tipo__descricao": "REQUERIMENTO", "autoria": "07 - JESU\u00cdNO ARA\u00daJO", "texto_original": "http://sapl.olinda.pe.leg.br/media/", "ementa": "Requer limpeza e desobstru\u00e7\u00e3o de galerias entupidas na Rua Mariano Teixeira, e a limpeza do canal da Rua Giriquiti, no Bairro de Peixinhos, Olinda-PE;"}, {"id": "2487", "ano": "2021", "numero": "341", "tipo__sigla": "REQ", "tipo__descricao": "REQUERIMENTO", "autoria": "03 - FELIPE NASCIMENTO", "texto_original": "http://sapl.olinda.pe.leg.br/media/", "ementa": "Requer VOTO DE APELO ao Excelent\u00edssimo Senhor Governador do Estado de Pernambuco, para que seja revisto o \u00faltimo decreto, estabelecendo crit\u00e9rios restritivos quanto ao funcionamento das Igrejas nos finais de semana;"}, {"id": "2488", "ano": "2021", "numero": "342", "tipo__sigla": "REQ", "tipo__descricao": "REQUERIMENTO", "autoria": "14 - RICARDO SOUSA", "texto_original": "http://sapl.olinda.pe.leg.br/media/", "ementa": "Requer limpeza das canaletas da Rua C\u00f3rrego Bom Jesus em frente ao n\u00ba 148, no Bairro de Passarinho;"}, {"id": "2489", "ano": "2021", "numero": "343", "tipo__sigla": "REQ", "tipo__descricao": "REQUERIMENTO", "autoria": "14 - RICARDO SOUSA", "texto_original": "http://sapl.olinda.pe.leg.br/media/", "ementa": "Requer a troca de l\u00e2mpada do poste localizado na Rua do Pitiguary em frente ao n\u00ba 95, na 3\u00aa Etapa de Rio Doce;"}, {"id": "2490", "ano": "2021", "numero": "344", "tipo__sigla": "REQ", "tipo__descricao": "REQUERIMENTO", "autoria": "14 - RICARDO SOUSA", "texto_original": "http://sapl.olinda.pe.leg.br/media/", "ementa": "Requer a troca de l\u00e2mpada do poste localizado na Rua do Pitiguary em frente ao n\u00ba 105, na 3\u00aa Etapa de Rio Doce;"}, {"id": "2491", "ano": "2021", "numero": "345", "tipo__sigla": "REQ", "tipo__descricao": "REQUERIMENTO", "autoria": "14 - RICARDO SOUSA", "texto_original": "http://sapl.olinda.pe.leg.br/media/", "ementa": "Requer a troca de l\u00e2mpada do poste localizado na Rua do Pitiguary em frente ao n\u00ba 85, na 3\u00aa Etapa de Rio Doce;"}, {"id": "2492", "ano": "2021", "numero": "346", "tipo__sigla": "REQ", "tipo__descricao": "REQUERIMENTO", "autoria": "14 - RICARDO SOUSA", "texto_original": "http://sapl.olinda.pe.leg.br/media/", "ementa": "Requer a troca de l\u00e2mpada do poste localizado na Avenida Brasil esquina Avenida M\u00e9xico, em Rio Doce;"}, {"id": "2493", "ano": "2021", "numero": "347", "tipo__sigla": "REQ", "tipo__descricao": "REQUERIMENTO", "autoria": "15 - SAULO HOLANDA", "texto_original": "http://sapl.olinda.pe.leg.br/media/", "ementa": "Requer os Servi\u00e7os de \"Troca de L\u00e2mpadas nos Postes na 1\u00aa Trav. Pres. Kennedy em Peixinhos;"}, {"id": "2494", "ano": "2021", "numero": "348", "tipo__sigla": "REQ", "tipo__descricao": "REQUERIMENTO", "autoria": "14 - RICARDO SOUSA", "texto_original": "http://sapl.olinda.pe.leg.br/media/", "ementa": "Requer servi\u00e7o de troca de l\u00e2mpadas em 03 postes da Trav. Do Cajueiro Pr\u00f3x. aos n\u00ba 23, 37 e 65 em Peixinhos;"}, {"id": "2495", "ano": "2021", "numero": "349", "tipo__sigla": "REQ", "tipo__descricao": "REQUERIMENTO", "autoria": "15 - SAULO HOLANDA", "texto_original": "http://sapl.olinda.pe.leg.br/media/", "ementa": "Requer servi\u00e7o de troca de l\u00e2mpadas em 03 postes da rua do Veleiro Pr\u00f3x. aos n\u00ba 144, 209 e 341 na Vila das Pedreiras em Peixinhos;"}, {"id": "2496", "ano": "2021", "numero": "350", "tipo__sigla": "REQ", "tipo__descricao": "REQUERIMENTO", "autoria": "14 - RICARDO SOUSA", "texto_original": "http://sapl.olinda.pe.leg.br/media/", "ementa": "Requer servi\u00e7o de troca de l\u00e2mpadas em 02 postes da rua Manoel Lisb\u00e3o de Moura Pr\u00f3x. aos n\u00ba 05 e 07 na Vila das Pedreiras em Peixinhos;"}, {"id": "2497", "ano": "2021", "numero": "351", "tipo__sigla": "REQ", "tipo__descricao": "REQUERIMENTO", "autoria": "15 - SAULO HOLANDA", "texto_original": "http://sapl.olinda.pe.leg.br/media/", "ementa": "Requer servi\u00e7o de troca de l\u00e2mpadas em 02 postes da rua Selma Bandeira Pr\u00f3x. aos n\u00ba 145 e 173 na Vila das Pedreiras em Peixinhos;"}, {"id": "2498", "ano": "2021", "numero": "352", "tipo__sigla": "REQ", "tipo__descricao": "REQUERIMENTO", "autoria": "15 - SAULO HOLANDA", "texto_original": "http://sapl.olinda.pe.leg.br/media/", "ementa": "Requer servi\u00e7o de troca de l\u00e2mpadas em 04 postes da rua 01 Pr\u00f3x. aos n\u00ba 43, 71, 88 e 146 na Vila das Pedreiras em Peixinhos;"}, {"id": "2499", "ano": "2021", "numero": "353", "tipo__sigla": "REQ", "tipo__descricao": "REQUERIMENTO", "autoria": "15 - SAULO HOLANDA", "texto_original": "http://sapl.olinda.pe.leg.br/media/", "ementa": "Requer servi\u00e7o de troca de l\u00e2mpadas em 03 postes da rua Mariano Teixeira Pr\u00f3x. aos n\u00ba 43, 79 e 107 na Vila das Pedreiras em Peixinhos;"}, {"id": "2500", "ano": "2021", "numero": "354", "tipo__sigla": "REQ", "tipo__descricao": "REQUERIMENTO", "autoria": "15 - SAULO HOLANDA", "texto_original": "http://sapl.olinda.pe.leg.br/media/", "ementa": "Requer servi\u00e7o de troca de l\u00e2mpadas em 03 postes da rua do Giriquiti Pr\u00f3x. aos n\u00ba 426, 410 e 09 em Peixinhos;"}, {"id": "2501", "ano": "2021", "numero": "355", "tipo__sigla": "REQ", "tipo__descricao": "REQUERIMENTO", "autoria": "15 - SAULO HOLANDA", "texto_original": "http://sapl.olinda.pe.leg.br/media/", "ementa": "Requer servi\u00e7o de troca de l\u00e2mpadas em 02 postes da rua Itamarac\u00e1 Pr\u00f3x. aos n\u00ba 33 e 57 em Peixinhos;"}, {"id": "2502", "ano": "2021", "numero": "356", "tipo__sigla": "REQ", "tipo__descricao": "REQUERIMENTO", "autoria": "15 - SAULO HOLANDA", "texto_original": "http://sapl.olinda.pe.leg.br/media/", "ementa": "Requer servi\u00e7o de troca de l\u00e2mpadas em 02 postes da rua Jo\u00e3o Maia Pr\u00f3x. aos n\u00ba 104 e 212 em Peixinhos;"}, {"id": "2503", "ano": "2021", "numero": "357", "tipo__sigla": "REQ", "tipo__descricao": "REQUERIMENTO", "autoria": "15 - SAULO HOLANDA", "texto_original": "http://sapl.olinda.pe.leg.br/media/", "ementa": "Requer servi\u00e7o de troca de l\u00e2mpadas em 04 postes da rua da Azeitona Pr\u00f3x. aos n\u00ba 206, 221, 250 3 236 em Peixinhos;"}, {"id": "2504", "ano": "2021", "numero": "358", "tipo__sigla": "REQ", "tipo__descricao": "REQUERIMENTO", "autoria": "15 - SAULO HOLANDA", "texto_original": "http://sapl.olinda.pe.leg.br/media/", "ementa": "Requer servi\u00e7o de troca de l\u00e2mpadas amarelas por brancas nos postes n\u00ba A932906/A032907/A032908/A032010/A032911 na Rua S\u00e3om Luiz em Jardim Brasil II;"}, {"id": "2505", "ano": "2021", "numero": "359", "tipo__sigla": "REQ", "tipo__descricao": "REQUERIMENTO", "autoria": "15 - SAULO HOLANDA", "texto_original": "http://sapl.olinda.pe.leg.br/media/", "ementa": "Requer servi\u00e7o de limpeza das canaletas da 1\u00aa Trav. Pres. Kennedy em Peixinhos;"}, {"id": "2506", "ano": "2021", "numero": "360", "tipo__sigla": "REQ", "tipo__descricao": "REQUERIMENTO", "autoria": "03 - FELIPE NASCIMENTO", "texto_original": "http://sapl.olinda.pe.leg.br/media/", "ementa": "Requer provid\u00eancias necess\u00e1rias a comunidade Sitio Marreta na Avenida Joaquim Nabuco;"}, {"id": "2507", "ano": "2021", "numero": "361", "tipo__sigla": "REQ", "tipo__descricao": "REQUERIMENTO", "autoria": "14 - RICARDO SOUSA", "texto_original": "http://sapl.olinda.pe.leg.br/media/", "ementa": "Requer a troca de l\u00e2mpada do poste localizado na Rua 17 em frente ao n\u00famero 155, na V Etapa, Rio Doce;"}, {"id": "2513", "ano": "2021", "numero": "362", "tipo__sigla": "REQ", "tipo__descricao": "REQUERIMENTO", "autoria": "05 - Everaldo Silva", "texto_original": "http://sapl.olinda.pe.leg.br/media/", "ementa": "Requer coloca\u00e7\u00e3o de l\u00e2mpadas de LED na rua Santa Rosa - Sapucaia;"}, {"id": "2514", "ano": "2021", "numero": "363", "tipo__sigla": "REQ", "tipo__descricao": "REQUERIMENTO", "autoria": "05 - Everaldo Silva", "texto_original": "http://sapl.olinda.pe.leg.br/media/", "ementa": "Requer coloca\u00e7\u00e3o de l\u00e2mpadas de LED no C\u00f3rrego Nova Olinda - \u00c1guas Compridas;"}, {"id": "2515", "ano": "2021", "numero": "364", "tipo__sigla": "REQ", "tipo__descricao": "REQUERIMENTO", "autoria": "05 - Everaldo Silva", "texto_original": "http://sapl.olinda.pe.leg.br/media/", "ementa": "Requer coloca\u00e7\u00e3o de l\u00e2mpadas de LED na rua Castro Alves - Alto Nova Olinda;"}, {"id": "2516", "ano": "2021", "numero": "365", "tipo__sigla": "REQ", "tipo__descricao": "REQUERIMENTO", "autoria": "05 - Everaldo Silva", "texto_original": "http://sapl.olinda.pe.leg.br/media/", "ementa": "Requer coloca\u00e7\u00e3o de l\u00e2mpadas de LED na rua Nelson Melo Paes Barreto - \u00c1guas Compridas;"}, {"id": "2517", "ano": "2021", "numero": "366", "tipo__sigla": "REQ", "tipo__descricao": "REQUERIMENTO", "autoria": "05 - Everaldo Silva", "texto_original": "http://sapl.olinda.pe.leg.br/media/", "ementa": "Requer coloca\u00e7\u00e3o de l\u00e2mpadas de LED na rua C\u00f3rrego do Aureliano - \u00c1guas Compridas;"}, {"id": "2518", "ano": "2021", "numero": "367", "tipo__sigla": "REQ", "tipo__descricao": "REQUERIMENTO", "autoria": "05 - Everaldo Silva", "texto_original": "http://sapl.olinda.pe.leg.br/media/", "ementa": "Requer coloca\u00e7\u00e3o de l\u00e2mpadas de LED na Avenida Batalha do Tuiuti - Alto Nova Olinda;"}, {"id": "2519", "ano": "2021", "numero": "368", "tipo__sigla": "REQ", "tipo__descricao": "REQUERIMENTO", "autoria": "05 - Everaldo Silva", "texto_original": "http://sapl.olinda.pe.leg.br/media/", "ementa": "Requer coloca\u00e7\u00e3o de l\u00e2mpadas de LED na rua Alto Nova Olinda - Alto Nova Olinda;"}, {"id": "2520", "ano": "2021", "numero": "369", "tipo__sigla": "REQ", "tipo__descricao": "REQUERIMENTO", "autoria": "16 - Tonny Magalh\u00e3es", "texto_original": "http://sapl.olinda.pe.leg.br/media/", "ementa": "Requer provid\u00eancias no adquirimento das vacinas contra a COVID-19 atrav\u00e9s de Consorcio;"}, {"id": "2522", "ano": "2021", "numero": "370", "tipo__sigla": "REQ", "tipo__descricao": "REQUERIMENTO", "autoria": "17 - Vinicius Castello", "texto_original": "http://sapl.olinda.pe.leg.br/media/", "ementa": "Requer provid\u00eancias para a utiliza\u00e7\u00e3o do Sistema de Apoio ao Processo Legislativo - SAPL para a elabora\u00e7\u00f5es de proposi\u00e7\u00f5es, protocolo e tramita\u00e7\u00e3o das mat\u00e9rias legislativas da C\u00e2mara Municipal de Olinda;"}, {"id": "2523", "ano": "2021", "numero": "371", "tipo__sigla": "REQ", "tipo__descricao": "REQUERIMENTO", "autoria": "17 - Vinicius Castello", "texto_original": "http://sapl.olinda.pe.leg.br/media/", "ementa": "Requer provid\u00eancias para a manuten\u00e7\u00e3o e disposi\u00e7\u00e3o de sinaliza\u00e7\u00e3o da orla, Avenida Ministro Marcos Freire - Olinda;"}, {"id": "2524", "ano": "2021", "numero": "372", "tipo__sigla": "REQ", "tipo__descricao": "REQUERIMENTO", "autoria": "17 - Vinicius Castello", "texto_original": "http://sapl.olinda.pe.leg.br/media/", "ementa": "Requer a substitui\u00e7\u00e3o da lona e conten\u00e7\u00e3o da barreira do Ros\u00e1rio, da Rua Ilma Cunha, Monte - Olinda;"}, {"id": "2525", "ano": "2021", "numero": "373", "tipo__sigla": "REQ", "tipo__descricao": "REQUERIMENTO", "autoria": "17 - Vinicius Castello", "texto_original": "http://sapl.olinda.pe.leg.br/media/", "ementa": "Requer a implementa\u00e7\u00e3o de int\u00e9rpretes de libras mas plen\u00e1rias e nas transmiss\u00f5es das mesmas, bem como para que fique a disposi\u00e7\u00e3o dos gabinetes nas atividades di\u00e1rias;"}, {"id": "2526", "ano": "2021", "numero": "374", "tipo__sigla": "REQ", "tipo__descricao": "REQUERIMENTO", "autoria": "17 - Vinicius Castello", "texto_original": "http://sapl.olinda.pe.leg.br/media/", "ementa": "Requer o imediato reparo da ilumina\u00e7\u00e3o da orla de Olinda, trecho de Casa Caiada, Avenida Ministro Marcos Freire;"}, {"id": "2527", "ano": "2021", "numero": "375", "tipo__sigla": "REQ", "tipo__descricao": "REQUERIMENTO", "autoria": "16 - Tonny Magalh\u00e3es", "texto_original": "http://sapl.olinda.pe.leg.br/media/", "ementa": "Requer uma a\u00e7\u00e3o, em rela\u00e7\u00e3o ao \u201cArrumando a casa\", no Habitacional Vila Bras\u00edlia, no Bairro do Jardim Brasil 2."}, {"id": "2529", "ano": "2021", "numero": "376", "tipo__sigla": "REQ", "tipo__descricao": "REQUERIMENTO", "autoria": "15 - SAULO HOLANDA", "texto_original": "http://sapl.olinda.pe.leg.br/media/", "ementa": "Requer Voto de Aplausos e Congratula\u00e7\u00f5es ao mandato na C\u00e2mara Federal do Deputado Federal Andr\u00e9 Ferreira do PSC, pela coorden\u00e7\u00e3o da mobiliza\u00e7\u00e3o pol\u00edtica do projeto de Lei que torna os Templos Religiosos e as Igrejas como atividades essenciais;"}, {"id": "2530", "ano": "2021", "numero": "377", "tipo__sigla": "REQ", "tipo__descricao": "REQUERIMENTO", "autoria": "01 - Tost\u00e3o de Olinda", "texto_original": "http://sapl.olinda.pe.leg.br/media/", "ementa": "Requer a libera\u00e7\u00e3o de materiais (tijolos, cimento, areia), para constru\u00e7\u00e3o emergencial de 80 a 100 novas gavetas para sepultamento nos cemit\u00e9rios p\u00fablicos do Guadalupe e \u00c1guas Compridas."}, {"id": "2531", "ano": "2021", "numero": "378", "tipo__sigla": "REQ", "tipo__descricao": "REQUERIMENTO", "autoria": "10 - Joj\u00f3 Guerra", "texto_original": "http://sapl.olinda.pe.leg.br/media/", "ementa": "Requer a pavimenta\u00e7\u00e3o, como servi\u00e7os de cal\u00e7amento e drenagem na Rua Nova - Sapucaia;"}, {"id": "2532", "ano": "2021", "numero": "379", "tipo__sigla": "REQ", "tipo__descricao": "REQUERIMENTO", "autoria": "10 - Joj\u00f3 Guerra", "texto_original": "http://sapl.olinda.pe.leg.br/media/", "ementa": "Requer a troca de l\u00e2mpadas nas Ruas: Castro Alves; Maraj\u00f3, Neslon Paes Barreto; da Gl\u00f3ria; Aquarela; Doze de Dezembro; Dona Marina Valen\u00e7a e Estrada de \u00c1guas Compridas - no Bairro de \u00c1guas Compridas."}, {"id": "2538", "ano": "2021", "numero": "380", "tipo__sigla": "REQ", "tipo__descricao": "REQUERIMENTO", "autoria": "16 - Tonny Magalh\u00e3es", "texto_original": "http://sapl.olinda.pe.leg.br/media/", "ementa": "Requer a limpeza das canaletas e drenagem, e coloca\u00e7\u00e3o de placas, localizadas na Rua do Progresso, com a Rua Doroteia na Ilha de Santana;"}, {"id": "2539", "ano": "2021", "numero": "381", "tipo__sigla": "REQ", "tipo__descricao": "REQUERIMENTO", "autoria": "16 - Tonny Magalh\u00e3es", "texto_original": "http://sapl.olinda.pe.leg.br/media/", "ementa": "Requer a troca de l\u00e2mpadas por LED, na Rua Citrita, em Jardim Atl\u00e2ntico;"}, {"id": "2540", "ano": "2021", "numero": "382", "tipo__sigla": "REQ", "tipo__descricao": "REQUERIMENTO", "autoria": "16 - Tonny Magalh\u00e3es", "texto_original": "http://sapl.olinda.pe.leg.br/media/", "ementa": "Requer a limpeza do local e a coloca\u00e7\u00e3o de 2 coletores de lixo, na Estrada de \u00c1guas Compridas n\u00ba 613, no Bairro de \u00c1guas Compridas;"}, {"id": "2541", "ano": "2021", "numero": "383", "tipo__sigla": "REQ", "tipo__descricao": "REQUERIMENTO", "autoria": "16 - Tonny Magalh\u00e3es", "texto_original": "http://sapl.olinda.pe.leg.br/media/", "ementa": "Requer a troca de duas l\u00e2mpadas, na Rua Jo\u00e3o Resendo, em frente aos N\u00bas 35 e 40, no Bairro de Jardim Fragoso;"}, {"id": "2542", "ano": "2021", "numero": "384", "tipo__sigla": "REQ", "tipo__descricao": "REQUERIMENTO", "autoria": "16 - Tonny Magalh\u00e3es", "texto_original": "http://sapl.olinda.pe.leg.br/media/", "ementa": "Requer a troca de l\u00e2mpadas, referente a seis postes, na Rua do Pitiguari, no Bairro de Rio Doce;"}, {"id": "2544", "ano": "2021", "numero": "385", "tipo__sigla": "REQ", "tipo__descricao": "REQUERIMENTO", "autoria": "15 - SAULO HOLANDA", "texto_original": "http://sapl.olinda.pe.leg.br/media/", "ementa": "Requer troca de l\u00e2mpadas apagadas no poste N\u00ba A023121 na Rua Taguari em Cidade Tabajara;"}, {"id": "2545", "ano": "2021", "numero": "386", "tipo__sigla": "REQ", "tipo__descricao": "REQUERIMENTO", "autoria": "15 - SAULO HOLANDA", "texto_original": "http://sapl.olinda.pe.leg.br/media/", "ementa": "Requer troca de l\u00e2mpadas apagadas no poste N\u00ba A023446 na Rua Taguari em Cidade Tabajara;"}, {"id": "2546", "ano": "2021", "numero": "387", "tipo__sigla": "REQ", "tipo__descricao": "REQUERIMENTO", "autoria": "15 - SAULO HOLANDA", "texto_original": "http://sapl.olinda.pe.leg.br/media/", "ementa": "Requer troca de l\u00e2mpadas apagadas no poste N\u00ba A042548 na Rua Jurema em Cidade Tabajara;"}, {"id": "2547", "ano": "2021", "numero": "388", "tipo__sigla": "REQ", "tipo__descricao": "REQUERIMENTO", "autoria": "15 - SAULO HOLANDA", "texto_original": "http://sapl.olinda.pe.leg.br/media/", "ementa": "Requer troca de l\u00e2mpadas apagadas no poste N\u00ba A042547 na Rua Jurema em Cidade Tabajara;"}, {"id": "2548", "ano": "2021", "numero": "389", "tipo__sigla": "REQ", "tipo__descricao": "REQUERIMENTO", "autoria": "15 - SAULO HOLANDA", "texto_original": "http://sapl.olinda.pe.leg.br/media/", "ementa": "Requer troca de l\u00e2mpadas apagadas no poste N\u00ba A042538 na Rua Jurac\u00ed em Cidade Tabajara;"}, {"id": "2549", "ano": "2021", "numero": "390", "tipo__sigla": "REQ", "tipo__descricao": "REQUERIMENTO", "autoria": "15 - SAULO HOLANDA", "texto_original": "http://sapl.olinda.pe.leg.br/media/", "ementa": "Requer troca de l\u00e2mpadas apagadas no poste N\u00ba A042540 na Rua Jurac\u00ed em Cidade Tabajara;"}, {"id": "2550", "ano": "2021", "numero": "391", "tipo__sigla": "REQ", "tipo__descricao": "REQUERIMENTO", "autoria": "15 - SAULO HOLANDA", "texto_original": "http://sapl.olinda.pe.leg.br/media/", "ementa": "Requer troca de l\u00e2mpadas apagadas no poste N\u00ba A042541 na Rua Jurac\u00ed em Cidade Tabajara;"}, {"id": "2551", "ano": "2021", "numero": "392", "tipo__sigla": "REQ", "tipo__descricao": "REQUERIMENTO", "autoria": "15 - SAULO HOLANDA", "texto_original": "http://sapl.olinda.pe.leg.br/media/", "ementa": "Requer troca de l\u00e2mpadas apagadas no poste N\u00ba A042600 na Rua Juta\u00ed em Cidade Tabajara;"}, {"id": "2552", "ano": "2021", "numero": "393", "tipo__sigla": "REQ", "tipo__descricao": "REQUERIMENTO", "autoria": "15 - SAULO HOLANDA", "texto_original": "http://sapl.olinda.pe.leg.br/media/", "ementa": "Requer troca de l\u00e2mpadas apagadas no poste N\u00ba A042570 na Avenida Potiguar em Cidade Tabajara;"}, {"id": "2553", "ano": "2021", "numero": "394", "tipo__sigla": "REQ", "tipo__descricao": "REQUERIMENTO", "autoria": "15 - SAULO HOLANDA", "texto_original": "http://sapl.olinda.pe.leg.br/media/", "ementa": "Requer troca de l\u00e2mpadas apagadas no poste N\u00ba H034686 na Avenida Potiguar em Cidade Tabajara;"}, {"id": "2554", "ano": "2021", "numero": "395", "tipo__sigla": "REQ", "tipo__descricao": "REQUERIMENTO", "autoria": "15 - SAULO HOLANDA", "texto_original": "http://sapl.olinda.pe.leg.br/media/", "ementa": "Requer troca de l\u00e2mpadas apagadas no poste em frente ao N\u00ba 212 na Rua Orob\u00f3 em Cidade Tabajara;"}, {"id": "2555", "ano": "2021", "numero": "396", "tipo__sigla": "REQ", "tipo__descricao": "REQUERIMENTO", "autoria": "15 - SAULO HOLANDA", "texto_original": "http://sapl.olinda.pe.leg.br/media/", "ementa": "Requer vistoria no surto de cobras que est\u00e3o prejudicando os Jardins do Conjunto Residencial Vaticano;"}, {"id": "2556", "ano": "2021", "numero": "397", "tipo__sigla": "REQ", "tipo__descricao": "REQUERIMENTO", "autoria": "15 - SAULO HOLANDA", "texto_original": "http://sapl.olinda.pe.leg.br/media/", "ementa": "Requer o aumento de vagas de estacionamento, na \u00e1rea localizada entre as Ruas Francisco Ambr\u00f3sio de Barros Leite, no trecho entre a Rua C\u00e2ndido Pessoa e a Avenida Marcos Freire em Bairro Novo, a fim de facilitar o acesso ao Com\u00e9rcio;"}, {"id": "2557", "ano": "2021", "numero": "398", "tipo__sigla": "REQ", "tipo__descricao": "REQUERIMENTO", "autoria": "05 - Everaldo Silva", "texto_original": "http://sapl.olinda.pe.leg.br/media/", "ementa": "Requer a\u00e7\u00e3o Olinda Mais Sa\u00fade na comunidade de Passarinho;"}, {"id": "2558", "ano": "2021", "numero": "399", "tipo__sigla": "REQ", "tipo__descricao": "REQUERIMENTO", "autoria": "05 - Everaldo Silva", "texto_original": "http://sapl.olinda.pe.leg.br/media/", "ementa": "Requer a\u00e7\u00e3o Olinda Mais Sa\u00fade na comunidade de Sapucaia;"}, {"id": "2559", "ano": "2021", "numero": "400", "tipo__sigla": "REQ", "tipo__descricao": "REQUERIMENTO", "autoria": "05 - Everaldo Silva", "texto_original": "http://sapl.olinda.pe.leg.br/media/", "ementa": "Requer a\u00e7\u00e3o Olinda Mais Sa\u00fade na comunidade de Alto do Sol;"}, {"id": "2560", "ano": "2021", "numero": "401", "tipo__sigla": "REQ", "tipo__descricao": "REQUERIMENTO", "autoria": "05 - Everaldo Silva", "texto_original": "http://sapl.olinda.pe.leg.br/media/", "ementa": "Requer instala\u00e7\u00e3o de l\u00e2mpadas de LED na Rua da Fraternidade \u2013 Alto Nova Olinda;"}, {"id": "2561", "ano": "2021", "numero": "402", "tipo__sigla": "REQ", "tipo__descricao": "REQUERIMENTO", "autoria": "05 - Everaldo Silva", "texto_original": "http://sapl.olinda.pe.leg.br/media/", "ementa": "Requer instala\u00e7\u00e3o de l\u00e2mpadas de LED na Rua do Bamb\u00fa \u2013 Alto Nova Olinda;"}, {"id": "2562", "ano": "2021", "numero": "403", "tipo__sigla": "REQ", "tipo__descricao": "REQUERIMENTO", "autoria": "14 - RICARDO SOUSA", "texto_original": "http://sapl.olinda.pe.leg.br/media/", "ementa": "Requer a troca de l\u00e2mpada aos postes localizados na 1\u00aa travessa da Rua Clotilde Pereira de Lima em frente ao n\u00ba 34, na IV Etapa de Rio Doce;"}, {"id": "2563", "ano": "2021", "numero": "404", "tipo__sigla": "REQ", "tipo__descricao": "REQUERIMENTO", "autoria": "14 - RICARDO SOUSA", "texto_original": "http://sapl.olinda.pe.leg.br/media/", "ementa": "Requer a troca de l\u00e2mpada aos postes localizados na 1\u00aa travessa da Rua Clotilde Pereira de Lima em frente ao n\u00ba 75, na IV Etapa de Rio Doce;"}, {"id": "2564", "ano": "2021", "numero": "405", "tipo__sigla": "REQ", "tipo__descricao": "REQUERIMENTO", "autoria": "14 - RICARDO SOUSA", "texto_original": "http://sapl.olinda.pe.leg.br/media/", "ementa": "Requer a troca de l\u00e2mpada aos postes localizados na 1\u00aa travessa da Rua Clotilde Pereira de Lima em frente ao n\u00ba 59, na IV Etapa de Rio Doce;"}, {"id": "2565", "ano": "2021", "numero": "406", "tipo__sigla": "REQ", "tipo__descricao": "REQUERIMENTO", "autoria": "14 - RICARDO SOUSA", "texto_original": "http://sapl.olinda.pe.leg.br/media/", "ementa": "Requer a troca de l\u00e2mpada aos postes localizados na 1\u00aa travessa da Rua Clotilde Pereira de Lima em frente ao n\u00ba 10A, na IV Etapa de Rio Doce;"}, {"id": "2566", "ano": "2021", "numero": "407", "tipo__sigla": "REQ", "tipo__descricao": "REQUERIMENTO", "autoria": "15 - SAULO HOLANDA", "texto_original": "http://sapl.olinda.pe.leg.br/media/", "ementa": "Requer troca de l\u00e2mpadas apagadas em tr\u00eas postes s/n em frente das casas n\u00bas 103, 90 e 307 na Rua Jorge Albuquerque de Carvalho em Peixinhos;"}, {"id": "2567", "ano": "2021", "numero": "408", "tipo__sigla": "REQ", "tipo__descricao": "REQUERIMENTO", "autoria": "16 - Tonny Magalh\u00e3es", "texto_original": "http://sapl.olinda.pe.leg.br/media/", "ementa": "Requer troca de l\u00e2mpadas na Pra\u00e7a de ENOCOP, em Jardim Atl\u00e2ntico;"}, {"id": "2568", "ano": "2021", "numero": "409", "tipo__sigla": "REQ", "tipo__descricao": "REQUERIMENTO", "autoria": "16 - Tonny Magalh\u00e3es", "texto_original": "http://sapl.olinda.pe.leg.br/media/", "ementa": "Requer a limpeza e drenagem das canaletas na Rua Maria Dourada, no Bairro Sitio Novo;"}, {"id": "2571", "ano": "2021", "numero": "410", "tipo__sigla": "REQ", "tipo__descricao": "REQUERIMENTO", "autoria": "01 - Tost\u00e3o de Olinda", "texto_original": "http://sapl.olinda.pe.leg.br/media/", "ementa": "Requer o servi\u00e7o de asfaltamento na Rua Coronel Francisco Figueiroa, Bairro Novo;"}, {"id": "2572", "ano": "2021", "numero": "411", "tipo__sigla": "REQ", "tipo__descricao": "REQUERIMENTO", "autoria": "07 - JESU\u00cdNO ARA\u00daJO", "texto_original": "http://sapl.olinda.pe.leg.br/media/", "ementa": "Requer que seja inserido na Ata dos trabalhos desta Casa VOTO DE PESAR pelo falecimento, em 02/03/21, da m\u00e9dica veterin\u00e1ria e atleta de vaquejada, Priscyla Andrade;"}, {"id": "2573", "ano": "2021", "numero": "412", "tipo__sigla": "REQ", "tipo__descricao": "REQUERIMENTO", "autoria": "09 - Fl\u00e1vio Nascimento", "texto_original": "http://sapl.olinda.pe.leg.br/media/", "ementa": "Requer limpeza, capina\u00e7\u00e3o, pintura de meio fio, varri\u00e7\u00e3o e desgotamento da \u00e1gua na Rua Caruaru 156 J B II;"}, {"id": "2574", "ano": "2021", "numero": "413", "tipo__sigla": "REQ", "tipo__descricao": "REQUERIMENTO", "autoria": "09 - Fl\u00e1vio Nascimento", "texto_original": "http://sapl.olinda.pe.leg.br/media/", "ementa": "Requer os Servi\u00e7os de Saneamento e Pavimenta\u00e7\u00e3o Asf\u00e1ltica da Rua Paulista no Bairro de Peixinhos;"}, {"id": "2575", "ano": "2021", "numero": "414", "tipo__sigla": "REQ", "tipo__descricao": "REQUERIMENTO", "autoria": "09 - Fl\u00e1vio Nascimento", "texto_original": "http://sapl.olinda.pe.leg.br/media/", "ementa": "Requer os Servi\u00e7os de Saneamento e Pavimenta\u00e7\u00e3o Asf\u00e1ltica da Rua Petrolina no Bairro de Peixinhos;"}, {"id": "2576", "ano": "2021", "numero": "415", "tipo__sigla": "REQ", "tipo__descricao": "REQUERIMENTO", "autoria": "09 - Fl\u00e1vio Nascimento", "texto_original": "http://sapl.olinda.pe.leg.br/media/", "ementa": "Requer os Servi\u00e7os de Saneamento e Pavimenta\u00e7\u00e3o Asf\u00e1ltica da Rua Bu\u00edque no Bairro de Peixinhos;"}, {"id": "2577", "ano": "2021", "numero": "416", "tipo__sigla": "REQ", "tipo__descricao": "REQUERIMENTO", "autoria": "09 - Fl\u00e1vio Nascimento", "texto_original": "http://sapl.olinda.pe.leg.br/media/", "ementa": "Requer os Servi\u00e7os de Saneamento e Pavimenta\u00e7\u00e3o Asf\u00e1ltica da Rua Primeiro de janeiro no Bairro de Peixinhos;"}, {"id": "2578", "ano": "2021", "numero": "417", "tipo__sigla": "REQ", "tipo__descricao": "REQUERIMENTO", "autoria": "09 - Fl\u00e1vio Nascimento", "texto_original": "http://sapl.olinda.pe.leg.br/media/", "ementa": "Requer os Servi\u00e7os de Saneamento e Pavimenta\u00e7\u00e3o Asf\u00e1ltica da Rua Vertentes no Bairro de Peixinhos;"}, {"id": "2579", "ano": "2021", "numero": "418", "tipo__sigla": "REQ", "tipo__descricao": "REQUERIMENTO", "autoria": "09 - Fl\u00e1vio Nascimento", "texto_original": "http://sapl.olinda.pe.leg.br/media/", "ementa": "Requer os Servi\u00e7os de Saneamento e Pavimenta\u00e7\u00e3o Asf\u00e1ltica da Rua Gameleira no Bairro de Peixinhos;"}, {"id": "2580", "ano": "2021", "numero": "419", "tipo__sigla": "REQ", "tipo__descricao": "REQUERIMENTO", "autoria": "09 - Fl\u00e1vio Nascimento", "texto_original": "http://sapl.olinda.pe.leg.br/media/", "ementa": "Requer a realiza\u00e7\u00e3o de poda de uma \u00e1rvore na Avenida Regina Lacerda n\u00ba 387, Jardim Atl\u00e2ntico;"}, {"id": "2581", "ano": "2021", "numero": "420", "tipo__sigla": "REQ", "tipo__descricao": "REQUERIMENTO", "autoria": "09 - Fl\u00e1vio Nascimento", "texto_original": "http://sapl.olinda.pe.leg.br/media/", "ementa": "Requer a inclus\u00e3o dos Trabalhadores/as em Educa\u00e7\u00e3o da rede municipal de ensino como grupo priorit\u00e1rio do Programa Emergencial de Vacina\u00e7\u00e3o contra COVID-19;"}, {"id": "2582", "ano": "2021", "numero": "421", "tipo__sigla": "REQ", "tipo__descricao": "REQUERIMENTO", "autoria": "09 - Fl\u00e1vio Nascimento", "texto_original": "http://sapl.olinda.pe.leg.br/media/", "ementa": "Requer a inclus\u00e3o dos profissionais que laboram na limpeza urbana e na coleta de lixo sejam priorizados n o processo de imuniza\u00e7\u00e3o contra COVID-19, em Olinda;"}, {"id": "2583", "ano": "2021", "numero": "422", "tipo__sigla": "REQ", "tipo__descricao": "REQUERIMENTO", "autoria": "16 - Tonny Magalh\u00e3es", "texto_original": "http://sapl.olinda.pe.leg.br/media/", "ementa": "Requer que sejam tomadas as provid\u00eancias em rela\u00e7\u00e3o a troca de l\u00e2mpadas, nos postes localizados na Rua Ouri\u00e7o do Mar, Quadra D13 em frente ao n\u00ba 21 e Quadra D14 em frente ao n\u00ba 21 e 43, no Bairro de Ouro Preto;"}, {"id": "2584", "ano": "2021", "numero": "423", "tipo__sigla": "REQ", "tipo__descricao": "REQUERIMENTO", "autoria": "16 - Tonny Magalh\u00e3es", "texto_original": "http://sapl.olinda.pe.leg.br/media/", "ementa": "Requer qu sejam tomadas as provid\u00eancias em rela\u00e7\u00e3o a limpeza e drenagem de canaletas, na Rua Jonas Martins em frente aos n\u00b0 58 e 225, no Bairro de S\u00edtio Novo;"}, {"id": "2585", "ano": "2021", "numero": "424", "tipo__sigla": "REQ", "tipo__descricao": "REQUERIMENTO", "autoria": "16 - Tonny Magalh\u00e3es", "texto_original": "http://sapl.olinda.pe.leg.br/media/", "ementa": "Requer que sejam tomadas as provid\u00eancias do cal\u00e7amento da Rua Parque Bancr\u00e9dito, Bairro dos Bultrins, Alto da Mina, CEP 53090-720;"}, {"id": "2586", "ano": "2021", "numero": "425", "tipo__sigla": "REQ", "tipo__descricao": "REQUERIMENTO", "autoria": "16 - Tonny Magalh\u00e3es", "texto_original": "http://sapl.olinda.pe.leg.br/media/", "ementa": "Requer que sejam tomadas as provid\u00eancias referente a constru\u00e7\u00e3o do muro de Arrimo na Rua M\u00e1rio Gon\u00e7alves de Medeiros, Alto da Bondade, n\u00ba 223, em uma barreira que vem oferecendo risco de desabamento;"}, {"id": "2587", "ano": "2021", "numero": "426", "tipo__sigla": "REQ", "tipo__descricao": "REQUERIMENTO", "autoria": "16 - Tonny Magalh\u00e3es", "texto_original": "http://sapl.olinda.pe.leg.br/media/", "ementa": "Requer que sejam tomadas as provid\u00eancias do cal\u00e7amento da Rua Mario Gon\u00e7alves de Medeiros, no Bairro de \u00c1guas Compridas;"}, {"id": "2588", "ano": "2021", "numero": "427", "tipo__sigla": "REQ", "tipo__descricao": "REQUERIMENTO", "autoria": "16 - Tonny Magalh\u00e3es", "texto_original": "http://sapl.olinda.pe.leg.br/media/", "ementa": "Requer que sejam tomadas as provid\u00eancias para troca de l\u00e2mpada, nos postes localizdos na Rua Flor do Para\u00edso em frente ao n\u00b0 173, e em frente a pra\u00e7a do INOCOOP de Jardim Atl\u00e2ntico;"}, {"id": "2589", "ano": "2021", "numero": "428", "tipo__sigla": "REQ", "tipo__descricao": "REQUERIMENTO", "autoria": "16 - Tonny Magalh\u00e3es", "texto_original": "http://sapl.olinda.pe.leg.br/media/", "ementa": "Requer que sejam tomadas as provid\u00eancias referente a Rua Severina C\u00e1ssia, em \u00c1guas Compridas, por tr\u00e1s do n\u00b0 236, com a constru\u00e7\u00e3o de um muro de arrimo ou a coloca\u00e7\u00e3o de RIP RAP, em uma barreira que vem oferecendo risco de desabamento;"}, {"id": "2590", "ano": "2021", "numero": "429", "tipo__sigla": "REQ", "tipo__descricao": "REQUERIMENTO", "autoria": "16 - Tonny Magalh\u00e3es", "texto_original": "http://sapl.olinda.pe.leg.br/media/", "ementa": "Requer que sejam tomadas as provid\u00eancias para confec\u00e7\u00e3o do muro de arrimo ou coloca\u00e7\u00e3o de RIP RAP, em uma barreira que fica na Rua da Linha, n\u00famero por tr\u00e1s do n\u00b0 782, no Bairro de \u00c1guas Compridas, no Alto da Bondade, na resid\u00eancias de Dona Maria Jos\u00e9."}, {"id": "2591", "ano": "2021", "numero": "430", "tipo__sigla": "REQ", "tipo__descricao": "REQUERIMENTO", "autoria": "16 - Tonny Magalh\u00e3es", "texto_original": "http://sapl.olinda.pe.leg.br/media/", "ementa": "Requer que sejam tomadas as provid\u00eancias para coloca\u00e7\u00e3o de 8 canos de 150, na Rua Cabe\u00e7a de Negro, n\u00b0 09 no Bairro de Tabajara;"}, {"id": "2592", "ano": "2021", "numero": "431", "tipo__sigla": "REQ", "tipo__descricao": "REQUERIMENTO", "autoria": "16 - BIAI", "texto_original": "http://sapl.olinda.pe.leg.br/media/", "ementa": "Requer que as gratifica\u00e7\u00f5es sejam estendidas aos demais profissionais que est\u00e3o na linha de frente, al\u00e9m dos trabalhadores de sa\u00fade;"}, {"id": "2593", "ano": "2021", "numero": "432", "tipo__sigla": "REQ", "tipo__descricao": "REQUERIMENTO", "autoria": "17 - Vinicius Castello", "texto_original": "http://sapl.olinda.pe.leg.br/media/", "ementa": "Requer apresentar indica\u00e7\u00e3o ao Sr. Prefeito de Olinda para que ele formule e apresente o Programa de Implementa\u00e7\u00e3o da Renda B\u00e1sica no Munic\u00edpio de Olinda;"}, {"id": "2594", "ano": "2021", "numero": "433", "tipo__sigla": "REQ", "tipo__descricao": "REQUERIMENTO", "autoria": "17 - Vinicius Castello", "texto_original": "http://sapl.olinda.pe.leg.br/media/", "ementa": "Requer a troca de l\u00e2mpada dos tr\u00eas postes localizados na Rua Jos\u00e9 Bezerra de Oliveira - Bultrins;"}, {"id": "2595", "ano": "2021", "numero": "434", "tipo__sigla": "REQ", "tipo__descricao": "REQUERIMENTO", "autoria": "17 - Vinicius Castello", "texto_original": "http://sapl.olinda.pe.leg.br/media/", "ementa": "Requer a pavimenta\u00e7\u00e3o e cal\u00e7amento da Rua Jos\u00e9 Bezerra de Oliveira - Bultrins;"}, {"id": "2596", "ano": "2021", "numero": "435", "tipo__sigla": "REQ", "tipo__descricao": "REQUERIMENTO", "autoria": "17 - Vinicius Castello", "texto_original": "http://sapl.olinda.pe.leg.br/media/", "ementa": "Requer a troca de l\u00e2mpada do poste localizado na Travessa Orlando Silva n\u00ba 174, em Guadalupe;"}, {"id": "2597", "ano": "2021", "numero": "436", "tipo__sigla": "REQ", "tipo__descricao": "REQUERIMENTO", "autoria": "17 - Vinicius Castello", "texto_original": "http://sapl.olinda.pe.leg.br/media/", "ementa": "Requer a pavimenta\u00e7\u00e3o e cal\u00e7amento da Rua Ana Regina da Silva - Monte;"}, {"id": "2598", "ano": "2021", "numero": "437", "tipo__sigla": "REQ", "tipo__descricao": "REQUERIMENTO", "autoria": "17 - Vinicius Castello", "texto_original": "http://sapl.olinda.pe.leg.br/media/", "ementa": "Requer a troca de l\u00e2mpada do poste n\u00ba 556, Rua Ana Regina da Silva - Monte;"}, {"id": "2599", "ano": "2021", "numero": "438", "tipo__sigla": "REQ", "tipo__descricao": "REQUERIMENTO", "autoria": "17 - Vinicius Castello", "texto_original": "http://sapl.olinda.pe.leg.br/media/", "ementa": "Requer a limpeza e a capina\u00e7\u00e3o da Avenida das Gra\u00e7as, Quadra 13, 4\u00aa  Etapa de Rio Doce, por tr\u00e1s do Bloco F.;"}, {"id": "2600", "ano": "2021", "numero": "439", "tipo__sigla": "REQ", "tipo__descricao": "REQUERIMENTO", "autoria": "17 - Vinicius Castello", "texto_original": "http://sapl.olinda.pe.leg.br/media/", "ementa": "Requer a restaura\u00e7\u00e3o da est\u00e1tua de Nossa Senhora da Concei\u00e7\u00e3o/Iemanj\u00e1, na Orla da praia da Santa - Rio Doce;"}, {"id": "2601", "ano": "2021", "numero": "440", "tipo__sigla": "REQ", "tipo__descricao": "REQUERIMENTO", "autoria": "17 - Vinicius Castello", "texto_original": "http://sapl.olinda.pe.leg.br/media/", "ementa": "Requer a troca de l\u00e2mpada na Avenida da Saudade - Guadalupe, em frente ao n\u00ba 628;"}, {"id": "2602", "ano": "2021", "numero": "441", "tipo__sigla": "REQ", "tipo__descricao": "REQUERIMENTO", "autoria": "17 - Vinicius Castello", "texto_original": "http://sapl.olinda.pe.leg.br/media/", "ementa": "Requer a pavimenta\u00e7\u00e3o e o cal\u00e7amento da Rua Ana Regina da Silva - Monte;"}, {"id": "2603", "ano": "2021", "numero": "442", "tipo__sigla": "REQ", "tipo__descricao": "REQUERIMENTO", "autoria": "17 - Vinicius Castello", "texto_original": "http://sapl.olinda.pe.leg.br/media/", "ementa": "Requer a troca de l\u00e2mpada do poste na Avenida da Saudade - Guadalupe, em frente ao n\u00ba 628;"}, {"id": "2604", "ano": "2021", "numero": "443", "tipo__sigla": "REQ", "tipo__descricao": "REQUERIMENTO", "autoria": "17 - Vinicius Castello", "texto_original": "http://sapl.olinda.pe.leg.br/media/", "ementa": "Requer limpeza, capina\u00e7\u00e3o e remo\u00e7\u00e3o de lixo da Pra\u00e7a Chico Science, na Rua Lindolfo Viana, 2-218 - Rio Doce, at\u00e9 Avenida Ministro Marcos Freire, encontro com a ponte da PE-001;"}, {"id": "2605", "ano": "2021", "numero": "444", "tipo__sigla": "REQ", "tipo__descricao": "REQUERIMENTO", "autoria": "17 - Vinicius Castello", "texto_original": "http://sapl.olinda.pe.leg.br/media/", "ementa": "Requer a retirada dos entulhos deixados na Rua Joaquim Mendes da Silva, em frente ao n\u00ba 146 - Bultrins;"}, {"id": "2606", "ano": "2021", "numero": "445", "tipo__sigla": "REQ", "tipo__descricao": "REQUERIMENTO", "autoria": "17 - Vinicius Castello", "texto_original": "http://sapl.olinda.pe.leg.br/media/", "ementa": "Requer a troca de l\u00e2mpadas dos postes da Rua Israel Vieira Ferreira - Guadalupe;"}, {"id": "2607", "ano": "2021", "numero": "446", "tipo__sigla": "REQ", "tipo__descricao": "REQUERIMENTO", "autoria": "17 - Vinicius Castello", "texto_original": "http://sapl.olinda.pe.leg.br/media/", "ementa": "Requer, com urg\u00eancia, a manuten\u00e7\u00e3o e reparo dos postes da barreira do Ros\u00e1rio;"}, {"id": "2608", "ano": "2021", "numero": "447", "tipo__sigla": "REQ", "tipo__descricao": "REQUERIMENTO", "autoria": "17 - Vinicius Castello", "texto_original": "http://sapl.olinda.pe.leg.br/media/", "ementa": "Requer a indica\u00e7\u00e3o para libera\u00e7\u00e3o e cercamento da \u00e1rea verde, na Avenida das Gar\u00e7as, Quadra 13, 4\u00aa etapa de Rio Doce;"}, {"id": "2609", "ano": "2021", "numero": "448", "tipo__sigla": "REQ", "tipo__descricao": "REQUERIMENTO", "autoria": "17 - Vinicius Castello", "texto_original": "http://sapl.olinda.pe.leg.br/media/", "ementa": "Requer a manuten\u00e7\u00e3o e a sincroniza\u00e7\u00e3o dos sinais de eletr\u00f4nicos da Avenida Presidente Kennedy, Peixinhos;"}, {"id": "2610", "ano": "2021", "numero": "449", "tipo__sigla": "REQ", "tipo__descricao": "REQUERIMENTO", "autoria": "17 - Vinicius Castello", "texto_original": "http://sapl.olinda.pe.leg.br/media/", "ementa": "Requer a retirada de \u00e1rvores cortadas na Rua Ilma Cunha n\u00ba 22 - Monte;"}, {"id": "2611", "ano": "2021", "numero": "450", "tipo__sigla": "REQ", "tipo__descricao": "REQUERIMENTO", "autoria": "17 - Vinicius Castello", "texto_original": "http://sapl.olinda.pe.leg.br/media/", "ementa": "Requer a troca de l\u00e2mpadas dos postes da Rua Ilma Cunha - Monte;"}, {"id": "2612", "ano": "2021", "numero": "451", "tipo__sigla": "REQ", "tipo__descricao": "REQUERIMENTO", "autoria": "17 - Vinicius Castello", "texto_original": "http://sapl.olinda.pe.leg.br/media/", "ementa": "Requer o atendimento permanente do Servi\u00e7o de Limpeza do Munic\u00edpio \u00e0 Travessa da Saudade, Gudalupe;"}, {"id": "2613", "ano": "2021", "numero": "452", "tipo__sigla": "REQ", "tipo__descricao": "REQUERIMENTO", "autoria": "17 - Vinicius Castello", "texto_original": "http://sapl.olinda.pe.leg.br/media/", "ementa": "Requer o atendimento do Servi\u00e7o de Limpeza permanente na Rua Jorge de Lima, Vila S\u00e3o Bento - Monte;"}, {"id": "2614", "ano": "2021", "numero": "453", "tipo__sigla": "REQ", "tipo__descricao": "REQUERIMENTO", "autoria": "17 - Vinicius Castello", "texto_original": "http://sapl.olinda.pe.leg.br/media/", "ementa": "Requer a inclus\u00e3o dos servidores/as municipais, abaixo relacionados, no rol dos grupos priorit\u00e1rios para vacina\u00e7\u00e3o contra COVID-19: motoristas e cobradores de transporte coletivos; estudantes de Sa\u00fade e Operadores de Telecomunica\u00e7\u00f5es, uma vez que apesar de n\u00e3o serem servidores, mant\u00e9m a execu\u00e7\u00e3o de atividades considerada essenciais dentro munic\u00edpio."}, {"id": "2615", "ano": "2021", "numero": "454", "tipo__sigla": "REQ", "tipo__descricao": "REQUERIMENTO", "autoria": "17 - Vinicius Castello", "texto_original": "http://sapl.olinda.pe.leg.br/media/", "ementa": "Requer a aceita\u00e7\u00e3o da indica\u00e7\u00e3o para instala\u00e7\u00e3o de um quadro de energia a fim de atender a \u00e1rea das tapioqueiras do Alto da S\u00e9 - Olinda;"}, {"id": "2616", "ano": "2021", "numero": "455", "tipo__sigla": "REQ", "tipo__descricao": "REQUERIMENTO", "autoria": "17 - Vinicius Castello", "texto_original": "http://sapl.olinda.pe.leg.br/media/", "ementa": "Requer a pavimenta\u00e7\u00e3o e o cal\u00e7amento da Rua Jorge de Lima, Vila S\u00e3o Bento - Monte;"}, {"id": "2617", "ano": "2021", "numero": "456", "tipo__sigla": "REQ", "tipo__descricao": "REQUERIMENTO", "autoria": "07 - JESU\u00cdNO ARA\u00daJO", "texto_original": "http://sapl.olinda.pe.leg.br/media/", "ementa": "Requer prioridade de vacina\u00e7\u00e3o COVID-19 para os estudantes da Faculdade de Medicina de Olinda que fazem atendimento nos ambulat\u00f3rios e posto de sa\u00fade do munic\u00edpio;"}, {"id": "2620", "ano": "2021", "numero": "457", "tipo__sigla": "REQ", "tipo__descricao": "REQUERIMENTO", "autoria": "16 - Tonny Magalh\u00e3es", "texto_original": "http://sapl.olinda.pe.leg.br/media/", "ementa": "Requer limpeza do canal na Rua D, Ilha de Santana, no Bairro de Jardim Atl\u00e2ntico, ap\u00f3s o Col\u00e9gio Greg\u00f3rio Bezerra;"}, {"id": "2627", "ano": "2021", "numero": "458", "tipo__sigla": "REQ", "tipo__descricao": "REQUERIMENTO", "autoria": "09 - Fl\u00e1vio Nascimento", "texto_original": "http://sapl.olinda.pe.leg.br/media/", "ementa": "Requer limpeza, capina\u00e7\u00e3o, pintura de meio fio, varri\u00e7\u00e3o e desgotamento da \u00e1gua na Rua Jeronimo n\u00ba 40, Peixinhos;"}, {"id": "2628", "ano": "2021", "numero": "459", "tipo__sigla": "REQ", "tipo__descricao": "REQUERIMENTO", "autoria": "09 - Fl\u00e1vio Nascimento", "texto_original": "http://sapl.olinda.pe.leg.br/media/", "ementa": "Requer limpeza, capina\u00e7\u00e3o, pintura de meio fio, varri\u00e7\u00e3o e desgotamento da \u00e1gua na Rua Jequi\u00e9 n\u00ba355, Jardim Brasil;"}, {"id": "2629", "ano": "2021", "numero": "460", "tipo__sigla": "REQ", "tipo__descricao": "REQUERIMENTO", "autoria": "09 - Fl\u00e1vio Nascimento", "texto_original": "http://sapl.olinda.pe.leg.br/media/", "ementa": "Requer a troca de l\u00e2mpadas nos postes, na Rua L\u00edgia Gomes, Ouro Preto;"}, {"id": "2630", "ano": "2021", "numero": "461", "tipo__sigla": "REQ", "tipo__descricao": "REQUERIMENTO", "autoria": "09 - Fl\u00e1vio Nascimento", "texto_original": "http://sapl.olinda.pe.leg.br/media/", "ementa": "Requer a inclus\u00e3o, como servi\u00e7o essencial, na \u00e1rea de sa\u00fade, o com\u00e9rcio de \u00f3tica no munic\u00edpio de Olinda;"}, {"id": "2631", "ano": "2021", "numero": "462", "tipo__sigla": "REQ", "tipo__descricao": "REQUERIMENTO", "autoria": "09 - Fl\u00e1vio Nascimento", "texto_original": "http://sapl.olinda.pe.leg.br/media/", "ementa": "Requer necessidade da UBS  no posto de Sa\u00fade, em Vila Popular na Avenida Bras\u00edlia - Jarbim Brasil;"}, {"id": "2632", "ano": "2021", "numero": "463", "tipo__sigla": "REQ", "tipo__descricao": "REQUERIMENTO", "autoria": "09 - Fl\u00e1vio Nascimento", "texto_original": "http://sapl.olinda.pe.leg.br/media/", "ementa": "Requer os servi\u00e7os de saneamento e pavimenta\u00e7\u00e3o asf\u00e1ltica da Rua Natal, no Bairro de Jardim Brasil II;"}, {"id": "2633", "ano": "2021", "numero": "465", "tipo__sigla": "REQ", "tipo__descricao": "REQUERIMENTO", "autoria": "07 - JESU\u00cdNO ARA\u00daJO", "texto_original": "http://sapl.olinda.pe.leg.br/media/", "ementa": "Requer a reforma total na pra\u00e7a do Carmo, Varadouro;"}, {"id": "2634", "ano": "2021", "numero": "466", "tipo__sigla": "REQ", "tipo__descricao": "REQUERIMENTO", "autoria": "07 - JESU\u00cdNO ARA\u00daJO", "texto_original": "http://sapl.olinda.pe.leg.br/media/", "ementa": "Requer a utiliza\u00e7\u00e3o do espa\u00e7o do galp\u00e3o da Secretaria de Tr\u00e2nsito de Olinda (Avenida Joaquim Nabuco - Varadouro) para que seja constru\u00eddo o \"Mercado P\u00fablico da Boa Hora\"."}, {"id": "2637", "ano": "2021", "numero": "467", "tipo__sigla": "REQ", "tipo__descricao": "REQUERIMENTO", "autoria": "16 - Tonny Magalh\u00e3es", "texto_original": "http://sapl.olinda.pe.leg.br/media/", "ementa": "Requer a elabora\u00e7\u00e3o da Delegacia da Mulher, do Idoso e da Crian\u00e7a e Adolescente;"}, {"id": "2635", "ano": "2021", "numero": "468", "tipo__sigla": "REQ", "tipo__descricao": "REQUERIMENTO", "autoria": "11 - Dete Silva", "texto_original": "http://sapl.olinda.pe.leg.br/media/", "ementa": "Requer SESS\u00c3O SOLENE (VIRTUAL), em comemora\u00e7\u00e3o aos 99 anos do Partido Comunista do Brasil (PCdoB), para o dia 25 de mar\u00e7o de 2021, \u00e0s 10 horas;"}, {"id": "2638", "ano": "2021", "numero": "469", "tipo__sigla": "REQ", "tipo__descricao": "REQUERIMENTO", "autoria": "14 - RICARDO SOUSA", "texto_original": "http://sapl.olinda.pe.leg.br/media/", "ementa": "Requer a prioridade \u00e0 vacina\u00e7\u00e3o contra a COVID-19 aos profissionais da guarda municipal e aos agentes de tr\u00e2nsito que atuam na linha de frente de combate ao Coronav\u00edrus."}, {"id": "2639", "ano": "2021", "numero": "473", "tipo__sigla": "REQ", "tipo__descricao": "REQUERIMENTO", "autoria": "Bruno D'Melo", "texto_original": "http://sapl.olinda.pe.leg.br/media/", "ementa": "Requer a implanta\u00e7\u00e3o coleta manual;"}, {"id": "2640", "ano": "2021", "numero": "475", "tipo__sigla": "REQ", "tipo__descricao": "REQUERIMENTO", "autoria": "Bruno D'Melo", "texto_original": "http://sapl.olinda.pe.leg.br/media/", "ementa": "Requer trocas de l\u00e2mpadas queimadas no Alto da Conquista;"}, {"id": "2641", "ano": "2021", "numero": "476", "tipo__sigla": "REQ", "tipo__descricao": "REQUERIMENTO", "autoria": "Bruno D'Melo", "texto_original": "http://sapl.olinda.pe.leg.br/media/", "ementa": "Requer trocas de l\u00e2mpadas queimadas no Alto do Sol Nascente;"}, {"id": "2642", "ano": "2021", "numero": "477", "tipo__sigla": "REQ", "tipo__descricao": "REQUERIMENTO", "autoria": "Bruno D'Melo", "texto_original": "http://sapl.olinda.pe.leg.br/media/", "ementa": "Requer trocas de l\u00e2mpadas queimadas no Alto da Maca\u00edba;"}, {"id": "2643", "ano": "2021", "numero": "479", "tipo__sigla": "REQ", "tipo__descricao": "REQUERIMENTO", "autoria": "Bruno D'Melo", "texto_original": "http://sapl.olinda.pe.leg.br/media/", "ementa": "Requer a implanta\u00e7\u00e3o de lombadas na Rua Tijuca - Alto da Conquista;"}, {"id": "2644", "ano": "2021", "numero": "480", "tipo__sigla": "REQ", "tipo__descricao": "REQUERIMENTO", "autoria": "Bruno D'Melo", "texto_original": "http://sapl.olinda.pe.leg.br/media/", "ementa": "Requer complemento de cal\u00e7amento da Rua Gilbratar no C\u00f3rrego da Bondade;"}, {"id": "2645", "ano": "2021", "numero": "491", "tipo__sigla": "REQ", "tipo__descricao": "REQUERIMENTO", "autoria": "Bruno D'Melo", "texto_original": "http://sapl.olinda.pe.leg.br/media/", "ementa": "Requer esclarecimento referente ao in\u00edcio da obra na Rua Tabajara - Atlo da Bondade;"}, {"id": "2646", "ano": "2021", "numero": "492", "tipo__sigla": "REQ", "tipo__descricao": "REQUERIMENTO", "autoria": "Bruno D'Melo", "texto_original": "http://sapl.olinda.pe.leg.br/media/", "ementa": "Requer cal\u00e7amento da Rua Travessa Nossa Senhora de F\u00e1tima - Alto da Bondade;"}, {"id": "2647", "ano": "2021", "numero": "494", "tipo__sigla": "REQ", "tipo__descricao": "REQUERIMENTO", "autoria": "Bruno D'Melo", "texto_original": "http://sapl.olinda.pe.leg.br/media/", "ementa": "Requer Cal\u00e7amento da Rua Antonio Berenguer - Alto da Bondade;"}, {"id": "2648", "ano": "2021", "numero": "497", "tipo__sigla": "REQ", "tipo__descricao": "REQUERIMENTO", "autoria": "Bruno D'Melo", "texto_original": "http://sapl.olinda.pe.leg.br/media/", "ementa": "Requer cal\u00e7amento da Rua Anatomia - Alto da Bondade;"}, {"id": "2649", "ano": "2021", "numero": "498", "tipo__sigla": "REQ", "tipo__descricao": "REQUERIMENTO", "autoria": "Bruno D'Melo", "texto_original": "http://sapl.olinda.pe.leg.br/media/", "ementa": "Requer cal\u00e7amento da Rua Hierarquia - Alto da Bondade;"}, {"id": "2650", "ano": "2021", "numero": "501", "tipo__sigla": "REQ", "tipo__descricao": "REQUERIMENTO", "autoria": "Bruno D'Melo", "texto_original": "http://sapl.olinda.pe.leg.br/media/", "ementa": "Requer complemento de cal\u00e7amento da Rua Tijuca - Alto da Conquista;"}, {"id": "2651", "ano": "2021", "numero": "502", "tipo__sigla": "REQ", "tipo__descricao": "REQUERIMENTO", "autoria": "Bruno D'Melo", "texto_original": "http://sapl.olinda.pe.leg.br/media/", "ementa": "Requer cal\u00e7amento da Rua da Escola Pastor Davi - Alto da Bondade;"}, {"id": "2652", "ano": "2021", "numero": "503", "tipo__sigla": "REQ", "tipo__descricao": "REQUERIMENTO", "autoria": "Bruno D'Melo", "texto_original": "http://sapl.olinda.pe.leg.br/media/", "ementa": "Requer cal\u00e7amento da Rua 1\u00aa Travessa Hamurabi - Alto da Bondade;"}, {"id": "2653", "ano": "2021", "numero": "504", "tipo__sigla": "REQ", "tipo__descricao": "REQUERIMENTO", "autoria": "Bruno D'Melo", "texto_original": "http://sapl.olinda.pe.leg.br/media/", "ementa": "Requer cal\u00e7amento da Rua dos Prazeres - Alto da Bondade;"}, {"id": "2654", "ano": "2021", "numero": "505", "tipo__sigla": "REQ", "tipo__descricao": "REQUERIMENTO", "autoria": "Bruno D'Melo", "texto_original": "http://sapl.olinda.pe.leg.br/media/", "ementa": "Requer cal\u00e7amento da Rua Hamurabi - Alto da Bondade;"}, {"id": "2655", "ano": "2021", "numero": "506", "tipo__sigla": "REQ", "tipo__descricao": "REQUERIMENTO", "autoria": "Bruno D'Melo", "texto_original": "http://sapl.olinda.pe.leg.br/media/", "ementa": "Requer cal\u00e7amento da Rua da Combina\u00e7\u00e3o - Alto da Bondade;"}, {"id": "2656", "ano": "2021", "numero": "507", "tipo__sigla": "REQ", "tipo__descricao": "REQUERIMENTO", "autoria": "Bruno D'Melo", "texto_original": "http://sapl.olinda.pe.leg.br/media/", "ementa": "Requer cal\u00e7amento da Rua 4\u00aa Travessa Mario Juruna - Alto da Bondade;"}, {"id": "2657", "ano": "2021", "numero": "508", "tipo__sigla": "REQ", "tipo__descricao": "REQUERIMENTO", "autoria": "Bruno D'Melo", "texto_original": "http://sapl.olinda.pe.leg.br/media/", "ementa": "Requer cal\u00e7amento da Rua 3\u00aa Travessa Mario Juruna - Alto da Bondade;"}, {"id": "2658", "ano": "2021", "numero": "509", "tipo__sigla": "REQ", "tipo__descricao": "REQUERIMENTO", "autoria": "Bruno D'Melo", "texto_original": "http://sapl.olinda.pe.leg.br/media/", "ementa": "Requer cal\u00e7amento da Rua 2\u00aa Travessa Mario Juruna - Alto da Bondade;"}, {"id": "2659", "ano": "2021", "numero": "510", "tipo__sigla": "REQ", "tipo__descricao": "REQUERIMENTO", "autoria": "Bruno D'Melo", "texto_original": "http://sapl.olinda.pe.leg.br/media/", "ementa": "Requer cal\u00e7amento da Rua 1\u00aa Travessa Mario Juruna - Alto da Bondade;"}, {"id": "2660", "ano": "2021", "numero": "511", "tipo__sigla": "REQ", "tipo__descricao": "REQUERIMENTO", "autoria": "Bruno D'Melo", "texto_original": "http://sapl.olinda.pe.leg.br/media/", "ementa": "Requer cal\u00e7amento da Rua Mario Juruna - Alto da Bondade;"}, {"id": "2661", "ano": "2021", "numero": "512", "tipo__sigla": "REQ", "tipo__descricao": "REQUERIMENTO", "autoria": "Bruno D'Melo", "texto_original": "http://sapl.olinda.pe.leg.br/media/", "ementa": "Requer cal\u00e7amento da Rua Arca de No\u00e9 - Alto da Bondade;"}, {"id": "2662", "ano": "2021", "numero": "513", "tipo__sigla": "REQ", "tipo__descricao": "REQUERIMENTO", "autoria": "Bruno D'Melo", "texto_original": "http://sapl.olinda.pe.leg.br/media/", "ementa": "Requer cal\u00e7amento da Rua do Chafariz - Alto da Bondade;"}, {"id": "2663", "ano": "2021", "numero": "514", "tipo__sigla": "REQ", "tipo__descricao": "REQUERIMENTO", "autoria": "Bruno D'Melo", "texto_original": "http://sapl.olinda.pe.leg.br/media/", "ementa": "Requer cal\u00e7amento da Rua Jo\u00e3o Batista - Alto da Bondade;"}, {"id": "2664", "ano": "2021", "numero": "517", "tipo__sigla": "REQ", "tipo__descricao": "REQUERIMENTO", "autoria": "Bruno D'Melo", "texto_original": "http://sapl.olinda.pe.leg.br/media/", "ementa": "Requer a realiza\u00e7\u00e3o \"ARRUMANDO A CASA\" e \"EXAME DE MAMA\" no Alto do Sol e no Alto da Bondade;"}, {"id": "2665", "ano": "2021", "numero": "518", "tipo__sigla": "REQ", "tipo__descricao": "REQUERIMENTO", "autoria": "Bruno D'Melo", "texto_original": "http://sapl.olinda.pe.leg.br/media/", "ementa": "Requer a inclus\u00e3o dos profissionais da educa\u00e7\u00e3o do munic\u00edpio de Olinda no grupo priorit\u00e1rio na vacina\u00e7\u00e3o da COVID-19;"}, {"id": "2666", "ano": "2021", "numero": "523", "tipo__sigla": "REQ", "tipo__descricao": "REQUERIMENTO", "autoria": "Bruno D'Melo", "texto_original": "http://sapl.olinda.pe.leg.br/media/", "ementa": "Requer a constru\u00e7\u00e3o de muro de arrimo nas encostas da Rua Padre Manoel, Alto da Bondade;"}, {"id": "2667", "ano": "2021", "numero": "524", "tipo__sigla": "REQ", "tipo__descricao": "REQUERIMENTO", "autoria": "Bruno D'Melo", "texto_original": "http://sapl.olinda.pe.leg.br/media/", "ementa": "Requer a constru\u00e7\u00e3o de muro de arrimo nas encostas da Rua Carlos Antonio Dias, Alto da Bondade;"}, {"id": "2668", "ano": "2021", "numero": "525", "tipo__sigla": "REQ", "tipo__descricao": "REQUERIMENTO", "autoria": "Bruno D'Melo", "texto_original": "http://sapl.olinda.pe.leg.br/media/", "ementa": "Requer a constru\u00e7\u00e3o de muro de arrimo nas encostas do Alto da Maca\u00edba;"}, {"id": "2669", "ano": "2021", "numero": "526", "tipo__sigla": "REQ", "tipo__descricao": "REQUERIMENTO", "autoria": "Bruno D'Melo", "texto_original": "http://sapl.olinda.pe.leg.br/media/", "ementa": "Requer Constru\u00e7\u00e3o de muro de arrimo nas encostas da Rua Gilbratar - Corrego da Bondade;"}, {"id": "2670", "ano": "2021", "numero": "527", "tipo__sigla": "REQ", "tipo__descricao": "REQUERIMENTO", "autoria": "Bruno D'Melo", "texto_original": "http://sapl.olinda.pe.leg.br/media/", "ementa": "Requer constru\u00e7\u00e3o de muro de arrimo na Rua Bernadino de Melo, \u00c1guas Compridas;"}, {"id": "2671", "ano": "2021", "numero": "528", "tipo__sigla": "REQ", "tipo__descricao": "REQUERIMENTO", "autoria": "Bruno D'Melo", "texto_original": "http://sapl.olinda.pe.leg.br/media/", "ementa": "Requer constru\u00e7\u00e3o de muro de arrimo na Rua Travessa do Amanhecer - \u00c1guas Compridas;"}, {"id": "2672", "ano": "2021", "numero": "529", "tipo__sigla": "REQ", "tipo__descricao": "REQUERIMENTO", "autoria": "Bruno D'Melo", "texto_original": "http://sapl.olinda.pe.leg.br/media/", "ementa": "Requer constru\u00e7\u00e3o de muro de arrimo na Rua C\u00f3rrego da Esperan\u00e7a - \u00c1guas Compridas;"}, {"id": "2673", "ano": "2021", "numero": "530", "tipo__sigla": "REQ", "tipo__descricao": "REQUERIMENTO", "autoria": "Bruno D'Melo", "texto_original": "http://sapl.olinda.pe.leg.br/media/", "ementa": "Requer constru\u00e7\u00e3o de muro de arrimo nas encostas da Rua Santa Rosa - Alto da Bondade;"}, {"id": "2674", "ano": "2021", "numero": "531", "tipo__sigla": "REQ", "tipo__descricao": "REQUERIMENTO", "autoria": "Bruno D'Melo", "texto_original": "http://sapl.olinda.pe.leg.br/media/", "ementa": "Requer implanta\u00e7\u00e3o da policl\u00ednica da mulher no Bairro de \u00c1guas Compridas;"}, {"id": "2675", "ano": "2021", "numero": "532", "tipo__sigla": "REQ", "tipo__descricao": "REQUERIMENTO", "autoria": "Bruno D'Melo", "texto_original": "http://sapl.olinda.pe.leg.br/media/", "ementa": "Requer constru\u00e7\u00e3o de muro de arrimo nas encostas da Rua das Bermudas - Alto da Bondade;"}, {"id": "2676", "ano": "2021", "numero": "533", "tipo__sigla": "REQ", "tipo__descricao": "REQUERIMENTO", "autoria": "Bruno D'Melo", "texto_original": "http://sapl.olinda.pe.leg.br/media/", "ementa": "Requer recapeamento asf\u00e1ltico de cal\u00e7amento da Rua Tijuca - Alto da Conquista;"}, {"id": "2677", "ano": "2021", "numero": "534", "tipo__sigla": "REQ", "tipo__descricao": "REQUERIMENTO", "autoria": "Bruno D'Melo", "texto_original": "http://sapl.olinda.pe.leg.br/media/", "ementa": "Requer constru\u00e7\u00e3o de muro de arrimo nas encostas da Rua Caj\u00e1 - Alto da Bondade;"}, {"id": "2678", "ano": "2021", "numero": "535", "tipo__sigla": "REQ", "tipo__descricao": "REQUERIMENTO", "autoria": "Bruno D'Melo", "texto_original": "http://sapl.olinda.pe.leg.br/media/", "ementa": "Requer constru\u00e7\u00e3o de muro de arrimo na Rua Istambul - C\u00f3rrego da Bondade;"}, {"id": "2679", "ano": "2021", "numero": "536", "tipo__sigla": "REQ", "tipo__descricao": "REQUERIMENTO", "autoria": "Bruno D'Melo", "texto_original": "http://sapl.olinda.pe.leg.br/media/", "ementa": "Requer constru\u00e7\u00e3o de muro de arrimo na Rua 1\u00aa  Travessa Gibraltar - C\u00f3rrego da Bondade;"}, {"id": "2680", "ano": "2021", "numero": "537", "tipo__sigla": "REQ", "tipo__descricao": "REQUERIMENTO", "autoria": "Bruno D'Melo", "texto_original": "http://sapl.olinda.pe.leg.br/media/", "ementa": "Requer constru\u00e7\u00e3o de muro de arrimo na Rua Berlim - C\u00f3rrego da Bondade;"}, {"id": "2681", "ano": "2021", "numero": "538", "tipo__sigla": "REQ", "tipo__descricao": "REQUERIMENTO", "autoria": "Bruno D'Melo", "texto_original": "http://sapl.olinda.pe.leg.br/media/", "ementa": "Requer constru\u00e7\u00e3o de muro de arrimo na Ladeira do Giz - \u00c1guas Compridas;"}, {"id": "2682", "ano": "2021", "numero": "539", "tipo__sigla": "REQ", "tipo__descricao": "REQUERIMENTO", "autoria": "Bruno D'Melo", "texto_original": "http://sapl.olinda.pe.leg.br/media/", "ementa": "Requer constru\u00e7\u00e3o de muro de arrimo na Rua do Amanhecer - \u00c1guas Compridas;"}, {"id": "2683", "ano": "2021", "numero": "540", "tipo__sigla": "REQ", "tipo__descricao": "REQUERIMENTO", "autoria": "Bruno D'Melo", "texto_original": "http://sapl.olinda.pe.leg.br/media/", "ementa": "Requer constru\u00e7\u00e3o de muro de arrimo na Rua 15 de Novembro - \u00c1guas Compridas;"}, {"id": "2684", "ano": "2021", "numero": "541", "tipo__sigla": "REQ", "tipo__descricao": "REQUERIMENTO", "autoria": "Bruno D'Melo", "texto_original": "http://sapl.olinda.pe.leg.br/media/", "ementa": "Requer constru\u00e7\u00e3o de muro de arrimo no C\u00f3rrego dos Carneiros - \u00c1guas Compridas;"}, {"id": "2685", "ano": "2021", "numero": "542", "tipo__sigla": "REQ", "tipo__descricao": "REQUERIMENTO", "autoria": "Bruno D'Melo", "texto_original": "http://sapl.olinda.pe.leg.br/media/", "ementa": "Requer constru\u00e7\u00e3o de muro de arrimo no C\u00f3rrego do Abacaxi - \u00c1guas Compridas;"}, {"id": "2686", "ano": "2021", "numero": "543", "tipo__sigla": "REQ", "tipo__descricao": "REQUERIMENTO", "autoria": "Bruno D'Melo", "texto_original": "http://sapl.olinda.pe.leg.br/media/", "ementa": "Requer constru\u00e7\u00e3o de muro de arrimo no Bairro de Caixa D'\u00e1gua - \u00c1guas Compridas;"}, {"id": "2687", "ano": "2021", "numero": "544", "tipo__sigla": "REQ", "tipo__descricao": "REQUERIMENTO", "autoria": "Bruno D'Melo", "texto_original": "http://sapl.olinda.pe.leg.br/media/", "ementa": "Requer constru\u00e7\u00e3o de muro de arrimo no Bairro de Passarinho;"}, {"id": "2688", "ano": "2021", "numero": "545", "tipo__sigla": "REQ", "tipo__descricao": "REQUERIMENTO", "autoria": "Bruno D'Melo", "texto_original": "http://sapl.olinda.pe.leg.br/media/", "ementa": "Requer constru\u00e7\u00e3o de muro na Rua Maced\u00f4nia - Alto da Conquista;"}, {"id": "2689", "ano": "2021", "numero": "546", "tipo__sigla": "REQ", "tipo__descricao": "REQUERIMENTO", "autoria": "Bruno D'Melo", "texto_original": "http://sapl.olinda.pe.leg.br/media/", "ementa": "Requer constru\u00e7\u00e3o de muro de arrimo na Rua Apogeu, Alto da Conquista;"}, {"id": "2690", "ano": "2021", "numero": "547", "tipo__sigla": "REQ", "tipo__descricao": "REQUERIMENTO", "autoria": "Bruno D'Melo", "texto_original": "http://sapl.olinda.pe.leg.br/media/", "ementa": "Requer constru\u00e7\u00e3o de muro de arrimo na Rua Ap\u00f3stolo - Alto da Conquista;"}, {"id": "2691", "ano": "2021", "numero": "548", "tipo__sigla": "REQ", "tipo__descricao": "REQUERIMENTO", "autoria": "Bruno D'Melo", "texto_original": "http://sapl.olinda.pe.leg.br/media/", "ementa": "Requer constru\u00e7\u00e3o de muro de arrimo nas encostas da Ladeira - Alto da Conquista;"}, {"id": "2692", "ano": "2021", "numero": "549", "tipo__sigla": "REQ", "tipo__descricao": "REQUERIMENTO", "autoria": "Bruno D'Melo", "texto_original": "http://sapl.olinda.pe.leg.br/media/", "ementa": "Requer constru\u00e7\u00e3o de muro de arrimo na Comunidade do Alto do Sol Nascente;"}, {"id": "2693", "ano": "2021", "numero": "550", "tipo__sigla": "REQ", "tipo__descricao": "REQUERIMENTO", "autoria": "Bruno D'Melo", "texto_original": "http://sapl.olinda.pe.leg.br/media/", "ementa": "Requer constru\u00e7\u00e3o de muro de arrimo nas encostas da Comunidade do Alto da Concei\u00e7\u00e3o;"}, {"id": "2694", "ano": "2021", "numero": "551", "tipo__sigla": "REQ", "tipo__descricao": "REQUERIMENTO", "autoria": "Bruno D'Melo", "texto_original": "http://sapl.olinda.pe.leg.br/media/", "ementa": "Requer constru\u00e7\u00e3o de muro de arrimo nas encostas da Comunidade do Alto da Manguba;"}, {"id": "2695", "ano": "2021", "numero": "552", "tipo__sigla": "REQ", "tipo__descricao": "REQUERIMENTO", "autoria": "Bruno D'Melo", "texto_original": "http://sapl.olinda.pe.leg.br/media/", "ementa": "Requer constru\u00e7\u00e3o de muro de arrimo nas encostas da Comunidade do Alto da Sucupira;"}, {"id": "2696", "ano": "2021", "numero": "553", "tipo__sigla": "REQ", "tipo__descricao": "REQUERIMENTO", "autoria": "Bruno D'Melo", "texto_original": "http://sapl.olinda.pe.leg.br/media/", "ementa": "Requer constru\u00e7\u00e3o de muro de arrimo nas encostas da Rua Mario Gon\u00e7alves de Medeiros - Alto da Bondade;"}, {"id": "2697", "ano": "2021", "numero": "555", "tipo__sigla": "REQ", "tipo__descricao": "REQUERIMENTO", "autoria": "Bruno D'Melo", "texto_original": "http://sapl.olinda.pe.leg.br/media/", "ementa": "Requer a inclus\u00e3o dos profissionais de limpeza urbana no grupo priorit\u00e1rio na vacina\u00e7\u00e3o da COVID-19;"}, {"id": "2698", "ano": "2021", "numero": "556", "tipo__sigla": "REQ", "tipo__descricao": "REQUERIMENTO", "autoria": "16 - Tonny Magalh\u00e3es", "texto_original": "http://sapl.olinda.pe.leg.br/media/", "ementa": "Requer a realiza\u00e7\u00e3o de um Jardim de Pneus na Rua Silvestre na Associa\u00e7\u00e3o de moradores, em Jardim Atl\u00e2ntico;"}, {"id": "2699", "ano": "2021", "numero": "557", "tipo__sigla": "REQ", "tipo__descricao": "REQUERIMENTO", "autoria": "11 - Dete Silva", "texto_original": "http://sapl.olinda.pe.leg.br/media/", "ementa": "Requer a inclus\u00e3o de alguns trabalhadores para recebimento do Aux\u00edlio Emergencial, contemplados pela Lei n\u00ba 6145/2021"}, {"id": "2701", "ano": "2021", "numero": "558", "tipo__sigla": "REQ", "tipo__descricao": "REQUERIMENTO", "autoria": "09 - Fl\u00e1vio Nascimento", "texto_original": "http://sapl.olinda.pe.leg.br/media/", "ementa": "Requer que sejam inclu\u00eddas as pessoas com defici\u00eancia como grupo priorit\u00e1rio do Programa Emergencial de Vacina\u00e7\u00e3o para o combate e erradica\u00e7\u00e3o do v\u00edrus COVID-19, em todo o munic\u00edpio de Olinda."}, {"id": "2702", "ano": "2021", "numero": "559", "tipo__sigla": "REQ", "tipo__descricao": "REQUERIMENTO", "autoria": "17 - Vinicius Castello", "texto_original": "http://sapl.olinda.pe.leg.br/media/", "ementa": "Requer que seja apresentada a Mo\u00e7\u00e3o de Pesar em virtude do falecimento por COVID-19 do funcion\u00e1rio desta Casa, fundador do partido dos Trabalhadores em Pernambuco, dirigente do PT de Olinda, constante defensor dos Diretos Humanos, Fernando Damasceno da Silva, conhecido como Fernando Ponche."}, {"id": "2703", "ano": "2021", "numero": "560", "tipo__sigla": "REQ", "tipo__descricao": "REQUERIMENTO", "autoria": "16 - Tonny Magalh\u00e3es", "texto_original": "http://sapl.olinda.pe.leg.br/media/", "ementa": "Requer a inclus\u00e3o dos Guardas Municipais de Olinda, na lista de profissionais a terem prioridade na vacina\u00e7\u00e3o contra COVID-19;"}, {"id": "2700", "ano": "2021", "numero": "561", "tipo__sigla": "REQ", "tipo__descricao": "REQUERIMENTO", "autoria": "17 - VLADEMIR LABANCA", "texto_original": "http://sapl.olinda.pe.leg.br/media/", "ementa": "Requer AUDI\u00caNCIA P\u00daBLICA para discuss\u00e3o sobre a falta d\u2019\u00e1gua em Olinda-PE."}, {"id": "2707", "ano": "2021", "numero": "562", "tipo__sigla": "REQ", "tipo__descricao": "REQUERIMENTO", "autoria": "17 - Vinicius Castello", "texto_original": "http://sapl.olinda.pe.leg.br/media/", "ementa": "Requer a retirada de podas deixadas na Rua Nossa Senhora de Guadalupe;"}, {"id": "2708", "ano": "2021", "numero": "563", "tipo__sigla": "REQ", "tipo__descricao": "REQUERIMENTO", "autoria": "17 - Vinicius Castello", "texto_original": "http://sapl.olinda.pe.leg.br/media/", "ementa": "Requer a retirada de podas deixadas na Rua Cel Jo\u00e3o Ribeiro, Bairro Novo;"}, {"id": "2709", "ano": "2021", "numero": "564", "tipo__sigla": "REQ", "tipo__descricao": "REQUERIMENTO", "autoria": "17 - Vinicius Castello", "texto_original": "http://sapl.olinda.pe.leg.br/media/", "ementa": "Requer a troca de l\u00e2mpada dos tr\u00eas postes localizados na Rua Jos\u00e9 Belarmino da Siva, Carmo;"}, {"id": "2710", "ano": "2021", "numero": "565", "tipo__sigla": "REQ", "tipo__descricao": "REQUERIMENTO", "autoria": "17 - Vinicius Castello", "texto_original": "http://sapl.olinda.pe.leg.br/media/", "ementa": "Requer a limpeza e a retirada de lixo e entulhos da Rua Jos\u00e9 Lacerda da Silva Filho, Bonsucesso;"}, {"id": "2711", "ano": "2021", "numero": "566", "tipo__sigla": "REQ", "tipo__descricao": "REQUERIMENTO", "autoria": "17 - Vinicius Castello", "texto_original": "http://sapl.olinda.pe.leg.br/media/", "ementa": "Requer o reparo no cal\u00e7amento da Rua Torneio, Jatob\u00e1;"}, {"id": "2712", "ano": "2021", "numero": "567", "tipo__sigla": "REQ", "tipo__descricao": "REQUERIMENTO", "autoria": "17 - Vinicius Castello", "texto_original": "http://sapl.olinda.pe.leg.br/media/", "ementa": "Requer a pavimenta\u00e7\u00e3o e cal\u00e7amento da Rua Marli Maria Soares, 4\u00aa etapa de Rio Doce;"}, {"id": "2713", "ano": "2021", "numero": "568", "tipo__sigla": "REQ", "tipo__descricao": "REQUERIMENTO", "autoria": "17 - Vinicius Castello", "texto_original": "http://sapl.olinda.pe.leg.br/media/", "ementa": "Requer o reparo na ilumina\u00e7\u00e3o e a troca de l\u00e2mpada de poste da Rua Dom Miguel de Lima Valverde, Monte;"}, {"id": "2714", "ano": "2021", "numero": "569", "tipo__sigla": "REQ", "tipo__descricao": "REQUERIMENTO", "autoria": "17 - Vinicius Castello", "texto_original": "http://sapl.olinda.pe.leg.br/media/", "ementa": "Requer a limpeza do Canal da Vila S\u00e3o Bento, Monte;"}, {"id": "2715", "ano": "2021", "numero": "570", "tipo__sigla": "REQ", "tipo__descricao": "REQUERIMENTO", "autoria": "17 - Vinicius Castello", "texto_original": "http://sapl.olinda.pe.leg.br/media/", "ementa": "Requer a limpeza, a pavimenta\u00e7\u00e3o e o cal\u00e7amento da Rua Luiz Gonzaga, Vila S\u00e3o Bento, Monte;"}, {"id": "2716", "ano": "2021", "numero": "571", "tipo__sigla": "REQ", "tipo__descricao": "REQUERIMENTO", "autoria": "17 - Vinicius Castello", "texto_original": "http://sapl.olinda.pe.leg.br/media/", "ementa": "Requer a limpeza, a pavimenta\u00e7\u00e3o e o cal\u00e7amento da Rua Santo Elias, Vila S\u00e3o Bento, Monte;"}, {"id": "2717", "ano": "2021", "numero": "572", "tipo__sigla": "REQ", "tipo__descricao": "REQUERIMENTO", "autoria": "17 - Vinicius Castello", "texto_original": "http://sapl.olinda.pe.leg.br/media/", "ementa": "Requer a limpeza, a pavimenta\u00e7\u00e3o e o cal\u00e7amento da Rua Marechal Castelo Branco, Vila S\u00e3o Bento, Monte;"}, {"id": "2718", "ano": "2021", "numero": "573", "tipo__sigla": "REQ", "tipo__descricao": "REQUERIMENTO", "autoria": "17 - Vinicius Castello", "texto_original": "http://sapl.olinda.pe.leg.br/media/", "ementa": "Requer a limpeza, a pavimenta\u00e7\u00e3o e o cal\u00e7amento da Rua Carlos Gomes, Vila S\u00e3o Bento, Monte;"}, {"id": "2719", "ano": "2021", "numero": "574", "tipo__sigla": "REQ", "tipo__descricao": "REQUERIMENTO", "autoria": "17 - Vinicius Castello", "texto_original": "http://sapl.olinda.pe.leg.br/media/", "ementa": "Requer a troca de l\u00e2mpada da Rua Uranio, em frente a casa 753, Sapucaia;"}, {"id": "2720", "ano": "2021", "numero": "575", "tipo__sigla": "REQ", "tipo__descricao": "REQUERIMENTO", "autoria": "17 - Vinicius Castello", "texto_original": "http://sapl.olinda.pe.leg.br/media/", "ementa": "Requer o atendimento permanente do Servi\u00e7o de Limpeza do munic\u00edpio e retirada de lixo da Rua Uranio, Sapucaia;"}, {"id": "2721", "ano": "2021", "numero": "576", "tipo__sigla": "REQ", "tipo__descricao": "REQUERIMENTO", "autoria": "17 - Vinicius Castello", "texto_original": "http://sapl.olinda.pe.leg.br/media/", "ementa": "Requer a pavimenta\u00e7\u00e3o e cal\u00e7amento da Rua Uranio, Sapucaia de Dentro;"}, {"id": "2722", "ano": "2021", "numero": "577", "tipo__sigla": "REQ", "tipo__descricao": "REQUERIMENTO", "autoria": "17 - Vinicius Castello", "texto_original": "http://sapl.olinda.pe.leg.br/media/", "ementa": "Requer a manuten\u00e7\u00e3o e reparo na escadaria da Rua Quatro de Outubro, Ouro Preto;"}, {"id": "2723", "ano": "2021", "numero": "578", "tipo__sigla": "REQ", "tipo__descricao": "REQUERIMENTO", "autoria": "17 - Vinicius Castello", "texto_original": "http://sapl.olinda.pe.leg.br/media/", "ementa": "Requer a disponibiliza\u00e7\u00e3o de um coletor de lixo para a Rua da Saudade, Guadalupe;"}, {"id": "2724", "ano": "2021", "numero": "579", "tipo__sigla": "REQ", "tipo__descricao": "REQUERIMENTO", "autoria": "17 - Vinicius Castello", "texto_original": "http://sapl.olinda.pe.leg.br/media/", "ementa": "Requer a inclus\u00e3o no rol dos grupos priorit\u00e1rios para a vacina\u00e7\u00e3o contra a COVID-19, pessoas com comorbidades e pessoas com defici\u00eancia;"}, {"id": "2725", "ano": "2021", "numero": "580", "tipo__sigla": "REQ", "tipo__descricao": "REQUERIMENTO", "autoria": "17 - Vinicius Castello", "texto_original": "http://sapl.olinda.pe.leg.br/media/", "ementa": "Requer a inclus\u00e3o contra  a COVID-19, pessoas em situa\u00e7\u00e3o de rua;"}, {"id": "2726", "ano": "2021", "numero": "581", "tipo__sigla": "REQ", "tipo__descricao": "REQUERIMENTO", "autoria": "17 - Vinicius Castello", "texto_original": "http://sapl.olinda.pe.leg.br/media/", "ementa": "Requer o tombamento da est\u00e1tua de Nossa Senhora da Concei\u00e7\u00e3o/Iemanj\u00e1, na Orla da praia da Santa - Rio Doce;"}, {"id": "2727", "ano": "2021", "numero": "582", "tipo__sigla": "REQ", "tipo__descricao": "REQUERIMENTO", "autoria": "14 - RICARDO SOUSA", "texto_original": "http://sapl.olinda.pe.leg.br/media/", "ementa": "Requer a troca de l\u00e2mpada do poste da Rua N\u00e1poles esquina com a Rua da Alegria, na 4\u00aa Etapa do Rio Doce;"}, {"id": "2728", "ano": "2021", "numero": "583", "tipo__sigla": "REQ", "tipo__descricao": "REQUERIMENTO", "autoria": "14 - RICARDO SOUSA", "texto_original": "http://sapl.olinda.pe.leg.br/media/", "ementa": "Requer a troca de l\u00e2mpada do poste localizado na Rua 48A esquina com a Rua 49, Rio Doce;"}, {"id": "2777", "ano": "2021", "numero": "584", "tipo__sigla": "REQ", "tipo__descricao": "REQUERIMENTO", "autoria": "14 - RICARDO SOUSA", "texto_original": "http://sapl.olinda.pe.leg.br/media/", "ementa": "Requer a constru\u00e7\u00e3o de uma pra\u00e7a e uma pista para corrida e caminhadas nas imedia\u00e7\u00f5es da Arema CSU localizada na IV etapa de Rio Doce"}, {"id": "2730", "ano": "2021", "numero": "585", "tipo__sigla": "REQ", "tipo__descricao": "REQUERIMENTO", "autoria": "14 - RICARDO SOUSA", "texto_original": "http://sapl.olinda.pe.leg.br/media/", "ementa": "Requer a troca de l\u00e2mpada do poste localizado na Rua das Margaridas esquina com Avenida N\u00e1poles, na 2\u00aa Etapa, Rio Doce;"}, {"id": "2731", "ano": "2021", "numero": "586", "tipo__sigla": "REQ", "tipo__descricao": "REQUERIMENTO", "autoria": "14 - RICARDO SOUSA", "texto_original": "http://sapl.olinda.pe.leg.br/media/", "ementa": "Requer a troca de l\u00e2mpada do poste localizado na Rua Almirante Barroso na esquina do Martelinho de Ouro, Rio Doce;"}, {"id": "2732", "ano": "2021", "numero": "587", "tipo__sigla": "REQ", "tipo__descricao": "REQUERIMENTO", "autoria": "14 - RICARDO SOUSA", "texto_original": "http://sapl.olinda.pe.leg.br/media/", "ementa": "Requer a troca de l\u00e2mpada do poste localizado na Rua 74 na quadra 11, na 4\u00aa Etapa, Rio Doce;"}, {"id": "2733", "ano": "2021", "numero": "588", "tipo__sigla": "REQ", "tipo__descricao": "REQUERIMENTO", "autoria": "14 - RICARDO SOUSA", "texto_original": "http://sapl.olinda.pe.leg.br/media/", "ementa": "Requer a troca de l\u00e2mpada do poste localizado na Rua das Ang\u00e9licas, Rio Doce;"}, {"id": "2734", "ano": "2021", "numero": "590", "tipo__sigla": "REQ", "tipo__descricao": "REQUERIMENTO", "autoria": "14 - RICARDO SOUSA", "texto_original": "http://sapl.olinda.pe.leg.br/media/", "ementa": "Requer a troca de l\u00e2mpada do poste localizado na Avenida das Gar\u00e7as, 4\u00aa Etapa, Rio Doce;"}, {"id": "2735", "ano": "2021", "numero": "591", "tipo__sigla": "REQ", "tipo__descricao": "REQUERIMENTO", "autoria": "14 - RICARDO SOUSA", "texto_original": "http://sapl.olinda.pe.leg.br/media/", "ementa": "Requer a troca de l\u00e2mpada do poste localizado na Avenida N\u00e1poles em frente a Alberes \u00c1gua, 4\u00aa Etapa, Rio Doce;"}, {"id": "2736", "ano": "2021", "numero": "592", "tipo__sigla": "REQ", "tipo__descricao": "REQUERIMENTO", "autoria": "14 - RICARDO SOUSA", "texto_original": "http://sapl.olinda.pe.leg.br/media/", "ementa": "Requer a troca de l\u00e2mpada do poste localizado na Rua 48 A pr\u00f3ximo ao Campo do N\u00f4, 4\u00aa Etapa, Rio Doce;"}, {"id": "2737", "ano": "2021", "numero": "593", "tipo__sigla": "REQ", "tipo__descricao": "REQUERIMENTO", "autoria": "14 - RICARDO SOUSA", "texto_original": "http://sapl.olinda.pe.leg.br/media/", "ementa": "Requer a troca de l\u00e2mpada do poste localizado na Avenida N\u00e1poles esquina com a Rua da Solidariedade, 4\u00aa Etapa, Rio Doce;"}, {"id": "2738", "ano": "2021", "numero": "594", "tipo__sigla": "REQ", "tipo__descricao": "REQUERIMENTO", "autoria": "14 - RICARDO SOUSA", "texto_original": "http://sapl.olinda.pe.leg.br/media/", "ementa": "Requer a troca de l\u00e2mpada do poste localizado na Avenida N\u00e1poles esquina com a Rua da Alegria, 4\u00aa Etapa, Rio Doce;"}, {"id": "2739", "ano": "2021", "numero": "595", "tipo__sigla": "REQ", "tipo__descricao": "REQUERIMENTO", "autoria": "14 - RICARDO SOUSA", "texto_original": "http://sapl.olinda.pe.leg.br/media/", "ementa": "Requer a troca de l\u00e2mpada do poste localizado na Avenida Brasil esquina com Avenida M\u00e9xico, 2\u00aa Etapa, Rio Doce;"}, {"id": "2740", "ano": "2021", "numero": "596", "tipo__sigla": "REQ", "tipo__descricao": "REQUERIMENTO", "autoria": "14 - RICARDO SOUSA", "texto_original": "http://sapl.olinda.pe.leg.br/media/", "ementa": "Requer a troca de l\u00e2mpada do poste localizado na Avenida das Gra\u00e7as esquina com Rua 74, em frente \u00e0 Academia AFI, 4\u00aa Etapa, Rio Doce;"}, {"id": "2741", "ano": "2021", "numero": "597", "tipo__sigla": "REQ", "tipo__descricao": "REQUERIMENTO", "autoria": "14 - RICARDO SOUSA", "texto_original": "http://sapl.olinda.pe.leg.br/media/", "ementa": "Requer a troca de l\u00e2mpada do poste localizado na Avenida Brasil em frente a Shopcar, 2\u00aa Etapa, Rio Doce;"}, {"id": "2742", "ano": "2021", "numero": "598", "tipo__sigla": "REQ", "tipo__descricao": "REQUERIMENTO", "autoria": "14 - RICARDO SOUSA", "texto_original": "http://sapl.olinda.pe.leg.br/media/", "ementa": "Requer a troca de l\u00e2mpada do poste localizado na Avenida Brasil em frente a Silvio Cabeleireiro, 2\u00aa Etapa, Rio Doce;"}, {"id": "2743", "ano": "2021", "numero": "599", "tipo__sigla": "REQ", "tipo__descricao": "REQUERIMENTO", "autoria": "14 - RICARDO SOUSA", "texto_original": "http://sapl.olinda.pe.leg.br/media/", "ementa": "Requer a troca de l\u00e2mpada do poste localizado na Avenida Brasil pr\u00f3ximo ao Posto Ipiranga, 1\u00aa Etapa, Rio Doce;"}, {"id": "2744", "ano": "2021", "numero": "600", "tipo__sigla": "REQ", "tipo__descricao": "REQUERIMENTO", "autoria": "14 - RICARDO SOUSA", "texto_original": "http://sapl.olinda.pe.leg.br/media/", "ementa": "Requer a troca de l\u00e2mpada do poste localizado na Avenida Brasil em frente a Igreja Adventista do 7\u00ba dia, 1\u00aa Etapa, Rio Doce;"}, {"id": "2746", "ano": "2021", "numero": "601", "tipo__sigla": "REQ", "tipo__descricao": "REQUERIMENTO", "autoria": "01 - Tost\u00e3o de Olinda", "texto_original": "http://sapl.olinda.pe.leg.br/media/", "ementa": "Solicitando a prorroga\u00e7\u00e3o dos contratos dos professores das sele\u00e7\u00f5es simplificadas de um ano por mais dois anos;"}, {"id": "2747", "ano": "2021", "numero": "602", "tipo__sigla": "REQ", "tipo__descricao": "REQUERIMENTO", "autoria": "01 - Tost\u00e3o de Olinda", "texto_original": "http://sapl.olinda.pe.leg.br/media/", "ementa": "Solicitando aten\u00e7\u00e3o especial com a vacina\u00e7\u00e3o priorit\u00e1ria para todos os professores, da rede p\u00fablica e privada, no Munic\u00edpio de Olinda;"}, {"id": "2748", "ano": "2021", "numero": "603", "tipo__sigla": "REQ", "tipo__descricao": "REQUERIMENTO", "autoria": "01 - Tost\u00e3o de Olinda", "texto_original": "http://sapl.olinda.pe.leg.br/media/", "ementa": "Requer aten\u00e7\u00e3o especial com a vacina\u00e7\u00e3o priorit\u00e1ria para todas as pessoas deficientes com a S\u00edndrome de Down;"}, {"id": "2749", "ano": "2021", "numero": "604", "tipo__sigla": "REQ", "tipo__descricao": "REQUERIMENTO", "autoria": "01 - Tost\u00e3o de Olinda", "texto_original": "http://sapl.olinda.pe.leg.br/media/", "ementa": "Requer que sejam feitas melhorias no servi\u00e7o de ilumina\u00e7\u00e3o p\u00fablica de toda a cidade de Olinda e solicitar junto \u00e0 empresa CELPE, uma melhor distribui\u00e7\u00e3o de energia, com mais qualidade para atender a todo o munic\u00edpio, desde o centro urbano, passando pelas comunidades e chegando a Zona Rural;"}, {"id": "2750", "ano": "2021", "numero": "605", "tipo__sigla": "REQ", "tipo__descricao": "REQUERIMENTO", "autoria": "01 - Tost\u00e3o de Olinda", "texto_original": "http://sapl.olinda.pe.leg.br/media/", "ementa": "Requer que seja cobrado a COMPESA, a responsabilidade para assumir todos os danos causados \u00e0s ruas da cidade de Olinda pelos p\u00e9ssimos servi\u00e7os ou at\u00e9 em alguns casos a falta desses servi\u00e7os, deixando buracos abertos e acabando com ruas asfaltadas, trazendo preju\u00edzos enormes ao or\u00e7amento administrativo da Prefeitura de Olinda, que tem que arcar com a resolu\u00e7\u00e3o desses servi\u00e7o;"}, {"id": "2751", "ano": "2021", "numero": "606", "tipo__sigla": "REQ", "tipo__descricao": "REQUERIMENTO", "autoria": "01 - Tost\u00e3o de Olinda", "texto_original": "http://sapl.olinda.pe.leg.br/media/", "ementa": "Requer informa\u00e7\u00f5es sobre um valor que foi deixado pela antiga gest\u00e3o do ex-presidente da C\u00e2mara Municipal de Olinda, Jorge Salustiano de Sousa Moura, conhecido como Jorge Federal, para ser repassado aos funcion\u00e1rios da C\u00e2mara Municipal de Olinda que sa\u00edram nessa \u00faltima gest\u00e3o;"}, {"id": "2752", "ano": "2021", "numero": "607", "tipo__sigla": "REQ", "tipo__descricao": "REQUERIMENTO", "autoria": "01 - Tost\u00e3o de Olinda", "texto_original": "http://sapl.olinda.pe.leg.br/media/", "ementa": "Requer iniciativa da cria\u00e7\u00e3o do Programa Patrulha Maria da Penha Olinda (PMPO), coordenado pela Secretaria de Desenvolvimento Social e Direitos Humanos e pela Secretaria de Seguran\u00e7a Cidad\u00e3, destinado a dar complementaridade e apoio ao sistema existente de pol\u00edticas p\u00fablicas de prote\u00e7\u00e3o e enfrentamento da viol\u00eancia contra as mulheres, seja ela dom\u00e9stica ou familiar, no \u00e2mbito do Munic\u00edpio de Olinda;"}, {"id": "2745", "ano": "2021", "numero": "608", "tipo__sigla": "REQ", "tipo__descricao": "REQUERIMENTO", "autoria": "05 - Everaldo Silva", "texto_original": "http://sapl.olinda.pe.leg.br/media/", "ementa": "Requer inclus\u00e3o de grupos como prioridade na vacina\u00e7\u00e3o contra a COVID-19, funcion\u00e1rios efetivos e terceirizados da Caixa Econ\u00f4mica Federal e demais institui\u00e7\u00f5es financeiras;"}, {"id": "2753", "ano": "2021", "numero": "609", "tipo__sigla": "REQ", "tipo__descricao": "REQUERIMENTO", "autoria": "10 - Joj\u00f3 Guerra", "texto_original": "http://sapl.olinda.pe.leg.br/media/", "ementa": "Requer prioridade na vacina\u00e7\u00e3o o grupo de limpeza urbana, entre eles os garis e os coletores;"}, {"id": "2754", "ano": "2021", "numero": "610", "tipo__sigla": "REQ", "tipo__descricao": "REQUERIMENTO", "autoria": "10 - Joj\u00f3 Guerra", "texto_original": "http://sapl.olinda.pe.leg.br/media/", "ementa": "Requer prioridade na vacina\u00e7\u00e3o o grupo de transporte p\u00fablico e privado, entre eles, os motoristas de \u00f4nibus, caminh\u00f5es de coleta de lixo e\r\nlimpeza, ambul\u00e2ncia, transporte por aplicativo, cobradores, taxistas;"}, {"id": "2755", "ano": "2021", "numero": "611", "tipo__sigla": "REQ", "tipo__descricao": "REQUERIMENTO", "autoria": "10 - Joj\u00f3 Guerra", "texto_original": "http://sapl.olinda.pe.leg.br/media/", "ementa": "Requer prioridade na vacina\u00e7\u00e3o o grupo de seguran\u00e7a p\u00fablica e patrimonial. Entre eles, os policiais civis e militares, da mesma forma os guardas municipais de Olinda;"}, {"id": "2756", "ano": "2021", "numero": "612", "tipo__sigla": "REQ", "tipo__descricao": "REQUERIMENTO", "autoria": "10 - Joj\u00f3 Guerra", "texto_original": "http://sapl.olinda.pe.leg.br/media/", "ementa": "Requer prioridade na vacina\u00e7\u00e3o o grupo de ensino p\u00fablico e privado. Entre eles, os professores, educadores infanto-juvenil e profissionais facilitadores da educa\u00e7\u00e3o;"}, {"id": "2757", "ano": "2021", "numero": "613", "tipo__sigla": "REQ", "tipo__descricao": "REQUERIMENTO", "autoria": "10 - Joj\u00f3 Guerra", "texto_original": "http://sapl.olinda.pe.leg.br/media/", "ementa": "Requer prioridade na vacina\u00e7\u00e3o o grupo de trabalhos e causas sociais, como ONGs e Associa\u00e7\u00f5es;"}, {"id": "2758", "ano": "2021", "numero": "614", "tipo__sigla": "REQ", "tipo__descricao": "REQUERIMENTO", "autoria": "09 - Fl\u00e1vio Nascimento", "texto_original": "http://sapl.olinda.pe.leg.br/media/", "ementa": "Requer a Comunidade de \u00c1guas Compridas que seja recolocada a faixa de pedestre, que fica no cruzamento da Avenida Presidente Kennedy com a Estrada do Caenga, para frente da Academia da cidade, localizada na Estrada do Caenga;"}, {"id": "2759", "ano": "2021", "numero": "615", "tipo__sigla": "REQ", "tipo__descricao": "REQUERIMENTO", "autoria": "09 - Fl\u00e1vio Nascimento", "texto_original": "http://sapl.olinda.pe.leg.br/media/", "ementa": "Requer que seja criada pelo Poder Executiva uma Unidade de Pronto Atendimento Veterin\u00e1rio (UPA-VET) no \u00e2mbito de Olinda;"}, {"id": "2760", "ano": "2021", "numero": "616", "tipo__sigla": "REQ", "tipo__descricao": "REQUERIMENTO", "autoria": "09 - Fl\u00e1vio Nascimento", "texto_original": "http://sapl.olinda.pe.leg.br/media/", "ementa": "Requer a inclus\u00e3o dos Servidores Municipais de Assist\u00eancia Social como grupo priorit\u00e1rio do Programa Emergencial de Vacina\u00e7\u00e3o para o combate e erradica\u00e7\u00e3o do v\u00edrus COVID-19, em todo o munic\u00edpio de Olinda;"}, {"id": "2761", "ano": "2021", "numero": "617", "tipo__sigla": "REQ", "tipo__descricao": "REQUERIMENTO", "autoria": "07 - JESU\u00cdNO ARA\u00daJO", "texto_original": "http://sapl.olinda.pe.leg.br/media/", "ementa": "Requer a constru\u00e7\u00e3o de canaletas na Rua Ernesto L. M. Correia, Peixinhos;"}, {"id": "2762", "ano": "2021", "numero": "618", "tipo__sigla": "REQ", "tipo__descricao": "REQUERIMENTO", "autoria": "16 - Tonny Magalh\u00e3es", "texto_original": "http://sapl.olinda.pe.leg.br/media/", "ementa": "Requer a coloca\u00e7\u00e3o da placa PARE e as sinaliza\u00e7\u00f5es no asfalto, na Rua Rosa Silvestre, no Bairro de Jardim Atl\u00e2ntico;"}, {"id": "2763", "ano": "2021", "numero": "619", "tipo__sigla": "REQ", "tipo__descricao": "REQUERIMENTO", "autoria": "16 - Tonny Magalh\u00e3es", "texto_original": "http://sapl.olinda.pe.leg.br/media/", "ementa": "Requer a coloca\u00e7\u00e3o de placas de rolamento, na Rua Antonieta Guimar\u00e3es com Travessa Nilson Sabino Pinho, Jardim Atl\u00e2ntico;"}, {"id": "2764", "ano": "2021", "numero": "620", "tipo__sigla": "REQ", "tipo__descricao": "REQUERIMENTO", "autoria": "16 - Tonny Magalh\u00e3es", "texto_original": "http://sapl.olinda.pe.leg.br/media/", "ementa": "Requer a limpeza da fossa, na Avenida Ant\u00f4nio da Costa Azevedo, no Bairro de Jardim Brasil II, ponto de refer\u00eancia o Conjunto Habitacional Vila Bras\u00edlia, em frente ao bloco 50;"}, {"id": "2765", "ano": "2021", "numero": "621", "tipo__sigla": "REQ", "tipo__descricao": "REQUERIMENTO", "autoria": "16 - Tonny Magalh\u00e3es", "texto_original": "http://sapl.olinda.pe.leg.br/media/", "ementa": "Requer a troca de l\u00e2mpada, na Rua Sult\u00e3o, entre as casas n\u00ba 49 e n\u00ba 87, Jardim Atl\u00e2ntico;"}, {"id": "2766", "ano": "2021", "numero": "622", "tipo__sigla": "REQ", "tipo__descricao": "REQUERIMENTO", "autoria": "16 - Tonny Magalh\u00e3es", "texto_original": "http://sapl.olinda.pe.leg.br/media/", "ementa": "Requer a coloca\u00e7\u00e3o de placas de manilhas, na Rua Antonieta Guimar\u00e3es com Travessa Nilson Sabino Pinho, Jardim Atl\u00e2ntico;"}, {"id": "2767", "ano": "2021", "numero": "623", "tipo__sigla": "REQ", "tipo__descricao": "REQUERIMENTO", "autoria": "16 - Tonny Magalh\u00e3es", "texto_original": "http://sapl.olinda.pe.leg.br/media/", "ementa": "Requer a inclus\u00e3o da Secretaria de Controle Urbano, na lista de profissionais a terem prioridade na vacina\u00e7\u00e3o contra o COVID-19, atuando no combate de forma direta."}, {"id": "2768", "ano": "2021", "numero": "624", "tipo__sigla": "REQ", "tipo__descricao": "REQUERIMENTO", "autoria": "Bruno D'Melo", "texto_original": "http://sapl.olinda.pe.leg.br/media/", "ementa": "Requer o cal\u00e7amento da Avenida Floresta e da Avenida Pir\u00e2mide, no Alto do Sol Nascente;"}, {"id": "2769", "ano": "2021", "numero": "625", "tipo__sigla": "REQ", "tipo__descricao": "REQUERIMENTO", "autoria": "Bruno D'Melo", "texto_original": "http://sapl.olinda.pe.leg.br/media/", "ementa": "Requer a implanta\u00e7\u00e3o da coleta manual de lixo nos becos e nas travessas do Alto da Bondade;"}, {"id": "2770", "ano": "2021", "numero": "626", "tipo__sigla": "REQ", "tipo__descricao": "REQUERIMENTO", "autoria": "Bruno D'Melo", "texto_original": "http://sapl.olinda.pe.leg.br/media/", "ementa": "Requer a retirada de entulhos e a implanta\u00e7\u00e3o de jardins de pneus;"}, {"id": "2771", "ano": "2021", "numero": "627", "tipo__sigla": "REQ", "tipo__descricao": "REQUERIMENTO", "autoria": "Bruno D'Melo", "texto_original": "http://sapl.olinda.pe.leg.br/media/", "ementa": "Requer as trocas de l\u00e2mpadas queimadas no Alto da Bondade;"}, {"id": "2772", "ano": "2021", "numero": "628", "tipo__sigla": "REQ", "tipo__descricao": "REQUERIMENTO", "autoria": "Bruno D'Melo", "texto_original": "http://sapl.olinda.pe.leg.br/media/", "ementa": "Requer a troca das l\u00e2mpadas queimadas e instala\u00e7\u00e3o de bra\u00e7os com l\u00e2mpadas no C\u00f3rrego da Bondade;"}, {"id": "2778", "ano": "2021", "numero": "629", "tipo__sigla": "REQ", "tipo__descricao": "REQUERIMENTO", "autoria": "09 - Fl\u00e1vio Nascimento", "texto_original": "http://sapl.olinda.pe.leg.br/media/", "ementa": "Requer que a COMPESA regularize o abastecimento de \u00e1gua no Conjunto residencial Peixinhos I e II, localizado na Rua Greg\u00f3rio Bezerra S/N, Peixinhos;"}, {"id": "2779", "ano": "2021", "numero": "630", "tipo__sigla": "REQ", "tipo__descricao": "REQUERIMENTO", "autoria": "09 - Fl\u00e1vio Nascimento", "texto_original": "http://sapl.olinda.pe.leg.br/media/", "ementa": "Requer a inclus\u00e3o de todos os trabalhadores que laboram no sistema de sa\u00fade do munic\u00edpio como grupo priorit\u00e1rio do Programa Emergencial de Vacina\u00e7\u00e3o para combate e erradica\u00e7\u00e3o do COVID-19;"}, {"id": "2780", "ano": "2021", "numero": "631", "tipo__sigla": "REQ", "tipo__descricao": "REQUERIMENTO", "autoria": "09 - Fl\u00e1vio Nascimento", "texto_original": "http://sapl.olinda.pe.leg.br/media/", "ementa": "Requer a cria\u00e7\u00e3o de uma POLICL\u00cdNICA DO IDOSO, em Olinda;"}, {"id": "2781", "ano": "2021", "numero": "632", "tipo__sigla": "REQ", "tipo__descricao": "REQUERIMENTO", "autoria": "16 - BIAI", "texto_original": "http://sapl.olinda.pe.leg.br/media/", "ementa": "Requer que seja estudado a possibilidade de vacinar, mesmo fora da faixa et\u00e1ria do momento, as pessoas diab\u00e9ticas, as pessoas com doen\u00e7as renais e pessoas portadoras de autismo e S\u00edndrome de Down;"}, {"id": "2782", "ano": "2021", "numero": "633", "tipo__sigla": "REQ", "tipo__descricao": "REQUERIMENTO", "autoria": "16 - BIAI", "texto_original": "http://sapl.olinda.pe.leg.br/media/", "ementa": "Requer que seja arquivado Projeto de privatiza\u00e7\u00e3o dos Correios;"}, {"id": "2783", "ano": "2021", "numero": "634", "tipo__sigla": "REQ", "tipo__descricao": "REQUERIMENTO", "autoria": "16 - BIAI", "texto_original": "http://sapl.olinda.pe.leg.br/media/", "ementa": "Requer com a m\u00e1xima urg\u00eancia, abrigo coberto e/ou assentamento em todas as paradas de \u00f4nibus da cidade de Olinda;"}, {"id": "2784", "ano": "2021", "numero": "635", "tipo__sigla": "REQ", "tipo__descricao": "REQUERIMENTO", "autoria": "16 - BIAI", "texto_original": "http://sapl.olinda.pe.leg.br/media/", "ementa": "Requer VOTOS DE APLAUSOS ao Clube das P\u00e1s, localizado na Rua Odorico Mendes, Campo Grande, Recife-PE, pelos seus 133 anos de hist\u00f3ria, completados em 19 de mar\u00e7o de 2021;"}, {"id": "2785", "ano": "2021", "numero": "636", "tipo__sigla": "REQ", "tipo__descricao": "REQUERIMENTO", "autoria": "16 - BIAI", "texto_original": "http://sapl.olinda.pe.leg.br/media/", "ementa": "Requer VOTOS DE APLAUSOS a Guarda Municipal de Olinda, pela atua\u00e7\u00e3o profissional dos guardas civis municipais Adadezer Gomes de Azevedo J\u00fanior, Sidcley Bezerra Silva e Valdomiro F. Barbosa Filho, que efetuaram a deten\u00e7\u00e3o dos delinquentes que estariam realizando assalto nas \u00e1reas pr\u00f3ximas  a agencia da Caixa Econ\u00f4mica Federal no dia 03 de abril, na Avenida Carlos de Lima Cavalcanti, Casa Caiada, Olinda-PE;"}, {"id": "2786", "ano": "2021", "numero": "637", "tipo__sigla": "REQ", "tipo__descricao": "REQUERIMENTO", "autoria": "09 - Fl\u00e1vio Nascimento", "texto_original": "http://sapl.olinda.pe.leg.br/media/", "ementa": "Requer implanta\u00e7\u00e3o de um posto policial m\u00f3vel efetivo na Avenida Vasco Rodrigues, Peixinhos;"}, {"id": "2787", "ano": "2021", "numero": "638", "tipo__sigla": "REQ", "tipo__descricao": "REQUERIMENTO", "autoria": "09 - Fl\u00e1vio Nascimento", "texto_original": "http://sapl.olinda.pe.leg.br/media/", "ementa": "Requer servi\u00e7os advindo do Programa Arrumando a Casa, na Avenida Vasco Rodrigues, em Peixinhos;"}, {"id": "2788", "ano": "2021", "numero": "639", "tipo__sigla": "REQ", "tipo__descricao": "REQUERIMENTO", "autoria": "16 - Tonny Magalh\u00e3es", "texto_original": "http://sapl.olinda.pe.leg.br/media/", "ementa": "Requer a limpeza e a desobstru\u00e7\u00e3o do canal da Estrada da Mirueira, \u00c1guas Compridas;"}, {"id": "2789", "ano": "2021", "numero": "640", "tipo__sigla": "REQ", "tipo__descricao": "REQUERIMENTO", "autoria": "16 - Tonny Magalh\u00e3es", "texto_original": "http://sapl.olinda.pe.leg.br/media/", "ementa": "Requer que sejam colocadas as lonas, na Rua Garibaldi, V Travessa no C\u00f3rrego da Bondade;"}, {"id": "2790", "ano": "2021", "numero": "641", "tipo__sigla": "REQ", "tipo__descricao": "REQUERIMENTO", "autoria": "16 - Tonny Magalh\u00e3es", "texto_original": "http://sapl.olinda.pe.leg.br/media/", "ementa": "Requer que sejam colocadas as lonas, na Rua Garibaldi, 2\u00aa Travessa, n\u00ba 65, C\u00f3rrego da Bondade;"}, {"id": "2791", "ano": "2021", "numero": "642", "tipo__sigla": "REQ", "tipo__descricao": "REQUERIMENTO", "autoria": "16 - Tonny Magalh\u00e3es", "texto_original": "http://sapl.olinda.pe.leg.br/media/", "ementa": "Requer a limpeza e a retirada de lixo da Rua 18, IV etapa de Rio Doce;"}, {"id": "2792", "ano": "2021", "numero": "643", "tipo__sigla": "REQ", "tipo__descricao": "REQUERIMENTO", "autoria": "16 - Tonny Magalh\u00e3es", "texto_original": "http://sapl.olinda.pe.leg.br/media/", "ementa": "Requer que sejam colocadas as lonas na barreira que fica na Rua M\u00e1rio Gon\u00e7alves de Medeiros n\u00ba 132, Alto da Bondade;"}, {"id": "2793", "ano": "2021", "numero": "644", "tipo__sigla": "REQ", "tipo__descricao": "REQUERIMENTO", "autoria": "16 - Tonny Magalh\u00e3es", "texto_original": "http://sapl.olinda.pe.leg.br/media/", "ementa": "Requer a limpeza do canal do C\u00f3rrego da Bondade, em \u00c1guas Compridas;"}, {"id": "2794", "ano": "2021", "numero": "645", "tipo__sigla": "REQ", "tipo__descricao": "REQUERIMENTO", "autoria": "16 - Tonny Magalh\u00e3es", "texto_original": "http://sapl.olinda.pe.leg.br/media/", "ementa": "Requer que os buracos sejam tampados e recapeamento na Avenida Integra\u00e7\u00e3o, Jardim Fragoso;"}, {"id": "2795", "ano": "2021", "numero": "646", "tipo__sigla": "REQ", "tipo__descricao": "REQUERIMENTO", "autoria": "16 - Tonny Magalh\u00e3es", "texto_original": "http://sapl.olinda.pe.leg.br/media/", "ementa": "Requer a retirada do resto da barreira e a coloca\u00e7\u00e3o de lonas na Rua Cinco de Setembro, n\u00ba 09, \u00c1guas Compridas;"}, {"id": "2796", "ano": "2021", "numero": "647", "tipo__sigla": "REQ", "tipo__descricao": "REQUERIMENTO", "autoria": "16 - Tonny Magalh\u00e3es", "texto_original": "http://sapl.olinda.pe.leg.br/media/", "ementa": "Requer que os buracos sejam tampados na Rua Rosa Silvestre, Jardim Atl\u00e2ntico;"}, {"id": "2797", "ano": "2021", "numero": "648", "tipo__sigla": "REQ", "tipo__descricao": "REQUERIMENTO", "autoria": "16 - Tonny Magalh\u00e3es", "texto_original": "http://sapl.olinda.pe.leg.br/media/", "ementa": "Requer que os buracos sejam tampados na Rua Geraldo Silva, Bonsucesso;"}, {"id": "2798", "ano": "2021", "numero": "649", "tipo__sigla": "REQ", "tipo__descricao": "REQUERIMENTO", "autoria": "16 - Tonny Magalh\u00e3es", "texto_original": "http://sapl.olinda.pe.leg.br/media/", "ementa": "Requer a limpeza e a drenagem das canaletas na Rua Quinze A, em frente ao N\u00ba 59, Varadouro;"}, {"id": "2799", "ano": "2021", "numero": "650", "tipo__sigla": "REQ", "tipo__descricao": "REQUERIMENTO", "autoria": "16 - Tonny Magalh\u00e3es", "texto_original": "http://sapl.olinda.pe.leg.br/media/", "ementa": "Requer a retirada de entulhos, no C\u00f3rrego da Bondade, 6\u00aa Travessa, em frente a casa n\u00ba 82 e ao Bar do Barbudo;"}, {"id": "2800", "ano": "2021", "numero": "651", "tipo__sigla": "REQ", "tipo__descricao": "REQUERIMENTO", "autoria": "16 - Tonny Magalh\u00e3es", "texto_original": "http://sapl.olinda.pe.leg.br/media/", "ementa": "Requer a troca de l\u00e2mpadas nos postes localizados na Rua da Mangueira n\u00ba 158, Caixa D'\u00c1gua;"}, {"id": "2801", "ano": "2021", "numero": "652", "tipo__sigla": "REQ", "tipo__descricao": "REQUERIMENTO", "autoria": "16 - Tonny Magalh\u00e3es", "texto_original": "http://sapl.olinda.pe.leg.br/media/", "ementa": "Requer a capina\u00e7\u00e3o e a limpeza da Rua F-3 n\u00ba 28, Ouro Preto;"}, {"id": "2802", "ano": "2021", "numero": "653", "tipo__sigla": "REQ", "tipo__descricao": "REQUERIMENTO", "autoria": "17 - Vinicius Castello", "texto_original": "http://sapl.olinda.pe.leg.br/media/", "ementa": "Requer a inclus\u00e3o de doulas e parteiras como profissionais de sa\u00fade no plano de vacina\u00e7\u00e3o municipal, mediante apresenta\u00e7\u00e3o de certificado ou contrato de presta\u00e7\u00e3o de servi\u00e7o;"}, {"id": "2803", "ano": "2021", "numero": "654", "tipo__sigla": "REQ", "tipo__descricao": "REQUERIMENTO", "autoria": "17 - Vinicius Castello", "texto_original": "http://sapl.olinda.pe.leg.br/media/", "ementa": "Requer profissionais de sa\u00fade e m\u00e9dicos para Unidade de Sa\u00fade da Fam\u00edlia da Mario Melo, Bonsucesso;"}, {"id": "2807", "ano": "2021", "numero": "657", "tipo__sigla": "REQ", "tipo__descricao": "REQUERIMENTO", "autoria": "05 - Everaldo Silva", "texto_original": "http://sapl.olinda.pe.leg.br/media/", "ementa": "Requer vistoria em localidades de alto risco nas ruas abaixo relacionadas: Rua Velha, n\u00b0 2600 C\u00f3rrego do Nozinho \u2013 Rua do Futuro, n\u00b0 216, Alto Nova Olinda \u2013 Segunda Travessa da Rua Sucupira, n\u00b0100, C\u00f3rrego Aureliano, \u00c1guas Compridas \u2013 C\u00f3rrego Nova Olinda, \u00c1guas Compridas;"}, {"id": "2808", "ano": "2021", "numero": "658", "tipo__sigla": "REQ", "tipo__descricao": "REQUERIMENTO", "autoria": "05 - Everaldo Silva", "texto_original": "http://sapl.olinda.pe.leg.br/media/", "ementa": "Requer coloca\u00e7\u00e3o de lonas nas localidades abaixo mencionadas: Segunda Travessa Rua Sucupira, casas n\u00b0 100, n\u00b0 44 e n\u00b0 33, \u00c1guas Compridas \u2013 Rua Novo Hamburgo, n\u00b0 39, Alto do Cajueiro \u2013 Rua Alto Nova Olinda, n\u00b0 729, Alto Nova Olinda \u2013  Rua J\u00falio Louren\u00e7o, n\u00b0 45, \u00c1guas Compridas \u2013  Rua Virg\u00edlia , Casas da Escadaria Lado Esquerdo, \u00c1guas Compridas"}, {"id": "2809", "ano": "2021", "numero": "659", "tipo__sigla": "REQ", "tipo__descricao": "REQUERIMENTO", "autoria": "05 - Everaldo Silva", "texto_original": "http://sapl.olinda.pe.leg.br/media/", "ementa": "Requer remo\u00e7\u00e3o de \u00e1rvores nas seguintes localidades: P\u00e9 de sombreiro na Rua Bogot\u00e1, n\u00b0 40, Sapucaia \u2013 P\u00e9 de abacate e imba\u00faba na do Iate, n\u00b0 220, \u00c1guas Compridas \u2013 P\u00e9 de manga na 2\u00aa travessa Nova Olinda, n\u00b0 259, \u00c1guas Compridas;"}, {"id": "2810", "ano": "2021", "numero": "660", "tipo__sigla": "REQ", "tipo__descricao": "REQUERIMENTO", "autoria": "10 - Joj\u00f3 Guerra", "texto_original": "http://sapl.olinda.pe.leg.br/media/", "ementa": "Apresentar Mo\u00e7\u00e3o de Pesar em virtude do tr\u00e1gico falecimento do Sr. Jos\u00e9 Lauriano da Silva;"}, {"id": "2812", "ano": "2021", "numero": "661", "tipo__sigla": "REQ", "tipo__descricao": "REQUERIMENTO", "autoria": "09 - Fl\u00e1vio Nascimento", "texto_original": "http://sapl.olinda.pe.leg.br/media/", "ementa": "Requer servi\u00e7os de tapa buraco na Rua Jos\u00e9 Ramalho, no Bairro de Guadalupe \u2013 Olinda;"}, {"id": "2813", "ano": "2021", "numero": "662", "tipo__sigla": "REQ", "tipo__descricao": "REQUERIMENTO", "autoria": "09 - Fl\u00e1vio Nascimento", "texto_original": "http://sapl.olinda.pe.leg.br/media/", "ementa": "Requer troca de l\u00e2mpadas na Avenida Frei Ant\u00f4nio Jaboat\u00e3o, no Bairro de Peixinhos \u2013 Olinda-PE;"}, {"id": "2814", "ano": "2021", "numero": "663", "tipo__sigla": "REQ", "tipo__descricao": "REQUERIMENTO", "autoria": "09 - Fl\u00e1vio Nascimento", "texto_original": "http://sapl.olinda.pe.leg.br/media/", "ementa": "Requer limpeza de canaletas na Avenida Carlos de Lima Cavalcante, em frente ao n\u00b0 734, Bairro Novo \u2013 Olinda-PE;"}, {"id": "2815", "ano": "2021", "numero": "664", "tipo__sigla": "REQ", "tipo__descricao": "REQUERIMENTO", "autoria": "01 - Tost\u00e3o de Olinda", "texto_original": "http://sapl.olinda.pe.leg.br/media/", "ementa": "Requer instala\u00e7\u00e3o de um sem\u00e1foro \u2013 Sinal de tr\u00e2nsito para ve\u00edculos e tamb\u00e9m pedestres, no cruzamento da Avenida Perimetral com a Rua de Vencedor e a Estrada Lygia Gomes da Silva;"}, {"id": "2816", "ano": "2021", "numero": "665", "tipo__sigla": "REQ", "tipo__descricao": "REQUERIMENTO", "autoria": "01 - Tost\u00e3o de Olinda", "texto_original": "http://sapl.olinda.pe.leg.br/media/", "ementa": "Requer drenagem que resolva a situa\u00e7\u00e3o do esgoto localizado na Avenida Argentina Castelo Branco, no trecho que vai da esquina da Rua Camela, passando pelo terminal de \u00f4nibus de Ouro Preto, Jatob\u00e1 I e II at\u00e9 a Secretaria de Gest\u00e3o Urbana, no Bairro de Ouro Preto;"}, {"id": "2817", "ano": "2021", "numero": "666", "tipo__sigla": "REQ", "tipo__descricao": "REQUERIMENTO", "autoria": "01 - Tost\u00e3o de Olinda", "texto_original": "http://sapl.olinda.pe.leg.br/media/", "ementa": "Requer instala\u00e7\u00e3o de telas de prote\u00e7\u00e3o ao redor do campo, uma pista de caminhada, a demoli\u00e7\u00e3o da \u00e1rea que foi tomada atr\u00e1s da barra no lado da Rua Salm\u00e3o e a reforma dos vesti\u00e1rios para que possa ser utilizado pelos times que usam o campo;"}, {"id": "2818", "ano": "2021", "numero": "667", "tipo__sigla": "REQ", "tipo__descricao": "REQUERIMENTO", "autoria": "01 - Tost\u00e3o de Olinda", "texto_original": "http://sapl.olinda.pe.leg.br/media/", "ementa": "Requer um mutir\u00e3o de limpeza junto as Secretarias de Gest\u00e3o Urbana e Defesa Civil, de um terreno localizado na Rua Camomila, pr\u00f3ximo a Escola Maria Em\u00edlia, mais conhecida como terreno do antigo CECOPE, no Bairro de Ouro Preto \u2013 Olinda -PE;"}, {"id": "2819", "ano": "2021", "numero": "668", "tipo__sigla": "REQ", "tipo__descricao": "REQUERIMENTO", "autoria": "01 - Tost\u00e3o de Olinda", "texto_original": "http://sapl.olinda.pe.leg.br/media/", "ementa": "Requer expans\u00e3o e requalifica\u00e7\u00e3o de ilumina\u00e7\u00e3o publicada Estrada Lygia Gomes da Silva, que vai desde o inicio da Avenida Senador Nilo Coelho, at\u00e9 a Rua Tijuca, no Bairro do Alto da Conquista;"}, {"id": "2820", "ano": "2021", "numero": "669", "tipo__sigla": "REQ", "tipo__descricao": "REQUERIMENTO", "autoria": "01 - Tost\u00e3o de Olinda", "texto_original": "http://sapl.olinda.pe.leg.br/media/", "ementa": "Requer requalifica\u00e7\u00e3o de ilumina\u00e7\u00e3o p\u00fablica da Avenida Senador Nilo Coelho, principalmente no trecho que vai do cruzamento da Rua Vencedor com a Estrada Lygia Gomes, passando pela entrada que vai para Jardim Brasil, na Avenida Ant\u00f4nio da Costa Azevedo at\u00e9 o terreno do antigo Aterro Sanit\u00e1rio de Aguazinha;"}, {"id": "2821", "ano": "2021", "numero": "670", "tipo__sigla": "REQ", "tipo__descricao": "REQUERIMENTO", "autoria": "14 - RICARDO SOUSA", "texto_original": "http://sapl.olinda.pe.leg.br/media/", "ementa": "Requer troca de l\u00e2mpada do poste localizado na Rua Escritor Joel Pontes, em frente ao n\u00famero 76, na III Etapa, Rio Doce;"}, {"id": "2822", "ano": "2021", "numero": "671", "tipo__sigla": "REQ", "tipo__descricao": "REQUERIMENTO", "autoria": "14 - RICARDO SOUSA", "texto_original": "http://sapl.olinda.pe.leg.br/media/", "ementa": "Requer troca de l\u00e2mpada do poste localizado na Rua 58, em frente ao n\u00famero 13, na IV Etapa, Rio Doce;"}, {"id": "2823", "ano": "2021", "numero": "672", "tipo__sigla": "REQ", "tipo__descricao": "REQUERIMENTO", "autoria": "14 - RICARDO SOUSA", "texto_original": "http://sapl.olinda.pe.leg.br/media/", "ementa": "Requer troca de l\u00e2mpada do poste localizado na Rua 82, em frente ao n\u00famero 115, na IV Etapa, Rio Doce;"}, {"id": "2824", "ano": "2021", "numero": "673", "tipo__sigla": "REQ", "tipo__descricao": "REQUERIMENTO", "autoria": "14 - RICARDO SOUSA", "texto_original": "http://sapl.olinda.pe.leg.br/media/", "ementa": "Requer troca de l\u00e2mpada do poste localizado na Avenida das Gar\u00e7as, em frente ao Bar do Mauricio pr\u00f3ximo a Quadra 20, na IV Etapa, Rio Doce;"}, {"id": "2825", "ano": "2021", "numero": "674", "tipo__sigla": "REQ", "tipo__descricao": "REQUERIMENTO", "autoria": "14 - RICARDO SOUSA", "texto_original": "http://sapl.olinda.pe.leg.br/media/", "ementa": "Requer troca de l\u00e2mpada do poste localizado na Avenida Rio Doce, em frente UPA, na IV Etapa, Rio Doce;"}, {"id": "2826", "ano": "2021", "numero": "675", "tipo__sigla": "REQ", "tipo__descricao": "REQUERIMENTO", "autoria": "14 - RICARDO SOUSA", "texto_original": "http://sapl.olinda.pe.leg.br/media/", "ementa": "Requer troca de l\u00e2mpada do poste localizado na Rua da Amora, em frente ao n\u00famero 95, na IV Etapa, Rio Doce;"}, {"id": "2827", "ano": "2021", "numero": "676", "tipo__sigla": "REQ", "tipo__descricao": "REQUERIMENTO", "autoria": "14 - RICARDO SOUSA", "texto_original": "http://sapl.olinda.pe.leg.br/media/", "ementa": "Requer troca de l\u00e2mpada do poste localizado na Avenida N\u00e1poles, em frente \u00e0 Igreja Assembleia de Deus, pr\u00f3ximo a Rua Clotilde Pereira, na IV Etapa, Rio Doce;"}, {"id": "2828", "ano": "2021", "numero": "677", "tipo__sigla": "REQ", "tipo__descricao": "REQUERIMENTO", "autoria": "14 - RICARDO SOUSA", "texto_original": "http://sapl.olinda.pe.leg.br/media/", "ementa": "Requer troca de l\u00e2mpada do poste localizado na Avenida das Gar\u00e7as, em frente ao Bloco A da Quadra 18, na IV Etapa, Rio Doce;"}, {"id": "2829", "ano": "2021", "numero": "678", "tipo__sigla": "REQ", "tipo__descricao": "REQUERIMENTO", "autoria": "14 - RICARDO SOUSA", "texto_original": "http://sapl.olinda.pe.leg.br/media/", "ementa": "Requer troca de l\u00e2mpada do poste localizado na Avenida Brasil, em frente ao Supermercado Popular, na II Etapa, Rio Doce;"}, {"id": "2830", "ano": "2021", "numero": "679", "tipo__sigla": "REQ", "tipo__descricao": "REQUERIMENTO", "autoria": "14 - RICARDO SOUSA", "texto_original": "http://sapl.olinda.pe.leg.br/media/", "ementa": "Requer troca de l\u00e2mpada do poste localizado na Avenida das Gar\u00e7as, em frente ao Bloco A da Quadra 19, na IV Etapa, Rio Doce;"}, {"id": "2831", "ano": "2021", "numero": "680", "tipo__sigla": "REQ", "tipo__descricao": "REQUERIMENTO", "autoria": "14 - RICARDO SOUSA", "texto_original": "http://sapl.olinda.pe.leg.br/media/", "ementa": "Requer troca de l\u00e2mpada do poste localizado na Avenida Brasil, esquina com a Avenida M\u00e9xico, na II Etapa, Rio Doce;"}, {"id": "2832", "ano": "2021", "numero": "681", "tipo__sigla": "REQ", "tipo__descricao": "REQUERIMENTO", "autoria": "14 - RICARDO SOUSA", "texto_original": "http://sapl.olinda.pe.leg.br/media/", "ementa": "Requer troca de l\u00e2mpada do poste localizado na Avenida M\u00e9xico, esquina com a Avenida Rio Doce, na IV Etapa, Rio Doce;"}, {"id": "2833", "ano": "2021", "numero": "682", "tipo__sigla": "REQ", "tipo__descricao": "REQUERIMENTO", "autoria": "14 - RICARDO SOUSA", "texto_original": "http://sapl.olinda.pe.leg.br/media/", "ementa": "Requer troca de l\u00e2mpada do poste localizado na Avenida N\u00e1poles, esquina com a Rua Rosa de Oliveira em frente a Pizzaria do Gigi, na IV Etapa, Rio Doce;"}, {"id": "2834", "ano": "2021", "numero": "683", "tipo__sigla": "REQ", "tipo__descricao": "REQUERIMENTO", "autoria": "14 - RICARDO SOUSA", "texto_original": "http://sapl.olinda.pe.leg.br/media/", "ementa": "Requer troca de l\u00e2mpada do poste localizado na Avenida N\u00e1poles, em frente \u00e0 Ponte de Jardim Atl\u00e2ntico, na IV Etapa, Rio Doce;"}, {"id": "2835", "ano": "2021", "numero": "684", "tipo__sigla": "REQ", "tipo__descricao": "REQUERIMENTO", "autoria": "14 - RICARDO SOUSA", "texto_original": "http://sapl.olinda.pe.leg.br/media/", "ementa": "Requer troca de l\u00e2mpada do poste localizado na Avenida N\u00e1poles, em frente \u00e0 Ponte de Jardim Atl\u00e2ntico, na IV Etapa, Rio Doce;"}, {"id": "2836", "ano": "2021", "numero": "685", "tipo__sigla": "REQ", "tipo__descricao": "REQUERIMENTO", "autoria": "14 - RICARDO SOUSA", "texto_original": "http://sapl.olinda.pe.leg.br/media/", "ementa": "Requer troca de l\u00e2mpada do poste localizado na Rua 72, em frente ao n\u00famero 55, na IV Etapa, Rio Doce;"}, {"id": "2837", "ano": "2021", "numero": "686", "tipo__sigla": "REQ", "tipo__descricao": "REQUERIMENTO", "autoria": "14 - RICARDO SOUSA", "texto_original": "http://sapl.olinda.pe.leg.br/media/", "ementa": "Requer troca de l\u00e2mpada do poste localizado na Rua Escritor Joel Pontes, em frente ao n\u00famero 116, na III Etapa, Rio Doce;"}, {"id": "2838", "ano": "2021", "numero": "687", "tipo__sigla": "REQ", "tipo__descricao": "REQUERIMENTO", "autoria": "17 - Vinicius Castello", "texto_original": "http://sapl.olinda.pe.leg.br/media/", "ementa": "Requer a isen\u00e7\u00e3o das taxas de inscri\u00e7\u00f5es cobradas  aos candidatos para o processo seletivo simplificado  da Secretaria Municipal  de Educa\u00e7\u00e3o, Esportes e Juventude, decreto 030/2021;"}, {"id": "2839", "ano": "2021", "numero": "688", "tipo__sigla": "REQ", "tipo__descricao": "REQUERIMENTO", "autoria": "07 - JESU\u00cdNO ARA\u00daJO", "texto_original": "http://sapl.olinda.pe.leg.br/media/", "ementa": "Requer inclus\u00e3o para a vacina\u00e7\u00e3o dos professores das redes p\u00fablicas e privadas deste munic\u00edpio, no grupo priorit\u00e1rio para a vacina\u00e7\u00e3o da COVID-19."}, {"id": "2840", "ano": "2021", "numero": "689", "tipo__sigla": "REQ", "tipo__descricao": "REQUERIMENTO", "autoria": "17 - Vinicius Castello", "texto_original": "http://sapl.olinda.pe.leg.br/media/", "ementa": "Requer limpeza de entulhos e lixos nos bueiros e das canaletas da Rua dos Coqueiros, n\u00b0 187 no C\u00f3rrego do Abacaxi, Bairro de Caixa D\u2019\u00c1gua, Olinda-PE;"}, {"id": "2841", "ano": "2021", "numero": "690", "tipo__sigla": "REQ", "tipo__descricao": "REQUERIMENTO", "autoria": "17 - Vinicius Castello", "texto_original": "http://sapl.olinda.pe.leg.br/media/", "ementa": "Requer limpeza dos entulhos, lixos e vegeta\u00e7\u00e3o no Rio Beberibe, a partir das media\u00e7\u00f5es em paralelo com a Avenida Leopoldino Canudo Melo, por toda a extens\u00e3o da Rua Agamenon Gon\u00e7alves, Rua dos Maraj\u00e1s at\u00e9 as media\u00e7\u00f5es da estrada do Caenga, n\u00b0 20, Bairro de S\u00e3o Benedito, Olinda;"}, {"id": "2842", "ano": "2021", "numero": "691", "tipo__sigla": "REQ", "tipo__descricao": "REQUERIMENTO", "autoria": "17 - Vinicius Castello", "texto_original": "http://sapl.olinda.pe.leg.br/media/", "ementa": "Requer que forne\u00e7a as medidas, a\u00e7\u00f5es, plano, projetos e or\u00e7amento destinado para a conten\u00e7\u00e3o dos danos causados pela chuva nos meses de abril a julho no exerc\u00edcio de 2021, \u00e9poca que compreende aumento do \u00edndice pluviom\u00e9trico no munic\u00edpio;"}, {"id": "2843", "ano": "2021", "numero": "692", "tipo__sigla": "REQ", "tipo__descricao": "REQUERIMENTO", "autoria": "17 - Vinicius Castello", "texto_original": "http://sapl.olinda.pe.leg.br/media/", "ementa": "Requer limpeza de entulhos e lixos nos bueiros da Rua Francisco Gomes, n\u00b0 86, no Bairro de Caixa D\u2019\u00c1gua;"}, {"id": "2844", "ano": "2021", "numero": "693", "tipo__sigla": "REQ", "tipo__descricao": "REQUERIMENTO", "autoria": "17 - Vinicius Castello", "texto_original": "http://sapl.olinda.pe.leg.br/media/", "ementa": "Requer profissionais de sa\u00fade e m\u00e9dicos para a Unidade de Sa\u00fade da Fam\u00edlia Monte II, Bultrins;"}, {"id": "2845", "ano": "2021", "numero": "694", "tipo__sigla": "REQ", "tipo__descricao": "REQUERIMENTO", "autoria": "17 - Vinicius Castello", "texto_original": "http://sapl.olinda.pe.leg.br/media/", "ementa": "Requer medicamentos para a Unidade de Sa\u00fade da Fam\u00edlia dos Bultrins, em car\u00e1ter de urg\u00eancia;"}, {"id": "2846", "ano": "2021", "numero": "695", "tipo__sigla": "REQ", "tipo__descricao": "REQUERIMENTO", "autoria": "17 - Vinicius Castello", "texto_original": "http://sapl.olinda.pe.leg.br/media/", "ementa": "Requer medicamentos para todas as Unidades de Sa\u00fade da Fam\u00edlia do munic\u00edpio;"}, {"id": "2847", "ano": "2021", "numero": "696", "tipo__sigla": "REQ", "tipo__descricao": "REQUERIMENTO", "autoria": "17 - Vinicius Castello", "texto_original": "http://sapl.olinda.pe.leg.br/media/", "ementa": "Requer a contrata\u00e7\u00e3o imediata dos professores aprovados no processo seletivo para a rede municipal, devido a urg\u00eancia do preenchimento das vac\u00e2ncias de profissionais na rede;"}, {"id": "2848", "ano": "2021", "numero": "697", "tipo__sigla": "REQ", "tipo__descricao": "REQUERIMENTO", "autoria": "17 - Vinicius Castello", "texto_original": "http://sapl.olinda.pe.leg.br/media/", "ementa": "Requer profissionais de sa\u00fade e m\u00e9dicos para a Unidade de Sa\u00fade da Fam\u00edlia da Mario Melo, Bonsucesso;"}, {"id": "2849", "ano": "2021", "numero": "698", "tipo__sigla": "REQ", "tipo__descricao": "REQUERIMENTO", "autoria": "17 - Vinicius Castello", "texto_original": "http://sapl.olinda.pe.leg.br/media/", "ementa": "Requer AUDI\u00caNCIA P\u00daBLICA (virtual) sobre o tema ESTATUTO MUNICIPAL DA PROMO\u00c7\u00c3O  DA IGUALDADE RACIAL, com a presen\u00e7a dos componentes, grupos organizados e lideran\u00e7as da sociedade civil, bem como \u00f3rg\u00e3os municipais e estaduais atuantes na tem\u00e1tica \u00e9tnico racial a ser realizado no dia 23 de abril de 2021 na modalidade virtual;"}, {"id": "2852", "ano": "2021", "numero": "699", "tipo__sigla": "REQ", "tipo__descricao": "REQUERIMENTO", "autoria": "16 - BIAI", "texto_original": "http://sapl.olinda.pe.leg.br/media/", "ementa": "Requer que seja colocada faixa de pedestre no entroncamento da Rua Cl\u00e1udio Uch\u00f4a Cavalcanti (Antiga Rua 2) com a Avenida Frederico Lundgren, Rio Doce;"}, {"id": "2853", "ano": "2021", "numero": "700", "tipo__sigla": "REQ", "tipo__descricao": "REQUERIMENTO", "autoria": "16 - BIAI", "texto_original": "http://sapl.olinda.pe.leg.br/media/", "ementa": "Requer a retirada de cavalos soltos em Olinda;"}, {"id": "2854", "ano": "2021", "numero": "701", "tipo__sigla": "REQ", "tipo__descricao": "REQUERIMENTO", "autoria": "16 - BIAI", "texto_original": "http://sapl.olinda.pe.leg.br/media/", "ementa": "Requer a constru\u00e7\u00e3o de muro de arrimo de quadra 11 na 4\u00aa Etapa do Bairro Rio Doce;"}, {"id": "2855", "ano": "2021", "numero": "702", "tipo__sigla": "REQ", "tipo__descricao": "REQUERIMENTO", "autoria": "15 - SAULO HOLANDA", "texto_original": "http://sapl.olinda.pe.leg.br/media/", "ementa": "Requer os Servi\u00e7os de Troca de L\u00e2mpada no Poste na Rua Taguari, Cidade Tabajara;"}, {"id": "2856", "ano": "2021", "numero": "703", "tipo__sigla": "REQ", "tipo__descricao": "REQUERIMENTO", "autoria": "15 - SAULO HOLANDA", "texto_original": "http://sapl.olinda.pe.leg.br/media/", "ementa": "Requer os Servi\u00e7os de Troca de L\u00e2mpada no Poste na Rua Jurupar\u00ed, Cidade Tabajara;"}, {"id": "2857", "ano": "2021", "numero": "704", "tipo__sigla": "REQ", "tipo__descricao": "REQUERIMENTO", "autoria": "15 - SAULO HOLANDA", "texto_original": "http://sapl.olinda.pe.leg.br/media/", "ementa": "Requer trocas de l\u00e2mpadas apagadas no poste n\u00ba A042544 na Rua Jurupa\u00ed, Tabajara;"}, {"id": "2858", "ano": "2021", "numero": "705", "tipo__sigla": "REQ", "tipo__descricao": "REQUERIMENTO", "autoria": "15 - SAULO HOLANDA", "texto_original": "http://sapl.olinda.pe.leg.br/media/", "ementa": "Requer trocas de l\u00e2mpadas apagadas no poste n\u00ba H033285 na Rua Jurupa\u00ed, Tabajara;"}, {"id": "2859", "ano": "2021", "numero": "706", "tipo__sigla": "REQ", "tipo__descricao": "REQUERIMENTO", "autoria": "15 - SAULO HOLANDA", "texto_original": "http://sapl.olinda.pe.leg.br/media/", "ementa": "Requer trocas de l\u00e2mpadas apagadas no poste n\u00ba A042611 na Rua Jurupa\u00ed, Tabajara;"}, {"id": "2860", "ano": "2021", "numero": "707", "tipo__sigla": "REQ", "tipo__descricao": "REQUERIMENTO", "autoria": "15 - SAULO HOLANDA", "texto_original": "http://sapl.olinda.pe.leg.br/media/", "ementa": "Requer trocas de l\u00e2mpadas apagadas no poste n\u00ba H034686 na Rua Jurupa\u00ed, Tabajara;"}, {"id": "2861", "ano": "2021", "numero": "708", "tipo__sigla": "REQ", "tipo__descricao": "REQUERIMENTO", "autoria": "15 - SAULO HOLANDA", "texto_original": "http://sapl.olinda.pe.leg.br/media/", "ementa": "Requer trocas de l\u00e2mpadas apagadas no poste n\u00ba H035301 na Rua Jurupa\u00ed, Tabajara;"}, {"id": "2862", "ano": "2021", "numero": "709", "tipo__sigla": "REQ", "tipo__descricao": "REQUERIMENTO", "autoria": "15 - SAULO HOLANDA", "texto_original": "http://sapl.olinda.pe.leg.br/media/", "ementa": "Requer trocas de l\u00e2mpadas apagadas no poste n\u00ba A043244 na Rua Calif\u00f3rnia, em frente ao n\u00ba 46, Tabajara;"}, {"id": "2863", "ano": "2021", "numero": "710", "tipo__sigla": "REQ", "tipo__descricao": "REQUERIMENTO", "autoria": "15 - SAULO HOLANDA", "texto_original": "http://sapl.olinda.pe.leg.br/media/", "ementa": "Requer trocas de l\u00e2mpadas apagadas no poste n\u00ba H034471 na Rua Calif\u00f3rnia, em frente ao n\u00ba 3B, Tabajara;"}, {"id": "2864", "ano": "2021", "numero": "711", "tipo__sigla": "REQ", "tipo__descricao": "REQUERIMENTO", "autoria": "15 - SAULO HOLANDA", "texto_original": "http://sapl.olinda.pe.leg.br/media/", "ementa": "Requer troca de l\u00e2mpadas em 03 postes s/n na Avenida Bras\u00edlia, Jardim Brasil II;"}, {"id": "2865", "ano": "2021", "numero": "712", "tipo__sigla": "REQ", "tipo__descricao": "REQUERIMENTO", "autoria": "15 - SAULO HOLANDA", "texto_original": "http://sapl.olinda.pe.leg.br/media/", "ementa": "Requer troca de l\u00e2mpadas em 04 postes s/n na Rua Jorge Albuquerque de Carvalho, Peixinhos ;"}, {"id": "2866", "ano": "2021", "numero": "713", "tipo__sigla": "REQ", "tipo__descricao": "REQUERIMENTO", "autoria": "17 - Vinicius Castello", "texto_original": "http://sapl.olinda.pe.leg.br/media/", "ementa": "Requer a implementa\u00e7\u00e3o de saneamento b\u00e1sico e pavimenta\u00e7\u00e3o da 3\u00aa Travessa da Saudade-Guadalupe;"}, {"id": "2867", "ano": "2021", "numero": "714", "tipo__sigla": "REQ", "tipo__descricao": "REQUERIMENTO", "autoria": "17 - Vinicius Castello", "texto_original": "http://sapl.olinda.pe.leg.br/media/", "ementa": "Requer que sejam avaliados os poss\u00edveis danos e a inviabilidade da inclus\u00e3o de uma linha de \u00f4nibus que percorra a 3\u00aa Travessa da Rua da Saudade-Guadalupe;"}, {"id": "2868", "ano": "2021", "numero": "715", "tipo__sigla": "REQ", "tipo__descricao": "REQUERIMENTO", "autoria": "17 - Vinicius Castello", "texto_original": "http://sapl.olinda.pe.leg.br/media/", "ementa": "Requer a limpeza de entulhos e lixos nos bueiros da Rua 13 de Julho, Caixa D'\u00e1gua;"}, {"id": "2869", "ano": "2021", "numero": "716", "tipo__sigla": "REQ", "tipo__descricao": "REQUERIMENTO", "autoria": "17 - Vinicius Castello", "texto_original": "http://sapl.olinda.pe.leg.br/media/", "ementa": "Requer o servi\u00e7o de pavimenta\u00e7\u00e3o e cal\u00e7amento da Rua 08 da V Etapa de Rio Doce;"}, {"id": "2870", "ano": "2021", "numero": "717", "tipo__sigla": "REQ", "tipo__descricao": "REQUERIMENTO", "autoria": "17 - Vinicius Castello", "texto_original": "http://sapl.olinda.pe.leg.br/media/", "ementa": "Requer o servi\u00e7o de pavimenta\u00e7\u00e3o e cal\u00e7amento da Rua 11 da V Etapa de Rio Doce;"}, {"id": "2871", "ano": "2021", "numero": "718", "tipo__sigla": "REQ", "tipo__descricao": "REQUERIMENTO", "autoria": "17 - Vinicius Castello", "texto_original": "http://sapl.olinda.pe.leg.br/media/", "ementa": "Requer o servi\u00e7o de pavimenta\u00e7\u00e3o e cal\u00e7amento da Rua 47 da V Etapa de Rio Doce;"}, {"id": "2872", "ano": "2021", "numero": "719", "tipo__sigla": "REQ", "tipo__descricao": "REQUERIMENTO", "autoria": "17 - Vinicius Castello", "texto_original": "http://sapl.olinda.pe.leg.br/media/", "ementa": "Requer o servi\u00e7o de pavimenta\u00e7\u00e3o e cal\u00e7amento da Rua 44 da V Etapa de Rio Doce;"}, {"id": "2873", "ano": "2021", "numero": "720", "tipo__sigla": "REQ", "tipo__descricao": "REQUERIMENTO", "autoria": "17 - Vinicius Castello", "texto_original": "http://sapl.olinda.pe.leg.br/media/", "ementa": "Requer o servi\u00e7o de pavimenta\u00e7\u00e3o e cal\u00e7amento da Rua 46 da V Etapa de Rio Doce;"}, {"id": "2874", "ano": "2021", "numero": "721", "tipo__sigla": "REQ", "tipo__descricao": "REQUERIMENTO", "autoria": "17 - Vinicius Castello", "texto_original": "http://sapl.olinda.pe.leg.br/media/", "ementa": "Requer o servi\u00e7o de pavimenta\u00e7\u00e3o e cal\u00e7amento da Rua 45 da V Etapa de Rio Doce;"}, {"id": "2875", "ano": "2021", "numero": "722", "tipo__sigla": "REQ", "tipo__descricao": "REQUERIMENTO", "autoria": "17 - Vinicius Castello", "texto_original": "http://sapl.olinda.pe.leg.br/media/", "ementa": "Requer o servi\u00e7o de pavimenta\u00e7\u00e3o e cal\u00e7amento da Rua 43 da V Etapa de Rio Doce;"}, {"id": "2876", "ano": "2021", "numero": "723", "tipo__sigla": "REQ", "tipo__descricao": "REQUERIMENTO", "autoria": "17 - Vinicius Castello", "texto_original": "http://sapl.olinda.pe.leg.br/media/", "ementa": "Requer o servi\u00e7o de pavimenta\u00e7\u00e3o tratamento de saneamento da Travessa Herculano de Holanda Cunha-Ouro Preto;"}, {"id": "2877", "ano": "2021", "numero": "724", "tipo__sigla": "REQ", "tipo__descricao": "REQUERIMENTO", "autoria": "17 - Vinicius Castello", "texto_original": "http://sapl.olinda.pe.leg.br/media/", "ementa": "Requer limpeza e retirada de lixo na Travessa Herculano de Holanda Cunha-Ouro Preto;"}, {"id": "2878", "ano": "2021", "numero": "725", "tipo__sigla": "REQ", "tipo__descricao": "REQUERIMENTO", "autoria": "17 - Vinicius Castello", "texto_original": "http://sapl.olinda.pe.leg.br/media/", "ementa": "Requer o servi\u00e7o de reparo na escadaria da Travessa Herculano de Holanda Cunha-Ouro Preto;"}, {"id": "2879", "ano": "2021", "numero": "726", "tipo__sigla": "REQ", "tipo__descricao": "REQUERIMENTO", "autoria": "17 - Vinicius Castello", "texto_original": "http://sapl.olinda.pe.leg.br/media/", "ementa": "Requer a inclus\u00e3o no rol de vacina\u00e7\u00e3o priorit\u00e1ria contra Covid-19, pessoas de S\u00edndrome de Down;"}, {"id": "2880", "ano": "2021", "numero": "727", "tipo__sigla": "REQ", "tipo__descricao": "REQUERIMENTO", "autoria": "17 - Vinicius Castello", "texto_original": "http://sapl.olinda.pe.leg.br/media/", "ementa": "Requer a manuten\u00e7\u00e3o e recapeamento da Travessa do Ros\u00e1rio-Guadalupe;"}, {"id": "2881", "ano": "2021", "numero": "728", "tipo__sigla": "REQ", "tipo__descricao": "REQUERIMENTO", "autoria": "17 - Vinicius Castello", "texto_original": "http://sapl.olinda.pe.leg.br/media/", "ementa": "Requer o servi\u00e7o de pavimenta\u00e7\u00e3o e cal\u00e7amento da Rua Geraldo da Silva-Monte;"}, {"id": "2882", "ano": "2021", "numero": "729", "tipo__sigla": "REQ", "tipo__descricao": "REQUERIMENTO", "autoria": "17 - Vinicius Castello", "texto_original": "http://sapl.olinda.pe.leg.br/media/", "ementa": "Requer a limpeza e retirada de lixo 1\u00aa Travessa da Saudade-Guadalupe;"}, {"id": "2883", "ano": "2021", "numero": "730", "tipo__sigla": "REQ", "tipo__descricao": "REQUERIMENTO", "autoria": "17 - Vinicius Castello", "texto_original": "http://sapl.olinda.pe.leg.br/media/", "ementa": "Requer a reposi\u00e7\u00e3o de uma lona de prote\u00e7\u00e3o na Avenida da Saudade, n\u00ba 433, Guadalupe;"}, {"id": "2884", "ano": "2021", "numero": "731", "tipo__sigla": "REQ", "tipo__descricao": "REQUERIMENTO", "autoria": "17 - Vinicius Castello", "texto_original": "http://sapl.olinda.pe.leg.br/media/", "ementa": "Requer a troca de l\u00e2mpadas do poste localizado na TV Orlando Silva, n\u00ba 174 b, Guadalupe;"}, {"id": "2885", "ano": "2021", "numero": "732", "tipo__sigla": "REQ", "tipo__descricao": "REQUERIMENTO", "autoria": "17 - Vinicius Castello", "texto_original": "http://sapl.olinda.pe.leg.br/media/", "ementa": "Requer a prioriza\u00e7\u00e3o de vacina\u00e7\u00e3o ind\u00edgenas em contexto urbano residentes em Olinda;"}, {"id": "2886", "ano": "2021", "numero": "733", "tipo__sigla": "REQ", "tipo__descricao": "REQUERIMENTO", "autoria": "17 - Vinicius Castello", "texto_original": "http://sapl.olinda.pe.leg.br/media/", "ementa": "Requer a inclus\u00e3o no Programa Aux\u00edlio Olinda das m\u00e3es, chefes de fam\u00edlia monoparentais (m\u00e3e solo), e que recebam o valor em dobro do aux\u00edlio;"}, {"id": "2887", "ano": "2021", "numero": "734", "tipo__sigla": "REQ", "tipo__descricao": "REQUERIMENTO", "autoria": "17 - Vinicius Castello", "texto_original": "http://sapl.olinda.pe.leg.br/media/", "ementa": "Requer as seguintes informa\u00e7\u00f5es sobre o Benef\u00edcio Eventual de Assist\u00eancia Social: a. Quantas fam\u00edlias foram beneficiadas e quais os bairros a distribui\u00e7\u00e3o das cestas b\u00e1sicas no exerc\u00edcio de 2021; b. A quantidade de pessoas que solicitaram o benef\u00edcio no exerc\u00edcio de 2021; c. Qual o valor de recurso, no exerc\u00edcio de 2021, destinado para concess\u00e3o do benef\u00edcio citado;"}, {"id": "2892", "ano": "2021", "numero": "735", "tipo__sigla": "REQ", "tipo__descricao": "REQUERIMENTO", "autoria": "03 - FELIPE NASCIMENTO", "texto_original": "http://sapl.olinda.pe.leg.br/media/", "ementa": "Requer VOTO DE APLAUSOS aos respons\u00e1veis pelos respectivos times de futebol de v\u00e1rzea do nosso munic\u00edpio - Panelinha FC - Passarinho FC - Aguazinha FC - Rio Negro FC;"}, {"id": "2893", "ano": "2021", "numero": "736", "tipo__sigla": "REQ", "tipo__descricao": "REQUERIMENTO", "autoria": "03 - FELIPE NASCIMENTO", "texto_original": "http://sapl.olinda.pe.leg.br/media/", "ementa": "Requer pavimenta\u00e7\u00e3o asf\u00e1ltica da Rua Geraldo Silva, no Bairro de Bonsucesso;"}, {"id": "2897", "ano": "2021", "numero": "737", "tipo__sigla": "REQ", "tipo__descricao": "REQUERIMENTO", "autoria": "16 - Tonny Magalh\u00e3es", "texto_original": "http://sapl.olinda.pe.leg.br/media/", "ementa": "Requer a limpeza e a drenagem das canaletas na Avenida Fagundes Varela, Jardim Atl\u00e2ntico;"}, {"id": "2898", "ano": "2021", "numero": "738", "tipo__sigla": "REQ", "tipo__descricao": "REQUERIMENTO", "autoria": "16 - Tonny Magalh\u00e3es", "texto_original": "http://sapl.olinda.pe.leg.br/media/", "ementa": "Requer a drenagem das canaletas e hidrojato nas bocas de lobo da Rua Bella Rosa n\u00ba 53, Jardim Atl\u00e2ntico;"}, {"id": "2899", "ano": "2021", "numero": "739", "tipo__sigla": "REQ", "tipo__descricao": "REQUERIMENTO", "autoria": "16 - Tonny Magalh\u00e3es", "texto_original": "http://sapl.olinda.pe.leg.br/media/", "ementa": "Requer a limpeza e a manuten\u00e7\u00e3o das escadarias da Orla de Casa Caiada;"}, {"id": "2900", "ano": "2021", "numero": "740", "tipo__sigla": "REQ", "tipo__descricao": "REQUERIMENTO", "autoria": "16 - Tonny Magalh\u00e3es", "texto_original": "http://sapl.olinda.pe.leg.br/media/", "ementa": "Requer a troca de l\u00e2mpadas de todos os postes localizados na Orla de Casa Caiada;"}, {"id": "2901", "ano": "2021", "numero": "741", "tipo__sigla": "REQ", "tipo__descricao": "REQUERIMENTO", "autoria": "16 - Tonny Magalh\u00e3es", "texto_original": "http://sapl.olinda.pe.leg.br/media/", "ementa": "Requer a troca de l\u00e2mpadas nos postes localizados na Rua Calceolaria, n\u00ba 56, Jardim Atl\u00e2ntico;"}, {"id": "2902", "ano": "2021", "numero": "742", "tipo__sigla": "REQ", "tipo__descricao": "REQUERIMENTO", "autoria": "16 - Tonny Magalh\u00e3es", "texto_original": "http://sapl.olinda.pe.leg.br/media/", "ementa": "Requer a limpeza e a drenagem das canaletas na Rua Garanhus, Jardim Atl\u00e2ntico 1;"}, {"id": "2903", "ano": "2021", "numero": "743", "tipo__sigla": "REQ", "tipo__descricao": "REQUERIMENTO", "autoria": "16 - Tonny Magalh\u00e3es", "texto_original": "http://sapl.olinda.pe.leg.br/media/", "ementa": "Requer a limpeza e a drenagem das canaletas na Rua Travessa Santana, n\u00ba 12,  Jardim Atl\u00e2ntico;"}, {"id": "2904", "ano": "2021", "numero": "744", "tipo__sigla": "REQ", "tipo__descricao": "REQUERIMENTO", "autoria": "16 - Tonny Magalh\u00e3es", "texto_original": "http://sapl.olinda.pe.leg.br/media/", "ementa": "Requer a coloca\u00e7\u00e3o de quebra mola na Rua Titanita em frente a casa de n\u00ba 57, Jardim Atl\u00e2ntico;"}, {"id": "2905", "ano": "2021", "numero": "745", "tipo__sigla": "REQ", "tipo__descricao": "REQUERIMENTO", "autoria": "16 - Tonny Magalh\u00e3es", "texto_original": "http://sapl.olinda.pe.leg.br/media/", "ementa": "Requer a coloca\u00e7\u00e3o de quebra mola na Travessa Marfim em frente a casa de n\u00ba 55, Jardim Atl\u00e2ntico;"}, {"id": "2906", "ano": "2021", "numero": "746", "tipo__sigla": "REQ", "tipo__descricao": "REQUERIMENTO", "autoria": "16 - Tonny Magalh\u00e3es", "texto_original": "http://sapl.olinda.pe.leg.br/media/", "ementa": "Requer a limpeza e a manuten\u00e7\u00e3o com as devidas pinturas e capina\u00e7\u00e3o da pracinha localizada na Rua Beija Flor, Jardim Atl\u00e2ntico;"}, {"id": "2907", "ano": "2021", "numero": "747", "tipo__sigla": "REQ", "tipo__descricao": "REQUERIMENTO", "autoria": "16 - Tonny Magalh\u00e3es", "texto_original": "http://sapl.olinda.pe.leg.br/media/", "ementa": "Requer a limpeza e a drenagem das canaletas na Rua Travessa Santana, n\u00ba 12,  Jardim Atl\u00e2ntico, ponto de refer\u00eancia Rua do Mercadinho de Lino;"}, {"id": "2911", "ano": "2021", "numero": "748", "tipo__sigla": "REQ", "tipo__descricao": "REQUERIMENTO", "autoria": "09 - Fl\u00e1vio Nascimento", "texto_original": "http://sapl.olinda.pe.leg.br/media/", "ementa": "Requer a troca de l\u00e2mpadas nos postes da Rua Jos\u00e9 Borges de Sousa, n\u00ba 293, Alto da Na\u00e7\u00e3o;"}, {"id": "2912", "ano": "2021", "numero": "749", "tipo__sigla": "REQ", "tipo__descricao": "REQUERIMENTO", "autoria": "09 - Fl\u00e1vio Nascimento", "texto_original": "http://sapl.olinda.pe.leg.br/media/", "ementa": "Requer a troca de l\u00e2mpadas nos postes da Rua da Pedra, n\u00ba 31, Bultrins;"}, {"id": "2913", "ano": "2021", "numero": "750", "tipo__sigla": "REQ", "tipo__descricao": "REQUERIMENTO", "autoria": "09 - Fl\u00e1vio Nascimento", "texto_original": "http://sapl.olinda.pe.leg.br/media/", "ementa": "Requer a remo\u00e7\u00e3o de entulhos em frente ao n\u00ba 32 da Rua Pedro de Souza Lopes, Varadouro;"}, {"id": "2914", "ano": "2021", "numero": "751", "tipo__sigla": "REQ", "tipo__descricao": "REQUERIMENTO", "autoria": "09 - Fl\u00e1vio Nascimento", "texto_original": "http://sapl.olinda.pe.leg.br/media/", "ementa": "Requer a limpeza, a capina\u00e7\u00e3o, a pintura de meio fio, a varri\u00e7\u00e3o e o desgotamento da \u00e1gua em toda extens\u00e3o na Rua Caruaru, Jardim Atl\u00e2ntico;"}, {"id": "2915", "ano": "2021", "numero": "752", "tipo__sigla": "REQ", "tipo__descricao": "REQUERIMENTO", "autoria": "16 - Tonny Magalh\u00e3es", "texto_original": "http://sapl.olinda.pe.leg.br/media/", "ementa": "Requer os cadastramentos dos respectivos endere\u00e7os e CEP: 1. Avenida Beira Rio, CEP: 53250-130, Novo nome de cadastramento: Ant\u00f4nio Fernando Evangelista da Silva; 2. Rua Dezoito A, CEP: 53020-655, Novo nome de cadastramento: Manoel Mauricio do Nascimento; 3. Rua 13, CEP: 53020-605, Novo nome de cadastramento: Cl\u00e1udio Marques da Silva; 4. Rua 15, CEP: 53020-615, Novo nome de cadastramento: C\u00e9lia Juli\u00e3o Marques da Silva; 5. Rua 15-A, CEP: 53020-617, Novo nome de cadastramento: Nivaldo Barbosa de Andrade; 6. Rua 18, CEP: 53020-650, Novo nome de cadastramento: Marta Gomes Pereira;"}, {"id": "2916", "ano": "2021", "numero": "753", "tipo__sigla": "REQ", "tipo__descricao": "REQUERIMENTO", "autoria": "16 - BIAI", "texto_original": "http://sapl.olinda.pe.leg.br/media/", "ementa": "Requer o servi\u00e7o de tapa buraco (com asfalto), Rua do Pica-Pau na 3\u00aa Etapa, Rio Doce;"}, {"id": "2917", "ano": "2021", "numero": "754", "tipo__sigla": "REQ", "tipo__descricao": "REQUERIMENTO", "autoria": "16 - BIAI", "texto_original": "http://sapl.olinda.pe.leg.br/media/", "ementa": "Requer o servi\u00e7o de tapa buraco (com asfalto), Rua do XeX\u00e9u na 3\u00aa Etapa, Rio Doce;"}, {"id": "2918", "ano": "2021", "numero": "755", "tipo__sigla": "REQ", "tipo__descricao": "REQUERIMENTO", "autoria": "16 - BIAI", "texto_original": "http://sapl.olinda.pe.leg.br/media/", "ementa": "Requer o servi\u00e7o de tapa buraco (com asfalto), Rua Ja\u00e7an\u00e3 na 3\u00aa Etapa, Rio Doce;"}, {"id": "2919", "ano": "2021", "numero": "756", "tipo__sigla": "REQ", "tipo__descricao": "REQUERIMENTO", "autoria": "16 - BIAI", "texto_original": "http://sapl.olinda.pe.leg.br/media/", "ementa": "Requer o servi\u00e7o de tapa buraco (com asfalto), Rua Papa Capim na 3\u00aa Etapa, Rio Doce;"}, {"id": "2920", "ano": "2021", "numero": "757", "tipo__sigla": "REQ", "tipo__descricao": "REQUERIMENTO", "autoria": "16 - BIAI", "texto_original": "http://sapl.olinda.pe.leg.br/media/", "ementa": "Requer o servi\u00e7o de tapa buraco (com asfalto), Rua do Curi\u00f3 na 3\u00aa Etapa, Rio Doce;"}, {"id": "2921", "ano": "2021", "numero": "758", "tipo__sigla": "REQ", "tipo__descricao": "REQUERIMENTO", "autoria": "16 - BIAI", "texto_original": "http://sapl.olinda.pe.leg.br/media/", "ementa": "Requer o servi\u00e7o de tapa buraco (com asfalto), Rua do Pintor na 3\u00aa Etapa, Rio Doce;"}, {"id": "2922", "ano": "2021", "numero": "759", "tipo__sigla": "REQ", "tipo__descricao": "REQUERIMENTO", "autoria": "16 - BIAI", "texto_original": "http://sapl.olinda.pe.leg.br/media/", "ementa": "Requer o servi\u00e7o de tapa buraco (com asfalto), Rua do Bigode na 3\u00aa Etapa, Rio Doce;"}, {"id": "2923", "ano": "2021", "numero": "760", "tipo__sigla": "REQ", "tipo__descricao": "REQUERIMENTO", "autoria": "16 - BIAI", "texto_original": "http://sapl.olinda.pe.leg.br/media/", "ementa": "Requer o servi\u00e7o de tapa buraco (com asfalto), Rua Jo\u00e3o de Barro na 3\u00aa Etapa, Rio Doce;"}, {"id": "2924", "ano": "2021", "numero": "761", "tipo__sigla": "REQ", "tipo__descricao": "REQUERIMENTO", "autoria": "16 - BIAI", "texto_original": "http://sapl.olinda.pe.leg.br/media/", "ementa": "Requer o servi\u00e7o de tapa buraco (com asfalto), Rua Jo\u00e3o da Cra\u00fana na 3\u00aa Etapa, Rio Doce;"}, {"id": "2925", "ano": "2021", "numero": "762", "tipo__sigla": "REQ", "tipo__descricao": "REQUERIMENTO", "autoria": "16 - BIAI", "texto_original": "http://sapl.olinda.pe.leg.br/media/", "ementa": "Requer o recapeamento da Rua 3 na 4\u00aa Etapa, Rio Doce;"}, {"id": "2926", "ano": "2021", "numero": "763", "tipo__sigla": "REQ", "tipo__descricao": "REQUERIMENTO", "autoria": "16 - BIAI", "texto_original": "http://sapl.olinda.pe.leg.br/media/", "ementa": "Requer o recapeamento da Rua 60 na 4\u00aa Etapa, Rio Doce;"}, {"id": "2927", "ano": "2021", "numero": "764", "tipo__sigla": "REQ", "tipo__descricao": "REQUERIMENTO", "autoria": "16 - BIAI", "texto_original": "http://sapl.olinda.pe.leg.br/media/", "ementa": "Requer a limpeza, a capina\u00e7\u00e3o, a pintura do meio-fio, a retirada de entulhos, o tapa buraco e o desobstra\u00e7\u00e3o das galerias da Avenida Guararapes, Jardim Atl\u00e2ntico;"}, {"id": "2928", "ano": "2021", "numero": "765", "tipo__sigla": "REQ", "tipo__descricao": "REQUERIMENTO", "autoria": "16 - BIAI", "texto_original": "http://sapl.olinda.pe.leg.br/media/", "ementa": "Requer o servi\u00e7o de recupera\u00e7\u00e3o do cal\u00e7amento (com asfalto) da Rua Oleg\u00e1rio Mariano, Jardim Atl\u00e2ntico;"}, {"id": "2929", "ano": "2021", "numero": "766", "tipo__sigla": "REQ", "tipo__descricao": "REQUERIMENTO", "autoria": "16 - BIAI", "texto_original": "http://sapl.olinda.pe.leg.br/media/", "ementa": "Requer a pavimenta\u00e7\u00e3o da Rua Joana Norberto Pessoa, Casa Caiada;"}, {"id": "2930", "ano": "2021", "numero": "767", "tipo__sigla": "REQ", "tipo__descricao": "REQUERIMENTO", "autoria": "16 - BIAI", "texto_original": "http://sapl.olinda.pe.leg.br/media/", "ementa": "Requer o recapeamento da Avenida Fagundes, Jardim Atl\u00e2ntico;"}, {"id": "2931", "ano": "2021", "numero": "768", "tipo__sigla": "REQ", "tipo__descricao": "REQUERIMENTO", "autoria": "16 - BIAI", "texto_original": "http://sapl.olinda.pe.leg.br/media/", "ementa": "Requer a recupera\u00e7\u00e3o do cal\u00e7amento (com asfalto) da Rua das Rosas na 2\u00aa Etapa, Rio Doce;"}, {"id": "2932", "ano": "2021", "numero": "769", "tipo__sigla": "REQ", "tipo__descricao": "REQUERIMENTO", "autoria": "16 - BIAI", "texto_original": "http://sapl.olinda.pe.leg.br/media/", "ementa": "Requer a recupera\u00e7\u00e3o do cal\u00e7amento (com asfalto) da Rua A-17 na 2\u00aa Etapa, Rio Doce;"}, {"id": "2933", "ano": "2021", "numero": "770", "tipo__sigla": "REQ", "tipo__descricao": "REQUERIMENTO", "autoria": "16 - BIAI", "texto_original": "http://sapl.olinda.pe.leg.br/media/", "ementa": "Requer a recupera\u00e7\u00e3o do cal\u00e7amento (com asfalto) da Rua das Gard\u00eanias na 2\u00aa Etapa, Rio Doce;"}, {"id": "2934", "ano": "2021", "numero": "771", "tipo__sigla": "REQ", "tipo__descricao": "REQUERIMENTO", "autoria": "16 - BIAI", "texto_original": "http://sapl.olinda.pe.leg.br/media/", "ementa": "Requer a recupera\u00e7\u00e3o do cal\u00e7amento (com asfalto) da Rua das D\u00e1lias na 2\u00aa Etapa, Rio Doce;"}, {"id": "2935", "ano": "2021", "numero": "772", "tipo__sigla": "REQ", "tipo__descricao": "REQUERIMENTO", "autoria": "16 - BIAI", "texto_original": "http://sapl.olinda.pe.leg.br/media/", "ementa": "Requer o servi\u00e7o de limpeza, capina\u00e7\u00e3o, pintura do meio-fio e retirada de entulhos da Rua das Orqu\u00eddeas, na 2\u00aa Etapa, Rio Doce;"}, {"id": "2936", "ano": "2021", "numero": "773", "tipo__sigla": "REQ", "tipo__descricao": "REQUERIMENTO", "autoria": "16 - BIAI", "texto_original": "http://sapl.olinda.pe.leg.br/media/", "ementa": "Requer a recupera\u00e7\u00e3o do cal\u00e7amento (com asfalto), tapa buraco, servi\u00e7o de limpeza, capina\u00e7\u00e3o, pintura do meio-fio e retirada de entulhos da Rua das Flores na 2\u00aa Etapa, Rio Doce;"}, {"id": "2937", "ano": "2021", "numero": "774", "tipo__sigla": "REQ", "tipo__descricao": "REQUERIMENTO", "autoria": "16 - BIAI", "texto_original": "http://sapl.olinda.pe.leg.br/media/", "ementa": "Requer a recupera\u00e7\u00e3o do cal\u00e7amento (com asfalto) da Rua Estudante Cl\u00e1udio Uchoa Cavalcanti, na 1\u00aa Etapa, Rio Doce;"}, {"id": "2938", "ano": "2021", "numero": "775", "tipo__sigla": "REQ", "tipo__descricao": "REQUERIMENTO", "autoria": "16 - BIAI", "texto_original": "http://sapl.olinda.pe.leg.br/media/", "ementa": "Requer a recupera\u00e7\u00e3o do cal\u00e7amento (com asfalto) da Rua Major Breno de Assis da Silva, na 1\u00aa Etapa, Rio Doce;"}, {"id": "2939", "ano": "2021", "numero": "776", "tipo__sigla": "REQ", "tipo__descricao": "REQUERIMENTO", "autoria": "16 - BIAI", "texto_original": "http://sapl.olinda.pe.leg.br/media/", "ementa": "Requer a recupera\u00e7\u00e3o do cal\u00e7amento (com asfalto) da Rua A-13, na 1\u00aa Etapa, Rio Doce;"}, {"id": "2940", "ano": "2021", "numero": "777", "tipo__sigla": "REQ", "tipo__descricao": "REQUERIMENTO", "autoria": "16 - BIAI", "texto_original": "http://sapl.olinda.pe.leg.br/media/", "ementa": "Requer a recupera\u00e7\u00e3o do cal\u00e7amento (com asfalto) da Rua A-14, na 1\u00aa Etapa, Rio Doce;"}, {"id": "2941", "ano": "2021", "numero": "778", "tipo__sigla": "REQ", "tipo__descricao": "REQUERIMENTO", "autoria": "16 - BIAI", "texto_original": "http://sapl.olinda.pe.leg.br/media/", "ementa": "Requer a recupera\u00e7\u00e3o do cal\u00e7amento (com asfalto) da Rua A-16, na 1\u00aa Etapa, Rio Doce;"}, {"id": "2942", "ano": "2021", "numero": "779", "tipo__sigla": "REQ", "tipo__descricao": "REQUERIMENTO", "autoria": "16 - BIAI", "texto_original": "http://sapl.olinda.pe.leg.br/media/", "ementa": "Requer o servi\u00e7o de tapa buraco (com asfalto) da Rua B-1 na 1\u00aa Etapa, Rio Doce;"}, {"id": "2943", "ano": "2021", "numero": "780", "tipo__sigla": "REQ", "tipo__descricao": "REQUERIMENTO", "autoria": "16 - BIAI", "texto_original": "http://sapl.olinda.pe.leg.br/media/", "ementa": "Requer o servi\u00e7o de tapa buraco (com asfalto) da Rua Fenelon \u00c1tico Leite na 1\u00aa Etapa, Rio Doce;"}, {"id": "2944", "ano": "2021", "numero": "781", "tipo__sigla": "REQ", "tipo__descricao": "REQUERIMENTO", "autoria": "16 - BIAI", "texto_original": "http://sapl.olinda.pe.leg.br/media/", "ementa": "Requer o servi\u00e7o de tapa buraco (com asfalto) da Rua B-5 na 1\u00aa Etapa, Rio Doce, entre as casas de n\u00ba 34 ao 38;"}, {"id": "2945", "ano": "2021", "numero": "782", "tipo__sigla": "REQ", "tipo__descricao": "REQUERIMENTO", "autoria": "16 - BIAI", "texto_original": "http://sapl.olinda.pe.leg.br/media/", "ementa": "Requer o servi\u00e7o de tapa buraco (com asfalto) da Rua B-14 na 1\u00aa Etapa, Rio Doce, entre as casas de n\u00ba 02 ao 33;"}, {"id": "2946", "ano": "2021", "numero": "783", "tipo__sigla": "REQ", "tipo__descricao": "REQUERIMENTO", "autoria": "16 - BIAI", "texto_original": "http://sapl.olinda.pe.leg.br/media/", "ementa": "Requer o servi\u00e7o de tapa buraco (com asfalto) da Rua A-13 na 1\u00aa Etapa, Rio Doce;"}, {"id": "2947", "ano": "2021", "numero": "784", "tipo__sigla": "REQ", "tipo__descricao": "REQUERIMENTO", "autoria": "16 - BIAI", "texto_original": "http://sapl.olinda.pe.leg.br/media/", "ementa": "Requer o servi\u00e7o de tapa buraco (com asfalto) da Rua Estudante Lu\u00eds Brayner na 1\u00aa Etapa, Rio Doce;"}, {"id": "2948", "ano": "2021", "numero": "785", "tipo__sigla": "REQ", "tipo__descricao": "REQUERIMENTO", "autoria": "16 - BIAI", "texto_original": "http://sapl.olinda.pe.leg.br/media/", "ementa": "Requer o servi\u00e7o de tapa buraco (com asfalto) da Rua A-6 na 1\u00aa Etapa, Rio Doce;"}, {"id": "2949", "ano": "2021", "numero": "786", "tipo__sigla": "REQ", "tipo__descricao": "REQUERIMENTO", "autoria": "16 - BIAI", "texto_original": "http://sapl.olinda.pe.leg.br/media/", "ementa": "Requer o servi\u00e7o de tapa buraco (com asfalto) da Rua A-5 na 1\u00aa Etapa, Rio Doce;"}, {"id": "2950", "ano": "2021", "numero": "787", "tipo__sigla": "REQ", "tipo__descricao": "REQUERIMENTO", "autoria": "16 - BIAI", "texto_original": "http://sapl.olinda.pe.leg.br/media/", "ementa": "Requer o servi\u00e7o de tapa buraco (com asfalto) da Rua Maria do Carmo na 1\u00aa Etapa, Rio Doce;"}, {"id": "2952", "ano": "2021", "numero": "788", "tipo__sigla": "REQ", "tipo__descricao": "REQUERIMENTO", "autoria": "07 - JESU\u00cdNO ARA\u00daJO", "texto_original": "http://sapl.olinda.pe.leg.br/media/", "ementa": "Requer a requalifica\u00e7\u00e3o do Largo do Varadouro com limpeza e dragagem do canal, e a revitaliza\u00e7\u00e3o da pintura das muretas e da ilumina\u00e7\u00e3o;"}, {"id": "2957", "ano": "2021", "numero": "789", "tipo__sigla": "REQ", "tipo__descricao": "REQUERIMENTO", "autoria": "16 - Tonny Magalh\u00e3es", "texto_original": "http://sapl.olinda.pe.leg.br/media/", "ementa": "Requer a troca de l\u00e2mpadas para LED nos postes localizados na Rua Beija Flor, Jardim Atl\u00e2ntico;"}, {"id": "2958", "ano": "2021", "numero": "790", "tipo__sigla": "REQ", "tipo__descricao": "REQUERIMENTO", "autoria": "03 - FELIPE NASCIMENTO", "texto_original": "http://sapl.olinda.pe.leg.br/media/", "ementa": "Requer a implanta\u00e7\u00e3o de sem\u00e1foros no Bairro de Rio Doce. No endere\u00e7o: Avenida PE 01 no trecho n\u00ba 4218 (entrada de Rio Doce)  a 4842 (Padaria Globo)."}, {"id": "2959", "ano": "2021", "numero": "791", "tipo__sigla": "REQ", "tipo__descricao": "REQUERIMENTO", "autoria": "07 - JESU\u00cdNO ARA\u00daJO", "texto_original": "http://sapl.olinda.pe.leg.br/media/", "ementa": "Solicitando a inclus\u00e3o para a vacina\u00e7\u00e3o das Doulas deste Munic\u00edpio, no grupo priorit\u00e1rio para vacina\u00e7\u00e3o da COVID-19"}, {"id": "2960", "ano": "2021", "numero": "792", "tipo__sigla": "REQ", "tipo__descricao": "REQUERIMENTO", "autoria": "05 - Everaldo Silva", "texto_original": "http://sapl.olinda.pe.leg.br/media/", "ementa": "Requer vistoria e reparo, em \u00c1guas Compridas, nas ruas: -Rua C\u00f3rrego Aureliano; - Rua Nelson de Melo Paes Barrets; - Rua S\u00e3o Miguel; - Rua Jos\u00e9 Dias de Morais; - Rua Seis de Janeiro; - Rua do Futuro; - 2\u00aa Travessa Rua Sucupira;"}, {"id": "2961", "ano": "2021", "numero": "793", "tipo__sigla": "REQ", "tipo__descricao": "REQUERIMENTO", "autoria": "05 - Everaldo Silva", "texto_original": "http://sapl.olinda.pe.leg.br/media/", "ementa": "Requer que a comunidade do Alto Nova Olinda seja inclu\u00edda no calend\u00e1rio de a\u00e7\u00f5es do projeto Arrumando a Casa;"}, {"id": "2962", "ano": "2021", "numero": "794", "tipo__sigla": "REQ", "tipo__descricao": "REQUERIMENTO", "autoria": "05 - Everaldo Silva", "texto_original": "http://sapl.olinda.pe.leg.br/media/", "ementa": "Requer que a comunidade do C\u00f3rrego Aureliano seja inclu\u00edda no calend\u00e1rio de a\u00e7\u00f5es do projeto Arrumando a Casa;"}, {"id": "2963", "ano": "2021", "numero": "795", "tipo__sigla": "REQ", "tipo__descricao": "REQUERIMENTO", "autoria": "05 - Everaldo Silva", "texto_original": "http://sapl.olinda.pe.leg.br/media/", "ementa": "Requer que a comunidade do Passarinho seja inclu\u00edda no calend\u00e1rio de a\u00e7\u00f5es do projeto Arrumando a Casa;"}, {"id": "2964", "ano": "2021", "numero": "796", "tipo__sigla": "REQ", "tipo__descricao": "REQUERIMENTO", "autoria": "05 - Everaldo Silva", "texto_original": "http://sapl.olinda.pe.leg.br/media/", "ementa": "Requer que a comunidade de Sapucaia seja inclu\u00edda no calend\u00e1rio de a\u00e7\u00f5es do projeto Arrumando a Casa;"}, {"id": "2965", "ano": "2021", "numero": "797", "tipo__sigla": "REQ", "tipo__descricao": "REQUERIMENTO", "autoria": "05 - Everaldo Silva", "texto_original": "http://sapl.olinda.pe.leg.br/media/", "ementa": "Requer a coloca\u00e7\u00e3o de uma faixa de pedestre em frente ao Instituto Chapeuzinho Vermelho, localizado na Rua Nelson de Melo Paes Barreto, n\u00ba 493, \u00c1guas Compridas;"}, {"id": "2966", "ano": "2021", "numero": "798", "tipo__sigla": "REQ", "tipo__descricao": "REQUERIMENTO", "autoria": "05 - Everaldo Silva", "texto_original": "http://sapl.olinda.pe.leg.br/media/", "ementa": "Requer a recupera\u00e7\u00e3o da Rua do Caj\u00e1, Passarinho;"}, {"id": "2967", "ano": "2021", "numero": "799", "tipo__sigla": "REQ", "tipo__descricao": "REQUERIMENTO", "autoria": "05 - Everaldo Silva", "texto_original": "http://sapl.olinda.pe.leg.br/media/", "ementa": "Requer a reforma na quadra da Escola Estadual Professor Coronel Valeriano Eug\u00eanio de Melo, localizada no C\u00f3rrego do Abacaxi, Caixa D'\u00e1gua;"}, {"id": "2968", "ano": "2021", "numero": "800", "tipo__sigla": "REQ", "tipo__descricao": "REQUERIMENTO", "autoria": "05 - Everaldo Silva", "texto_original": "http://sapl.olinda.pe.leg.br/media/", "ementa": "Requer a coloca\u00e7\u00e3o de sem\u00e1foro no entroncamento ortogonal entre a Rua Alto Nova Olinda e a Estrada de \u00c1guas Compridas, ao lado da Padaria Vencedora;"}, {"id": "2969", "ano": "2021", "numero": "801", "tipo__sigla": "REQ", "tipo__descricao": "REQUERIMENTO", "autoria": "05 - Everaldo Silva", "texto_original": "http://sapl.olinda.pe.leg.br/media/", "ementa": "Requer uma visita na Rua da Fraternidade, Alto Nova Olinda, onde h\u00e1 o risco de deslizamento;"}, {"id": "2970", "ano": "2021", "numero": "802", "tipo__sigla": "REQ", "tipo__descricao": "REQUERIMENTO", "autoria": "05 - Everaldo Silva", "texto_original": "http://sapl.olinda.pe.leg.br/media/", "ementa": "Requer uma vistoria na Rua Gibraltar, Alto da Bondade;"}, {"id": "2971", "ano": "2021", "numero": "803", "tipo__sigla": "REQ", "tipo__descricao": "REQUERIMENTO", "autoria": "16 - BIAI", "texto_original": "http://sapl.olinda.pe.leg.br/media/", "ementa": "Oficializaras empresas de telefonia para n\u00e3o deixarem os fios(peda\u00e7os) de suas redes penduradas ou pelas cal\u00e7adas."}, {"id": "2972", "ano": "2021", "numero": "804", "tipo__sigla": "REQ", "tipo__descricao": "REQUERIMENTO", "autoria": "09 - Fl\u00e1vio Nascimento", "texto_original": "http://sapl.olinda.pe.leg.br/media/", "ementa": "Sejam inclu\u00eddos os profissionais que laboram no transporte rodovi\u00e1rio em todo Olinda, sejam priorizados no processo de imuniza\u00e7\u00e3o contra COVID-19."}, {"id": "2973", "ano": "2021", "numero": "805", "tipo__sigla": "REQ", "tipo__descricao": "REQUERIMENTO", "autoria": "05 - Everaldo Silva", "texto_original": "http://sapl.olinda.pe.leg.br/media/", "ementa": "Requer a coloca\u00e7\u00e3o de corrim\u00e3o na ponte que fica sobre o Rio Lava Tripa, localizada  na Rua Rosa Am\u00e9lia;"}, {"id": "2974", "ano": "2021", "numero": "806", "tipo__sigla": "REQ", "tipo__descricao": "REQUERIMENTO", "autoria": "05 - Everaldo Silva", "texto_original": "http://sapl.olinda.pe.leg.br/media/", "ementa": "Requer a manuten\u00e7\u00e3o dos postes, capina\u00e7\u00e3o e coloca\u00e7\u00e3o de corrim\u00e3o na escadaria da 2\u00aa Travessa do C\u00f3rrego Nova Olinda - \u00c1guas Compridas;"}, {"id": "2979", "ano": "2021", "numero": "807", "tipo__sigla": "REQ", "tipo__descricao": "REQUERIMENTO", "autoria": "16 - Tonny Magalh\u00e3es", "texto_original": "http://sapl.olinda.pe.leg.br/media/", "ementa": "Requer a troca de l\u00e2mpada da Rua Dodecateon, em frente a casa N\u00ba 201, Jardim Atl\u00e2ntico;"}, {"id": "2980", "ano": "2021", "numero": "808", "tipo__sigla": "REQ", "tipo__descricao": "REQUERIMENTO", "autoria": "16 - Tonny Magalh\u00e3es", "texto_original": "http://sapl.olinda.pe.leg.br/media/", "ementa": "Requer a limpeza, desobstru\u00e7\u00e3o das caneletas e capina\u00e7\u00e3o na Rua Antonieta Guimar\u00e3es de Andrade, tendo como refer\u00eancia a casa de n\u00ba 220, Jardim Atl\u00e2ntico;"}, {"id": "2981", "ano": "2021", "numero": "809", "tipo__sigla": "REQ", "tipo__descricao": "REQUERIMENTO", "autoria": "16 - Tonny Magalh\u00e3es", "texto_original": "http://sapl.olinda.pe.leg.br/media/", "ementa": "Requer a troca de l\u00e2mpadas nos postes localizados na Rua S\u00e3o Jos\u00e9 Santiago, Jardim Fragoso;"}, {"id": "2982", "ano": "2021", "numero": "810", "tipo__sigla": "REQ", "tipo__descricao": "REQUERIMENTO", "autoria": "17 - Vinicius Castello", "texto_original": "http://sapl.olinda.pe.leg.br/media/", "ementa": "Requer a restaura\u00e7\u00e3o da pra\u00e7a localizada na Rua Beija flor, 291, Jardim Atl\u00e2ntico;"}, {"id": "2983", "ano": "2021", "numero": "811", "tipo__sigla": "REQ", "tipo__descricao": "REQUERIMENTO", "autoria": "17 - Vinicius Castello", "texto_original": "http://sapl.olinda.pe.leg.br/media/", "ementa": "Requer a limpeza e a retirada de lixo e podas deixadas na Avenida Professor Andrade Bezerra, Salgadinho;"}, {"id": "2984", "ano": "2021", "numero": "812", "tipo__sigla": "REQ", "tipo__descricao": "REQUERIMENTO", "autoria": "17 - Vinicius Castello", "texto_original": "http://sapl.olinda.pe.leg.br/media/", "ementa": "Requer a troca de l\u00e2mpada do poste n\u00ba 4018452, localizado na Rua Herculano Bandeira, S\u00edtio Novo;"}, {"id": "2988", "ano": "2021", "numero": "813", "tipo__sigla": "REQ", "tipo__descricao": "REQUERIMENTO", "autoria": "14 - RICARDO SOUSA", "texto_original": "http://sapl.olinda.pe.leg.br/media/", "ementa": "Solicita o voto favor\u00e1vel dos Deputados/Deputada e Senadores do Estado de Pernambuco para o Projeto de Lei n\u00ba 2564/2020 de autoria do Senador Fabiano Contarato (REDE/ES) que altera a Lei n\u00ba 7.498/86 para instituir o piso salarial nacional do Enfermeiro, do T\u00e9cnico de Enfermagem, do Auxiliar de Enfermagem e da Parteira;"}, {"id": "2989", "ano": "2021", "numero": "814", "tipo__sigla": "REQ", "tipo__descricao": "REQUERIMENTO", "autoria": "14 - RICARDO SOUSA", "texto_original": "http://sapl.olinda.pe.leg.br/media/", "ementa": "Requer que os vereadores desta Casa Legislativa  solicite ao seu Deputado Federal e Senador o voto favor\u00e1vel dos Deputados/Deputada e Senadores do Estado de Pernambuco para o Projeto de Lei n\u00ba 2564/2020 de autoria do Senador Fabiano Contarato (REDE/ES) que altera a Lei n\u00ba 7.498/86 para instituir o piso salarial nacional do Enfermeiro, do T\u00e9cnico de Enfermagem, do Auxiliar de Enfermagem e da Parteira;"}, {"id": "2990", "ano": "2021", "numero": "815", "tipo__sigla": "REQ", "tipo__descricao": "REQUERIMENTO", "autoria": "14 - RICARDO SOUSA", "texto_original": "http://sapl.olinda.pe.leg.br/media/", "ementa": "Requer a troca de l\u00e2mpada dos postes localizados na Rua 51 em frente ao n\u00ba 25, na 5\u00aa Etapa de Rio Doce;"}, {"id": "2991", "ano": "2021", "numero": "816", "tipo__sigla": "REQ", "tipo__descricao": "REQUERIMENTO", "autoria": "14 - RICARDO SOUSA", "texto_original": "http://sapl.olinda.pe.leg.br/media/", "ementa": "Requer a troca de l\u00e2mpada dos postes localizados na Rua 58 em frente ao n\u00ba 13, na 4\u00aa Etapa de Rio Doce;"}, {"id": "2992", "ano": "2021", "numero": "817", "tipo__sigla": "REQ", "tipo__descricao": "REQUERIMENTO", "autoria": "14 - RICARDO SOUSA", "texto_original": "http://sapl.olinda.pe.leg.br/media/", "ementa": "Requer a troca de l\u00e2mpada dos postes localizados na Rua 44, quadra 27 pr\u00f3ximo ao bloco A, na 4\u00aa Etapa de Rio Doce;"}, {"id": "2993", "ano": "2021", "numero": "818", "tipo__sigla": "REQ", "tipo__descricao": "REQUERIMENTO", "autoria": "15 - SAULO HOLANDA", "texto_original": "http://sapl.olinda.pe.leg.br/media/", "ementa": "Requer a desafeta\u00e7\u00e3o do terreno \"Campo do Atl\u00e9tico\", localizado entre as Ruas Angicos,On\u00e7a, na Quadra C-9, Tainha, \u00c1lamo e Ouri\u00e7o do Mar, pr\u00f3ximo a Quadra D-14, Ouro Preto;"}, {"id": "2994", "ano": "2021", "numero": "819", "tipo__sigla": "REQ", "tipo__descricao": "REQUERIMENTO", "autoria": "16 - Tonny Magalh\u00e3es", "texto_original": "http://sapl.olinda.pe.leg.br/media/", "ementa": "Requer o Voto de Aplauso e reconhecimento ao excelente trabalho desenvolvido pela C\u00e2mara de Dirigentes Lojistas de Olinda (CDL);"}, {"id": "2995", "ano": "2021", "numero": "820", "tipo__sigla": "REQ", "tipo__descricao": "REQUERIMENTO", "autoria": "16 - Tonny Magalh\u00e3es", "texto_original": "http://sapl.olinda.pe.leg.br/media/", "ementa": "Requer o Voto de Aplauso para nova gestora Delegada Fabiana Leandro do Departamento de Pol\u00edcia da Mulher-DPMUL;"}, {"id": "2996", "ano": "2021", "numero": "821", "tipo__sigla": "REQ", "tipo__descricao": "REQUERIMENTO", "autoria": "16 - Tonny Magalh\u00e3es", "texto_original": "http://sapl.olinda.pe.leg.br/media/", "ementa": "Requer a troca de l\u00e2mpadas nos postes localizados na Rua da Mangueira n\u00ba 158, Caixa D'\u00c1gua;"}, {"id": "2997", "ano": "2021", "numero": "822", "tipo__sigla": "REQ", "tipo__descricao": "REQUERIMENTO", "autoria": "16 - Tonny Magalh\u00e3es", "texto_original": "http://sapl.olinda.pe.leg.br/media/", "ementa": "Requer a troca de l\u00e2mpadas nos postes localizados na Rua Arthur Pelopidas de Queiroz, em frente a casa n\u00ba 110B, Ouro Preto;"}, {"id": "2998", "ano": "2021", "numero": "823", "tipo__sigla": "REQ", "tipo__descricao": "REQUERIMENTO", "autoria": "16 - Tonny Magalh\u00e3es", "texto_original": "http://sapl.olinda.pe.leg.br/media/", "ementa": "Requer a troca de l\u00e2mpadas nos postes localizados na Rua S\u00e3o Jos\u00e9 Santiago, Jardim Fragoso;"}, {"id": "2999", "ano": "2021", "numero": "824", "tipo__sigla": "REQ", "tipo__descricao": "REQUERIMENTO", "autoria": "16 - Tonny Magalh\u00e3es", "texto_original": "http://sapl.olinda.pe.leg.br/media/", "ementa": "Requer a limpeza do canal, localizado na Rua da Areia, em frente a casa n\u00ba 29, Bultrins;"}, {"id": "3000", "ano": "2021", "numero": "825", "tipo__sigla": "REQ", "tipo__descricao": "REQUERIMENTO", "autoria": "16 - Tonny Magalh\u00e3es", "texto_original": "http://sapl.olinda.pe.leg.br/media/", "ementa": "Requer a limpeza do canal, localizado na Rua da Areia, Bultrins;"}, {"id": "3001", "ano": "2021", "numero": "826", "tipo__sigla": "REQ", "tipo__descricao": "REQUERIMENTO", "autoria": "16 - Tonny Magalh\u00e3es", "texto_original": "http://sapl.olinda.pe.leg.br/media/", "ementa": "Requer o recapeamento na Rua Santa Ana, na Ilha de Santana, Jardim Atl\u00e2ntico;"}, {"id": "3002", "ano": "2021", "numero": "827", "tipo__sigla": "REQ", "tipo__descricao": "REQUERIMENTO", "autoria": "16 - Tonny Magalh\u00e3es", "texto_original": "http://sapl.olinda.pe.leg.br/media/", "ementa": "Requer o recapeamento na Rua Beija Flor, na Ilha de Santana, Jardim Atl\u00e2ntico;"}, {"id": "3003", "ano": "2021", "numero": "828", "tipo__sigla": "REQ", "tipo__descricao": "REQUERIMENTO", "autoria": "16 - Tonny Magalh\u00e3es", "texto_original": "http://sapl.olinda.pe.leg.br/media/", "ementa": "Requer o recapeamento na Rua das Orquideas, na Ilha de Santana, Jardim Atl\u00e2ntico;"}, {"id": "3004", "ano": "2021", "numero": "829", "tipo__sigla": "REQ", "tipo__descricao": "REQUERIMENTO", "autoria": "16 - Tonny Magalh\u00e3es", "texto_original": "http://sapl.olinda.pe.leg.br/media/", "ementa": "Requer a terraplanagem, Avenida da Integra\u00e7\u00e3o, Ilha de Santana, Jardim Atl\u00e2ntico;"}, {"id": "3005", "ano": "2021", "numero": "830", "tipo__sigla": "REQ", "tipo__descricao": "REQUERIMENTO", "autoria": "16 - Tonny Magalh\u00e3es", "texto_original": "http://sapl.olinda.pe.leg.br/media/", "ementa": "Requer a terraplanagem, Rua do Progresso, Ilha de Santana, Jardim Atl\u00e2ntico;"}, {"id": "3006", "ano": "2021", "numero": "831", "tipo__sigla": "REQ", "tipo__descricao": "REQUERIMENTO", "autoria": "16 - Tonny Magalh\u00e3es", "texto_original": "http://sapl.olinda.pe.leg.br/media/", "ementa": "Requer a terraplanagem, Rua S\u00e3o Jos\u00e9, Ilha de Santana, Jardim Atl\u00e2ntico;"}, {"id": "3007", "ano": "2021", "numero": "832", "tipo__sigla": "REQ", "tipo__descricao": "REQUERIMENTO", "autoria": "16 - Tonny Magalh\u00e3es", "texto_original": "http://sapl.olinda.pe.leg.br/media/", "ementa": "Requer a terraplanagem, Rua Osias Cabral, Ilha de Santana, Jardim Atl\u00e2ntico;"}, {"id": "3008", "ano": "2021", "numero": "833", "tipo__sigla": "REQ", "tipo__descricao": "REQUERIMENTO", "autoria": "16 - Tonny Magalh\u00e3es", "texto_original": "http://sapl.olinda.pe.leg.br/media/", "ementa": "Requer a limpeza e retirada de lixo e implanta\u00e7\u00e3o do jardim de pneus na Rua Antonieta Guimar\u00e3es de Andrade, Jardim Atl\u00e2ntico;"}, {"id": "3009", "ano": "2021", "numero": "834", "tipo__sigla": "REQ", "tipo__descricao": "REQUERIMENTO", "autoria": "16 - Tonny Magalh\u00e3es", "texto_original": "http://sapl.olinda.pe.leg.br/media/", "ementa": "Requer terraplanagem, Rua Santa Ana, Ilha de Santana, Jardim Atl\u00e2ntico;"}, {"id": "3010", "ano": "2021", "numero": "835", "tipo__sigla": "REQ", "tipo__descricao": "REQUERIMENTO", "autoria": "09 - Fl\u00e1vio Nascimento", "texto_original": "http://sapl.olinda.pe.leg.br/media/", "ementa": "Requer servi\u00e7o de saneamento e pavimenta\u00e7\u00e3o asf\u00e1ltica da Rua Bogot\u00e1 no Bairro de Sapucaia - Olinda;"}, {"id": "3011", "ano": "2021", "numero": "836", "tipo__sigla": "REQ", "tipo__descricao": "REQUERIMENTO", "autoria": "09 - Fl\u00e1vio Nascimento", "texto_original": "http://sapl.olinda.pe.leg.br/media/", "ementa": "Requer servi\u00e7o de terraplanagem da Rua Bogot\u00e1 no Bairro de Sapucaia - Olinda;"}, {"id": "3012", "ano": "2021", "numero": "837", "tipo__sigla": "REQ", "tipo__descricao": "REQUERIMENTO", "autoria": "09 - Fl\u00e1vio Nascimento", "texto_original": "http://sapl.olinda.pe.leg.br/media/", "ementa": "Requer realiza\u00e7\u00e3o de limpeza, capina\u00e7\u00e3o, pintura de meio fio, varri\u00e7\u00e3o e desgotamento da \u00e1gua na Rua S\u00e3o Pedro n\u00ba 179 Vila Popular - Olinda;"}, {"id": "3013", "ano": "2021", "numero": "838", "tipo__sigla": "REQ", "tipo__descricao": "REQUERIMENTO", "autoria": "09 - Fl\u00e1vio Nascimento", "texto_original": "http://sapl.olinda.pe.leg.br/media/", "ementa": "Requer servi\u00e7o de saneamento e pavimenta\u00e7\u00e3o asf\u00e1ltica da Rua J\u00falio Cristo Leal, no Bairro de Peixinhos - Olinda;"}, {"id": "3014", "ano": "2021", "numero": "839", "tipo__sigla": "REQ", "tipo__descricao": "REQUERIMENTO", "autoria": "09 - Fl\u00e1vio Nascimento", "texto_original": "http://sapl.olinda.pe.leg.br/media/", "ementa": "Requer realiza\u00e7\u00e3o de servi\u00e7os de substitui\u00e7\u00e3o das placas de concreto danificadas em toda a extens\u00e3o da Rua Jequi\u00e9, em Jardim Brasil - Olinda;"}, {"id": "3015", "ano": "2021", "numero": "840", "tipo__sigla": "REQ", "tipo__descricao": "REQUERIMENTO", "autoria": "09 - Fl\u00e1vio Nascimento", "texto_original": "http://sapl.olinda.pe.leg.br/media/", "ementa": "Requer servi\u00e7o de limpeza de canaletas da Rua Jonas Martins, ao n\u00ba 48 no Bairro de S\u00edtio Novo - Olinda;"}, {"id": "3016", "ano": "2021", "numero": "841", "tipo__sigla": "REQ", "tipo__descricao": "REQUERIMENTO", "autoria": "07 - JESU\u00cdNO ARA\u00daJO", "texto_original": "http://sapl.olinda.pe.leg.br/media/", "ementa": "Requer o cronograma da obra do canal do fragoso;"}, {"id": "3017", "ano": "2021", "numero": "842", "tipo__sigla": "REQ", "tipo__descricao": "REQUERIMENTO", "autoria": "07 - JESU\u00cdNO ARA\u00daJO", "texto_original": "http://sapl.olinda.pe.leg.br/media/", "ementa": "Requer o cal\u00e7amento/asfalto na Rua L\u00edgia Gomes, Ouro Preto;"}, {"id": "3020", "ano": "2021", "numero": "843", "tipo__sigla": "REQ", "tipo__descricao": "REQUERIMENTO", "autoria": "Bruno D'Melo", "texto_original": "http://sapl.olinda.pe.leg.br/media/", "ementa": "Requer a constru\u00e7\u00e3o da escadaria da Rua Saturno, \u00c1guas Compridas;"}, {"id": "3021", "ano": "2021", "numero": "844", "tipo__sigla": "REQ", "tipo__descricao": "REQUERIMENTO", "autoria": "Bruno D'Melo", "texto_original": "http://sapl.olinda.pe.leg.br/media/", "ementa": "Requer a constru\u00e7\u00e3o, revitaliza\u00e7\u00e3o das escadarias da Rua Roma, Alto da Bondade;"}, {"id": "3022", "ano": "2021", "numero": "845", "tipo__sigla": "REQ", "tipo__descricao": "REQUERIMENTO", "autoria": "Bruno D'Melo", "texto_original": "http://sapl.olinda.pe.leg.br/media/", "ementa": "Requer a constru\u00e7\u00e3o, revitaliza\u00e7\u00e3o das escadarias da Rua M\u00e1rio Gon\u00e7alves, \u00c1guas Compridas;"}, {"id": "3023", "ano": "2021", "numero": "846", "tipo__sigla": "REQ", "tipo__descricao": "REQUERIMENTO", "autoria": "Bruno D'Melo", "texto_original": "http://sapl.olinda.pe.leg.br/media/", "ementa": "Requer a constru\u00e7\u00e3o, revitaliza\u00e7\u00e3o das escadarias da Rua Cinem\u00e1tica, \u00c1guas Compridas;"}, {"id": "3024", "ano": "2021", "numero": "847", "tipo__sigla": "REQ", "tipo__descricao": "REQUERIMENTO", "autoria": "Bruno D'Melo", "texto_original": "http://sapl.olinda.pe.leg.br/media/", "ementa": "Requer a constru\u00e7\u00e3o, revitaliza\u00e7\u00e3o das escadarias da Avenida Capit\u00e3o Luiz Reis, Alto da Bondade;"}, {"id": "3025", "ano": "2021", "numero": "848", "tipo__sigla": "REQ", "tipo__descricao": "REQUERIMENTO", "autoria": "Bruno D'Melo", "texto_original": "http://sapl.olinda.pe.leg.br/media/", "ementa": "Requer a constru\u00e7\u00e3o, revitaliza\u00e7\u00e3o das escadarias da Rua S\u00e3o Jos\u00e9, Alto da Bondade;"}, {"id": "3026", "ano": "2021", "numero": "849", "tipo__sigla": "REQ", "tipo__descricao": "REQUERIMENTO", "autoria": "Bruno D'Melo", "texto_original": "http://sapl.olinda.pe.leg.br/media/", "ementa": "Requer a constru\u00e7\u00e3o, revitaliza\u00e7\u00e3o das escadarias da Rua Ap\u00f3stolo, Alto da Conquista;"}, {"id": "3027", "ano": "2021", "numero": "850", "tipo__sigla": "REQ", "tipo__descricao": "REQUERIMENTO", "autoria": "Bruno D'Melo", "texto_original": "http://sapl.olinda.pe.leg.br/media/", "ementa": "Requer a constru\u00e7\u00e3o, revitaliza\u00e7\u00e3o das escadarias que d\u00e3o acesso \u00e0 Rua Bernadino, \u00c1guas Compridas;"}, {"id": "3028", "ano": "2021", "numero": "851", "tipo__sigla": "REQ", "tipo__descricao": "REQUERIMENTO", "autoria": "Bruno D'Melo", "texto_original": "http://sapl.olinda.pe.leg.br/media/", "ementa": "Requer a constru\u00e7\u00e3o, revitaliza\u00e7\u00e3o das escadarias que d\u00e3o acesso \u00e0 Rua Seis de Janeiro, \u00c1guas Compridas;"}, {"id": "3029", "ano": "2021", "numero": "852", "tipo__sigla": "REQ", "tipo__descricao": "REQUERIMENTO", "autoria": "Bruno D'Melo", "texto_original": "http://sapl.olinda.pe.leg.br/media/", "ementa": "Requer a constru\u00e7\u00e3o, revitaliza\u00e7\u00e3o das escadarias da Rua Apojeu, Alto da Conquista;"}, {"id": "3030", "ano": "2021", "numero": "853", "tipo__sigla": "REQ", "tipo__descricao": "REQUERIMENTO", "autoria": "Bruno D'Melo", "texto_original": "http://sapl.olinda.pe.leg.br/media/", "ementa": "Requer a constru\u00e7\u00e3o, revitaliza\u00e7\u00e3o das escadarias que d\u00e3o acesso ao Alto da Maca\u00edba;"}, {"id": "3031", "ano": "2021", "numero": "854", "tipo__sigla": "REQ", "tipo__descricao": "REQUERIMENTO", "autoria": "Bruno D'Melo", "texto_original": "http://sapl.olinda.pe.leg.br/media/", "ementa": "Requer a constru\u00e7\u00e3o, revitaliza\u00e7\u00e3o das escadarias que d\u00e3o acesso ao Alto da Manguba, Caixa D'\u00e1gua;"}, {"id": "3032", "ano": "2021", "numero": "855", "tipo__sigla": "REQ", "tipo__descricao": "REQUERIMENTO", "autoria": "Bruno D'Melo", "texto_original": "http://sapl.olinda.pe.leg.br/media/", "ementa": "Requer a constru\u00e7\u00e3o, revitaliza\u00e7\u00e3o das escadarias que d\u00e3o acesso \u00e0 Avenida Batalha do Tuiuti - Avenida M\u00e1rio Gomes;"}, {"id": "3033", "ano": "2021", "numero": "856", "tipo__sigla": "REQ", "tipo__descricao": "REQUERIMENTO", "autoria": "Bruno D'Melo", "texto_original": "http://sapl.olinda.pe.leg.br/media/", "ementa": "Requer a constru\u00e7\u00e3o, revitaliza\u00e7\u00e3o das escadarias da Rua 15 de Novembro, \u00c1guas Compridas;"}, {"id": "3038", "ano": "2021", "numero": "857", "tipo__sigla": "REQ", "tipo__descricao": "REQUERIMENTO", "autoria": "17 - VLADEMIR LABANCA", "texto_original": "http://sapl.olinda.pe.leg.br/media/", "ementa": "Requer AUDI\u00caNCIA P\u00daBLICA para a discuss\u00e3o sobre o Canal de Jardim Fragoso;"}, {"id": "3039", "ano": "2021", "numero": "858", "tipo__sigla": "REQ", "tipo__descricao": "REQUERIMENTO", "autoria": "07 - JESU\u00cdNO ARA\u00daJO", "texto_original": "http://sapl.olinda.pe.leg.br/media/", "ementa": "Requer empenho do Deputado Federal Daniel Coelho, para que atrav\u00e9s de emenda parlamentar, consiga capta\u00e7\u00e3o de recursos para cal\u00e7amento da Rua Ligia Gomes, Ouro Preto, Olinda-PE;"}, {"id": "3040", "ano": "2021", "numero": "859", "tipo__sigla": "REQ", "tipo__descricao": "REQUERIMENTO", "autoria": "09 - Fl\u00e1vio Nascimento", "texto_original": "http://sapl.olinda.pe.leg.br/media/", "ementa": "Requer limpeza de canaletas na Avenida Professor Andrade Bezerra n\u00ba 826, Salgadinho;"}, {"id": "3041", "ano": "2021", "numero": "860", "tipo__sigla": "REQ", "tipo__descricao": "REQUERIMENTO", "autoria": "09 - Fl\u00e1vio Nascimento", "texto_original": "http://sapl.olinda.pe.leg.br/media/", "ementa": "Requer a remo\u00e7\u00e3o de entulhos na Rua Prefeito Manuel Regueira, Bultrins;"}, {"id": "3042", "ano": "2021", "numero": "861", "tipo__sigla": "REQ", "tipo__descricao": "REQUERIMENTO", "autoria": "09 - Fl\u00e1vio Nascimento", "texto_original": "http://sapl.olinda.pe.leg.br/media/", "ementa": "Requer o servi\u00e7o de saneamento e pavimenta\u00e7\u00e3o asf\u00e1ltica da Rua Vereador Olavo Viana, Bultrins;"}, {"id": "3043", "ano": "2021", "numero": "862", "tipo__sigla": "REQ", "tipo__descricao": "REQUERIMENTO", "autoria": "09 - Fl\u00e1vio Nascimento", "texto_original": "http://sapl.olinda.pe.leg.br/media/", "ementa": "Requer a realiza\u00e7\u00e3o de sele\u00e7\u00e3o simplificada ou de concurso p\u00fablico para agente de sa\u00fade e endemias para \u00e1rea descoberta de Olinda;"}, {"id": "3044", "ano": "2021", "numero": "863", "tipo__sigla": "REQ", "tipo__descricao": "REQUERIMENTO", "autoria": "09 - Fl\u00e1vio Nascimento", "texto_original": "http://sapl.olinda.pe.leg.br/media/", "ementa": "Requer a equipara\u00e7\u00e3o salarial dos servidores admitidos por contrato aos servidores concursados para agente de sa\u00fade e endemias para \u00e1rea descoberta de Olinda;"}, {"id": "3045", "ano": "2021", "numero": "864", "tipo__sigla": "REQ", "tipo__descricao": "REQUERIMENTO", "autoria": "09 - Fl\u00e1vio Nascimento", "texto_original": "http://sapl.olinda.pe.leg.br/media/", "ementa": "Requer a equipara\u00e7\u00e3o salarial dos servidores admitidos por contrato \"sele\u00e7\u00e3o simplificada\" aos servidores concursados para os professores da rede municipal de ensino de Olinda;"}, {"id": "3046", "ano": "2021", "numero": "865", "tipo__sigla": "REQ", "tipo__descricao": "REQUERIMENTO", "autoria": "17 - Vinicius Castello", "texto_original": "http://sapl.olinda.pe.leg.br/media/", "ementa": "Requer a apresenta\u00e7\u00e3o de Mo\u00e7\u00e3o de Pesar em virtude do falecimento por acidente ocorrido a Sr\u00aa. Helena Freitas da Silva;"}, {"id": "3047", "ano": "2021", "numero": "866", "tipo__sigla": "REQ", "tipo__descricao": "REQUERIMENTO", "autoria": "17 - Vinicius Castello", "texto_original": "http://sapl.olinda.pe.leg.br/media/", "ementa": "Requer a limpeza e a capina\u00e7\u00e3o na Pra\u00e7a Promotor Marinho Falc\u00e3o, \"Pra\u00e7a do Bonsucesso\", na Rua S\u00e3o Miguel s/n, Bonsucesso;"}, {"id": "3048", "ano": "2021", "numero": "867", "tipo__sigla": "REQ", "tipo__descricao": "REQUERIMENTO", "autoria": "17 - Vinicius Castello", "texto_original": "http://sapl.olinda.pe.leg.br/media/", "ementa": "Requer a limpeza e a manuten\u00e7\u00e3o de canaletas da Rua Waldemar de Lima no Complexo de Salgadinho;"}, {"id": "3049", "ano": "2021", "numero": "868", "tipo__sigla": "REQ", "tipo__descricao": "REQUERIMENTO", "autoria": "17 - Vinicius Castello", "texto_original": "http://sapl.olinda.pe.leg.br/media/", "ementa": "Requer a limpeza e a manuten\u00e7\u00e3o de canaletas da Rua Jaboat\u00e3o, Peixinhos;"}, {"id": "3050", "ano": "2021", "numero": "869", "tipo__sigla": "REQ", "tipo__descricao": "REQUERIMENTO", "autoria": "17 - Vinicius Castello", "texto_original": "http://sapl.olinda.pe.leg.br/media/", "ementa": "Requer a cobertura de lona pl\u00e1stica na barreira na Rua S\u00e3o Jo\u00e3o, 93, Tabajara;"}, {"id": "3051", "ano": "2021", "numero": "870", "tipo__sigla": "REQ", "tipo__descricao": "REQUERIMENTO", "autoria": "17 - Vinicius Castello", "texto_original": "http://sapl.olinda.pe.leg.br/media/", "ementa": "Requer o recapeamento da Rua C\u00e2ndida Luiza, 46, Guadalupe;"}, {"id": "3052", "ano": "2021", "numero": "871", "tipo__sigla": "REQ", "tipo__descricao": "REQUERIMENTO", "autoria": "17 - Vinicius Castello", "texto_original": "http://sapl.olinda.pe.leg.br/media/", "ementa": "Requer a cobertura de lona pl\u00e1stica na barreira na Avenida da Saudade, 514, Guadalupe;"}, {"id": "3053", "ano": "2021", "numero": "872", "tipo__sigla": "REQ", "tipo__descricao": "REQUERIMENTO", "autoria": "17 - Vinicius Castello", "texto_original": "http://sapl.olinda.pe.leg.br/media/", "ementa": "Requer a cobertura de lona pl\u00e1stica na barreira na Avenida Quatro de Outubro, 40, Tabajara;"}, {"id": "3054", "ano": "2021", "numero": "873", "tipo__sigla": "REQ", "tipo__descricao": "REQUERIMENTO", "autoria": "17 - Vinicius Castello", "texto_original": "http://sapl.olinda.pe.leg.br/media/", "ementa": "Apresentar Indica\u00e7\u00e3o ao Exmo. Sr. Prefeito de Olinda para que divulgue e incentive o cumprimento em Olinda, a aplica\u00e7\u00e3o da Lei Federal n\u00ba 14151/21, que disp\u00f5e sobre o afastamento de empregadas gestantes das atividades presenciais de trabalho;"}, {"id": "3063", "ano": "2021", "numero": "874", "tipo__sigla": "REQ", "tipo__descricao": "REQUERIMENTO", "autoria": "16 - BIAI", "texto_original": "http://sapl.olinda.pe.leg.br/media/", "ementa": "Requer a recupera\u00e7\u00e3o das seguintes pontes: Ponte da Avenida Frederico Lundgren (Entrada de Rio Doce); Ponte da Rua Humberto de Lima Mendes (entrada da FUNESO); Ponte do Jardim Atl\u00e2ntico, na Avenida N\u00e1poles, perpendicular com a Avenida Roda Silvestre; Ponte da Rua Professor Marculino Botelho, nas imedia\u00e7\u00f5es da UNIMED Urg\u00eancia Olinda;"}, {"id": "3064", "ano": "2021", "numero": "875", "tipo__sigla": "REQ", "tipo__descricao": "REQUERIMENTO", "autoria": "16 - BIAI", "texto_original": "http://sapl.olinda.pe.leg.br/media/", "ementa": "Requer a constru\u00e7\u00e3o de cal\u00e7adas na Avenida Carlos de Lima Cavalcanti, nos dois lados da avenida, no trecho entre a Avenida Frederico Lundgren e o Quartel da Pol\u00edcia Militar no Bairro de Rio Doce, Olinda;"}, {"id": "3065", "ano": "2021", "numero": "876", "tipo__sigla": "REQ", "tipo__descricao": "REQUERIMENTO", "autoria": "16 - Tonny Magalh\u00e3es", "texto_original": "http://sapl.olinda.pe.leg.br/media/", "ementa": "Indica\u00e7\u00e3o de Projeto de Lei referente a Cria\u00e7\u00e3o do Conselho da Juventude - ComJovem de Olinda;"}, {"id": "3066", "ano": "2021", "numero": "877", "tipo__sigla": "REQ", "tipo__descricao": "REQUERIMENTO", "autoria": "16 - Tonny Magalh\u00e3es", "texto_original": "http://sapl.olinda.pe.leg.br/media/", "ementa": "Requer a troca de l\u00e2mpadas nos postes localizados na Rua da Mangueira n\u00ba 158, Bultrins;"}, {"id": "3067", "ano": "2021", "numero": "878", "tipo__sigla": "REQ", "tipo__descricao": "REQUERIMENTO", "autoria": "16 - Tonny Magalh\u00e3es", "texto_original": "http://sapl.olinda.pe.leg.br/media/", "ementa": "Requer a troca de l\u00e2mpadas nos postes localizados na Rua da Mangueira n\u00ba 95, Bultrins;"}, {"id": "3068", "ano": "2021", "numero": "879", "tipo__sigla": "REQ", "tipo__descricao": "REQUERIMENTO", "autoria": "16 - Tonny Magalh\u00e3es", "texto_original": "http://sapl.olinda.pe.leg.br/media/", "ementa": "Requer a troca de l\u00e2mpadas nos postes localizados na Rua da Mangueira n\u00ba 305, Bultrins;"}, {"id": "3069", "ano": "2021", "numero": "880", "tipo__sigla": "REQ", "tipo__descricao": "REQUERIMENTO", "autoria": "16 - Tonny Magalh\u00e3es", "texto_original": "http://sapl.olinda.pe.leg.br/media/", "ementa": "Requer a troca de l\u00e2mpadas nos postes localizados na Rua da Mangueira n\u00ba 307, Bultrins;"}, {"id": "3070", "ano": "2021", "numero": "881", "tipo__sigla": "REQ", "tipo__descricao": "REQUERIMENTO", "autoria": "16 - Tonny Magalh\u00e3es", "texto_original": "http://sapl.olinda.pe.leg.br/media/", "ementa": "Requer a troca de l\u00e2mpadas nos postes localizados na Travessa \u00d3asis de Melo n\u00ba 85, Bultrins;"}, {"id": "3071", "ano": "2021", "numero": "882", "tipo__sigla": "REQ", "tipo__descricao": "REQUERIMENTO", "autoria": "16 - Tonny Magalh\u00e3es", "texto_original": "http://sapl.olinda.pe.leg.br/media/", "ementa": "Requer a troca de l\u00e2mpadas nos postes localizados na Rua Benedito Marinho n\u00ba 390, Bultrins;"}, {"id": "3072", "ano": "2021", "numero": "883", "tipo__sigla": "REQ", "tipo__descricao": "REQUERIMENTO", "autoria": "16 - Tonny Magalh\u00e3es", "texto_original": "http://sapl.olinda.pe.leg.br/media/", "ementa": "Requer a troca de l\u00e2mpadas nos postes localizados na Rua Larga n\u00ba 50, Bultrins;"}, {"id": "3073", "ano": "2021", "numero": "884", "tipo__sigla": "REQ", "tipo__descricao": "REQUERIMENTO", "autoria": "16 - Tonny Magalh\u00e3es", "texto_original": "http://sapl.olinda.pe.leg.br/media/", "ementa": "Requer a troca de l\u00e2mpadas nos postes localizados na Rua Larga n\u00ba 41, Bultrins;"}, {"id": "3074", "ano": "2021", "numero": "885", "tipo__sigla": "REQ", "tipo__descricao": "REQUERIMENTO", "autoria": "16 - Tonny Magalh\u00e3es", "texto_original": "http://sapl.olinda.pe.leg.br/media/", "ementa": "Requer a troca de l\u00e2mpadas nos postes localizados na Rua Larga, em frente ao pr\u00e9dio fonte parnaiba n\u00ba 122, Bultrins;"}, {"id": "3075", "ano": "2021", "numero": "886", "tipo__sigla": "REQ", "tipo__descricao": "REQUERIMENTO", "autoria": "16 - Tonny Magalh\u00e3es", "texto_original": "http://sapl.olinda.pe.leg.br/media/", "ementa": "Requer o tapamento de buracos e sua pavimenta\u00e7\u00e3o na Rua Jos\u00e9 Alexandre de Carvalho, Jardim Atl\u00e2ntico;"}, {"id": "3076", "ano": "2021", "numero": "887", "tipo__sigla": "REQ", "tipo__descricao": "REQUERIMENTO", "autoria": "16 - Tonny Magalh\u00e3es", "texto_original": "http://sapl.olinda.pe.leg.br/media/", "ementa": "Requer a limpeza do canal, na Rua Professor Luiz Magalh\u00e3es, Vila Popular;"}, {"id": "3077", "ano": "2021", "numero": "888", "tipo__sigla": "REQ", "tipo__descricao": "REQUERIMENTO", "autoria": "16 - Tonny Magalh\u00e3es", "texto_original": "http://sapl.olinda.pe.leg.br/media/", "ementa": "Requer a capina\u00e7\u00e3o, a limpeza e a podagem das \u00e1rvores da Rua Herculano de Holanda Cunha, ao lado do n\u00ba 120, Ouro Preto;"}, {"id": "3078", "ano": "2021", "numero": "889", "tipo__sigla": "REQ", "tipo__descricao": "REQUERIMENTO", "autoria": "16 - Tonny Magalh\u00e3es", "texto_original": "http://sapl.olinda.pe.leg.br/media/", "ementa": "Requer provid\u00eancias em conjunto com a Compesa para an\u00e1lise da Rua Jos\u00e9 Luis de Santana Filho, Bom Sucesso, que possui um buraco onde impossibilita a passagem de carros;"}, {"id": "3079", "ano": "2021", "numero": "890", "tipo__sigla": "REQ", "tipo__descricao": "REQUERIMENTO", "autoria": "16 - Tonny Magalh\u00e3es", "texto_original": "http://sapl.olinda.pe.leg.br/media/", "ementa": "Requer o cal\u00e7amento da Rua Geraldo Silva, Bom Sucesso;"}, {"id": "3080", "ano": "2021", "numero": "891", "tipo__sigla": "REQ", "tipo__descricao": "REQUERIMENTO", "autoria": "16 - Tonny Magalh\u00e3es", "texto_original": "http://sapl.olinda.pe.leg.br/media/", "ementa": "Requer a troca de l\u00e2mpadas na Rua Ouri\u00e7o do mar, quadra D12, n\u00ba 25, Ouro Preto;"}, {"id": "3081", "ano": "2021", "numero": "892", "tipo__sigla": "REQ", "tipo__descricao": "REQUERIMENTO", "autoria": "16 - Tonny Magalh\u00e3es", "texto_original": "http://sapl.olinda.pe.leg.br/media/", "ementa": "Requer o tapamento de buracos e sua pavimenta\u00e7\u00e3o na Rua C0 Jenipapo, Ouro Preto;"}, {"id": "3082", "ano": "2021", "numero": "893", "tipo__sigla": "REQ", "tipo__descricao": "REQUERIMENTO", "autoria": "09 - Fl\u00e1vio Nascimento", "texto_original": "http://sapl.olinda.pe.leg.br/media/", "ementa": "Requer troca de l\u00e2mpadas no poste na Avenida Presidente Kennedy, n\u00ba 1928, Peixinhos;"}, {"id": "3083", "ano": "2021", "numero": "894", "tipo__sigla": "REQ", "tipo__descricao": "REQUERIMENTO", "autoria": "09 - Fl\u00e1vio Nascimento", "texto_original": "http://sapl.olinda.pe.leg.br/media/", "ementa": "Requer servi\u00e7o de saneamento e pavimenta\u00e7\u00e3o asf\u00e1ltica da Rua Mario Juruna, Alto da Bondade;"}, {"id": "3084", "ano": "2021", "numero": "895", "tipo__sigla": "REQ", "tipo__descricao": "REQUERIMENTO", "autoria": "05 - Everaldo Silva", "texto_original": "http://sapl.olinda.pe.leg.br/media/", "ementa": "Requer remo\u00e7\u00e3o de \u00e1rvore na Rua Tamba\u00fa, Alto Nova Olinda;"}, {"id": "3085", "ano": "2021", "numero": "896", "tipo__sigla": "REQ", "tipo__descricao": "REQUERIMENTO", "autoria": "05 - Everaldo Silva", "texto_original": "http://sapl.olinda.pe.leg.br/media/", "ementa": "Requer a inclus\u00e3o dos funcion\u00e1rios da Defesa Civil como grupo priorit\u00e1rio na vacina\u00e7\u00e3o contra COVID-19;"}, {"id": "3086", "ano": "2021", "numero": "897", "tipo__sigla": "REQ", "tipo__descricao": "REQUERIMENTO", "autoria": "05 - Everaldo Silva", "texto_original": "http://sapl.olinda.pe.leg.br/media/", "ementa": "Requer o retorno do CRAS em \u00c1guas Compridas;"}, {"id": "3088", "ano": "2021", "numero": "898", "tipo__sigla": "REQ", "tipo__descricao": "REQUERIMENTO", "autoria": "05 - Everaldo Silva", "texto_original": "http://sapl.olinda.pe.leg.br/media/", "ementa": "Requer o recapeamento e a pavimenta\u00e7\u00e3o das ruas: Rua do Futuro-Alto Nova Olinda; Rua Alto Nova Olinda-Alto Nova Olinda; Avenida Batalha Tuiuti-Alto Nova Olinda; Rua Nelson de Melo Paes Barreto-\u00c1guas Compridas; Rua Seis de Janeiro-\u00c1guas Compridas;"}, {"id": "3089", "ano": "2021", "numero": "899", "tipo__sigla": "REQ", "tipo__descricao": "REQUERIMENTO", "autoria": "05 - Everaldo Silva", "texto_original": "http://sapl.olinda.pe.leg.br/media/", "ementa": "Requer o retorno da Defesa Civil para Alto da Bondade-\u00c1guas Compridas;"}, {"id": "3090", "ano": "2021", "numero": "900", "tipo__sigla": "REQ", "tipo__descricao": "REQUERIMENTO", "autoria": "05 - Everaldo Silva", "texto_original": "http://sapl.olinda.pe.leg.br/media/", "ementa": "Requer a cria\u00e7\u00e3o e a repara\u00e7\u00e3o de CEP para Rua Jos\u00e9 Alberto-Alto Nova Olinda;"}, {"id": "3091", "ano": "2021", "numero": "901", "tipo__sigla": "REQ", "tipo__descricao": "REQUERIMENTO", "autoria": "07 - JESU\u00cdNO ARA\u00daJO", "texto_original": "http://sapl.olinda.pe.leg.br/media/", "ementa": "Requer recapeamento total da Rua Olavo Bilac-Jardim Atl\u00e2ntico;"}, {"id": "3092", "ano": "2021", "numero": "902", "tipo__sigla": "REQ", "tipo__descricao": "REQUERIMENTO", "autoria": "16 - Tonny Magalh\u00e3es", "texto_original": "http://sapl.olinda.pe.leg.br/media/", "ementa": "Requer capina\u00e7\u00e3o e limpeza, da Rua Bahia, no Bairro de Jardim Brasil, tendo como ponto de refer\u00eancia em frente a casa de n\u00b0 70;"}, {"id": "3093", "ano": "2021", "numero": "903", "tipo__sigla": "REQ", "tipo__descricao": "REQUERIMENTO", "autoria": "09 - Fl\u00e1vio Nascimento", "texto_original": "http://sapl.olinda.pe.leg.br/media/", "ementa": "Requer que seja inclu\u00eddo como servi\u00e7o essencial para padres e pastores na lista de vacina\u00e7\u00e3o contra Covid-19 no \u00e2mbito do Munic\u00edpio de Olinda, durante o estado de calamidade p\u00fablica em decorr\u00eancia do novo corona v\u00edrus;"}, {"id": "3094", "ano": "2021", "numero": "904", "tipo__sigla": "REQ", "tipo__descricao": "REQUERIMENTO", "autoria": "09 - Fl\u00e1vio Nascimento", "texto_original": "http://sapl.olinda.pe.leg.br/media/", "ementa": "Requer servi\u00e7os de remo\u00e7\u00e3o de entulhos na Rua Poeta \u00c1lvaro Aranha n\u00ba 642, Jardim Atl\u00e2ntico, Olinda, CEP 53140-150;"}, {"id": "3095", "ano": "2021", "numero": "905", "tipo__sigla": "REQ", "tipo__descricao": "REQUERIMENTO", "autoria": "09 - Fl\u00e1vio Nascimento", "texto_original": "http://sapl.olinda.pe.leg.br/media/", "ementa": "Requer que seja realizado o programa Arrumando Minha Casa na Rua Cacimb\u00e3o - Salgadinho, Olinda, CEP 53110-420;"}, {"id": "3100", "ano": "2021", "numero": "906", "tipo__sigla": "REQ", "tipo__descricao": "REQUERIMENTO", "autoria": "16 - BIAI", "texto_original": "http://sapl.olinda.pe.leg.br/media/", "ementa": "Requer que seja enviado of\u00edcio ao Sr. Deputado Eriberto Medeiros, Presidentes da Assembl\u00e9ia Legislativa, no sentido de articular uma grande Reuni\u00e3o com todos os 49 deputados estaduais; os 25 deputados federais; e os 3 senadores de pernambuco, al\u00e9m do governador de pernambuco e do prefeito de olinda. Para Discutir, analisar e buscar a viabiliza\u00e7\u00e3o de verbas para a conclus\u00e3o dos servi\u00e7os do canal dos bultrins/fragoso, haja vista que falta um valor significativo para a conclus\u00e3o da obra."}, {"id": "3101", "ano": "2021", "numero": "907", "tipo__sigla": "REQ", "tipo__descricao": "REQUERIMENTO", "autoria": "17 - VLADEMIR LABANCA", "texto_original": "http://sapl.olinda.pe.leg.br/media/", "ementa": "Requer a informa\u00e7\u00e3o se a Rua Nestor Barbosa Lima, Tabajara, tem algum projeto de pavimenta\u00e7\u00e3o;"}, {"id": "3102", "ano": "2021", "numero": "908", "tipo__sigla": "REQ", "tipo__descricao": "REQUERIMENTO", "autoria": "17 - VLADEMIR LABANCA", "texto_original": "http://sapl.olinda.pe.leg.br/media/", "ementa": "Requer uma equipe para consertar a rede de drenagem onde h\u00e1 dois tubos de 50 quebrados na Rua Samar\u00e9, Alto da Mina;"}, {"id": "3103", "ano": "2021", "numero": "909", "tipo__sigla": "REQ", "tipo__descricao": "REQUERIMENTO", "autoria": "17 - VLADEMIR LABANCA", "texto_original": "http://sapl.olinda.pe.leg.br/media/", "ementa": "Requer a desobstru\u00e7\u00e3o de rede de drenagem entupida e a reposi\u00e7\u00e3o da pavimenta\u00e7\u00e3o da Rua Sumar\u00e9 com a Rua Rosendo, Alto da Mina;"}, {"id": "3104", "ano": "2021", "numero": "910", "tipo__sigla": "REQ", "tipo__descricao": "REQUERIMENTO", "autoria": "17 - VLADEMIR LABANCA", "texto_original": "http://sapl.olinda.pe.leg.br/media/", "ementa": "Requer uma equipe de ilumina\u00e7\u00e3o para verificar a situa\u00e7\u00e3o da comunidade em Passarinho;"}, {"id": "3105", "ano": "2021", "numero": "911", "tipo__sigla": "REQ", "tipo__descricao": "REQUERIMENTO", "autoria": "17 - VLADEMIR LABANCA", "texto_original": "http://sapl.olinda.pe.leg.br/media/", "ementa": "Requer uma equipe para desobstruir as redes de drenagem soterradas pelo barro nas Ruas da comunica\u00e7\u00e3o do canal, Dois Irm\u00e3os e na Rua do Caj\u00e1;"}, {"id": "3106", "ano": "2021", "numero": "912", "tipo__sigla": "REQ", "tipo__descricao": "REQUERIMENTO", "autoria": "17 - VLADEMIR LABANCA", "texto_original": "http://sapl.olinda.pe.leg.br/media/", "ementa": "Requer a podagem de uma \u00e1rvore na Rua do Canal, n\u00ba 2036, Passarinho;"}, {"id": "3107", "ano": "2021", "numero": "913", "tipo__sigla": "REQ", "tipo__descricao": "REQUERIMENTO", "autoria": "17 - VLADEMIR LABANCA", "texto_original": "http://sapl.olinda.pe.leg.br/media/", "ementa": "Requer uma solu\u00e7\u00e3o do problema de buraco ocasionado pela chuva na Rua do Caj\u00e1, Passarinho;"}, {"id": "3098", "ano": "2021", "numero": "914", "tipo__sigla": "REQ", "tipo__descricao": "REQUERIMENTO", "autoria": "17 - Vinicius Castello", "texto_original": "http://sapl.olinda.pe.leg.br/media/", "ementa": "Apresentar Mo\u00e7\u00e3o de Pesar em virtude do falecimento do Sr. Jos\u00e9 Oliveira da Rocha, Z\u00e9 da Macuca;"}, {"id": "3099", "ano": "2021", "numero": "915", "tipo__sigla": "REQ", "tipo__descricao": "REQUERIMENTO", "autoria": "17 - Vinicius Castello", "texto_original": "http://sapl.olinda.pe.leg.br/media/", "ementa": "Apresentar Votos de Aplausos aos Conselheiros Tutelares de Olinda, pela atua\u00e7\u00e3o profissional e importante papel no enfrentamento dos casos de viol\u00eancia, abuso e explora\u00e7\u00e3o sexual de crian\u00e7as e adolescentes;"}, {"id": "3108", "ano": "2021", "numero": "916", "tipo__sigla": "REQ", "tipo__descricao": "REQUERIMENTO", "autoria": "17 - Vinicius Castello", "texto_original": "http://sapl.olinda.pe.leg.br/media/", "ementa": "Requer a inclus\u00e3o das lactantes no rol de prioridades da Vacina\u00e7\u00e3o em Olinda;"}, {"id": "3109", "ano": "2021", "numero": "917", "tipo__sigla": "REQ", "tipo__descricao": "REQUERIMENTO", "autoria": "17 - Vinicius Castello", "texto_original": "http://sapl.olinda.pe.leg.br/media/", "ementa": "Requer a regulariza\u00e7\u00e3o do atendimento m\u00e9dico e informa\u00e7\u00e3o do prazo m\u00e9dio para consulta m\u00e9dica na Policl\u00ednica de Rio Doce II, Avenida Coronel Federico de Lundgren, Rio Doce;"}, {"id": "3110", "ano": "2021", "numero": "918", "tipo__sigla": "REQ", "tipo__descricao": "REQUERIMENTO", "autoria": "17 - Vinicius Castello", "texto_original": "http://sapl.olinda.pe.leg.br/media/", "ementa": "Requer a troca de l\u00e2mpadas de 3 postes localizados na Rua Thiago Jos\u00e9 do Carmo, S\u00edtio Novo;"}, {"id": "3111", "ano": "2021", "numero": "919", "tipo__sigla": "REQ", "tipo__descricao": "REQUERIMENTO", "autoria": "17 - Vinicius Castello", "texto_original": "http://sapl.olinda.pe.leg.br/media/", "ementa": "Requer a troca de l\u00e2mpada do poste n\u00ba B-052189 na Rua Djalma Dutra, S\u00edtio Novo;"}, {"id": "3112", "ano": "2021", "numero": "920", "tipo__sigla": "REQ", "tipo__descricao": "REQUERIMENTO", "autoria": "17 - Vinicius Castello", "texto_original": "http://sapl.olinda.pe.leg.br/media/", "ementa": "Requer a regulariza\u00e7\u00e3o do pagamento dos Direitos Deixados dos Professores e demais Servidores da rede municipal;"}, {"id": "3113", "ano": "2021", "numero": "921", "tipo__sigla": "REQ", "tipo__descricao": "REQUERIMENTO", "autoria": "17 - Vinicius Castello", "texto_original": "http://sapl.olinda.pe.leg.br/media/", "ementa": "Requer a limpeza e a retirada de lixo na Avenida Joaquim Nabuco, Varadouro;"}, {"id": "3114", "ano": "2021", "numero": "922", "tipo__sigla": "REQ", "tipo__descricao": "REQUERIMENTO", "autoria": "17 - Vinicius Castello", "texto_original": "http://sapl.olinda.pe.leg.br/media/", "ementa": "Requer curso de tradu\u00e7\u00e3o e de interpreta\u00e7\u00e3o de libras para os servidores e os funcion\u00e1rios da C\u00e2mara Municipal;"}, {"id": "3115", "ano": "2021", "numero": "923", "tipo__sigla": "REQ", "tipo__descricao": "REQUERIMENTO", "autoria": "10 - Joj\u00f3 Guerra", "texto_original": "http://sapl.olinda.pe.leg.br/media/", "ementa": "Requer a remo\u00e7\u00e3o de \u00e1rvores e dos entulhos na Rua Seis de Janeiro, \u00c1guas Compridas, e refazer a coloca\u00e7\u00e3o de lonas;"}, {"id": "3116", "ano": "2021", "numero": "924", "tipo__sigla": "REQ", "tipo__descricao": "REQUERIMENTO", "autoria": "16 - Tonny Magalh\u00e3es", "texto_original": "http://sapl.olinda.pe.leg.br/media/", "ementa": "Requer cadastros dos respectivos endere\u00e7os: Avenida Beiro Rio, CEP: 53250-130, Novo Nome de Cadastramento: Fernando Antonio Evangelista da Silva; Rua Dezoito A, CEP: 53020-655, Novo Nome de Cadastramento: Manoel Mauricio do Nascimento; Rua 13, CEP: 53020-605, Novo Nome de Cadastramento: Cl\u00e1udio Marques da Silva; Rua 15, CEP:53020-615, Novo Nome de Cadastramento: C\u00e9lia Juli\u00e3o Marques da Silva; Rua 15-A, CEP: 53020-617, Novo Nome de Cadastramento: Nivaldo Barbosa de Andrade, Rua 18, CEP: 53020-650, Novo Nome de Cadastramento: Maria Gomes Pereira; 1\u00aa Travessa, Novo Nome de Cadastramento: Severiano Dion\u00edsio de Oliveira; 2\u00aa Travessa, Novo Nome de Cadastramento: An\u00edzio de Souza Louren\u00e7o; 3\u00aa Travessa, Novo Nome de Cadastramento: Jos\u00e9 Severo Neto;"}, {"id": "3117", "ano": "2021", "numero": "925", "tipo__sigla": "REQ", "tipo__descricao": "REQUERIMENTO", "autoria": "16 - Tonny Magalh\u00e3es", "texto_original": "http://sapl.olinda.pe.leg.br/media/", "ementa": "Requer a troca de l\u00e2mpadas na Rua \u00c9bano, lado oposto a casa n\u00ba 15, Jardim Atl\u00e2ntico;"}, {"id": "3118", "ano": "2021", "numero": "926", "tipo__sigla": "REQ", "tipo__descricao": "REQUERIMENTO", "autoria": "09 - Fl\u00e1vio Nascimento", "texto_original": "http://sapl.olinda.pe.leg.br/media/", "ementa": "Requer o programa Arrumando Minha Casa na Rua Altinho, Salgadinho;"}, {"id": "3119", "ano": "2021", "numero": "927", "tipo__sigla": "REQ", "tipo__descricao": "REQUERIMENTO", "autoria": "10 - Joj\u00f3 Guerra", "texto_original": "http://sapl.olinda.pe.leg.br/media/", "ementa": "Requer a remo\u00e7\u00e3o de entulhos e de destro\u00e7os na Rua da Saudade (C\u00f3rrego do Nozinho), \u00c1guas Compridas;"}, {"id": "3120", "ano": "2021", "numero": "928", "tipo__sigla": "REQ", "tipo__descricao": "REQUERIMENTO", "autoria": "07 - JESU\u00cdNO ARA\u00daJO", "texto_original": "http://sapl.olinda.pe.leg.br/media/", "ementa": "Requer provid\u00eancias referentes ao tr\u00e1fego de cavalos nas praias, passeio e ciclovia da orla de Olinda, com efetiva fiscaliza\u00e7\u00e3o para impedimento e proibi\u00e7\u00e3o desse tr\u00e1fego, e afixa\u00e7\u00e3o de placas informativas ao longo de toda orla, contendo essa proibi\u00e7\u00e3o;"}, {"id": "3121", "ano": "2021", "numero": "929", "tipo__sigla": "REQ", "tipo__descricao": "REQUERIMENTO", "autoria": "15 - SAULO HOLANDA", "texto_original": "http://sapl.olinda.pe.leg.br/media/", "ementa": "Apresentar Voto de Aplausos e Congratula\u00e7\u00f5es ao Clube N\u00e1utico Capibaribe pela conquista do Campeonato Pernambucano de 2021;"}, {"id": "3122", "ano": "2021", "numero": "930", "tipo__sigla": "REQ", "tipo__descricao": "REQUERIMENTO", "autoria": "Bruno D'Melo", "texto_original": "http://sapl.olinda.pe.leg.br/media/", "ementa": "Requer a constru\u00e7\u00e3o de um novo cemit\u00e9rio em Olinda;"}, {"id": "3123", "ano": "2021", "numero": "931", "tipo__sigla": "REQ", "tipo__descricao": "REQUERIMENTO", "autoria": "Bruno D'Melo", "texto_original": "http://sapl.olinda.pe.leg.br/media/", "ementa": "Requer a dilig\u00eancia dos agentes de combate a endemia de dengue no Educacion\u00e1rio Santa Tereza, Avenida Olinda, n\u00ba 750, Santa Tereza;"}, {"id": "3124", "ano": "2021", "numero": "932", "tipo__sigla": "REQ", "tipo__descricao": "REQUERIMENTO", "autoria": "09 - Fl\u00e1vio Nascimento", "texto_original": "http://sapl.olinda.pe.leg.br/media/", "ementa": "Referente ao ambiente insalubre das instala\u00e7\u00f5es desta referida Secretaria ( Secretaria de educa\u00e7\u00e3o, Esportes e Juventude)."}, {"id": "3125", "ano": "2021", "numero": "933", "tipo__sigla": "REQ", "tipo__descricao": "REQUERIMENTO", "autoria": "16 - Tonny Magalh\u00e3es", "texto_original": "http://sapl.olinda.pe.leg.br/media/", "ementa": "Requer esclarecimentos da atual situa\u00e7\u00e3o dos cemit\u00e9rios p\u00fablicos do Munic\u00edpio de Olinda;"}, {"id": "3127", "ano": "2021", "numero": "934", "tipo__sigla": "REQ", "tipo__descricao": "REQUERIMENTO", "autoria": "01 - Tost\u00e3o de Olinda", "texto_original": "http://sapl.olinda.pe.leg.br/media/", "ementa": "Requer o servi\u00e7o de Pavimenta\u00e7\u00e3o das Ruas Dois Irm\u00e3os, Caj\u00e1 e Rua da Comunica\u00e7\u00e3o no Bairro de Passarinho;"}, {"id": "3133", "ano": "2021", "numero": "935", "tipo__sigla": "REQ", "tipo__descricao": "REQUERIMENTO", "autoria": "16 - Tonny Magalh\u00e3es", "texto_original": "http://sapl.olinda.pe.leg.br/media/", "ementa": "Requer a limpeza e a coloca\u00e7\u00e3o das canaletas da Rua do S\u00e9culo, \u00c1guas Compridas, ponto de refer\u00eancia ao lado da Igreja Alian\u00e7a;"}, {"id": "3134", "ano": "2021", "numero": "936", "tipo__sigla": "REQ", "tipo__descricao": "REQUERIMENTO", "autoria": "16 - Tonny Magalh\u00e3es", "texto_original": "http://sapl.olinda.pe.leg.br/media/", "ementa": "Requer a vistoria do muro de Arrimo na Rua Monarca, Alto da Conquista, em frente \u00e0 casa n\u00ba 277;"}, {"id": "3128", "ano": "2021", "numero": "937", "tipo__sigla": "REQ", "tipo__descricao": "REQUERIMENTO", "autoria": "16 - Tonny Magalh\u00e3es", "texto_original": "http://sapl.olinda.pe.leg.br/media/", "ementa": "Requer VOTO DE APLAUSO, ao excelent\u00edssimo trabalho desenvolvido por Francisco Barbosa de Oliveira professor e gestor escolar administrativo da Secretaria de Educa\u00e7\u00e3o do Munic\u00edpio de Olinda;"}, {"id": "3129", "ano": "2021", "numero": "938", "tipo__sigla": "REQ", "tipo__descricao": "REQUERIMENTO", "autoria": "02 - Irm\u00e3o Bi\u00e1", "texto_original": "http://sapl.olinda.pe.leg.br/media/", "ementa": "Requer VOTO DE APLAUSO e congratula\u00e7\u00f5es ao Diretor de Opera\u00e7\u00f5es da Defesa Civil, Sr. Frederico de Souza Nobrega;"}, {"id": "3130", "ano": "2021", "numero": "939", "tipo__sigla": "REQ", "tipo__descricao": "REQUERIMENTO", "autoria": "02 - Irm\u00e3o Bi\u00e1", "texto_original": "http://sapl.olinda.pe.leg.br/media/", "ementa": "Requer VOTO DE APLAUSO e congratula\u00e7\u00f5es a Diretora de Necr\u00f3pole, Sra. Carmelita Lopes da Silva;"}, {"id": "3135", "ano": "2021", "numero": "940", "tipo__sigla": "REQ", "tipo__descricao": "REQUERIMENTO", "autoria": "15 - SAULO HOLANDA", "texto_original": "http://sapl.olinda.pe.leg.br/media/", "ementa": "Requer prioridade \u00e0 vacina\u00e7\u00e3o contra COVID-19 aos profissionais das auto-escolas que atuam em contato direto com pessoas no dia a dia;"}, {"id": "3131", "ano": "2021", "numero": "941", "tipo__sigla": "REQ", "tipo__descricao": "REQUERIMENTO", "autoria": "14 - RICARDO SOUSA", "texto_original": "http://sapl.olinda.pe.leg.br/media/", "ementa": "Requer Voto de Aplauso ao Deputado Federal Luciano Bivar;"}, {"id": "3136", "ano": "2021", "numero": "942", "tipo__sigla": "REQ", "tipo__descricao": "REQUERIMENTO", "autoria": "09 - Fl\u00e1vio Nascimento", "texto_original": "http://sapl.olinda.pe.leg.br/media/", "ementa": "Recoloca\u00e7\u00e3o para aprecia\u00e7\u00e3o do projeto de lei n\u00ba 5 que estabelece as igrejas, os templos religiosos de qualquer culto e atividade essencial no Munic\u00edpio de Olinda;"}, {"id": "3137", "ano": "2021", "numero": "943", "tipo__sigla": "REQ", "tipo__descricao": "REQUERIMENTO", "autoria": "07 - JESU\u00cdNO ARA\u00daJO", "texto_original": "http://sapl.olinda.pe.leg.br/media/", "ementa": "Requer que seja enviada a raz\u00e3o pela qual os moradores da Rua Ara\u00e7\u00e1, Fragoso, n\u00e3o recebem correspond\u00eancias."}, {"id": "3138", "ano": "2021", "numero": "944", "tipo__sigla": "REQ", "tipo__descricao": "REQUERIMENTO", "autoria": "15 - SAULO HOLANDA", "texto_original": "http://sapl.olinda.pe.leg.br/media/", "ementa": "Requer que seja encaminhado em anexo um abaixo assinado dos moradores, residentes e propriet\u00e1rios de im\u00f3veis da Rua Alexandre Gomes da Fonseca, Loteamento Dom Bosco, no Bairro de Peixinhos, requerendo que n\u00e3o seja construida/edificada, nenhuma Esta\u00e7\u00e3o Elevat\u00f3ria."}, {"id": "3139", "ano": "2021", "numero": "945", "tipo__sigla": "REQ", "tipo__descricao": "REQUERIMENTO", "autoria": "16 - BIAI", "texto_original": "http://sapl.olinda.pe.leg.br/media/", "ementa": "Requer a provid\u00eancia da pintura das lombadas em Olinda;"}, {"id": "3140", "ano": "2021", "numero": "946", "tipo__sigla": "REQ", "tipo__descricao": "REQUERIMENTO", "autoria": "01 - Tost\u00e3o de Olinda", "texto_original": "http://sapl.olinda.pe.leg.br/media/", "ementa": "Requer Voto de Aplausos para Secret\u00e1rio Executivo de Servi\u00e7os P\u00fablicos de Olinda, Sr. Pedro Sampaio;"}, {"id": "3141", "ano": "2021", "numero": "947", "tipo__sigla": "REQ", "tipo__descricao": "REQUERIMENTO", "autoria": "01 - Tost\u00e3o de Olinda", "texto_original": "http://sapl.olinda.pe.leg.br/media/", "ementa": "Requer Voto de Aplausos para Diretor de Limpeza Urbana da Secretaria de Servi\u00e7os P\u00fablicos de Olinda, Sr. Pablo Pereira;"}, {"id": "3142", "ano": "2021", "numero": "948", "tipo__sigla": "REQ", "tipo__descricao": "REQUERIMENTO", "autoria": "01 - Tost\u00e3o de Olinda", "texto_original": "http://sapl.olinda.pe.leg.br/media/", "ementa": "Requer Voto de Aplausos para Secret\u00e1rio de Gest\u00e3o Urbana, Sr. Marconi Madruga;"}, {"id": "3143", "ano": "2021", "numero": "949", "tipo__sigla": "REQ", "tipo__descricao": "REQUERIMENTO", "autoria": "01 - Tost\u00e3o de Olinda", "texto_original": "http://sapl.olinda.pe.leg.br/media/", "ementa": "Requer Voto de Aplausos para Secret\u00e1ria de Obras, Sra. Pollyana Monteiro;"}, {"id": "3144", "ano": "2021", "numero": "950", "tipo__sigla": "REQ", "tipo__descricao": "REQUERIMENTO", "autoria": "01 - Tost\u00e3o de Olinda", "texto_original": "http://sapl.olinda.pe.leg.br/media/", "ementa": "Requer Voto de Aplausos para Secret\u00e1rio Executivo de Manuten\u00e7\u00e3o Urbana, Sr. Alu\u00edsio Pereira;"}, {"id": "3145", "ano": "2021", "numero": "951", "tipo__sigla": "REQ", "tipo__descricao": "REQUERIMENTO", "autoria": "01 - Tost\u00e3o de Olinda", "texto_original": "http://sapl.olinda.pe.leg.br/media/", "ementa": "Requer Voto de Aplausos para Secret\u00e1rio Executivo da Defesa Civil, Sr. Coronel Cunha;"}, {"id": "3146", "ano": "2021", "numero": "952", "tipo__sigla": "REQ", "tipo__descricao": "REQUERIMENTO", "autoria": "01 - Tost\u00e3o de Olinda", "texto_original": "http://sapl.olinda.pe.leg.br/media/", "ementa": "Requer Voto de Aplausos para Assistente Social e Diretora de Prote\u00e7\u00e3o Saocial B\u00e1sica de Olinda, Sra. N\u00edvea Macedo;"}, {"id": "3147", "ano": "2021", "numero": "953", "tipo__sigla": "REQ", "tipo__descricao": "REQUERIMENTO", "autoria": "01 - Tost\u00e3o de Olinda", "texto_original": "http://sapl.olinda.pe.leg.br/media/", "ementa": "Requer Voto de Aplausos para Secret\u00e1ria de Desenvolvimento Social, Cidadania e Direitos Humanos,  Sra. Livia Alvar\u00f3;"}, {"id": "3148", "ano": "2021", "numero": "954", "tipo__sigla": "REQ", "tipo__descricao": "REQUERIMENTO", "autoria": "16 - Tonny Magalh\u00e3es", "texto_original": "http://sapl.olinda.pe.leg.br/media/", "ementa": "Requer a cria\u00e7\u00e3o do aux\u00edlio emergencial da Cultura Junina, direcionada ao Ciclo Quadrilheiro Junino do Munic\u00edpio de Olinda;"}, {"id": "3149", "ano": "2021", "numero": "955", "tipo__sigla": "REQ", "tipo__descricao": "REQUERIMENTO", "autoria": "17 - VLADEMIR LABANCA", "texto_original": "http://sapl.olinda.pe.leg.br/media/", "ementa": "Requer a limpeza do canal da Rua Frei Miguelino, Vila Esperan\u00e7a, Bultrins;"}, {"id": "3150", "ano": "2021", "numero": "956", "tipo__sigla": "REQ", "tipo__descricao": "REQUERIMENTO", "autoria": "17 - VLADEMIR LABANCA", "texto_original": "http://sapl.olinda.pe.leg.br/media/", "ementa": "Requer uma pra\u00e7a de Pneus na Rua Irm\u00e3 Gertudres de Alencar, Bultrins, em frente ao n\u00ba 50;"}, {"id": "3151", "ano": "2021", "numero": "957", "tipo__sigla": "REQ", "tipo__descricao": "REQUERIMENTO", "autoria": "17 - VLADEMIR LABANCA", "texto_original": "http://sapl.olinda.pe.leg.br/media/", "ementa": "Requer a coleta manual no bairro de Bultrins;"}, {"id": "3152", "ano": "2021", "numero": "958", "tipo__sigla": "REQ", "tipo__descricao": "REQUERIMENTO", "autoria": "01 - Tost\u00e3o de Olinda", "texto_original": "http://sapl.olinda.pe.leg.br/media/", "ementa": "Requer a avalia\u00e7\u00e3o da situa\u00e7\u00e3o do retorno da Policl\u00ednica, Ouro Preto;"}, {"id": "3153", "ano": "2021", "numero": "959", "tipo__sigla": "REQ", "tipo__descricao": "REQUERIMENTO", "autoria": "01 - Tost\u00e3o de Olinda", "texto_original": "http://sapl.olinda.pe.leg.br/media/", "ementa": "Requer a avalia\u00e7\u00e3o da situa\u00e7\u00e3o do retorno do CRAS, Ouro Preto;"}, {"id": "3154", "ano": "2021", "numero": "960", "tipo__sigla": "REQ", "tipo__descricao": "REQUERIMENTO", "autoria": "03 - FELIPE NASCIMENTO", "texto_original": "http://sapl.olinda.pe.leg.br/media/", "ementa": "Requer Voto de Apelo para que sejam acrescentados ao Plano Estadual de Imuniza\u00e7\u00e3o (COVID-19) os usu\u00e1rios de transporte p\u00fablico;"}, {"id": "3155", "ano": "2021", "numero": "961", "tipo__sigla": "REQ", "tipo__descricao": "REQUERIMENTO", "autoria": "14 - RICARDO SOUSA", "texto_original": "http://sapl.olinda.pe.leg.br/media/", "ementa": "Requer a troca de l\u00e2mpada do poste localizado na Avenida das Gar\u00e7as em frente a Quadra 20 bloco A, na 4\u00aa Etapa, Rio Doce;"}, {"id": "3156", "ano": "2021", "numero": "962", "tipo__sigla": "REQ", "tipo__descricao": "REQUERIMENTO", "autoria": "14 - RICARDO SOUSA", "texto_original": "http://sapl.olinda.pe.leg.br/media/", "ementa": "Requer a troca de l\u00e2mpada do poste localizado na Avenida das Gar\u00e7as em frente a Igreja Nascer em Crsito, na 4\u00aa Etapa, Rio Doce;"}, {"id": "3157", "ano": "2021", "numero": "963", "tipo__sigla": "REQ", "tipo__descricao": "REQUERIMENTO", "autoria": "14 - RICARDO SOUSA", "texto_original": "http://sapl.olinda.pe.leg.br/media/", "ementa": "Requer a troca de l\u00e2mpada do poste localizado na Avenida Capit\u00e3o Luis Reis, em frente ao n\u00ba 239, Passarinho;"}, {"id": "3158", "ano": "2021", "numero": "964", "tipo__sigla": "REQ", "tipo__descricao": "REQUERIMENTO", "autoria": "14 - RICARDO SOUSA", "texto_original": "http://sapl.olinda.pe.leg.br/media/", "ementa": "Requer a troca de l\u00e2mpada do poste localizado na Avenida das Gar\u00e7as em frente ao Bar do Maur\u00edcio Pr\u00f3ximo a Quadra 20, na 4\u00aa Etapa, Rio Doce;"}, {"id": "3159", "ano": "2021", "numero": "965", "tipo__sigla": "REQ", "tipo__descricao": "REQUERIMENTO", "autoria": "14 - RICARDO SOUSA", "texto_original": "http://sapl.olinda.pe.leg.br/media/", "ementa": "Requer a troca de l\u00e2mpada do poste localizado na Rua Severina B. de Andrade, esquina com Rua 13;"}, {"id": "3160", "ano": "2021", "numero": "966", "tipo__sigla": "REQ", "tipo__descricao": "REQUERIMENTO", "autoria": "14 - RICARDO SOUSA", "texto_original": "http://sapl.olinda.pe.leg.br/media/", "ementa": "Requer a troca de l\u00e2mpada do poste localizado na Rua do P\u00eassego, esquina com Avenida Tiradentes, na 3\u00aa Etapa de Rio Doce;"}, {"id": "3161", "ano": "2021", "numero": "967", "tipo__sigla": "REQ", "tipo__descricao": "REQUERIMENTO", "autoria": "14 - RICARDO SOUSA", "texto_original": "http://sapl.olinda.pe.leg.br/media/", "ementa": "Requer a troca de l\u00e2mpada do poste localizado na Avenida Brasil, em frente a Igreja Adventista do 7\u00ba dia, na 1\u00aa Etapa, Rio Doce;"}, {"id": "3162", "ano": "2021", "numero": "968", "tipo__sigla": "REQ", "tipo__descricao": "REQUERIMENTO", "autoria": "14 - RICARDO SOUSA", "texto_original": "http://sapl.olinda.pe.leg.br/media/", "ementa": "Requer a troca de l\u00e2mpada do poste localizado na Avenida das Gar\u00e7as em frente ao n\u00famero 395, na 4\u00aa Etapa, Rio Doce;"}, {"id": "3163", "ano": "2021", "numero": "969", "tipo__sigla": "REQ", "tipo__descricao": "REQUERIMENTO", "autoria": "14 - RICARDO SOUSA", "texto_original": "http://sapl.olinda.pe.leg.br/media/", "ementa": "Requer a troca de l\u00e2mpada do poste localizado na Avenida das Gar\u00e7as esquina com Rua 74 ao lado da Academia AFI, na 4\u00aa Etapa, Rio Doce;"}, {"id": "3164", "ano": "2021", "numero": "970", "tipo__sigla": "REQ", "tipo__descricao": "REQUERIMENTO", "autoria": "14 - RICARDO SOUSA", "texto_original": "http://sapl.olinda.pe.leg.br/media/", "ementa": "Requer a troca de l\u00e2mpada do poste localizado na Avenida N\u00e1poles em frente a Igreja Assembleia de Deus pr\u00f3ximo a Rua Clotilde Pereira, na 4\u00aa Etapa, Rio Doce;"}, {"id": "3165", "ano": "2021", "numero": "971", "tipo__sigla": "REQ", "tipo__descricao": "REQUERIMENTO", "autoria": "14 - RICARDO SOUSA", "texto_original": "http://sapl.olinda.pe.leg.br/media/", "ementa": "Requer a troca de l\u00e2mpada do poste localizado na Avenida M\u00e9xico esquina com Rua das Tulipas, na 2\u00aa Etapa, Rio Doce;"}, {"id": "3166", "ano": "2021", "numero": "972", "tipo__sigla": "REQ", "tipo__descricao": "REQUERIMENTO", "autoria": "14 - RICARDO SOUSA", "texto_original": "http://sapl.olinda.pe.leg.br/media/", "ementa": "Requer a troca de l\u00e2mpada do poste localizado na Avenida Tiradentes pr\u00f3ximo a Resenha beer, na 4\u00aa Etapa, Rio Doce;"}, {"id": "3167", "ano": "2021", "numero": "973", "tipo__sigla": "REQ", "tipo__descricao": "REQUERIMENTO", "autoria": "14 - RICARDO SOUSA", "texto_original": "http://sapl.olinda.pe.leg.br/media/", "ementa": "Requer a troca de l\u00e2mpada do poste localizado na Avenida Rio Doce em frente a UPA, na 4\u00aa Etapa, Rio Doce;"}, {"id": "3168", "ano": "2021", "numero": "974", "tipo__sigla": "REQ", "tipo__descricao": "REQUERIMENTO", "autoria": "14 - RICARDO SOUSA", "texto_original": "http://sapl.olinda.pe.leg.br/media/", "ementa": "Requer a troca de l\u00e2mpada do poste localizado na Avenida das Gar\u00e7as esquina com Rua do Fruta P\u00e3o, na 4\u00aa Etapa, Rio Doce;"}, {"id": "3169", "ano": "2021", "numero": "975", "tipo__sigla": "REQ", "tipo__descricao": "REQUERIMENTO", "autoria": "14 - RICARDO SOUSA", "texto_original": "http://sapl.olinda.pe.leg.br/media/", "ementa": "Requer a troca de l\u00e2mpada do poste localizado na Avenida M\u00e9xico em frente ao lava jato, na 2\u00aa Etapa, Rio Doce;"}, {"id": "3170", "ano": "2021", "numero": "976", "tipo__sigla": "REQ", "tipo__descricao": "REQUERIMENTO", "autoria": "14 - RICARDO SOUSA", "texto_original": "http://sapl.olinda.pe.leg.br/media/", "ementa": "Requer a troca de l\u00e2mpada do poste localizado na Rua Pintassilgo em frente ao n\u00ba 156, na 3\u00aa Etapa, Rio Doce;"}, {"id": "3171", "ano": "2021", "numero": "977", "tipo__sigla": "REQ", "tipo__descricao": "REQUERIMENTO", "autoria": "14 - RICARDO SOUSA", "texto_original": "http://sapl.olinda.pe.leg.br/media/", "ementa": "Requer a troca de l\u00e2mpada do poste localizado na Avenida M\u00e9xico esquina com Avenida Rio Doce, na 2\u00aa Etapa, Rio Doce;"}, {"id": "3172", "ano": "2021", "numero": "978", "tipo__sigla": "REQ", "tipo__descricao": "REQUERIMENTO", "autoria": "14 - RICARDO SOUSA", "texto_original": "http://sapl.olinda.pe.leg.br/media/", "ementa": "Requer a troca de l\u00e2mpada do poste localizado na Avenida N\u00e1poles em frente a Beto G\u00e1s, na 2\u00aa Etapa, Rio Doce;"}, {"id": "3173", "ano": "2021", "numero": "979", "tipo__sigla": "REQ", "tipo__descricao": "REQUERIMENTO", "autoria": "14 - RICARDO SOUSA", "texto_original": "http://sapl.olinda.pe.leg.br/media/", "ementa": "Requer a troca de l\u00e2mpada do poste localizado na Avenida Brasil em frente a Dirceu Auto Pe\u00e7as, na 1\u00aa Etapa, Rio Doce;"}, {"id": "3174", "ano": "2021", "numero": "980", "tipo__sigla": "REQ", "tipo__descricao": "REQUERIMENTO", "autoria": "14 - RICARDO SOUSA", "texto_original": "http://sapl.olinda.pe.leg.br/media/", "ementa": "Requer a troca de l\u00e2mpada do poste localizado na Avenida E em frente a Padaria Farias, na 5\u00aa Etapa, Rio Doce;"}, {"id": "3175", "ano": "2021", "numero": "981", "tipo__sigla": "REQ", "tipo__descricao": "REQUERIMENTO", "autoria": "14 - RICARDO SOUSA", "texto_original": "http://sapl.olinda.pe.leg.br/media/", "ementa": "Requer a troca de l\u00e2mpada e do bra\u00e7o do poste localizado no campo da Rua 10, na 4\u00aa Etapa, Rio Doce;"}, {"id": "3176", "ano": "2021", "numero": "982", "tipo__sigla": "REQ", "tipo__descricao": "REQUERIMENTO", "autoria": "14 - RICARDO SOUSA", "texto_original": "http://sapl.olinda.pe.leg.br/media/", "ementa": "Requer a troca de l\u00e2mpada do poste localizado na Avenida Brasil esquina com a Rua Coronel Jo\u00e3o Alexandre Carvalho, na 1\u00aa Etapa, Rio Doce;"}, {"id": "3177", "ano": "2021", "numero": "983", "tipo__sigla": "REQ", "tipo__descricao": "REQUERIMENTO", "autoria": "14 - RICARDO SOUSA", "texto_original": "http://sapl.olinda.pe.leg.br/media/", "ementa": "Requer a troca de l\u00e2mpada do poste localizado na Avenida N\u00e1poles em frente a Igreja Assembl\u00e9ia de Deus, na 4\u00aa Etapa, Rio Doce;"}, {"id": "3178", "ano": "2021", "numero": "984", "tipo__sigla": "REQ", "tipo__descricao": "REQUERIMENTO", "autoria": "14 - RICARDO SOUSA", "texto_original": "http://sapl.olinda.pe.leg.br/media/", "ementa": "Requer a troca de l\u00e2mpada do poste localizado na Avenida N\u00e1poles em frente a Igreja Maranatana, na 4\u00aa Etapa, Rio Doce;"}, {"id": "3179", "ano": "2021", "numero": "985", "tipo__sigla": "REQ", "tipo__descricao": "REQUERIMENTO", "autoria": "14 - RICARDO SOUSA", "texto_original": "http://sapl.olinda.pe.leg.br/media/", "ementa": "Requer a troca de l\u00e2mpada do poste localizado na Avenida N\u00e1poles em frente a JJ Constru\u00e7\u00e3o, na 4\u00aa Etapa, Rio Doce;"}, {"id": "3180", "ano": "2021", "numero": "986", "tipo__sigla": "REQ", "tipo__descricao": "REQUERIMENTO", "autoria": "14 - RICARDO SOUSA", "texto_original": "http://sapl.olinda.pe.leg.br/media/", "ementa": "Requer a troca de l\u00e2mpada do poste localizado na Rua 1 esquina com a Rua Ayrton Senna, na 1\u00aa Etapa, Rio Doce;"}, {"id": "3181", "ano": "2021", "numero": "987", "tipo__sigla": "REQ", "tipo__descricao": "REQUERIMENTO", "autoria": "14 - RICARDO SOUSA", "texto_original": "http://sapl.olinda.pe.leg.br/media/", "ementa": "Requer a troca de l\u00e2mpada do poste localizado na Rua Jules Rimet esquina com a Rua Fenelon \u00c1tico Leite, na 1\u00aa Etapa, Rio Doce;"}, {"id": "3182", "ano": "2021", "numero": "988", "tipo__sigla": "REQ", "tipo__descricao": "REQUERIMENTO", "autoria": "14 - RICARDO SOUSA", "texto_original": "http://sapl.olinda.pe.leg.br/media/", "ementa": "Requer a troca de l\u00e2mpada do poste localizado na Rua 12 pr\u00f3ximo ao campo da Rua 10, na 4\u00aa Etapa, Rio Doce;"}, {"id": "3183", "ano": "2021", "numero": "989", "tipo__sigla": "REQ", "tipo__descricao": "REQUERIMENTO", "autoria": "14 - RICARDO SOUSA", "texto_original": "http://sapl.olinda.pe.leg.br/media/", "ementa": "Requer a troca de l\u00e2mpada do poste localizado na Rua 02 em frente ao n\u00ba 320, na 5\u00aa Etapa, Rio Doce;"}, {"id": "3184", "ano": "2021", "numero": "990", "tipo__sigla": "REQ", "tipo__descricao": "REQUERIMENTO", "autoria": "14 - RICARDO SOUSA", "texto_original": "http://sapl.olinda.pe.leg.br/media/", "ementa": "Requer a troca de l\u00e2mpada do poste localizado na Rua 12 esquina com Rua 77, na 5\u00aa Etapa, Rio Doce;"}, {"id": "3185", "ano": "2021", "numero": "991", "tipo__sigla": "REQ", "tipo__descricao": "REQUERIMENTO", "autoria": "14 - RICARDO SOUSA", "texto_original": "http://sapl.olinda.pe.leg.br/media/", "ementa": "Requer a troca de l\u00e2mpada do poste localizado na Rua 17 esquina com Rua Pintassilgo, na 3\u00aa Etapa, Rio Doce;"}, {"id": "3186", "ano": "2021", "numero": "992", "tipo__sigla": "REQ", "tipo__descricao": "REQUERIMENTO", "autoria": "14 - RICARDO SOUSA", "texto_original": "http://sapl.olinda.pe.leg.br/media/", "ementa": "Requer a troca de l\u00e2mpada do poste localizado na Rua 37 em frente ao Armaz\u00e9m de Mario, na 4\u00aa Etapa, Rio Doce;"}, {"id": "3187", "ano": "2021", "numero": "993", "tipo__sigla": "REQ", "tipo__descricao": "REQUERIMENTO", "autoria": "14 - RICARDO SOUSA", "texto_original": "http://sapl.olinda.pe.leg.br/media/", "ementa": "Requer a troca de l\u00e2mpada do poste localizado na Rua 44 esquina com Rua 41, na 4\u00aa Etapa, Rio Doce;"}, {"id": "3188", "ano": "2021", "numero": "994", "tipo__sigla": "REQ", "tipo__descricao": "REQUERIMENTO", "autoria": "14 - RICARDO SOUSA", "texto_original": "http://sapl.olinda.pe.leg.br/media/", "ementa": "Requer a troca de l\u00e2mpada do poste localizado na Rua 44 pr\u00f3ximo ao bloco D da quadra 28 e bloco A da quadra 27, na 4\u00aa Etapa, Rio Doce;"}, {"id": "3189", "ano": "2021", "numero": "995", "tipo__sigla": "REQ", "tipo__descricao": "REQUERIMENTO", "autoria": "14 - RICARDO SOUSA", "texto_original": "http://sapl.olinda.pe.leg.br/media/", "ementa": "Requer a troca de l\u00e2mpada do poste localizado na Rua 45 esquina com Rua Carlos Xavier de Brito, na 4\u00aa Etapa, Rio Doce;"}, {"id": "3190", "ano": "2021", "numero": "996", "tipo__sigla": "REQ", "tipo__descricao": "REQUERIMENTO", "autoria": "14 - RICARDO SOUSA", "texto_original": "http://sapl.olinda.pe.leg.br/media/", "ementa": "Requer a troca de l\u00e2mpada do poste localizado na Rua 52 em frente ao n\u00famero 35, na 4\u00aa Etapa, Rio Doce;"}, {"id": "3191", "ano": "2021", "numero": "997", "tipo__sigla": "REQ", "tipo__descricao": "REQUERIMENTO", "autoria": "14 - RICARDO SOUSA", "texto_original": "http://sapl.olinda.pe.leg.br/media/", "ementa": "Requer a troca de l\u00e2mpada do poste localizado na Rua 55 em frente a quadra 26 bloco D, na 4\u00aa Etapa, Rio Doce;"}, {"id": "3192", "ano": "2021", "numero": "998", "tipo__sigla": "REQ", "tipo__descricao": "REQUERIMENTO", "autoria": "14 - RICARDO SOUSA", "texto_original": "http://sapl.olinda.pe.leg.br/media/", "ementa": "Requer a troca de l\u00e2mpada do poste localizado na Rua 57 em frente a quadra 22, na 4\u00aa Etapa, Rio Doce;"}, {"id": "3193", "ano": "2021", "numero": "999", "tipo__sigla": "REQ", "tipo__descricao": "REQUERIMENTO", "autoria": "14 - RICARDO SOUSA", "texto_original": "http://sapl.olinda.pe.leg.br/media/", "ementa": "Requer a troca de l\u00e2mpada do poste localizado na Rua 57 esquina com Rua 60, na 4\u00aa Etapa, Rio Doce;"}, {"id": "3194", "ano": "2021", "numero": "1000", "tipo__sigla": "REQ", "tipo__descricao": "REQUERIMENTO", "autoria": "14 - RICARDO SOUSA", "texto_original": "http://sapl.olinda.pe.leg.br/media/", "ementa": "Requer a troca de l\u00e2mpada do poste localizado na Rua 71 esquina com Rua 72, na 4\u00aa Etapa, Rio Doce;"}, {"id": "3195", "ano": "2021", "numero": "1001", "tipo__sigla": "REQ", "tipo__descricao": "REQUERIMENTO", "autoria": "14 - RICARDO SOUSA", "texto_original": "http://sapl.olinda.pe.leg.br/media/", "ementa": "Requer a troca de l\u00e2mpada do poste localizado na Rua 72 esquina com Rua 76, na 4\u00aa Etapa, Rio Doce;"}, {"id": "3196", "ano": "2021", "numero": "1002", "tipo__sigla": "REQ", "tipo__descricao": "REQUERIMENTO", "autoria": "14 - RICARDO SOUSA", "texto_original": "http://sapl.olinda.pe.leg.br/media/", "ementa": "Requer a troca de l\u00e2mpada do poste localizado na Rua 77 esquina com Rua 3, na 5\u00aa Etapa, Rio Doce;"}, {"id": "3197", "ano": "2021", "numero": "1003", "tipo__sigla": "REQ", "tipo__descricao": "REQUERIMENTO", "autoria": "14 - RICARDO SOUSA", "texto_original": "http://sapl.olinda.pe.leg.br/media/", "ementa": "Requer a troca de l\u00e2mpada do poste localizado na Rua 77 esquina com Rua 82, na 4\u00aa Etapa, Rio Doce;"}, {"id": "3198", "ano": "2021", "numero": "1004", "tipo__sigla": "REQ", "tipo__descricao": "REQUERIMENTO", "autoria": "14 - RICARDO SOUSA", "texto_original": "http://sapl.olinda.pe.leg.br/media/", "ementa": "Requer a troca de l\u00e2mpada do poste localizado na Rua 78 por tr\u00e1s do Col\u00e9gio Negromonte, na 4\u00aa Etapa, Rio Doce;"}, {"id": "3199", "ano": "2021", "numero": "1005", "tipo__sigla": "REQ", "tipo__descricao": "REQUERIMENTO", "autoria": "14 - RICARDO SOUSA", "texto_original": "http://sapl.olinda.pe.leg.br/media/", "ementa": "Requer a troca de l\u00e2mpada do poste localizado na Rua Severina Barbosa de Andrade esquina com Rua 22, na 3\u00aa Etapa, Rio Doce;"}, {"id": "3200", "ano": "2021", "numero": "1006", "tipo__sigla": "REQ", "tipo__descricao": "REQUERIMENTO", "autoria": "14 - RICARDO SOUSA", "texto_original": "http://sapl.olinda.pe.leg.br/media/", "ementa": "Requer a troca de l\u00e2mpada do poste localizado na Rua 77 ao lado da Farm\u00e1cia Gabriela, na 4\u00aa Etapa, Rio Doce;"}, {"id": "3201", "ano": "2021", "numero": "1007", "tipo__sigla": "REQ", "tipo__descricao": "REQUERIMENTO", "autoria": "14 - RICARDO SOUSA", "texto_original": "http://sapl.olinda.pe.leg.br/media/", "ementa": "Requer a troca de l\u00e2mpada do poste localizado na Rua 81 em frente ao n\u00ba 16, na 4\u00aa Etapa, Rio Doce;"}, {"id": "3202", "ano": "2021", "numero": "1008", "tipo__sigla": "REQ", "tipo__descricao": "REQUERIMENTO", "autoria": "14 - RICARDO SOUSA", "texto_original": "http://sapl.olinda.pe.leg.br/media/", "ementa": "Requer a troca de l\u00e2mpada do poste localizado na Rua da Abacate em frente ao n\u00ba 55, na 3\u00aa Etapa, Rio Doce;"}, {"id": "3203", "ano": "2021", "numero": "1009", "tipo__sigla": "REQ", "tipo__descricao": "REQUERIMENTO", "autoria": "14 - RICARDO SOUSA", "texto_original": "http://sapl.olinda.pe.leg.br/media/", "ementa": "Requer a troca de l\u00e2mpada do poste localizado na Rua da Amora em frente a quadra 26 bloco F, na 4\u00aa Etapa, Rio Doce;"}, {"id": "3204", "ano": "2021", "numero": "1010", "tipo__sigla": "REQ", "tipo__descricao": "REQUERIMENTO", "autoria": "14 - RICARDO SOUSA", "texto_original": "http://sapl.olinda.pe.leg.br/media/", "ementa": "Requer a troca de l\u00e2mpada do poste localizado na Rua da Amora esquina com Rua do Dend\u00ea, na 4\u00aa Etapa, Rio Doce;"}, {"id": "3205", "ano": "2021", "numero": "1011", "tipo__sigla": "REQ", "tipo__descricao": "REQUERIMENTO", "autoria": "14 - RICARDO SOUSA", "texto_original": "http://sapl.olinda.pe.leg.br/media/", "ementa": "Requer a troca de l\u00e2mpada do poste localizado na Rua do P\u00eassego em frente ao n\u00ba 55, na 3\u00aa Etapa, Rio Doce;"}, {"id": "3206", "ano": "2021", "numero": "1012", "tipo__sigla": "REQ", "tipo__descricao": "REQUERIMENTO", "autoria": "14 - RICARDO SOUSA", "texto_original": "http://sapl.olinda.pe.leg.br/media/", "ementa": "Requer a troca de l\u00e2mpada do poste localizado na Rua do P\u00eassego em frente ao n\u00ba 85, na 3\u00aa Etapa, Rio Doce;"}, {"id": "3207", "ano": "2021", "numero": "1013", "tipo__sigla": "REQ", "tipo__descricao": "REQUERIMENTO", "autoria": "14 - RICARDO SOUSA", "texto_original": "http://sapl.olinda.pe.leg.br/media/", "ementa": "Requer a troca de l\u00e2mpada do poste localizado na Rua do Ing\u00e1 em frente ao n\u00ba 46, na 3\u00aa Etapa, Rio Doce;"}, {"id": "3208", "ano": "2021", "numero": "1014", "tipo__sigla": "REQ", "tipo__descricao": "REQUERIMENTO", "autoria": "14 - RICARDO SOUSA", "texto_original": "http://sapl.olinda.pe.leg.br/media/", "ementa": "Requer a troca de l\u00e2mpada do poste localizado na Rua do P\u00eassego esquina com Avenida Tiradentes, na 3\u00aa Etapa, Rio Doce;"}, {"id": "3209", "ano": "2021", "numero": "1015", "tipo__sigla": "REQ", "tipo__descricao": "REQUERIMENTO", "autoria": "14 - RICARDO SOUSA", "texto_original": "http://sapl.olinda.pe.leg.br/media/", "ementa": "Requer a troca de l\u00e2mpada do poste localizado na Rua Severina Barbosa de Andrade esquina com Rua 13;"}, {"id": "3210", "ano": "2021", "numero": "1016", "tipo__sigla": "REQ", "tipo__descricao": "REQUERIMENTO", "autoria": "10 - Joj\u00f3 Guerra", "texto_original": "http://sapl.olinda.pe.leg.br/media/", "ementa": "Requer remo\u00e7\u00e3o de grande volume de entulhos na Rua Nelson Melo Paes Barreto, \u00c1guas Compridas;"}, {"id": "3211", "ano": "2021", "numero": "1017", "tipo__sigla": "REQ", "tipo__descricao": "REQUERIMENTO", "autoria": "10 - Joj\u00f3 Guerra", "texto_original": "http://sapl.olinda.pe.leg.br/media/", "ementa": "Requer a troca e a manuten\u00e7\u00e3o de l\u00e2mpadas na comunidade do Alto da Maca\u00edba;"}, {"id": "3212", "ano": "2021", "numero": "1018", "tipo__sigla": "REQ", "tipo__descricao": "REQUERIMENTO", "autoria": "10 - Joj\u00f3 Guerra", "texto_original": "http://sapl.olinda.pe.leg.br/media/", "ementa": "Requer a troca e a manuten\u00e7\u00e3o de l\u00e2mpadas na comunidade do Alto da Conquista;"}, {"id": "3213", "ano": "2021", "numero": "1019", "tipo__sigla": "REQ", "tipo__descricao": "REQUERIMENTO", "autoria": "10 - Joj\u00f3 Guerra", "texto_original": "http://sapl.olinda.pe.leg.br/media/", "ementa": "Requer a passagem da linha de \u00f4nibus 895 ALTO SOL NASCENTE/TI XAMB\u00c1 pela comunidade do C\u00f3rrego da Bondade;"}, {"id": "3214", "ano": "2021", "numero": "1020", "tipo__sigla": "REQ", "tipo__descricao": "REQUERIMENTO", "autoria": "10 - Joj\u00f3 Guerra", "texto_original": "http://sapl.olinda.pe.leg.br/media/", "ementa": "Requer a pintura das faixas de pedestres, marcas: longitudinais/tra\u00e7ados, transversais, de canaliza\u00e7\u00e3o e delimitadoras de estacionamento, sinaliza\u00e7\u00e3o das lombadas, s\u00edmbolos e legendas, nas vias de liga\u00e7\u00e3o: Estrada do Caenga, Estrada de \u00c1guas Compridas e Estrada da Mirueira;"}, {"id": "3215", "ano": "2021", "numero": "1021", "tipo__sigla": "REQ", "tipo__descricao": "REQUERIMENTO", "autoria": "10 - Joj\u00f3 Guerra", "texto_original": "http://sapl.olinda.pe.leg.br/media/", "ementa": "Requer a troca de l\u00e2mpadas na comunidade do Alto do Cajueiro;"}, {"id": "3216", "ano": "2021", "numero": "1022", "tipo__sigla": "REQ", "tipo__descricao": "REQUERIMENTO", "autoria": "05 - Everaldo Silva", "texto_original": "http://sapl.olinda.pe.leg.br/media/", "ementa": "Requer a coloca\u00e7\u00e3o de lonas nas: Rua Hamurabi, 13, Alto da Bondade; casas do C\u00f3rrego do Capim, Alto Nova Olinda;"}, {"id": "3217", "ano": "2021", "numero": "1023", "tipo__sigla": "REQ", "tipo__descricao": "REQUERIMENTO", "autoria": "05 - Everaldo Silva", "texto_original": "http://sapl.olinda.pe.leg.br/media/", "ementa": "Requer a manuten\u00e7\u00e3o nos postes da Rua C\u00edcero Rufino Marques, Alto da Conquista;"}, {"id": "3218", "ano": "2021", "numero": "1024", "tipo__sigla": "REQ", "tipo__descricao": "REQUERIMENTO", "autoria": "05 - Everaldo Silva", "texto_original": "http://sapl.olinda.pe.leg.br/media/", "ementa": "Requer a inclus\u00e3o dos funcion\u00e1rios do Com\u00e9rcio como grupo priorit\u00e1rio na vacina\u00e7\u00e3o contra Covid-19;"}, {"id": "3219", "ano": "2021", "numero": "1025", "tipo__sigla": "REQ", "tipo__descricao": "REQUERIMENTO", "autoria": "05 - Everaldo Silva", "texto_original": "http://sapl.olinda.pe.leg.br/media/", "ementa": "Requer corte de \u00e1rvore, P\u00e9 de Tamarindo, na Rua do Futuro, 322, Alto Nova Olinda;"}, {"id": "3220", "ano": "2021", "numero": "1026", "tipo__sigla": "REQ", "tipo__descricao": "REQUERIMENTO", "autoria": "05 - Everaldo Silva", "texto_original": "http://sapl.olinda.pe.leg.br/media/", "ementa": "Requer a vistoria e a interven\u00e7\u00e3o \u00e0 casa n\u00ba 11 na Rua S\u00e3o Miguel, \u00c1guas Compridas;"}, {"id": "3221", "ano": "2021", "numero": "1027", "tipo__sigla": "REQ", "tipo__descricao": "REQUERIMENTO", "autoria": "05 - Everaldo Silva", "texto_original": "http://sapl.olinda.pe.leg.br/media/", "ementa": "Requer a visita t\u00e9cnica \u00e0 Vila Maria Edite, Caixa D\u00b4\u00e1gua;"}, {"id": "3222", "ano": "2021", "numero": "1028", "tipo__sigla": "REQ", "tipo__descricao": "REQUERIMENTO", "autoria": "10 - Joj\u00f3 Guerra", "texto_original": "http://sapl.olinda.pe.leg.br/media/", "ementa": "Requer a limpeza e a poda\u00e7\u00e3o na Rua Mal\u00e1sia e na Rua do Bem Querer em Sapucaia;"}, {"id": "3224", "ano": "2021", "numero": "1029", "tipo__sigla": "REQ", "tipo__descricao": "REQUERIMENTO", "autoria": "07 - JESU\u00cdNO ARA\u00daJO", "texto_original": "http://sapl.olinda.pe.leg.br/media/", "ementa": "Requer a c\u00f3pia de contrato de presta\u00e7\u00e3o de servi\u00e7os entre a Companhia Pernambucana de Saneamento-COMPESA e o munic\u00edpio de Olinda;"}, {"id": "3225", "ano": "2021", "numero": "1030", "tipo__sigla": "REQ", "tipo__descricao": "REQUERIMENTO", "autoria": "17 - VLADEMIR LABANCA", "texto_original": "http://sapl.olinda.pe.leg.br/media/", "ementa": "Requer a verifica\u00e7\u00e3o da situa\u00e7\u00e3o da Rua Francisco Rosa de Almeida, Rua Inajar e a Rua Trindade, Bultrins;"}, {"id": "3226", "ano": "2021", "numero": "1031", "tipo__sigla": "REQ", "tipo__descricao": "REQUERIMENTO", "autoria": "17 - VLADEMIR LABANCA", "texto_original": "http://sapl.olinda.pe.leg.br/media/", "ementa": "Requer a programa\u00e7\u00e3o de tapa buraco na subida da Rua Francisco Rosa de Almeida, Bultrins;"}, {"id": "3227", "ano": "2021", "numero": "1032", "tipo__sigla": "REQ", "tipo__descricao": "REQUERIMENTO", "autoria": "17 - VLADEMIR LABANCA", "texto_original": "http://sapl.olinda.pe.leg.br/media/", "ementa": "Requer poda de \u00e1rvore em local de risco na Rua Francisco Rosa Almeida, 196, Bultrins;"}, {"id": "3228", "ano": "2021", "numero": "1033", "tipo__sigla": "REQ", "tipo__descricao": "REQUERIMENTO", "autoria": "17 - VLADEMIR LABANCA", "texto_original": "http://sapl.olinda.pe.leg.br/media/", "ementa": "Requer o conserto da rede de drenagem na Rua Jamburana, Jardim Fragoso;"}, {"id": "3229", "ano": "2021", "numero": "1034", "tipo__sigla": "REQ", "tipo__descricao": "REQUERIMENTO", "autoria": "09 - Fl\u00e1vio Nascimento", "texto_original": "http://sapl.olinda.pe.leg.br/media/", "ementa": "Requer o servi\u00e7o de saneamento e pavimenta\u00e7\u00e3o asf\u00e1ltica da Rua H\u00e9lio Rodrigues Cardoso, Fragoso;"}, {"id": "3230", "ano": "2021", "numero": "1035", "tipo__sigla": "REQ", "tipo__descricao": "REQUERIMENTO", "autoria": "09 - Fl\u00e1vio Nascimento", "texto_original": "http://sapl.olinda.pe.leg.br/media/", "ementa": "Requer limpeza, capina\u00e7\u00e3o, pintura de meio fio, varri\u00e7\u00e3o e desgotamento da \u00e1gua da Rua Bogot\u00e1, Sapucaia;"}, {"id": "3231", "ano": "2021", "numero": "1036", "tipo__sigla": "REQ", "tipo__descricao": "REQUERIMENTO", "autoria": "09 - Fl\u00e1vio Nascimento", "texto_original": "http://sapl.olinda.pe.leg.br/media/", "ementa": "Requer a limpeza de canaletas na Rua Jonas Martins, 48, Sitio Novo;"}, {"id": "3232", "ano": "2021", "numero": "1037", "tipo__sigla": "REQ", "tipo__descricao": "REQUERIMENTO", "autoria": "09 - Fl\u00e1vio Nascimento", "texto_original": "http://sapl.olinda.pe.leg.br/media/", "ementa": "Requer o servi\u00e7o de conten\u00e7\u00e3o de muro na Avenida Rodrigues n\u00ba 641, Peixinhos;"}, {"id": "3233", "ano": "2021", "numero": "1038", "tipo__sigla": "REQ", "tipo__descricao": "REQUERIMENTO", "autoria": "16 - Tonny Magalh\u00e3es", "texto_original": "http://sapl.olinda.pe.leg.br/media/", "ementa": "Requer a elabora\u00e7\u00e3o de Reciclagens de Materiais no Conjunto Habitacional Vila Bras\u00edlia na Avenida Senador Nilo Coelho;"}, {"id": "3234", "ano": "2021", "numero": "1039", "tipo__sigla": "REQ", "tipo__descricao": "REQUERIMENTO", "autoria": "16 - Tonny Magalh\u00e3es", "texto_original": "http://sapl.olinda.pe.leg.br/media/", "ementa": "Requer a limpeza e a capina\u00e7\u00e3o da pra\u00e7a da PE-15, Ouro Preto;"}, {"id": "3235", "ano": "2021", "numero": "1040", "tipo__sigla": "REQ", "tipo__descricao": "REQUERIMENTO", "autoria": "16 - Tonny Magalh\u00e3es", "texto_original": "http://sapl.olinda.pe.leg.br/media/", "ementa": "Requer o cadastramento postal nos Correios para o Conjunto Habitacional Vila Bras\u00edlia na Avenida Senador Nilo Coelho;"}, {"id": "3236", "ano": "2021", "numero": "1041", "tipo__sigla": "REQ", "tipo__descricao": "REQUERIMENTO", "autoria": "17 - Vinicius Castello", "texto_original": "http://sapl.olinda.pe.leg.br/media/", "ementa": "Requer a inclus\u00e3o dos Trabalhadores da Constru\u00e7\u00e3o Civil no rol de prioridade de vacina\u00e7\u00e3o;"}, {"id": "3237", "ano": "2021", "numero": "1042", "tipo__sigla": "REQ", "tipo__descricao": "REQUERIMENTO", "autoria": "17 - Vinicius Castello", "texto_original": "http://sapl.olinda.pe.leg.br/media/", "ementa": "Requer a remo\u00e7\u00e3o de lixo e de entulhos da Rua Jo\u00e3o Clementino Montarroyos, 211, Casa Caiada;"}, {"id": "3238", "ano": "2021", "numero": "1043", "tipo__sigla": "REQ", "tipo__descricao": "REQUERIMENTO", "autoria": "17 - Vinicius Castello", "texto_original": "http://sapl.olinda.pe.leg.br/media/", "ementa": "Requer o recapeamento da Rua Torneio, 93, Jatob\u00e1;"}, {"id": "3239", "ano": "2021", "numero": "1044", "tipo__sigla": "REQ", "tipo__descricao": "REQUERIMENTO", "autoria": "05 - Everaldo Silva", "texto_original": "http://sapl.olinda.pe.leg.br/media/", "ementa": "Requer vistoria em barreira com risco de desabamento na 3\u00aa Travessa C\u00f3rrego Aureliano, 220, \u00c1guas Compridas;"}, {"id": "3240", "ano": "2021", "numero": "1045", "tipo__sigla": "REQ", "tipo__descricao": "REQUERIMENTO", "autoria": "05 - Everaldo Silva", "texto_original": "http://sapl.olinda.pe.leg.br/media/", "ementa": "Requer a\u00e7\u00e3o para Emiss\u00e3o da Carteirinha de Estacionamento para idosos e deficientes;"}, {"id": "3241", "ano": "2021", "numero": "1046", "tipo__sigla": "REQ", "tipo__descricao": "REQUERIMENTO", "autoria": "05 - Everaldo Silva", "texto_original": "http://sapl.olinda.pe.leg.br/media/", "ementa": "Requer interven\u00e7\u00e3o na Escola Elp\u00eddio de Fran\u00e7a, Alto Nova Olinda;"}, {"id": "3242", "ano": "2021", "numero": "1047", "tipo__sigla": "REQ", "tipo__descricao": "REQUERIMENTO", "autoria": "05 - Everaldo Silva", "texto_original": "http://sapl.olinda.pe.leg.br/media/", "ementa": "Requer interven\u00e7\u00e3o no Posto de Sa\u00fade localizado na Base Rural de Olinda e retomada do Micro-\u00f4nibus respons\u00e1vel pelo transporte dos moradores da \u00c1rea Coberta at\u00e9 o Posto de Sa\u00fade;"}, {"id": "3243", "ano": "2021", "numero": "1048", "tipo__sigla": "REQ", "tipo__descricao": "REQUERIMENTO", "autoria": "05 - Everaldo Silva", "texto_original": "http://sapl.olinda.pe.leg.br/media/", "ementa": "Requer poda de \u00e1rvore na Rua Lira, 10, C\u00f3rrego Aureliano;"}, {"id": "3244", "ano": "2021", "numero": "1049", "tipo__sigla": "REQ", "tipo__descricao": "REQUERIMENTO", "autoria": "05 - Everaldo Silva", "texto_original": "http://sapl.olinda.pe.leg.br/media/", "ementa": "Requer troca de l\u00e2mpadas nas seguintes localidades: Rua Leblon e Rua Iat\u00e9, em C\u00f3rrego Aureliano; Rua Alto Nova Olinda, Rua da Felicidade e Avenida Castro Alves, em Alto Nova Olinda; Rua Seis de Janeiro, Rua da Reden\u00e7\u00e3o, Rua Anatomia e Rua Hamurabi, em Alto da Bondade;"}, {"id": "3253", "ano": "2021", "numero": "1050", "tipo__sigla": "REQ", "tipo__descricao": "REQUERIMENTO", "autoria": "16 - Tonny Magalh\u00e3es", "texto_original": "http://sapl.olinda.pe.leg.br/media/", "ementa": "Requer a inclus\u00e3o dos entregadores de aplicativos na lista de profissionais a terem prioridade na vacina\u00e7\u00e3o contra COVID-19;"}, {"id": "3254", "ano": "2021", "numero": "1051", "tipo__sigla": "REQ", "tipo__descricao": "REQUERIMENTO", "autoria": "17 - Vinicius Castello", "texto_original": "http://sapl.olinda.pe.leg.br/media/", "ementa": "Requer a troca de l\u00e2mpadas do poste n\u00ba PE40B3, na Rua Nunes Queiroz, Rio Doce;"}, {"id": "3255", "ano": "2021", "numero": "1052", "tipo__sigla": "REQ", "tipo__descricao": "REQUERIMENTO", "autoria": "17 - Vinicius Castello", "texto_original": "http://sapl.olinda.pe.leg.br/media/", "ementa": "Requer a troca de l\u00e2mpadas do poste n\u00ba E024938, na Rua Maria Sodr\u00e9 da Mota, Peixinhos;"}, {"id": "3256", "ano": "2021", "numero": "1053", "tipo__sigla": "REQ", "tipo__descricao": "REQUERIMENTO", "autoria": "17 - Vinicius Castello", "texto_original": "http://sapl.olinda.pe.leg.br/media/", "ementa": "Requer a cria\u00e7\u00e3o de um curso preparat\u00f3rio para vestibular para os alunos do munic\u00edpio;"}, {"id": "3257", "ano": "2021", "numero": "1054", "tipo__sigla": "REQ", "tipo__descricao": "REQUERIMENTO", "autoria": "17 - Vinicius Castello", "texto_original": "http://sapl.olinda.pe.leg.br/media/", "ementa": "Apresentar Mo\u00e7\u00e3o de Pesar em virtude do falecimento do Maestro Geraldo Menucci;"}, {"id": "3259", "ano": "2021", "numero": "1055", "tipo__sigla": "REQ", "tipo__descricao": "REQUERIMENTO", "autoria": "16 - Tonny Magalh\u00e3es", "texto_original": "http://sapl.olinda.pe.leg.br/media/", "ementa": "Mo\u00e7\u00e3o de Pesar em virtude do falecimento do Dr. Edson Figueiredo."}, {"id": "3260", "ano": "2021", "numero": "1056", "tipo__sigla": "REQ", "tipo__descricao": "REQUERIMENTO", "autoria": "16 - Tonny Magalh\u00e3es", "texto_original": "http://sapl.olinda.pe.leg.br/media/", "ementa": "Requer que sejam tomadas as provid\u00eancias da requalifica\u00e7\u00e3o do canal, que fica localizado em toda Rua Ouri\u00e7o do Mar, no bairro de Ouro Preto/Olinda;"}, {"id": "3261", "ano": "2021", "numero": "1057", "tipo__sigla": "REQ", "tipo__descricao": "REQUERIMENTO", "autoria": "09 - Fl\u00e1vio Nascimento", "texto_original": "http://sapl.olinda.pe.leg.br/media/", "ementa": "Requer o servi\u00e7o de recapeamento asf\u00e1ltico, limpeza, capina\u00e7\u00e3o, pintura de meio fio, varri\u00e7\u00e3o e desgotamento da \u00e1gua em toda extens\u00e3o da Rua Dr. Herculano de Holanda Cunha, Ouro Preto;"}, {"id": "3262", "ano": "2021", "numero": "1058", "tipo__sigla": "REQ", "tipo__descricao": "REQUERIMENTO", "autoria": "09 - Fl\u00e1vio Nascimento", "texto_original": "http://sapl.olinda.pe.leg.br/media/", "ementa": "Requer o servi\u00e7o de recapeamento asf\u00e1ltico, limpeza, capina\u00e7\u00e3o, pintura de meio fio, varri\u00e7\u00e3o e desgotamento da \u00e1gua em toda extens\u00e3o da Rua Severina de Andrade, Rio Doce - 4\u00aa Etapa;"}, {"id": "3263", "ano": "2021", "numero": "1059", "tipo__sigla": "REQ", "tipo__descricao": "REQUERIMENTO", "autoria": "09 - Fl\u00e1vio Nascimento", "texto_original": "http://sapl.olinda.pe.leg.br/media/", "ementa": "Requer o servi\u00e7o de recapeamento limpeza, capina\u00e7\u00e3o, pintura de meio fio, varri\u00e7\u00e3o e desgotamento da \u00e1gua em toda extens\u00e3o da Rua Caruaru, Jardim Brasil;"}, {"id": "3264", "ano": "2021", "numero": "1060", "tipo__sigla": "REQ", "tipo__descricao": "REQUERIMENTO", "autoria": "09 - Fl\u00e1vio Nascimento", "texto_original": "http://sapl.olinda.pe.leg.br/media/", "ementa": "Requer o servi\u00e7o de recapeamento limpeza, capina\u00e7\u00e3o, pintura de meio fio, varri\u00e7\u00e3o e desgotamento da \u00e1gua em toda extens\u00e3o da Rua Jequi\u00e9, Jardim Brasil;"}, {"id": "3265", "ano": "2021", "numero": "1061", "tipo__sigla": "REQ", "tipo__descricao": "REQUERIMENTO", "autoria": "11 - Dete Silva", "texto_original": "http://sapl.olinda.pe.leg.br/media/", "ementa": "Requer a troca de l\u00e2mpada n\u00ba H043236, Avenida Ant\u00f4nio da Costa Azevedo, Peixinhos"}, {"id": "3266", "ano": "2021", "numero": "1062", "tipo__sigla": "REQ", "tipo__descricao": "REQUERIMENTO", "autoria": "11 - Dete Silva", "texto_original": "http://sapl.olinda.pe.leg.br/media/", "ementa": "Requer a instala\u00e7\u00e3o de ilumina\u00e7\u00e3o p\u00fablica em 15 postes, na comunidade do Gonzag\u00e3o, Jardim Brasil II;"}, {"id": "3267", "ano": "2021", "numero": "1063", "tipo__sigla": "REQ", "tipo__descricao": "REQUERIMENTO", "autoria": "11 - Dete Silva", "texto_original": "http://sapl.olinda.pe.leg.br/media/", "ementa": "Requer a drenagem, implanta\u00e7\u00e3o de playground, bancos e lixeiras na Pra\u00e7a Jo\u00e3o Batista, IV Etapa Rio Doce;"}, {"id": "3268", "ano": "2021", "numero": "1064", "tipo__sigla": "REQ", "tipo__descricao": "REQUERIMENTO", "autoria": "11 - Dete Silva", "texto_original": "http://sapl.olinda.pe.leg.br/media/", "ementa": "Requer a troca de l\u00e2mpada N\u00ba A027040, Rua Belo Jardim, Peixinhos;"}, {"id": "3269", "ano": "2021", "numero": "1065", "tipo__sigla": "REQ", "tipo__descricao": "REQUERIMENTO", "autoria": "11 - Dete Silva", "texto_original": "http://sapl.olinda.pe.leg.br/media/", "ementa": "Requer a troca de l\u00e2mpada N\u00ba 17035, Rua Belo Jardim, Peixinhos;"}, {"id": "3270", "ano": "2021", "numero": "1066", "tipo__sigla": "REQ", "tipo__descricao": "REQUERIMENTO", "autoria": "11 - Dete Silva", "texto_original": "http://sapl.olinda.pe.leg.br/media/", "ementa": "Requer a troca de l\u00e2mpada N\u00ba E012965, Rua do Pitiguari, IV Etapa, Rio Doce;"}, {"id": "3271", "ano": "2021", "numero": "1067", "tipo__sigla": "REQ", "tipo__descricao": "REQUERIMENTO", "autoria": "11 - Dete Silva", "texto_original": "http://sapl.olinda.pe.leg.br/media/", "ementa": "Requer a troca de l\u00e2mpada N\u00ba A021100, Rua Jos\u00e9 Maur\u00edcio Viana, Jardim Atl\u00e2ntico;"}, {"id": "3272", "ano": "2021", "numero": "1068", "tipo__sigla": "REQ", "tipo__descricao": "REQUERIMENTO", "autoria": "11 - Dete Silva", "texto_original": "http://sapl.olinda.pe.leg.br/media/", "ementa": "Requer a troca de l\u00e2mpada N\u00ba A021100/E012965, 9\u00aa Travessa Rua Tr\u00eas, 4\u00aa Etapa, Rio Doce;"}, {"id": "3273", "ano": "2021", "numero": "1069", "tipo__sigla": "REQ", "tipo__descricao": "REQUERIMENTO", "autoria": "11 - Dete Silva", "texto_original": "http://sapl.olinda.pe.leg.br/media/", "ementa": "Requer o cal\u00e7amento na Rua Sebasti\u00e3o Pereira, 5\u00aa Etapa, Rio Doce;"}, {"id": "3274", "ano": "2021", "numero": "1070", "tipo__sigla": "REQ", "tipo__descricao": "REQUERIMENTO", "autoria": "11 - Dete Silva", "texto_original": "http://sapl.olinda.pe.leg.br/media/", "ementa": "Requer o cal\u00e7amento na Rua Quarenta e Nove, 4\u00aa Etapa, Rio Doce;"}, {"id": "3275", "ano": "2021", "numero": "1071", "tipo__sigla": "REQ", "tipo__descricao": "REQUERIMENTO", "autoria": "11 - Dete Silva", "texto_original": "http://sapl.olinda.pe.leg.br/media/", "ementa": "Requer a troca de l\u00e2mpada N\u00ba A313849, Rua Ciquenta e Sete, IV Etapa, Rio Doce;"}, {"id": "3276", "ano": "2021", "numero": "1072", "tipo__sigla": "REQ", "tipo__descricao": "REQUERIMENTO", "autoria": "11 - Dete Silva", "texto_original": "http://sapl.olinda.pe.leg.br/media/", "ementa": "Requer a retirada dos entulhos na Rua Beira Rio n\u00ba 165, 1\u00aa Etapa, Rio Doce;"}, {"id": "3277", "ano": "2021", "numero": "1073", "tipo__sigla": "REQ", "tipo__descricao": "REQUERIMENTO", "autoria": "11 - Dete Silva", "texto_original": "http://sapl.olinda.pe.leg.br/media/", "ementa": "Requer a viabilidade de pavimenta\u00e7\u00e3o asf\u00e1ltica na Rua Oito, 4\u00aa Etapa, Rio Doce;"}, {"id": "3278", "ano": "2021", "numero": "1074", "tipo__sigla": "REQ", "tipo__descricao": "REQUERIMENTO", "autoria": "11 - Dete Silva", "texto_original": "http://sapl.olinda.pe.leg.br/media/", "ementa": "Requer a viabilidade de pavimenta\u00e7\u00e3o asf\u00e1ltica na Rua S\u00e3o Luiz, Jardim Brasil II;"}, {"id": "3279", "ano": "2021", "numero": "1075", "tipo__sigla": "REQ", "tipo__descricao": "REQUERIMENTO", "autoria": "11 - Dete Silva", "texto_original": "http://sapl.olinda.pe.leg.br/media/", "ementa": "Requer a viabilidade de pavimenta\u00e7\u00e3o asf\u00e1ltica na Rua Geraldo Silva, Alto da Na\u00e7\u00e3o;"}, {"id": "3280", "ano": "2021", "numero": "1076", "tipo__sigla": "REQ", "tipo__descricao": "REQUERIMENTO", "autoria": "11 - Dete Silva", "texto_original": "http://sapl.olinda.pe.leg.br/media/", "ementa": "Requer o recapeamento na Rua das Flores, Jardim Atl\u00e2ntico;"}, {"id": "3281", "ano": "2021", "numero": "1077", "tipo__sigla": "REQ", "tipo__descricao": "REQUERIMENTO", "autoria": "11 - Dete Silva", "texto_original": "http://sapl.olinda.pe.leg.br/media/", "ementa": "Requer a viabilidade de pavimenta\u00e7\u00e3o asf\u00e1ltica na Rua Beija Flor, Ilha de Santana-Jardim Atl\u00e2ntico;"}, {"id": "3282", "ano": "2021", "numero": "1078", "tipo__sigla": "REQ", "tipo__descricao": "REQUERIMENTO", "autoria": "11 - Dete Silva", "texto_original": "http://sapl.olinda.pe.leg.br/media/", "ementa": "Requer a viabilidade de pavimenta\u00e7\u00e3o asf\u00e1ltica na Rua Milton Lundgren, Jardim Atl\u00e2ntico;"}, {"id": "3283", "ano": "2021", "numero": "1079", "tipo__sigla": "REQ", "tipo__descricao": "REQUERIMENTO", "autoria": "11 - Dete Silva", "texto_original": "http://sapl.olinda.pe.leg.br/media/", "ementa": "Requer a viabilidade de pavimenta\u00e7\u00e3o asf\u00e1ltica na Rua Coronel Jo\u00e3o Alexandre de Carvalho, Jardim Atl\u00e2ntico;"}, {"id": "3284", "ano": "2021", "numero": "1080", "tipo__sigla": "REQ", "tipo__descricao": "REQUERIMENTO", "autoria": "11 - Dete Silva", "texto_original": "http://sapl.olinda.pe.leg.br/media/", "ementa": "Requer a retirada dos entulhos na Rua Quarenta e Cinco, 4\u00aa Etapa, Rio Doce;"}, {"id": "3285", "ano": "2021", "numero": "1081", "tipo__sigla": "REQ", "tipo__descricao": "REQUERIMENTO", "autoria": "11 - Dete Silva", "texto_original": "http://sapl.olinda.pe.leg.br/media/", "ementa": "Requer o Projeto Arrumando a Casa na Ilha de Santana, Jardim Atl\u00e2ntico;"}, {"id": "3286", "ano": "2021", "numero": "1082", "tipo__sigla": "REQ", "tipo__descricao": "REQUERIMENTO", "autoria": "11 - Dete Silva", "texto_original": "http://sapl.olinda.pe.leg.br/media/", "ementa": "Requer a desobstru\u00e7\u00e3o de canaleta, na Rua Rogaciano de Santana, Jardim Atl\u00e2ntico;"}, {"id": "3287", "ano": "2021", "numero": "1083", "tipo__sigla": "REQ", "tipo__descricao": "REQUERIMENTO", "autoria": "11 - Dete Silva", "texto_original": "http://sapl.olinda.pe.leg.br/media/", "ementa": "Requer a troca de l\u00e2mpada N\u00ba 4182599430, na Rua Rogaciano de Santana, Jardim Atl\u00e2ntico;"}, {"id": "3288", "ano": "2021", "numero": "1084", "tipo__sigla": "REQ", "tipo__descricao": "REQUERIMENTO", "autoria": "11 - Dete Silva", "texto_original": "http://sapl.olinda.pe.leg.br/media/", "ementa": "Requer a desobstru\u00e7\u00e3o de canaleta, na Rua Milton Lundgren, Jardim Atl\u00e2ntico;"}, {"id": "3289", "ano": "2021", "numero": "1085", "tipo__sigla": "REQ", "tipo__descricao": "REQUERIMENTO", "autoria": "11 - Dete Silva", "texto_original": "http://sapl.olinda.pe.leg.br/media/", "ementa": "Requer a desobstru\u00e7\u00e3o de canaleta, na Rua Coronel Jo\u00e3o Alexandre de Carvalho, Jardim Atl\u00e2ntico;"}, {"id": "3290", "ano": "2021", "numero": "1086", "tipo__sigla": "REQ", "tipo__descricao": "REQUERIMENTO", "autoria": "11 - Dete Silva", "texto_original": "http://sapl.olinda.pe.leg.br/media/", "ementa": "Requer a viabilidade de pavimenta\u00e7\u00e3o asf\u00e1ltica na Rua L\u00e1pis Lazuli, Jardim Atl\u00e2ntico;"}, {"id": "3291", "ano": "2021", "numero": "1087", "tipo__sigla": "REQ", "tipo__descricao": "REQUERIMENTO", "autoria": "11 - Dete Silva", "texto_original": "http://sapl.olinda.pe.leg.br/media/", "ementa": "Requer uma maior a\u00e7\u00e3o no combate \u00e0 Dengue pela Prefeitura Municipal;"}, {"id": "3292", "ano": "2021", "numero": "1088", "tipo__sigla": "REQ", "tipo__descricao": "REQUERIMENTO", "autoria": "11 - Dete Silva", "texto_original": "http://sapl.olinda.pe.leg.br/media/", "ementa": "Requer cal\u00e7amento na Rua Surubim, Jardim Brasil II;"}, {"id": "3293", "ano": "2021", "numero": "1089", "tipo__sigla": "REQ", "tipo__descricao": "REQUERIMENTO", "autoria": "11 - Dete Silva", "texto_original": "http://sapl.olinda.pe.leg.br/media/", "ementa": "Requer recapeamento em ruas do bairro Jardim Brasil II;"}, {"id": "3294", "ano": "2021", "numero": "1090", "tipo__sigla": "REQ", "tipo__descricao": "REQUERIMENTO", "autoria": "11 - Dete Silva", "texto_original": "http://sapl.olinda.pe.leg.br/media/", "ementa": "Requer o t\u00e9rmino de cal\u00e7amento na Rua Esperan\u00e7a, Jardim Brasil II;"}, {"id": "3295", "ano": "2021", "numero": "1091", "tipo__sigla": "REQ", "tipo__descricao": "REQUERIMENTO", "autoria": "11 - Dete Silva", "texto_original": "http://sapl.olinda.pe.leg.br/media/", "ementa": "Requer a viabilidade de pavimenta\u00e7\u00e3o asf\u00e1ltica na Rua Solidariedade, 4\u00aa Etapa, Rio Doce;"}, {"id": "3296", "ano": "2021", "numero": "1092", "tipo__sigla": "REQ", "tipo__descricao": "REQUERIMENTO", "autoria": "11 - Dete Silva", "texto_original": "http://sapl.olinda.pe.leg.br/media/", "ementa": "Requer a viabilidade de pavimenta\u00e7\u00e3o asf\u00e1ltica na Rua Cinco, 2\u00aa Etapa, Rio Doce;"}, {"id": "3297", "ano": "2021", "numero": "1093", "tipo__sigla": "REQ", "tipo__descricao": "REQUERIMENTO", "autoria": "11 - Dete Silva", "texto_original": "http://sapl.olinda.pe.leg.br/media/", "ementa": "Requer a viabilidade de pavimenta\u00e7\u00e3o asf\u00e1ltica na Rua Oito, 4\u00aa Etapa, Rio Doce;"}, {"id": "3298", "ano": "2021", "numero": "1094", "tipo__sigla": "REQ", "tipo__descricao": "REQUERIMENTO", "autoria": "11 - Dete Silva", "texto_original": "http://sapl.olinda.pe.leg.br/media/", "ementa": "Requer a coloca\u00e7\u00e3o de placas na 1\u00aa Travessa Santa Ana, Ilha de Santana, Jardim Atl\u00e2ntico;"}, {"id": "3299", "ano": "2021", "numero": "1095", "tipo__sigla": "REQ", "tipo__descricao": "REQUERIMENTO", "autoria": "11 - Dete Silva", "texto_original": "http://sapl.olinda.pe.leg.br/media/", "ementa": "Requer a viabilidade de pavimenta\u00e7\u00e3o asf\u00e1ltica na Rua Escritor Ramos de Almeida, Ilha de Santana, Jardim Alt\u00e2ntico;"}, {"id": "3300", "ano": "2021", "numero": "1096", "tipo__sigla": "REQ", "tipo__descricao": "REQUERIMENTO", "autoria": "11 - Dete Silva", "texto_original": "http://sapl.olinda.pe.leg.br/media/", "ementa": "Requer a coloca\u00e7\u00e3o de placas na Rua J, Ilha de Santana, Jardim Atl\u00e2ntico;"}, {"id": "3301", "ano": "2021", "numero": "1097", "tipo__sigla": "REQ", "tipo__descricao": "REQUERIMENTO", "autoria": "11 - Dete Silva", "texto_original": "http://sapl.olinda.pe.leg.br/media/", "ementa": "Requer a viabilidade de pavimenta\u00e7\u00e3o asf\u00e1ltica na Rua D, Ilha de Santana, Jardim Alt\u00e2ntico;"}, {"id": "3302", "ano": "2021", "numero": "1098", "tipo__sigla": "REQ", "tipo__descricao": "REQUERIMENTO", "autoria": "11 - Dete Silva", "texto_original": "http://sapl.olinda.pe.leg.br/media/", "ementa": "Requer a viabilidade de pavimenta\u00e7\u00e3o asf\u00e1ltica na Rua B, Ilha de Santana, Jardim Alt\u00e2ntico;"}, {"id": "3303", "ano": "2021", "numero": "1099", "tipo__sigla": "REQ", "tipo__descricao": "REQUERIMENTO", "autoria": "11 - Dete Silva", "texto_original": "http://sapl.olinda.pe.leg.br/media/", "ementa": "Requer a viabilidade de pavimenta\u00e7\u00e3o asf\u00e1ltica na Rua C, Ilha de Santana, Jardim Alt\u00e2ntico;"}, {"id": "3304", "ano": "2021", "numero": "1100", "tipo__sigla": "REQ", "tipo__descricao": "REQUERIMENTO", "autoria": "11 - Dete Silva", "texto_original": "http://sapl.olinda.pe.leg.br/media/", "ementa": "Requer a troca de l\u00e2mpada N\u00ba A005297/A005305 inclus\u00e3o de bra\u00e7o, reller, reator, na Rua Silvestre, Jardim Atl\u00e2ntico;"}, {"id": "3305", "ano": "2021", "numero": "1101", "tipo__sigla": "REQ", "tipo__descricao": "REQUERIMENTO", "autoria": "11 - Dete Silva", "texto_original": "http://sapl.olinda.pe.leg.br/media/", "ementa": "Requer a viabilidade de pavimenta\u00e7\u00e3o asf\u00e1ltica na Rua Tr\u00eas, 4\u00aa Etapa, Rio Doce;"}, {"id": "3306", "ano": "2021", "numero": "1102", "tipo__sigla": "REQ", "tipo__descricao": "REQUERIMENTO", "autoria": "01 - Tost\u00e3o de Olinda", "texto_original": "http://sapl.olinda.pe.leg.br/media/", "ementa": "Requer Voto de Aplausos para Secret\u00e1ria de Sa\u00fade, Luciana Lopes;"}, {"id": "3307", "ano": "2021", "numero": "1103", "tipo__sigla": "REQ", "tipo__descricao": "REQUERIMENTO", "autoria": "01 - Tost\u00e3o de Olinda", "texto_original": "http://sapl.olinda.pe.leg.br/media/", "ementa": "Requer Voto de Aplausos para Secret\u00e1rio Executivo de Obras, Roberto Rocha;"}, {"id": "3308", "ano": "2021", "numero": "1104", "tipo__sigla": "REQ", "tipo__descricao": "REQUERIMENTO", "autoria": "01 - Tost\u00e3o de Olinda", "texto_original": "http://sapl.olinda.pe.leg.br/media/", "ementa": "Requer Voto de Aplausos para Secret\u00e1rio Executivo de Esportes, Lazer e Juventude, S\u00e9rgio Pereira dos Santos;"}, {"id": "3309", "ano": "2021", "numero": "1105", "tipo__sigla": "REQ", "tipo__descricao": "REQUERIMENTO", "autoria": "01 - Tost\u00e3o de Olinda", "texto_original": "http://sapl.olinda.pe.leg.br/media/", "ementa": "Requer Voto de Aplausos para Secret\u00e1rio de Esportes, Lazer e Juventude, Paulo Roberto;"}, {"id": "3310", "ano": "2021", "numero": "1106", "tipo__sigla": "REQ", "tipo__descricao": "REQUERIMENTO", "autoria": "01 - Tost\u00e3o de Olinda", "texto_original": "http://sapl.olinda.pe.leg.br/media/", "ementa": "Requer Voto de Aplausos para Secret\u00e1rio Executivo de Manuten\u00e7\u00e3o Urbana de Olinda, Pedro Paulo;"}, {"id": "3311", "ano": "2021", "numero": "1107", "tipo__sigla": "REQ", "tipo__descricao": "REQUERIMENTO", "autoria": "01 - Tost\u00e3o de Olinda", "texto_original": "http://sapl.olinda.pe.leg.br/media/", "ementa": "Requer Voto de Aplausos para Secret\u00e1rio Executivo de Servi\u00e7os P\u00fablicos de Olinda, Sr. Andr\u00e9 Oliveira;"}, {"id": "3327", "ano": "2021", "numero": "1108", "tipo__sigla": "REQ", "tipo__descricao": "REQUERIMENTO", "autoria": "11 - Dete Silva", "texto_original": "http://sapl.olinda.pe.leg.br/media/", "ementa": "Requer a troca de l\u00e2mpada poste N\u00ba 11446 na Rua da Amora, 4\u00aa Etapa, Rio Doce;"}, {"id": "3328", "ano": "2021", "numero": "1109", "tipo__sigla": "REQ", "tipo__descricao": "REQUERIMENTO", "autoria": "11 - Dete Silva", "texto_original": "http://sapl.olinda.pe.leg.br/media/", "ementa": "Requer a troca de l\u00e2mpada poste N\u00ba 09888, Rua Oito, Rio Doce;"}, {"id": "3329", "ano": "2021", "numero": "1110", "tipo__sigla": "REQ", "tipo__descricao": "REQUERIMENTO", "autoria": "11 - Dete Silva", "texto_original": "http://sapl.olinda.pe.leg.br/media/", "ementa": "Requer a inclus\u00e3o de lonas na \u00e1rea de risco de deslizamento na Rua C\u00f3rrego do Abacate n\u00ba 100. \u00c1guas Compridas;"}, {"id": "3330", "ano": "2021", "numero": "1111", "tipo__sigla": "REQ", "tipo__descricao": "REQUERIMENTO", "autoria": "11 - Dete Silva", "texto_original": "http://sapl.olinda.pe.leg.br/media/", "ementa": "Requer a troca de l\u00e2mpada e revitaliza\u00e7\u00e3o da numera\u00e7\u00e3o, Rua Professor \u00canio Carlos de Albuquerque, 4\u00aa Etapa, Rio Doce;"}, {"id": "3331", "ano": "2021", "numero": "1112", "tipo__sigla": "REQ", "tipo__descricao": "REQUERIMENTO", "autoria": "09 - Fl\u00e1vio Nascimento", "texto_original": "http://sapl.olinda.pe.leg.br/media/", "ementa": "Requer a informa\u00e7\u00e3o referente aos autom\u00f3veis locados pela referida Secretaria;"}, {"id": "3332", "ano": "2021", "numero": "1113", "tipo__sigla": "REQ", "tipo__descricao": "REQUERIMENTO", "autoria": "17 - Vinicius Castello", "texto_original": "http://sapl.olinda.pe.leg.br/media/", "ementa": "Requer a limpeza do canal da Rua Carlos Sargento Pimentel, Bultrins;"}, {"id": "3333", "ano": "2021", "numero": "1114", "tipo__sigla": "REQ", "tipo__descricao": "REQUERIMENTO", "autoria": "17 - Vinicius Castello", "texto_original": "http://sapl.olinda.pe.leg.br/media/", "ementa": "Requer a troca de l\u00e2mpadas e a manuten\u00e7\u00e3o da ilumina\u00e7\u00e3o da estrada do Bonsucesso;"}, {"id": "3334", "ano": "2021", "numero": "1115", "tipo__sigla": "REQ", "tipo__descricao": "REQUERIMENTO", "autoria": "17 - Vinicius Castello", "texto_original": "http://sapl.olinda.pe.leg.br/media/", "ementa": "Requer a implementa\u00e7\u00e3o do sistema de saneamento b\u00e1sico, sistema de drenagem e de esgoto da Rua das Flores, Jardim Atl\u00e2ntico;"}, {"id": "3335", "ano": "2021", "numero": "1116", "tipo__sigla": "REQ", "tipo__descricao": "REQUERIMENTO", "autoria": "17 - Vinicius Castello", "texto_original": "http://sapl.olinda.pe.leg.br/media/", "ementa": "Realocar o cano PVC que desagua o esgoto na Rua Flores para central de tratamento;"}, {"id": "3336", "ano": "2021", "numero": "1117", "tipo__sigla": "REQ", "tipo__descricao": "REQUERIMENTO", "autoria": "17 - Vinicius Castello", "texto_original": "http://sapl.olinda.pe.leg.br/media/", "ementa": "Requer a limpeza de Bueiro da Rua Flores, Jardim Atl\u00e2ntico;"}, {"id": "3337", "ano": "2021", "numero": "1118", "tipo__sigla": "REQ", "tipo__descricao": "REQUERIMENTO", "autoria": "17 - Vinicius Castello", "texto_original": "http://sapl.olinda.pe.leg.br/media/", "ementa": "Requer limpeza e manuten\u00e7\u00e3o de bueiros da Rua das Orqu\u00eddeas, Jardim Atl\u00e2ntico;"}, {"id": "3338", "ano": "2021", "numero": "1119", "tipo__sigla": "REQ", "tipo__descricao": "REQUERIMENTO", "autoria": "17 - Vinicius Castello", "texto_original": "http://sapl.olinda.pe.leg.br/media/", "ementa": "Requer o retorno das linhas de \u00f4nibus que atendam a popula\u00e7\u00e3o de S\u00edtio Novoi e Salgadinho, antes contempladas pelas linhas Rio Doce/Cruz Cabug\u00e1 e Rio Doce/Avenida Norte;"}, {"id": "3339", "ano": "2021", "numero": "1120", "tipo__sigla": "REQ", "tipo__descricao": "REQUERIMENTO", "autoria": "01 - Tost\u00e3o de Olinda", "texto_original": "http://sapl.olinda.pe.leg.br/media/", "ementa": "Requer Voto de Aplausos para  o Encontro de Casais com Cristo (ECC), pelos seus 45 anos de servi\u00e7o de evangeliza\u00e7\u00e3o para a Fam\u00edlia Cat\u00f3lica Brasileira;"}, {"id": "3340", "ano": "2021", "numero": "1121", "tipo__sigla": "REQ", "tipo__descricao": "REQUERIMENTO", "autoria": "16 - BIAI", "texto_original": "http://sapl.olinda.pe.leg.br/media/", "ementa": "Requer para que a linha de \u00f4nibus Amparo \u2013 Recife, seja contemplada com a integra\u00e7\u00e3o temporal e tamb\u00e9m a integra\u00e7\u00e3o da linha 1971 com a linha 1982;"}, {"id": "3341", "ano": "2021", "numero": "1122", "tipo__sigla": "REQ", "tipo__descricao": "REQUERIMENTO", "autoria": "09 - Fl\u00e1vio Nascimento", "texto_original": "http://sapl.olinda.pe.leg.br/media/", "ementa": "Requer Voto de Aplausos para a Par\u00f3quia Betesda da Igreja Episcopal referente ao projeto Levando Amor;"}, {"id": "3342", "ano": "2021", "numero": "1123", "tipo__sigla": "REQ", "tipo__descricao": "REQUERIMENTO", "autoria": "16 - Tonny Magalh\u00e3es", "texto_original": "http://sapl.olinda.pe.leg.br/media/", "ementa": "Requer a coloca\u00e7\u00e3o de lona pl\u00e1stica, na Rua da Linha, n\u00ba 782, Alto da Bondade;"}, {"id": "3343", "ano": "2021", "numero": "1124", "tipo__sigla": "REQ", "tipo__descricao": "REQUERIMENTO", "autoria": "16 - Tonny Magalh\u00e3es", "texto_original": "http://sapl.olinda.pe.leg.br/media/", "ementa": "Requer a limpeza no sistema de escoamento de \u00e1gua no Edif\u00edcio Dolce Vita, na Avenida Ministro Marcos Freire, n\u00ba 2973, Casa Caiada;"}, {"id": "3344", "ano": "2021", "numero": "1125", "tipo__sigla": "REQ", "tipo__descricao": "REQUERIMENTO", "autoria": "10 - Joj\u00f3 Guerra", "texto_original": "http://sapl.olinda.pe.leg.br/media/", "ementa": "Requer a substitui\u00e7\u00e3o e a fabrica\u00e7\u00e3o de placas de cobertura das canaletas na Rua Jacira, Sapucaia;"}, {"id": "3345", "ano": "2021", "numero": "1126", "tipo__sigla": "REQ", "tipo__descricao": "REQUERIMENTO", "autoria": "10 - Joj\u00f3 Guerra", "texto_original": "http://sapl.olinda.pe.leg.br/media/", "ementa": "Requer o tratamento e a requalifica\u00e7\u00e3o da Rua Jos\u00e9 Dias de Morais, \u00c1guas Compridas;"}, {"id": "3346", "ano": "2021", "numero": "1127", "tipo__sigla": "REQ", "tipo__descricao": "REQUERIMENTO", "autoria": "11 - Dete Silva", "texto_original": "http://sapl.olinda.pe.leg.br/media/", "ementa": "Requer REVITALIZA\u00c7\u00c3O DA NUMERA\u00c7\u00c3O DO POSTE E TROCA DE LAMPADA NA RUA LAP\u00cdS LAZULI, JARDIM ATL\u00c2NTICO, OLINDA-PE (EM FRENTE E CASA 110 E O OUTRO EM FRENTE A CASA 188-A) ;"}, {"id": "3347", "ano": "2021", "numero": "1128", "tipo__sigla": "REQ", "tipo__descricao": "REQUERIMENTO", "autoria": "11 - Dete Silva", "texto_original": "http://sapl.olinda.pe.leg.br/media/", "ementa": "Requer TROCA DE LAMPADA N\u00ba A013627 E N\u00ba 07782 NA AVENIDA ESCRITOR RAMOS DE ALMEIDA, OLINDA-PE;"}, {"id": "3348", "ano": "2021", "numero": "1129", "tipo__sigla": "REQ", "tipo__descricao": "REQUERIMENTO", "autoria": "07 - JESU\u00cdNO ARA\u00daJO", "texto_original": "http://sapl.olinda.pe.leg.br/media/", "ementa": "Requer que seja inserido na Ata dos trabalhos desta Casa VOTO DE PESAR pelo falecimento, em 27/06/21, do Sr. Thiago de Ara\u00fajo Farias;"}, {"id": "3349", "ano": "2021", "numero": "1130", "tipo__sigla": "REQ", "tipo__descricao": "REQUERIMENTO", "autoria": "05 - Everaldo Silva", "texto_original": "http://sapl.olinda.pe.leg.br/media/", "ementa": "Requer drenagem de canais e de canaletas em: Rua Nelson de Melo Paes Barreto, \u00c1guas Compridas; C\u00f3rrego Nova Olinda, \u00c1guas Compridas; C\u00f3rrego Aureliano, \u00c1guas Compridas; C\u00f3rrego do Capim, Alto Nova Olinda;"}, {"id": "3350", "ano": "2021", "numero": "1131", "tipo__sigla": "REQ", "tipo__descricao": "REQUERIMENTO", "autoria": "05 - Everaldo Silva", "texto_original": "http://sapl.olinda.pe.leg.br/media/", "ementa": "Requer coloca\u00e7\u00e3o de quebra mola, tampar Bocas de Lobo e tapa buracos na Rua Safira, Jardim Atl\u00e2ntico;"}, {"id": "3351", "ano": "2021", "numero": "1132", "tipo__sigla": "REQ", "tipo__descricao": "REQUERIMENTO", "autoria": "16 - Tonny Magalh\u00e3es", "texto_original": "http://sapl.olinda.pe.leg.br/media/", "ementa": "Requer Voto de Aplauso ao Sr. Almir Jos\u00e9 Buonora de Farias;"}, {"id": "3352", "ano": "2021", "numero": "1133", "tipo__sigla": "REQ", "tipo__descricao": "REQUERIMENTO", "autoria": "16 - BIAI", "texto_original": "http://sapl.olinda.pe.leg.br/media/", "ementa": "Requer a sinaliza\u00e7\u00e3o com sem\u00e1foro e com faixa de pedestre na Rua Alu\u00edzio de Azevedo, Jardim Atl\u00e2ntico;"}, {"id": "3354", "ano": "2021", "numero": "1134", "tipo__sigla": "REQ", "tipo__descricao": "REQUERIMENTO", "autoria": "07 - JESU\u00cdNO ARA\u00daJO", "texto_original": "http://sapl.olinda.pe.leg.br/media/", "ementa": "Requer Voto de Aplauso \u00e0 Diretoria de Pol\u00edticas Estrat\u00e9gicas de Sa\u00fade e a equipe de Sa\u00fade Mental da Secretaria de Sa\u00fade de Olinda;"}, {"id": "3355", "ano": "2021", "numero": "1135", "tipo__sigla": "REQ", "tipo__descricao": "REQUERIMENTO", "autoria": "16 - Tonny Magalh\u00e3es", "texto_original": "http://sapl.olinda.pe.leg.br/media/", "ementa": "Requer informa\u00e7\u00e3o relativo a compra de itens m\u00e9dicos de JANEIRO de 2021 at\u00e9 JULHO DE 2021;"}, {"id": "3356", "ano": "2021", "numero": "1136", "tipo__sigla": "REQ", "tipo__descricao": "REQUERIMENTO", "autoria": "17 - Vinicius Castello", "texto_original": "http://sapl.olinda.pe.leg.br/media/", "ementa": "Requer Audi\u00eancia P\u00fablica virtual sobre servi\u00e7o de acolhimento familiar a crian\u00e7a e adolescentes;"}, {"id": "3357", "ano": "2021", "numero": "1137", "tipo__sigla": "REQ", "tipo__descricao": "REQUERIMENTO", "autoria": "16 - BIAI", "texto_original": "http://sapl.olinda.pe.leg.br/media/", "ementa": "qRequer o processo de aferi\u00e7\u00e3o da press\u00e3o arterial nas \u00e1reas de caminhadas;"}, {"id": "3358", "ano": "2021", "numero": "1138", "tipo__sigla": "REQ", "tipo__descricao": "REQUERIMENTO", "autoria": "16 - BIAI", "texto_original": "http://sapl.olinda.pe.leg.br/media/", "ementa": "Requer o envio de esfor\u00e7os a fim de que os postos de sa\u00fade sejam contemplados com o aparelho desfibrilador;"}, {"id": "3359", "ano": "2021", "numero": "1139", "tipo__sigla": "REQ", "tipo__descricao": "REQUERIMENTO", "autoria": "16 - Tonny Magalh\u00e3es", "texto_original": "http://sapl.olinda.pe.leg.br/media/", "ementa": "Voto de pesar em virtude do falecimento do Sr. Luciano Rog\u00e9rio da Silva;"}, {"id": "3360", "ano": "2021", "numero": "1140", "tipo__sigla": "REQ", "tipo__descricao": "REQUERIMENTO", "autoria": "02 - DENISE ALMEIDA", "texto_original": "http://sapl.olinda.pe.leg.br/media/", "ementa": "Requer provid\u00eancias sejam tomadas referentes aos fiscais que agrediram a uma usu\u00e1ria no dia 10 de julho do ano corrente;"}, {"id": "3361", "ano": "2021", "numero": "1141", "tipo__sigla": "REQ", "tipo__descricao": "REQUERIMENTO", "autoria": "11 - Dete Silva", "texto_original": "http://sapl.olinda.pe.leg.br/media/", "ementa": "Requer TROCA DE LAMPADA N\u00ba A024493 NA RUA GIRIQUITI \u2013 PEIXINHOS- OLINDA ;"}, {"id": "3362", "ano": "2021", "numero": "1142", "tipo__sigla": "REQ", "tipo__descricao": "REQUERIMENTO", "autoria": "11 - Dete Silva", "texto_original": "http://sapl.olinda.pe.leg.br/media/", "ementa": "Requer TROCA DE LAMPADA N\u00ba A022513 NA RUA. DEZESSEIS - RIO DOCE - OLINDA;"}, {"id": "3363", "ano": "2021", "numero": "1143", "tipo__sigla": "REQ", "tipo__descricao": "REQUERIMENTO", "autoria": "11 - Dete Silva", "texto_original": "http://sapl.olinda.pe.leg.br/media/", "ementa": "Requer CAL\u00c7AMENTO,  NA RUA DELMIRO MONTEIRO DA PURIFICA\u00c7\u00c3O \u2013 JARDIM ATL\u00c2NTICO;"}, {"id": "3365", "ano": "2021", "numero": "1144", "tipo__sigla": "REQ", "tipo__descricao": "REQUERIMENTO", "autoria": "16 - BIAI", "texto_original": "http://sapl.olinda.pe.leg.br/media/", "ementa": "Requer a pintura das lombadas da Cidade de Olinda;"}, {"id": "3366", "ano": "2021", "numero": "1145", "tipo__sigla": "REQ", "tipo__descricao": "REQUERIMENTO", "autoria": "16 - BIAI", "texto_original": "http://sapl.olinda.pe.leg.br/media/", "ementa": "Requer a pintura das faixas de pedestre da cidade;"}, {"id": "3367", "ano": "2021", "numero": "1146", "tipo__sigla": "REQ", "tipo__descricao": "REQUERIMENTO", "autoria": "16 - BIAI", "texto_original": "http://sapl.olinda.pe.leg.br/media/", "ementa": "Requer que seja colocada faixa de pedestre no entroncamento da Rua Cl\u00e1udio Uch\u00f4a Cavalcanti (Antiga Rua 2) com a Avenida Frederico Lundgren, Rio Doce;"}, {"id": "3368", "ano": "2021", "numero": "1147", "tipo__sigla": "REQ", "tipo__descricao": "REQUERIMENTO", "autoria": "16 - BIAI", "texto_original": "http://sapl.olinda.pe.leg.br/media/", "ementa": "Requer abrigo coberto e/ou assentamento em todas as paradas de \u00f4nibus da cidade de Olinda;"}, {"id": "3369", "ano": "2021", "numero": "1148", "tipo__sigla": "REQ", "tipo__descricao": "REQUERIMENTO", "autoria": "02 - Irm\u00e3o Bi\u00e1", "texto_original": "http://sapl.olinda.pe.leg.br/media/", "ementa": "Requer aquisi\u00e7\u00e3o da creche para atender m\u00e3es e respons\u00e1veis da comunidade do Bairro de \u00c1guas Compridas;"}, {"id": "3370", "ano": "2021", "numero": "1149", "tipo__sigla": "REQ", "tipo__descricao": "REQUERIMENTO", "autoria": "02 - Irm\u00e3o Bi\u00e1", "texto_original": "http://sapl.olinda.pe.leg.br/media/", "ementa": "Requer que seja convocada Reuni\u00e3o Extraordin\u00e1ria com o objetivo espec\u00edfico de realizar a elei\u00e7\u00e3o para renova\u00e7\u00e3o da Mesa Diretora;"}, {"id": "3374", "ano": "2021", "numero": "1150", "tipo__sigla": "REQ", "tipo__descricao": "REQUERIMENTO", "autoria": "10 - Joj\u00f3 Guerra", "texto_original": "http://sapl.olinda.pe.leg.br/media/", "ementa": "Requer que envie equipes para executar a troca e manuten\u00e7\u00e3o de l\u00e2mpadas na ladeira do Giz, subida do Alto da Conquista, \u00c1guas Compridas, Olinda/PE."}, {"id": "3375", "ano": "2021", "numero": "1151", "tipo__sigla": "REQ", "tipo__descricao": "REQUERIMENTO", "autoria": "10 - Joj\u00f3 Guerra", "texto_original": "http://sapl.olinda.pe.leg.br/media/", "ementa": "Requer que envie equipes para a repara\u00e7\u00e3o de lumin\u00e1rias na II T ravessa da Rua S\u00e3o Jo\u00e3o,  Alto da Maca\u00edba."}, {"id": "3376", "ano": "2021", "numero": "1152", "tipo__sigla": "REQ", "tipo__descricao": "REQUERIMENTO", "autoria": "16 - BIAI", "texto_original": "http://sapl.olinda.pe.leg.br/media/", "ementa": "Requer a manuten\u00e7\u00e3o das ruas: Alexandre de Carvalho, Princesa Isabel e Humberto Mendes, no Bairro: Jardim Fragoso, para a volta dos \u00f4nibus da linha Amparo no itiner\u00e1rio normal;"}, {"id": "3377", "ano": "2021", "numero": "1153", "tipo__sigla": "REQ", "tipo__descricao": "REQUERIMENTO", "autoria": "10 - Joj\u00f3 Guerra", "texto_original": "http://sapl.olinda.pe.leg.br/media/", "ementa": "Requer a limpeza e drenagem na estrada de  Aguazinha, pr\u00f3ximo a  AMBEV ;"}, {"id": "3385", "ano": "2021", "numero": "1154", "tipo__sigla": "REQ", "tipo__descricao": "REQUERIMENTO", "autoria": "09 - Fl\u00e1vio Nascimento", "texto_original": "http://sapl.olinda.pe.leg.br/media/", "ementa": "Requer os Servi\u00e7os de Troca de L\u00e2mpadas para l\u00e2mpadas de LED em toda extens\u00e3o da Rua Feira de Santana \u2013 Peixinhos;"}, {"id": "3386", "ano": "2021", "numero": "1155", "tipo__sigla": "REQ", "tipo__descricao": "REQUERIMENTO", "autoria": "09 - Fl\u00e1vio Nascimento", "texto_original": "http://sapl.olinda.pe.leg.br/media/", "ementa": "Requer  limpeza das canaletas, capina\u00e7\u00e3o, pintura de meio fio e varri\u00e7\u00e3o em toda extens\u00e3o na Rua Feira de Santana no bairro de Peixinhos;"}, {"id": "3387", "ano": "2021", "numero": "1156", "tipo__sigla": "REQ", "tipo__descricao": "REQUERIMENTO", "autoria": "09 - Fl\u00e1vio Nascimento", "texto_original": "http://sapl.olinda.pe.leg.br/media/", "ementa": "Requer limpeza das canaletas, capina\u00e7\u00e3o, pintura de meio fio e varri\u00e7\u00e3o em toda extens\u00e3o na Rua Caet\u00e9s no bairro de Peixinhos;"}, {"id": "3388", "ano": "2021", "numero": "1157", "tipo__sigla": "REQ", "tipo__descricao": "REQUERIMENTO", "autoria": "09 - Fl\u00e1vio Nascimento", "texto_original": "http://sapl.olinda.pe.leg.br/media/", "ementa": "Requer Servi\u00e7os de Troca de L\u00e2mpadas para l\u00e2mpadas de LED em toda extens\u00e3o da Rua Ilh\u00e9us \u2013 Peixinhos;"}, {"id": "3389", "ano": "2021", "numero": "1158", "tipo__sigla": "REQ", "tipo__descricao": "REQUERIMENTO", "autoria": "09 - Fl\u00e1vio Nascimento", "texto_original": "http://sapl.olinda.pe.leg.br/media/", "ementa": "Requer  limpeza das canaletas, capina\u00e7\u00e3o, pintura de meio fio e varri\u00e7\u00e3o em toda extens\u00e3o na Rua Aderito Gomes no bairro de Peixinhos;"}, {"id": "3390", "ano": "2021", "numero": "1159", "tipo__sigla": "REQ", "tipo__descricao": "REQUERIMENTO", "autoria": "09 - Fl\u00e1vio Nascimento", "texto_original": "http://sapl.olinda.pe.leg.br/media/", "ementa": "Requer  Troca de L\u00e2mpadas para l\u00e2mpadas de LED em toda extens\u00e3o da Avenida Transamaz\u00f4nica no bairro de Jardim Brasil - Olinda;"}, {"id": "3391", "ano": "2021", "numero": "1160", "tipo__sigla": "REQ", "tipo__descricao": "REQUERIMENTO", "autoria": "09 - Fl\u00e1vio Nascimento", "texto_original": "http://sapl.olinda.pe.leg.br/media/", "ementa": "Requer limpeza das canaletas, capina\u00e7\u00e3o, varri\u00e7\u00e3o e pintura de meio fio em toda extens\u00e3o na Avenida Transamaz\u00f4nica no bairro de Jardim Brasil;"}, {"id": "3392", "ano": "2021", "numero": "1161", "tipo__sigla": "REQ", "tipo__descricao": "REQUERIMENTO", "autoria": "07 - JESU\u00cdNO ARA\u00daJO", "texto_original": "http://sapl.olinda.pe.leg.br/media/", "ementa": "REQUER que sejam tomadas provid\u00eancias cab\u00edveis para disponibiliza\u00e7\u00e3o de micro-\u00f4nibus, para transporte de cidad\u00e3os moradores do S\u00edtio Hist\u00f3rico de Olinda at\u00e9 as vias principais, e vice-versa."}, {"id": "3393", "ano": "2021", "numero": "1162", "tipo__sigla": "REQ", "tipo__descricao": "REQUERIMENTO", "autoria": "17 - Vinicius Castello", "texto_original": "http://sapl.olinda.pe.leg.br/media/", "ementa": "Requer O  RECAPEAMENTO DA  RUA JOAQUIM MENDES DA SILVA, NO BAIRRO DOS BULTRINS;"}, {"id": "3394", "ano": "2021", "numero": "1163", "tipo__sigla": "REQ", "tipo__descricao": "REQUERIMENTO", "autoria": "17 - Vinicius Castello", "texto_original": "http://sapl.olinda.pe.leg.br/media/", "ementa": "Requer A DRENAGEM E LIMPEZA DE CANALETAS DA RUA LAURO DINIZ, PEIXINHOS;"}, {"id": "3395", "ano": "2021", "numero": "1164", "tipo__sigla": "REQ", "tipo__descricao": "REQUERIMENTO", "autoria": "17 - Vinicius Castello", "texto_original": "http://sapl.olinda.pe.leg.br/media/", "ementa": "Requer VISITA DE AGENTES DE  ENDEMIA NA RUA LAURO DINIZ, PEIXINHOS;"}, {"id": "3396", "ano": "2021", "numero": "1165", "tipo__sigla": "REQ", "tipo__descricao": "REQUERIMENTO", "autoria": "17 - Vinicius Castello", "texto_original": "http://sapl.olinda.pe.leg.br/media/", "ementa": "Requer A CAPINA\u00c7\u00c3O E RETIRADA DE ENTULHOS DA ESCOLA NORMA COELHO - CAIC, LOCALIZADO NA AVENIDA PRESIDENTE KENNEDY, S/N,  PEIXINHOS;"}, {"id": "3397", "ano": "2021", "numero": "1166", "tipo__sigla": "REQ", "tipo__descricao": "REQUERIMENTO", "autoria": "11 - Dete Silva", "texto_original": "http://sapl.olinda.pe.leg.br/media/", "ementa": "Requer TROCA DE  LAMPADA E REVITALIZA\u00c7\u00c3O DA NUMERA\u00c7\u00c3O NA RUA DAS FLORES (DO OUTRO LADO DA CASA 292-B) E OUTRO (DO  OUTRO LADO DA CASA 317) - (ILHA DE SANTANA)- JARDIM ATL\u00c2NTICO - OLINDA;"}, {"id": "3398", "ano": "2021", "numero": "1167", "tipo__sigla": "REQ", "tipo__descricao": "REQUERIMENTO", "autoria": "11 - Dete Silva", "texto_original": "http://sapl.olinda.pe.leg.br/media/", "ementa": "Requer TROCA DE  LAMPADA  N\u00ba A002542 NA 2\u00aa TRAVESSA  DA RUA DAS FLORES  -  (ILHA DE SANTANA)-  JARDIM ATL\u00c2NTICO;"}, {"id": "3399", "ano": "2021", "numero": "1168", "tipo__sigla": "REQ", "tipo__descricao": "REQUERIMENTO", "autoria": "11 - Dete Silva", "texto_original": "http://sapl.olinda.pe.leg.br/media/", "ementa": "Requer TROCA DE  LAMPADA  N\u00ba A002338  E TROCA DE LAMPADA E REVITALIZA\u00c7\u00c3O DA NUMERA\u00c7\u00c3O DOS POSTES LOCALIZADOS EM  FRENTE  A  CASA  33  E  EM  FRENTE  AO  CONDOMINIO  571  NA  AV.  DA  INTEGRA\u00c7\u00c3O  -  (ILHA  DE  SANTANA)-  JARDIM  ATL\u00c2NTICO;"}, {"id": "3400", "ano": "2021", "numero": "1169", "tipo__sigla": "REQ", "tipo__descricao": "REQUERIMENTO", "autoria": "11 - Dete Silva", "texto_original": "http://sapl.olinda.pe.leg.br/media/", "ementa": "Requer TROCA DE  LAMPADA N\u00ba A002547 NA RUA DAS ORQUIDEAS  - (ILHA DE SANTANA)- JARDIM ATL\u00c2NTICO;"}, {"id": "3401", "ano": "2021", "numero": "1170", "tipo__sigla": "REQ", "tipo__descricao": "REQUERIMENTO", "autoria": "11 - Dete Silva", "texto_original": "http://sapl.olinda.pe.leg.br/media/", "ementa": "Requer TROCA DE  LAMPADA  E  REVITALIZA\u00c7\u00c3O  DA  NUMERA\u00c7\u00c3O    NA  RUA  SANTO  ANTONIO  (EM  FRENTE  A  CASA  N\u00aa  78)  -  (ILHA  DE SANTANA)- JARDIM ATL\u00c2NTICO;"}, {"id": "3402", "ano": "2021", "numero": "1171", "tipo__sigla": "REQ", "tipo__descricao": "REQUERIMENTO", "autoria": "11 - Dete Silva", "texto_original": "http://sapl.olinda.pe.leg.br/media/", "ementa": "Requer  REPAVIMENTA\u00c7\u00c3O, NA RUA MARIANO TEIXEIRA \u2013 PEIXINHOS;"}, {"id": "3403", "ano": "2021", "numero": "1172", "tipo__sigla": "REQ", "tipo__descricao": "REQUERIMENTO", "autoria": "05 - Everaldo Silva", "texto_original": "http://sapl.olinda.pe.leg.br/media/", "ementa": "Requer o posicionamento diante do informe t\u00e9cnico da Secretaria Extraordin\u00e1ria de Enfrentamento \u00e0 Covid-19;"}, {"id": "3404", "ano": "2021", "numero": "1173", "tipo__sigla": "REQ", "tipo__descricao": "REQUERIMENTO", "autoria": "05 - Everaldo Silva", "texto_original": "http://sapl.olinda.pe.leg.br/media/", "ementa": "Requer limpeza e remo\u00e7\u00e3o de lixo e de entulho na Rua Gibraltar - C\u00f3rrego da Bondade;"}, {"id": "3405", "ano": "2021", "numero": "1174", "tipo__sigla": "REQ", "tipo__descricao": "REQUERIMENTO", "autoria": "05 - Everaldo Silva", "texto_original": "http://sapl.olinda.pe.leg.br/media/", "ementa": "Requer coloca\u00e7\u00e3o de Container no C\u00f3rrego Aureliano, 19 - \u00c1guas Compridas;"}, {"id": "3406", "ano": "2021", "numero": "1175", "tipo__sigla": "REQ", "tipo__descricao": "REQUERIMENTO", "autoria": "05 - Everaldo Silva", "texto_original": "http://sapl.olinda.pe.leg.br/media/", "ementa": "Requer coloca\u00e7\u00e3o de canaletas, limpeza e capina\u00e7\u00e3o na Rua Manoel de Luna-Passarinho;"}, {"id": "3407", "ano": "2021", "numero": "1176", "tipo__sigla": "REQ", "tipo__descricao": "REQUERIMENTO", "autoria": "05 - Everaldo Silva", "texto_original": "http://sapl.olinda.pe.leg.br/media/", "ementa": "Requer a remo\u00e7\u00e3o de \u00e1rvore na Segunda Travessa Mario Juruna, 3200, Alto Sol Nascente;"}, {"id": "3409", "ano": "2021", "numero": "1177", "tipo__sigla": "REQ", "tipo__descricao": "REQUERIMENTO", "autoria": "11 - Dete Silva", "texto_original": "http://sapl.olinda.pe.leg.br/media/", "ementa": "Requer INFORMA\u00c7\u00c3O  SOBRE  A  FINALIZA\u00c7\u00c3O  DA  REFORMA  DA  POLICLINICA  RIO  DOCE  IV ETAPA LOCALIZADA NA Rua 10, 4\u00b0etapa - Rio Doce;"}, {"id": "3411", "ano": "2021", "numero": "1178", "tipo__sigla": "REQ", "tipo__descricao": "REQUERIMENTO", "autoria": "09 - Fl\u00e1vio Nascimento", "texto_original": "http://sapl.olinda.pe.leg.br/media/", "ementa": "Requer Troca de L\u00e2mpada no poste n\u00ba A0296 na Rua Timba\u00faba no bairro de Peixinhos;"}, {"id": "3412", "ano": "2021", "numero": "1179", "tipo__sigla": "REQ", "tipo__descricao": "REQUERIMENTO", "autoria": "11 - Dete Silva", "texto_original": "http://sapl.olinda.pe.leg.br/media/", "ementa": "Requer CAPINA\u00c7\u00c3O, RUA ANTONIETA GUIMAR\u00c3ES DE ANDRADE \u2013 JARDIM ATLANTICO;"}, {"id": "3413", "ano": "2021", "numero": "1180", "tipo__sigla": "REQ", "tipo__descricao": "REQUERIMENTO", "autoria": "02 - DENISE ALMEIDA", "texto_original": "http://sapl.olinda.pe.leg.br/media/", "ementa": "Requer limpeza e desobstru\u00e7\u00e3o de canaletas  entupidas, na Rua S\u00e3o Jos\u00e9 e na Rua S\u00e3o Lu\u00eds, em Peixinhos;"}, {"id": "3414", "ano": "2021", "numero": "1181", "tipo__sigla": "REQ", "tipo__descricao": "REQUERIMENTO", "autoria": "02 - DENISE ALMEIDA", "texto_original": "http://sapl.olinda.pe.leg.br/media/", "ementa": "Requer limpeza e desobstru\u00e7\u00e3o de galerias entupidas, na extens\u00e3o da Rua Carmem Leal Schmalz, Varadouro;"}, {"id": "3417", "ano": "2021", "numero": "1182", "tipo__sigla": "REQ", "tipo__descricao": "REQUERIMENTO", "autoria": "16 - BIAI", "texto_original": "http://sapl.olinda.pe.leg.br/media/", "ementa": "Requer o cal\u00e7amento da Rua Jos\u00e9 Maur\u00edcio Viana, Jardim Atl\u00e2ntico, Olinda"}, {"id": "3418", "ano": "2021", "numero": "1183", "tipo__sigla": "REQ", "tipo__descricao": "REQUERIMENTO", "autoria": "16 - BIAI", "texto_original": "http://sapl.olinda.pe.leg.br/media/", "ementa": "Requer o fechamento da orla no hor\u00e1rio de 05:00 \u00e0s 07:00 da manha para tranquilidade das pessoas que est\u00e3o caminhando nesse hor\u00e1rio;"}, {"id": "3419", "ano": "2021", "numero": "1184", "tipo__sigla": "REQ", "tipo__descricao": "REQUERIMENTO", "autoria": "09 - Fl\u00e1vio Nascimento", "texto_original": "http://sapl.olinda.pe.leg.br/media/", "ementa": "Requer Servi\u00e7os Advindos do Programa \u201cArrumando a Casa\u201d na Rua Cabo Gato, Bairro de Peixinhos;"}, {"id": "3420", "ano": "2021", "numero": "1185", "tipo__sigla": "REQ", "tipo__descricao": "REQUERIMENTO", "autoria": "11 - Dete Silva", "texto_original": "http://sapl.olinda.pe.leg.br/media/", "ementa": "Requer TROCA DE LAMPADA E REVITALIZA\u00c7\u00c3O DA NUMERA\u00c7\u00c3O EM DOIS POSTES UM LOCALIZADO EM  FRENTE A CASA N\u00ba 75 E OUTRA EM FRENTE A CASA N\u00ba 105 NA RUA JOS\u00c9 DE ANCHIETA (4\u00aa ETAPA), RIO DOCE;"}, {"id": "3421", "ano": "2021", "numero": "1186", "tipo__sigla": "REQ", "tipo__descricao": "REQUERIMENTO", "autoria": "05 - Everaldo Silva", "texto_original": "http://sapl.olinda.pe.leg.br/media/", "ementa": "Requer instala\u00e7\u00e3o de Nova Placa de Fachada no Posto de Sa\u00fade no Alto Nova Olinda;"}, {"id": "3422", "ano": "2021", "numero": "1187", "tipo__sigla": "REQ", "tipo__descricao": "REQUERIMENTO", "autoria": "05 - Everaldo Silva", "texto_original": "http://sapl.olinda.pe.leg.br/media/", "ementa": "Requer o corte de \u00e1rvore na Rua da Regenera\u00e7\u00e3o, 350, Alto da Conquista;"}, {"id": "3423", "ano": "2021", "numero": "1188", "tipo__sigla": "REQ", "tipo__descricao": "REQUERIMENTO", "autoria": "05 - Everaldo Silva", "texto_original": "http://sapl.olinda.pe.leg.br/media/", "ementa": "Requer corte de \u00e1rvore na Rua Anatomia, 136, Alto da Bondade;"}, {"id": "3424", "ano": "2021", "numero": "1189", "tipo__sigla": "REQ", "tipo__descricao": "REQUERIMENTO", "autoria": "10 - Joj\u00f3 Guerra", "texto_original": "http://sapl.olinda.pe.leg.br/media/", "ementa": "Requer a limpeza e desobstru\u00e7\u00e3o na Rua Gl\u00f3ria, Alto do Cajueiro, \u00c1guas Compridas;"}, {"id": "3425", "ano": "2021", "numero": "1190", "tipo__sigla": "REQ", "tipo__descricao": "REQUERIMENTO", "autoria": "14 - RICARDO SOUSA", "texto_original": "http://sapl.olinda.pe.leg.br/media/", "ementa": "Requer a troca de l\u00e2mpada do poste localizado na 2\u00aa Travessa da Rua Teodulo Valen\u00e7a, \u00c1guas Compridas;"}, {"id": "3426", "ano": "2021", "numero": "1191", "tipo__sigla": "REQ", "tipo__descricao": "REQUERIMENTO", "autoria": "14 - RICARDO SOUSA", "texto_original": "http://sapl.olinda.pe.leg.br/media/", "ementa": "Requer a troca de l\u00e2mpada do poste localizado na Rua 62 pr\u00f3ximo ao bloco A, 4\u00aa Etapa, Rio Doce;"}, {"id": "3427", "ano": "2021", "numero": "1192", "tipo__sigla": "REQ", "tipo__descricao": "REQUERIMENTO", "autoria": "14 - RICARDO SOUSA", "texto_original": "http://sapl.olinda.pe.leg.br/media/", "ementa": "Requer a troca de l\u00e2mpada do poste localizado na Rua 62 pr\u00f3ximo ao bloco B da quadra 18, 4\u00aa Etapa, Rio Doce;"}, {"id": "3428", "ano": "2021", "numero": "1193", "tipo__sigla": "REQ", "tipo__descricao": "REQUERIMENTO", "autoria": "14 - RICARDO SOUSA", "texto_original": "http://sapl.olinda.pe.leg.br/media/", "ementa": "Requer a troca de l\u00e2mpada do poste localizado na Rua 62 pr\u00f3ximo ao bloco A da quadra 18, 4\u00aa Etapa, Rio Doce;"}, {"id": "3429", "ano": "2021", "numero": "1194", "tipo__sigla": "REQ", "tipo__descricao": "REQUERIMENTO", "autoria": "14 - RICARDO SOUSA", "texto_original": "http://sapl.olinda.pe.leg.br/media/", "ementa": "Requer a troca de l\u00e2mpada do poste localizado na Rua 57 pr\u00f3ximo a quadra 201, 4\u00aa Etapa, Rio Doce;"}, {"id": "3430", "ano": "2021", "numero": "1195", "tipo__sigla": "REQ", "tipo__descricao": "REQUERIMENTO", "autoria": "14 - RICARDO SOUSA", "texto_original": "http://sapl.olinda.pe.leg.br/media/", "ementa": "Requer a troca de l\u00e2mpada do poste localizado na Rua 55 pr\u00f3ximo a quadra 23 em frente ao bloco D, 4\u00aa Etapa, Rio Doce;"}, {"id": "3431", "ano": "2021", "numero": "1196", "tipo__sigla": "REQ", "tipo__descricao": "REQUERIMENTO", "autoria": "14 - RICARDO SOUSA", "texto_original": "http://sapl.olinda.pe.leg.br/media/", "ementa": "Requer a troca de l\u00e2mpada do poste localizado na Rua 48 pr\u00f3ximo ao Campo do N\u00f4, 4\u00aa Etapa, Rio Doce;"}, {"id": "3432", "ano": "2021", "numero": "1197", "tipo__sigla": "REQ", "tipo__descricao": "REQUERIMENTO", "autoria": "14 - RICARDO SOUSA", "texto_original": "http://sapl.olinda.pe.leg.br/media/", "ementa": "Requer a troca de l\u00e2mpada do poste localizado na Rua 37, esquina com a Rua 39, 4\u00aa Etapa, Rio Doce;"}, {"id": "3433", "ano": "2021", "numero": "1198", "tipo__sigla": "REQ", "tipo__descricao": "REQUERIMENTO", "autoria": "14 - RICARDO SOUSA", "texto_original": "http://sapl.olinda.pe.leg.br/media/", "ementa": "Requer a troca de l\u00e2mpada do poste localizado na Rua 8 em frente a Vit\u00f3ria Variedades, 4\u00aa Etapa, Rio Doce;"}, {"id": "3434", "ano": "2021", "numero": "1199", "tipo__sigla": "REQ", "tipo__descricao": "REQUERIMENTO", "autoria": "14 - RICARDO SOUSA", "texto_original": "http://sapl.olinda.pe.leg.br/media/", "ementa": "Requer a troca de l\u00e2mpada do poste localizado na Avenida N\u00e1poles em frente a Igreja Pentecostal, 4\u00aa Etapa, Rio Doce;"}, {"id": "3435", "ano": "2021", "numero": "1200", "tipo__sigla": "REQ", "tipo__descricao": "REQUERIMENTO", "autoria": "14 - RICARDO SOUSA", "texto_original": "http://sapl.olinda.pe.leg.br/media/", "ementa": "Requer a troca de l\u00e2mpada do poste localizado na Avenida das Gra\u00e7as, pr\u00f3ximo a quadra 19, 4\u00aa Etapa, Rio Doce;"}, {"id": "3436", "ano": "2021", "numero": "1201", "tipo__sigla": "REQ", "tipo__descricao": "REQUERIMENTO", "autoria": "14 - RICARDO SOUSA", "texto_original": "http://sapl.olinda.pe.leg.br/media/", "ementa": "Requer a troca de l\u00e2mpada do poste localizado na Avenida das Gra\u00e7as, pr\u00f3ximo ao Bar do Maur\u00edcio, 4\u00aa Etapa, Rio Doce;"}, {"id": "3437", "ano": "2021", "numero": "1202", "tipo__sigla": "REQ", "tipo__descricao": "REQUERIMENTO", "autoria": "16 - Tonny Magalh\u00e3es", "texto_original": "http://sapl.olinda.pe.leg.br/media/", "ementa": "Requer Voto de Aplauso ao Sr. Marcionilo Antonio de Oliveira;"}, {"id": "3438", "ano": "2021", "numero": "1203", "tipo__sigla": "REQ", "tipo__descricao": "REQUERIMENTO", "autoria": "11 - Dete Silva", "texto_original": "http://sapl.olinda.pe.leg.br/media/", "ementa": "Requer A SOLICITA\u00c7\u00c3O DE \u2018TAMPA BURACO\u2019  NA RUA MARIANO TEIXEIRA - PEIXINHOS;"}, {"id": "3439", "ano": "2021", "numero": "1204", "tipo__sigla": "REQ", "tipo__descricao": "REQUERIMENTO", "autoria": "11 - Dete Silva", "texto_original": "http://sapl.olinda.pe.leg.br/media/", "ementa": "Requer SOLICITA\u00c7\u00c3O DE CAL\u00c7AMENTO,  NA RUA TORBENITA VERDE - JARDIM ATL\u00c2NTICO;"}, {"id": "3440", "ano": "2021", "numero": "1205", "tipo__sigla": "REQ", "tipo__descricao": "REQUERIMENTO", "autoria": "11 - Dete Silva", "texto_original": "http://sapl.olinda.pe.leg.br/media/", "ementa": "Requer A SOLICITA\u00c7\u00c3O DE CAL\u00c7AMENTO,  NA RUA DO PROGRESSO, RIO DOCE;"}, {"id": "3441", "ano": "2021", "numero": "1206", "tipo__sigla": "REQ", "tipo__descricao": "REQUERIMENTO", "autoria": "11 - Dete Silva", "texto_original": "http://sapl.olinda.pe.leg.br/media/", "ementa": "Requer CAL\u00c7AMENTO, NA RUA UNI\u00c3O, JARDIM ATL\u00c2NTICO;"}, {"id": "3442", "ano": "2021", "numero": "1207", "tipo__sigla": "REQ", "tipo__descricao": "REQUERIMENTO", "autoria": "11 - Dete Silva", "texto_original": "http://sapl.olinda.pe.leg.br/media/", "ementa": "Requer CAL\u00c7AMENTO,  NA RUA MILTON LUNDGREN - JARDIM ATL\u00c2NTICO;"}, {"id": "3443", "ano": "2021", "numero": "1208", "tipo__sigla": "REQ", "tipo__descricao": "REQUERIMENTO", "autoria": "11 - Dete Silva", "texto_original": "http://sapl.olinda.pe.leg.br/media/", "ementa": "Requer CAL\u00c7AMENTO, NA RUA CARLOS PENA FILHO \u2013 FRAGOSO;"}, {"id": "3444", "ano": "2021", "numero": "1209", "tipo__sigla": "REQ", "tipo__descricao": "REQUERIMENTO", "autoria": "11 - Dete Silva", "texto_original": "http://sapl.olinda.pe.leg.br/media/", "ementa": "Requer \u2018TAMPA BURACO\u2019, NA RUA QUINZE DE NOVEMBRO, VARADOURO;"}, {"id": "3445", "ano": "2021", "numero": "1210", "tipo__sigla": "REQ", "tipo__descricao": "REQUERIMENTO", "autoria": "11 - Dete Silva", "texto_original": "http://sapl.olinda.pe.leg.br/media/", "ementa": "Requer RETIRADA DE ENTULHOS ( ao lado do Conjunto Habitacional Peixinhos I) NA AV. ANT\u00d4NIO DA COSTA AZEVEDO - PEIXINHOS;"}, {"id": "3446", "ano": "2021", "numero": "1211", "tipo__sigla": "REQ", "tipo__descricao": "REQUERIMENTO", "autoria": "11 - Dete Silva", "texto_original": "http://sapl.olinda.pe.leg.br/media/", "ementa": "Requer TROCA DE LAMPADA N\u00ba A075751 (Campo do Olind\u00e3o) NA RUA RIO GRANDE DO SUL - JARDIM BRASIL;"}, {"id": "3447", "ano": "2021", "numero": "1212", "tipo__sigla": "REQ", "tipo__descricao": "REQUERIMENTO", "autoria": "11 - Dete Silva", "texto_original": "http://sapl.olinda.pe.leg.br/media/", "ementa": "Requer TROCA DE LAMPADA N\u00ba A013228 e N\u00ba A011098 NA AVENIDA N\u00c1POLES, RIO DOCE;"}, {"id": "3448", "ano": "2021", "numero": "1213", "tipo__sigla": "REQ", "tipo__descricao": "REQUERIMENTO", "autoria": "11 - Dete Silva", "texto_original": "http://sapl.olinda.pe.leg.br/media/", "ementa": "Requer REVITALIZA\u00c7\u00c3O DA NUMERA\u00c7\u00c3O DOS DOIS POSTES E TROCA DE LAMPADA PONTUANDO QUE UM DELES NECESSITA DE BRA\u00c7O, L\u00c2MPADA, RELLER E REATOR (em frete a casa n\u00ba 558) NA AVENIDA DA INTEGRA\u00c7\u00c3O (ILHA DE SANTANA) JARDIM ATL\u00c2NTICO;"}, {"id": "3449", "ano": "2021", "numero": "1214", "tipo__sigla": "REQ", "tipo__descricao": "REQUERIMENTO", "autoria": "11 - Dete Silva", "texto_original": "http://sapl.olinda.pe.leg.br/media/", "ementa": "Requer TROCA DE LAMPADA N\u00ba A022513 (em frente ao condom\u00ednio n\u00ba 333) NA AVENIDA DO CONTORNO, JARDIM ATL\u00c2NTICO;"}, {"id": "3450", "ano": "2021", "numero": "1215", "tipo__sigla": "REQ", "tipo__descricao": "REQUERIMENTO", "autoria": "11 - Dete Silva", "texto_original": "http://sapl.olinda.pe.leg.br/media/", "ementa": "Requer TROCA DE LAMPADA N\u00ba A005811 (Em frente \u00e0 casa n\u00ba 36) NA RUA CICLAME, JARDIM ATL\u00c2NTICO;"}, {"id": "3451", "ano": "2021", "numero": "1216", "tipo__sigla": "REQ", "tipo__descricao": "REQUERIMENTO", "autoria": "11 - Dete Silva", "texto_original": "http://sapl.olinda.pe.leg.br/media/", "ementa": "Requer TROCA DE LAMPADA N\u00ba A014677 (em frente a casa n\u00ba 50) NA RUA SALGUEIRO-BRANCO, JARDIM ATL\u00c2NTICO;"}, {"id": "3454", "ano": "2021", "numero": "1217", "tipo__sigla": "REQ", "tipo__descricao": "REQUERIMENTO", "autoria": "10 - Joj\u00f3 Guerra", "texto_original": "http://sapl.olinda.pe.leg.br/media/", "ementa": "Requer poda\u00e7\u00e3o de arvores e galhos na ladeira do Giz (acesso ao Alto da Conquista), \u00c1guas Compridas;"}, {"id": "3455", "ano": "2021", "numero": "1218", "tipo__sigla": "REQ", "tipo__descricao": "REQUERIMENTO", "autoria": "10 - Joj\u00f3 Guerra", "texto_original": "http://sapl.olinda.pe.leg.br/media/", "ementa": "Requer a ratifica\u00e7\u00e3o e condu\u00e7\u00e3o do material de uma \u00e1rvore, na estrada de \u00c1guas Compridas n\u00ba1404;"}, {"id": "3456", "ano": "2021", "numero": "1219", "tipo__sigla": "REQ", "tipo__descricao": "REQUERIMENTO", "autoria": "11 - Dete Silva", "texto_original": "http://sapl.olinda.pe.leg.br/media/", "ementa": "Requer RETIRADA DA ARVORE (em frente ao lava jato ander detalhe) RUA DA AMORA - (4\u00aa ETAPA), RIO DOCE;"}, {"id": "3457", "ano": "2021", "numero": "1220", "tipo__sigla": "REQ", "tipo__descricao": "REQUERIMENTO", "autoria": "11 - Dete Silva", "texto_original": "http://sapl.olinda.pe.leg.br/media/", "ementa": "Requer RETIRADA DOS ENTULHOS EM FRENTE A ESCOLA MUNICIPAL GREG\u00d3RIO BEZERRA LOCALIZADA NA RUA SANTANA - JARDIM ATL\u00c2NTICO;"}, {"id": "3458", "ano": "2021", "numero": "1221", "tipo__sigla": "REQ", "tipo__descricao": "REQUERIMENTO", "autoria": "11 - Dete Silva", "texto_original": "http://sapl.olinda.pe.leg.br/media/", "ementa": "Requer TROCA DE LAMPADA N\u00ba A001791 (em frente a casa n\u00ba 136) NA AVENIDA D - (4\u00aa ETAPA), RIO DOCE;"}, {"id": "3459", "ano": "2021", "numero": "1222", "tipo__sigla": "REQ", "tipo__descricao": "REQUERIMENTO", "autoria": "16 - Tonny Magalh\u00e3es", "texto_original": "http://sapl.olinda.pe.leg.br/media/", "ementa": "Requer Voto de aplausos ao Sr. Fabiano Pedro da Silva;"}, {"id": "3460", "ano": "2021", "numero": "1223", "tipo__sigla": "REQ", "tipo__descricao": "REQUERIMENTO", "autoria": "16 - Tonny Magalh\u00e3es", "texto_original": "http://sapl.olinda.pe.leg.br/media/", "ementa": "Requer capina\u00e7\u00e3o e limpeza, da Quadra 44 - Bloco A - Rua 17, Rio Doce;"}, {"id": "3461", "ano": "2021", "numero": "1224", "tipo__sigla": "REQ", "tipo__descricao": "REQUERIMENTO", "autoria": "16 - Tonny Magalh\u00e3es", "texto_original": "http://sapl.olinda.pe.leg.br/media/", "ementa": "Requer capina\u00e7\u00e3o e limpeza em geral, na via de acesso social do Coletivo Beco Cultural, situada \u00e0 Rua Jos\u00e9 dias Raposo, S/N, Morro do Peludo, Ouro Preto;"}, {"id": "3465", "ano": "2021", "numero": "1225", "tipo__sigla": "REQ", "tipo__descricao": "REQUERIMENTO", "autoria": "11 - Dete Silva", "texto_original": "http://sapl.olinda.pe.leg.br/media/", "ementa": "Requer A INCLUS\u00c3O DE UM CLINICO GERAL E UTENS\u00cdLIOS MEDICOS PARA UNIDADE B\u00c1SICA DE SA\u00daDE VILA MANCHETE LOCALIZADO NA RUA CAFEEIRO, 112 - OURO PRETO;"}, {"id": "3466", "ano": "2021", "numero": "1226", "tipo__sigla": "REQ", "tipo__descricao": "REQUERIMENTO", "autoria": "11 - Dete Silva", "texto_original": "http://sapl.olinda.pe.leg.br/media/", "ementa": "Requer INCLUS\u00c3O DOS HABITACIONAIS PEIXINHOS I E II NO MAMA M\u00d3VEL, HABITACIONAIS ESSES  LOCALIZADOS NO BAIRRO DE PEIXINHOS;"}, {"id": "3467", "ano": "2021", "numero": "1227", "tipo__sigla": "REQ", "tipo__descricao": "REQUERIMENTO", "autoria": "11 - Dete Silva", "texto_original": "http://sapl.olinda.pe.leg.br/media/", "ementa": "Requer CAL\u00c7AMENTO,  NA RUA DO JASMIM - (3\u00aa ETAPA), RIO DOCE;"}, {"id": "3468", "ano": "2021", "numero": "1228", "tipo__sigla": "REQ", "tipo__descricao": "REQUERIMENTO", "autoria": "11 - Dete Silva", "texto_original": "http://sapl.olinda.pe.leg.br/media/", "ementa": "Requer INCLUS\u00c3O DO HABITACIONAL JULIA BEATRIZ NO MAMA M\u00d3VEL, HABITACIONAL ESSE  LOCALIZADO NA RUA TRINTA E OITO - RIO DOCE;"}, {"id": "3469", "ano": "2021", "numero": "1229", "tipo__sigla": "REQ", "tipo__descricao": "REQUERIMENTO", "autoria": "11 - Dete Silva", "texto_original": "http://sapl.olinda.pe.leg.br/media/", "ementa": "Requer INCLUS\u00c3O DO CONJUNTO HABITACIONAL CARLOS LAMARCA NO MAMA M\u00d3VEL, HABITACIONAL ESSE  LOCALIZADO NA Avenida DAS GAR\u00c7AS, 800 - RIO DOCE;"}, {"id": "3470", "ano": "2021", "numero": "1230", "tipo__sigla": "REQ", "tipo__descricao": "REQUERIMENTO", "autoria": "11 - Dete Silva", "texto_original": "http://sapl.olinda.pe.leg.br/media/", "ementa": "Requer TROCA DE LAMPADA NO N\u00ba E025531 E OUTRO REVITALIZA\u00c7\u00c3O DA NUMERA\u00c7\u00c3O E TROCA DE LAMPADA (em frente a casa n\u00ba 106) NA RUA QUARENTA E SETE - (4\u00aa ETAPA), RIO DOCE;"}, {"id": "3471", "ano": "2021", "numero": "1231", "tipo__sigla": "REQ", "tipo__descricao": "REQUERIMENTO", "autoria": "11 - Dete Silva", "texto_original": "http://sapl.olinda.pe.leg.br/media/", "ementa": "Requer TROCA DE LAMPADA N\u00ba A007206 (em frente a casa n\u00ba 155) NA RUA PADRE ANT\u00d4NIO HENRIQUE - (3\u00aa ETAPA), RIO DOCE;"}, {"id": "3474", "ano": "2021", "numero": "1232", "tipo__sigla": "REQ", "tipo__descricao": "REQUERIMENTO", "autoria": "17 - Vinicius Castello", "texto_original": "http://sapl.olinda.pe.leg.br/media/", "ementa": "Requer mo\u00e7\u00e3o de pesar em virtude do falecimento da Sr\u00aa Lenira de Carvalho;"}, {"id": "3475", "ano": "2021", "numero": "1233", "tipo__sigla": "REQ", "tipo__descricao": "REQUERIMENTO", "autoria": "17 - Vinicius Castello", "texto_original": "http://sapl.olinda.pe.leg.br/media/", "ementa": "Requer A LIGA\u00c7\u00c3O EL\u00c9TRICA DO POSTE LOCALIZADO NA TRAVESSA ROTARY, 158, SITIO NOVO;"}, {"id": "3476", "ano": "2021", "numero": "1234", "tipo__sigla": "REQ", "tipo__descricao": "REQUERIMENTO", "autoria": "17 - Vinicius Castello", "texto_original": "http://sapl.olinda.pe.leg.br/media/", "ementa": "Requer  UM COLETOR DE LIXO PARA A AVENIDA DA SAUDADE, GUADALUPE;"}, {"id": "3477", "ano": "2021", "numero": "1235", "tipo__sigla": "REQ", "tipo__descricao": "REQUERIMENTO", "autoria": "17 - Vinicius Castello", "texto_original": "http://sapl.olinda.pe.leg.br/media/", "ementa": "Requer INDICA\u00c7\u00c3O PARA A ADO\u00c7\u00c3O DE MEDIDAS QUE GARANTEM A ASSIST\u00caNCIA, CONTROLE SANIT\u00c1RIO E PROTE\u00c7\u00c3O ANIMAL, CONFORME LEI ESTADUAL 14139/2010;"}, {"id": "3479", "ano": "2021", "numero": "1236", "tipo__sigla": "REQ", "tipo__descricao": "REQUERIMENTO", "autoria": "16 - Tonny Magalh\u00e3es", "texto_original": "http://sapl.olinda.pe.leg.br/media/", "ementa": "Requer a desobstru\u00e7\u00e3o das canaletas da Rua \u00c9bano, Ouro Preto;"}, {"id": "3480", "ano": "2021", "numero": "1237", "tipo__sigla": "REQ", "tipo__descricao": "REQUERIMENTO", "autoria": "09 - Fl\u00e1vio Nascimento", "texto_original": "http://sapl.olinda.pe.leg.br/media/", "ementa": "Requer  Servi\u00e7o de Saneamento e Pavimenta\u00e7\u00e3o Asf\u00e1ltica da Rua Bahia no Bairro de Jardim Brasil;"}, {"id": "3481", "ano": "2021", "numero": "1238", "tipo__sigla": "REQ", "tipo__descricao": "REQUERIMENTO", "autoria": "09 - Fl\u00e1vio Nascimento", "texto_original": "http://sapl.olinda.pe.leg.br/media/", "ementa": "Requer recoloca\u00e7\u00e3o de Placas e limpeza das canaletas, em toda extens\u00e3o na Rua Jequi\u00e9 no bairro de Jardim Brasil;"}, {"id": "3482", "ano": "2021", "numero": "1239", "tipo__sigla": "REQ", "tipo__descricao": "REQUERIMENTO", "autoria": "09 - Fl\u00e1vio Nascimento", "texto_original": "http://sapl.olinda.pe.leg.br/media/", "ementa": "Requer  Servi\u00e7o de Saneamento e Pavimenta\u00e7\u00e3o Asf\u00e1ltica da Rua Mataripe no Bairro de Jardim Brasil;"}, {"id": "3483", "ano": "2021", "numero": "1240", "tipo__sigla": "REQ", "tipo__descricao": "REQUERIMENTO", "autoria": "09 - Fl\u00e1vio Nascimento", "texto_original": "http://sapl.olinda.pe.leg.br/media/", "ementa": "Requer Servi\u00e7o de Saneamento e Pavimenta\u00e7\u00e3o Asf\u00e1ltica da Rua Ilh\u00e9us no Bairro de Jardim Brasil;"}, {"id": "3484", "ano": "2021", "numero": "1241", "tipo__sigla": "REQ", "tipo__descricao": "REQUERIMENTO", "autoria": "09 - Fl\u00e1vio Nascimento", "texto_original": "http://sapl.olinda.pe.leg.br/media/", "ementa": "Requer Servi\u00e7o de Saneamento e Pavimenta\u00e7\u00e3o Asf\u00e1ltica da Rua Salvador no Bairro de Jardim Brasil;"}, {"id": "3485", "ano": "2021", "numero": "1242", "tipo__sigla": "REQ", "tipo__descricao": "REQUERIMENTO", "autoria": "16 - BIAI", "texto_original": "http://sapl.olinda.pe.leg.br/media/", "ementa": "Requer o recapeamento da Rua A-17, na 1\u00aa Etapa, Rio Doce;"}, {"id": "3486", "ano": "2021", "numero": "1243", "tipo__sigla": "REQ", "tipo__descricao": "REQUERIMENTO", "autoria": "16 - BIAI", "texto_original": "http://sapl.olinda.pe.leg.br/media/", "ementa": "Requer o recapeamento da Rua das Rosas, na 2\u00aa Etapa, Rio Doce;"}, {"id": "3487", "ano": "2021", "numero": "1244", "tipo__sigla": "REQ", "tipo__descricao": "REQUERIMENTO", "autoria": "16 - BIAI", "texto_original": "http://sapl.olinda.pe.leg.br/media/", "ementa": "Requer o recapeamento da Rua Bacharel Jos\u00e9 Mario de Oliveira, na 1\u00aa Etapa, Rio Doce;"}, {"id": "3488", "ano": "2021", "numero": "1245", "tipo__sigla": "REQ", "tipo__descricao": "REQUERIMENTO", "autoria": "16 - BIAI", "texto_original": "http://sapl.olinda.pe.leg.br/media/", "ementa": "Requer o recapeamento da Rua Cl\u00e1udio Uch\u00f4a Cavalcante, na 1\u00aa Etapa, Rio Doce;"}, {"id": "3489", "ano": "2021", "numero": "1246", "tipo__sigla": "REQ", "tipo__descricao": "REQUERIMENTO", "autoria": "16 - BIAI", "texto_original": "http://sapl.olinda.pe.leg.br/media/", "ementa": "Requer o recapeamento da Rua das Orqu\u00eddeas, na 2\u00aa Etapa, Rio Doce;"}, {"id": "3490", "ano": "2021", "numero": "1247", "tipo__sigla": "REQ", "tipo__descricao": "REQUERIMENTO", "autoria": "16 - BIAI", "texto_original": "http://sapl.olinda.pe.leg.br/media/", "ementa": "Requer o recapeamento da Rua Maria do Carmo Vieira, na 1\u00aa Etapa, Rio Doce;"}, {"id": "3491", "ano": "2021", "numero": "1248", "tipo__sigla": "REQ", "tipo__descricao": "REQUERIMENTO", "autoria": "16 - BIAI", "texto_original": "http://sapl.olinda.pe.leg.br/media/", "ementa": "Requer o recapeamento da Rua das Flores, na 2\u00aa Etapa, Rio Doce;"}, {"id": "3492", "ano": "2021", "numero": "1249", "tipo__sigla": "REQ", "tipo__descricao": "REQUERIMENTO", "autoria": "16 - BIAI", "texto_original": "http://sapl.olinda.pe.leg.br/media/", "ementa": "Requer o recapeamento da Rua Maestro N\u00e9lson Ferreira, na 1\u00aa Etapa, Rio Doce;"}, {"id": "3493", "ano": "2021", "numero": "1250", "tipo__sigla": "REQ", "tipo__descricao": "REQUERIMENTO", "autoria": "16 - BIAI", "texto_original": "http://sapl.olinda.pe.leg.br/media/", "ementa": "Requer o recapeamento da Rua Levino Ferreira, na 1\u00aa Etapa, Rio Doce;"}, {"id": "3494", "ano": "2021", "numero": "1251", "tipo__sigla": "REQ", "tipo__descricao": "REQUERIMENTO", "autoria": "16 - BIAI", "texto_original": "http://sapl.olinda.pe.leg.br/media/", "ementa": "Requer o recapeamento da Rua A-9, na 1\u00aa Etapa, Rio Doce;"}, {"id": "3495", "ano": "2021", "numero": "1252", "tipo__sigla": "REQ", "tipo__descricao": "REQUERIMENTO", "autoria": "16 - BIAI", "texto_original": "http://sapl.olinda.pe.leg.br/media/", "ementa": "Requer a reposi\u00e7\u00e3o urgente do cal\u00e7amento da Rua Marcolino Botelho, Jardim Fragoso, entre a ponte e a Rua Di\u00f3genes Fernandes T\u00e1vora;"}, {"id": "3496", "ano": "2021", "numero": "1253", "tipo__sigla": "REQ", "tipo__descricao": "REQUERIMENTO", "autoria": "16 - BIAI", "texto_original": "http://sapl.olinda.pe.leg.br/media/", "ementa": "Requer o recapeamento da Rua A-06, na 1\u00aa Etapa, Rio Doce;"}, {"id": "3497", "ano": "2021", "numero": "1254", "tipo__sigla": "REQ", "tipo__descricao": "REQUERIMENTO", "autoria": "10 - Joj\u00f3 Guerra", "texto_original": "http://sapl.olinda.pe.leg.br/media/", "ementa": "Requer a poda\u00e7\u00e3o de \u00e1rvores na Rua Gilbaltrar, C\u00f3rrego da Bondade;"}, {"id": "3504", "ano": "2021", "numero": "1255", "tipo__sigla": "REQ", "tipo__descricao": "REQUERIMENTO", "autoria": "11 - Dete Silva", "texto_original": "http://sapl.olinda.pe.leg.br/media/", "ementa": "Requer PODA\u00c7\u00c3O E INCLUS\u00c3O DE ILUMINA\u00c7\u00c3O NA PRA\u00c7A LOCALIZADA NA RUA CATARINA BATISTA DE ALEN\u00c7AR - BAIRRO NOVO;"}, {"id": "3505", "ano": "2021", "numero": "1256", "tipo__sigla": "REQ", "tipo__descricao": "REQUERIMENTO", "autoria": "11 - Dete Silva", "texto_original": "http://sapl.olinda.pe.leg.br/media/", "ementa": "Requer CAL\u00c7AMENTO,  NA RUA. CATARINA BATISTA DE ALEN\u00c7AR \u2013 FRAGOSO;"}, {"id": "3506", "ano": "2021", "numero": "1257", "tipo__sigla": "REQ", "tipo__descricao": "REQUERIMENTO", "autoria": "11 - Dete Silva", "texto_original": "http://sapl.olinda.pe.leg.br/media/", "ementa": "Requer CAL\u00c7AMENTO,  NA RUA VINTE E SETE (5\u00aa etapa), RIO DOCE;"}, {"id": "3507", "ano": "2021", "numero": "1258", "tipo__sigla": "REQ", "tipo__descricao": "REQUERIMENTO", "autoria": "11 - Dete Silva", "texto_original": "http://sapl.olinda.pe.leg.br/media/", "ementa": "Requer CAL\u00c7AMENTO,  NA RUA ARTUR SERPA \u2013 FRAGOSO;"}, {"id": "3508", "ano": "2021", "numero": "1259", "tipo__sigla": "REQ", "tipo__descricao": "REQUERIMENTO", "autoria": "11 - Dete Silva", "texto_original": "http://sapl.olinda.pe.leg.br/media/", "ementa": "Requer DESOBSTRU\u00c7\u00c3O CANALETAS E INCLUS\u00c3O DE PLACAS NO BECO DA MARINETE, (4\u00aa etapa)  RIO DOCE;"}, {"id": "3509", "ano": "2021", "numero": "1260", "tipo__sigla": "REQ", "tipo__descricao": "REQUERIMENTO", "autoria": "11 - Dete Silva", "texto_original": "http://sapl.olinda.pe.leg.br/media/", "ementa": "Requer TROCA DE LAMPADA E DOIS POSTES (A013849 E OUTRO QUE NECESSITA A REVITALIZA\u00c7\u00c3O DA NUMERA\u00c7\u00c3O) AMBOS LOCALIZADOS NA RUA CINQ\u00dcENTA E SETE - (4\u00aa etapa), RIO DOCE;"}, {"id": "3510", "ano": "2021", "numero": "1261", "tipo__sigla": "REQ", "tipo__descricao": "REQUERIMENTO", "autoria": "10 - Joj\u00f3 Guerra", "texto_original": "http://sapl.olinda.pe.leg.br/media/", "ementa": "Requer an\u00e1lise e repara\u00e7\u00e3o buracos abertos devido a problemas na via hidr\u00e1ulica da COMPESA, entre a Rua Doze de Dezembro e Estrada de \u00c1guas Comprida;"}, {"id": "3511", "ano": "2021", "numero": "1262", "tipo__sigla": "REQ", "tipo__descricao": "REQUERIMENTO", "autoria": "10 - Joj\u00f3 Guerra", "texto_original": "http://sapl.olinda.pe.leg.br/media/", "ementa": "Requer troca de lumin\u00e1rias na estrada de \u00c1guas Compridas, em frente a Academia Topfitness, Entrada do Alto Cajueiro, \u00c1guas Compridas;"}, {"id": "3512", "ano": "2021", "numero": "1263", "tipo__sigla": "REQ", "tipo__descricao": "REQUERIMENTO", "autoria": "11 - Dete Silva", "texto_original": "http://sapl.olinda.pe.leg.br/media/", "ementa": "Requer RETIRADA DE ENTULHOS NA RUA J (ilha de santana) JARDIM ATL\u00c2NTICO;"}, {"id": "3513", "ano": "2021", "numero": "1264", "tipo__sigla": "REQ", "tipo__descricao": "REQUERIMENTO", "autoria": "11 - Dete Silva", "texto_original": "http://sapl.olinda.pe.leg.br/media/", "ementa": "Requer TROCA DE LAMPADA E REVITALIZA\u00c7\u00c3O DA NUMERA\u00c7\u00c3O (em frente a casa 741) RUA ROSA SILVESTRE - JARDIM ATL\u00c2NTICO;"}, {"id": "3514", "ano": "2021", "numero": "1265", "tipo__sigla": "REQ", "tipo__descricao": "REQUERIMENTO", "autoria": "11 - Dete Silva", "texto_original": "http://sapl.olinda.pe.leg.br/media/", "ementa": "Requer TROCA DE LAMPADA N\u00ba A022315 NA AV. TIRADENTES, (4\u00aa etapa) - RIO DOCE;"}, {"id": "3517", "ano": "2021", "numero": "1266", "tipo__sigla": "REQ", "tipo__descricao": "REQUERIMENTO", "autoria": "10 - Joj\u00f3 Guerra", "texto_original": "http://sapl.olinda.pe.leg.br/media/", "ementa": "Requer o servi\u00e7o de drenagem e limpeza da via hidr\u00e1ulica na Rua Pedro Ivo, Sapucaia;"}, {"id": "3518", "ano": "2021", "numero": "1267", "tipo__sigla": "REQ", "tipo__descricao": "REQUERIMENTO", "autoria": "16 - Tonny Magalh\u00e3es", "texto_original": "http://sapl.olinda.pe.leg.br/media/", "ementa": "Requer a manuten\u00e7\u00e3o de l\u00e2mpada do poste que fica na Rua Caraguat\u00e1, em frente ao N\u00ba 66, Jardim Atl\u00e2ntico;"}, {"id": "3520", "ano": "2021", "numero": "1268", "tipo__sigla": "REQ", "tipo__descricao": "REQUERIMENTO", "autoria": "11 - Dete Silva", "texto_original": "http://sapl.olinda.pe.leg.br/media/", "ementa": "Requer DOA\u00c7\u00c3O DE PARTE DO TERRENO DO USF ILHA DE SANTANA I E II PARA O CENTRO MUNICIPAL DE EDUCA\u00c7\u00c3O INFANTIL PROFESSOR ANT\u00d4NIO FERREIRA SOBRAL (CEMEI) LOCALIZADO AVENIDA DA INTEGRACAO, S/N ILHA DE SANTANA;"}, {"id": "3521", "ano": "2021", "numero": "1269", "tipo__sigla": "REQ", "tipo__descricao": "REQUERIMENTO", "autoria": "11 - Dete Silva", "texto_original": "http://sapl.olinda.pe.leg.br/media/", "ementa": "Requer CAPINA\u00c7\u00c3O A CADA M\u00caS, ESCOLA MUNICIPAL GREG\u00d3RIO BEZERRA RUA SANTANA - JARDIM ATL\u00c2NTICO;"}, {"id": "3522", "ano": "2021", "numero": "1270", "tipo__sigla": "REQ", "tipo__descricao": "REQUERIMENTO", "autoria": "11 - Dete Silva", "texto_original": "http://sapl.olinda.pe.leg.br/media/", "ementa": "Requer REGULARIZA\u00c7\u00c3O DA ENTREGA DE CORRESPONDENCIAS DA COMUNIDADE CABO GATO;"}, {"id": "3523", "ano": "2021", "numero": "1271", "tipo__sigla": "REQ", "tipo__descricao": "REQUERIMENTO", "autoria": "11 - Dete Silva", "texto_original": "http://sapl.olinda.pe.leg.br/media/", "ementa": "Requer INSTALA\u00c7\u00c3O DE COMPUTADORES E ATIVA\u00c7\u00c3O DO LABORATORIO DE INFORMATICA DA ESCOLA MUNICIPAL GREG\u00d3RIO BEZERRA RUA SANTANA - JARDIM ATL\u00c2NTICO;"}, {"id": "3524", "ano": "2021", "numero": "1272", "tipo__sigla": "REQ", "tipo__descricao": "REQUERIMENTO", "autoria": "11 - Dete Silva", "texto_original": "http://sapl.olinda.pe.leg.br/media/", "ementa": "Requer TROCA DE LAMPADA E REVITALIZA\u00c7\u00c3O DA NUMERA\u00c7\u00c3O EM FRENTE A CASA N\u00ba 15 NA RUA TRINTA E SETE - (4\u00aa ETAPA), RIO DOCE;"}, {"id": "3525", "ano": "2021", "numero": "1273", "tipo__sigla": "REQ", "tipo__descricao": "REQUERIMENTO", "autoria": "11 - Dete Silva", "texto_original": "http://sapl.olinda.pe.leg.br/media/", "ementa": "Requer CONSTRU\u00c7\u00c3O DE UMA MINI QUADRA, JUNTAMENTE COM UM PARQUE, COM ACESSO DA ESCOLA MUNICIPAL GREG\u00d3RIO BEZERRA E CENTRO MUNICIPAL DE EDUCA\u00c7\u00c3O INFANTIL PROFESSOR ANT\u00d4NIO FERREIRA SOBRAL (CEMEI) LOCALIZADO AMBOS NA ILHA DE SANTANA - JARDIM ATL\u00c2NTICO;"}, {"id": "3526", "ano": "2021", "numero": "1274", "tipo__sigla": "REQ", "tipo__descricao": "REQUERIMENTO", "autoria": "11 - Dete Silva", "texto_original": "http://sapl.olinda.pe.leg.br/media/", "ementa": "Requer CONSTRU\u00c7\u00c3O DE UMA LOMBADA, EM FRENTE \u00c0 ESCOLA ESP\u00cdRITO SANTO, LOCALIZADA NA RUA ESP\u00cdRITO SANTO, 79 - JARDIM BRASIL I;"}, {"id": "3527", "ano": "2021", "numero": "1275", "tipo__sigla": "REQ", "tipo__descricao": "REQUERIMENTO", "autoria": "11 - Dete Silva", "texto_original": "http://sapl.olinda.pe.leg.br/media/", "ementa": "Requer MANUTEN\u00c7\u00c3O NAS INFILTRA\u00c7\u00d5ES, ESCOLA MUNICIPAL GREG\u00d3RIO BEZERRA RUA SANTANA - JARDIM ATL\u00c2NTICO;"}, {"id": "3528", "ano": "2021", "numero": "1276", "tipo__sigla": "REQ", "tipo__descricao": "REQUERIMENTO", "autoria": "11 - Dete Silva", "texto_original": "http://sapl.olinda.pe.leg.br/media/", "ementa": "Requer TROCA DE LAMPADA DE DOIS POSTES UM A005036 EM FRENTE A CASA N\u00ba 220 E OUTRO SEM NUMERO EM FRENTE A CASA DE N\u00ba 201 NA RUA ROSA DE OLIVEIRA, RIO DOCE ;"}, {"id": "3529", "ano": "2021", "numero": "1277", "tipo__sigla": "REQ", "tipo__descricao": "REQUERIMENTO", "autoria": "11 - Dete Silva", "texto_original": "http://sapl.olinda.pe.leg.br/media/", "ementa": "Requer REGULARIZA\u00c7\u00c3O DO RECEBIMENTO DE AGUA (COMPESA) PARA ESCOLA MUNICIPAL GREG\u00d3RIO BEZERRA RUA SANTANA - JARDIM ATL\u00c2NTICO;"}, {"id": "3530", "ano": "2021", "numero": "1278", "tipo__sigla": "REQ", "tipo__descricao": "REQUERIMENTO", "autoria": "11 - Dete Silva", "texto_original": "http://sapl.olinda.pe.leg.br/media/", "ementa": "Requer DESOBSTRU\u00c7\u00c3O DE CANALETAS NO CONDOR, XUXA, NOVA ESPERAN\u00c7A, SANTO AMARO, TRAVESSA ESPERAN\u00c7A COMUNIDADES ESSAS LOCALIZADAS NO BAIRRO DE PEIXINHOS;"}, {"id": "3531", "ano": "2021", "numero": "1279", "tipo__sigla": "REQ", "tipo__descricao": "REQUERIMENTO", "autoria": "10 - Joj\u00f3 Guerra", "texto_original": "http://sapl.olinda.pe.leg.br/media/", "ementa": "Requer servi\u00e7o de podamento e condu\u00e7\u00e3o do material de uma \u00e1rvore, na Primeira Travessa da Rua Santa Rosa n\u00ba 308, \u00c1guas Compridas;"}, {"id": "3532", "ano": "2021", "numero": "1280", "tipo__sigla": "REQ", "tipo__descricao": "REQUERIMENTO", "autoria": "10 - Joj\u00f3 Guerra", "texto_original": "http://sapl.olinda.pe.leg.br/media/", "ementa": "Requer troca de lumin\u00e1rias na Rua Seis de Janeiro \u00c1guas Compridas;"}, {"id": "3533", "ano": "2021", "numero": "1281", "tipo__sigla": "REQ", "tipo__descricao": "REQUERIMENTO", "autoria": "10 - Joj\u00f3 Guerra", "texto_original": "http://sapl.olinda.pe.leg.br/media/", "ementa": "Requer uma equipe para a an\u00e1lise e repara\u00e7\u00e3o buracos abertos devido a problemas na via hidr\u00e1ulica da COMPESA, na Estrada de Aguazinha, em frente a AMBEV;"}, {"id": "3534", "ano": "2021", "numero": "1282", "tipo__sigla": "REQ", "tipo__descricao": "REQUERIMENTO", "autoria": "10 - Joj\u00f3 Guerra", "texto_original": "http://sapl.olinda.pe.leg.br/media/", "ementa": "Requer uma equipe para a an\u00e1lise e repara\u00e7\u00e3o buracos abertos devido a problemas na via hidr\u00e1ulica da COMPESA, no Buraco do Afonso em \u00c1guas Compridas;"}, {"id": "3535", "ano": "2021", "numero": "1283", "tipo__sigla": "REQ", "tipo__descricao": "REQUERIMENTO", "autoria": "17 - Vinicius Castello", "texto_original": "http://sapl.olinda.pe.leg.br/media/", "ementa": "Requer TROCA  DA  LONA  DE  PROTE\u00c7\u00c3O  DA BARREIRA DO ROS\u00c1RIO, NA RUA IMA CUNHA, MONTE;"}, {"id": "3536", "ano": "2021", "numero": "1284", "tipo__sigla": "REQ", "tipo__descricao": "REQUERIMENTO", "autoria": "17 - Vinicius Castello", "texto_original": "http://sapl.olinda.pe.leg.br/media/", "ementa": "Requer LIGA\u00c7\u00c3O EL\u00c9TRICA  DO  POSTE  LOCALIZADO  NA  RUA  PIO  MORAIS  MAGALH\u00c3ES,  EM  FRENTE  AO  N\u00ba  328, SALGADINHO;"}, {"id": "3537", "ano": "2021", "numero": "1285", "tipo__sigla": "REQ", "tipo__descricao": "REQUERIMENTO", "autoria": "10 - Joj\u00f3 Guerra", "texto_original": "http://sapl.olinda.pe.leg.br/media/", "ementa": "Requer troca de lumin\u00e1rias na 2\u00aa Travessa da Nova Olinda, n\u00ba 142, \u00c1guas Compridas;"}, {"id": "3538", "ano": "2021", "numero": "1286", "tipo__sigla": "REQ", "tipo__descricao": "REQUERIMENTO", "autoria": "10 - Joj\u00f3 Guerra", "texto_original": "http://sapl.olinda.pe.leg.br/media/", "ementa": "Requer seja enviada equipes de trabalho para a an\u00e1lise e execu\u00e7\u00e3o de recupera\u00e7\u00e3o de uma boeiro aberto na subida da Ladeira \u2018\u2019dos Treze\u2019\u2019 em \u00c1guas Compridas;"}, {"id": "3539", "ano": "2021", "numero": "1287", "tipo__sigla": "REQ", "tipo__descricao": "REQUERIMENTO", "autoria": "10 - Joj\u00f3 Guerra", "texto_original": "http://sapl.olinda.pe.leg.br/media/", "ementa": "Requer seja enviada equipes de trabalho para a an\u00e1lise e execu\u00e7\u00e3o de recupera\u00e7\u00e3o de tampas de bueiros e bocas de lobo na Rua Francisco Gomes em Caixa D\u00b4\u00e1gua;"}, {"id": "3540", "ano": "2021", "numero": "1288", "tipo__sigla": "REQ", "tipo__descricao": "REQUERIMENTO", "autoria": "11 - Dete Silva", "texto_original": "http://sapl.olinda.pe.leg.br/media/", "ementa": "Requer Voto de Aplausos ao Sr. Murilo Rocha Wanderley;"}, {"id": "3545", "ano": "2021", "numero": "1289", "tipo__sigla": "REQ", "tipo__descricao": "REQUERIMENTO", "autoria": "10 - Joj\u00f3 Guerra", "texto_original": "http://sapl.olinda.pe.leg.br/media/", "ementa": "Requer recupera\u00e7\u00e3o de tampas de bueiros e bocas de lobo na Rua Francisco Gomes em Caixa D\u00b4\u00e1gua;"}, {"id": "3546", "ano": "2021", "numero": "1290", "tipo__sigla": "REQ", "tipo__descricao": "REQUERIMENTO", "autoria": "10 - Joj\u00f3 Guerra", "texto_original": "http://sapl.olinda.pe.leg.br/media/", "ementa": "Requer viabiliza\u00e7\u00e3o e refor\u00e7o nas rondas ostensivas da Pol\u00edcia Militar (PM) no bairro de \u00c1guas Compridas;"}, {"id": "3549", "ano": "2021", "numero": "1291", "tipo__sigla": "REQ", "tipo__descricao": "REQUERIMENTO", "autoria": "11 - Dete Silva", "texto_original": "http://sapl.olinda.pe.leg.br/media/", "ementa": "Requer TROCA DAS LAMPADAS E REVITALIZA\u00c7\u00d5ES NOS POSTES EM FRENTE \u00c0S CASAS DE N\u00ba 717, N\u00ba 120, N\u00ba 937, N\u00ba 62, N\u00ba 472, EM FRENTE A IGREJA PENTENCOSTAL E ASSEMBLEIA DE DEUS, E OUTRO EM FRENTE A LANCHONETE DA IRM\u00c3 TODOS  LOCALIZADOS NA AVENIDA JARDIM BRAS\u00cdLIA  - PEIXINHOS ;"}, {"id": "3550", "ano": "2021", "numero": "1292", "tipo__sigla": "REQ", "tipo__descricao": "REQUERIMENTO", "autoria": "11 - Dete Silva", "texto_original": "http://sapl.olinda.pe.leg.br/media/", "ementa": "Requer TROCA DE LAMPADA E REVITALIZA\u00c7\u00c3O DA NUMERA\u00c7\u00c3O EM FRENTE A CASA N\u00ba 135 NA RUA TRINTA E SETE - (4\u00aa ETAPA), RIO DOCE;"}, {"id": "3551", "ano": "2021", "numero": "1293", "tipo__sigla": "REQ", "tipo__descricao": "REQUERIMENTO", "autoria": "11 - Dete Silva", "texto_original": "http://sapl.olinda.pe.leg.br/media/", "ementa": "Requer TROCA DE LAMPADA E REVITALIZA\u00c7\u00c3O DA NUMERA\u00c7\u00c3O EM FRENTE \u00c0 CASA N\u00ba 05, NA RUA QUARENTA E NOVE - RIO DOCE;"}, {"id": "3552", "ano": "2021", "numero": "1294", "tipo__sigla": "REQ", "tipo__descricao": "REQUERIMENTO", "autoria": "11 - Dete Silva", "texto_original": "http://sapl.olinda.pe.leg.br/media/", "ementa": "Requer ENTREGA DO TITULO DE POSSE AOS RESIDENTES DA CAMUNIDADE DO CSU QUE POR CERCA DE 10 ANOS RESIDEM NA LOCALIDADE, LOCALIZADA NA (4\u00aa ETAPA) DE RIO DOCE - OLINDA \u2013 PE;"}, {"id": "3553", "ano": "2021", "numero": "1295", "tipo__sigla": "REQ", "tipo__descricao": "REQUERIMENTO", "autoria": "11 - Dete Silva", "texto_original": "http://sapl.olinda.pe.leg.br/media/", "ementa": "Requer A CONSTRU\u00c7\u00c3O DE UMA PRA\u00c7A A SER DENOMINDA J\u00d5AO DA BURRA NO ENTORNO DO CANAL DA AVENIDA TIRADENTES \u2013 RIO DOCE;"}, {"id": "3554", "ano": "2021", "numero": "1296", "tipo__sigla": "REQ", "tipo__descricao": "REQUERIMENTO", "autoria": "11 - Dete Silva", "texto_original": "http://sapl.olinda.pe.leg.br/media/", "ementa": "Requer TROCA DE LAMPADAS E REVITALIZA\u00c7\u00d5ES DAS NUMERA\u00c7\u00d5ES EM FRENTE \u00c0S CASAS DE N\u00ba 26, N\u00ba 40-A, N\u00ba 137 , NA AVENIDA N\u00c1POLES (4\u00aa ETAPA) - RIO DOCE;"}, {"id": "3555", "ano": "2021", "numero": "1297", "tipo__sigla": "REQ", "tipo__descricao": "REQUERIMENTO", "autoria": "11 - Dete Silva", "texto_original": "http://sapl.olinda.pe.leg.br/media/", "ementa": "Requer TROCA DE LAMPADA EM FRENTE \u00c0O BAR DA JANE NA RUA DOM BOSCO \u2013 PEIXINHOS;"}, {"id": "3556", "ano": "2021", "numero": "1298", "tipo__sigla": "REQ", "tipo__descricao": "REQUERIMENTO", "autoria": "11 - Dete Silva", "texto_original": "http://sapl.olinda.pe.leg.br/media/", "ementa": "Requer REGULARIZA\u00c7\u00c3O DO CEP DA COMUNIDADE DO CSU, LOCALIZADA NA 4\u00aa ETAPA DE RIO DOCE;"}, {"id": "3557", "ano": "2021", "numero": "1299", "tipo__sigla": "REQ", "tipo__descricao": "REQUERIMENTO", "autoria": "11 - Dete Silva", "texto_original": "http://sapl.olinda.pe.leg.br/media/", "ementa": "Requer  TROCA DE LAMPADA N\u00ba A023789 EM FRENTE \u00c0 CASA DE N\u00ba 176 NA RUA CAET\u00c9S, PEIXINHOS;"}, {"id": "3558", "ano": "2021", "numero": "1300", "tipo__sigla": "REQ", "tipo__descricao": "REQUERIMENTO", "autoria": "11 - Dete Silva", "texto_original": "http://sapl.olinda.pe.leg.br/media/", "ementa": "Requer TROCA DE LAMPADA DO POSTE N\u00ba A024071 E AO LADO DA ENTRADA DO RESIDENCIAL ALAMEDA PEIXINHOS NA RUA PROFESSOR DION\u00cdSIO MACIEL MONTEIRO \u2013 PEIXINHOS;"}, {"id": "3559", "ano": "2021", "numero": "1301", "tipo__sigla": "REQ", "tipo__descricao": "REQUERIMENTO", "autoria": "11 - Dete Silva", "texto_original": "http://sapl.olinda.pe.leg.br/media/", "ementa": "Requer TROCA DE LAMPADA EM FRENTE \u00c0 CASA DE N\u00ba 432 NA 1\u00aa TRAVESSA SANTANA, JARDIM ATL\u00c2NTICO, OLINDA;"}, {"id": "3560", "ano": "2021", "numero": "1302", "tipo__sigla": "REQ", "tipo__descricao": "REQUERIMENTO", "autoria": "11 - Dete Silva", "texto_original": "http://sapl.olinda.pe.leg.br/media/", "ementa": "Requer TROCA DE LAMPADA E REVITALIZA\u00c7\u00c3O DA NUMERA\u00c7\u00c3O DO POSTE EM FRENTE A CASA DE DONA CABOCLA NA RUA OURICURI, PEIXINHOS, OLINDA - PE - CEP 53220-240;"}, {"id": "3561", "ano": "2021", "numero": "1303", "tipo__sigla": "REQ", "tipo__descricao": "REQUERIMENTO", "autoria": "11 - Dete Silva", "texto_original": "http://sapl.olinda.pe.leg.br/media/", "ementa": "Requer TROCA DE LAMPADA N\u00ba A018545 E NOS POSTE S/N EM FRENTE AS CASAS 340 N\u00ba 564, N\u00ba 17 A \u2013 E NO POSTE DO PONTO DE TAXI NA AVENIDA ANT\u00d4NIO DA COSTA AZEVEDO \u2013 PEIXINHOS;"}, {"id": "3562", "ano": "2021", "numero": "1304", "tipo__sigla": "REQ", "tipo__descricao": "REQUERIMENTO", "autoria": "11 - Dete Silva", "texto_original": "http://sapl.olinda.pe.leg.br/media/", "ementa": "Requer TROCA DE LAMPADA  E REVITALIZA\u00c7\u00c3O DA NUMERA\u00c7\u00c3O NOS DOIS POSTES UM EM FRENTE A CASA N\u00ba 416 E OUTRO AO LADO DA GRANJA MIRIM ESQUINA PRA RUA JABOAT\u00c3O NA AVENIDA NACIONAL, PEIXINHOS;"}, {"id": "3563", "ano": "2021", "numero": "1305", "tipo__sigla": "REQ", "tipo__descricao": "REQUERIMENTO", "autoria": "11 - Dete Silva", "texto_original": "http://sapl.olinda.pe.leg.br/media/", "ementa": "Requer TROCA DE LAMPADA DO POST S/N EM FRENTE O CANTINHO DA ROSA NA RUA DOUTOR LISB\u00c3O COUTINHO, PEIXINHOS;"}, {"id": "3564", "ano": "2021", "numero": "1306", "tipo__sigla": "REQ", "tipo__descricao": "REQUERIMENTO", "autoria": "11 - Dete Silva", "texto_original": "http://sapl.olinda.pe.leg.br/media/", "ementa": "Requer TROCA DE LAMPADA EM FRENTE A BABY KIDS NA RUA PRIMEIRO DE JANEIRO \u2013 PEIXINHOS;"}, {"id": "3565", "ano": "2021", "numero": "1307", "tipo__sigla": "REQ", "tipo__descricao": "REQUERIMENTO", "autoria": "11 - Dete Silva", "texto_original": "http://sapl.olinda.pe.leg.br/media/", "ementa": "Requer TROCA DE LAMPADA E REVITALIZA\u00c7\u00c3O DOS POSTES EM FRENTE A CASA N\u00ba 159, N\u00ba 47, N\u00ba 35, N\u00ba 79 NA RUA DA TIMBA\u00daBA, PEIXINHOS;"}, {"id": "3566", "ano": "2021", "numero": "1308", "tipo__sigla": "REQ", "tipo__descricao": "REQUERIMENTO", "autoria": "11 - Dete Silva", "texto_original": "http://sapl.olinda.pe.leg.br/media/", "ementa": "Requer TROCA DE LAMPADA E REVITALIZA\u00c7\u00c3O DA NUMERA\u00c7\u00c3O DO POSTE EM FRENTE A CASA N\u00ba 34 RUA CARPINA, PEIXINHOS;"}, {"id": "3567", "ano": "2021", "numero": "1309", "tipo__sigla": "REQ", "tipo__descricao": "REQUERIMENTO", "autoria": "11 - Dete Silva", "texto_original": "http://sapl.olinda.pe.leg.br/media/", "ementa": "Requer TROCA DE LAMPADA E REVITALIZA\u00c7\u00c3O DA NUMERA\u00c7\u00c3O DO POSTE EM FRENTE A CASA N\u00ba 121 RUA JAIME DE SOUZA CASTRO, PEIXINHOS;"}, {"id": "3568", "ano": "2021", "numero": "1310", "tipo__sigla": "REQ", "tipo__descricao": "REQUERIMENTO", "autoria": "11 - Dete Silva", "texto_original": "http://sapl.olinda.pe.leg.br/media/", "ementa": "Requer TROCA DE LAMPADA DO POSTE N\u00ba HO43246 N\u00ba E024229 N\u00ba EA24230 NA RUA JO\u00c3O BATISTA - ALTO DA BONDADE;"}, {"id": "3569", "ano": "2021", "numero": "1311", "tipo__sigla": "REQ", "tipo__descricao": "REQUERIMENTO", "autoria": "11 - Dete Silva", "texto_original": "http://sapl.olinda.pe.leg.br/media/", "ementa": "Requer COLETA MANUAL PARA A 1\u00aa TRAVESSA SANTANA,(ilha de Santana) JARDIM ATL\u00c2NTICO;"}, {"id": "3570", "ano": "2021", "numero": "1312", "tipo__sigla": "REQ", "tipo__descricao": "REQUERIMENTO", "autoria": "11 - Dete Silva", "texto_original": "http://sapl.olinda.pe.leg.br/media/", "ementa": "Requer AUDI\u00caNCIA P\u00daBLICA sobre a tem\u00e1tica \u201cLei Maria da Penha salva vidas\u201d, para o dia 27 de agosto de 2021;"}, {"id": "3571", "ano": "2021", "numero": "1313", "tipo__sigla": "REQ", "tipo__descricao": "REQUERIMENTO", "autoria": "11 - Dete Silva", "texto_original": "http://sapl.olinda.pe.leg.br/media/", "ementa": "Requer TROCA DE LAMPADA NOS POSTES N\u00ba A009732, N\u00ba A010614, N\u00ba A009375 , E NOS POSTES QUE EST\u00c3O SEM NUMERA\u00c7\u00c3O EM FRENTE AS CASA N\u00ba 21, N\u00ba 30 E N\u00ba 31 LOCALIZADOS NA  RUA VEREADORA ELIETE LEITE (beco cosme dami\u00e3o)\u2022  RIO DOCE;"}, {"id": "3572", "ano": "2021", "numero": "1314", "tipo__sigla": "REQ", "tipo__descricao": "REQUERIMENTO", "autoria": "11 - Dete Silva", "texto_original": "http://sapl.olinda.pe.leg.br/media/", "ementa": "Requer TERRAPLANAGEM PARA ATERRAR O BARRO  NA RUA GERALDO SILVA, ALTO DA NA\u00c7\u00c3O;"}, {"id": "3573", "ano": "2021", "numero": "1315", "tipo__sigla": "REQ", "tipo__descricao": "REQUERIMENTO", "autoria": "11 - Dete Silva", "texto_original": "http://sapl.olinda.pe.leg.br/media/", "ementa": "Requer CAPINA\u00c7\u00c3O  NA RUA GERALDO SILVA, ALTO DA NA\u00c7\u00c3O;"}, {"id": "3574", "ano": "2021", "numero": "1316", "tipo__sigla": "REQ", "tipo__descricao": "REQUERIMENTO", "autoria": "11 - Dete Silva", "texto_original": "http://sapl.olinda.pe.leg.br/media/", "ementa": "Requer RETIRADA DE ENTULHOS AO LADO DA IGREJA ASSEMBLEIA DE DEUS NA RUA GERALDO SILVA, ALTO DA NA\u00c7\u00c3O;"}, {"id": "3575", "ano": "2021", "numero": "1317", "tipo__sigla": "REQ", "tipo__descricao": "REQUERIMENTO", "autoria": "11 - Dete Silva", "texto_original": "http://sapl.olinda.pe.leg.br/media/", "ementa": "Requer PAUDA\u00c7\u00c3O NA RUA 71 (AO LADO DO HABITACIONAL CARLO LAMARCA) RIO DOCE;"}, {"id": "3576", "ano": "2021", "numero": "1318", "tipo__sigla": "REQ", "tipo__descricao": "REQUERIMENTO", "autoria": "11 - Dete Silva", "texto_original": "http://sapl.olinda.pe.leg.br/media/", "ementa": "Requer \u201cTAMPA BURACO\u201d NA AVENIDA N\u00c1POLES - (4\u00aa ETAPA) , RIO DOCE;"}, {"id": "3577", "ano": "2021", "numero": "1319", "tipo__sigla": "REQ", "tipo__descricao": "REQUERIMENTO", "autoria": "11 - Dete Silva", "texto_original": "http://sapl.olinda.pe.leg.br/media/", "ementa": "Requer INCLUS\u00c3O DE POSTES DE ILUMINA\u00c7\u00c3O  NA  RUA GERALDO SILVA, ALTO DA NA\u00c7\u00c3O;"}, {"id": "3578", "ano": "2021", "numero": "1320", "tipo__sigla": "REQ", "tipo__descricao": "REQUERIMENTO", "autoria": "11 - Dete Silva", "texto_original": "http://sapl.olinda.pe.leg.br/media/", "ementa": "Requer TROCA DE LAMPADA N\u00ba 08575 EM FRENTE A CASA N\u00ba 522, NA RUA TRINTA E UM (5\u00aa ETAPA) RIO DOCE;"}, {"id": "3579", "ano": "2021", "numero": "1321", "tipo__sigla": "REQ", "tipo__descricao": "REQUERIMENTO", "autoria": "05 - Everaldo Silva", "texto_original": "http://sapl.olinda.pe.leg.br/media/", "ementa": "Requer a remo\u00e7\u00e3o de P\u00e9 de Jaca, p\u00e9 de Imbiriba e de Pitomba, na Rua Tamba\u00fa, 988, Alto Nova Olinda;"}, {"id": "3580", "ano": "2021", "numero": "1322", "tipo__sigla": "REQ", "tipo__descricao": "REQUERIMENTO", "autoria": "05 - Everaldo Silva", "texto_original": "http://sapl.olinda.pe.leg.br/media/", "ementa": "Requer coloca\u00e7\u00e3o de lona, Rua M\u00e1rio Juruna, 53 C, Alto da Bondade;"}, {"id": "3581", "ano": "2021", "numero": "1323", "tipo__sigla": "REQ", "tipo__descricao": "REQUERIMENTO", "autoria": "05 - Everaldo Silva", "texto_original": "http://sapl.olinda.pe.leg.br/media/", "ementa": "Requer remo\u00e7\u00e3o de P\u00e9 de Manga, na 2\u00aa  Travessa Alto Nova Olinda, 197;"}, {"id": "3582", "ano": "2021", "numero": "1324", "tipo__sigla": "REQ", "tipo__descricao": "REQUERIMENTO", "autoria": "07 - JESU\u00cdNO ARA\u00daJO", "texto_original": "http://sapl.olinda.pe.leg.br/media/", "ementa": "Requer VOTO DE APLAUSOS aos Profissionais de Educa\u00e7\u00e3o F\u00edsica pelo seu dia a ser comemorado em 1\u00ba de setembro;"}, {"id": "3583", "ano": "2021", "numero": "1325", "tipo__sigla": "REQ", "tipo__descricao": "REQUERIMENTO", "autoria": "07 - JESU\u00cdNO ARA\u00daJO", "texto_original": "http://sapl.olinda.pe.leg.br/media/", "ementa": "Requer como PEDIDO DE INFORMA\u00c7\u00c3O o envio de rela\u00e7\u00e3o atualizada com os nomes de todas as escolas municipais de Olinda, com endere\u00e7o f\u00edsico e de e-mail, telefone e atual gestor(a);"}, {"id": "3584", "ano": "2021", "numero": "1326", "tipo__sigla": "REQ", "tipo__descricao": "REQUERIMENTO", "autoria": "07 - JESU\u00cdNO ARA\u00daJO", "texto_original": "http://sapl.olinda.pe.leg.br/media/", "ementa": "Indica\u00e7\u00e3o do nome do grande compositor e carnavalesco Br\u00e1ulio de Castro, que cantou Olinda em versos e prosas atrav\u00e9s de frevos maravilhosos, e que nos deixou, enlutados, em junho de 2021 , para ser um dos homenageados no carnaval de Olinda 2022;"}, {"id": "3585", "ano": "2021", "numero": "1327", "tipo__sigla": "REQ", "tipo__descricao": "REQUERIMENTO", "autoria": "07 - JESU\u00cdNO ARA\u00daJO", "texto_original": "http://sapl.olinda.pe.leg.br/media/", "ementa": "Requer AUDI\u00caNCIA P\u00daBLICA para discuss\u00e3o de problemas causados por desservi\u00e7os da COMPESA, no dia 13 de outubro de 2021, \u00e0s 10:00;"}, {"id": "3586", "ano": "2021", "numero": "1328", "tipo__sigla": "REQ", "tipo__descricao": "REQUERIMENTO", "autoria": "07 - JESU\u00cdNO ARA\u00daJO", "texto_original": "http://sapl.olinda.pe.leg.br/media/", "ementa": "Requer VOTO DE APLAUSOS \u00e0 Equipe de Karat\u00ea Gin\u00e1stica da Orla composta por mulheres acima de 50 anos, pela conquista de troca de faixa de faixa em agosto/21;"}, {"id": "3587", "ano": "2021", "numero": "1329", "tipo__sigla": "REQ", "tipo__descricao": "REQUERIMENTO", "autoria": "10 - Joj\u00f3 Guerra", "texto_original": "http://sapl.olinda.pe.leg.br/media/", "ementa": "Requer a realiza\u00e7\u00e3o de tapa buracos na Estrada de \u00c1guas Compridas;"}, {"id": "3588", "ano": "2021", "numero": "1330", "tipo__sigla": "REQ", "tipo__descricao": "REQUERIMENTO", "autoria": "16 - BIAI", "texto_original": "http://sapl.olinda.pe.leg.br/media/", "ementa": "Requer o recapeamento da Avenida Carlos de Lima Cavalcanti, no trecho que vai da Avenida Frederico Lundgren e a ponte do Janga;"}, {"id": "3589", "ano": "2021", "numero": "1331", "tipo__sigla": "REQ", "tipo__descricao": "REQUERIMENTO", "autoria": "10 - Joj\u00f3 Guerra", "texto_original": "http://sapl.olinda.pe.leg.br/media/", "ementa": "Requer que sejam enviadas equipes de trabalho para a realiza\u00e7\u00e3o de tapa buracos na Estrada de Aguazinha, pr\u00f3ximo a AMBEV;"}, {"id": "3590", "ano": "2021", "numero": "1332", "tipo__sigla": "REQ", "tipo__descricao": "REQUERIMENTO", "autoria": "17 - Vinicius Castello", "texto_original": "http://sapl.olinda.pe.leg.br/media/", "ementa": "Requer O SERVI\u00c7O DE TERRAPLENAGEM NA RUA PREFEITO ASSIS ROCHA, SITIO NOVO;"}, {"id": "3591", "ano": "2021", "numero": "1333", "tipo__sigla": "REQ", "tipo__descricao": "REQUERIMENTO", "autoria": "17 - Vinicius Castello", "texto_original": "http://sapl.olinda.pe.leg.br/media/", "ementa": "Requer SERVI\u00c7OS DE LIMPEZA, CAPINA\u00c7\u00c3O E REMO\u00c7\u00c3O DE ENTULHOS NA RUA JOSE DIAS RAPOSO, S/N, OURO PRETO;"}, {"id": "3592", "ano": "2021", "numero": "1334", "tipo__sigla": "REQ", "tipo__descricao": "REQUERIMENTO", "autoria": "17 - Vinicius Castello", "texto_original": "http://sapl.olinda.pe.leg.br/media/", "ementa": "Requer A  MANUTEN\u00c7\u00c3O DA  ILUMINA\u00c7\u00c3O  E  TROCA  DE  LAMPADAS  QUEIMADAS  DOS  POSTES  DA  RUA  JOSE  DIAS  RAPOSO,  S/N,  OURO PRETO;"}, {"id": "3593", "ano": "2021", "numero": "1335", "tipo__sigla": "REQ", "tipo__descricao": "REQUERIMENTO", "autoria": "17 - Vinicius Castello", "texto_original": "http://sapl.olinda.pe.leg.br/media/", "ementa": "Requer A  MANUTEN\u00c7\u00c3O DA  ILUMINA\u00c7\u00c3O  E  TROCA  DE  LAMPADAS  QUEIMADAS  DE  DOIS  POSTES  DA  RUA  PREFEITO  ASSIS  ROCHA,  EM FRENTE AO N\u00daMERO 171 E 317, NO BAIRRO DE SITIO NOVO;"}, {"id": "3594", "ano": "2021", "numero": "1336", "tipo__sigla": "REQ", "tipo__descricao": "REQUERIMENTO", "autoria": "11 - Dete Silva", "texto_original": "http://sapl.olinda.pe.leg.br/media/", "ementa": "Requer cal\u00e7amento da Rua 47, IV Etapa, Rio Doce;"}, {"id": "3595", "ano": "2021", "numero": "1337", "tipo__sigla": "REQ", "tipo__descricao": "REQUERIMENTO", "autoria": "14 - RICARDO SOUSA", "texto_original": "http://sapl.olinda.pe.leg.br/media/", "ementa": "Requer a realiza\u00e7\u00e3o de estudos t\u00e9cnicos com objetivo de implantar um posto de vacina\u00e7\u00e3o contra o Covid-19 que atenda a popula\u00e7\u00e3o 24 horas;"}, {"id": "3596", "ano": "2021", "numero": "1338", "tipo__sigla": "REQ", "tipo__descricao": "REQUERIMENTO", "autoria": "14 - RICARDO SOUSA", "texto_original": "http://sapl.olinda.pe.leg.br/media/", "ementa": "Requer a realiza\u00e7\u00e3o de estudos t\u00e9cnicos para verificar a possibilidade da realiza\u00e7\u00f5a de um novo mutir\u00e3o de vacina\u00e7\u00e3o contra o Covid-19 a cada \u00faltimo final de semana do m\u00eas;"}, {"id": "3597", "ano": "2021", "numero": "1339", "tipo__sigla": "REQ", "tipo__descricao": "REQUERIMENTO", "autoria": "11 - Dete Silva", "texto_original": "http://sapl.olinda.pe.leg.br/media/", "ementa": "Requer INCLUS\u00c3O DE LONAS NA BARREIRA COM RISCO DE DESLIZAMENTO NA RUA PETR\u00d3POLIS (POR TR\u00c1S DA CASA N\u00ba 52) \u2013 SAPUCAIA (DE DENTRO);"}, {"id": "3598", "ano": "2021", "numero": "1340", "tipo__sigla": "REQ", "tipo__descricao": "REQUERIMENTO", "autoria": "10 - Joj\u00f3 Guerra", "texto_original": "http://sapl.olinda.pe.leg.br/media/", "ementa": "Requer  troca de lumin\u00e1rias na C\u00f3rrego do Norzinho, \u00c1guas Compridas;"}, {"id": "3599", "ano": "2021", "numero": "1341", "tipo__sigla": "REQ", "tipo__descricao": "REQUERIMENTO", "autoria": "10 - Joj\u00f3 Guerra", "texto_original": "http://sapl.olinda.pe.leg.br/media/", "ementa": "Requer limpeza e desobstru\u00e7\u00e3o na Rua Tijuca, 423 em frente ao Cemit\u00e9rio Jardim Metropolitano, Alto da Conquista;"}, {"id": "3600", "ano": "2021", "numero": "1342", "tipo__sigla": "REQ", "tipo__descricao": "REQUERIMENTO", "autoria": "10 - Joj\u00f3 Guerra", "texto_original": "http://sapl.olinda.pe.leg.br/media/", "ementa": "Requer limpeza de matos e retirada do material na Rua Caracas n\u00ba 69, ladeira dos treze;"}, {"id": "3601", "ano": "2021", "numero": "1343", "tipo__sigla": "REQ", "tipo__descricao": "REQUERIMENTO", "autoria": "10 - Joj\u00f3 Guerra", "texto_original": "http://sapl.olinda.pe.leg.br/media/", "ementa": "Requer uma reavalia\u00e7\u00e3o e amplia\u00e7\u00e3o do tempo no projeto terminal temporal, Saindo de  duas horas para tr\u00eas horas;"}, {"id": "3602", "ano": "2021", "numero": "1344", "tipo__sigla": "REQ", "tipo__descricao": "REQUERIMENTO", "autoria": "11 - Dete Silva", "texto_original": "http://sapl.olinda.pe.leg.br/media/", "ementa": "Requer VERIFICA\u00c7\u00c3O E RETIRADA DAS 3 (TRES) ARVORES QUE EST\u00c3O DANIFICANDO A ESTRUTURA SEGUNDO OS RESIDENTES DO ENTORNO, LOCALIZADA AS ARVORES NO ENTORNO DO CONJUNTO HABITACIONAL CARLOS LAMARCA, AV. DAS GAR\u00c7AS, 800 - RIO DOCE;"}, {"id": "3603", "ano": "2021", "numero": "1345", "tipo__sigla": "REQ", "tipo__descricao": "REQUERIMENTO", "autoria": "11 - Dete Silva", "texto_original": "http://sapl.olinda.pe.leg.br/media/", "ementa": "Requer TROCA DE LAMPADA NOS POSTES N\u00ba A009732, N\u00ba A010614, N\u00ba A009375 , E NOS POSTES QUE EST\u00c3O SEM NUMERA\u00c7\u00c3O EM FRENTE AS CASA N\u00ba 21, N\u00ba 30 E N\u00ba 31 LOCALIZADOS NA  RUA VEREADORA ELIETE LEITE (beco cosme dami\u00e3o), RIO DOCE;"}, {"id": "3606", "ano": "2021", "numero": "1346", "tipo__sigla": "REQ", "tipo__descricao": "REQUERIMENTO", "autoria": "11 - Dete Silva", "texto_original": "http://sapl.olinda.pe.leg.br/media/", "ementa": "Requer TROCA DE LAMPADA NOS POSTES N\u00ba A0149961, N\u00ba A023242 E NO POSTE SEM NUMERA\u00c7\u00c3O EM FRENTE AS CASA N\u00ba 188 LOCALIZADOS NA AVENIDA DAS AC\u00c1CIAS (3\u00aa ETAPA) RIO DOCE;"}, {"id": "3607", "ano": "2021", "numero": "1347", "tipo__sigla": "REQ", "tipo__descricao": "REQUERIMENTO", "autoria": "15 - SAULO HOLANDA", "texto_original": "http://sapl.olinda.pe.leg.br/media/", "ementa": "Requer troca de l\u00e2mpadas apagadas em 03 postes em frente aos n\u00ba 32, 65 e 104,  na Rua do Veleiro, em Peixinhos;"}, {"id": "3608", "ano": "2021", "numero": "1348", "tipo__sigla": "REQ", "tipo__descricao": "REQUERIMENTO", "autoria": "15 - SAULO HOLANDA", "texto_original": "http://sapl.olinda.pe.leg.br/media/", "ementa": "Requer servi\u00e7o de cal\u00e7amento da Rua Timba\u00faba, Peixinhos;"}, {"id": "3609", "ano": "2021", "numero": "1349", "tipo__sigla": "REQ", "tipo__descricao": "REQUERIMENTO", "autoria": "15 - SAULO HOLANDA", "texto_original": "http://sapl.olinda.pe.leg.br/media/", "ementa": "Requer cal\u00e7amento da Rua S\u00e3o Francisco, Peixinhos;"}, {"id": "3610", "ano": "2021", "numero": "1350", "tipo__sigla": "REQ", "tipo__descricao": "REQUERIMENTO", "autoria": "15 - SAULO HOLANDA", "texto_original": "http://sapl.olinda.pe.leg.br/media/", "ementa": "Requer cal\u00e7amento da Rua Nova, Salgadinho;"}, {"id": "3611", "ano": "2021", "numero": "1351", "tipo__sigla": "REQ", "tipo__descricao": "REQUERIMENTO", "autoria": "15 - SAULO HOLANDA", "texto_original": "http://sapl.olinda.pe.leg.br/media/", "ementa": "Requer cal\u00e7amento da Travessa do Cajueiro, Peixinhos;"}, {"id": "3612", "ano": "2021", "numero": "1352", "tipo__sigla": "REQ", "tipo__descricao": "REQUERIMENTO", "autoria": "15 - SAULO HOLANDA", "texto_original": "http://sapl.olinda.pe.leg.br/media/", "ementa": "Requer cal\u00e7amento da Rua Ant\u00f4nio Ver\u00edssimo, Peixinhos;"}, {"id": "3613", "ano": "2021", "numero": "1353", "tipo__sigla": "REQ", "tipo__descricao": "REQUERIMENTO", "autoria": "15 - SAULO HOLANDA", "texto_original": "http://sapl.olinda.pe.leg.br/media/", "ementa": "Requer cal\u00e7amento da Rua Ilh\u00e9us, Jardim Brasil II;"}, {"id": "3614", "ano": "2021", "numero": "1354", "tipo__sigla": "REQ", "tipo__descricao": "REQUERIMENTO", "autoria": "15 - SAULO HOLANDA", "texto_original": "http://sapl.olinda.pe.leg.br/media/", "ementa": "Requer cal\u00e7amento da Rua Mataripe, Jardim Brasil II;"}, {"id": "3615", "ano": "2021", "numero": "1355", "tipo__sigla": "REQ", "tipo__descricao": "REQUERIMENTO", "autoria": "15 - SAULO HOLANDA", "texto_original": "http://sapl.olinda.pe.leg.br/media/", "ementa": "Requer cal\u00e7amento da Rua Castro Alves, Jardim Brasil II;"}, {"id": "3616", "ano": "2021", "numero": "1356", "tipo__sigla": "REQ", "tipo__descricao": "REQUERIMENTO", "autoria": "15 - SAULO HOLANDA", "texto_original": "http://sapl.olinda.pe.leg.br/media/", "ementa": "Requer servi\u00e7os de retirada de metralhas e entulhos da Rua Ilh\u00e9us, Jardim Brasil II;"}, {"id": "3617", "ano": "2021", "numero": "1357", "tipo__sigla": "REQ", "tipo__descricao": "REQUERIMENTO", "autoria": "15 - SAULO HOLANDA", "texto_original": "http://sapl.olinda.pe.leg.br/media/", "ementa": "Requer terraplanagem na Rua Prefeito Assis Rocha, Salgadinho;"}, {"id": "3618", "ano": "2021", "numero": "1358", "tipo__sigla": "REQ", "tipo__descricao": "REQUERIMENTO", "autoria": "15 - SAULO HOLANDA", "texto_original": "http://sapl.olinda.pe.leg.br/media/", "ementa": "Requer servi\u00e7os de retirada de metralhas e entulhos da Rua Bonif\u00e1cio Janse, Monte;"}, {"id": "3619", "ano": "2021", "numero": "1359", "tipo__sigla": "REQ", "tipo__descricao": "REQUERIMENTO", "autoria": "15 - SAULO HOLANDA", "texto_original": "http://sapl.olinda.pe.leg.br/media/", "ementa": "Requer limpezas das canaletas na Rua Paulo Jos\u00e9 de Souza, Vila Popular;"}, {"id": "3620", "ano": "2021", "numero": "1360", "tipo__sigla": "REQ", "tipo__descricao": "REQUERIMENTO", "autoria": "15 - SAULO HOLANDA", "texto_original": "http://sapl.olinda.pe.leg.br/media/", "ementa": "Requer polda\u00e7\u00e3o das \u00e1rvores da Pra\u00e7a da Rua Campina Grande, na Igreja de S\u00e3o Francisco, Jardim Brasil II;"}, {"id": "3621", "ano": "2021", "numero": "1361", "tipo__sigla": "REQ", "tipo__descricao": "REQUERIMENTO", "autoria": "15 - SAULO HOLANDA", "texto_original": "http://sapl.olinda.pe.leg.br/media/", "ementa": "Requer polda\u00e7\u00e3o das \u00e1rvores em toda extens\u00e3o do Habitacional Peixinhos 1, na Rua Mariano Teixeira, Peixinhos;"}, {"id": "3622", "ano": "2021", "numero": "1362", "tipo__sigla": "REQ", "tipo__descricao": "REQUERIMENTO", "autoria": "15 - SAULO HOLANDA", "texto_original": "http://sapl.olinda.pe.leg.br/media/", "ementa": "Requer corte de 01 \u00e1rvore, em frente ao Habitacional Peixinhos 1, na Rua Mariano Teixeira;"}, {"id": "3623", "ano": "2021", "numero": "1363", "tipo__sigla": "REQ", "tipo__descricao": "REQUERIMENTO", "autoria": "11 - Dete Silva", "texto_original": "http://sapl.olinda.pe.leg.br/media/", "ementa": "Requer provid\u00eancias sejam tomadas em rela\u00e7\u00e3o a falta de guardas de transito na Avenida Presidente Kennedy;"}, {"id": "3624", "ano": "2021", "numero": "1364", "tipo__sigla": "REQ", "tipo__descricao": "REQUERIMENTO", "autoria": "17 - VLADEMIR LABANCA", "texto_original": "http://sapl.olinda.pe.leg.br/media/", "ementa": "Requer servi\u00e7o de limpeza da Orla;"}, {"id": "3625", "ano": "2021", "numero": "1365", "tipo__sigla": "REQ", "tipo__descricao": "REQUERIMENTO", "autoria": "17 - VLADEMIR LABANCA", "texto_original": "http://sapl.olinda.pe.leg.br/media/", "ementa": "Requer a conclus\u00e3o da obra da PE-15 e a manuten\u00e7\u00e3o da via;"}, {"id": "3626", "ano": "2021", "numero": "1366", "tipo__sigla": "REQ", "tipo__descricao": "REQUERIMENTO", "autoria": "15 - SAULO HOLANDA", "texto_original": "http://sapl.olinda.pe.leg.br/media/", "ementa": "Requer manuten\u00e7\u00e3o da ilumina\u00e7\u00e3o da Orla;"}, {"id": "3627", "ano": "2021", "numero": "1367", "tipo__sigla": "REQ", "tipo__descricao": "REQUERIMENTO", "autoria": "17 - VLADEMIR LABANCA", "texto_original": "http://sapl.olinda.pe.leg.br/media/", "ementa": "Requer refor\u00e7o da ilumina\u00e7\u00e3o dos refletores da orla;"}, {"id": "3630", "ano": "2021", "numero": "1368", "tipo__sigla": "REQ", "tipo__descricao": "REQUERIMENTO", "autoria": "07 - JESU\u00cdNO ARA\u00daJO", "texto_original": "http://sapl.olinda.pe.leg.br/media/", "ementa": "Voto de aplauso \u00e0 ginasta mirim Giovanna Mesquita, 3\u00ba lugar individual geral no Campeonato Brasileiro de Gin\u00e1stica Art\u00edstica.;"}, {"id": "3631", "ano": "2021", "numero": "1369", "tipo__sigla": "REQ", "tipo__descricao": "REQUERIMENTO", "autoria": "11 - Dete Silva", "texto_original": "http://sapl.olinda.pe.leg.br/media/", "ementa": "Requer RETIRADA DE ENTULHOS NA AV. JOS\u00c9 CORIOLANO, JARDIM BRASIL;"}, {"id": "3632", "ano": "2021", "numero": "1370", "tipo__sigla": "REQ", "tipo__descricao": "REQUERIMENTO", "autoria": "09 - Fl\u00e1vio Nascimento", "texto_original": "http://sapl.olinda.pe.leg.br/media/", "ementa": "\"Requer recoloca\u00e7\u00e3o de Placas e limpeza das canaletas, em toda extens\u00e3o na Rua vinte e tr\u00eas de novembro no\r\nbairro de Peixinhos;\""}, {"id": "3633", "ano": "2021", "numero": "1371", "tipo__sigla": "REQ", "tipo__descricao": "REQUERIMENTO", "autoria": "09 - Fl\u00e1vio Nascimento", "texto_original": "http://sapl.olinda.pe.leg.br/media/", "ementa": "\"Requer recoloca\u00e7\u00e3o de Placas e limpeza das canaletas, na Rua Jonas Martins em frente ao n\u00ba 48 pr\u00f3ximo ao\r\nguaran\u00e1 do Huck no bairro de Sitio Novo;\""}, {"id": "3634", "ano": "2021", "numero": "1372", "tipo__sigla": "REQ", "tipo__descricao": "REQUERIMENTO", "autoria": "09 - Fl\u00e1vio Nascimento", "texto_original": "http://sapl.olinda.pe.leg.br/media/", "ementa": "Requer substitui\u00e7\u00e3o das lonas das barracas da feira de Peixinhos;"}, {"id": "3635", "ano": "2021", "numero": "1373", "tipo__sigla": "REQ", "tipo__descricao": "REQUERIMENTO", "autoria": "10 - Joj\u00f3 Guerra", "texto_original": "http://sapl.olinda.pe.leg.br/media/", "ementa": "Requer troca de lumin\u00e1rias na Estrada da Mirueira;"}, {"id": "3636", "ano": "2021", "numero": "1374", "tipo__sigla": "REQ", "tipo__descricao": "REQUERIMENTO", "autoria": "10 - Joj\u00f3 Guerra", "texto_original": "http://sapl.olinda.pe.leg.br/media/", "ementa": "Requer a troca das coberturas na Feira de Caixa D\u2019\u00e1gua;"}, {"id": "3629", "ano": "2021", "numero": "1375", "tipo__sigla": "REQ", "tipo__descricao": "REQUERIMENTO", "autoria": "15 - SAULO HOLANDA", "texto_original": "http://sapl.olinda.pe.leg.br/media/", "ementa": "Requer troca de l\u00e2mpadas apagadas no Poste s/n em frente ao n\u00b0 232, na Rua Laurentino Ferraz em 7\u00b0RO - Olinda."}, {"id": "3645", "ano": "2021", "numero": "1376", "tipo__sigla": "REQ", "tipo__descricao": "REQUERIMENTO", "autoria": "10 - Joj\u00f3 Guerra", "texto_original": "http://sapl.olinda.pe.leg.br/media/", "ementa": "Requer que sejam instalados recipientes para res\u00edduos s\u00f3lidos (lixeiras) nos postes e paradas de \u00f4nibus, por toda a extens\u00e3o da Estrada De \u00c1guas Compridas;"}, {"id": "3646", "ano": "2021", "numero": "1377", "tipo__sigla": "REQ", "tipo__descricao": "REQUERIMENTO", "autoria": "10 - Joj\u00f3 Guerra", "texto_original": "http://sapl.olinda.pe.leg.br/media/", "ementa": "Requer que sejam instalados recipientes para res\u00edduos s\u00f3lidos (lixeiras) nos postes e paradas de \u00f4nibus, por toda a extens\u00e3o da Av. Presidente Kennedy;"}, {"id": "3647", "ano": "2021", "numero": "1378", "tipo__sigla": "REQ", "tipo__descricao": "REQUERIMENTO", "autoria": "11 - Dete Silva", "texto_original": "http://sapl.olinda.pe.leg.br/media/", "ementa": "Requer TROCA DE LAMPADA EM FRENTE CASA N\u00ba 184 NA  RUA OITO - RIO DOCE;"}, {"id": "3648", "ano": "2021", "numero": "1379", "tipo__sigla": "REQ", "tipo__descricao": "REQUERIMENTO", "autoria": "03 - FELIPE NASCIMENTO", "texto_original": "http://sapl.olinda.pe.leg.br/media/", "ementa": "Voto de Aplauso ao Sr. Carlos Gustavo Pinto Delgado;"}, {"id": "3649", "ano": "2021", "numero": "1380", "tipo__sigla": "REQ", "tipo__descricao": "REQUERIMENTO", "autoria": "05 - Everaldo Silva", "texto_original": "http://sapl.olinda.pe.leg.br/media/", "ementa": "Requer desobstru\u00e7\u00e3o de canaletas no C\u00f3rrego Nova Olinda, \u00c1guas Compridas;"}, {"id": "3650", "ano": "2021", "numero": "1381", "tipo__sigla": "REQ", "tipo__descricao": "REQUERIMENTO", "autoria": "05 - Everaldo Silva", "texto_original": "http://sapl.olinda.pe.leg.br/media/", "ementa": "Requer desobstru\u00e7\u00e3o da Avenida Jorn Guerra de Holanda, Peixinhos;"}, {"id": "3652", "ano": "2021", "numero": "1382", "tipo__sigla": "REQ", "tipo__descricao": "REQUERIMENTO", "autoria": "09 - Fl\u00e1vio Nascimento", "texto_original": "http://sapl.olinda.pe.leg.br/media/", "ementa": "Requer a cria\u00e7\u00e3o do Projeto \u201cPARC\u00c3O\u201d, para a \u00e1rea do canteiro central na Avenida Vaso Rodrigues Bairro de Peixinhos;"}, {"id": "3653", "ano": "2021", "numero": "1383", "tipo__sigla": "REQ", "tipo__descricao": "REQUERIMENTO", "autoria": "09 - Fl\u00e1vio Nascimento", "texto_original": "http://sapl.olinda.pe.leg.br/media/", "ementa": "Requer Servi\u00e7os Advindos do Programa \u201cArrumando a Casa\u201d na Avenida Vasco Rodrigues , Bairro de Peixinhos;"}, {"id": "3654", "ano": "2021", "numero": "1384", "tipo__sigla": "REQ", "tipo__descricao": "REQUERIMENTO", "autoria": "11 - Dete Silva", "texto_original": "http://sapl.olinda.pe.leg.br/media/", "ementa": "Requer TROCA DE LAMPADA NOS POSTES N\u00ba A011231, N\u00ba A011500 E NOS POSTES SEM NUMERA\u00c7\u00c3O EM FRENTE AS CASA N\u00ba 66 E N\u00ba 70 LOCALIZADOS NA RUA TANGAR\u00c1 (ilha de Santana) - JARDIM ATL\u00c2NTICO;"}, {"id": "3655", "ano": "2021", "numero": "1385", "tipo__sigla": "REQ", "tipo__descricao": "REQUERIMENTO", "autoria": "11 - Dete Silva", "texto_original": "http://sapl.olinda.pe.leg.br/media/", "ementa": "Requer TROCA DE LAMPADA E REVITALIZA\u00c7\u00c3O DA NUMERA\u00c7\u00c3O NO POSTE  EM FRENTE A CASA N\u00ba 21 LOCALIZADO NA RUA SUPIDA DO PERUJICAM - JARDIM ATL\u00c2NTICO;"}, {"id": "3656", "ano": "2021", "numero": "1386", "tipo__sigla": "REQ", "tipo__descricao": "REQUERIMENTO", "autoria": "10 - Joj\u00f3 Guerra", "texto_original": "http://sapl.olinda.pe.leg.br/media/", "ementa": "Requer a limpeza e recolhimento de entulhos aglomerado NA RUA Berlim, 217 C\u00f3rrego da Bondade;"}, {"id": "3657", "ano": "2021", "numero": "1387", "tipo__sigla": "REQ", "tipo__descricao": "REQUERIMENTO", "autoria": "14 - RICARDO SOUSA", "texto_original": "http://sapl.olinda.pe.leg.br/media/", "ementa": "Voto de Aplausos ao Sr. Mario da Costa Cavalcanti Neto;"}, {"id": "3658", "ano": "2021", "numero": "1388", "tipo__sigla": "REQ", "tipo__descricao": "REQUERIMENTO", "autoria": "15 - SAULO HOLANDA", "texto_original": "http://sapl.olinda.pe.leg.br/media/", "ementa": "Requer cal\u00e7amento da Rua Ilh\u00e9us, Jardim Brasil;"}, {"id": "3659", "ano": "2021", "numero": "1389", "tipo__sigla": "REQ", "tipo__descricao": "REQUERIMENTO", "autoria": "15 - SAULO HOLANDA", "texto_original": "http://sapl.olinda.pe.leg.br/media/", "ementa": "Requer retirada de material (areia) na Rua Ilh\u00e9us, Jardim Brasil;"}, {"id": "3660", "ano": "2021", "numero": "1390", "tipo__sigla": "REQ", "tipo__descricao": "REQUERIMENTO", "autoria": "15 - SAULO HOLANDA", "texto_original": "http://sapl.olinda.pe.leg.br/media/", "ementa": "Requer cal\u00e7amento da Rua Castro Alves, Jardim Brasil;"}, {"id": "3661", "ano": "2021", "numero": "1391", "tipo__sigla": "REQ", "tipo__descricao": "REQUERIMENTO", "autoria": "15 - SAULO HOLANDA", "texto_original": "http://sapl.olinda.pe.leg.br/media/", "ementa": "Requer cal\u00e7amento da Travessa do Cajueiro, Peixinhos;"}, {"id": "3662", "ano": "2021", "numero": "1392", "tipo__sigla": "REQ", "tipo__descricao": "REQUERIMENTO", "autoria": "15 - SAULO HOLANDA", "texto_original": "http://sapl.olinda.pe.leg.br/media/", "ementa": "Requer cal\u00e7amento da Rua T\u00e1bua, Peixinhos;"}, {"id": "3663", "ano": "2021", "numero": "1393", "tipo__sigla": "REQ", "tipo__descricao": "REQUERIMENTO", "autoria": "15 - SAULO HOLANDA", "texto_original": "http://sapl.olinda.pe.leg.br/media/", "ementa": "Requer cal\u00e7amento da Rua Nova, Salgadinho;"}, {"id": "3664", "ano": "2021", "numero": "1394", "tipo__sigla": "REQ", "tipo__descricao": "REQUERIMENTO", "autoria": "15 - SAULO HOLANDA", "texto_original": "http://sapl.olinda.pe.leg.br/media/", "ementa": "Requer revitaliza\u00e7\u00e3o da Pra\u00e7a da Caixa D'\u00c1gua, Peixinhos;"}, {"id": "3666", "ano": "2021", "numero": "1395", "tipo__sigla": "REQ", "tipo__descricao": "REQUERIMENTO", "autoria": "17 - Vinicius Castello", "texto_original": "http://sapl.olinda.pe.leg.br/media/", "ementa": "Mo\u00e7\u00e3o de Pesar em virtude do falecimento do Sr. RINALDO  PEREIRA  DE  LUCENA;"}, {"id": "3667", "ano": "2021", "numero": "1396", "tipo__sigla": "REQ", "tipo__descricao": "REQUERIMENTO", "autoria": "17 - Vinicius Castello", "texto_original": "http://sapl.olinda.pe.leg.br/media/", "ementa": "Voto de Aplausos \u00e0 Associa\u00e7\u00e3o Pazear;"}, {"id": "3668", "ano": "2021", "numero": "1397", "tipo__sigla": "REQ", "tipo__descricao": "REQUERIMENTO", "autoria": "17 - Vinicius Castello", "texto_original": "http://sapl.olinda.pe.leg.br/media/", "ementa": "Voto de Aplausos ao Coletivo Mulheres Perif\u00e9ricos e LGBT+;"}, {"id": "3669", "ano": "2021", "numero": "1398", "tipo__sigla": "REQ", "tipo__descricao": "REQUERIMENTO", "autoria": "17 - Vinicius Castello", "texto_original": "http://sapl.olinda.pe.leg.br/media/", "ementa": "Requer servi\u00e7o de terraplanagem, na Rua Prefeito Assis Rocha, Sitio Novo;"}, {"id": "3670", "ano": "2021", "numero": "1399", "tipo__sigla": "REQ", "tipo__descricao": "REQUERIMENTO", "autoria": "17 - Vinicius Castello", "texto_original": "http://sapl.olinda.pe.leg.br/media/", "ementa": "Requer servi\u00e7o de terraplanagem, na Rua Doutor Miguel Vieira Ferreira, Sitio Novo;"}, {"id": "3671", "ano": "2021", "numero": "1400", "tipo__sigla": "REQ", "tipo__descricao": "REQUERIMENTO", "autoria": "17 - Vinicius Castello", "texto_original": "http://sapl.olinda.pe.leg.br/media/", "ementa": "Requer servi\u00e7o de terraplanagem, na Rua Isabel Burgu\u00eas Vieira Ferreira, Salginho;"}, {"id": "3672", "ano": "2021", "numero": "1401", "tipo__sigla": "REQ", "tipo__descricao": "REQUERIMENTO", "autoria": "17 - Vinicius Castello", "texto_original": "http://sapl.olinda.pe.leg.br/media/", "ementa": "Requer servi\u00e7o de terraplanagem, na Rua Nova Luzit\u00e2nia, Salgadinho;"}, {"id": "3673", "ano": "2021", "numero": "1402", "tipo__sigla": "REQ", "tipo__descricao": "REQUERIMENTO", "autoria": "17 - Vinicius Castello", "texto_original": "http://sapl.olinda.pe.leg.br/media/", "ementa": "Requer servi\u00e7o de terraplanagem, na Rua Joaquim de Souza Paiva, Salgadinho;"}, {"id": "3674", "ano": "2021", "numero": "1403", "tipo__sigla": "REQ", "tipo__descricao": "REQUERIMENTO", "autoria": "17 - Vinicius Castello", "texto_original": "http://sapl.olinda.pe.leg.br/media/", "ementa": "Requer servi\u00e7o de terraplanagem, na Rua Tenente Joel Cruz Gouv\u00eaia, Salgadinho;"}, {"id": "3675", "ano": "2021", "numero": "1404", "tipo__sigla": "REQ", "tipo__descricao": "REQUERIMENTO", "autoria": "17 - Vinicius Castello", "texto_original": "http://sapl.olinda.pe.leg.br/media/", "ementa": "Requer limpeza, capina\u00e7\u00e3o e retirada de entulhos na Avenida Professor Andrade Bezerra, S/N, Salgadinho;"}, {"id": "3676", "ano": "2021", "numero": "1405", "tipo__sigla": "REQ", "tipo__descricao": "REQUERIMENTO", "autoria": "16 - Tonny Magalh\u00e3es", "texto_original": "http://sapl.olinda.pe.leg.br/media/", "ementa": "Requer limpeza e capina\u00e7\u00e3o da Rua Quarenta e Dois Quadra 28 Bloco A e B, IV Etapa, Rio Doce;"}, {"id": "3677", "ano": "2021", "numero": "1406", "tipo__sigla": "REQ", "tipo__descricao": "REQUERIMENTO", "autoria": "16 - Tonny Magalh\u00e3es", "texto_original": "http://sapl.olinda.pe.leg.br/media/", "ementa": "Requer troca de l\u00e2mpada na Rua Maria Wanderley de Queiroz, Jardim Fragoso;"}, {"id": "3678", "ano": "2021", "numero": "1407", "tipo__sigla": "REQ", "tipo__descricao": "REQUERIMENTO", "autoria": "16 - Tonny Magalh\u00e3es", "texto_original": "http://sapl.olinda.pe.leg.br/media/", "ementa": "Requer a recoloca\u00e7\u00e3o de placas, na Rua Alcino Coelho, Casa Caiada;"}, {"id": "3679", "ano": "2021", "numero": "1408", "tipo__sigla": "REQ", "tipo__descricao": "REQUERIMENTO", "autoria": "05 - Everaldo Silva", "texto_original": "http://sapl.olinda.pe.leg.br/media/", "ementa": "Requer troca de l\u00e2mpadas nas: Rua Iate, 2\u00aa Travessa Rua da Sucupira, Rua Leblon, Rua 06 de Janeiro, Rua Corr\u00e9go Nova Olinda, Rua Tamba\u00fa, Rua Alto Nova Olinda, Rua da Fraternidade e Rua do Po\u00e7o;"}, {"id": "3680", "ano": "2021", "numero": "1409", "tipo__sigla": "REQ", "tipo__descricao": "REQUERIMENTO", "autoria": "05 - Everaldo Silva", "texto_original": "http://sapl.olinda.pe.leg.br/media/", "ementa": "Requer troca de l\u00e2mpadas na Rua Dois de Mar\u00e7o, Alto da Bondade;"}, {"id": "3681", "ano": "2021", "numero": "1410", "tipo__sigla": "REQ", "tipo__descricao": "REQUERIMENTO", "autoria": "16 - Tonny Magalh\u00e3es", "texto_original": "http://sapl.olinda.pe.leg.br/media/", "ementa": "Requer que seja executada a reloca\u00e7\u00e3ode placas, nas quais foram arrancadas devido as fortes chuvas, na Rua Alcino Coelho ao lado do Edif\u00edcio Dolce Vita, Casa Caiada, Olinda"}, {"id": "3682", "ano": "2021", "numero": "1411", "tipo__sigla": "REQ", "tipo__descricao": "REQUERIMENTO", "autoria": "07 - JESU\u00cdNO ARA\u00daJO", "texto_original": "http://sapl.olinda.pe.leg.br/media/", "ementa": "Requer a extens\u00e3o de traslado da resid\u00eancia ao posto de sa\u00fade, aos pacientes da Vaquejada e S\u00edtio S\u00e3o Francisco, na Zona Rural de Olinda;"}, {"id": "3683", "ano": "2021", "numero": "1412", "tipo__sigla": "REQ", "tipo__descricao": "REQUERIMENTO", "autoria": "09 - Fl\u00e1vio Nascimento", "texto_original": "http://sapl.olinda.pe.leg.br/media/", "ementa": "Requer o Programa \u201cArrumando a Casa\u201d na Pra\u00e7a Paulo Freire em Ouro Preto;"}, {"id": "3684", "ano": "2021", "numero": "1413", "tipo__sigla": "REQ", "tipo__descricao": "REQUERIMENTO", "autoria": "11 - Dete Silva", "texto_original": "http://sapl.olinda.pe.leg.br/media/", "ementa": "Requer TROCA DE LAMPADA NOS POSTES N\u00ba 00749, N\u00ba 00751 LOCALIZADO NA RUA CINQ\u00dcENTA E TR\u00caS - (4\u00aa ETAPA), RIO DOCE;"}, {"id": "3685", "ano": "2021", "numero": "1414", "tipo__sigla": "REQ", "tipo__descricao": "REQUERIMENTO", "autoria": "14 - RICARDO SOUSA", "texto_original": "http://sapl.olinda.pe.leg.br/media/", "ementa": "Voto de Aplausos ao Sr. Claudeonor Lemos;"}, {"id": "3691", "ano": "2021", "numero": "1415", "tipo__sigla": "REQ", "tipo__descricao": "REQUERIMENTO", "autoria": "15 - SAULO HOLANDA", "texto_original": "http://sapl.olinda.pe.leg.br/media/", "ementa": "Nomear os equipamentos desportivos na \u00e1rea do V8 e V9 como Rinaldo Ben\u00e7a;"}, {"id": "3692", "ano": "2021", "numero": "1416", "tipo__sigla": "REQ", "tipo__descricao": "REQUERIMENTO", "autoria": "05 - Everaldo Silva", "texto_original": "http://sapl.olinda.pe.leg.br/media/", "ementa": "Requer remo\u00e7\u00e3o de entulho e limpeza na Rua Mataripe, 303, Jardim Brasil II;"}, {"id": "3693", "ano": "2021", "numero": "1417", "tipo__sigla": "REQ", "tipo__descricao": "REQUERIMENTO", "autoria": "05 - Everaldo Silva", "texto_original": "http://sapl.olinda.pe.leg.br/media/", "ementa": "Requer recupera\u00e7\u00e3o da Escadaria da Rua do Futuro, Alto Nova Olinda;"}, {"id": "3694", "ano": "2021", "numero": "1418", "tipo__sigla": "REQ", "tipo__descricao": "REQUERIMENTO", "autoria": "05 - Everaldo Silva", "texto_original": "http://sapl.olinda.pe.leg.br/media/", "ementa": "Requer tapa buracos na Rua 12 de Dezembro, \u00c1guas Compridas;"}, {"id": "3695", "ano": "2021", "numero": "1419", "tipo__sigla": "REQ", "tipo__descricao": "REQUERIMENTO", "autoria": "05 - Everaldo Silva", "texto_original": "http://sapl.olinda.pe.leg.br/media/", "ementa": "Requer troca de l\u00e2mpadas em: poste A026208, Rua Jequi\u00e9, 403; todos os postes da Travessa J\u00falio Louren\u00e7o; todos os postes da Rua Maria Jaracy; todos os postes da Rua S\u00e3o Francisco;"}, {"id": "3696", "ano": "2021", "numero": "1420", "tipo__sigla": "REQ", "tipo__descricao": "REQUERIMENTO", "autoria": "15 - SAULO HOLANDA", "texto_original": "http://sapl.olinda.pe.leg.br/media/", "ementa": "Requer melhoria de abastecimento de \u00e1gua na Rua Giriquiti, Peixinhos, e todo bairro de Ouro Preto;"}, {"id": "3697", "ano": "2021", "numero": "1421", "tipo__sigla": "REQ", "tipo__descricao": "REQUERIMENTO", "autoria": "10 - Joj\u00f3 Guerra", "texto_original": "http://sapl.olinda.pe.leg.br/media/", "ementa": "Requer servi\u00e7o de limpeza de matos na Travessa da Boa Vista com a Rua Maraj\u00f3, acesso para Alto do Cajueiro, \u00c1guas Compridas;"}, {"id": "3698", "ano": "2021", "numero": "1422", "tipo__sigla": "REQ", "tipo__descricao": "REQUERIMENTO", "autoria": "10 - Joj\u00f3 Guerra", "texto_original": "http://sapl.olinda.pe.leg.br/media/", "ementa": "Requer servi\u00e7o de tapa buracos na avenida central de Caixa D\u2019\u00e1gua, prox. ao restaurante de Quit\u00e9ria;"}, {"id": "3699", "ano": "2021", "numero": "1423", "tipo__sigla": "REQ", "tipo__descricao": "REQUERIMENTO", "autoria": "10 - Joj\u00f3 Guerra", "texto_original": "http://sapl.olinda.pe.leg.br/media/", "ementa": "Requer troca de lumin\u00e1rias na Rua Severino Seme\u00e3o, Sapucaia de Dentro;"}, {"id": "3700", "ano": "2021", "numero": "1424", "tipo__sigla": "REQ", "tipo__descricao": "REQUERIMENTO", "autoria": "10 - Joj\u00f3 Guerra", "texto_original": "http://sapl.olinda.pe.leg.br/media/", "ementa": "Requer equipe de trabalho para a vacina\u00e7\u00e3o da gripe no N\u00facleo de Apoio a Crian\u00e7a, Adolescente, Idoso e Deficiente (Nacaid) no Alto da Reden\u00e7\u00e3o;"}, {"id": "3706", "ano": "2021", "numero": "1425", "tipo__sigla": "REQ", "tipo__descricao": "REQUERIMENTO", "autoria": "11 - Dete Silva", "texto_original": "http://sapl.olinda.pe.leg.br/media/", "ementa": "Requer RETIRADA DE ENTULHOS NA RUA TRINTA E OITO, 240 - RIO DOCE ;"}, {"id": "3707", "ano": "2021", "numero": "1426", "tipo__sigla": "REQ", "tipo__descricao": "REQUERIMENTO", "autoria": "11 - Dete Silva", "texto_original": "http://sapl.olinda.pe.leg.br/media/", "ementa": "Requer TROCA DE LAMPADA NO POSTE N\u00ba 81040 (me frente a casa 36) LOCALIZADO NA RUA CLOTILDE PEREIRA DE LIMA \u2013 (4\u00aa ETAPA) RIO DOCE ;"}, {"id": "3708", "ano": "2021", "numero": "1427", "tipo__sigla": "REQ", "tipo__descricao": "REQUERIMENTO", "autoria": "11 - Dete Silva", "texto_original": "http://sapl.olinda.pe.leg.br/media/", "ementa": "Requer RETIRADA DE ENTULHOS NA RUA OPALA NEGRA - JARDIM ATL\u00c2NTICO ;"}, {"id": "3709", "ano": "2021", "numero": "1428", "tipo__sigla": "REQ", "tipo__descricao": "REQUERIMENTO", "autoria": "17 - Vinicius Castello", "texto_original": "http://sapl.olinda.pe.leg.br/media/", "ementa": "Requer VOTO DE APLAUSOS ao Movimento dos Trabalhadores Rurais Sem Terra - MST pela premia\u00e7\u00e3o Internacional de Direitos Humanos, \u201cAcampa \u2013 Pola Paz e Dereito a Refuxio\u201d, na Espanha."}, {"id": "3710", "ano": "2021", "numero": "1429", "tipo__sigla": "REQ", "tipo__descricao": "REQUERIMENTO", "autoria": "16 - Tonny Magalh\u00e3es", "texto_original": "http://sapl.olinda.pe.leg.br/media/", "ementa": "Requer a poda de uma \u00e1rvore, localizada em Rio Doce, Avenida Asa Branca, n\u00ba 206;"}, {"id": "3711", "ano": "2021", "numero": "1430", "tipo__sigla": "REQ", "tipo__descricao": "REQUERIMENTO", "autoria": "16 - BIAI", "texto_original": "http://sapl.olinda.pe.leg.br/media/", "ementa": "Requer cal\u00e7amento da Rua Princesa Isabel, Jardim Fragoso;"}, {"id": "3712", "ano": "2021", "numero": "1431", "tipo__sigla": "REQ", "tipo__descricao": "REQUERIMENTO", "autoria": "05 - Everaldo Silva", "texto_original": "http://sapl.olinda.pe.leg.br/media/", "ementa": "Requer VOTO DE APLAUSOS a Senhora Suzana Ribeiro, Secret\u00e1ria de Sa\u00fade do Munic\u00edpio de Olinda;"}, {"id": "3716", "ano": "2021", "numero": "1432", "tipo__sigla": "REQ", "tipo__descricao": "REQUERIMENTO", "autoria": "15 - SAULO HOLANDA", "texto_original": "http://sapl.olinda.pe.leg.br/media/", "ementa": "Requer troca de l\u00e2mpadas apagadas em quatro postes S/N em frente aos n\u00fameros 03, 25, 44, 100, na 2\u00aa Travessa da Rua do Condor, Peixinhos;"}, {"id": "3717", "ano": "2021", "numero": "1433", "tipo__sigla": "REQ", "tipo__descricao": "REQUERIMENTO", "autoria": "15 - SAULO HOLANDA", "texto_original": "http://sapl.olinda.pe.leg.br/media/", "ementa": "Requer troca de l\u00e2mpadas apagadas em dois postes S/N em frente aos n\u00fameros 307, 321, na Rua Paulo Jos\u00e9 de Souza, Vila Popular;"}, {"id": "3718", "ano": "2021", "numero": "1434", "tipo__sigla": "REQ", "tipo__descricao": "REQUERIMENTO", "autoria": "15 - SAULO HOLANDA", "texto_original": "http://sapl.olinda.pe.leg.br/media/", "ementa": "Requer troca de l\u00e2mpadas apagadas em quatro postes S/N em frente aos n\u00fameros 104, 223, 114, 471, na 2\u00aa Travessa da Rua do Condor, Peixinhos;"}, {"id": "3719", "ano": "2021", "numero": "1435", "tipo__sigla": "REQ", "tipo__descricao": "REQUERIMENTO", "autoria": "15 - SAULO HOLANDA", "texto_original": "http://sapl.olinda.pe.leg.br/media/", "ementa": "Requer troca de l\u00e2mpada apagada no poste S/N em frente ao n\u00famero 41, na Rua do Cajueiro, Peixinhos;"}, {"id": "3720", "ano": "2021", "numero": "1436", "tipo__sigla": "REQ", "tipo__descricao": "REQUERIMENTO", "autoria": "15 - SAULO HOLANDA", "texto_original": "http://sapl.olinda.pe.leg.br/media/", "ementa": "Requer troca de l\u00e2mpada apagada no poste S/N em frente ao n\u00famero 90, Rua Jos\u00e9 Ramalho, Guadalupe;"}, {"id": "3721", "ano": "2021", "numero": "1437", "tipo__sigla": "REQ", "tipo__descricao": "REQUERIMENTO", "autoria": "16 - Tonny Magalh\u00e3es", "texto_original": "http://sapl.olinda.pe.leg.br/media/", "ementa": "Requer que seja executada o \"Arrumando a Casa\", na Rua Safira, Jardim Atl\u00e2ntico;"}, {"id": "3722", "ano": "2021", "numero": "1438", "tipo__sigla": "REQ", "tipo__descricao": "REQUERIMENTO", "autoria": "10 - Joj\u00f3 Guerra", "texto_original": "http://sapl.olinda.pe.leg.br/media/", "ementa": "Requer a troca de lumin\u00e1rias na Rua Baob\u00e1, quadra B15, Lote 02, Ouro Preto;"}, {"id": "3725", "ano": "2021", "numero": "1439", "tipo__sigla": "REQ", "tipo__descricao": "REQUERIMENTO", "autoria": "10 - Joj\u00f3 Guerra", "texto_original": "http://sapl.olinda.pe.leg.br/media/", "ementa": "Requer podamento na Rua Seis de Janeiro, n\u00ba345, \u00c1guas Compridas;"}, {"id": "3726", "ano": "2021", "numero": "1440", "tipo__sigla": "REQ", "tipo__descricao": "REQUERIMENTO", "autoria": "16 - BIAI", "texto_original": "http://sapl.olinda.pe.leg.br/media/", "ementa": "Requer recupera\u00e7\u00e3o das seguintes pontes: ponte da Avenia Frederico Lundgrem; ponte da Rua Humberto de Lima Mendes, ponte na entrada do Jardim Atl\u00e2ntico, na Avenida N\u00e1poles; ponte da Rua Professor Marculino Botelho;"}, {"id": "3727", "ano": "2021", "numero": "1441", "tipo__sigla": "REQ", "tipo__descricao": "REQUERIMENTO", "autoria": "16 - BIAI", "texto_original": "http://sapl.olinda.pe.leg.br/media/", "ementa": "Requer pintura das lombadas da cidade de Olinda \u2013 PE;"}, {"id": "3728", "ano": "2021", "numero": "1442", "tipo__sigla": "REQ", "tipo__descricao": "REQUERIMENTO", "autoria": "16 - BIAI", "texto_original": "http://sapl.olinda.pe.leg.br/media/", "ementa": "Requer pintura das faixas de pedestre;"}, {"id": "3729", "ano": "2021", "numero": "1443", "tipo__sigla": "REQ", "tipo__descricao": "REQUERIMENTO", "autoria": "15 - SAULO HOLANDA", "texto_original": "http://sapl.olinda.pe.leg.br/media/", "ementa": "Requer requalifica\u00e7\u00e3o da pra\u00e7a Teot\u00f4nio Vilela, 1\u00aa Etapa de Rio Doce;"}, {"id": "3730", "ano": "2021", "numero": "1444", "tipo__sigla": "REQ", "tipo__descricao": "REQUERIMENTO", "autoria": "15 - SAULO HOLANDA", "texto_original": "http://sapl.olinda.pe.leg.br/media/", "ementa": "Requer terraplanagem da Rua Ant\u00f4nio Ver\u00edssimo, Peixinhos;"}, {"id": "3731", "ano": "2021", "numero": "1445", "tipo__sigla": "REQ", "tipo__descricao": "REQUERIMENTO", "autoria": "15 - SAULO HOLANDA", "texto_original": "http://sapl.olinda.pe.leg.br/media/", "ementa": "Requer reposi\u00e7\u00e3o de placas das canaletas na Rua Mato Grosso, Jardim Brasil I;"}, {"id": "3732", "ano": "2021", "numero": "1446", "tipo__sigla": "REQ", "tipo__descricao": "REQUERIMENTO", "autoria": "15 - SAULO HOLANDA", "texto_original": "http://sapl.olinda.pe.leg.br/media/", "ementa": "Requer servi\u00e7o de corte de uma \u00e1rvore, Avenida Dom Bonif\u00e1cio Jhansen N\u00ba 13, em Bac\u00e1rio, Bonsucesso;"}, {"id": "3733", "ano": "2021", "numero": "1447", "tipo__sigla": "REQ", "tipo__descricao": "REQUERIMENTO", "autoria": "15 - SAULO HOLANDA", "texto_original": "http://sapl.olinda.pe.leg.br/media/", "ementa": "Requer reposi\u00e7\u00e3o de placas das canaletas na Rua Par\u00e1, Jardim Brasil I;"}, {"id": "3734", "ano": "2021", "numero": "1448", "tipo__sigla": "REQ", "tipo__descricao": "REQUERIMENTO", "autoria": "15 - SAULO HOLANDA", "texto_original": "http://sapl.olinda.pe.leg.br/media/", "ementa": "Requer reposi\u00e7\u00e3o de placas das canaletas na Rua Jequi\u00e9, Jardim Brasil II;"}, {"id": "3735", "ano": "2021", "numero": "1449", "tipo__sigla": "REQ", "tipo__descricao": "REQUERIMENTO", "autoria": "15 - SAULO HOLANDA", "texto_original": "http://sapl.olinda.pe.leg.br/media/", "ementa": "Requer reposi\u00e7\u00e3o de placas das canaletas na Avenida Tranzamaz\u00f4nica, Jardim Brasil II;"}, {"id": "3736", "ano": "2021", "numero": "1450", "tipo__sigla": "REQ", "tipo__descricao": "REQUERIMENTO", "autoria": "15 - SAULO HOLANDA", "texto_original": "http://sapl.olinda.pe.leg.br/media/", "ementa": "Requer reposi\u00e7\u00e3o de placas das canaletas na Rua Campina Grande, Jardim Brasil II;"}, {"id": "3737", "ano": "2021", "numero": "1451", "tipo__sigla": "REQ", "tipo__descricao": "REQUERIMENTO", "autoria": "15 - SAULO HOLANDA", "texto_original": "http://sapl.olinda.pe.leg.br/media/", "ementa": "Requer retirada de metralhas e entulhos na Rua Vital Brasil, em frente ao N\u00ba 49, Peixinhos;"}, {"id": "3738", "ano": "2021", "numero": "1452", "tipo__sigla": "REQ", "tipo__descricao": "REQUERIMENTO", "autoria": "15 - SAULO HOLANDA", "texto_original": "http://sapl.olinda.pe.leg.br/media/", "ementa": "Requer limpeza das canaletas na Rua Ant\u00f4nio Ver\u00edssimo, Peixinhos;"}, {"id": "3739", "ano": "2021", "numero": "1453", "tipo__sigla": "REQ", "tipo__descricao": "REQUERIMENTO", "autoria": "11 - Dete Silva", "texto_original": "http://sapl.olinda.pe.leg.br/media/", "ementa": "Requer TROCA DE LAMPADA NOS POSTES  N\u00ba H046263, H046266,H046269,H046271,H046275 (COMUNIDADE DO GONZAG\u00c3O) LOCALIZADO NA AV. SEN. NILO DE SOUZA COELHO - JARDIM BRASIL;"}, {"id": "3740", "ano": "2021", "numero": "1454", "tipo__sigla": "REQ", "tipo__descricao": "REQUERIMENTO", "autoria": "11 - Dete Silva", "texto_original": "http://sapl.olinda.pe.leg.br/media/", "ementa": "VERIFICAR A CONST\u00c2NCIA DA ILUMINA\u00c7\u00c3O nO POSTE N\u00ba H046276 (COMUNIDADE DO GONZAG\u00c3O) LOCALIZADO NA AV. SEN. NILO DE SOUZA COELHO - JARDIM BRASIL;"}, {"id": "3741", "ano": "2021", "numero": "1455", "tipo__sigla": "REQ", "tipo__descricao": "REQUERIMENTO", "autoria": "11 - Dete Silva", "texto_original": "http://sapl.olinda.pe.leg.br/media/", "ementa": "VERIFICAR OSCILA\u00c7\u00c3O NO POSTE N\u00ba H046274 (COMUNIDADE DO GONZAG\u00c3O) LOCALIZADO NA AV. SEN. NILO DE SOUZA COELHO - JARDIM BRASIL;"}, {"id": "3742", "ano": "2021", "numero": "1456", "tipo__sigla": "REQ", "tipo__descricao": "REQUERIMENTO", "autoria": "14 - RICARDO SOUSA", "texto_original": "http://sapl.olinda.pe.leg.br/media/", "ementa": "Requer que seja realizada a Troca de l\u00e2mpada do poste localizado na Rua da Amora em frente ao n\u00famero 85, na 4\u00aa Etapa de Rio Doce;"}, {"id": "3743", "ano": "2021", "numero": "1457", "tipo__sigla": "REQ", "tipo__descricao": "REQUERIMENTO", "autoria": "14 - RICARDO SOUSA", "texto_original": "http://sapl.olinda.pe.leg.br/media/", "ementa": "Requer que seja realizada a Troca de l\u00e2mpada do poste localizado na Rua da Amora esquina com Rua do Dend\u00ea na parada de \u00f4nibus, na 4\u00aa Etapa de Rio Doce;"}, {"id": "3744", "ano": "2021", "numero": "1458", "tipo__sigla": "REQ", "tipo__descricao": "REQUERIMENTO", "autoria": "14 - RICARDO SOUSA", "texto_original": "http://sapl.olinda.pe.leg.br/media/", "ementa": "Requer que seja realizada a Troca de l\u00e2mpada do poste localizado na Rua da Amora esquina com Rua 48A em frente ao Gigantes do A\u00e7a\u00ed, na 4\u00aa Etapa de Rio Doce;"}, {"id": "3745", "ano": "2021", "numero": "1459", "tipo__sigla": "REQ", "tipo__descricao": "REQUERIMENTO", "autoria": "14 - RICARDO SOUSA", "texto_original": "http://sapl.olinda.pe.leg.br/media/", "ementa": "Requer que seja realizada a Troca de l\u00e2mpada do poste localizado na Rua 19 em frente ao n\u00famero 100, na 5\u00aa Etapa de Rio Doce;"}, {"id": "3746", "ano": "2021", "numero": "1460", "tipo__sigla": "REQ", "tipo__descricao": "REQUERIMENTO", "autoria": "14 - RICARDO SOUSA", "texto_original": "http://sapl.olinda.pe.leg.br/media/", "ementa": "Requer que seja realizada a Troca de l\u00e2mpada do poste localizado na Rua 54 esquina com Rua da Amora, na 4\u00aa Etapa de Rio Doce;"}, {"id": "3747", "ano": "2021", "numero": "1461", "tipo__sigla": "REQ", "tipo__descricao": "REQUERIMENTO", "autoria": "14 - RICARDO SOUSA", "texto_original": "http://sapl.olinda.pe.leg.br/media/", "ementa": "Requer que seja realizada a Troca de l\u00e2mpada do poste localizado na Rua 19 em frente ao n\u00famero 100, na 5\u00aa Etapa de Rio Doce;"}, {"id": "3748", "ano": "2021", "numero": "1462", "tipo__sigla": "REQ", "tipo__descricao": "REQUERIMENTO", "autoria": "14 - RICARDO SOUSA", "texto_original": "http://sapl.olinda.pe.leg.br/media/", "ementa": "Requer que seja realizada a Troca de l\u00e2mpada do poste localizado na Rua da Amora em frente ao n\u00famero 135, na 4\u00aa Etapa de Rio Doce;"}, {"id": "3749", "ano": "2021", "numero": "1463", "tipo__sigla": "REQ", "tipo__descricao": "REQUERIMENTO", "autoria": "14 - RICARDO SOUSA", "texto_original": "http://sapl.olinda.pe.leg.br/media/", "ementa": "Requer que seja realizada a Troca de l\u00e2mpada do poste localizado na Rua Salm\u00e3o esquina com Rua S\u00e9pia pr\u00f3ximo ao n\u00ba 19 no bairro de Ouro Preto;"}, {"id": "3753", "ano": "2021", "numero": "1464", "tipo__sigla": "REQ", "tipo__descricao": "REQUERIMENTO", "autoria": "16 - Tonny Magalh\u00e3es", "texto_original": "http://sapl.olinda.pe.leg.br/media/", "ementa": "Requer limpeza e retirada de lixo, no final da Rua Fran\u00e7a de Lima, n\u00ba 147, Jardim Atl\u00e2ntico;"}, {"id": "3754", "ano": "2021", "numero": "1465", "tipo__sigla": "REQ", "tipo__descricao": "REQUERIMENTO", "autoria": "16 - Tonny Magalh\u00e3es", "texto_original": "http://sapl.olinda.pe.leg.br/media/", "ementa": "Requer limpeza e capina\u00e7\u00e3o na Rua S\u00e3o Jos\u00e9, Jardim Atl\u00e2ntico;"}, {"id": "3755", "ano": "2021", "numero": "1466", "tipo__sigla": "REQ", "tipo__descricao": "REQUERIMENTO", "autoria": "16 - Tonny Magalh\u00e3es", "texto_original": "http://sapl.olinda.pe.leg.br/media/", "ementa": "Requer troca de l\u00e2mpada do poste que fica na Rua Carlos Leite Moreira, n\u00ba 247, Casa Caiada;"}, {"id": "3756", "ano": "2021", "numero": "1467", "tipo__sigla": "REQ", "tipo__descricao": "REQUERIMENTO", "autoria": "16 - Tonny Magalh\u00e3es", "texto_original": "http://sapl.olinda.pe.leg.br/media/", "ementa": "Requer troca das l\u00e2mpadas na Rua S\u00e3o Jos\u00e9, na Ilha de Santana, Jardim Atl\u00e2ntico;"}, {"id": "3757", "ano": "2021", "numero": "1468", "tipo__sigla": "REQ", "tipo__descricao": "REQUERIMENTO", "autoria": "16 - Tonny Magalh\u00e3es", "texto_original": "http://sapl.olinda.pe.leg.br/media/", "ementa": "Requer poda de \u00e1rvore na Avenida Asa Branca, n\u00ba 206, Rio Doce;"}, {"id": "3761", "ano": "2021", "numero": "1469", "tipo__sigla": "REQ", "tipo__descricao": "REQUERIMENTO", "autoria": "17 - Vinicius Castello", "texto_original": "http://sapl.olinda.pe.leg.br/media/", "ementa": "Requer sess\u00e3o solene para o dia 24/09/21;"}, {"id": "3762", "ano": "2021", "numero": "1470", "tipo__sigla": "REQ", "tipo__descricao": "REQUERIMENTO", "autoria": "05 - Everaldo Silva", "texto_original": "http://sapl.olinda.pe.leg.br/media/", "ementa": "Requer remo\u00e7\u00e3o de p\u00e9 de Cajueiro na Avenida Hamurabi, 97, Alto da Bondade;"}, {"id": "3763", "ano": "2021", "numero": "1471", "tipo__sigla": "REQ", "tipo__descricao": "REQUERIMENTO", "autoria": "05 - Everaldo Silva", "texto_original": "http://sapl.olinda.pe.leg.br/media/", "ementa": "Requer premia\u00e7\u00f5es para o 1\u00ba Torneio de Futebol Feminino de Olinda;"}, {"id": "3764", "ano": "2021", "numero": "1472", "tipo__sigla": "REQ", "tipo__descricao": "REQUERIMENTO", "autoria": "05 - Everaldo Silva", "texto_original": "http://sapl.olinda.pe.leg.br/media/", "ementa": "Requer remo\u00e7\u00e3o de p\u00e9 de jambo na Rua do Futuro, 154 b, Alto Nova Olinda;"}, {"id": "3765", "ano": "2021", "numero": "1473", "tipo__sigla": "REQ", "tipo__descricao": "REQUERIMENTO", "autoria": "05 - Everaldo Silva", "texto_original": "http://sapl.olinda.pe.leg.br/media/", "ementa": "Requer troca de l\u00e2mpadas nas seguintes localidades: Rua Jos\u00e9 Dias de Moras; 2\u00aa Travessa da Sucupira; Rua Te\u00f3filo Valen\u00e7a; Rua da Felicidade;"}, {"id": "3766", "ano": "2021", "numero": "1474", "tipo__sigla": "REQ", "tipo__descricao": "REQUERIMENTO", "autoria": "16 - Tonny Magalh\u00e3es", "texto_original": "http://sapl.olinda.pe.leg.br/media/", "ementa": "Requer recapeamento e tapa buraco, na Rua Tainha, Ouro Preto;"}, {"id": "3767", "ano": "2021", "numero": "1475", "tipo__sigla": "REQ", "tipo__descricao": "REQUERIMENTO", "autoria": "07 - JESU\u00cdNO ARA\u00daJO", "texto_original": "http://sapl.olinda.pe.leg.br/media/", "ementa": "Requer VOTO DE APLAUSOS \u00e0 \u00c1GUA MINERAL PRATA DO VALE pelos 26 anos, a serem completados em 26 de setembro de 2021, de presta\u00e7\u00e3o de servi\u00e7o de excel\u00eancia em nossa regi\u00e3o."}, {"id": "3768", "ano": "2021", "numero": "1476", "tipo__sigla": "REQ", "tipo__descricao": "REQUERIMENTO", "autoria": "07 - JESU\u00cdNO ARA\u00daJO", "texto_original": "http://sapl.olinda.pe.leg.br/media/", "ementa": "Requer VOTO DE APLAUSOS ao piloto de kart ROG\u00c9RIO SANTOS NETO, pela representatividade de nossa cidade e desempenho nas competi\u00e7\u00f5es em n\u00edveis estaduais e nacionais."}, {"id": "3769", "ano": "2021", "numero": "1477", "tipo__sigla": "REQ", "tipo__descricao": "REQUERIMENTO", "autoria": "17 - Vinicius Castello", "texto_original": "http://sapl.olinda.pe.leg.br/media/", "ementa": "Requer manuten\u00e7\u00e3o na ilumina\u00e7\u00e3o e troca de l\u00e2mpadas dos postes n\u00ba A00604, A00605 e A021199, na Avenida Presidente Kennedy;"}, {"id": "3770", "ano": "2021", "numero": "1478", "tipo__sigla": "REQ", "tipo__descricao": "REQUERIMENTO", "autoria": "17 - Vinicius Castello", "texto_original": "http://sapl.olinda.pe.leg.br/media/", "ementa": "Requer limpeza e remo\u00e7\u00e3o de entulhos na Avenida das Gar\u00e7as, QD 13, 4\u00aa Etapa, Rio Doce;"}, {"id": "3772", "ano": "2021", "numero": "1479", "tipo__sigla": "REQ", "tipo__descricao": "REQUERIMENTO", "autoria": "16 - BIAI", "texto_original": "http://sapl.olinda.pe.leg.br/media/", "ementa": "Requer a cria\u00e7\u00e3o de um grupo de estudo a fim de que seja oferecida uma proposta de reavalia\u00e7\u00e3o do valor do IPTU, sobretudo dos im\u00f3veis inadimplentes;"}, {"id": "3777", "ano": "2021", "numero": "1480", "tipo__sigla": "REQ", "tipo__descricao": "REQUERIMENTO", "autoria": "16 - Tonny Magalh\u00e3es", "texto_original": "http://sapl.olinda.pe.leg.br/media/", "ementa": "Requer recapeamento da Rua Jos\u00e9 Pergentino de Oliveira, lote 40;"}, {"id": "3778", "ano": "2021", "numero": "1481", "tipo__sigla": "REQ", "tipo__descricao": "REQUERIMENTO", "autoria": "15 - SAULO HOLANDA", "texto_original": "http://sapl.olinda.pe.leg.br/media/", "ementa": "Requer servi\u00e7os de pavimenta\u00e7\u00e3o na Rua Oscar Carneiro, Peixinhos;"}, {"id": "3779", "ano": "2021", "numero": "1482", "tipo__sigla": "REQ", "tipo__descricao": "REQUERIMENTO", "autoria": "15 - SAULO HOLANDA", "texto_original": "http://sapl.olinda.pe.leg.br/media/", "ementa": "Requer Servi\u00e7os de Troca de L\u00e2mpadas para l\u00e2mpadas em toda extens\u00e3o da Rua Oscar Carneiro \u2013 Peixinhos;"}, {"id": "3780", "ano": "2021", "numero": "1483", "tipo__sigla": "REQ", "tipo__descricao": "REQUERIMENTO", "autoria": "09 - Fl\u00e1vio Nascimento", "texto_original": "http://sapl.olinda.pe.leg.br/media/", "ementa": "Requer servi\u00e7os de remo\u00e7\u00e3o de entulhos na Rua Professor Jo\u00e3o Batista de Souza no bairro de Peixinhos;"}, {"id": "3781", "ano": "2021", "numero": "1484", "tipo__sigla": "REQ", "tipo__descricao": "REQUERIMENTO", "autoria": "09 - Fl\u00e1vio Nascimento", "texto_original": "http://sapl.olinda.pe.leg.br/media/", "ementa": "Requer  servi\u00e7os de remo\u00e7\u00e3o de entulhos na Rua Aderito Gomes de Ara\u00fajo no bairro de Peixinhos;"}, {"id": "3782", "ano": "2021", "numero": "1485", "tipo__sigla": "REQ", "tipo__descricao": "REQUERIMENTO", "autoria": "09 - Fl\u00e1vio Nascimento", "texto_original": "http://sapl.olinda.pe.leg.br/media/", "ementa": "Requer Servi\u00e7os Advindos do Programa \u201cArrumando a Casa\u201d na Rua Primeiro de Janeiro, Bairro de Peixinhos;"}, {"id": "3783", "ano": "2021", "numero": "1486", "tipo__sigla": "REQ", "tipo__descricao": "REQUERIMENTO", "autoria": "09 - Fl\u00e1vio Nascimento", "texto_original": "http://sapl.olinda.pe.leg.br/media/", "ementa": "Requer  servi\u00e7os de remo\u00e7\u00e3o de entulhos na Rua Mario Sete no bairro de Vila Popular;"}, {"id": "3784", "ano": "2021", "numero": "1487", "tipo__sigla": "REQ", "tipo__descricao": "REQUERIMENTO", "autoria": "09 - Fl\u00e1vio Nascimento", "texto_original": "http://sapl.olinda.pe.leg.br/media/", "ementa": "Requer Servi\u00e7o de Saneamento e Pavimenta\u00e7\u00e3o Asf\u00e1ltica da Rua Oscar Carneiro no Bairro de Peixinhos;"}, {"id": "3785", "ano": "2021", "numero": "1488", "tipo__sigla": "REQ", "tipo__descricao": "REQUERIMENTO", "autoria": "10 - Joj\u00f3 Guerra", "texto_original": "http://sapl.olinda.pe.leg.br/media/", "ementa": "Requer troca de lumin\u00e1rias na Rua da Aboli\u00e7\u00e3o, em frente a academia belo corpo;"}, {"id": "3786", "ano": "2021", "numero": "1489", "tipo__sigla": "REQ", "tipo__descricao": "REQUERIMENTO", "autoria": "16 - Tonny Magalh\u00e3es", "texto_original": "http://sapl.olinda.pe.leg.br/media/", "ementa": "Requer a manuten\u00e7\u00e3o e a troca da l\u00e2mpada de um poste, n\u00ba E0261220, da Rua Sabino Pinho, n\u00ba 523, Jardim Atl\u00e2ntico;"}, {"id": "3787", "ano": "2021", "numero": "1490", "tipo__sigla": "REQ", "tipo__descricao": "REQUERIMENTO", "autoria": "07 - JESU\u00cdNO ARA\u00daJO", "texto_original": "http://sapl.olinda.pe.leg.br/media/", "ementa": "Requer cal\u00e7amento de ruas de nosso munic\u00edpio, com recursos de emenda Parlamentar do Deputado Federal Daniel Coelho em parceria o nosso gabinete e a Prefeitura de Olinda;"}, {"id": "3788", "ano": "2021", "numero": "1491", "tipo__sigla": "REQ", "tipo__descricao": "REQUERIMENTO", "autoria": "05 - Everaldo Silva", "texto_original": "http://sapl.olinda.pe.leg.br/media/", "ementa": "Requer terraplanagem na Rua da Firmeza e na Rua da Felicidade, Alto nova Olinda;"}, {"id": "3789", "ano": "2021", "numero": "1492", "tipo__sigla": "REQ", "tipo__descricao": "REQUERIMENTO", "autoria": "05 - Everaldo Silva", "texto_original": "http://sapl.olinda.pe.leg.br/media/", "ementa": "Requer coleta de lixo nas ruas: Rua do Bamb\u00fa; Travessa do Bamb\u00fa; Rua do Po\u00e7o;"}, {"id": "3790", "ano": "2021", "numero": "1493", "tipo__sigla": "REQ", "tipo__descricao": "REQUERIMENTO", "autoria": "05 - Everaldo Silva", "texto_original": "http://sapl.olinda.pe.leg.br/media/", "ementa": "Requer cria\u00e7\u00e3o de CEP para a Rua da Paz, Alto da Conquista;"}, {"id": "3791", "ano": "2021", "numero": "1494", "tipo__sigla": "REQ", "tipo__descricao": "REQUERIMENTO", "autoria": "15 - SAULO HOLANDA", "texto_original": "http://sapl.olinda.pe.leg.br/media/", "ementa": "Requer servi\u00e7os de capina\u00e7\u00e3o e de terraplanagem da Rua Ana Regina da Silva, Bonsucesso;"}, {"id": "3792", "ano": "2021", "numero": "1495", "tipo__sigla": "REQ", "tipo__descricao": "REQUERIMENTO", "autoria": "17 - Vinicius Castello", "texto_original": "http://sapl.olinda.pe.leg.br/media/", "ementa": "Requer MANUTEN\u00c7\u00c3O  NA ILUMINA\u00c7\u00c3O  E  TROCA  DE  LAMPADAS  DOS  4  POSTES LOCALIZADOS  NA  RUA  NAPOLE\u00c3O  GREG\u00d3RIO  LOBO  EM FRENTE AOS N\u00ba 26, N\u00ba 21, N\u00ba 175 A E N\u00ba 214  BONSUCESSO;"}, {"id": "3793", "ano": "2021", "numero": "1496", "tipo__sigla": "REQ", "tipo__descricao": "REQUERIMENTO", "autoria": "17 - Vinicius Castello", "texto_original": "http://sapl.olinda.pe.leg.br/media/", "ementa": "Requer PODA  \u00c1RVORE LOCALIZADA  NA  AVENIDA  CARLOS  DE  LIMA  CAVALCANTI,  1995,  CASA  CAIADA;"}, {"id": "3794", "ano": "2021", "numero": "1497", "tipo__sigla": "REQ", "tipo__descricao": "REQUERIMENTO", "autoria": "17 - Vinicius Castello", "texto_original": "http://sapl.olinda.pe.leg.br/media/", "ementa": "REITERAR O  REQUERIMENTO  DE  N\u00ba 565/2021,  O  QUAL  SOLICITA  A  LIMPEZA  E  REMO\u00c7\u00c3O  DE  LIXO  NA  RUA  JOS\u00c9  LACERDA  DA  SILVA  FILHO,  133, BONSUCESSO;"}, {"id": "3795", "ano": "2021", "numero": "1498", "tipo__sigla": "REQ", "tipo__descricao": "REQUERIMENTO", "autoria": "17 - Vinicius Castello", "texto_original": "http://sapl.olinda.pe.leg.br/media/", "ementa": "REITERAR  A  SOLICITA\u00c7\u00c3O  FEITA  NO REQUERIMENTO N\u00ba 1477/2021  QUE PEDE  MANUTEN\u00c7\u00c3O NA ILUMINA\u00c7\u00c3O E TROCA DE LAMPADAS DOS  POSTES N\u00ba A00604, A00605 E A021199, NA AVENIDA PRESIDENTE KENNEDY;"}, {"id": "3796", "ano": "2021", "numero": "1499", "tipo__sigla": "REQ", "tipo__descricao": "REQUERIMENTO", "autoria": "11 - Dete Silva", "texto_original": "http://sapl.olinda.pe.leg.br/media/", "ementa": "Requer TROCA DE LAMPADA E REVITALIZA\u00c7\u00c3O DA NUMERA\u00c7\u00c3O NO POSTE (em frente a casa n\u00ba165) LOCALIZADO NA RUA JOSU\u00c9 FERRAZ BARBOSA - (4\u00aa ETAPA), RIO DOCE;"}, {"id": "3797", "ano": "2021", "numero": "1500", "tipo__sigla": "REQ", "tipo__descricao": "REQUERIMENTO", "autoria": "11 - Dete Silva", "texto_original": "http://sapl.olinda.pe.leg.br/media/", "ementa": "Requer TROCA DE LAMPADA E REVITALIZA\u00c7\u00c3O DA NUMERA\u00c7\u00c3O NO POSTE (em frente a casa n\u00ba86) LOCALIZADO NA RUA JER\u00d4NIMO DE ALBUQUERQUE - (4\u00aa ETAPA), RIO DOCE;"}, {"id": "3798", "ano": "2021", "numero": "1501", "tipo__sigla": "REQ", "tipo__descricao": "REQUERIMENTO", "autoria": "10 - Joj\u00f3 Guerra", "texto_original": "http://sapl.olinda.pe.leg.br/media/", "ementa": "Requer servi\u00e7o de corte e ratifica\u00e7\u00e3o de \u00e1rvore na Rua Mal\u00e1sia, Sapucaia;"}, {"id": "3799", "ano": "2021", "numero": "1502", "tipo__sigla": "REQ", "tipo__descricao": "REQUERIMENTO", "autoria": "16 - Tonny Magalh\u00e3es", "texto_original": "http://sapl.olinda.pe.leg.br/media/", "ementa": "Requer INFORMA\u00c7\u00c3O SOBRE A COLETA DO LIXO;"}, {"id": "3802", "ano": "2021", "numero": "1503", "tipo__sigla": "REQ", "tipo__descricao": "REQUERIMENTO", "autoria": "05 - MIZAEL PRESTANISTA", "texto_original": "http://sapl.olinda.pe.leg.br/media/", "ementa": "Requer cal\u00e7amento da Rua Manoel de Luna, bairro de Passarinho, neste munic\u00edpio;"}, {"id": "3803", "ano": "2021", "numero": "1504", "tipo__sigla": "REQ", "tipo__descricao": "REQUERIMENTO", "autoria": "05 - Everaldo Silva", "texto_original": "http://sapl.olinda.pe.leg.br/media/", "ementa": "Requer cal\u00e7amento da Rua da Divisa, Alto Nova Olinda;"}, {"id": "3804", "ano": "2021", "numero": "1505", "tipo__sigla": "REQ", "tipo__descricao": "REQUERIMENTO", "autoria": "15 - SAULO HOLANDA", "texto_original": "http://sapl.olinda.pe.leg.br/media/", "ementa": "Requer troca de l\u00e2mpada da Rua Batista Francisco Bezerra, em frente ao N\u00ba 185, em 7\u00ba RO;"}, {"id": "3805", "ano": "2021", "numero": "1506", "tipo__sigla": "REQ", "tipo__descricao": "REQUERIMENTO", "autoria": "02 - Irm\u00e3o Bi\u00e1", "texto_original": "http://sapl.olinda.pe.leg.br/media/", "ementa": "Requer recupera\u00e7\u00e3o da Pra\u00e7a da PL e cal\u00e7amento da extens\u00e3o da 1\u00aa Travessa da Rua do Amanhecer;"}, {"id": "3806", "ano": "2021", "numero": "1507", "tipo__sigla": "REQ", "tipo__descricao": "REQUERIMENTO", "autoria": "09 - Fl\u00e1vio Nascimento", "texto_original": "http://sapl.olinda.pe.leg.br/media/", "ementa": "Requer remo\u00e7\u00e3o de entulhos na Rua Jose Coroliano no bairro de Peixinhos;"}, {"id": "3807", "ano": "2021", "numero": "1508", "tipo__sigla": "REQ", "tipo__descricao": "REQUERIMENTO", "autoria": "09 - Fl\u00e1vio Nascimento", "texto_original": "http://sapl.olinda.pe.leg.br/media/", "ementa": "Requer limpeza das canaletas, capina\u00e7\u00e3o, varri\u00e7\u00e3o e pintura de meio fio Rio grande do Sul n\u00b0 208 esquina com a Rua Guanabara no bairro de Jardim Brasil;"}, {"id": "3808", "ano": "2021", "numero": "1509", "tipo__sigla": "REQ", "tipo__descricao": "REQUERIMENTO", "autoria": "09 - Fl\u00e1vio Nascimento", "texto_original": "http://sapl.olinda.pe.leg.br/media/", "ementa": "Requer substitui\u00e7\u00e3o das lonas das barracas da feira de Peixinhos;"}, {"id": "3817", "ano": "2021", "numero": "1510", "tipo__sigla": "REQ", "tipo__descricao": "REQUERIMENTO", "autoria": "05 - Everaldo Silva", "texto_original": "http://sapl.olinda.pe.leg.br/media/", "ementa": "Mo\u00e7\u00e3o de Pesar em virtude do falecimento do Sr. Aurino Celestino da Silva;"}, {"id": "3818", "ano": "2021", "numero": "1511", "tipo__sigla": "REQ", "tipo__descricao": "REQUERIMENTO", "autoria": "05 - Everaldo Silva", "texto_original": "http://sapl.olinda.pe.leg.br/media/", "ementa": "Rerquer cal\u00e7amento da Rua Anatomia, Alto da Bondade;"}, {"id": "3819", "ano": "2021", "numero": "1512", "tipo__sigla": "REQ", "tipo__descricao": "REQUERIMENTO", "autoria": "17 - VLADEMIR LABANCA", "texto_original": "http://sapl.olinda.pe.leg.br/media/", "ementa": "Requer audi\u00eancia p\u00fablica acerca do PAC;"}, {"id": "3816", "ano": "2021", "numero": "1513", "tipo__sigla": "REQ", "tipo__descricao": "REQUERIMENTO", "autoria": "16 - BIAI", "texto_original": "http://sapl.olinda.pe.leg.br/media/", "ementa": "Requer que seja proposta a ALEPE, Projeto de Lei  de incentivo as escolinhas de futebol, basquete, voleibol, futsal, etc, dos clubes do nosso estado, no sentido de que os jovens que n\u00e3o podem pagar sejam contemplados com esse incentivo."}, {"id": "3820", "ano": "2021", "numero": "1514", "tipo__sigla": "REQ", "tipo__descricao": "REQUERIMENTO", "autoria": "11 - Dete Silva", "texto_original": "http://sapl.olinda.pe.leg.br/media/", "ementa": "Requer RETIRADA DE \u00c1RVORE  NA  RUA A-5, RIO DOCE;"}, {"id": "3821", "ano": "2021", "numero": "1515", "tipo__sigla": "REQ", "tipo__descricao": "REQUERIMENTO", "autoria": "09 - Fl\u00e1vio Nascimento", "texto_original": "http://sapl.olinda.pe.leg.br/media/", "ementa": "Requer limpeza das canaletas, remo\u00e7\u00e3o de entulhos, capina\u00e7\u00e3o, varri\u00e7\u00e3o e pintura de meio fio em toda extens\u00e3o da Rua Salm\u00e3o no bairro de Ouro Preto;"}, {"id": "3822", "ano": "2021", "numero": "1516", "tipo__sigla": "REQ", "tipo__descricao": "REQUERIMENTO", "autoria": "09 - Fl\u00e1vio Nascimento", "texto_original": "http://sapl.olinda.pe.leg.br/media/", "ementa": "Requer limpeza das canaletas, remo\u00e7\u00e3o de entulhos, capina\u00e7\u00e3o, varri\u00e7\u00e3o e pintura de meio fio em toda extens\u00e3o da Rua Severina Barbosa de Andrade no bairro de Rio Doce;"}, {"id": "3823", "ano": "2021", "numero": "1517", "tipo__sigla": "REQ", "tipo__descricao": "REQUERIMENTO", "autoria": "09 - Fl\u00e1vio Nascimento", "texto_original": "http://sapl.olinda.pe.leg.br/media/", "ementa": "Requer Constru\u00e7\u00e3o de um Canteiro de Jardim de Pneus Reutilizados na Rua Jequi\u00e9, esquinas com as Ruas Caruaru e Limoeiro no bairro de Jardim Brasil;"}, {"id": "3824", "ano": "2021", "numero": "1518", "tipo__sigla": "REQ", "tipo__descricao": "REQUERIMENTO", "autoria": "17 - Vinicius Castello", "texto_original": "http://sapl.olinda.pe.leg.br/media/", "ementa": "Requer VOTO DE APLAUSOS a Igreja Nossa Senhora do Ros\u00e1rio dos Homens Pretos por seus 400 anos de resist\u00eancia e hist\u00f3ria."}, {"id": "3826", "ano": "2021", "numero": "1519", "tipo__sigla": "REQ", "tipo__descricao": "REQUERIMENTO", "autoria": "03 - FELIPE NASCIMENTO", "texto_original": "http://sapl.olinda.pe.leg.br/media/", "ementa": "Requer O FORNECECIMENTO DE PONTOS DE INTERNET SEM FIO (WI-FI) GRATUITO EM LOCAIS ESPEC\u00cdFICOS DA CIDADE E DA OUTRAS PROVID\u00caNCAIS;"}, {"id": "3828", "ano": "2021", "numero": "1520", "tipo__sigla": "REQ", "tipo__descricao": "REQUERIMENTO", "autoria": "14 - RICARDO SOUSA", "texto_original": "http://sapl.olinda.pe.leg.br/media/", "ementa": "Requer VOTO DE APLAUSOS a Equipe M\u00e9dica e Cir\u00fargica da Clinica de Urol\u00f3gica do Hospital Ot\u00e1vio de Freitas: aos Anestesistas, M\u00e9dicos e Residentes  al\u00e9m da equipe de enfermagem. Em especial a aos m\u00e9dicos cirurgi\u00f5es : Drs. Augusto Cesar Sampaio, Anderson Lopes, Andr\u00e9 Akel, Bruno Balio, Diogo Viana, Benhur Lima e Jo\u00e3o Paulo Pereira Lima."}, {"id": "3829", "ano": "2021", "numero": "1521", "tipo__sigla": "REQ", "tipo__descricao": "REQUERIMENTO", "autoria": "16 - Tonny Magalh\u00e3es", "texto_original": "http://sapl.olinda.pe.leg.br/media/", "ementa": "Requer Servi\u00e7o de troca de l\u00e2mpada na Rua do amor, em Jardim Fragoso, em frente ao n\u00b022;"}, {"id": "3830", "ano": "2021", "numero": "1522", "tipo__sigla": "REQ", "tipo__descricao": "REQUERIMENTO", "autoria": "16 - Tonny Magalh\u00e3es", "texto_original": "http://sapl.olinda.pe.leg.br/media/", "ementa": "Requer Servi\u00e7os de troca de l\u00e2mpada na Rua Opala Negra, Jardim Atl\u00e2ntico, em frente ao n\u00b0 43, n\u00b065 e n\u00b078;"}, {"id": "3831", "ano": "2021", "numero": "1523", "tipo__sigla": "REQ", "tipo__descricao": "REQUERIMENTO", "autoria": "16 - Tonny Magalh\u00e3es", "texto_original": "http://sapl.olinda.pe.leg.br/media/", "ementa": "Requer Servi\u00e7o de troca de l\u00e2mpada na Rua Algodoeiro, em Jardim Fragoso, em frente ao n\u00b06;"}, {"id": "3832", "ano": "2021", "numero": "1524", "tipo__sigla": "REQ", "tipo__descricao": "REQUERIMENTO", "autoria": "16 - Tonny Magalh\u00e3es", "texto_original": "http://sapl.olinda.pe.leg.br/media/", "ementa": "Requer Servi\u00e7o de troca de l\u00e2mpada na Rua Ouri\u00e7o do Mar, em Ouro Preto, em frente ao n\u00b022, n\u00b034 e n\u00b044;"}, {"id": "3833", "ano": "2021", "numero": "1525", "tipo__sigla": "REQ", "tipo__descricao": "REQUERIMENTO", "autoria": "16 - Tonny Magalh\u00e3es", "texto_original": "http://sapl.olinda.pe.leg.br/media/", "ementa": "Requer limpeza e capina\u00e7\u00e3o, da Rua Carlos Leite Moreira, em Casa Caiada, tendo como ponto de refer\u00eancia a partir da Casa de Festa Dayse Nogueira;"}, {"id": "3834", "ano": "2021", "numero": "1526", "tipo__sigla": "REQ", "tipo__descricao": "REQUERIMENTO", "autoria": "15 - SAULO HOLANDA", "texto_original": "http://sapl.olinda.pe.leg.br/media/", "ementa": "Requer servi\u00e7o de terraplanagem urgente da Rua Ant\u00f4nio Ver\u00edssimo, Rua T\u00e1bua, Peixinhos;"}, {"id": "3835", "ano": "2021", "numero": "1527", "tipo__sigla": "REQ", "tipo__descricao": "REQUERIMENTO", "autoria": "10 - Joj\u00f3 Guerra", "texto_original": "http://sapl.olinda.pe.leg.br/media/", "ementa": "Requer limpeza e recolhimento de entulhos aglomerado NA RUA Berlim, 217 C\u00f3rrego da Bondade;"}, {"id": "3836", "ano": "2021", "numero": "1528", "tipo__sigla": "REQ", "tipo__descricao": "REQUERIMENTO", "autoria": "10 - Joj\u00f3 Guerra", "texto_original": "http://sapl.olinda.pe.leg.br/media/", "ementa": "Requer podamento no C\u00f3rrego das Laranjeiras;"}, {"id": "3837", "ano": "2021", "numero": "1529", "tipo__sigla": "REQ", "tipo__descricao": "REQUERIMENTO", "autoria": "11 - Dete Silva", "texto_original": "http://sapl.olinda.pe.leg.br/media/", "ementa": "Requer A INCLUS\u00c3O DE UMA LOMBADA DE TR\u00c2NSITO NA RUA ESP\u00cdRITO SANTO, 79 - JARDIM BRASIL;"}, {"id": "3843", "ano": "2021", "numero": "1530", "tipo__sigla": "REQ", "tipo__descricao": "REQUERIMENTO", "autoria": "16 - BIAI", "texto_original": "http://sapl.olinda.pe.leg.br/media/", "ementa": "Requer recapeamento da Avenida Brasil, Rio Doce;"}, {"id": "3844", "ano": "2021", "numero": "1531", "tipo__sigla": "REQ", "tipo__descricao": "REQUERIMENTO", "autoria": "16 - BIAI", "texto_original": "http://sapl.olinda.pe.leg.br/media/", "ementa": "Requer recapeamento da Avenida das Gar\u00e7as, Rio Doce;"}, {"id": "3845", "ano": "2021", "numero": "1532", "tipo__sigla": "REQ", "tipo__descricao": "REQUERIMENTO", "autoria": "16 - BIAI", "texto_original": "http://sapl.olinda.pe.leg.br/media/", "ementa": "Requer recapeamento da Avenida Frederico Lundgren, 1\u00aa Etapa, Rio Doce;"}, {"id": "3846", "ano": "2021", "numero": "1533", "tipo__sigla": "REQ", "tipo__descricao": "REQUERIMENTO", "autoria": "16 - BIAI", "texto_original": "http://sapl.olinda.pe.leg.br/media/", "ementa": "Requer recapeamento da Rua Fenelon \u00c1tico Leite, 1\u00aa Etapa, Rio Doce;"}, {"id": "3847", "ano": "2021", "numero": "1534", "tipo__sigla": "REQ", "tipo__descricao": "REQUERIMENTO", "autoria": "16 - BIAI", "texto_original": "http://sapl.olinda.pe.leg.br/media/", "ementa": "Requer recapeamento da Avenida M\u00e9xico, 2\u00aa Etapa, Rio Doce;"}, {"id": "3849", "ano": "2021", "numero": "1535", "tipo__sigla": "REQ", "tipo__descricao": "REQUERIMENTO", "autoria": "16 - BIAI", "texto_original": "http://sapl.olinda.pe.leg.br/media/", "ementa": "Requer recapeamento da Avenida N\u00e1poles, 4\u00aa Etapa, Rio Doce;"}, {"id": "3850", "ano": "2021", "numero": "1536", "tipo__sigla": "REQ", "tipo__descricao": "REQUERIMENTO", "autoria": "16 - BIAI", "texto_original": "http://sapl.olinda.pe.leg.br/media/", "ementa": "Requer recapeamento da Rua 3, 4\u00aa Etapa, Rio Doce;"}, {"id": "3851", "ano": "2021", "numero": "1537", "tipo__sigla": "REQ", "tipo__descricao": "REQUERIMENTO", "autoria": "14 - RICARDO SOUSA", "texto_original": "http://sapl.olinda.pe.leg.br/media/", "ementa": "Requer que seja realizada a Troca de l\u00e2mpada do poste localizado na  Avenida das Gar\u00e7as em frente a Academia pr\u00f3ximo a quadra 11, na 4\u00aa Etapa de Rio Doce;"}, {"id": "3852", "ano": "2021", "numero": "1538", "tipo__sigla": "REQ", "tipo__descricao": "REQUERIMENTO", "autoria": "14 - RICARDO SOUSA", "texto_original": "http://sapl.olinda.pe.leg.br/media/", "ementa": "Requer que seja realizada a Troca de l\u00e2mpada do poste localizado na Rua da Amora esquina com Rua do Dend\u00ea na parada de \u00f4nibus, na 4\u00aa Etapa de Rio Doce;"}, {"id": "3853", "ano": "2021", "numero": "1539", "tipo__sigla": "REQ", "tipo__descricao": "REQUERIMENTO", "autoria": "14 - RICARDO SOUSA", "texto_original": "http://sapl.olinda.pe.leg.br/media/", "ementa": "Rquer que seja realizada a Troca de l\u00e2mpada do poste localizado na Rua da Amora esquina com Rua Carlos Xavier de Brito, na 4\u00aa Etapa de Rio Doce;"}, {"id": "3854", "ano": "2021", "numero": "1540", "tipo__sigla": "REQ", "tipo__descricao": "REQUERIMENTO", "autoria": "14 - RICARDO SOUSA", "texto_original": "http://sapl.olinda.pe.leg.br/media/", "ementa": "Requer que seja realizada a Troca de l\u00e2mpada do poste localizado na Rua da Amora esquina com Rua 48A, na 4\u00aa Etapa de Rio Doce;"}, {"id": "3855", "ano": "2021", "numero": "1541", "tipo__sigla": "REQ", "tipo__descricao": "REQUERIMENTO", "autoria": "14 - RICARDO SOUSA", "texto_original": "http://sapl.olinda.pe.leg.br/media/", "ementa": "Requer que seja realizada a Troca de l\u00e2mpada do poste localizado na Rua da Amora esquina com Avenida das Gar\u00e7as, na 4\u00aa Etapa de Rio Doce;"}, {"id": "3856", "ano": "2021", "numero": "1542", "tipo__sigla": "REQ", "tipo__descricao": "REQUERIMENTO", "autoria": "14 - RICARDO SOUSA", "texto_original": "http://sapl.olinda.pe.leg.br/media/", "ementa": "Requer que seja realizada a Troca de l\u00e2mpada do poste localizado na Rua da Amora em frente ao bloco B quadra 26, na 4\u00aa Etapa de Rio Doce;"}, {"id": "3857", "ano": "2021", "numero": "1543", "tipo__sigla": "REQ", "tipo__descricao": "REQUERIMENTO", "autoria": "14 - RICARDO SOUSA", "texto_original": "http://sapl.olinda.pe.leg.br/media/", "ementa": "Requer que seja realizada a Troca de l\u00e2mpada do poste localizado na Rua 54 esquina com Rua 52 pr\u00f3ximo ao campo do N\u00f4, na 4\u00aa Etapa de Rio Doce;"}, {"id": "3858", "ano": "2021", "numero": "1544", "tipo__sigla": "REQ", "tipo__descricao": "REQUERIMENTO", "autoria": "14 - RICARDO SOUSA", "texto_original": "http://sapl.olinda.pe.leg.br/media/", "ementa": "Requer que seja realizada a Troca de l\u00e2mpada do poste localizado na Avenida N\u00e1poles pr\u00f3ximo ao Xod\u00f3 nordestino, na 4\u00aa Etapa de Rio Doce;"}, {"id": "3859", "ano": "2021", "numero": "1545", "tipo__sigla": "REQ", "tipo__descricao": "REQUERIMENTO", "autoria": "14 - RICARDO SOUSA", "texto_original": "http://sapl.olinda.pe.leg.br/media/", "ementa": "Requer que seja realizada a Troca de l\u00e2mpada do poste localizado na Avenida das Gar\u00e7as em a Matuto Verduras, na 4\u00aa Etapa de Rio Doce;"}, {"id": "3860", "ano": "2021", "numero": "1546", "tipo__sigla": "REQ", "tipo__descricao": "REQUERIMENTO", "autoria": "10 - Joj\u00f3 Guerra", "texto_original": "http://sapl.olinda.pe.leg.br/media/", "ementa": "Requer o recolhimento de material da a\u00e7\u00e3o de corte de matos e galhos feita pela prefeitura na Rua Baob\u00e1, quadra B15, Lote 02, Ouro Preto;"}, {"id": "3861", "ano": "2021", "numero": "1547", "tipo__sigla": "REQ", "tipo__descricao": "REQUERIMENTO", "autoria": "14 - RICARDO SOUSA", "texto_original": "http://sapl.olinda.pe.leg.br/media/", "ementa": "Requer Troca de l\u00e2mpada do poste localizado na Rua do Abacate esquina com Rua Carlos Xavier de Brito, na 4\u00aa Etapa de Rio Doce;"}, {"id": "3862", "ano": "2021", "numero": "1548", "tipo__sigla": "REQ", "tipo__descricao": "REQUERIMENTO", "autoria": "14 - RICARDO SOUSA", "texto_original": "http://sapl.olinda.pe.leg.br/media/", "ementa": "Requer Troca de l\u00e2mpada do poste localizado na Rua 46 em frente ao n\u00famero 66, na 5\u00aa Etapa de Rio Doce;"}, {"id": "3863", "ano": "2021", "numero": "1549", "tipo__sigla": "REQ", "tipo__descricao": "REQUERIMENTO", "autoria": "14 - RICARDO SOUSA", "texto_original": "http://sapl.olinda.pe.leg.br/media/", "ementa": "Rerquer Troca dos postes da Pra\u00e7a da quadra 13 na Avenida N\u00e1poles, na 4\u00aa Etapa de Rio Doce;"}, {"id": "3864", "ano": "2021", "numero": "1550", "tipo__sigla": "REQ", "tipo__descricao": "REQUERIMENTO", "autoria": "14 - RICARDO SOUSA", "texto_original": "http://sapl.olinda.pe.leg.br/media/", "ementa": "Requer Troca de l\u00e2mpada do poste localizado na Avenida Tiradentes esquina com Rua 37, na 4\u00aa Etapa de Rio Doce;"}, {"id": "3865", "ano": "2021", "numero": "1551", "tipo__sigla": "REQ", "tipo__descricao": "REQUERIMENTO", "autoria": "14 - RICARDO SOUSA", "texto_original": "http://sapl.olinda.pe.leg.br/media/", "ementa": "Requer Troca de l\u00e2mpada do poste localizado na Avenida Tiradentes em frente \u00e0 Pizzaria O Lazer, na 4\u00aa Etapa de Rio Doce;"}, {"id": "3866", "ano": "2021", "numero": "1552", "tipo__sigla": "REQ", "tipo__descricao": "REQUERIMENTO", "autoria": "14 - RICARDO SOUSA", "texto_original": "http://sapl.olinda.pe.leg.br/media/", "ementa": "Requer Troca de l\u00e2mpada do poste localizado na Avenida N\u00e1poles esquina com Rua 64, na 4\u00aa Etapa de Rio Doce;"}, {"id": "3867", "ano": "2021", "numero": "1553", "tipo__sigla": "REQ", "tipo__descricao": "REQUERIMENTO", "autoria": "14 - RICARDO SOUSA", "texto_original": "http://sapl.olinda.pe.leg.br/media/", "ementa": "Requer Troca de l\u00e2mpada do poste localizado na Avenida das Gar\u00e7as em frente ao n\u00famero 25 pr\u00f3ximo ao cruzamento com Avenida Brasil, na 4\u00aa Etapa de Rio Doce;"}, {"id": "3868", "ano": "2021", "numero": "1554", "tipo__sigla": "REQ", "tipo__descricao": "REQUERIMENTO", "autoria": "14 - RICARDO SOUSA", "texto_original": "http://sapl.olinda.pe.leg.br/media/", "ementa": "Requer Troca de l\u00e2mpada do poste localizado na Avenida das Gar\u00e7as em frente a quadra 19 bloco: A, na 4\u00aa Etapa de Rio Doce;"}, {"id": "3869", "ano": "2021", "numero": "1555", "tipo__sigla": "REQ", "tipo__descricao": "REQUERIMENTO", "autoria": "14 - RICARDO SOUSA", "texto_original": "http://sapl.olinda.pe.leg.br/media/", "ementa": "Requer Troca de l\u00e2mpada do poste localizado na Avenida das Gar\u00e7as em a Barbearia Cristiano, na 4\u00aa Etapa de Rio Doce;"}, {"id": "3870", "ano": "2021", "numero": "1556", "tipo__sigla": "REQ", "tipo__descricao": "REQUERIMENTO", "autoria": "14 - RICARDO SOUSA", "texto_original": "http://sapl.olinda.pe.leg.br/media/", "ementa": "Requer Troca de l\u00e2mpada do poste localizado na  1\u00aa travessa da Avenida da Saudade em frente 153, no bairro de Guadalupe;"}, {"id": "3871", "ano": "2021", "numero": "1557", "tipo__sigla": "REQ", "tipo__descricao": "REQUERIMENTO", "autoria": "14 - RICARDO SOUSA", "texto_original": "http://sapl.olinda.pe.leg.br/media/", "ementa": "Requer Troca de l\u00e2mpada do poste localizado na  1\u00aa travessa da Avenida da Saudade em frente 120, no bairro de Guadalupe;"}, {"id": "3872", "ano": "2021", "numero": "1558", "tipo__sigla": "REQ", "tipo__descricao": "REQUERIMENTO", "autoria": "14 - RICARDO SOUSA", "texto_original": "http://sapl.olinda.pe.leg.br/media/", "ementa": "Requer Troca de l\u00e2mpada do poste localizado  Rua 44 por tr\u00e1s da Igreja Nossa Senhora das Gra\u00e7as, na 4\u00aa Etapa de Rio Doce;"}, {"id": "3873", "ano": "2021", "numero": "1559", "tipo__sigla": "REQ", "tipo__descricao": "REQUERIMENTO", "autoria": "14 - RICARDO SOUSA", "texto_original": "http://sapl.olinda.pe.leg.br/media/", "ementa": "Requer Troca de l\u00e2mpada do poste localizado na Rua do Ing\u00e1 em frente ao n\u00famero 76, na 4\u00aa Etapa de Rio Doce;"}, {"id": "3874", "ano": "2021", "numero": "1560", "tipo__sigla": "REQ", "tipo__descricao": "REQUERIMENTO", "autoria": "14 - RICARDO SOUSA", "texto_original": "http://sapl.olinda.pe.leg.br/media/", "ementa": "Requer Troca de l\u00e2mpada do poste localizado na Rua do Ing\u00e1 em frente ao n\u00famero 96, na 4\u00aa Etapa de Rio Doce;"}, {"id": "3875", "ano": "2021", "numero": "1561", "tipo__sigla": "REQ", "tipo__descricao": "REQUERIMENTO", "autoria": "14 - RICARDO SOUSA", "texto_original": "http://sapl.olinda.pe.leg.br/media/", "ementa": "Requer Troca de l\u00e2mpada do poste localizado na Rua 37 esquina com Rua 49, na 4\u00aa Etapa de Rio Doce;"}, {"id": "3876", "ano": "2021", "numero": "1562", "tipo__sigla": "REQ", "tipo__descricao": "REQUERIMENTO", "autoria": "14 - RICARDO SOUSA", "texto_original": "http://sapl.olinda.pe.leg.br/media/", "ementa": "Requer Troca de l\u00e2mpada do poste localizado na Rua Arthur Guimar\u00e3es de Souza em frente ao n\u00b0 116, na 4\u00aa Etapa de Rio Doce;"}, {"id": "3877", "ano": "2021", "numero": "1563", "tipo__sigla": "REQ", "tipo__descricao": "REQUERIMENTO", "autoria": "14 - RICARDO SOUSA", "texto_original": "http://sapl.olinda.pe.leg.br/media/", "ementa": "Requer Troca de l\u00e2mpada do poste localizado na Rua Arthur Guimar\u00e3es de Souza em frente ao n\u00b0 86, na 4\u00aa Etapa de Rio Doce;"}, {"id": "3878", "ano": "2021", "numero": "1564", "tipo__sigla": "REQ", "tipo__descricao": "REQUERIMENTO", "autoria": "14 - RICARDO SOUSA", "texto_original": "http://sapl.olinda.pe.leg.br/media/", "ementa": "Requer Troca de l\u00e2mpada do poste localizado na Rua 71 em frente a entrada do Conjunto Carlos Lamarca, na 4\u00aa Etapa de Rio Doce;"}, {"id": "3879", "ano": "2021", "numero": "1565", "tipo__sigla": "REQ", "tipo__descricao": "REQUERIMENTO", "autoria": "14 - RICARDO SOUSA", "texto_original": "http://sapl.olinda.pe.leg.br/media/", "ementa": "Requer Troca de l\u00e2mpada do poste localizado na Rua 57 em frente ao Mercadinho DDD, na 4\u00aa Etapa de Rio Doce;"}, {"id": "3880", "ano": "2021", "numero": "1566", "tipo__sigla": "REQ", "tipo__descricao": "REQUERIMENTO", "autoria": "14 - RICARDO SOUSA", "texto_original": "http://sapl.olinda.pe.leg.br/media/", "ementa": "Requer Troca de l\u00e2mpada do poste localizado na Rua 57 em frente ao bloco E da quadra 21, na 4\u00aa Etapa de Rio Doce;"}, {"id": "3881", "ano": "2021", "numero": "1567", "tipo__sigla": "REQ", "tipo__descricao": "REQUERIMENTO", "autoria": "14 - RICARDO SOUSA", "texto_original": "http://sapl.olinda.pe.leg.br/media/", "ementa": "Requer Troca de l\u00e2mpada do poste localizado na Rua 54 esquina com Rua da Amora, na 4\u00aa Etapa de Rio Doce;"}, {"id": "3882", "ano": "2021", "numero": "1568", "tipo__sigla": "REQ", "tipo__descricao": "REQUERIMENTO", "autoria": "14 - RICARDO SOUSA", "texto_original": "http://sapl.olinda.pe.leg.br/media/", "ementa": "Requer Troca de l\u00e2mpada do poste localizado na Rua 19 em frente a Igreja Nossa Senhora das Gra\u00e7as, na 4\u00aa Etapa de Rio Doce;"}, {"id": "3886", "ano": "2021", "numero": "1569", "tipo__sigla": "REQ", "tipo__descricao": "REQUERIMENTO", "autoria": "15 - SAULO HOLANDA", "texto_original": "http://sapl.olinda.pe.leg.br/media/", "ementa": "Requer troca de l\u00e2mpadas apagadas em 03 (tr\u00eas) postes na Rua Belo Jardim, em frente aos n\u00ba 262, 243 e 248 em Peixinhos - Olinda."}, {"id": "3887", "ano": "2021", "numero": "1570", "tipo__sigla": "REQ", "tipo__descricao": "REQUERIMENTO", "autoria": "15 - SAULO HOLANDA", "texto_original": "http://sapl.olinda.pe.leg.br/media/", "ementa": "Requer troca de l\u00e2mpadas apagadas em 02 (dois) postes na Rua S\u00e3o Jo\u00e3o Batista, em frete a Igreja Assembl\u00e9ia de Deus em Peixinhos - Olinda."}, {"id": "3888", "ano": "2021", "numero": "1571", "tipo__sigla": "REQ", "tipo__descricao": "REQUERIMENTO", "autoria": "11 - Dete Silva", "texto_original": "http://sapl.olinda.pe.leg.br/media/", "ementa": "Requer A INCLUS\u00c3O DE UM BRA\u00c7O NO POSTE JUNTO A ILUMINA\u00c7\u00c3O E REVITALIZA\u00c7\u00c3O DA NUMERA\u00c7\u00c3O NO POSTE (em frente a associa\u00e7\u00e3o de idosos) LOCALIZADO NA RUA TRINTA E SETE - (4\u00aa ETAPA), RIO DOCE;\r\n'"}, {"id": "3889", "ano": "2021", "numero": "1572", "tipo__sigla": "REQ", "tipo__descricao": "REQUERIMENTO", "autoria": "11 - Dete Silva", "texto_original": "http://sapl.olinda.pe.leg.br/media/", "ementa": "Requer A INCLUS\u00c3O DE UM BRA\u00c7O NO POSTE JUNTO A ILUMINA\u00c7\u00c3O E REVITALIZA\u00c7\u00c3O DA NUMERA\u00c7\u00c3O NO POSTE (ao lado do habitacional julia beatriz) LOCALIZADO NA RUA TRINTA E SETE - (4\u00aa ETAPA), RIO DOCE;"}, {"id": "3890", "ano": "2021", "numero": "1573", "tipo__sigla": "REQ", "tipo__descricao": "REQUERIMENTO", "autoria": "11 - Dete Silva", "texto_original": "http://sapl.olinda.pe.leg.br/media/", "ementa": "Requer A DESOBSTRU\u00c7\u00c3O DE CANALETAS NA RUA BELO HORIZONTE, RIO DOCE;"}, {"id": "3891", "ano": "2021", "numero": "1574", "tipo__sigla": "REQ", "tipo__descricao": "REQUERIMENTO", "autoria": "16 - Tonny Magalh\u00e3es", "texto_original": "http://sapl.olinda.pe.leg.br/media/", "ementa": "Requer poda\u00e7\u00e3o da \u00e1rvore da Rua Tenente Tot\u00e1, localizada em Sapucaia, tendo como ponto de refer\u00eancia, em frente \u00e0 casa de n\u00b0520;"}, {"id": "3892", "ano": "2021", "numero": "1575", "tipo__sigla": "REQ", "tipo__descricao": "REQUERIMENTO", "autoria": "09 - Fl\u00e1vio Nascimento", "texto_original": "http://sapl.olinda.pe.leg.br/media/", "ementa": "Requer amplia\u00e7\u00e3o de 1( um) para 2(dois) anos do prazo da licen\u00e7a sanit\u00e1ria dos estabelecimentos que manipulam alimentos e bebidas no \u00e2mbito do munic\u00edpio de Olinda, embora com a manuten\u00e7\u00e3o do pagamento anual da taxa de funcionamento;"}, {"id": "3893", "ano": "2021", "numero": "1576", "tipo__sigla": "REQ", "tipo__descricao": "REQUERIMENTO", "autoria": "02 - DENISE ALMEIDA", "texto_original": "http://sapl.olinda.pe.leg.br/media/", "ementa": "Requer que a casa em sess\u00e3o plen\u00e1ria fique um minuto em sil\u00eancio pelo falecimento do Senhor Raimundo Cardoso;"}, {"id": "3894", "ano": "2021", "numero": "1577", "tipo__sigla": "REQ", "tipo__descricao": "REQUERIMENTO", "autoria": "11 - Dete Silva", "texto_original": "http://sapl.olinda.pe.leg.br/media/", "ementa": "Requer O PROJETO \u201cARRUMA A CASA\u201d PARA A RUA TREZE - (5\u00aa ETAPA), RIO DOCE;"}, {"id": "3895", "ano": "2021", "numero": "1578", "tipo__sigla": "REQ", "tipo__descricao": "REQUERIMENTO", "autoria": "11 - Dete Silva", "texto_original": "http://sapl.olinda.pe.leg.br/media/", "ementa": "Requer O PROJETO \u201cARRUMA A CASA\u201d PARA A RUA TR\u00caS - (5\u00aa ETAPA), RIO DOCE;"}, {"id": "3896", "ano": "2021", "numero": "1579", "tipo__sigla": "REQ", "tipo__descricao": "REQUERIMENTO", "autoria": "11 - Dete Silva", "texto_original": "http://sapl.olinda.pe.leg.br/media/", "ementa": "Requer O PROJETO \u201cARRUMA A CASA\u201d PARA A RUA SETE - (5\u00aa ETAPA), RIO DOCE;"}, {"id": "3897", "ano": "2021", "numero": "1580", "tipo__sigla": "REQ", "tipo__descricao": "REQUERIMENTO", "autoria": "11 - Dete Silva", "texto_original": "http://sapl.olinda.pe.leg.br/media/", "ementa": "Requer O PROJETO \u201cARRUMA A CASA\u201d PARA A RUA OITO - (5\u00aa ETAPA), RIO DOCE;"}, {"id": "3898", "ano": "2021", "numero": "1581", "tipo__sigla": "REQ", "tipo__descricao": "REQUERIMENTO", "autoria": "16 - Tonny Magalh\u00e3es", "texto_original": "http://sapl.olinda.pe.leg.br/media/", "ementa": "Requer troca de l\u00e2mpada na Rua Francisco Gomes, No Bairro de Caixa D\u2019\u00e1gua, em frente ao n\u00famero 18;"}, {"id": "3899", "ano": "2021", "numero": "1582", "tipo__sigla": "REQ", "tipo__descricao": "REQUERIMENTO", "autoria": "15 - SAULO HOLANDA", "texto_original": "http://sapl.olinda.pe.leg.br/media/", "ementa": "Requer VOTO DE APLAUSOS e congratula\u00e7\u00f5es ao Comandante do Ex\u00e9rcito do Estado de Pernambuco, Paulo S\u00e9rgio Nogueira, pela conquista da nova sede da Escola de Forma\u00e7\u00e3o e Gradua\u00e7\u00e3o de Sargentos de Armas (ESA) no Estado de Pernambuco."}, {"id": "3900", "ano": "2021", "numero": "1583", "tipo__sigla": "REQ", "tipo__descricao": "REQUERIMENTO", "autoria": "15 - SAULO HOLANDA", "texto_original": "http://sapl.olinda.pe.leg.br/media/", "ementa": "Requer VOTO DE APLAUSOS e congratula\u00e7\u00f5es ao Presidente da Assembl\u00e9ia Legislativa do Estado de Pernambuco, Deputado Eriberto Medeiros (PP), pela conquista da nova sede da Escola de Forma\u00e7\u00e3o e Gradua\u00e7\u00e3o de Sargentos de Armas (ESA) no Estado de Pernambuco."}, {"id": "3901", "ano": "2021", "numero": "1584", "tipo__sigla": "REQ", "tipo__descricao": "REQUERIMENTO", "autoria": "10 - Joj\u00f3 Guerra", "texto_original": "http://sapl.olinda.pe.leg.br/media/", "ementa": "Requer uma equipe para an\u00e1lise da escassez de \u00e1gua na Rua Nelson Melo Paes Barreto, \u00c1guas Compridas;"}, {"id": "3902", "ano": "2021", "numero": "1585", "tipo__sigla": "REQ", "tipo__descricao": "REQUERIMENTO", "autoria": "10 - Joj\u00f3 Guerra", "texto_original": "http://sapl.olinda.pe.leg.br/media/", "ementa": "Requer uma equipe para an\u00e1lise da escassez de \u00e1gua na regi\u00e3o de Sapucaia, em especial a rua Iracema;"}, {"id": "3903", "ano": "2021", "numero": "1586", "tipo__sigla": "REQ", "tipo__descricao": "REQUERIMENTO", "autoria": "10 - Joj\u00f3 Guerra", "texto_original": "http://sapl.olinda.pe.leg.br/media/", "ementa": "Requer pintura, ao longo da orla das praias de Olinda/PE,  nas faixas que registrem a quilometragem nas cal\u00e7adas para facilitar a pr\u00e1tica de esportes de ciclistas e corredores;"}, {"id": "3904", "ano": "2021", "numero": "1587", "tipo__sigla": "REQ", "tipo__descricao": "REQUERIMENTO", "autoria": "10 - Joj\u00f3 Guerra", "texto_original": "http://sapl.olinda.pe.leg.br/media/", "ementa": "Requer terraplanagem com auxilio de maquinas no C\u00f3rrego da Bondade;"}, {"id": "3905", "ano": "2021", "numero": "1588", "tipo__sigla": "REQ", "tipo__descricao": "REQUERIMENTO", "autoria": "10 - Joj\u00f3 Guerra", "texto_original": "http://sapl.olinda.pe.leg.br/media/", "ementa": "Requer de l\u00e2mpadas ao longo da Estrada de \u00c1guas Compridas, Olinda/PE com o caminh\u00e3o de ilumina\u00e7\u00e3o \u2018\u2019net\u2019\u2019 de longo alcance para postes com grande altura;"}, {"id": "3906", "ano": "2021", "numero": "1589", "tipo__sigla": "REQ", "tipo__descricao": "REQUERIMENTO", "autoria": "10 - Joj\u00f3 Guerra", "texto_original": "http://sapl.olinda.pe.leg.br/media/", "ementa": "Requer recupera\u00e7\u00e3o de tampas de bueiros e bocas de lobo na Rua Francisco Gomes em Caixa D\u00b4\u00e1gua;"}, {"id": "3907", "ano": "2021", "numero": "1590", "tipo__sigla": "REQ", "tipo__descricao": "REQUERIMENTO", "autoria": "11 - Dete Silva", "texto_original": "http://sapl.olinda.pe.leg.br/media/", "ementa": "Requer A TROCA DE LAMPADA E REVITALIZA\u00c7\u00c3O DA NUMERA\u00c7\u00c3O NO POSTE(em frente o habitacional julia beatriz) LOCALIZADO NA RUA TRINTA E OITO - (4\u00aa ETAPA), RIO DOCE;"}, {"id": "3908", "ano": "2021", "numero": "1591", "tipo__sigla": "REQ", "tipo__descricao": "REQUERIMENTO", "autoria": "11 - Dete Silva", "texto_original": "http://sapl.olinda.pe.leg.br/media/", "ementa": "Requer A TROCA DE LAMPADA N\u00ba A010478LOCALIZADO NA AV TIRADENTES, 444 - RIO DOCE ;"}, {"id": "3909", "ano": "2021", "numero": "1592", "tipo__sigla": "REQ", "tipo__descricao": "REQUERIMENTO", "autoria": "15 - SAULO HOLANDA", "texto_original": "http://sapl.olinda.pe.leg.br/media/", "ementa": "Requer VOTO DE APLAUSOS e congratula\u00e7\u00f5es ao Governador do Estado de Pernambuco, Paulo Henrique Saraiva C\u00e2mara, pela coordena\u00e7\u00e3o e articula\u00e7\u00e3o para a vinda da nova sede da Escola de Sargentos de Armas (ESA) no Estudo de Pernambuco."}, {"id": "3910", "ano": "2021", "numero": "1593", "tipo__sigla": "REQ", "tipo__descricao": "REQUERIMENTO", "autoria": "15 - SAULO HOLANDA", "texto_original": "http://sapl.olinda.pe.leg.br/media/", "ementa": "Requer servi\u00e7o troca de l\u00e2mpadas apagadas em 3 postes na Rua Santo Amaro (frente aos n\u00ba 39, 55 e 104), Peixinhos;"}, {"id": "3911", "ano": "2021", "numero": "1594", "tipo__sigla": "REQ", "tipo__descricao": "REQUERIMENTO", "autoria": "15 - SAULO HOLANDA", "texto_original": "http://sapl.olinda.pe.leg.br/media/", "ementa": "Requer servi\u00e7o troca de l\u00e2mpadas apagadas em 12 postes na Rua Alameda Judite, Ouro Preto;"}, {"id": "3912", "ano": "2021", "numero": "1595", "tipo__sigla": "REQ", "tipo__descricao": "REQUERIMENTO", "autoria": "15 - SAULO HOLANDA", "texto_original": "http://sapl.olinda.pe.leg.br/media/", "ementa": "Requer terraplanagem na Rua Alameda Judite, Ouro Preto;"}, {"id": "3913", "ano": "2021", "numero": "1596", "tipo__sigla": "REQ", "tipo__descricao": "REQUERIMENTO", "autoria": "16 - BIAI", "texto_original": "http://sapl.olinda.pe.leg.br/media/", "ementa": "Requer a constru\u00e7\u00e3o de cal\u00e7adas na Avenida das gar\u00e7as, 4\u00aa Etapa, Rio Doce;"}, {"id": "3914", "ano": "2021", "numero": "1597", "tipo__sigla": "REQ", "tipo__descricao": "REQUERIMENTO", "autoria": "16 - BIAI", "texto_original": "http://sapl.olinda.pe.leg.br/media/", "ementa": "Requer a constru\u00e7\u00e3o de cal\u00e7adas na Avenida Carlos de Lima Cavalcanti, Rio Doce;"}, {"id": "3915", "ano": "2021", "numero": "1598", "tipo__sigla": "REQ", "tipo__descricao": "REQUERIMENTO", "autoria": "16 - BIAI", "texto_original": "http://sapl.olinda.pe.leg.br/media/", "ementa": "Requer recupera\u00e7\u00e3o das cal\u00e7adas das ruas da cidade de Olinda;"}, {"id": "3916", "ano": "2021", "numero": "1599", "tipo__sigla": "REQ", "tipo__descricao": "REQUERIMENTO", "autoria": "16 - BIAI", "texto_original": "http://sapl.olinda.pe.leg.br/media/", "ementa": "Requer abrigo coberto e/ou assentamento em todas as paradas de \u00f4nibus da cidade de Olinda;"}, {"id": "3917", "ano": "2021", "numero": "1600", "tipo__sigla": "REQ", "tipo__descricao": "REQUERIMENTO", "autoria": "09 - Fl\u00e1vio Nascimento", "texto_original": "http://sapl.olinda.pe.leg.br/media/", "ementa": "Requer Pavimenta\u00e7\u00e3o  Asf\u00e1ltica  da  Rua  Vereador  Ol\u00e1vo  Viana,  bairro  dos  Bultrins;"}, {"id": "3921", "ano": "2021", "numero": "1601", "tipo__sigla": "REQ", "tipo__descricao": "REQUERIMENTO", "autoria": "10 - Joj\u00f3 Guerra", "texto_original": "http://sapl.olinda.pe.leg.br/media/", "ementa": "Requer a troca de l\u00e2mpadas e coloca\u00e7\u00e3o de dois bra\u00e7os na Rua da Bermuda, C\u00f3rrego da Bondade;"}, {"id": "3922", "ano": "2021", "numero": "1602", "tipo__sigla": "REQ", "tipo__descricao": "REQUERIMENTO", "autoria": "17 - VLADEMIR LABANCA", "texto_original": "http://sapl.olinda.pe.leg.br/media/", "ementa": "Requer pavimenta\u00e7\u00e3o da Rua Humberto de Lima Mendes, Bairro Novo;"}, {"id": "3923", "ano": "2021", "numero": "1603", "tipo__sigla": "REQ", "tipo__descricao": "REQUERIMENTO", "autoria": "17 - VLADEMIR LABANCA", "texto_original": "http://sapl.olinda.pe.leg.br/media/", "ementa": "Requer pavimenta\u00e7\u00e3o da Rua Professor Di\u00f3genes Fernandes T\u00e1vora, Jardim Fragoso;"}, {"id": "3924", "ano": "2021", "numero": "1604", "tipo__sigla": "REQ", "tipo__descricao": "REQUERIMENTO", "autoria": "17 - VLADEMIR LABANCA", "texto_original": "http://sapl.olinda.pe.leg.br/media/", "ementa": "Requer pavimenta\u00e7\u00e3o da Avenida Coronel Jo\u00e3o de Melo Morais, Jardim Fragoso;"}, {"id": "3925", "ano": "2021", "numero": "1605", "tipo__sigla": "REQ", "tipo__descricao": "REQUERIMENTO", "autoria": "17 - VLADEMIR LABANCA", "texto_original": "http://sapl.olinda.pe.leg.br/media/", "ementa": "Requer terraplanagem da Avenida Coronel Jo\u00e3o de Melo Morais, Jardim Fragoso;"}, {"id": "3926", "ano": "2021", "numero": "1606", "tipo__sigla": "REQ", "tipo__descricao": "REQUERIMENTO", "autoria": "10 - Joj\u00f3 Guerra", "texto_original": "http://sapl.olinda.pe.leg.br/media/", "ementa": "Requer troca de l\u00e2mpadas e coloca\u00e7\u00e3o de dois bra\u00e7os na Rua da Berlim, C\u00f3rrego da Bondade;"}, {"id": "3927", "ano": "2021", "numero": "1607", "tipo__sigla": "REQ", "tipo__descricao": "REQUERIMENTO", "autoria": "09 - Fl\u00e1vio Nascimento", "texto_original": "http://sapl.olinda.pe.leg.br/media/", "ementa": "Requer limpeza das canaletas, remo\u00e7\u00e3o de entulhos, capina\u00e7\u00e3o, varri\u00e7\u00e3o e pintura de meio fio em toda extens\u00e3o da Rua Ant\u00f4nio de matos Peixoto Guimar\u00e3es no bairro de Peixinhos;"}, {"id": "3928", "ano": "2021", "numero": "1608", "tipo__sigla": "REQ", "tipo__descricao": "REQUERIMENTO", "autoria": "09 - Fl\u00e1vio Nascimento", "texto_original": "http://sapl.olinda.pe.leg.br/media/", "ementa": "Requer limpeza das canaletas, remo\u00e7\u00e3o de entulhos, capina\u00e7\u00e3o, varri\u00e7\u00e3o e pintura de meio fio em toda extens\u00e3o da Rua Maranh\u00e3o no bairro de Jardim Brasil I;"}, {"id": "3929", "ano": "2021", "numero": "1609", "tipo__sigla": "REQ", "tipo__descricao": "REQUERIMENTO", "autoria": "16 - BIAI", "texto_original": "http://sapl.olinda.pe.leg.br/media/", "ementa": "Requer a reuni\u00e3o de escritores da cidade a fim de que seja viabilizada a edi\u00e7\u00e3o de um livro sobre Olinda de todos os s\u00e9culos;"}, {"id": "3930", "ano": "2021", "numero": "1610", "tipo__sigla": "REQ", "tipo__descricao": "REQUERIMENTO", "autoria": "16 - BIAI", "texto_original": "http://sapl.olinda.pe.leg.br/media/", "ementa": "Requer encontro de compositores e m\u00fasicos a fim de que seja composta uma m\u00fasica que venha enaltecer a nossa cidade;"}, {"id": "3931", "ano": "2021", "numero": "1611", "tipo__sigla": "REQ", "tipo__descricao": "REQUERIMENTO", "autoria": "16 - BIAI", "texto_original": "http://sapl.olinda.pe.leg.br/media/", "ementa": "Requer sinaliza\u00e7\u00e3o (pintura das lombadas, pintura do meio-fio) das cinco ruas paralelas \u00e0 Rua Jos\u00e9 C\u00e2ndido Pessoa, Bairro Novo;"}, {"id": "3932", "ano": "2021", "numero": "1612", "tipo__sigla": "REQ", "tipo__descricao": "REQUERIMENTO", "autoria": "16 - BIAI", "texto_original": "http://sapl.olinda.pe.leg.br/media/", "ementa": "Requer projeto de alargamento das Ruas no Bairro Novo;"}, {"id": "3933", "ano": "2021", "numero": "1613", "tipo__sigla": "REQ", "tipo__descricao": "REQUERIMENTO", "autoria": "16 - BIAI", "texto_original": "http://sapl.olinda.pe.leg.br/media/", "ementa": "Requer um programa de acolhimento POP (popula\u00e7\u00e3o de Rua) a fim de que seja dada a aten\u00e7\u00e3o devida e poss\u00edvel;"}, {"id": "3935", "ano": "2021", "numero": "1614", "tipo__sigla": "REQ", "tipo__descricao": "REQUERIMENTO", "autoria": "10 - Joj\u00f3 Guerra", "texto_original": "http://sapl.olinda.pe.leg.br/media/", "ementa": "Requer a troca de l\u00e2mpadas na Rua da Gibraltar, C\u00f3rrego da Bondade;"}, {"id": "3936", "ano": "2021", "numero": "1615", "tipo__sigla": "REQ", "tipo__descricao": "REQUERIMENTO", "autoria": "10 - Joj\u00f3 Guerra", "texto_original": "http://sapl.olinda.pe.leg.br/media/", "ementa": "Requer troca de l\u00e2mpadas na Rua da Estambul, C\u00f3rrego da Bondade;"}, {"id": "3937", "ano": "2021", "numero": "1616", "tipo__sigla": "REQ", "tipo__descricao": "REQUERIMENTO", "autoria": "10 - Joj\u00f3 Guerra", "texto_original": "http://sapl.olinda.pe.leg.br/media/", "ementa": "Requer uma equipe para a analise de uma barreira que est\u00e1 em risco de queda e decl\u00ednio na Rua Bernardino de Melo 303;"}, {"id": "3938", "ano": "2021", "numero": "1617", "tipo__sigla": "REQ", "tipo__descricao": "REQUERIMENTO", "autoria": "10 - Joj\u00f3 Guerra", "texto_original": "http://sapl.olinda.pe.leg.br/media/", "ementa": "Requer a coloca\u00e7\u00e3o de ilumina\u00e7\u00e3o por refletores na Rua Jo\u00e3o Pessoa, S\u00e3o Benedito;"}, {"id": "3939", "ano": "2021", "numero": "1618", "tipo__sigla": "REQ", "tipo__descricao": "REQUERIMENTO", "autoria": "10 - Joj\u00f3 Guerra", "texto_original": "http://sapl.olinda.pe.leg.br/media/", "ementa": "Requer an\u00e1lise do vazamento de \u00e1gua e um grande buraco aberto no meio da Rua da Lama (Largo da Nova Olinda), \u00c1guas Compridas;"}, {"id": "3940", "ano": "2021", "numero": "1619", "tipo__sigla": "REQ", "tipo__descricao": "REQUERIMENTO", "autoria": "10 - Joj\u00f3 Guerra", "texto_original": "http://sapl.olinda.pe.leg.br/media/", "ementa": "Requer uma equipe de guarni\u00e7\u00e3o para o acompanhamento da Realiza\u00e7\u00e3o de um evento evangel\u00edstico promovido pela Igreja Evang\u00e9lica Assembleia de Deus na Rua Jo\u00e3o Pessoa, S\u00e3o Benedito, Olinda/PE. No dia 13 de Novembro de 2021;"}, {"id": "3941", "ano": "2021", "numero": "1620", "tipo__sigla": "REQ", "tipo__descricao": "REQUERIMENTO", "autoria": "03 - FELIPE NASCIMENTO", "texto_original": "http://sapl.olinda.pe.leg.br/media/", "ementa": "Requer VOTO DE APLAUSOS para Matheus Felipe Oliveira da Silva e Luiz Henrique Pereira Braga Ara\u00fajo pela atua\u00e7\u00e3o no Campeonato Brasileiro de Futebol de Mesa e d\u00e1 outras Provid\u00eancias."}, {"id": "3942", "ano": "2021", "numero": "1621", "tipo__sigla": "REQ", "tipo__descricao": "REQUERIMENTO", "autoria": "17 - Vinicius Castello", "texto_original": "http://sapl.olinda.pe.leg.br/media/", "ementa": "Requer VOTO DE APLAUSOS a Central \u00danica da Favela \u2013 CUFA, por seu importante papel na luta contra desigualdades e na busca por uma vida digna para as pessoas de comunidades carentes."}, {"id": "3943", "ano": "2021", "numero": "1622", "tipo__sigla": "REQ", "tipo__descricao": "REQUERIMENTO", "autoria": "09 - Fl\u00e1vio Nascimento", "texto_original": "http://sapl.olinda.pe.leg.br/media/", "ementa": "Requer a retomada  das  atividades esportivas no CAIC de Peixinhos;"}, {"id": "3944", "ano": "2021", "numero": "1623", "tipo__sigla": "REQ", "tipo__descricao": "REQUERIMENTO", "autoria": "09 - Fl\u00e1vio Nascimento", "texto_original": "http://sapl.olinda.pe.leg.br/media/", "ementa": "Requer limpeza da rede de esgoto  Rua Vertentes n\u00ba 61 Peixinhos Olinda;"}, {"id": "3948", "ano": "2021", "numero": "1624", "tipo__sigla": "REQ", "tipo__descricao": "REQUERIMENTO", "autoria": "15 - SAULO HOLANDA", "texto_original": "http://sapl.olinda.pe.leg.br/media/", "ementa": "Requer troca de l\u00e2mpada apagada no poste s/n na Rua Cabo ao lado do N\u00ba 27, Ouro Preto;"}, {"id": "3949", "ano": "2021", "numero": "1625", "tipo__sigla": "REQ", "tipo__descricao": "REQUERIMENTO", "autoria": "15 - SAULO HOLANDA", "texto_original": "http://sapl.olinda.pe.leg.br/media/", "ementa": "Requer troca de l\u00e2mpada apagada no poste s/n na Rua Guaran\u00e1 ao lado do N\u00ba 44, Ouro Preto;"}, {"id": "3950", "ano": "2021", "numero": "1626", "tipo__sigla": "REQ", "tipo__descricao": "REQUERIMENTO", "autoria": "15 - SAULO HOLANDA", "texto_original": "http://sapl.olinda.pe.leg.br/media/", "ementa": "Requer troca de l\u00e2mpada apagada no poste s/n na Rua Cabo em frente a Escola Coronel Jos\u00e9 Domingos, Ouro Preto;"}, {"id": "3951", "ano": "2021", "numero": "1627", "tipo__sigla": "REQ", "tipo__descricao": "REQUERIMENTO", "autoria": "15 - SAULO HOLANDA", "texto_original": "http://sapl.olinda.pe.leg.br/media/", "ementa": "Requer troca de l\u00e2mpada apagada em dois poste s/n na Rua Dracena em frente a Quadra E-11, Ouro Preto;"}, {"id": "3952", "ano": "2021", "numero": "1628", "tipo__sigla": "REQ", "tipo__descricao": "REQUERIMENTO", "autoria": "15 - SAULO HOLANDA", "texto_original": "http://sapl.olinda.pe.leg.br/media/", "ementa": "Requer troca de l\u00e2mpada apagada no poste s/n na Rua Barreiros ao lado do N\u00ba 18, Ouro Preto;"}, {"id": "3953", "ano": "2021", "numero": "1629", "tipo__sigla": "REQ", "tipo__descricao": "REQUERIMENTO", "autoria": "10 - Joj\u00f3 Guerra", "texto_original": "http://sapl.olinda.pe.leg.br/media/", "ementa": "Requer troca de l\u00e2mpadas na Santa Rosa e suas transversais, \u00c1guas Compridas, Olinda/PE;"}, {"id": "3954", "ano": "2021", "numero": "1630", "tipo__sigla": "REQ", "tipo__descricao": "REQUERIMENTO", "autoria": "10 - Joj\u00f3 Guerra", "texto_original": "http://sapl.olinda.pe.leg.br/media/", "ementa": "Requer troca de l\u00e2mpadas na Estrada de Aguazinha (media\u00e7\u00f5es da AMBEV), Aguazinha;"}, {"id": "3955", "ano": "2021", "numero": "1631", "tipo__sigla": "REQ", "tipo__descricao": "REQUERIMENTO", "autoria": "16 - Tonny Magalh\u00e3es", "texto_original": "http://sapl.olinda.pe.leg.br/media/", "ementa": "Requer troca de l\u00e2mpada na Rua Opala Negra, em Atl\u00e2ntico, em frente ao n\u00b015 e 42;"}, {"id": "3956", "ano": "2021", "numero": "1632", "tipo__sigla": "REQ", "tipo__descricao": "REQUERIMENTO", "autoria": "10 - Joj\u00f3 Guerra", "texto_original": "http://sapl.olinda.pe.leg.br/media/", "ementa": "Requer roca de l\u00e2mpadas na Avenida Beira Rio, \u00c1guas Compridas;"}, {"id": "3957", "ano": "2021", "numero": "1633", "tipo__sigla": "REQ", "tipo__descricao": "REQUERIMENTO", "autoria": "10 - Joj\u00f3 Guerra", "texto_original": "http://sapl.olinda.pe.leg.br/media/", "ementa": "Requer an\u00e1lise do muro em risco de queda do Cemit\u00e9rio P\u00fablico de \u00c1guas Compridas;"}, {"id": "3958", "ano": "2021", "numero": "1634", "tipo__sigla": "REQ", "tipo__descricao": "REQUERIMENTO", "autoria": "17 - Vinicius Castello", "texto_original": "http://sapl.olinda.pe.leg.br/media/", "ementa": "Requer VOTO DE APLAUSOS ao Ponto de Cultura Coco de Umbigada, pelos relevantes servi\u00e7os prestados."}, {"id": "3959", "ano": "2021", "numero": "1635", "tipo__sigla": "REQ", "tipo__descricao": "REQUERIMENTO", "autoria": "05 - Everaldo Silva", "texto_original": "http://sapl.olinda.pe.leg.br/media/", "ementa": "Requer manuten\u00e7\u00e3o nos pontos de luz em: Rua Nelson de Melo Paes Barreto - \u00c1guas Compridas, 2\u00aa Travessa C\u00f3rrego Nova Olinda - \u00c1guas Compridas, 2\u00aa Travessa Alto Nova Olinda - \u00c1guas Compridas, Rua das Ninfas - \u00c1guas Compridas, Rua do Futuro - \u00c1guas Compridas, Rua C\u00f3rrego Aureliano - \u00c1guas Compridas, Rua Pacificador - Sapucaia, Rua M\u00e1rio Juruna - Alto da Bondade, e Rua Jo\u00e3o de Lima, 34 - Guadalupe;"}, {"id": "3960", "ano": "2021", "numero": "1636", "tipo__sigla": "REQ", "tipo__descricao": "REQUERIMENTO", "autoria": "05 - Everaldo Silva", "texto_original": "http://sapl.olinda.pe.leg.br/media/", "ementa": "Requer limpeza e remo\u00e7\u00e3o de metralhas na Rua J\u00falio Louren\u00e7o, 32, \u00c1guas Compridas;"}, {"id": "3961", "ano": "2021", "numero": "1637", "tipo__sigla": "REQ", "tipo__descricao": "REQUERIMENTO", "autoria": "05 - Everaldo Silva", "texto_original": "http://sapl.olinda.pe.leg.br/media/", "ementa": "Requer Projeto Identidade Cidad\u00e3 em \u00c1guas Compridas;"}, {"id": "3962", "ano": "2021", "numero": "1638", "tipo__sigla": "REQ", "tipo__descricao": "REQUERIMENTO", "autoria": "09 - Fl\u00e1vio Nascimento", "texto_original": "http://sapl.olinda.pe.leg.br/media/", "ementa": "Requer Servi\u00e7os Advindos do Programa \u201cArrumando a Casa\u201d na Rua Jose Mauricio Viana, Bairro de Jardim Atl\u00e2ntico;"}, {"id": "3963", "ano": "2021", "numero": "1639", "tipo__sigla": "REQ", "tipo__descricao": "REQUERIMENTO", "autoria": "17 - VLADEMIR LABANCA", "texto_original": "http://sapl.olinda.pe.leg.br/media/", "ementa": "Requer \"Vacina\u00e7\u00e3o nos pontos de vacina sem agendamento\";"}, {"id": "3964", "ano": "2021", "numero": "1640", "tipo__sigla": "REQ", "tipo__descricao": "REQUERIMENTO", "autoria": "16 - BIAI", "texto_original": "http://sapl.olinda.pe.leg.br/media/", "ementa": "Requer a licen\u00e7a de funcionamento das micro e pequenas empresas passem a ter validade de dois anos;"}, {"id": "3965", "ano": "2021", "numero": "1641", "tipo__sigla": "REQ", "tipo__descricao": "REQUERIMENTO", "autoria": "Bruno D'Melo", "texto_original": "http://sapl.olinda.pe.leg.br/media/", "ementa": "Requer VOTO DE APLAUSOS ao Sr. Andr\u00e9 Antony Domingos Botelho, Secret\u00e1rio de Mobilidade Urbana;"}, {"id": "3966", "ano": "2021", "numero": "1642", "tipo__sigla": "REQ", "tipo__descricao": "REQUERIMENTO", "autoria": "15 - SAULO HOLANDA", "texto_original": "http://sapl.olinda.pe.leg.br/media/", "ementa": "Requer troca de l\u00e2mpada apagada no poste N\u00ba A023038 na Rua Aderito Gomes de Ara\u00fajo, Peixinhos;"}, {"id": "3967", "ano": "2021", "numero": "1643", "tipo__sigla": "REQ", "tipo__descricao": "REQUERIMENTO", "autoria": "15 - SAULO HOLANDA", "texto_original": "http://sapl.olinda.pe.leg.br/media/", "ementa": "Requer servi\u00e7o de desobstru\u00e7\u00e3o de linha D'\u00e1gua e limpezas de canaletas de boca de lobos, na Rua Valdemar Lima, Peixinhos;"}, {"id": "3968", "ano": "2021", "numero": "1644", "tipo__sigla": "REQ", "tipo__descricao": "REQUERIMENTO", "autoria": "17 - Vinicius Castello", "texto_original": "http://sapl.olinda.pe.leg.br/media/", "ementa": "Requer a justificativa sobre a extin\u00e7\u00e3o da Diretoria de Pol\u00edtica Estrat\u00e9gica;"}, {"id": "3969", "ano": "2021", "numero": "1645", "tipo__sigla": "REQ", "tipo__descricao": "REQUERIMENTO", "autoria": "09 - Fl\u00e1vio Nascimento", "texto_original": "http://sapl.olinda.pe.leg.br/media/", "ementa": "Requer limpeza das canaletas, e recoloca\u00e7\u00e3o de placas de concreto na Rua Carmela Dutra Vila Popular;"}, {"id": "3972", "ano": "2021", "numero": "1646", "tipo__sigla": "REQ", "tipo__descricao": "REQUERIMENTO", "autoria": "10 - Joj\u00f3 Guerra", "texto_original": "http://sapl.olinda.pe.leg.br/media/", "ementa": "Requer troca de l\u00e2mpadas na Avenida Beira Rio, \u00c1guas Compridas;"}, {"id": "3973", "ano": "2021", "numero": "1647", "tipo__sigla": "REQ", "tipo__descricao": "REQUERIMENTO", "autoria": "10 - Joj\u00f3 Guerra", "texto_original": "http://sapl.olinda.pe.leg.br/media/", "ementa": "Requer coloca\u00e7\u00e3o de um sem\u00e1foro na sa\u00edda de ouro Preto (na perimetral) pr\u00f3ximo a entrada do Coqueiral Park;"}, {"id": "3974", "ano": "2021", "numero": "1648", "tipo__sigla": "REQ", "tipo__descricao": "REQUERIMENTO", "autoria": "10 - Joj\u00f3 Guerra", "texto_original": "http://sapl.olinda.pe.leg.br/media/", "ementa": "Requer Remo\u00e7\u00e3o dos Entulhos (e barros) na Av Santa Rosa em \u00c1guas Compridas;"}, {"id": "3975", "ano": "2021", "numero": "1649", "tipo__sigla": "REQ", "tipo__descricao": "REQUERIMENTO", "autoria": "11 - Dete Silva", "texto_original": "http://sapl.olinda.pe.leg.br/media/", "ementa": "Requer RETIRADA DE ENTULHOS NA RUA AVENIDA BRAS\u00cdLIA, JARDIM BRASIL;"}, {"id": "3976", "ano": "2021", "numero": "1650", "tipo__sigla": "REQ", "tipo__descricao": "REQUERIMENTO", "autoria": "14 - RICARDO SOUSA", "texto_original": "http://sapl.olinda.pe.leg.br/media/", "ementa": "Requer Troca de l\u00e2mpada do poste localizado na Rua Patag\u00f4nia em frente 26, no bairro de Sapucaia;"}, {"id": "3977", "ano": "2021", "numero": "1651", "tipo__sigla": "REQ", "tipo__descricao": "REQUERIMENTO", "autoria": "15 - SAULO HOLANDA", "texto_original": "http://sapl.olinda.pe.leg.br/media/", "ementa": "Requer troca de l\u00e2mpadas apagadas em dois postes: H028732 e H028730, na Rua Vic\u00eancia, Jardim Brasil II;"}, {"id": "3978", "ano": "2021", "numero": "1652", "tipo__sigla": "REQ", "tipo__descricao": "REQUERIMENTO", "autoria": "10 - Joj\u00f3 Guerra", "texto_original": "http://sapl.olinda.pe.leg.br/media/", "ementa": "Requer repara\u00e7\u00e3o de buracos e pavimenta\u00e7\u00e3o no cruzamento da Estrada do Caenga e Av Presidente Kennedy, \u00c1guas Compridas;"}, {"id": "3979", "ano": "2021", "numero": "1653", "tipo__sigla": "REQ", "tipo__descricao": "REQUERIMENTO", "autoria": "17 - Vinicius Castello", "texto_original": "http://sapl.olinda.pe.leg.br/media/", "ementa": "Requer VOTO DE APLAUSOS ao Gabinete de Assessoria Jur\u00eddica \u00e0s Organiza\u00e7\u00f5es Populares (GAVOP), pelos 40 anos de exist\u00eancia e luta na defesa dos direitos humanos."}, {"id": "3980", "ano": "2021", "numero": "1654", "tipo__sigla": "REQ", "tipo__descricao": "REQUERIMENTO", "autoria": "17 - Vinicius Castello", "texto_original": "http://sapl.olinda.pe.leg.br/media/", "ementa": "Requer TROCA  DE  LONA  PARA  A  BARREIRA  DO ROS\u00c1RIO, LOCALIZADO NA RUA ILMA CUNHA, MONTE;"}, {"id": "3981", "ano": "2021", "numero": "1655", "tipo__sigla": "REQ", "tipo__descricao": "REQUERIMENTO", "autoria": "17 - Vinicius Castello", "texto_original": "http://sapl.olinda.pe.leg.br/media/", "ementa": "Requer \u00d4NIBUS  DE  VACINA\u00c7\u00c3O  PARA  A  ESCOLA TABAJARA,  NO  BAIRRO  DA  TABAJARA;"}, {"id": "3982", "ano": "2021", "numero": "1656", "tipo__sigla": "REQ", "tipo__descricao": "REQUERIMENTO", "autoria": "16 - BIAI", "texto_original": "http://sapl.olinda.pe.leg.br/media/", "ementa": "Requer o programa \"PE\u00c7A A NOTA FISCAL\" que transformar\u00e1 tais notas em descontos percentuais para pessoa f\u00edsica, a partir de 2023;"}, {"id": "3983", "ano": "2021", "numero": "1657", "tipo__sigla": "REQ", "tipo__descricao": "REQUERIMENTO", "autoria": "10 - Joj\u00f3 Guerra", "texto_original": "http://sapl.olinda.pe.leg.br/media/", "ementa": "Requer Projeto Arrumando a Casa para o C\u00f3rrego da Bondade, \u00c1guas Compridas;"}, {"id": "3984", "ano": "2021", "numero": "1658", "tipo__sigla": "REQ", "tipo__descricao": "REQUERIMENTO", "autoria": "17 - Vinicius Castello", "texto_original": "http://sapl.olinda.pe.leg.br/media/", "ementa": "Requer ao Sr. Prefeito e a Secretaria  de Patrim\u00f4nio, Cultuira e Turismo a indica\u00e7\u00e3o do Coco de M\u00e3e Biu como patrim\u00f4nio imaterial da Cidade de Olinda;"}, {"id": "3985", "ano": "2021", "numero": "1659", "tipo__sigla": "REQ", "tipo__descricao": "REQUERIMENTO", "autoria": "09 - Fl\u00e1vio Nascimento", "texto_original": "http://sapl.olinda.pe.leg.br/media/", "ementa": "Requer Servi\u00e7o de Limpeza de esgoto em frente ao numero 61 da Rua Jeronimo Serpa no Bairro de Peixinhos;"}, {"id": "3986", "ano": "2021", "numero": "1660", "tipo__sigla": "REQ", "tipo__descricao": "REQUERIMENTO", "autoria": "09 - Fl\u00e1vio Nascimento", "texto_original": "http://sapl.olinda.pe.leg.br/media/", "ementa": "Requer Servi\u00e7o de Recapeamento Asf\u00e1ltico da Rua Poeta Jose Avelino Filho no Bairro de Peixinhos;"}, {"id": "3987", "ano": "2021", "numero": "1661", "tipo__sigla": "REQ", "tipo__descricao": "REQUERIMENTO", "autoria": "10 - Joj\u00f3 Guerra", "texto_original": "http://sapl.olinda.pe.leg.br/media/", "ementa": "Requer troca de l\u00e2mpadas na Vila Marluce, \u00c1guas Compridas;"}, {"id": "3989", "ano": "2021", "numero": "1662", "tipo__sigla": "REQ", "tipo__descricao": "REQUERIMENTO", "autoria": "10 - Joj\u00f3 Guerra", "texto_original": "http://sapl.olinda.pe.leg.br/media/", "ementa": "Requer uma equipe para a an\u00e1lise de uma barreira que est\u00e1 em risco de queda e decl\u00ednio na Rua Assun\u00e7\u00e3o n\u00ba102, Alto do Sol Nascente;"}, {"id": "3990", "ano": "2021", "numero": "1663", "tipo__sigla": "REQ", "tipo__descricao": "REQUERIMENTO", "autoria": "10 - Joj\u00f3 Guerra", "texto_original": "http://sapl.olinda.pe.leg.br/media/", "ementa": "Requer troca de l\u00e2mpadas na Estrada de \u00c1guas Compridas, 1382;"}, {"id": "3991", "ano": "2021", "numero": "1664", "tipo__sigla": "REQ", "tipo__descricao": "REQUERIMENTO", "autoria": "15 - SAULO HOLANDA", "texto_original": "http://sapl.olinda.pe.leg.br/media/", "ementa": "Requer troca de l\u00e2mpada apagada de 02 postes em frente aos n\u00ba 604 e 98, na Rua do Veleiro, Peixinhos;"}, {"id": "3992", "ano": "2021", "numero": "1665", "tipo__sigla": "REQ", "tipo__descricao": "REQUERIMENTO", "autoria": "15 - SAULO HOLANDA", "texto_original": "http://sapl.olinda.pe.leg.br/media/", "ementa": "Requer troca de l\u00e2mpada apagada de 02 postes em frente aos n\u00ba 201 e 224, na Rua da Azeitona, Peixinhos;"}, {"id": "3993", "ano": "2021", "numero": "1666", "tipo__sigla": "REQ", "tipo__descricao": "REQUERIMENTO", "autoria": "15 - SAULO HOLANDA", "texto_original": "http://sapl.olinda.pe.leg.br/media/", "ementa": "Requer troca de l\u00e2mpada apagada de 02 postes em frente aos n\u00ba 12 e 18, na Rua Itamarac\u00e1, Peixinhos;"}, {"id": "3994", "ano": "2021", "numero": "1667", "tipo__sigla": "REQ", "tipo__descricao": "REQUERIMENTO", "autoria": "15 - SAULO HOLANDA", "texto_original": "http://sapl.olinda.pe.leg.br/media/", "ementa": "Requer troca de l\u00e2mpada apagada e coloca\u00e7\u00e3o de bra\u00e7o no poste em frente ao n\u00ba 482, na 2\u00aa Travessa do Cajueiro, Peixinhos;"}, {"id": "3995", "ano": "2021", "numero": "1668", "tipo__sigla": "REQ", "tipo__descricao": "REQUERIMENTO", "autoria": "15 - SAULO HOLANDA", "texto_original": "http://sapl.olinda.pe.leg.br/media/", "ementa": "Requer troca de l\u00e2mpada apagada de 02 postes em frente as casas de n\u00ba 210 e 333, na Rua do Cajueiro, Peixinhos;"}, {"id": "3996", "ano": "2021", "numero": "1669", "tipo__sigla": "REQ", "tipo__descricao": "REQUERIMENTO", "autoria": "15 - SAULO HOLANDA", "texto_original": "http://sapl.olinda.pe.leg.br/media/", "ementa": "Requer troca de l\u00e2mpada apagada de 02 postes em frente as casas de n\u00ba 54 e 110, na 2\u00aa Travessa do Cajueiro, Peixinhos;"}, {"id": "3997", "ano": "2021", "numero": "1670", "tipo__sigla": "REQ", "tipo__descricao": "REQUERIMENTO", "autoria": "15 - SAULO HOLANDA", "texto_original": "http://sapl.olinda.pe.leg.br/media/", "ementa": "Requer troca de l\u00e2mpada apagada de 02 postes em frente as casas de n\u00ba 122 e 64, na Rua da T\u00e1bua, Peixinhos;"}, {"id": "3998", "ano": "2021", "numero": "1671", "tipo__sigla": "REQ", "tipo__descricao": "REQUERIMENTO", "autoria": "15 - SAULO HOLANDA", "texto_original": "http://sapl.olinda.pe.leg.br/media/", "ementa": "Requer troca de l\u00e2mpada apagada no poste em frente ao n\u00ba 32, na Rua 04 na Vila das Pedreiras, Peixinhos;"}, {"id": "3999", "ano": "2021", "numero": "1672", "tipo__sigla": "REQ", "tipo__descricao": "REQUERIMENTO", "autoria": "15 - SAULO HOLANDA", "texto_original": "http://sapl.olinda.pe.leg.br/media/", "ementa": "Requer troca de l\u00e2mpada apagada de 03 postes s/n em frente aos de n\u00ba 77, 90 e 108,na Rua Mariano Teixeira, Peixinhos;"}, {"id": "4000", "ano": "2021", "numero": "1673", "tipo__sigla": "REQ", "tipo__descricao": "REQUERIMENTO", "autoria": "15 - SAULO HOLANDA", "texto_original": "http://sapl.olinda.pe.leg.br/media/", "ementa": "Requer troca de l\u00e2mpada apagada no poste em frente ao n\u00ba 66, na Rua 23 de Novembro, Peixinhos;"}, {"id": "4001", "ano": "2021", "numero": "1674", "tipo__sigla": "REQ", "tipo__descricao": "REQUERIMENTO", "autoria": "15 - SAULO HOLANDA", "texto_original": "http://sapl.olinda.pe.leg.br/media/", "ementa": "Requer troca de l\u00e2mpada apagada no poste em frente ao n\u00ba 31, na Rua Municipal, Peixinhos;"}, {"id": "4002", "ano": "2021", "numero": "1675", "tipo__sigla": "REQ", "tipo__descricao": "REQUERIMENTO", "autoria": "15 - SAULO HOLANDA", "texto_original": "http://sapl.olinda.pe.leg.br/media/", "ementa": "Requer troca de l\u00e2mpada apagada de 02 postes em frente aos n\u00ba 164 e 172, na Travessa do Giriquiti, Peixinhos;"}, {"id": "4003", "ano": "2021", "numero": "1676", "tipo__sigla": "REQ", "tipo__descricao": "REQUERIMENTO", "autoria": "15 - SAULO HOLANDA", "texto_original": "http://sapl.olinda.pe.leg.br/media/", "ementa": "Requer troca de l\u00e2mpada apagada de 04 postes em frente aos de n\u00ba 103, 159, 240 e 310,na Rua do Giriquiti, Peixinhos;"}, {"id": "4004", "ano": "2021", "numero": "1677", "tipo__sigla": "REQ", "tipo__descricao": "REQUERIMENTO", "autoria": "15 - SAULO HOLANDA", "texto_original": "http://sapl.olinda.pe.leg.br/media/", "ementa": "Requer troca de l\u00e2mpada apagada de 03 postes s/n em frente aos de n\u00ba 704, 822 e 865, na Avenida Ant\u00f4nio da Costa Azevedo, Peixinhos;"}, {"id": "4005", "ano": "2021", "numero": "1678", "tipo__sigla": "REQ", "tipo__descricao": "REQUERIMENTO", "autoria": "11 - Dete Silva", "texto_original": "http://sapl.olinda.pe.leg.br/media/", "ementa": "Requer RETIRADA DE ENTULHOS NA RUA AVENIDA BRAS\u00cdLIA, JARDIM BRASIL, OLINDA - PE;"}, {"id": "4006", "ano": "2021", "numero": "1679", "tipo__sigla": "REQ", "tipo__descricao": "REQUERIMENTO", "autoria": "11 - Dete Silva", "texto_original": "http://sapl.olinda.pe.leg.br/media/", "ementa": "Requer Limpeza e remo\u00e7\u00e3o de entulhos em toda a extens\u00e3o do canal da 1\u00aa Travessa Clotilde Ferreira de Lima (rua ao lado da assembleia de Deus, pr\u00f3ximo \u00e0 pra\u00e7a tenente Albuquerque), 4\u00aa Etapa, Rio Doce;"}, {"id": "4007", "ano": "2021", "numero": "1680", "tipo__sigla": "REQ", "tipo__descricao": "REQUERIMENTO", "autoria": "11 - Dete Silva", "texto_original": "http://sapl.olinda.pe.leg.br/media/", "ementa": "Requer Troca de L\u00e2mpadas na 1\u00aa Travessa Clotilde Ferreira de Lima, nos postes de n\u00b0 A010141 e n\u00b0010140;"}, {"id": "4008", "ano": "2021", "numero": "1681", "tipo__sigla": "REQ", "tipo__descricao": "REQUERIMENTO", "autoria": "11 - Dete Silva", "texto_original": "http://sapl.olinda.pe.leg.br/media/", "ementa": "Requer A DOA\u00c7\u00c3O DO N\u00daCLEO DESATIVADO H\u00c1 ANOS PR\u00d3XIMO A ESCOLA JO\u00c3O MATOS NA 4\u00aa ETAPA DE RIO DOCE, A QUAL SER\u00c1 IMPLANTADA UMA COOPERATIVA DE MULHERES PARA GERA\u00c7\u00c3O DE EMPREGO E RENDA;"}, {"id": "4009", "ano": "2021", "numero": "1682", "tipo__sigla": "REQ", "tipo__descricao": "REQUERIMENTO", "autoria": "11 - Dete Silva", "texto_original": "http://sapl.olinda.pe.leg.br/media/", "ementa": "Requer A TROCA DA PARADA EM FRENTE A CASA N\u00ba 250, AVENIDA DAS GAR\u00c7AS - (4\u00aa ETAPA), RIO DOCE;"}, {"id": "4010", "ano": "2021", "numero": "1683", "tipo__sigla": "REQ", "tipo__descricao": "REQUERIMENTO", "autoria": "11 - Dete Silva", "texto_original": "http://sapl.olinda.pe.leg.br/media/", "ementa": "Requer VERIFICA\u00c7\u00c3O E RETIRADA DAS 3 (TRES) ARVORES QUE EST\u00c3O DANIFICANDO A ESTRUTURA SEGUNDO OS RESIDENTES DO ENTORNO, LOCALIZADA AS ARVORES NO ENTORNO DO CONJUNTO HABITACIONAL CARLOS LAMARCA, AV. DAS GAR\u00c7AS;"}, {"id": "4011", "ano": "2021", "numero": "1684", "tipo__sigla": "REQ", "tipo__descricao": "REQUERIMENTO", "autoria": "03 - FELIPE NASCIMENTO", "texto_original": "http://sapl.olinda.pe.leg.br/media/", "ementa": "Requer VOTOS DE APLAUSOS para Agremia\u00e7\u00e3o Carnavalesca Ceroula de Olinda."}, {"id": "4013", "ano": "2021", "numero": "1685", "tipo__sigla": "REQ", "tipo__descricao": "REQUERIMENTO", "autoria": "09 - Fl\u00e1vio Nascimento", "texto_original": "http://sapl.olinda.pe.leg.br/media/", "ementa": "Requer limpeza das canaletas, remo\u00e7\u00e3o de entulhos, capina\u00e7\u00e3o, varri\u00e7\u00e3o e pintura de meio fio em toda extens\u00e3o da Rua Limoeiro no bairro de Jardim Brasil;"}, {"id": "4014", "ano": "2021", "numero": "1686", "tipo__sigla": "REQ", "tipo__descricao": "REQUERIMENTO", "autoria": "09 - Fl\u00e1vio Nascimento", "texto_original": "http://sapl.olinda.pe.leg.br/media/", "ementa": "Requer limpeza das canaletas, remo\u00e7\u00e3o de entulhos, capina\u00e7\u00e3o, varri\u00e7\u00e3o e pintura de meio fio em toda extens\u00e3o da Rua Recife no bairro de Jardim Brasil;"}, {"id": "4015", "ano": "2021", "numero": "1687", "tipo__sigla": "REQ", "tipo__descricao": "REQUERIMENTO", "autoria": "09 - Fl\u00e1vio Nascimento", "texto_original": "http://sapl.olinda.pe.leg.br/media/", "ementa": "Requer limpeza das canaletas, remo\u00e7\u00e3o de entulhos, capina\u00e7\u00e3o, varri\u00e7\u00e3o e pintura de meio fio em toda extens\u00e3o da Rua Jequi\u00e9 no bairro de Jardim Brasil;"}, {"id": "4016", "ano": "2021", "numero": "1688", "tipo__sigla": "REQ", "tipo__descricao": "REQUERIMENTO", "autoria": "09 - Fl\u00e1vio Nascimento", "texto_original": "http://sapl.olinda.pe.leg.br/media/", "ementa": "Requer limpeza das canaletas, remo\u00e7\u00e3o de entulhos, capina\u00e7\u00e3o, varri\u00e7\u00e3o e pintura de meio fio em toda extens\u00e3o da Rua Bahia no bairro de Jardim Brasil;"}, {"id": "4017", "ano": "2021", "numero": "1689", "tipo__sigla": "REQ", "tipo__descricao": "REQUERIMENTO", "autoria": "09 - Fl\u00e1vio Nascimento", "texto_original": "http://sapl.olinda.pe.leg.br/media/", "ementa": "Requer limpeza das canaletas, remo\u00e7\u00e3o de entulhos, capina\u00e7\u00e3o, varri\u00e7\u00e3o e pintura de meio fio em toda extens\u00e3o da Rua Aracaj\u00fa no bairro de Jardim Brasil;"}, {"id": "4018", "ano": "2021", "numero": "1690", "tipo__sigla": "REQ", "tipo__descricao": "REQUERIMENTO", "autoria": "09 - Fl\u00e1vio Nascimento", "texto_original": "http://sapl.olinda.pe.leg.br/media/", "ementa": "Requer limpeza das canaletas, remo\u00e7\u00e3o de entulhos, capina\u00e7\u00e3o, varri\u00e7\u00e3o e pintura de meio fio em toda extens\u00e3o da Rua Caruaru no bairro de Jardim Brasil;"}, {"id": "4019", "ano": "2021", "numero": "1691", "tipo__sigla": "REQ", "tipo__descricao": "REQUERIMENTO", "autoria": "09 - Fl\u00e1vio Nascimento", "texto_original": "http://sapl.olinda.pe.leg.br/media/", "ementa": "Requer limpeza das canaletas, remo\u00e7\u00e3o de entulhos, capina\u00e7\u00e3o, varri\u00e7\u00e3o e pintura de meio fio em toda extens\u00e3o da Rua Mataripe no bairro de Jardim Brasil;"}, {"id": "4020", "ano": "2021", "numero": "1692", "tipo__sigla": "REQ", "tipo__descricao": "REQUERIMENTO", "autoria": "10 - Joj\u00f3 Guerra", "texto_original": "http://sapl.olinda.pe.leg.br/media/", "ementa": "Requer o calend\u00e1rio de abastecimento de \u00e1gua na regi\u00e3o de \u00c1guas Compridas;"}, {"id": "4021", "ano": "2021", "numero": "1693", "tipo__sigla": "REQ", "tipo__descricao": "REQUERIMENTO", "autoria": "10 - Joj\u00f3 Guerra", "texto_original": "http://sapl.olinda.pe.leg.br/media/", "ementa": "Requer a limpeza de entulhos e capina\u00e7\u00e3o no Campo do Alto do Cajueiro, \u00c1guas Compridas;"}, {"id": "4022", "ano": "2021", "numero": "1694", "tipo__sigla": "REQ", "tipo__descricao": "REQUERIMENTO", "autoria": "11 - Dete Silva", "texto_original": "http://sapl.olinda.pe.leg.br/media/", "ementa": "Requer INFORMA\u00c7\u00c3O SOBRE OS MEDICAMENTOS ARMAZENADOS NA VILA OLIMPICA LOCALIZADA AVenida Coronel FREDERICO LUNDGREN, 2198;"}, {"id": "4023", "ano": "2021", "numero": "1695", "tipo__sigla": "REQ", "tipo__descricao": "REQUERIMENTO", "autoria": "10 - Joj\u00f3 Guerra", "texto_original": "http://sapl.olinda.pe.leg.br/media/", "ementa": "Requer INFORMA\u00c7\u00c3O SOBRE A AUSENCIA DE MANUTEN\u00c7\u00c3O DOS ARes-CONDICIONADOS DA REDE MUNICIAL;"}, {"id": "4024", "ano": "2021", "numero": "1696", "tipo__sigla": "REQ", "tipo__descricao": "REQUERIMENTO", "autoria": "10 - Joj\u00f3 Guerra", "texto_original": "http://sapl.olinda.pe.leg.br/media/", "ementa": "Requer INFORMA\u00c7\u00c3O SOBRE O DEPOSITO DE LIXO NO LIXAO DE AGUAZINHA LOCALIZADO AVenida SENador NILO DE SOUZA COELHO, PEIXINHOS;"}, {"id": "4025", "ano": "2021", "numero": "1697", "tipo__sigla": "REQ", "tipo__descricao": "REQUERIMENTO", "autoria": "02 - Irm\u00e3o Bi\u00e1", "texto_original": "http://sapl.olinda.pe.leg.br/media/", "ementa": "Retirada de entulhos na 1\u00aa Travessa da Rua do Amanhecer, n\u00ba 90 e 98;"}, {"id": "4026", "ano": "2021", "numero": "1698", "tipo__sigla": "REQ", "tipo__descricao": "REQUERIMENTO", "autoria": "02 - Irm\u00e3o Bi\u00e1", "texto_original": "http://sapl.olinda.pe.leg.br/media/", "ementa": "Ilumina\u00e7\u00e3o p\u00fablica na 1\u00aa Travessa da Rua do Amanhecer, n\u00ba 98 e 43;"}, {"id": "4027", "ano": "2021", "numero": "1699", "tipo__sigla": "REQ", "tipo__descricao": "REQUERIMENTO", "autoria": "16 - Tonny Magalh\u00e3es", "texto_original": "http://sapl.olinda.pe.leg.br/media/", "ementa": "Requer VOTO DE APLAUSOS ao Sistema Globo Nordeste, NETV, e \u00e0 reporte Sr\u00aa. Bianka Cavalcante de Carvalho;"}, {"id": "4030", "ano": "2021", "numero": "1700", "tipo__sigla": "REQ", "tipo__descricao": "REQUERIMENTO", "autoria": "17 - Vinicius Castello", "texto_original": "http://sapl.olinda.pe.leg.br/media/", "ementa": "Requer a CRIA\u00c7\u00c3O DA COMISS\u00c3O PARLAMENTAR ESPECIAL para acompanhamento do Carnaval de 2022 at\u00e9 29 de abril de 2022."}, {"id": "4031", "ano": "2021", "numero": "1701", "tipo__sigla": "REQ", "tipo__descricao": "REQUERIMENTO", "autoria": "16 - Tonny Magalh\u00e3es", "texto_original": "http://sapl.olinda.pe.leg.br/media/", "ementa": "Requer VOTO DE APLAUSOS ao Sr. Luiz Adolpho Alves e Silva."}, {"id": "4032", "ano": "2021", "numero": "1702", "tipo__sigla": "REQ", "tipo__descricao": "REQUERIMENTO", "autoria": "11 - Dete Silva", "texto_original": "http://sapl.olinda.pe.leg.br/media/", "ementa": "REQUER A TROCA DE LAMPADA NOS POSTES  N\u00ba E027516 LOCALIZADO NA RUA B-17, RIO DOCE;"}, {"id": "4033", "ano": "2021", "numero": "1703", "tipo__sigla": "REQ", "tipo__descricao": "REQUERIMENTO", "autoria": "11 - Dete Silva", "texto_original": "http://sapl.olinda.pe.leg.br/media/", "ementa": "Requer INFORMA\u00c7\u00c3O SOBRE A OBRA DE PAVIMENTA\u00c7\u00c3O NA RUA VINTE E UM (5\u00aa ETAPA) RIO DOCE;"}, {"id": "4034", "ano": "2021", "numero": "1704", "tipo__sigla": "REQ", "tipo__descricao": "REQUERIMENTO", "autoria": "17 - Vinicius Castello", "texto_original": "http://sapl.olinda.pe.leg.br/media/", "ementa": "Requer informa\u00e7\u00e3o sobre a derrubada da Palmeira Imperial de mais de 150 anos no Largo do Varadouro;"}, {"id": "4035", "ano": "2021", "numero": "1705", "tipo__sigla": "REQ", "tipo__descricao": "REQUERIMENTO", "autoria": "15 - SAULO HOLANDA", "texto_original": "http://sapl.olinda.pe.leg.br/media/", "ementa": "Requer troca de l\u00e2mpadas apagadas em toda a extens\u00e3o dos postes S/N na Rua Minas Gerais, Jardim Brasil I;"}, {"id": "4037", "ano": "2021", "numero": "1706", "tipo__sigla": "REQ", "tipo__descricao": "REQUERIMENTO", "autoria": "16 - BIAI", "texto_original": "http://sapl.olinda.pe.leg.br/media/", "ementa": "Requer que seja instalado um sem\u00e1foro na Rua Manoel dos Santos Moreira com a Avenida Carlos de Lima Cavalcanti, no Bairro de Casa caiada, entrre a Pra\u00e7a da B\u00edblia e a Fram\u00e1cia Pague Menos;"}, {"id": "4038", "ano": "2021", "numero": "1707", "tipo__sigla": "REQ", "tipo__descricao": "REQUERIMENTO", "autoria": "09 - Fl\u00e1vio Nascimento", "texto_original": "http://sapl.olinda.pe.leg.br/media/", "ementa": "Requer licen\u00e7a de funcionamento dos comerciantes de FOOD TRUCK localizados na Av Vasco Rodrigues, Bairro de Peixinhos;"}, {"id": "4039", "ano": "2021", "numero": "1708", "tipo__sigla": "REQ", "tipo__descricao": "REQUERIMENTO", "autoria": "09 - Fl\u00e1vio Nascimento", "texto_original": "http://sapl.olinda.pe.leg.br/media/", "ementa": "Requer que seja proibido estacionar em um dos lados da Rua Vinte e tr\u00eas de novembro no bairro de Peixinhos;"}, {"id": "4040", "ano": "2021", "numero": "1709", "tipo__sigla": "REQ", "tipo__descricao": "REQUERIMENTO", "autoria": "09 - Fl\u00e1vio Nascimento", "texto_original": "http://sapl.olinda.pe.leg.br/media/", "ementa": "Requer que seja proibido estacionar em um dos lados Avenida Ant\u00f4nio da costa Azevedo pr\u00f3ximo ao Mercado Publico de Peixinhos;"}, {"id": "4041", "ano": "2021", "numero": "1710", "tipo__sigla": "REQ", "tipo__descricao": "REQUERIMENTO", "autoria": "09 - Fl\u00e1vio Nascimento", "texto_original": "http://sapl.olinda.pe.leg.br/media/", "ementa": "Requer faixa de pedestre no cruzamento da Av Antonio da Costa Azevedo com a Rua Aderito Gomes, pr\u00f3ximo a Igreja Cat\u00f3lica no bairro de Peixinhos;"}, {"id": "4042", "ano": "2021", "numero": "1711", "tipo__sigla": "REQ", "tipo__descricao": "REQUERIMENTO", "autoria": "14 - RICARDO SOUSA", "texto_original": "http://sapl.olinda.pe.leg.br/media/", "ementa": "Requer resposta o mais breve poss\u00edvel sobre a realiza\u00e7\u00e3o ou n\u00e3o do carnaval no munic\u00edpio de Olinda;"}, {"id": "4047", "ano": "2021", "numero": "1712", "tipo__sigla": "REQ", "tipo__descricao": "REQUERIMENTO", "autoria": "10 - Joj\u00f3 Guerra", "texto_original": "http://sapl.olinda.pe.leg.br/media/", "ementa": "Requer a limpeza e recolhimento de dejetos no Canal da Rua Campos, Sapucaia at\u00e9 o Rio Lava Tripas;"}, {"id": "4048", "ano": "2021", "numero": "1713", "tipo__sigla": "REQ", "tipo__descricao": "REQUERIMENTO", "autoria": "10 - Joj\u00f3 Guerra", "texto_original": "http://sapl.olinda.pe.leg.br/media/", "ementa": "Requer Remo\u00e7\u00e3o dos Entulhos na rua Jardim \u00c1guas Claras, em \u00c1guas Compridas;"}, {"id": "4049", "ano": "2021", "numero": "1714", "tipo__sigla": "REQ", "tipo__descricao": "REQUERIMENTO", "autoria": "10 - Joj\u00f3 Guerra", "texto_original": "http://sapl.olinda.pe.leg.br/media/", "ementa": "Requer Remo\u00e7\u00e3o dos Entulhos, resultado da poda\u00e7\u00e3o realizada pela prefeitura no C\u00f3rrego das Laranjeiras;"}, {"id": "4050", "ano": "2021", "numero": "1715", "tipo__sigla": "REQ", "tipo__descricao": "REQUERIMENTO", "autoria": "10 - Joj\u00f3 Guerra", "texto_original": "http://sapl.olinda.pe.leg.br/media/", "ementa": "Requer que seja realizado o t\u00e9rmino da escadaria na Rua da Concei\u00e7\u00e3o, \u00c1guas Compridas;"}, {"id": "4051", "ano": "2021", "numero": "1716", "tipo__sigla": "REQ", "tipo__descricao": "REQUERIMENTO", "autoria": "10 - Joj\u00f3 Guerra", "texto_original": "http://sapl.olinda.pe.leg.br/media/", "ementa": "Requer que seja realizada drenagem com tubos e canaletas no C\u00f3rrego da  Bondade;"}, {"id": "4052", "ano": "2021", "numero": "1717", "tipo__sigla": "REQ", "tipo__descricao": "REQUERIMENTO", "autoria": "10 - Joj\u00f3 Guerra", "texto_original": "http://sapl.olinda.pe.leg.br/media/", "ementa": "Requer limpeza com manilhas no canal no C\u00f3rrego das Laranjeiras;"}, {"id": "4053", "ano": "2021", "numero": "1718", "tipo__sigla": "REQ", "tipo__descricao": "REQUERIMENTO", "autoria": "16 - BIAI", "texto_original": "http://sapl.olinda.pe.leg.br/media/", "ementa": "Requer recupera\u00e7\u00e3o do gradil da Igreja Nossa Senhora do Carmo, no munic\u00edpio de Olinda;"}, {"id": "4054", "ano": "2021", "numero": "1719", "tipo__sigla": "REQ", "tipo__descricao": "REQUERIMENTO", "autoria": "15 - SAULO HOLANDA", "texto_original": "http://sapl.olinda.pe.leg.br/media/", "ementa": "Requer troca de l\u00e2mpadas apagadas em 07 postes s/n em toda extens\u00e3o da Rua Auta Mac\u00eado, S\u00e3o Benedito;"}, {"id": "4055", "ano": "2021", "numero": "1720", "tipo__sigla": "REQ", "tipo__descricao": "REQUERIMENTO", "autoria": "15 - SAULO HOLANDA", "texto_original": "http://sapl.olinda.pe.leg.br/media/", "ementa": "Requer troca de l\u00e2mpadas apagadas em 03 postes s/n na Travessa do Cajueiro, Peixinhos;"}, {"id": "4056", "ano": "2021", "numero": "1721", "tipo__sigla": "REQ", "tipo__descricao": "REQUERIMENTO", "autoria": "09 - Fl\u00e1vio Nascimento", "texto_original": "http://sapl.olinda.pe.leg.br/media/", "ementa": "Requer Restabelecido  o  atendimento  de  odontologia  e tamb\u00e9m regularizar o fornecimento de material de expediente no PSF 4  no bairro de Peixinhos;"}, {"id": "4061", "ano": "2021", "numero": "1722", "tipo__sigla": "REQ", "tipo__descricao": "REQUERIMENTO", "autoria": "11 - Dete Silva", "texto_original": "http://sapl.olinda.pe.leg.br/media/", "ementa": "Requer TROCA DE LAMPADA E REVITALIZA\u00c7\u00c3O NO POSTE SEM NUMERA\u00c7\u00c3O (em frente a casa 273) LOCALIZADO NA RUA TR\u00caS (4\u00aa ETAPA) RIO DOCE;"}, {"id": "4062", "ano": "2021", "numero": "1723", "tipo__sigla": "REQ", "tipo__descricao": "REQUERIMENTO", "autoria": "11 - Dete Silva", "texto_original": "http://sapl.olinda.pe.leg.br/media/", "ementa": "Requer RETIRADA DAS BARRACAS DO ENTORNO DO CONJUNTO HABITACIONAL CARLOS LAMARCA LOCALIZADA NA RUA SETENTA E UM, 250 - RIO DOCE;"}, {"id": "4063", "ano": "2021", "numero": "1724", "tipo__sigla": "REQ", "tipo__descricao": "REQUERIMENTO", "autoria": "11 - Dete Silva", "texto_original": "http://sapl.olinda.pe.leg.br/media/", "ementa": "Requer RETIRADA DE ENTULHOS NA RUA PREFEITO MANUEL REGUEIRA, BULTRINS;"}, {"id": "4064", "ano": "2021", "numero": "1725", "tipo__sigla": "REQ", "tipo__descricao": "REQUERIMENTO", "autoria": "05 - Everaldo Silva", "texto_original": "http://sapl.olinda.pe.leg.br/media/", "ementa": "Requer remo\u00e7\u00e3o de p\u00e9 de Coco, na Rua do Futuro, 88A, Alto Nova Olinda;"}, {"id": "4065", "ano": "2021", "numero": "1726", "tipo__sigla": "REQ", "tipo__descricao": "REQUERIMENTO", "autoria": "05 - Everaldo Silva", "texto_original": "http://sapl.olinda.pe.leg.br/media/", "ementa": "Remo\u00e7\u00e3o de P\u00e9 de Jambo, P\u00e9 de Pitomba e outros, Rua Santiago, 298, Alto da Bondade;"}, {"id": "4066", "ano": "2021", "numero": "1727", "tipo__sigla": "REQ", "tipo__descricao": "REQUERIMENTO", "autoria": "05 - Everaldo Silva", "texto_original": "http://sapl.olinda.pe.leg.br/media/", "ementa": "Requer limpeza e remo\u00e7\u00e3o de entulho, na Avenida N\u00e1poles, Rio Doce;"}, {"id": "4067", "ano": "2021", "numero": "1728", "tipo__sigla": "REQ", "tipo__descricao": "REQUERIMENTO", "autoria": "05 - Everaldo Silva", "texto_original": "http://sapl.olinda.pe.leg.br/media/", "ementa": "Requer remo\u00e7\u00e3o de metralhas na Rua J\u00falio Louren\u00e7o, 39b, \u00c1guas Compridas;"}, {"id": "4068", "ano": "2021", "numero": "1729", "tipo__sigla": "REQ", "tipo__descricao": "REQUERIMENTO", "autoria": "05 - Everaldo Silva", "texto_original": "http://sapl.olinda.pe.leg.br/media/", "ementa": "Requer a transforma\u00e7\u00e3o de pontos de lixo em espa\u00e7os de conviv\u00eancia e jardins, na Rua Leblon e no C\u00f3rrego Aureliano, \u00c1guas Compridas;"}, {"id": "4069", "ano": "2021", "numero": "1730", "tipo__sigla": "REQ", "tipo__descricao": "REQUERIMENTO", "autoria": "05 - Everaldo Silva", "texto_original": "http://sapl.olinda.pe.leg.br/media/", "ementa": "Requer 80 metros de ferro para coloca\u00e7\u00e3o de corrim\u00e3o, na Ponte do Rio Lava Tripa no Afonso e Travessa J\u00falio Louren\u00e7o, \u00c1guas Compridas;"}, {"id": "4070", "ano": "2021", "numero": "1731", "tipo__sigla": "REQ", "tipo__descricao": "REQUERIMENTO", "autoria": "05 - Everaldo Silva", "texto_original": "http://sapl.olinda.pe.leg.br/media/", "ementa": "Requer limpeza e remo\u00e7\u00e3o de metralhas na Rua J\u00falio Louren\u00e7o, 32, \u00c1guas Compridas;"}, {"id": "4071", "ano": "2021", "numero": "1732", "tipo__sigla": "REQ", "tipo__descricao": "REQUERIMENTO", "autoria": "05 - Everaldo Silva", "texto_original": "http://sapl.olinda.pe.leg.br/media/", "ementa": "Requer tapa buraco na Rua J\u00falio Louren\u00e7o e na Travessa J\u00falio Louren\u00e7o, \u00c1guas Compridas;"}, {"id": "4072", "ano": "2021", "numero": "1733", "tipo__sigla": "REQ", "tipo__descricao": "REQUERIMENTO", "autoria": "05 - Everaldo Silva", "texto_original": "http://sapl.olinda.pe.leg.br/media/", "ementa": "Requer disposi\u00e7\u00e3o de balan\u00e7a no posto de Sa\u00fade de \u00c1guas Compridas III;"}, {"id": "4073", "ano": "2021", "numero": "1734", "tipo__sigla": "REQ", "tipo__descricao": "REQUERIMENTO", "autoria": "05 - Everaldo Silva", "texto_original": "http://sapl.olinda.pe.leg.br/media/", "ementa": "Requer Projeto Identidade Cidad\u00e3 em \u00c1guas Compridas;"}, {"id": "4074", "ano": "2021", "numero": "1735", "tipo__sigla": "REQ", "tipo__descricao": "REQUERIMENTO", "autoria": "05 - Everaldo Silva", "texto_original": "http://sapl.olinda.pe.leg.br/media/", "ementa": "Requer Projeto Olinda Mais Sa\u00fade, no Loteamento Concei\u00e7\u00e3o, Alto Sol Nascente;"}, {"id": "4075", "ano": "2021", "numero": "1736", "tipo__sigla": "REQ", "tipo__descricao": "REQUERIMENTO", "autoria": "05 - Everaldo Silva", "texto_original": "http://sapl.olinda.pe.leg.br/media/", "ementa": "Requer Tapa Buraco na 2\u00aa Travessa, Rua Sucupira, \u00c1guas Compridas;"}, {"id": "4076", "ano": "2021", "numero": "1737", "tipo__sigla": "REQ", "tipo__descricao": "REQUERIMENTO", "autoria": "05 - Everaldo Silva", "texto_original": "http://sapl.olinda.pe.leg.br/media/", "ementa": "Requer inclus\u00e3o da Rua Castro e Largo do Bino no Projeto Arrumando a Casa;"}, {"id": "4077", "ano": "2021", "numero": "1738", "tipo__sigla": "REQ", "tipo__descricao": "REQUERIMENTO", "autoria": "05 - Everaldo Silva", "texto_original": "http://sapl.olinda.pe.leg.br/media/", "ementa": "Requer inclus\u00e3o da Rua Alto Nova Olinda no Projeto Arrumando a Casa;"}, {"id": "4078", "ano": "2021", "numero": "1739", "tipo__sigla": "REQ", "tipo__descricao": "REQUERIMENTO", "autoria": "05 - Everaldo Silva", "texto_original": "http://sapl.olinda.pe.leg.br/media/", "ementa": "Requer tapa buraco na Travessa do Bambu, \u00c1guas Compridas;"}, {"id": "4079", "ano": "2021", "numero": "1740", "tipo__sigla": "REQ", "tipo__descricao": "REQUERIMENTO", "autoria": "05 - Everaldo Silva", "texto_original": "http://sapl.olinda.pe.leg.br/media/", "ementa": "Requer limpeza e remo\u00e7\u00e3o de entulho no final do C\u00f3rrego da Bondade;"}, {"id": "4080", "ano": "2021", "numero": "1741", "tipo__sigla": "REQ", "tipo__descricao": "REQUERIMENTO", "autoria": "05 - Everaldo Silva", "texto_original": "http://sapl.olinda.pe.leg.br/media/", "ementa": "Requer limpeza e remo\u00e7\u00e3o de entulho em frente \u00e0 Escola Santo In\u00e1cio de Loyola;"}, {"id": "4081", "ano": "2021", "numero": "1742", "tipo__sigla": "REQ", "tipo__descricao": "REQUERIMENTO", "autoria": "05 - Everaldo Silva", "texto_original": "http://sapl.olinda.pe.leg.br/media/", "ementa": "Requer visita t\u00e9cnica \u00e0 Muro de Arrimo com grave infiltra\u00e7\u00e3o, na Rua S\u00e3o Miguel, 129, \u00c1guas Compridas;"}, {"id": "4082", "ano": "2021", "numero": "1743", "tipo__sigla": "REQ", "tipo__descricao": "REQUERIMENTO", "autoria": "10 - Joj\u00f3 Guerra", "texto_original": "http://sapl.olinda.pe.leg.br/media/", "ementa": "Requer VOTO DE APLAUSOS ao Sr. Anderson Ferreira;"}, {"id": "4083", "ano": "2021", "numero": "1744", "tipo__sigla": "REQ", "tipo__descricao": "REQUERIMENTO", "autoria": "11 - Dete Silva", "texto_original": "http://sapl.olinda.pe.leg.br/media/", "ementa": "Requer INCLUS\u00c3O DE LONAS NA BARREIRA COM RISCO DE DESLIZAMENTO RUA DO MEIO - CAIXA D \u00c1GUA;"}, {"id": "4084", "ano": "2021", "numero": "1745", "tipo__sigla": "REQ", "tipo__descricao": "REQUERIMENTO", "autoria": "15 - SAULO HOLANDA", "texto_original": "http://sapl.olinda.pe.leg.br/media/", "ementa": "Requer servi\u00e7o de limpeza e de reconstru\u00e7\u00e3o das canaletas da Rua Salvador, Jardim Brasil II;"}, {"id": "4085", "ano": "2021", "numero": "1746", "tipo__sigla": "REQ", "tipo__descricao": "REQUERIMENTO", "autoria": "15 - SAULO HOLANDA", "texto_original": "http://sapl.olinda.pe.leg.br/media/", "ementa": "Requer servi\u00e7o de limpeza da Rua Caruaru, Jardim Brasil II;"}, {"id": "3758", "ano": "2021", "numero": "1", "tipo__sigla": "VETO", "tipo__descricao": "VETO AO PROJETO DE LEI ORDIN\u00c1RIA", "autoria": "LUP\u00c9RCIO CARLOS DO NASCIMENTO", "texto_original": "http://sapl.olinda.pe.leg.br/media/", "ementa": "Veto ao artigo 2\u00ba, inciso IV, do Projeto de Lei n\u00ba 26/2021\r\n\r\n\u201cIV - Distribui\u00e7\u00e3o de kit de higiene contendo m\u00e1scara de prote\u00e7\u00e3o, \u00e1lcool em gel 70% e sab\u00e3o l\u00edquido. \u201c"}, {"id": "4057", "ano": "2021", "numero": "2", "tipo__sigla": "VETO", "tipo__descricao": "VETO AO PROJETO DE LEI ORDIN\u00c1RIA", "autoria": "LUP\u00c9RCIO CARLOS DO NASCIMENTO", "texto_original": "http://sapl.olinda.pe.leg.br/media/", "ementa": "Veto Parcial ao Projeto de Lei n\u00b0 119/2021 (incisos II e IV do Art. 2\u00ba)"}]}