{"headers": {"id": "ID", "ano": "Ano", "numero": "N\u00famero", "tipo__sigla": "Tipo de Mat\u00e9ria Legislativa/Sigla", "tipo__descricao": "Tipo de Mat\u00e9ria Legislativa/Descri\u00e7\u00e3o", "autoria": "Autorias", "texto_original": "Texto Original", "ementa": "Ementa"}, "results": [{"id": "5036", "ano": "2023", "numero": "1", "tipo__sigla": "PDL", "tipo__descricao": "PROJETO DE DECRETO LEGISLATIVO", "autoria": "05 - Everaldo Silva", "texto_original": "http://sapl.olinda.pe.leg.br/media/sapl/public/materialegislativa/2023/5036/pdl_01_2023_autor_ver._everaldo_silva.pdf", "ementa": "Concede o Titulo de Cidad\u00e3o de Olinda ao Sr. Henrique Costa da Veiga Seixas;"}, {"id": "5035", "ano": "2023", "numero": "2", "tipo__sigla": "PDL", "tipo__descricao": "PROJETO DE DECRETO LEGISLATIVO", "autoria": "Bruno D'Melo", "texto_original": "http://sapl.olinda.pe.leg.br/media/sapl/public/materialegislativa/2023/5035/pdl_02_2023_autor_ver._bruno_de_melo.pdf", "ementa": "Concede o Titulo de Cidad\u00e3o de Olinda ao Sr. Almir Ant\u00f4nio Ces\u00e1rio Mota;"}, {"id": "5118", "ano": "2023", "numero": "3", "tipo__sigla": "PDL", "tipo__descricao": "PROJETO DE DECRETO LEGISLATIVO", "autoria": "09 - Fl\u00e1vio Nascimento", "texto_original": "http://sapl.olinda.pe.leg.br/media/sapl/public/materialegislativa/2023/5118/pdl_03_2023_autor_ver._flavio_nascimento.pdf", "ementa": "Concede o Titulo de Cidad\u00e3o de Olinda ao Sr. Joel Maurino do Carmo;"}, {"id": "5120", "ano": "2023", "numero": "4", "tipo__sigla": "PDL", "tipo__descricao": "PROJETO DE DECRETO LEGISLATIVO", "autoria": "16 - BIAI", "texto_original": "http://sapl.olinda.pe.leg.br/media/sapl/public/materialegislativa/2023/5120/pdl_04_2023_autor_ver_severino_barbosa.pdf", "ementa": "Concede Medalha e Diploma de M\u00e9rito Empresarial ao Sal\u00e3o Silvio Cabelereiro."}, {"id": "5155", "ano": "2023", "numero": "5", "tipo__sigla": "PDL", "tipo__descricao": "PROJETO DE DECRETO LEGISLATIVO", "autoria": "03 - FELIPE NASCIMENTO", "texto_original": "http://sapl.olinda.pe.leg.br/media/sapl/public/materialegislativa/2023/5155/pdl_05_2023_autor_ver._felipe_nascimento.pdf", "ementa": "Concede o T\u00edtulo de Cidad\u00e3o de Olinda ao Sr. La\u00e9rcio Jos\u00e9 de Oliveira."}, {"id": "5156", "ano": "2023", "numero": "6", "tipo__sigla": "PDL", "tipo__descricao": "PROJETO DE DECRETO LEGISLATIVO", "autoria": "16 - Tonny Magalh\u00e3es", "texto_original": "http://sapl.olinda.pe.leg.br/media/sapl/public/materialegislativa/2023/5156/pdl_06_2023_autor_ver._tonny_magalhaes.pdf", "ementa": "Concede a Medalha Alu\u00edsio Magalh\u00e3es ao Sr. Jo\u00e3o da Silva Trindade."}, {"id": "5163", "ano": "2023", "numero": "7", "tipo__sigla": "PDL", "tipo__descricao": "PROJETO DE DECRETO LEGISLATIVO", "autoria": "09 - Fl\u00e1vio Nascimento", "texto_original": "http://sapl.olinda.pe.leg.br/media/sapl/public/materialegislativa/2023/5163/pdl_07_2023_autor_ver._flavio_nascimento.pdf", "ementa": "Concede Medalha e Diploma de M\u00e9rito Alo\u00edsio Magalh\u00e3es a Sra Ana Callou."}, {"id": "5164", "ano": "2023", "numero": "8", "tipo__sigla": "PDL", "tipo__descricao": "PROJETO DE DECRETO LEGISLATIVO", "autoria": "09 - Fl\u00e1vio Nascimento", "texto_original": "http://sapl.olinda.pe.leg.br/media/sapl/public/materialegislativa/2023/5164/pdl_08_2023_autor_ver._flavio_nascimento.pdf", "ementa": "Concede o Titulo de Cidad\u00e3o de Olinda ao Sr. Rog\u00e9rio Alves Ribeiro."}, {"id": "5167", "ano": "2023", "numero": "9", "tipo__sigla": "PDL", "tipo__descricao": "PROJETO DE DECRETO LEGISLATIVO", "autoria": "Bruno D'Melo", "texto_original": "http://sapl.olinda.pe.leg.br/media/sapl/public/materialegislativa/2023/5167/pdl_09_2023_autor_ver._bruno_de_melo.pdf", "ementa": "Concede o Titulo de Cidad\u00e3o de Olinda ao Senhor Luiz Clemente de Amorim."}, {"id": "5179", "ano": "2023", "numero": "10", "tipo__sigla": "PDL", "tipo__descricao": "PROJETO DE DECRETO LEGISLATIVO", "autoria": "15 - SAULO HOLANDA", "texto_original": "http://sapl.olinda.pe.leg.br/media/sapl/public/materialegislativa/2023/5179/pdl_10_2023_autor_ver._saulo_holanda.pdf", "ementa": "Concede o T\u00edtulo de Cidad\u00e3o de Olinda ao Sr. Evandro Jos\u00e9 Moreira de Avelar"}, {"id": "5212", "ano": "2023", "numero": "11", "tipo__sigla": "PDL", "tipo__descricao": "PROJETO DE DECRETO LEGISLATIVO", "autoria": "09 - Fl\u00e1vio Nascimento", "texto_original": "http://sapl.olinda.pe.leg.br/media/", "ementa": "Concede a Medalha do M\u00e9rito Alo\u00edsio Magalh\u00e3es a Sra. Andrea de Paula Travassos."}, {"id": "5213", "ano": "2023", "numero": "12", "tipo__sigla": "PDL", "tipo__descricao": "PROJETO DE DECRETO LEGISLATIVO", "autoria": "07 - JESU\u00cdNO ARA\u00daJO", "texto_original": "http://sapl.olinda.pe.leg.br/media/sapl/public/materialegislativa/2023/5213/pdl_12_2023_autor_ver._jesuino_araujo.pdf", "ementa": "Concede o T\u00edtulo de Cidad\u00e3 de Olinda a Sra. Alice Luiza Vasconcelos Toscano de Brito Melo."}, {"id": "5214", "ano": "2023", "numero": "13", "tipo__sigla": "PDL", "tipo__descricao": "PROJETO DE DECRETO LEGISLATIVO", "autoria": "11 - Dete Silva", "texto_original": "http://sapl.olinda.pe.leg.br/media/sapl/public/materialegislativa/2023/5214/pdl_13_2023_autora_vera._dete_silva.pdf", "ementa": "Concede o Titulo de Cidad\u00e3 de Olinda a Sra. Maria Jos\u00e9 Barbosa Martins."}, {"id": "5215", "ano": "2023", "numero": "14", "tipo__sigla": "PDL", "tipo__descricao": "PROJETO DE DECRETO LEGISLATIVO", "autoria": "11 - Dete Silva", "texto_original": "http://sapl.olinda.pe.leg.br/media/sapl/public/materialegislativa/2023/5215/pdl_14_2023_autora_vera._dete_silva.pdf", "ementa": "Concede o T\u00edtulo de Cidad\u00e3o de Olinda ao Sr. Renildo de Vasconcelos Calheiros."}, {"id": "5245", "ano": "2023", "numero": "15", "tipo__sigla": "PDL", "tipo__descricao": "PROJETO DE DECRETO LEGISLATIVO", "autoria": "07 - JESU\u00cdNO ARA\u00daJO", "texto_original": "http://sapl.olinda.pe.leg.br/media/sapl/public/materialegislativa/2023/5245/pdl_15_2023_autor_ver._jesuino_araujo.pdf", "ementa": "Concede a Medalha Alo\u00edsio Magalh\u00e3es a Senhora Nise Pedrosa Lins de Sousa."}, {"id": "5246", "ano": "2023", "numero": "16", "tipo__sigla": "PDL", "tipo__descricao": "PROJETO DE DECRETO LEGISLATIVO", "autoria": "FOA - Finan\u00e7as, Or\u00e7amento e Assuntos Tribut\u00e1rios", "texto_original": "http://sapl.olinda.pe.leg.br/media/sapl/public/materialegislativa/2023/5246/pdl_16_2023_autor_comissoes.pdf", "ementa": "Disp\u00f5e sobre a presta\u00e7\u00e3o de contas da Prefeitura Municipal de Olinda, durante o exerc\u00edcio financeiro de 2008;"}, {"id": "5247", "ano": "2023", "numero": "17", "tipo__sigla": "PDL", "tipo__descricao": "PROJETO DE DECRETO LEGISLATIVO", "autoria": "15 - SAULO HOLANDA", "texto_original": "http://sapl.olinda.pe.leg.br/media/sapl/public/materialegislativa/2023/5247/pdl_17_2023_autor_ver._saulo_holanda.pdf", "ementa": "Concede a Medalha Alo\u00edsio Magalh\u00e3es ao Senhor Fabiano Pedro da Silva."}, {"id": "5256", "ano": "2023", "numero": "18", "tipo__sigla": "PDL", "tipo__descricao": "PROJETO DE DECRETO LEGISLATIVO", "autoria": "07 - JESU\u00cdNO ARA\u00daJO", "texto_original": "http://sapl.olinda.pe.leg.br/media/sapl/public/materialegislativa/2023/5256/pdl_18_2023_autor_ver._jesuino_araujo.pdf", "ementa": "Concede a Medalha Alo\u00edsio Magalh\u00e3es a Senhora Maria Clara Saboya Albuquerque Bernardino."}, {"id": "5254", "ano": "2023", "numero": "19", "tipo__sigla": "PDL", "tipo__descricao": "PROJETO DE DECRETO LEGISLATIVO", "autoria": "16 - Tonny Magalh\u00e3es", "texto_original": "http://sapl.olinda.pe.leg.br/media/sapl/public/materialegislativa/2023/5254/pdl_19_2023_autor_ver._tonny_magalhaes.pdf", "ementa": "Concede a Medalha Alu\u00edsio Magalh\u00e3es ao Senhor Jo\u00e3o Pereira Ferreira."}, {"id": "5257", "ano": "2023", "numero": "20", "tipo__sigla": "PDL", "tipo__descricao": "PROJETO DE DECRETO LEGISLATIVO", "autoria": "07 - JESU\u00cdNO ARA\u00daJO", "texto_original": "http://sapl.olinda.pe.leg.br/media/sapl/public/materialegislativa/2023/5257/pdl_20_2023_autor_ver._jesuino_araujo.pdf", "ementa": "Concede o Titulo de Cidad\u00e3o de Olinda ao Senhor Robson Roberto Couto de Ara\u00fajo."}, {"id": "5312", "ano": "2023", "numero": "21", "tipo__sigla": "PDL", "tipo__descricao": "PROJETO DE DECRETO LEGISLATIVO", "autoria": "16 - Tonny Magalh\u00e3es", "texto_original": "http://sapl.olinda.pe.leg.br/media/sapl/public/materialegislativa/2023/5312/pdl_21_2023_autor_ver._tonny_magalhaes.pdf", "ementa": "Concede o Titulo de Cidad\u00e3o de Olinda ao Senhor Jo\u00e3o Pereira Ferreira."}, {"id": "5313", "ano": "2023", "numero": "22", "tipo__sigla": "PDL", "tipo__descricao": "PROJETO DE DECRETO LEGISLATIVO", "autoria": "16 - Tonny Magalh\u00e3es", "texto_original": "http://sapl.olinda.pe.leg.br/media/sapl/public/materialegislativa/2023/5313/pdl_22_2023_autor_ver._tonny_magalhaes.pdf", "ementa": "Concede o Titulo de Cidad\u00e3 de Olinda a Senhora Fabiana Ferreira Leandro."}, {"id": "5315", "ano": "2023", "numero": "23", "tipo__sigla": "PDL", "tipo__descricao": "PROJETO DE DECRETO LEGISLATIVO", "autoria": "03 - FELIPE NASCIMENTO", "texto_original": "http://sapl.olinda.pe.leg.br/media/sapl/public/materialegislativa/2023/5315/pdl_23_2023_autor_ver._felipe_nascimento.pdf", "ementa": "Concede o Titulo de Cidad\u00e3o de Olinda ao Senhor Ilson Mateus Rodrigues."}, {"id": "5317", "ano": "2023", "numero": "24", "tipo__sigla": "PDL", "tipo__descricao": "PROJETO DE DECRETO LEGISLATIVO", "autoria": "16 - BIAI", "texto_original": "http://sapl.olinda.pe.leg.br/media/sapl/public/materialegislativa/2023/5317/pdl_24_2023_autor_ver._severino_barbosa_-_biai.pdf", "ementa": "Concede o Titulo de Cidad\u00e3o de Olinda ao Senhor Limac\u00eado Ant\u00f4nio da Silva."}, {"id": "5318", "ano": "2023", "numero": "25", "tipo__sigla": "PDL", "tipo__descricao": "PROJETO DE DECRETO LEGISLATIVO", "autoria": "16 - BIAI", "texto_original": "http://sapl.olinda.pe.leg.br/media/sapl/public/materialegislativa/2023/5318/pdl_25_2023_autor_ver._severino_barbosa_-_biai.pdf", "ementa": "Concede o Titulo de Cidad\u00e3o de Olinda ao Senhor Maur\u00edcio Roberto Diniz Souza."}, {"id": "5446", "ano": "2023", "numero": "26", "tipo__sigla": "PDL", "tipo__descricao": "PROJETO DE DECRETO LEGISLATIVO", "autoria": "17 - Vinicius Castello", "texto_original": "http://sapl.olinda.pe.leg.br/media/", "ementa": "Concede o T\u00edtulo de Cidad\u00e3 de Olinda a Senhora Juliana de Albuquerque de Magalh\u00e3es."}, {"id": "5447", "ano": "2023", "numero": "27", "tipo__sigla": "PDL", "tipo__descricao": "PROJETO DE DECRETO LEGISLATIVO", "autoria": "07 - JESU\u00cdNO ARA\u00daJO", "texto_original": "http://sapl.olinda.pe.leg.br/media/sapl/public/materialegislativa/2023/5447/pdl_27_2023_autor_ver._ricardo_sousa.pdf", "ementa": "Concede o Titulo de Cidad\u00e3o de Olinda ao Senhor F\u00e1bio Andr\u00e9 Brayner dos Santos."}, {"id": "5522", "ano": "2023", "numero": "28", "tipo__sigla": "PDL", "tipo__descricao": "PROJETO DE DECRETO LEGISLATIVO", "autoria": "14 - RICARDO SOUSA", "texto_original": "http://sapl.olinda.pe.leg.br/media/sapl/public/materialegislativa/2023/5522/pdl_28_2023_autor_ver._ricardo_sousa.pdf", "ementa": "Concede o T\u00edtulo de Cidad\u00e3o de Olinda ao Senhor Altamir Pereira de Morais."}, {"id": "5523", "ano": "2023", "numero": "29", "tipo__sigla": "PDL", "tipo__descricao": "PROJETO DE DECRETO LEGISLATIVO", "autoria": "16 - Tonny Magalh\u00e3es", "texto_original": "http://sapl.olinda.pe.leg.br/media/sapl/public/materialegislativa/2023/5523/pdl_29_2023_autor_ver._tonny_magalhaes.pdf", "ementa": "Concede a Medalha Alu\u00edsio Magalh\u00e3es ao Senhor Almir Jos\u00e9 Buonora de Farias."}, {"id": "5524", "ano": "2023", "numero": "30", "tipo__sigla": "PDL", "tipo__descricao": "PROJETO DE DECRETO LEGISLATIVO", "autoria": "17 - VLADEMIR LABANCA", "texto_original": "http://sapl.olinda.pe.leg.br/media/", "ementa": "Concede T\u00edtulo de Cidad\u00e3o de Olinda ao Senhor Carlos Ivan da Silva Morais."}, {"id": "5137", "ano": "2023", "numero": "1", "tipo__sigla": "PELO", "tipo__descricao": "PROJETO DE EMENDA \u00c0 LEI ORG\u00c2NICA", "autoria": "15 - SAULO HOLANDA", "texto_original": "http://sapl.olinda.pe.leg.br/media/sapl/public/materialegislativa/2023/5137/plc_01_2023_autor_ver._saulo_holanda.pdf", "ementa": "Altera o inciso VII, do art. 74 da lei Org\u00e2nica do Munic\u00edpio de Olinda."}, {"id": "5249", "ano": "2023", "numero": "2", "tipo__sigla": "PELO", "tipo__descricao": "PROJETO DE EMENDA \u00c0 LEI ORG\u00c2NICA", "autoria": "C\u00e2mara Municipal de Olinda - CMO", "texto_original": "http://sapl.olinda.pe.leg.br/media/sapl/public/materialegislativa/2023/5249/pelo_02_2023_autor_bancada_parlamentar.pdf", "ementa": "Altera o art. 101-A \u00e0 Lei Org\u00e2nica do Munic\u00edpio de Olinda."}, {"id": "5136", "ano": "2023", "numero": "1", "tipo__sigla": "PLC", "tipo__descricao": "PROJETO DE LEI COMPLEMENTAR", "autoria": "15 - SAULO HOLANDA", "texto_original": "http://sapl.olinda.pe.leg.br/media/sapl/public/materialegislativa/2023/5136/plc_01_2023_autor_ver._saulo_holanda.pdf", "ementa": "Acrescenta o art. 124-A \u00e0 Lei Complementar Municipal n\u00ba 13, de 18 de junho de 2002, que regula as atividades de edifica\u00e7\u00f5es e instala\u00e7\u00f5es no Munic\u00edpio de Olinda."}, {"id": "5243", "ano": "2023", "numero": "2", "tipo__sigla": "PLC", "tipo__descricao": "PROJETO DE LEI COMPLEMENTAR", "autoria": "LUP\u00c9RCIO CARLOS DO NASCIMENTO", "texto_original": "http://sapl.olinda.pe.leg.br/media/sapl/public/materialegislativa/2023/5243/plc_02_2023_autor_poder_executivo.pdf", "ementa": "Estabelece a extens\u00e3o de prazo de validade do Alvar\u00e1 de Funcionamento Definitivo, altera a Lei Complementar n\u00b0 013/2002, e d\u00e1 outras provid\u00eancias."}, {"id": "5489", "ano": "2023", "numero": "3", "tipo__sigla": "PLC", "tipo__descricao": "PROJETO DE LEI COMPLEMENTAR", "autoria": "LUP\u00c9RCIO CARLOS DO NASCIMENTO", "texto_original": "http://sapl.olinda.pe.leg.br/media/sapl/public/materialegislativa/2023/5489/plc_03_2023_autor_poder_executivo.pdf", "ementa": "Altera o inciso I, do art. 52, da Lei Complementar Municipal n\u00ba 03, de 30 de dezembro de 1997 ) C\u00f3digo Tribut\u00e1rio Municipal de Olinda, e da outras provid\u00eancias."}, {"id": "4952", "ano": "2023", "numero": "1", "tipo__sigla": "PLO", "tipo__descricao": "PROJETO DE LEI ORDIN\u00c1RIA", "autoria": "16 - BIAI", "texto_original": "http://sapl.olinda.pe.leg.br/media/sapl/public/materialegislativa/2023/4952/pl_01_2023_autor_vereador_biai.pdf", "ementa": "Denomina de Vila Ol\u00edmpica Rei Pel\u00e9 a Vila Ol\u00edmpica de Rio Doce, localizada na 3\u00aa etapa do bairro de Rio Doce em Olinda."}, {"id": "4953", "ano": "2023", "numero": "2", "tipo__sigla": "PLO", "tipo__descricao": "PROJETO DE LEI ORDIN\u00c1RIA", "autoria": "07 - JESU\u00cdNO ARA\u00daJO", "texto_original": "http://sapl.olinda.pe.leg.br/media/sapl/public/materialegislativa/2023/4953/pl_02_2023_autor_ver._jesuino_araujo.pdf", "ementa": "Disp\u00f5e sobre a prefer\u00eancia de vagas de irm\u00e3os no mesmo estabelecimento de ensino p\u00fablico no Munic\u00edpio de Olinda;"}, {"id": "4954", "ano": "2023", "numero": "3", "tipo__sigla": "PLO", "tipo__descricao": "PROJETO DE LEI ORDIN\u00c1RIA", "autoria": "07 - JESU\u00cdNO ARA\u00daJO", "texto_original": "http://sapl.olinda.pe.leg.br/media/sapl/public/materialegislativa/2023/4954/pl_03_2023_autor_ver._jesuino_araujo.pdf", "ementa": "Disp\u00f5e sobre o programa de a\u00e7\u00f5es preventivas a depress\u00e3o e ao suic\u00eddio entre crian\u00e7as e adolescentes na Rede Municipal de Ensino do Munic\u00edpio de Olinda."}, {"id": "4955", "ano": "2023", "numero": "4", "tipo__sigla": "PLO", "tipo__descricao": "PROJETO DE LEI ORDIN\u00c1RIA", "autoria": "07 - JESU\u00cdNO ARA\u00daJO", "texto_original": "http://sapl.olinda.pe.leg.br/media/sapl/public/materialegislativa/2023/4955/pl_04_2023_autor_ver._jesuino_araujo.pdf", "ementa": "Disp\u00f5e sobre a implementa\u00e7\u00e3o do \"Programa Educacional para  a Pr\u00e1tica de Educa\u00e7\u00e3o F\u00edsica Adaptada para Estudantes com Defici\u00eancia\", no Munic\u00edpio de Olinda."}, {"id": "4956", "ano": "2023", "numero": "5", "tipo__sigla": "PLO", "tipo__descricao": "PROJETO DE LEI ORDIN\u00c1RIA", "autoria": "07 - JESU\u00cdNO ARA\u00daJO", "texto_original": "http://sapl.olinda.pe.leg.br/media/sapl/public/materialegislativa/2023/4956/pl_05_2023_autor_ver._jesuino_araujo.pdf", "ementa": "Reconhece o \u201cCord\u00e3o do Girassol\u201d como instrumento auxiliar de orienta\u00e7\u00e3o para identifica\u00e7\u00e3o de pessoas com defici\u00eancias ocultas para fins de atendimento priorit\u00e1rios, e d\u00e1 outras provid\u00eancias."}, {"id": "4957", "ano": "2023", "numero": "6", "tipo__sigla": "PLO", "tipo__descricao": "PROJETO DE LEI ORDIN\u00c1RIA", "autoria": "16 - BIAI", "texto_original": "http://sapl.olinda.pe.leg.br/media/sapl/public/materialegislativa/2023/4957/pl_06_2023_autor_ver._severino_barbosa_biai.pdf", "ementa": "Institui no calend\u00e1rio esportivo de Cidade de Olinda as modalidades: Ciclismo, Pedestrianismo (Corrida de Rua R\u00fastica), Campeonato de Futebol de Bairros, Torneios de Voleibol, Basquetebol e das outras provid\u00eancias;"}, {"id": "4958", "ano": "2023", "numero": "7", "tipo__sigla": "PLO", "tipo__descricao": "PROJETO DE LEI ORDIN\u00c1RIA", "autoria": "07 - JESU\u00cdNO ARA\u00daJO", "texto_original": "http://sapl.olinda.pe.leg.br/media/sapl/public/materialegislativa/2023/4958/pl_07_2022_autor_ver._jesuino_araujo.pdf", "ementa": "Reconhece os portadores de Fibromialgia como Pessoas com Defici\u00eancia no \u00e2mbito do Munic\u00edpio de Olinda;"}, {"id": "4990", "ano": "2023", "numero": "8", "tipo__sigla": "PLO", "tipo__descricao": "PROJETO DE LEI ORDIN\u00c1RIA", "autoria": "LUP\u00c9RCIO CARLOS DO NASCIMENTO", "texto_original": "http://sapl.olinda.pe.leg.br/media/sapl/public/materialegislativa/2023/4990/pl_08_2023_autor_poder_executivo.pdf", "ementa": "Disp\u00f5e sobre o auxilio a moradia no \u00e2mbito do Munic\u00edpio de Olinda, e d\u00e1 outras provid\u00eancias."}, {"id": "4991", "ano": "2023", "numero": "9", "tipo__sigla": "PLO", "tipo__descricao": "PROJETO DE LEI ORDIN\u00c1RIA", "autoria": "LUP\u00c9RCIO CARLOS DO NASCIMENTO", "texto_original": "http://sapl.olinda.pe.leg.br/media/sapl/public/materialegislativa/2023/4991/pl_09_2023_autor_poder_executivo.pdf", "ementa": "Concede cr\u00e9dito popular aos ambulantes com atua\u00e7\u00e3o no carnaval de Olinda, na forma como disp\u00f5e."}, {"id": "4992", "ano": "2023", "numero": "10", "tipo__sigla": "PLO", "tipo__descricao": "PROJETO DE LEI ORDIN\u00c1RIA", "autoria": "Mesa Diretora", "texto_original": "http://sapl.olinda.pe.leg.br/media/", "ementa": "Fixa o subs\u00eddio dos membros do Poder Legislativo Municipal, do Prefeito, do Vice-Prefeito e dos Secret\u00e1rios. Municipais 2025 a 2028, no \u00e2mbito do Munic\u00edpio de Olinda."}, {"id": "4994", "ano": "2023", "numero": "11", "tipo__sigla": "PLO", "tipo__descricao": "PROJETO DE LEI ORDIN\u00c1RIA", "autoria": "03 - FELIPE NASCIMENTO", "texto_original": "http://sapl.olinda.pe.leg.br/media/sapl/public/materialegislativa/2023/4994/pl_11_2023_autor_felipe_nascimento.pdf", "ementa": "Institui o \" Dia Municipal do Brega\" no Munic\u00edpio de Olinda e d\u00e1 outras provid\u00eancias."}, {"id": "5037", "ano": "2023", "numero": "12", "tipo__sigla": "PLO", "tipo__descricao": "PROJETO DE LEI ORDIN\u00c1RIA", "autoria": "17 - Vinicius Castello", "texto_original": "http://sapl.olinda.pe.leg.br/media/sapl/public/materialegislativa/2023/5037/pl_12_2023_autor_ver._vinicius_castello.pdf", "ementa": "Disp\u00f5e sobre a divulga\u00e7\u00e3o da rela\u00e7\u00e3o dos inscritos nos programas habitacionais do Munic\u00edpio de Olinda;"}, {"id": "5038", "ano": "2023", "numero": "13", "tipo__sigla": "PLO", "tipo__descricao": "PROJETO DE LEI ORDIN\u00c1RIA", "autoria": "17 - Vinicius Castello", "texto_original": "http://sapl.olinda.pe.leg.br/media/sapl/public/materialegislativa/2023/5038/pl_13_2023_autor_ver._vinicius_castello.pdf", "ementa": "Autoriza a cria\u00e7\u00e3o do Plano Municipal de Informa\u00e7\u00f5es e Conting\u00eancias sobre as Chuvas;"}, {"id": "5039", "ano": "2023", "numero": "14", "tipo__sigla": "PLO", "tipo__descricao": "PROJETO DE LEI ORDIN\u00c1RIA", "autoria": "17 - Vinicius Castello", "texto_original": "http://sapl.olinda.pe.leg.br/media/sapl/public/materialegislativa/2023/5039/pl_14_2023_autor_ver._vinicius_castello.pdf", "ementa": "Autoriza o Poder P\u00fablico Municipal a adotar medidas que priorizem o atendimento e a inclus\u00e3o da mulher como benefici\u00e1ria nos programas de habita\u00e7\u00e3o no Munic\u00edpio de Olinda."}, {"id": "5040", "ano": "2023", "numero": "15", "tipo__sigla": "PLO", "tipo__descricao": "PROJETO DE LEI ORDIN\u00c1RIA", "autoria": "15 - SAULO HOLANDA", "texto_original": "http://sapl.olinda.pe.leg.br/media/sapl/public/materialegislativa/2023/5040/pl_15_2023_autor._ver._saulo_holanda.pdf", "ementa": "Altera a Lei Municipal n\u00b0 6.044, de 18 de maio de 2018."}, {"id": "5071", "ano": "2023", "numero": "16", "tipo__sigla": "PLO", "tipo__descricao": "PROJETO DE LEI ORDIN\u00c1RIA", "autoria": "LUP\u00c9RCIO CARLOS DO NASCIMENTO", "texto_original": "http://sapl.olinda.pe.leg.br/media/sapl/public/materialegislativa/2023/5071/pl_16_2023_autor_poder_executivo.pdf", "ementa": "Altera a al\u00ednea \"m\", do art. 22 da Lei Municipal n\u00b0 5.615/2008 e d\u00e1 outras provid\u00eancias"}, {"id": "5072", "ano": "2023", "numero": "17", "tipo__sigla": "PLO", "tipo__descricao": "PROJETO DE LEI ORDIN\u00c1RIA", "autoria": "LUP\u00c9RCIO CARLOS DO NASCIMENTO", "texto_original": "http://sapl.olinda.pe.leg.br/media/", "ementa": "Define o vencimento b\u00e1sico dos Agentes Comunit\u00e1rios de Sa\u00fade (ACS) e dos Agentes de Combate \u00e0s Endemias (ACE), no \u00e2mbito do Munic\u00edpio de Olinda."}, {"id": "5100", "ano": "2023", "numero": "18", "tipo__sigla": "PLO", "tipo__descricao": "PROJETO DE LEI ORDIN\u00c1RIA", "autoria": "LUP\u00c9RCIO CARLOS DO NASCIMENTO", "texto_original": "http://sapl.olinda.pe.leg.br/media/sapl/public/materialegislativa/2023/5100/pl_18_2023_autor_poder_executivo.pdf", "ementa": "Disp\u00f5e sobre autoriza\u00e7\u00e3o para o Munic\u00edpio de Olinda participar do Cons\u00f3rcio dos Munic\u00edpios Pernambucanos - COMUPE, bem como sobre a autoriza\u00e7\u00e3o para abertura de cr\u00e9dito adicional especial ao Or\u00e7amento Anual, e d\u00e1 outras provid\u00eancias."}, {"id": "5115", "ano": "2023", "numero": "19", "tipo__sigla": "PLO", "tipo__descricao": "PROJETO DE LEI ORDIN\u00c1RIA", "autoria": "LUP\u00c9RCIO CARLOS DO NASCIMENTO", "texto_original": "http://sapl.olinda.pe.leg.br/media/sapl/public/materialegislativa/2023/5115/pl_19_2023_autor_poder_executivo.pdf", "ementa": "Define o vencimento b\u00e1sico dos Agentes Comunit\u00e1rios de Sa\u00fade (ACS\u2019s) e dos Agentes de Combate \u00e0s Endemias (ACE\u2019s), no \u00e2mbito do Munic\u00edpio de Olinda."}, {"id": "5117", "ano": "2023", "numero": "20", "tipo__sigla": "PLO", "tipo__descricao": "PROJETO DE LEI ORDIN\u00c1RIA", "autoria": "Bruno D'Melo", "texto_original": "http://sapl.olinda.pe.leg.br/media/sapl/public/materialegislativa/2023/5117/pl_20_2023_autor_ver._bruno_dmelo.pdf", "ementa": "Reconhece o wheeling e demais manobras de motocicletas como pr\u00e1tica esportiva no Munic\u00edpio de Olinda e d\u00e1 outras provid\u00eancias."}, {"id": "5119", "ano": "2023", "numero": "21", "tipo__sigla": "PLO", "tipo__descricao": "PROJETO DE LEI ORDIN\u00c1RIA", "autoria": "03 - FELIPE NASCIMENTO", "texto_original": "http://sapl.olinda.pe.leg.br/media/sapl/public/materialegislativa/2023/5119/pl_21_2023_autor_ver._felipe_nascimento.pdf", "ementa": "Institui o \"Programa de Combate ao Capacitismo\" no Munic\u00edpio de Olinda-PE e d\u00e1 outras provid\u00eancias."}, {"id": "5121", "ano": "2023", "numero": "22", "tipo__sigla": "PLO", "tipo__descricao": "PROJETO DE LEI ORDIN\u00c1RIA", "autoria": "16 - Tonny Magalh\u00e3es", "texto_original": "http://sapl.olinda.pe.leg.br/media/sapl/public/materialegislativa/2023/5121/pl_22_2023_autor_ver._tonny_magalhaes.pdf", "ementa": "Institui o \"Programa IPTU Verde\", e autoriza a concess\u00e3o de desconto no Imposto Predial e Territorial Urbano (IPTU), como incentivo ao uso de tecnologias ambientais sustent\u00e1veis no Munic\u00edpio de Olinda e da outras provid\u00eancias."}, {"id": "5122", "ano": "2023", "numero": "23", "tipo__sigla": "PLO", "tipo__descricao": "PROJETO DE LEI ORDIN\u00c1RIA", "autoria": "16 - Tonny Magalh\u00e3es", "texto_original": "http://sapl.olinda.pe.leg.br/media/sapl/public/materialegislativa/2023/5122/pl_23_2023_autor_ver._tonny_magalhaes.pdf", "ementa": "Disp\u00f5e sobre a obrigatoriedade de instalar detectores de metais nas escolas publicas municipais, no \u00e2mbito do Munic\u00edpio de Olinda;"}, {"id": "5123", "ano": "2023", "numero": "24", "tipo__sigla": "PLO", "tipo__descricao": "PROJETO DE LEI ORDIN\u00c1RIA", "autoria": "02 - Irm\u00e3o Bi\u00e1", "texto_original": "http://sapl.olinda.pe.leg.br/media/sapl/public/materialegislativa/2023/5123/pl_24_2023_autor_ver._irmao_bia.pdf", "ementa": "Disp\u00f5e sobre a obrigatoriedade de vigil\u00e2ncia armada as escolas da Rede Municipal de Olinda e d\u00e1 outras provid\u00eancias."}, {"id": "5124", "ano": "2023", "numero": "25", "tipo__sigla": "PLO", "tipo__descricao": "PROJETO DE LEI ORDIN\u00c1RIA", "autoria": "14 - RICARDO SOUSA", "texto_original": "http://sapl.olinda.pe.leg.br/media/", "ementa": "Institui o Plano Municipal de Arboriza\u00e7\u00e3o Urbana no Munic\u00edpio de Olinda-PE."}, {"id": "5125", "ano": "2023", "numero": "26", "tipo__sigla": "PLO", "tipo__descricao": "PROJETO DE LEI ORDIN\u00c1RIA", "autoria": "14 - RICARDO SOUSA", "texto_original": "http://sapl.olinda.pe.leg.br/media/", "ementa": "Obriga-se \u00e0 Seguran\u00e7a nas Escolas, Cursos, Universidades, Academia Desportivas e de Muscula\u00e7\u00e3o e outros estabelecimentos cong\u00eaneres de ampla circula\u00e7\u00e3o de p\u00fablico para meios que preserve a sa\u00fade e a incolumidade f\u00edsica de todos que esteja, fazendo uso do estabelecimento;"}, {"id": "5126", "ano": "2023", "numero": "27", "tipo__sigla": "PLO", "tipo__descricao": "PROJETO DE LEI ORDIN\u00c1RIA", "autoria": "14 - RICARDO SOUSA", "texto_original": "http://sapl.olinda.pe.leg.br/media/", "ementa": "Obriga-se Treinamento de Seguran\u00e7a para ataques, para inc\u00eandios, com t\u00e9cnicas de evacua\u00e7\u00e3o em seguran\u00e7a, a todos os funcion\u00e1rios nas Escolas, Cursos, Universidades, Academia Desportivas e de Muscula\u00e7\u00e3o e outros estabelecimentos cong\u00eaneres de ampla circula\u00e7\u00e3o de p\u00fablico para meios que preserve a sa\u00fade e a incolumidade f\u00edsica de todos que esteja, fazendo uso do estabelecimento;"}, {"id": "5127", "ano": "2023", "numero": "28", "tipo__sigla": "PLO", "tipo__descricao": "PROJETO DE LEI ORDIN\u00c1RIA", "autoria": "17 - VLADEMIR LABANCA", "texto_original": "http://sapl.olinda.pe.leg.br/media/sapl/public/materialegislativa/2023/5127/pl_28_2023_autor_ver._vlademir_labanca.pdf", "ementa": "Disp\u00f5e sobre a cria\u00e7\u00e3o de Comiss\u00e3o de Media\u00e7\u00e3o de Conflitos (CMC), nas escolas p\u00fablicas municipais, da rede conveniada e rede privada no Munic\u00edpio de Olinda."}, {"id": "5128", "ano": "2023", "numero": "29", "tipo__sigla": "PLO", "tipo__descricao": "PROJETO DE LEI ORDIN\u00c1RIA", "autoria": "17 - VLADEMIR LABANCA", "texto_original": "http://sapl.olinda.pe.leg.br/media/sapl/public/materialegislativa/2023/5128/pl_29_2023_autor_ver._vlademir_labanca.pdf", "ementa": "Cria a lei de Preven\u00e7\u00e3o e Enfrentamento a Atentados Violentos praticados nas depend\u00eancias das escolas p\u00fablicas municipais, da rede conveniada e rede privada no Munic\u00edpio de Olinda."}, {"id": "5130", "ano": "2023", "numero": "30", "tipo__sigla": "PLO", "tipo__descricao": "PROJETO DE LEI ORDIN\u00c1RIA", "autoria": "LUP\u00c9RCIO CARLOS DO NASCIMENTO", "texto_original": "http://sapl.olinda.pe.leg.br/media/sapl/public/materialegislativa/2023/5130/pl_30_2023_autor_poder_executivo.pdf", "ementa": "Disp\u00f5e sobre o reajuste dos vencimentos b\u00e1sicos dos professores integrantes do  Quadro Permanente do Magist\u00e9rio do Munic\u00edpio de Olinda."}, {"id": "5131", "ano": "2023", "numero": "31", "tipo__sigla": "PLO", "tipo__descricao": "PROJETO DE LEI ORDIN\u00c1RIA", "autoria": "LUP\u00c9RCIO CARLOS DO NASCIMENTO", "texto_original": "http://sapl.olinda.pe.leg.br/media/sapl/public/materialegislativa/2023/5131/pl_31_2023_autor_poder_executivo.pdf", "ementa": "Disp\u00f5e sobre o reajuste dos Servidores P\u00fablicos Municipais do Poder Executivo do Munic\u00edpio de Olinda, que especifica."}, {"id": "5132", "ano": "2023", "numero": "32", "tipo__sigla": "PLO", "tipo__descricao": "PROJETO DE LEI ORDIN\u00c1RIA", "autoria": "LUP\u00c9RCIO CARLOS DO NASCIMENTO", "texto_original": "http://sapl.olinda.pe.leg.br/media/sapl/public/materialegislativa/2023/5132/pl_32_2023_autor_poder_executivo.pdf", "ementa": "Altera a Lei Municipal n\u00b0 5.323/2002, que disciplina a contrata\u00e7\u00e3o por necessidade tempor\u00e1ria de excepcional interesse p\u00fablico e d\u00e1 outras provid\u00eancias."}, {"id": "5133", "ano": "2023", "numero": "33", "tipo__sigla": "PLO", "tipo__descricao": "PROJETO DE LEI ORDIN\u00c1RIA", "autoria": "15 - SAULO HOLANDA", "texto_original": "http://sapl.olinda.pe.leg.br/media/sapl/public/materialegislativa/2023/5133/pl_33_2023_autor_ver._saulo_holanda.pdf", "ementa": "Institui a \u201cSemana Municipal de Preven\u00e7\u00e3o, Conscientiza\u00e7\u00e3o e Combate ao uso de Drogas\u201d, a ser realizado atualmente na semana que correspondente ao dia 26 de junho de cada ano, passando a fazer parte do Calend\u00e1rio Oficial de Eventos do Munic\u00edpio de Olinda."}, {"id": "5134", "ano": "2023", "numero": "34", "tipo__sigla": "PLO", "tipo__descricao": "PROJETO DE LEI ORDIN\u00c1RIA", "autoria": "LUP\u00c9RCIO CARLOS DO NASCIMENTO", "texto_original": "http://sapl.olinda.pe.leg.br/media/sapl/public/materialegislativa/2023/5134/pl_34_2023_autor_poder_executivo.pdf", "ementa": "Disp\u00f5e sobre a cria\u00e7\u00e3o do \u201cN\u00facleo de Atendimento \u00e0s Vitimas de Viol\u00eancia de Olinda \u2013 NAVVO\u201d."}, {"id": "5135", "ano": "2023", "numero": "35", "tipo__sigla": "PLO", "tipo__descricao": "PROJETO DE LEI ORDIN\u00c1RIA", "autoria": "Mesa Diretora", "texto_original": "http://sapl.olinda.pe.leg.br/media/sapl/public/materialegislativa/2023/5135/pl_35_2023_autor_mesa_diretora.pdf", "ementa": "Disp\u00f5e sobre o reajuste de subsidio do Prefeito, do Vice-Prefeito e dos Secret\u00e1rios Municipais no \u00e2mbito do Munic\u00edpio de Olinda."}, {"id": "5144", "ano": "2023", "numero": "36", "tipo__sigla": "PLO", "tipo__descricao": "PROJETO DE LEI ORDIN\u00c1RIA", "autoria": "14 - RICARDO SOUSA", "texto_original": "http://sapl.olinda.pe.leg.br/media/", "ementa": "Obriga-se o Poder Executivo Criar o Centro Municipal de Aten\u00e7\u00e3o ao Paciente com Diabetes no Munic\u00edpio de Olinda/PE, da forma que entender de Direito."}, {"id": "5145", "ano": "2023", "numero": "37", "tipo__sigla": "PLO", "tipo__descricao": "PROJETO DE LEI ORDIN\u00c1RIA", "autoria": "14 - RICARDO SOUSA", "texto_original": "http://sapl.olinda.pe.leg.br/media/sapl/public/materialegislativa/2023/5145/pl_37_2023_autor_ver._ricardo_sousa.pdf", "ementa": "Institui o Programa Municipal Preventivo de Sa\u00fade Mental para Professores da Rede Municipal de Educa\u00e7\u00e3o do no Munic\u00edpio de Olinda/PE."}, {"id": "5146", "ano": "2023", "numero": "38", "tipo__sigla": "PLO", "tipo__descricao": "PROJETO DE LEI ORDIN\u00c1RIA", "autoria": "14 - RICARDO SOUSA", "texto_original": "http://sapl.olinda.pe.leg.br/media/sapl/public/materialegislativa/2023/5146/pl_38_2023_autor_ver._ricardo_sousa.pdf", "ementa": "Cria a obrigatoriedade da presen\u00e7a de agentes de tr\u00e2nsito ou orientadores de tr\u00e2nsito em frente \u00e0s escolas no Munic\u00edpio de Olinda-PE.."}, {"id": "5147", "ano": "2023", "numero": "39", "tipo__sigla": "PLO", "tipo__descricao": "PROJETO DE LEI ORDIN\u00c1RIA", "autoria": "17 - VLADEMIR LABANCA", "texto_original": "http://sapl.olinda.pe.leg.br/media/sapl/public/materialegislativa/2023/5147/pl_39_2023_autor_ver._vlademir_labanca.pdf", "ementa": "Institui o \u201cPlano Municipal de Informa\u00e7\u00f5es e Monitoramento de chuvas intensas e anormais\u201d, na cidade de Olinda."}, {"id": "5148", "ano": "2023", "numero": "40", "tipo__sigla": "PLO", "tipo__descricao": "PROJETO DE LEI ORDIN\u00c1RIA", "autoria": "09 - Fl\u00e1vio Nascimento", "texto_original": "http://sapl.olinda.pe.leg.br/media/sapl/public/materialegislativa/2023/5148/pl_40_2023_autor_ver._flavio_nascimento.pdf", "ementa": "Disp\u00f5e sobre a Institui\u00e7\u00e3o do \u201cPrograma Tem Sa\u00edda\u201d, no Munic\u00edpio de Olinda."}, {"id": "5149", "ano": "2023", "numero": "41", "tipo__sigla": "PLO", "tipo__descricao": "PROJETO DE LEI ORDIN\u00c1RIA", "autoria": "09 - Fl\u00e1vio Nascimento", "texto_original": "http://sapl.olinda.pe.leg.br/media/sapl/public/materialegislativa/2023/5149/pl_41_2023_autor_ver._flavio_nascimento.pdf", "ementa": "Autoriza o Poder Executivo Municipal demolir pr\u00e9dios e edifica\u00e7\u00f5es que estejam com risco de desabamento no \u00e2mbito do Munic\u00edpio de Olinda-PE."}, {"id": "5150", "ano": "2023", "numero": "42", "tipo__sigla": "PLO", "tipo__descricao": "PROJETO DE LEI ORDIN\u00c1RIA", "autoria": "07 - JESU\u00cdNO ARA\u00daJO", "texto_original": "http://sapl.olinda.pe.leg.br/media/sapl/public/materialegislativa/2023/5150/pl_42_2023_autor_ver._jesuino_araujo.pdf", "ementa": "Institui a \"Semana Municipal de Cultura Evang\u00e9lica\" no Munic\u00edpio de Olinda."}, {"id": "5151", "ano": "2023", "numero": "43", "tipo__sigla": "PLO", "tipo__descricao": "PROJETO DE LEI ORDIN\u00c1RIA", "autoria": "07 - JESU\u00cdNO ARA\u00daJO", "texto_original": "http://sapl.olinda.pe.leg.br/media/sapl/public/materialegislativa/2023/5151/pl_43_2023_autor_ver._jesuino_araujo.pdf", "ementa": "Institui no Munic\u00edpio de Olinda, o \"Dia Municipal da Pessoa Evang\u00e9lica\", a ser comemorado no \u00faltimo domingo, do m\u00eas de outubro de cada ano, e d\u00e1 outras provid\u00eancias."}, {"id": "5152", "ano": "2023", "numero": "44", "tipo__sigla": "PLO", "tipo__descricao": "PROJETO DE LEI ORDIN\u00c1RIA", "autoria": "07 - JESU\u00cdNO ARA\u00daJO", "texto_original": "http://sapl.olinda.pe.leg.br/media/sapl/public/materialegislativa/2023/5152/pl_44_2023_autor_ver._jesuino_araujo.pdf", "ementa": "Declara a M\u00fasica Gospel como \"Patrim\u00f4nio Imaterial\" do Munic\u00edpio de Olinda."}, {"id": "5153", "ano": "2023", "numero": "45", "tipo__sigla": "PLO", "tipo__descricao": "PROJETO DE LEI ORDIN\u00c1RIA", "autoria": "05 - Everaldo Silva", "texto_original": "http://sapl.olinda.pe.leg.br/media/", "ementa": "Institui o \" Dia Municipal de Preven\u00e7\u00e3o, Orienta\u00e7\u00e3o e Combate ao AVC (Acidente Vascular Cerebral)\", inclui no Calend\u00e1rio Oficial de Eventos do Munic\u00edpio de Olinda e Pol\u00edtica Municipal de Preven\u00e7\u00e3o ao Acidente Vascular Cerebral, e d\u00e1 outras provid\u00eancias."}, {"id": "5157", "ano": "2023", "numero": "46", "tipo__sigla": "PLO", "tipo__descricao": "PROJETO DE LEI ORDIN\u00c1RIA", "autoria": "16 - BIAI", "texto_original": "http://sapl.olinda.pe.leg.br/media/", "ementa": "Garante as mulheres o direito a um acompanhante durante as consultas, exames e procedimentos operat\u00f3rios nas unidades de sa\u00fade p\u00fablicas e privadas do Munic\u00edpio de Olinda."}, {"id": "5159", "ano": "2023", "numero": "47", "tipo__sigla": "PLO", "tipo__descricao": "PROJETO DE LEI ORDIN\u00c1RIA", "autoria": "03 - FELIPE NASCIMENTO", "texto_original": "http://sapl.olinda.pe.leg.br/media/sapl/public/materialegislativa/2023/5159/pl_47_2023_autor_ver._felipe_nascimento.pdf", "ementa": "Prop\u00f5e que bares, restaurantes, casas noturnas e de eventos em Olinda, adotem medidas de aux\u00edlio \u00e0 mulher que se sinta em situa\u00e7\u00e3o de risco"}, {"id": "5160", "ano": "2023", "numero": "48", "tipo__sigla": "PLO", "tipo__descricao": "PROJETO DE LEI ORDIN\u00c1RIA", "autoria": "09 - Fl\u00e1vio Nascimento", "texto_original": "http://sapl.olinda.pe.leg.br/media/sapl/public/materialegislativa/2023/5160/pl_48_2023_autor_ver._flavio_nascimento.pdf", "ementa": "Institui a a\u00e7\u00e3o de promo\u00e7\u00e3o da cultura oce\u00e2nica nas institui\u00e7\u00f5es p\u00fablicas de ensino no \u00e2mbito do Munic\u00edpio de Olinda-PE."}, {"id": "5161", "ano": "2023", "numero": "49", "tipo__sigla": "PLO", "tipo__descricao": "PROJETO DE LEI ORDIN\u00c1RIA", "autoria": "14 - RICARDO SOUSA", "texto_original": "http://sapl.olinda.pe.leg.br/media/sapl/public/materialegislativa/2023/5161/pl_49_2023_autor_ver._ricardo_sousa.pdf", "ementa": "Fixa o piso salarial dos Enfermeiros, T\u00e9cnicos de enfermagem e auxiliares de enfermagem, no \u00e2mbito do Munic\u00edpio de Olinda/PE, de conson\u00e2ncia com a Emenda Constitucional n\u00ba 124 de 2022 e a Lei Federal 14.434/2022."}, {"id": "5162", "ano": "2023", "numero": "50", "tipo__sigla": "PLO", "tipo__descricao": "PROJETO DE LEI ORDIN\u00c1RIA", "autoria": "LUP\u00c9RCIO CARLOS DO NASCIMENTO", "texto_original": "http://sapl.olinda.pe.leg.br/media/sapl/public/materialegislativa/2023/5162/pl_50_2023_autor_poder_executivo.pdf", "ementa": "Autoriza a abertura de cr\u00e9dito adicional especial ao or\u00e7amento anual de 2023 em favor da Secretaria de Desenvolvimento Social e Direitos Humanos, e d\u00e1 outras provid\u00eancias."}, {"id": "5165", "ano": "2023", "numero": "51", "tipo__sigla": "PLO", "tipo__descricao": "PROJETO DE LEI ORDIN\u00c1RIA", "autoria": "LUP\u00c9RCIO CARLOS DO NASCIMENTO", "texto_original": "http://sapl.olinda.pe.leg.br/media/sapl/public/materialegislativa/2023/5165/pl_51_2023_autor_poder_executivo.pdf", "ementa": "Disp\u00f5e sobre a ades\u00e3o a Carta das Cidades Educadoras e a filia\u00e7\u00e3o \u00e0 Associa\u00e7\u00e3o Internacional das Cidades Educadoras (AICE), e d\u00e1 outras provid\u00eancias."}, {"id": "5166", "ano": "2023", "numero": "52", "tipo__sigla": "PLO", "tipo__descricao": "PROJETO DE LEI ORDIN\u00c1RIA", "autoria": "16 - Tonny Magalh\u00e3es", "texto_original": "http://sapl.olinda.pe.leg.br/media/sapl/public/materialegislativa/2023/5166/pl_52_2023_autor_ver._tonny_magalhaes.pdf", "ementa": "Institui no Calend\u00e1rio Municipal de Olinda, o dia 07 de dezembro como o dia Municipal do \"Programa Educacional de Resist\u00eancia as Drogas e a Viol\u00eancia - PROERD\"."}, {"id": "5171", "ano": "2023", "numero": "53", "tipo__sigla": "PLO", "tipo__descricao": "PROJETO DE LEI ORDIN\u00c1RIA", "autoria": "15 - SAULO HOLANDA", "texto_original": "http://sapl.olinda.pe.leg.br/media/sapl/public/materialegislativa/2023/5171/pl_53_2023_autores_ver._saulo_holanda_e_biai.pdf", "ementa": "Institui o \"Dia Municipal de Caminhada da Fam\u00edlia\", no Munic\u00edpio de Olinda."}, {"id": "5172", "ano": "2023", "numero": "54", "tipo__sigla": "PLO", "tipo__descricao": "PROJETO DE LEI ORDIN\u00c1RIA", "autoria": "LUP\u00c9RCIO CARLOS DO NASCIMENTO", "texto_original": "http://sapl.olinda.pe.leg.br/media/sapl/public/materialegislativa/2023/5172/pl_54_2023_autor_poder_executivo.pdf", "ementa": "Autoriza o Munic\u00edpio de Olinda a prorrogar por mais de 60 (sessenta) dias, o prazo de cess\u00e3o do Mercado Eufr\u00e1sio Barbosa, ao Estado de Pernambuco, originalmente autorizada, pela Lei n\u00ba 6.046, de 28 de maio de 2018."}, {"id": "5173", "ano": "2023", "numero": "55", "tipo__sigla": "PLO", "tipo__descricao": "PROJETO DE LEI ORDIN\u00c1RIA", "autoria": "16 - BIAI", "texto_original": "http://sapl.olinda.pe.leg.br/media/sapl/public/materialegislativa/2023/5173/pl_55_2023_autor_ver._severino_barbosa_-_biai.pdf", "ementa": "Denomina de \u201cRua Dr. Mauro Fonseca Filho\u201d a atual Rua Riviera, localizado no bairro de Jardim Atl\u00e2ntico, em Olinda."}, {"id": "5174", "ano": "2023", "numero": "56", "tipo__sigla": "PLO", "tipo__descricao": "PROJETO DE LEI ORDIN\u00c1RIA", "autoria": "17 - Vinicius Castello", "texto_original": "http://sapl.olinda.pe.leg.br/media/sapl/public/materialegislativa/2023/5174/pl_56_2023_autor_ver._vinicius_castello.pdf", "ementa": "Disp\u00f5e sobre a Assist\u00eancia T\u00e9cnica Social P\u00fablica e gratuita em habita\u00e7\u00e3o de interesse social voltada \u00e0 popula\u00e7\u00e3o de baixa renda."}, {"id": "5175", "ano": "2023", "numero": "57", "tipo__sigla": "PLO", "tipo__descricao": "PROJETO DE LEI ORDIN\u00c1RIA", "autoria": "17 - Vinicius Castello", "texto_original": "http://sapl.olinda.pe.leg.br/media/sapl/public/materialegislativa/2023/5175/pl_57_2023_autor_ver._vinicius_castello.pdf", "ementa": "Disp\u00f5e sobre entregas de encomendas por trabalhadores de aplicativo em condom\u00ednios."}, {"id": "5176", "ano": "2023", "numero": "58", "tipo__sigla": "PLO", "tipo__descricao": "PROJETO DE LEI ORDIN\u00c1RIA", "autoria": "02 - DENISE ALMEIDA", "texto_original": "http://sapl.olinda.pe.leg.br/media/sapl/public/materialegislativa/2023/5176/pl_58_2023_autora_vera._denise_almeida.pdf", "ementa": "Institui o \"Projeto \u00d3rf\u00e3os do Feminic\u00eddio\", atrav\u00e9s do \"Aux\u00edlio Ampara\", benef\u00edcio a ser pago a crian\u00e7as e adolescentes em situa\u00e7\u00e3o de orfandade decorrente de feminic\u00eddio, e d\u00e1 outras provid\u00eancias."}, {"id": "5177", "ano": "2023", "numero": "59", "tipo__sigla": "PLO", "tipo__descricao": "PROJETO DE LEI ORDIN\u00c1RIA", "autoria": "02 - DENISE ALMEIDA", "texto_original": "http://sapl.olinda.pe.leg.br/media/sapl/public/materialegislativa/2023/5177/pl_59_2023_autora_vera._denise_almeida.pdf", "ementa": "Institui no Calend\u00e1rio Oficial do Munic\u00edpio de Olinda, o Dia Municipal do Advogado."}, {"id": "5178", "ano": "2023", "numero": "60", "tipo__sigla": "PLO", "tipo__descricao": "PROJETO DE LEI ORDIN\u00c1RIA", "autoria": "02 - DENISE ALMEIDA", "texto_original": "http://sapl.olinda.pe.leg.br/media/sapl/public/materialegislativa/2023/5178/pl_60_2023_autora_vera._denise_almeida.pdf", "ementa": "Disp\u00f5e, no \u00e2mbito do C\u00e2mara Municipal de Vereadores de Olinda, sobre a implanta\u00e7\u00e3o de Licen\u00e7a Capacita\u00e7\u00e3o para Professores."}, {"id": "5186", "ano": "2023", "numero": "61", "tipo__sigla": "PLO", "tipo__descricao": "PROJETO DE LEI ORDIN\u00c1RIA", "autoria": "17 - Vinicius Castello", "texto_original": "http://sapl.olinda.pe.leg.br/media/sapl/public/materialegislativa/2023/5186/pl_61_2023_autor_ver._vinicius_castello.pdf", "ementa": "Cria o \u201cDia Municipal do Meio Ambiente de Olinda\u201d."}, {"id": "5187", "ano": "2023", "numero": "62", "tipo__sigla": "PLO", "tipo__descricao": "PROJETO DE LEI ORDIN\u00c1RIA", "autoria": "17 - Vinicius Castello", "texto_original": "http://sapl.olinda.pe.leg.br/media/sapl/public/materialegislativa/2023/5187/pl_62_2023_autor_ver._vinicius_castello.pdf", "ementa": "Institui a \u201cSemana Municipal de Conscientiza\u00e7\u00e3o Ambiental e Sustentabilidade de Olinda."}, {"id": "5188", "ano": "2023", "numero": "63", "tipo__sigla": "PLO", "tipo__descricao": "PROJETO DE LEI ORDIN\u00c1RIA", "autoria": "17 - Vinicius Castello", "texto_original": "http://sapl.olinda.pe.leg.br/media/sapl/public/materialegislativa/2023/5188/pl_63_2023_autor_ver._vinicius_castello.pdf", "ementa": "Institui a \u201cPol\u00edtica Municipal de Educa\u00e7\u00e3o Ambiental\u201d e d\u00e1 outras provid\u00eancias."}, {"id": "5189", "ano": "2023", "numero": "64", "tipo__sigla": "PLO", "tipo__descricao": "PROJETO DE LEI ORDIN\u00c1RIA", "autoria": "17 - Vinicius Castello", "texto_original": "http://sapl.olinda.pe.leg.br/media/sapl/public/materialegislativa/2023/5189/pl_64_2023_autor_ver._vinicius_castello.pdf", "ementa": "Institui o \u201cComit\u00ea de Sustentabilidade e Mudan\u00e7as Clim\u00e1ticas de Olinda -  COMCLIMA."}, {"id": "5190", "ano": "2023", "numero": "65", "tipo__sigla": "PLO", "tipo__descricao": "PROJETO DE LEI ORDIN\u00c1RIA", "autoria": "15 - SAULO HOLANDA", "texto_original": "http://sapl.olinda.pe.leg.br/media/sapl/public/materialegislativa/2023/5190/pl_65_2023_autor_ver._saulo_holanda.pdf", "ementa": "Concede incentivo fiscal \u00e0s empresas que contratarem pessoas reabilitadas das drogas no \u00e2mbito do Munic\u00edpio de Olinda."}, {"id": "5191", "ano": "2023", "numero": "66", "tipo__sigla": "PLO", "tipo__descricao": "PROJETO DE LEI ORDIN\u00c1RIA", "autoria": "LUP\u00c9RCIO CARLOS DO NASCIMENTO", "texto_original": "http://sapl.olinda.pe.leg.br/media/sapl/public/materialegislativa/2023/5191/pl_66_2023_autor_poder_executivo.pdf", "ementa": "Disp\u00f5e sobre a estrutura da Administra\u00e7\u00e3o Direta do Munic\u00edpio de Olinda, altera a Lei Municipal n\u00ba 6.048/2018, cria a Secretaria Municipal de Planejamento e Gest\u00e3o Estrat\u00e9gica e a Secret\u00e1ria Executiva de Habita\u00e7\u00e3o, e d\u00e1 outras provid\u00eancias."}, {"id": "5197", "ano": "2023", "numero": "67", "tipo__sigla": "PLO", "tipo__descricao": "PROJETO DE LEI ORDIN\u00c1RIA", "autoria": "09 - Fl\u00e1vio Nascimento", "texto_original": "http://sapl.olinda.pe.leg.br/media/sapl/public/materialegislativa/2023/5197/pl_67_2023_autor_ver._flavio_nascimento.pdf", "ementa": "Institui a \"Semana Municipal de Incentivo ao Empreendedorismo na Terceira Idade\u201d no Calend\u00e1rio Oficial de Eventos do Munic\u00edpio de Olinda."}, {"id": "5198", "ano": "2023", "numero": "68", "tipo__sigla": "PLO", "tipo__descricao": "PROJETO DE LEI ORDIN\u00c1RIA", "autoria": "09 - Fl\u00e1vio Nascimento", "texto_original": "http://sapl.olinda.pe.leg.br/media/sapl/public/materialegislativa/2023/5198/pl_68_2023_autor_ver._flavio_nascimento.pdf", "ementa": "Institui a \"Semana Municipal de Sensibiliza\u00e7\u00e3o e Conscientiza\u00e7\u00e3o sobre a Sa\u00fade Mental\" no Calend\u00e1rio Oficial de Eventos do Munic\u00edpio de Olinda."}, {"id": "5200", "ano": "2023", "numero": "69", "tipo__sigla": "PLO", "tipo__descricao": "PROJETO DE LEI ORDIN\u00c1RIA", "autoria": "09 - Fl\u00e1vio Nascimento", "texto_original": "http://sapl.olinda.pe.leg.br/media/sapl/public/materialegislativa/2023/5200/pl_69_2023_autor_ver._flavio_nascimento.pdf", "ementa": "Disp\u00f5e sobre o direito ao encaminhamento priorit\u00e1rio para confirma\u00e7\u00e3o diagn\u00f3stica de pessoas com suspeita de doen\u00e7a rara no \u00e2mbito do Munic\u00edpio de Olinda/PE."}, {"id": "5199", "ano": "2023", "numero": "70", "tipo__sigla": "PLO", "tipo__descricao": "PROJETO DE LEI ORDIN\u00c1RIA", "autoria": "09 - Fl\u00e1vio Nascimento", "texto_original": "http://sapl.olinda.pe.leg.br/media/sapl/public/materialegislativa/2023/5199/pl_70_2023_autor_ver._flavio_nascimento.pdf", "ementa": "Disp\u00f5e sobre o atendimento psicol\u00f3gico ao respons\u00e1vel, ao atendente pessoal e ao familiar de pessoa com defici\u00eancia no Munic\u00edpio de Olinda."}, {"id": "5201", "ano": "2023", "numero": "71", "tipo__sigla": "PLO", "tipo__descricao": "PROJETO DE LEI ORDIN\u00c1RIA", "autoria": "11 - Dete Silva", "texto_original": "http://sapl.olinda.pe.leg.br/media/sapl/public/materialegislativa/2023/5201/pl_71_2023_autor_vera_dete_silva.pdf", "ementa": "Cria o Dia Municipal da Luta pela Moradia na Cidade de Olinda."}, {"id": "5202", "ano": "2023", "numero": "72", "tipo__sigla": "PLO", "tipo__descricao": "PROJETO DE LEI ORDIN\u00c1RIA", "autoria": "16 - BIAI", "texto_original": "http://sapl.olinda.pe.leg.br/media/sapl/public/materialegislativa/2023/5202/pl_72_2023_autor_ver._severino_barbosa_-_biai.pdf", "ementa": "Acrescenta os incisos V e VI ao artigo 6\u00ba da Lei n\u00ba 5578, de 30 de novembro de 2007, para elencar, dentre os direitos do administrado, que o advogado tenha direito de ter reconhecida, pela f\u00e9 do seu grau, a declara\u00e7\u00e3o de autenticidade dos documentos que fizer juntar aos autos de processo administrativo."}, {"id": "5203", "ano": "2023", "numero": "73", "tipo__sigla": "PLO", "tipo__descricao": "PROJETO DE LEI ORDIN\u00c1RIA", "autoria": "Mesa Diretora", "texto_original": "http://sapl.olinda.pe.leg.br/media/sapl/public/materialegislativa/2023/5203/pl_73_2023_autor_mesa_diretora_cmo.pdf", "ementa": "Altera os Anexos I e II da Lei n\u00ba 6.276 de 30 de dezembro de 2022."}, {"id": "5204", "ano": "2023", "numero": "74", "tipo__sigla": "PLO", "tipo__descricao": "PROJETO DE LEI ORDIN\u00c1RIA", "autoria": "LUP\u00c9RCIO CARLOS DO NASCIMENTO", "texto_original": "http://sapl.olinda.pe.leg.br/media/sapl/public/materialegislativa/2023/5204/pl_74_2023_autor_poder_executivo.pdf", "ementa": "Estabelece as diretrizes or\u00e7ament\u00e1rias para o exerc\u00edcio de 2024 e d\u00e1 outras provid\u00eancias."}, {"id": "5210", "ano": "2023", "numero": "75", "tipo__sigla": "PLO", "tipo__descricao": "PROJETO DE LEI ORDIN\u00c1RIA", "autoria": "11 - Dete Silva", "texto_original": "http://sapl.olinda.pe.leg.br/media/sapl/public/materialegislativa/2023/5210/pl_75_2023_autor_vera_dete_silva.pdf", "ementa": "Cria o Dia Municipal do Capoeirista na Cidade de Olinda."}, {"id": "5209", "ano": "2023", "numero": "76", "tipo__sigla": "PLO", "tipo__descricao": "PROJETO DE LEI ORDIN\u00c1RIA", "autoria": "LUP\u00c9RCIO CARLOS DO NASCIMENTO", "texto_original": "http://sapl.olinda.pe.leg.br/media/sapl/public/materialegislativa/2023/5209/pl_76_2023_autor_poder_executivo.pdf", "ementa": "Altera o Art. 2\u00ba da Lei Municipal n\u00b0 6.132, de 24 de mar\u00e7o de 2020, e inclui dispositivos sobre a divis\u00e3o por Regi\u00e3o das unidades do Conselho Tutelar de Olinda."}, {"id": "5219", "ano": "2023", "numero": "77", "tipo__sigla": "PLO", "tipo__descricao": "PROJETO DE LEI ORDIN\u00c1RIA", "autoria": "02 - DENISE ALMEIDA", "texto_original": "http://sapl.olinda.pe.leg.br/media/sapl/public/materialegislativa/2023/5219/pl_77_2023_autora_vera._denise_almeida.pdf", "ementa": "Disp\u00f5e sobre a notifica\u00e7\u00e3o dos casos de viol\u00eancia contra a pessoa idosa e d\u00e1 outras provid\u00eancias."}, {"id": "5218", "ano": "2023", "numero": "78", "tipo__sigla": "PLO", "tipo__descricao": "PROJETO DE LEI ORDIN\u00c1RIA", "autoria": "LUP\u00c9RCIO CARLOS DO NASCIMENTO", "texto_original": "http://sapl.olinda.pe.leg.br/media/sapl/public/materialegislativa/2023/5218/pl_78_2023_autor_poder_executivo.pdf", "ementa": "Disp\u00f5e sobre o reajuste na Gratifica\u00e7\u00e3o de Exerc\u00edcio de Fiscaliza\u00e7\u00e3o - GEAF, paga aos servidores ocupantes de cargos p\u00fablicos efetivos de Fiscal de Controle Urbano e Meio Ambiente, do Grupo Ocupacional T\u00e9cnico de N\u00edvel Superior, de Fiscal de Obras, do Grupo Ocupacional T\u00e9cnico Administrativo, e do Agente de Tr\u00e2nsito e Transporte, do Grupo Ocupacional T\u00e9cnico Administrativo, de que se trata a Lei Municipal n\u00ba 5.722 de 13 de junho de 2011 e suas altera\u00e7\u00f5es, e d\u00e1 outras provid\u00eancias."}, {"id": "5223", "ano": "2023", "numero": "79", "tipo__sigla": "PLO", "tipo__descricao": "PROJETO DE LEI ORDIN\u00c1RIA", "autoria": "LUP\u00c9RCIO CARLOS DO NASCIMENTO", "texto_original": "http://sapl.olinda.pe.leg.br/media/sapl/public/materialegislativa/2023/5223/pl_79_2023_autor_poder_executivo.pdf", "ementa": "Disp\u00f5e sobre o reajuste na Gratifica\u00e7\u00e3o de Controle de Atos de Pessoal \u2013 GCAP \u2013 paga aos servidores ocupantes dos cargos p\u00fablicos efetivos e em exerc\u00edcio de que trata o art. 5\u00ba da Lei n\u00ba 5.377, de 17 de dezembro de 2003."}, {"id": "5224", "ano": "2023", "numero": "80", "tipo__sigla": "PLO", "tipo__descricao": "PROJETO DE LEI ORDIN\u00c1RIA", "autoria": "09 - Fl\u00e1vio Nascimento", "texto_original": "http://sapl.olinda.pe.leg.br/media/sapl/public/materialegislativa/2023/5224/pl_80_2023_autor_ver._flavio_nascimento.pdf", "ementa": "Disp\u00f5e sobre a Pol\u00edtica P\u00fablica Municipal de Transpar\u00eancia de divulga\u00e7\u00e3o da lista de espera das pacientes que aguarda consultas m\u00e9dicas de especialidades, procedimentos de diagn\u00f3sticos e cirurgia na Rede P\u00fablica Municipal de Sa\u00fade do Munic\u00edpio de Olinda."}, {"id": "5225", "ano": "2023", "numero": "81", "tipo__sigla": "PLO", "tipo__descricao": "PROJETO DE LEI ORDIN\u00c1RIA", "autoria": "09 - Fl\u00e1vio Nascimento", "texto_original": "http://sapl.olinda.pe.leg.br/media/sapl/public/materialegislativa/2023/5225/pl_81_2023_autor_ver._flavio_nascimento.pdf", "ementa": "Autoriza o Executivo Municipal a Adotar Programa de Preven\u00e7\u00e3o \u00e0s Drogas, denominado \"Esporte Sim, Drogas N\u00e3o\"."}, {"id": "5226", "ano": "2023", "numero": "82", "tipo__sigla": "PLO", "tipo__descricao": "PROJETO DE LEI ORDIN\u00c1RIA", "autoria": "09 - Fl\u00e1vio Nascimento", "texto_original": "http://sapl.olinda.pe.leg.br/media/sapl/public/materialegislativa/2023/5226/pl_82_2023_autor_ver._flavio_nascimento.pdf", "ementa": "Disp\u00f5e sobre a Cria\u00e7\u00e3o no \u00e2mbito do Munic\u00edpio de Olinda, do Programa \"Vida Verde\", com o objetivo de promover a reposi\u00e7\u00e3o de \u00e1rvores cortadas, doentes ou com risco de queda, garantindo a preserva\u00e7\u00e3o e o reflorestamento adequado do ambiente urbano."}, {"id": "5227", "ano": "2023", "numero": "83", "tipo__sigla": "PLO", "tipo__descricao": "PROJETO DE LEI ORDIN\u00c1RIA", "autoria": "09 - Fl\u00e1vio Nascimento", "texto_original": "http://sapl.olinda.pe.leg.br/media/sapl/public/materialegislativa/2023/5227/pl_83_2023_autor_ver._flavio_nascimento.pdf", "ementa": "Institui na cidade de Olinda, a SEMANA MUNICIPAL DA CONSCIENTIZA\u00c7\u00c3O ELEITORAL."}, {"id": "5228", "ano": "2023", "numero": "84", "tipo__sigla": "PLO", "tipo__descricao": "PROJETO DE LEI ORDIN\u00c1RIA", "autoria": "09 - Fl\u00e1vio Nascimento", "texto_original": "http://sapl.olinda.pe.leg.br/media/sapl/public/materialegislativa/2023/5228/pl_84_2023_autor_ver._flavio_nascimento.pdf", "ementa": "Disp\u00f5e sobre as diretrizes para a cria\u00e7\u00e3o da campanha \"Sa\u00fade Prioridade em Olinda/PE\"."}, {"id": "5229", "ano": "2023", "numero": "85", "tipo__sigla": "PLO", "tipo__descricao": "PROJETO DE LEI ORDIN\u00c1RIA", "autoria": "09 - Fl\u00e1vio Nascimento", "texto_original": "http://sapl.olinda.pe.leg.br/media/sapl/public/materialegislativa/2023/5229/pl_85_2023_autor_ver._flavio_nascimento.pdf", "ementa": "Disp\u00f5e sobre a institui\u00e7\u00e3o do \"Circuito Permanente e Popular de Gastronomia Perif\u00e9rica no Munic\u00edpio de Olinda/PE\"."}, {"id": "5230", "ano": "2023", "numero": "86", "tipo__sigla": "PLO", "tipo__descricao": "PROJETO DE LEI ORDIN\u00c1RIA", "autoria": "09 - Fl\u00e1vio Nascimento", "texto_original": "http://sapl.olinda.pe.leg.br/media/sapl/public/materialegislativa/2023/5230/pl_86_2023_autor_ver._flavio_nascimento.pdf", "ementa": "Disp\u00f5e sobre as diretrizes para a Cria\u00e7\u00e3o da Campanha Permanente de doa\u00e7\u00e3o de Brinquedos, Roupas e Cal\u00e7ados infantis em Olinda/PE."}, {"id": "5231", "ano": "2023", "numero": "87", "tipo__sigla": "PLO", "tipo__descricao": "PROJETO DE LEI ORDIN\u00c1RIA", "autoria": "09 - Fl\u00e1vio Nascimento", "texto_original": "http://sapl.olinda.pe.leg.br/media/sapl/public/materialegislativa/2023/5231/pl_87_2023_autor_ver._flavio_nascimento_a.pdf", "ementa": "Disp\u00f5e sobre o Selo Empresa Amiga da Amamenta\u00e7\u00e3o no Munic\u00edpio de Olinda/PE."}, {"id": "5232", "ano": "2023", "numero": "88", "tipo__sigla": "PLO", "tipo__descricao": "PROJETO DE LEI ORDIN\u00c1RIA", "autoria": "09 - Fl\u00e1vio Nascimento", "texto_original": "http://sapl.olinda.pe.leg.br/media/sapl/public/materialegislativa/2023/5232/pl_88_2023_autor_ver._flavio_nascimento.pdf", "ementa": "Estabelece Diretrizes para a cria\u00e7\u00e3o do \"Programa de Hortas Educativas\" no ambiente escolar no Munic\u00edpio de Olinda/PE."}, {"id": "5233", "ano": "2023", "numero": "89", "tipo__sigla": "PLO", "tipo__descricao": "PROJETO DE LEI ORDIN\u00c1RIA", "autoria": "09 - Fl\u00e1vio Nascimento", "texto_original": "http://sapl.olinda.pe.leg.br/media/sapl/public/materialegislativa/2023/5233/pl_89_2023_autor_ver._flavio_nascimento.pdf", "ementa": "Disp\u00f5e sobre o recebimento dos alunos nos estabelecimentos de ensino p\u00fablico, como creches e escolas municipais, durante o per\u00edodo de aula, ap\u00f3s participarem de consultas m\u00e9dicas ou outra atividade de car\u00e1ter urgente, no Munic\u00edpio de Olinda/PE."}, {"id": "5234", "ano": "2023", "numero": "90", "tipo__sigla": "PLO", "tipo__descricao": "PROJETO DE LEI ORDIN\u00c1RIA", "autoria": "09 - Fl\u00e1vio Nascimento", "texto_original": "http://sapl.olinda.pe.leg.br/media/sapl/public/materialegislativa/2023/5234/pl_90_2023_autor_ver._flavio_nascimento.pdf", "ementa": "Institui e inclui no Calend\u00e1rio de dia alusivo \"A luta do Dia Municipal de Luta da popula\u00e7\u00e3o em situa\u00e7\u00e3o de rua no \u00e2mbito do Munic\u00edpio de Olinda/PE."}, {"id": "5235", "ano": "2023", "numero": "91", "tipo__sigla": "PLO", "tipo__descricao": "PROJETO DE LEI ORDIN\u00c1RIA", "autoria": "09 - Fl\u00e1vio Nascimento", "texto_original": "http://sapl.olinda.pe.leg.br/media/sapl/public/materialegislativa/2023/5235/pl_91_2023_autor_ver._flavio_nascimento.pdf", "ementa": "Disp\u00f5e sobre a institui\u00e7\u00e3o da Semana Municipal da Consci\u00eancia Fonol\u00f3gica na alfabetiza\u00e7\u00e3o, no \u00e2mbito do Munic\u00edpio de Olinda/PE."}, {"id": "5236", "ano": "2023", "numero": "92", "tipo__sigla": "PLO", "tipo__descricao": "PROJETO DE LEI ORDIN\u00c1RIA", "autoria": "09 - Fl\u00e1vio Nascimento", "texto_original": "http://sapl.olinda.pe.leg.br/media/sapl/public/materialegislativa/2023/5236/pl_92_2023_autor_ver._flavio_nascimento.pdf", "ementa": "Disp\u00f5e sobre a cria\u00e7\u00e3o da Campanha Permanente e Continuada de Combate a Golpes Financeiros, no \u00e2mbito do Munic\u00edpio de Olinda/PE."}, {"id": "5237", "ano": "2023", "numero": "93", "tipo__sigla": "PLO", "tipo__descricao": "PROJETO DE LEI ORDIN\u00c1RIA", "autoria": "09 - Fl\u00e1vio Nascimento", "texto_original": "http://sapl.olinda.pe.leg.br/media/sapl/public/materialegislativa/2023/5237/pl_93_2023_autor_ver._flavio_nascimento.pdf", "ementa": "Disp\u00f5e sobre a instala\u00e7\u00e3o do sistema de Pagamento Instant\u00e2neo do Banco Central (PIX) como meio de pagamento da tarifa de servi\u00e7os de transporte coletivo, no \u00e2mbito do Munic\u00edpio de Olinda/PE."}, {"id": "5238", "ano": "2023", "numero": "94", "tipo__sigla": "PLO", "tipo__descricao": "PROJETO DE LEI ORDIN\u00c1RIA", "autoria": "09 - Fl\u00e1vio Nascimento", "texto_original": "http://sapl.olinda.pe.leg.br/media/sapl/public/materialegislativa/2023/5238/pl_94_2023_autor_ver._flavio_nascimento.pdf", "ementa": "Institui o Cadastro Municipal de Pessoas Desaparecidas (CMPD) no \u00e2mbito do Munic\u00edpio de Olinda/PE."}, {"id": "5239", "ano": "2023", "numero": "95", "tipo__sigla": "PLO", "tipo__descricao": "PROJETO DE LEI ORDIN\u00c1RIA", "autoria": "09 - Fl\u00e1vio Nascimento", "texto_original": "http://sapl.olinda.pe.leg.br/media/sapl/public/materialegislativa/2023/5239/pl_95_2023_autor_ver._flavio_nascimento.pdf", "ementa": "Institui o Estatuto da Desburocratiza\u00e7\u00e3o no \u00e2mbito do Munic\u00edpio de Olinda/PE."}, {"id": "5240", "ano": "2023", "numero": "96", "tipo__sigla": "PLO", "tipo__descricao": "PROJETO DE LEI ORDIN\u00c1RIA", "autoria": "09 - Fl\u00e1vio Nascimento", "texto_original": "http://sapl.olinda.pe.leg.br/media/sapl/public/materialegislativa/2023/5240/pl_96_2023_autor_ver._flavio_nascimento.pdf", "ementa": "Determina prazo para a execu\u00e7\u00e3o do nivelamento de tamp\u00f5es, caixas de inspe\u00e7\u00e3o e tampas met\u00e1licas de telefonia, de energia el\u00e9trica e de esgoto cloacal, nos locais em que forem executadas obras de pavimenta\u00e7\u00e3o, recapeamento, reconstru\u00e7\u00e3o, tapa-buracos ou qualquer servi\u00e7o de manuten\u00e7\u00e3o em cal\u00e7adas e vias p\u00fablicas no Munic\u00edpio de Olinda/PE."}, {"id": "5241", "ano": "2023", "numero": "97", "tipo__sigla": "PLO", "tipo__descricao": "PROJETO DE LEI ORDIN\u00c1RIA", "autoria": "09 - Fl\u00e1vio Nascimento", "texto_original": "http://sapl.olinda.pe.leg.br/media/sapl/public/materialegislativa/2023/5241/pl_97_2023_autor_ver._flavio_nascimento.pdf", "ementa": "Disp\u00f5e sobre a proibi\u00e7\u00e3o de estocagem, comercializa\u00e7\u00e3o, reciclagem, processamento e o beneficiamento de objetos contendo cobre no \u00e2mbito do Munic\u00edpio de Olinda/PE."}, {"id": "5242", "ano": "2023", "numero": "98", "tipo__sigla": "PLO", "tipo__descricao": "PROJETO DE LEI ORDIN\u00c1RIA", "autoria": "09 - Fl\u00e1vio Nascimento", "texto_original": "http://sapl.olinda.pe.leg.br/media/sapl/public/materialegislativa/2023/5242/pl_98_2023_autor_ver._flavio_nascimento.pdf", "ementa": "Cria o \"Programa de Incentivo a Doa\u00e7\u00e3o de Cabelos\", para pessoas em tratamento de C\u00e2ncer no Munic\u00edpio de Olinda - PE."}, {"id": "5244", "ano": "2023", "numero": "99", "tipo__sigla": "PLO", "tipo__descricao": "PROJETO DE LEI ORDIN\u00c1RIA", "autoria": "LUP\u00c9RCIO CARLOS DO NASCIMENTO", "texto_original": "http://sapl.olinda.pe.leg.br/media/sapl/public/materialegislativa/2023/5244/pl_99_2023_autor_poder_executivo.pdf", "ementa": "Disp\u00f5e sobre a abertura de Cr\u00e9dito Adicional Especial e d\u00e1 outras provid\u00eancias."}, {"id": "5248", "ano": "2023", "numero": "100", "tipo__sigla": "PLO", "tipo__descricao": "PROJETO DE LEI ORDIN\u00c1RIA", "autoria": "05 - Everaldo Silva", "texto_original": "http://sapl.olinda.pe.leg.br/media/sapl/public/materialegislativa/2023/5248/pl_100_2023_autor_ver._everaldo_silva.pdf", "ementa": "Disp\u00f5e sobre a preven\u00e7\u00e3o e o combate ao ass\u00e9dio sexual nos \u00f3rg\u00e3os da Administra\u00e7\u00e3o Direta, Indireta e Aut\u00e1rquica no Munic\u00edpio de Olinda-PE e d\u00e1 outras providencias."}, {"id": "5251", "ano": "2023", "numero": "101", "tipo__sigla": "PLO", "tipo__descricao": "PROJETO DE LEI ORDIN\u00c1RIA", "autoria": "07 - JESU\u00cdNO ARA\u00daJO", "texto_original": "http://sapl.olinda.pe.leg.br/media/sapl/public/materialegislativa/2023/5251/pl_101_2023_autor_ver._jesuino_araujo.pdf", "ementa": "Pro\u00edbe o com\u00e9rcio de cobre queimado sem a demonstra\u00e7\u00e3o legal da origem do recurso no Munic\u00edpio de Olinda,"}, {"id": "5253", "ano": "2023", "numero": "102", "tipo__sigla": "PLO", "tipo__descricao": "PROJETO DE LEI ORDIN\u00c1RIA", "autoria": "16 - Tonny Magalh\u00e3es", "texto_original": "http://sapl.olinda.pe.leg.br/media/sapl/public/materialegislativa/2023/5253/pl_102_2023_autor_ver._tonny_magalhaes.pdf", "ementa": "Disp\u00f5e sobre o Programa Bolsa Atleta Amador no Munic\u00edpio de Olinda, e das outras provid\u00eancias."}, {"id": "5252", "ano": "2023", "numero": "103", "tipo__sigla": "PLO", "tipo__descricao": "PROJETO DE LEI ORDIN\u00c1RIA", "autoria": "LUP\u00c9RCIO CARLOS DO NASCIMENTO", "texto_original": "http://sapl.olinda.pe.leg.br/media/sapl/public/materialegislativa/2023/5252/pl_103_2023_autor_poder_executivo.pdf", "ementa": "Autoriza o Poder Executivo a repassar recebidos da Uni\u00e3o para cumprimento da Assist\u00eancia Financeira Complementar e Emenda Constitucional 127/2022, nos exatos termos da decis\u00e3o proferida da ADI 7.222/DF pelo Eg. STF."}, {"id": "5258", "ano": "2023", "numero": "104", "tipo__sigla": "PLO", "tipo__descricao": "PROJETO DE LEI ORDIN\u00c1RIA", "autoria": "09 - Fl\u00e1vio Nascimento", "texto_original": "http://sapl.olinda.pe.leg.br/media/", "ementa": "Institui a destina\u00e7\u00e3o de livros descartados em boas condi\u00e7\u00f5es pelas atividades de coleta seletiva e reciclagem para bibliotecas p\u00fablicas e comunit\u00e1rias no Munic\u00edpio de Olinda-PE."}, {"id": "5259", "ano": "2023", "numero": "105", "tipo__sigla": "PLO", "tipo__descricao": "PROJETO DE LEI ORDIN\u00c1RIA", "autoria": "09 - Fl\u00e1vio Nascimento", "texto_original": "http://sapl.olinda.pe.leg.br/media/sapl/public/materialegislativa/2023/5259/pl_105_2023_autor_ver._flavio_nascimento.pdf", "ementa": "Institui o Programa Municipal de Incentivo a Leitura no \u00e2mbito do Munic\u00edpio de Olinda-PE."}, {"id": "5260", "ano": "2023", "numero": "106", "tipo__sigla": "PLO", "tipo__descricao": "PROJETO DE LEI ORDIN\u00c1RIA", "autoria": "09 - Fl\u00e1vio Nascimento", "texto_original": "http://sapl.olinda.pe.leg.br/media/sapl/public/materialegislativa/2023/5260/pl_106_2023_autor_ver._flavio_nascimento.pdf", "ementa": "Disp\u00f5e sobre a obrigatoriedade da apresenta\u00e7\u00e3o de Atestado de Boa Sa\u00fade, fornecida por m\u00e9dicos, antes da matr\u00edcula em academias, clubes e escolas de Artes Marciais, para a pr\u00e1tica de quaisquer atividades f\u00edsicas, no \u00e2mbito do Munic\u00edpio de Olinda-PE."}, {"id": "5261", "ano": "2023", "numero": "107", "tipo__sigla": "PLO", "tipo__descricao": "PROJETO DE LEI ORDIN\u00c1RIA", "autoria": "09 - Fl\u00e1vio Nascimento", "texto_original": "http://sapl.olinda.pe.leg.br/media/sapl/public/materialegislativa/2023/5261/pl_107_2023_autor_ver._flavio_nascimento.pdf", "ementa": "Disp\u00f5e sobre a cria\u00e7\u00e3o da Lei \u201cObra Transparente\u201d que institui a \u201cPol\u00edtica de Transpar\u00eancia nas Obras P\u00fablicas Municipais\u201d no \u00e2mbito do Munic\u00edpio de Olinda-PE."}, {"id": "5262", "ano": "2023", "numero": "108", "tipo__sigla": "PLO", "tipo__descricao": "PROJETO DE LEI ORDIN\u00c1RIA", "autoria": "09 - Fl\u00e1vio Nascimento", "texto_original": "http://sapl.olinda.pe.leg.br/media/sapl/public/materialegislativa/2023/5262/pl_108_2023_autor_ver._flavio_nascimento.pdf", "ementa": "Institui a \u201cPol\u00edtica Municipal de Conscientiza\u00e7\u00e3o e Orienta\u00e7\u00e3o sobre o L\u00fapus\u201d e o \u201cDia Municipal de Conscientiza\u00e7\u00e3o sobre o L\u00fapus\u201d no \u00e2mbito do Munic\u00edpio de Olinda-PE."}, {"id": "5263", "ano": "2023", "numero": "109", "tipo__sigla": "PLO", "tipo__descricao": "PROJETO DE LEI ORDIN\u00c1RIA", "autoria": "09 - Fl\u00e1vio Nascimento", "texto_original": "http://sapl.olinda.pe.leg.br/media/sapl/public/materialegislativa/2023/5263/pl_109_2023_autor_ver._flavio_nascimento.pdf", "ementa": "Determina o estabelecimento de \u00c1rea Escolar de Seguran\u00e7a e Cidadania \u2013 AESC no entorno das Escolas P\u00fablicas Municipais como espa\u00e7os priorit\u00e1rios de Servi\u00e7os P\u00fablicos Municipais no \u00e2mbito do Munic\u00edpio de Olinda-PE."}, {"id": "5264", "ano": "2023", "numero": "110", "tipo__sigla": "PLO", "tipo__descricao": "PROJETO DE LEI ORDIN\u00c1RIA", "autoria": "09 - Fl\u00e1vio Nascimento", "texto_original": "http://sapl.olinda.pe.leg.br/media/sapl/public/materialegislativa/2023/5264/pl_110_2023_autor_ver._flavio_nascimento.pdf", "ementa": "Disp\u00f5e sobre medidas de seguran\u00e7a em condom\u00ednios verticais, residenciais e comerciais no \u00e2mbito do Munic\u00edpio de Olinda-PE."}, {"id": "5265", "ano": "2023", "numero": "111", "tipo__sigla": "PLO", "tipo__descricao": "PROJETO DE LEI ORDIN\u00c1RIA", "autoria": "09 - Fl\u00e1vio Nascimento", "texto_original": "http://sapl.olinda.pe.leg.br/media/sapl/public/materialegislativa/2023/5265/pl_111_2023_autor_ver._flavio_nascimento.pdf", "ementa": "Institui a \u201cRede de Prote\u00e7\u00e3o, Respeito e Cuidado as m\u00e3es de natimorto e com \u00f3bito fetal\u201d no \u00e2mbito do Munic\u00edpio de Olinda-PE."}, {"id": "5266", "ano": "2023", "numero": "112", "tipo__sigla": "PLO", "tipo__descricao": "PROJETO DE LEI ORDIN\u00c1RIA", "autoria": "09 - Fl\u00e1vio Nascimento", "texto_original": "http://sapl.olinda.pe.leg.br/media/sapl/public/materialegislativa/2023/5266/pl_112_2023_autor_ver._flavio_nascimento.pdf", "ementa": "Disp\u00f5e sobre a Obrigatoriedade de Publica\u00e7\u00e3o no site oficial da Prefeitura, as informa\u00e7\u00f5es sobre a aplica\u00e7\u00e3o de recursos derivados de multas de tr\u00e2nsito no \u00e2mbito do Munic\u00edpio de Olinda-PE."}, {"id": "5267", "ano": "2023", "numero": "113", "tipo__sigla": "PLO", "tipo__descricao": "PROJETO DE LEI ORDIN\u00c1RIA", "autoria": "09 - Fl\u00e1vio Nascimento", "texto_original": "http://sapl.olinda.pe.leg.br/media/sapl/public/materialegislativa/2023/5267/pl_113_2023_autor_ver._flavio_nascimento.pdf", "ementa": "Institui no card\u00e1pio das Escolas Municipais, cont\u00ednua e gratuitamente, a adi\u00e7\u00e3o de leite sem lactose para os alunos que, comprovadamente, atestarem intoler\u00e2ncia \u00e0 mesma, no Munic\u00edpio de Olinda-PE."}, {"id": "5268", "ano": "2023", "numero": "114", "tipo__sigla": "PLO", "tipo__descricao": "PROJETO DE LEI ORDIN\u00c1RIA", "autoria": "09 - Fl\u00e1vio Nascimento", "texto_original": "http://sapl.olinda.pe.leg.br/media/sapl/public/materialegislativa/2023/5268/pl_114_2023_autor_ver._flavio_nascimento.pdf", "ementa": "Institui o Projeto \u201cEscola que Cuida\u201d na Rede Municipal, no \u00e2mbito do Munic\u00edpio de Olinda-PE."}, {"id": "5269", "ano": "2023", "numero": "115", "tipo__sigla": "PLO", "tipo__descricao": "PROJETO DE LEI ORDIN\u00c1RIA", "autoria": "09 - Fl\u00e1vio Nascimento", "texto_original": "http://sapl.olinda.pe.leg.br/media/sapl/public/materialegislativa/2023/5269/pl_115_2023_autor_ver._flavio_nascimento.pdf", "ementa": "Fica facultativo aos Shopping Centers, hipermercados, gin\u00e1sios poliesportivos e estabelecimentos similares, privados e p\u00fablicos, em funcionamento no \u00e2mbito do Munic\u00edpio de Olinda-PE, criar o espa\u00e7o \u201cSala de Afeto\u201d (Calm Zone), destinados a acolher crian\u00e7as, adolescentes e adultos autistas, bem como seus acompanhantes, em momentos de crise de ansiedade e agita\u00e7\u00e3o."}, {"id": "5270", "ano": "2023", "numero": "116", "tipo__sigla": "PLO", "tipo__descricao": "PROJETO DE LEI ORDIN\u00c1RIA", "autoria": "09 - Fl\u00e1vio Nascimento", "texto_original": "http://sapl.olinda.pe.leg.br/media/sapl/public/materialegislativa/2023/5270/pl_116_2023_autor_ver._flavio_nascimento.pdf", "ementa": "O Projeto de Lei Casa do Beb\u00ea, estabelece a implementa\u00e7\u00e3o de um espa\u00e7o com UTI para atendimento exclusivo de gestantes e rec\u00e9m-nascidos de at\u00e9 18 meses de idade, na cidade de Olinda-PE."}, {"id": "5271", "ano": "2023", "numero": "117", "tipo__sigla": "PLO", "tipo__descricao": "PROJETO DE LEI ORDIN\u00c1RIA", "autoria": "09 - Fl\u00e1vio Nascimento", "texto_original": "http://sapl.olinda.pe.leg.br/media/sapl/public/materialegislativa/2023/5271/pl_117_2023_autor_ver._flavio_nascimento.pdf", "ementa": "Disp\u00f5e sobre a disponibiliza\u00e7\u00e3o de \u201cEspa\u00e7o Pet\u201d nas pra\u00e7as p\u00fablicas do Munic\u00edpio de Olinda-PE."}, {"id": "5272", "ano": "2023", "numero": "118", "tipo__sigla": "PLO", "tipo__descricao": "PROJETO DE LEI ORDIN\u00c1RIA", "autoria": "09 - Fl\u00e1vio Nascimento", "texto_original": "http://sapl.olinda.pe.leg.br/media/sapl/public/materialegislativa/2023/5272/pl_118_2023_autor_ver._flavio_nascimento.pdf", "ementa": "Disp\u00f5e sobre a cria\u00e7\u00e3o de espa\u00e7o reservado em shows, apresenta\u00e7\u00e3o art\u00edsticas e culturais, teatro, eventos esportivos e similares para pessoas com defici\u00eancia no Munic\u00edpio de Olinda-PE."}, {"id": "5273", "ano": "2023", "numero": "119", "tipo__sigla": "PLO", "tipo__descricao": "PROJETO DE LEI ORDIN\u00c1RIA", "autoria": "09 - Fl\u00e1vio Nascimento", "texto_original": "http://sapl.olinda.pe.leg.br/media/sapl/public/materialegislativa/2023/5273/pl_119_2023_autor_ver._flavio_nascimento.pdf", "ementa": "Limita a dist\u00e2ncia de emiss\u00e3o de sons e ru\u00eddos que prejudiquem o bem estar das pessoas com transtornos dos Espectro Autista e S\u00edndrome de Down em espa\u00e7os p\u00fablicos do Munic\u00edpio de Olinda-PE."}, {"id": "5274", "ano": "2023", "numero": "120", "tipo__sigla": "PLO", "tipo__descricao": "PROJETO DE LEI ORDIN\u00c1RIA", "autoria": "09 - Fl\u00e1vio Nascimento", "texto_original": "http://sapl.olinda.pe.leg.br/media/sapl/public/materialegislativa/2023/5274/pl_120_2023_autor_ver._flavio_nascimento.pdf", "ementa": "Institui o \u201cPrograma Creche Noturna\u201d \u2013 atendimento a primeira inf\u00e2ncia \u2013 no \u00e2mbito do Munic\u00edpio de Olinda-PE."}, {"id": "5275", "ano": "2023", "numero": "121", "tipo__sigla": "PLO", "tipo__descricao": "PROJETO DE LEI ORDIN\u00c1RIA", "autoria": "LUP\u00c9RCIO CARLOS DO NASCIMENTO", "texto_original": "http://sapl.olinda.pe.leg.br/media/sapl/public/materialegislativa/2023/5275/pl_121_2023_autor_poder_executivo.pdf", "ementa": "Estima a RECEITA e fixa a Despesa do Munic\u00edpio para o exerc\u00edcio financeiro de 2024."}, {"id": "5276", "ano": "2023", "numero": "122", "tipo__sigla": "PLO", "tipo__descricao": "PROJETO DE LEI ORDIN\u00c1RIA", "autoria": "LUP\u00c9RCIO CARLOS DO NASCIMENTO", "texto_original": "http://sapl.olinda.pe.leg.br/media/sapl/public/materialegislativa/2023/5276/pl_122_2023_autor_poder_executivo.pdf", "ementa": "Atualiza o Plano Plurianual do Munic\u00edpio para a execu\u00e7\u00e3o da parcela anual de 2024 e d\u00e1 outras provid\u00eancias."}, {"id": "5277", "ano": "2023", "numero": "123", "tipo__sigla": "PLO", "tipo__descricao": "PROJETO DE LEI ORDIN\u00c1RIA", "autoria": "03 - FELIPE NASCIMENTO", "texto_original": "http://sapl.olinda.pe.leg.br/media/sapl/public/materialegislativa/2023/5277/pl_123_2023_autor_ver._felipe_nascimento.pdf", "ementa": "Institui a \"Semana Municipal do Empreendedor\" no Munic\u00edpio de Olinda e d\u00e1 outras provid\u00eancias."}, {"id": "5278", "ano": "2023", "numero": "124", "tipo__sigla": "PLO", "tipo__descricao": "PROJETO DE LEI ORDIN\u00c1RIA", "autoria": "15 - SAULO HOLANDA", "texto_original": "http://sapl.olinda.pe.leg.br/media/sapl/public/materialegislativa/2023/5278/pl_124_2023_autor_ver._saulo_holanda.pdf", "ementa": "Obriga os estabelecimentos comerciais e prestadoras de servi\u00e7os a a divulgarem mensagem de preven\u00e7\u00e3o sobre a viol\u00eancia contra a mulher."}, {"id": "5279", "ano": "2023", "numero": "125", "tipo__sigla": "PLO", "tipo__descricao": "PROJETO DE LEI ORDIN\u00c1RIA", "autoria": "15 - SAULO HOLANDA", "texto_original": "http://sapl.olinda.pe.leg.br/media/sapl/public/materialegislativa/2023/5279/pl_125_2023_autor_ver._saulo_holanda.pdf", "ementa": "Obriga os estabelecimentos comerciais e prestadoras de servi\u00e7os a a divulgarem mensagem de preven\u00e7\u00e3o sobre a viol\u00eancia contra a popula\u00e7\u00e3o LGBTQIA+ e contra o racismo."}, {"id": "5280", "ano": "2023", "numero": "126", "tipo__sigla": "PLO", "tipo__descricao": "PROJETO DE LEI ORDIN\u00c1RIA", "autoria": "Mesa Diretora", "texto_original": "http://sapl.olinda.pe.leg.br/media/sapl/public/materialegislativa/2023/5280/pl_126_2023_autor_mesa_diretora_cmo.pdf", "ementa": "Altera o anexo \u00fanico da Lei n\u00ba 6070 de 08 de mar\u00e7o de 2019."}, {"id": "5281", "ano": "2023", "numero": "127", "tipo__sigla": "PLO", "tipo__descricao": "PROJETO DE LEI ORDIN\u00c1RIA", "autoria": "LUP\u00c9RCIO CARLOS DO NASCIMENTO", "texto_original": "http://sapl.olinda.pe.leg.br/media/sapl/public/materialegislativa/2023/5281/pl_127_2023_autor_poder_executivo.pdf", "ementa": "Institui o Programa de Incentivo \u00e0 Regulariza\u00e7\u00e3o Fiscal com a Fazenda P\u00fablica do Munic\u00edpio de Olinda, denominado \"REFIS OLINDA 2023\", e d\u00e1 outras provid\u00eancias."}, {"id": "5282", "ano": "2023", "numero": "128", "tipo__sigla": "PLO", "tipo__descricao": "PROJETO DE LEI ORDIN\u00c1RIA", "autoria": "09 - Fl\u00e1vio Nascimento", "texto_original": "http://sapl.olinda.pe.leg.br/media/sapl/public/materialegislativa/2023/5282/pl_128_2023_autor_ver._flavio_nascimento.pdf", "ementa": "Institui a \u201cSemana de Conscientiza\u00e7\u00e3o da Luta das Pessoas com Defici\u00eancia\u201d no Munic\u00edpio de Olinda-PE."}, {"id": "5283", "ano": "2023", "numero": "129", "tipo__sigla": "PLO", "tipo__descricao": "PROJETO DE LEI ORDIN\u00c1RIA", "autoria": "09 - Fl\u00e1vio Nascimento", "texto_original": "http://sapl.olinda.pe.leg.br/media/sapl/public/materialegislativa/2023/5283/pl_129_2023_autor_ver._flavio_nascimento.pdf", "ementa": "Institui o \u201cDia Municipal da Sa\u00fade\u201d no \u00e2mbito do Munic\u00edpio de Olinda-PE."}, {"id": "5284", "ano": "2023", "numero": "130", "tipo__sigla": "PLO", "tipo__descricao": "PROJETO DE LEI ORDIN\u00c1RIA", "autoria": "09 - Fl\u00e1vio Nascimento", "texto_original": "http://sapl.olinda.pe.leg.br/media/sapl/public/materialegislativa/2023/5284/pl_130_2023_autor_ver._flavio_nascimento.pdf", "ementa": "Institui a \u201cCampanha do Agasalho, Vamos Aquecer um Cora\u00e7\u00e3o Olindense\u201d, no \u00e2mbito do Munic\u00edpio de Olinda-PE."}, {"id": "5285", "ano": "2023", "numero": "131", "tipo__sigla": "PLO", "tipo__descricao": "PROJETO DE LEI ORDIN\u00c1RIA", "autoria": "09 - Fl\u00e1vio Nascimento", "texto_original": "http://sapl.olinda.pe.leg.br/media/sapl/public/materialegislativa/2023/5285/pl_131_2023_autor_ver._flavio_nascimento.pdf", "ementa": "Institui o \u201cProjeto Uma Crian\u00e7a, uma \u00c1rvore\u201d, no \u00e2mbito do Munic\u00edpio de Olinda-PE."}, {"id": "5286", "ano": "2023", "numero": "132", "tipo__sigla": "PLO", "tipo__descricao": "PROJETO DE LEI ORDIN\u00c1RIA", "autoria": "09 - Fl\u00e1vio Nascimento", "texto_original": "http://sapl.olinda.pe.leg.br/media/sapl/public/materialegislativa/2023/5286/pl_132_2023_autor_ver._flavio_nascimento.pdf", "ementa": "Institui o \u201cDia Municipal da Seguran\u00e7a Escolar\u201d no \u00e2mbito do Munic\u00edpio de Olinda-PE."}, {"id": "5287", "ano": "2023", "numero": "133", "tipo__sigla": "PLO", "tipo__descricao": "PROJETO DE LEI ORDIN\u00c1RIA", "autoria": "09 - Fl\u00e1vio Nascimento", "texto_original": "http://sapl.olinda.pe.leg.br/media/sapl/public/materialegislativa/2023/5287/pl_133_2023_autor_ver._flavio_nascimento.pdf", "ementa": "Disp\u00f5e sobre a Proibi\u00e7\u00e3o do uso de aparelho celular e similar em sala de aula no \u00e2mbito da Rede de Ensino de Olinda"}, {"id": "5288", "ano": "2023", "numero": "134", "tipo__sigla": "PLO", "tipo__descricao": "PROJETO DE LEI ORDIN\u00c1RIA", "autoria": "09 - Fl\u00e1vio Nascimento", "texto_original": "http://sapl.olinda.pe.leg.br/media/sapl/public/materialegislativa/2023/5288/pl_134_2023_autor_ver._flavio_nascimento.pdf", "ementa": "Institui a Campanha Municipal de Conscientiza\u00e7\u00e3o \u201cCrian\u00e7a n\u00e3o namora nem de brincadeira!\u201d, no \u00e2mbito do Munic\u00edpio de Olinda-PE"}, {"id": "5289", "ano": "2023", "numero": "135", "tipo__sigla": "PLO", "tipo__descricao": "PROJETO DE LEI ORDIN\u00c1RIA", "autoria": "LUP\u00c9RCIO CARLOS DO NASCIMENTO", "texto_original": "http://sapl.olinda.pe.leg.br/media/sapl/public/materialegislativa/2023/5289/pl_135_2023_autor_poder_executivo.pdf", "ementa": "Disp\u00f5e sobre nova reda\u00e7\u00e3o da Lei Municipal n\u00ba 6.097, de 26 de agosto de 2019, que versa sobre o Conselho Municipal de Direitos da Pessoa Idosa de Olinda \u2013 COMDIO, quanto a realiza\u00e7\u00e3o de elei\u00e7\u00e3o dos representantes das Organiza\u00e7\u00f5es da Sociedade Civil atuantes na promo\u00e7\u00e3o e defesa de direitos da pessoa idosa e a posse dos conselheiros, nos termos da Lei Estadual n\u00ba 15.446, de 29 de dezembro de 2014."}, {"id": "5294", "ano": "2023", "numero": "136", "tipo__sigla": "PLO", "tipo__descricao": "PROJETO DE LEI ORDIN\u00c1RIA", "autoria": "16 - BIAI", "texto_original": "http://sapl.olinda.pe.leg.br/media/sapl/public/materialegislativa/2023/5294/pl_136_2023_autor_ver._severino_barbosa_-_biai.pdf", "ementa": "Denomina de Rua Severina In\u00eas dos Santos Oliveira, a atual Rua Flores, Localizada na II Etapa do Bairro do Rio Doce, em Olinda."}, {"id": "5295", "ano": "2023", "numero": "137", "tipo__sigla": "PLO", "tipo__descricao": "PROJETO DE LEI ORDIN\u00c1RIA", "autoria": "LUP\u00c9RCIO CARLOS DO NASCIMENTO", "texto_original": "http://sapl.olinda.pe.leg.br/media/sapl/public/materialegislativa/2023/5295/pl_137_2023_autor_poder_executivo.pdf", "ementa": "Estabelece no \u00e2mbito do Poder Executivo Municipal, regras gerais a respeito da arrecada\u00e7\u00e3o de im\u00f3veis abandonados de acordo com o Plano Diretor do Munic\u00edpio de Olinda (LC n\u00ba 54/2020), Lei n\u00ba 13.465/2017 e C\u00f3digo Civil (Lei n\u00ba 10.406/2002)."}, {"id": "5330", "ano": "2023", "numero": "138", "tipo__sigla": "PLO", "tipo__descricao": "PROJETO DE LEI ORDIN\u00c1RIA", "autoria": "14 - RICARDO SOUSA", "texto_original": "http://sapl.olinda.pe.leg.br/media/sapl/public/materialegislativa/2023/5330/pl_138_2023_autor_ver._ricardo_sousa.pdf", "ementa": "Disp\u00f5e sobre a cria\u00e7\u00e3o de cemit\u00e9rio para animais dom\u00e9sticos de pequeno porte no Munic\u00edpio de Olinda, no Munic\u00edpio de Olinda-PE."}, {"id": "5332", "ano": "2023", "numero": "139", "tipo__sigla": "PLO", "tipo__descricao": "PROJETO DE LEI ORDIN\u00c1RIA", "autoria": "14 - RICARDO SOUSA", "texto_original": "http://sapl.olinda.pe.leg.br/media/sapl/public/materialegislativa/2023/5332/pl_139_2023_autor_ver._ricardo_sousa.pdf", "ementa": "Denomina \u201cCampo do N\u00f3\u201d, Logradouro P\u00fablico no bairro de Rio Doce, Olinda-PE."}, {"id": "5333", "ano": "2023", "numero": "140", "tipo__sigla": "PLO", "tipo__descricao": "PROJETO DE LEI ORDIN\u00c1RIA", "autoria": "14 - RICARDO SOUSA", "texto_original": "http://sapl.olinda.pe.leg.br/media/sapl/public/materialegislativa/2023/5333/pl_140_2023_autor_ver._ricardo_sousa.pdf", "ementa": "Disp\u00f5e sobre nomear como Deputado Ricardo Costa o complexo esportivo constru\u00eddo no bairro do Varadouro, no Munic\u00edpio de Olinda-PE."}, {"id": "5336", "ano": "2023", "numero": "141", "tipo__sigla": "PLO", "tipo__descricao": "PROJETO DE LEI ORDIN\u00c1RIA", "autoria": "LUP\u00c9RCIO CARLOS DO NASCIMENTO", "texto_original": "http://sapl.olinda.pe.leg.br/media/sapl/public/materialegislativa/2023/5336/pl_141_2023_autor_poder_executivo.pdf", "ementa": "Autoriza o Munic\u00edpio a prorrogar, at\u00e9 31 de mar\u00e7o de 2024, o prazo de cess\u00e3o do Mercado Eufr\u00e1sio Barbosa ao Estado de Pernambuco, originalmente autorizado pela Lei Municipal 6.046, de 28 de maio de 2018."}, {"id": "5430", "ano": "2023", "numero": "142", "tipo__sigla": "PLO", "tipo__descricao": "PROJETO DE LEI ORDIN\u00c1RIA", "autoria": "09 - Fl\u00e1vio Nascimento", "texto_original": "http://sapl.olinda.pe.leg.br/media/sapl/public/materialegislativa/2023/5430/pl_142_2023_autor_ver._flavio_nascimento.pdf", "ementa": "Institui o Dia Municipal do Transtorno Bipolar no \u00e2mbito do Munic\u00edpio de Olinda/PE."}, {"id": "5431", "ano": "2023", "numero": "143", "tipo__sigla": "PLO", "tipo__descricao": "PROJETO DE LEI ORDIN\u00c1RIA", "autoria": "09 - Fl\u00e1vio Nascimento", "texto_original": "http://sapl.olinda.pe.leg.br/media/sapl/public/materialegislativa/2023/5431/pl_143_2023_autor_ver._flavio_nascimento.pdf", "ementa": "Institui no Munic\u00edpio de Olinda/PE. O Programa Cuidando de Quem Cuida, destinado a oferecer apoio psicol\u00f3gico aos profissionais de sa\u00fade e educa\u00e7\u00e3o."}, {"id": "5432", "ano": "2023", "numero": "144", "tipo__sigla": "PLO", "tipo__descricao": "PROJETO DE LEI ORDIN\u00c1RIA", "autoria": "09 - Fl\u00e1vio Nascimento", "texto_original": "http://sapl.olinda.pe.leg.br/media/sapl/public/materialegislativa/2023/5432/pl_144_2023_autor_ver._flavio_nascimento.pdf", "ementa": "Disp\u00f5e sobre a obrigatoriedade dos Centros de Forma\u00e7\u00e3o de Condutores de Ve\u00edculos Automotores - CFCs possu\u00edrem carros adaptados para forma\u00e7\u00e3o de condutores com defici\u00eancia no \u00e2mbito"}, {"id": "5433", "ano": "2023", "numero": "145", "tipo__sigla": "PLO", "tipo__descricao": "PROJETO DE LEI ORDIN\u00c1RIA", "autoria": "09 - Fl\u00e1vio Nascimento", "texto_original": "http://sapl.olinda.pe.leg.br/media/sapl/public/materialegislativa/2023/5433/pl_145_2023_autor_ver._flavio_nascimento.pdf", "ementa": "Disp\u00f5e sobre a obrigatoriedade dos Centros de Forma\u00e7\u00e3o de Condutores de Ve\u00edculos Automotores - CFCs possu\u00edrem carros adaptados para forma\u00e7\u00e3o de condutores com defici\u00eancia no \u00e2mbito"}, {"id": "5434", "ano": "2023", "numero": "146", "tipo__sigla": "PLO", "tipo__descricao": "PROJETO DE LEI ORDIN\u00c1RIA", "autoria": "09 - Fl\u00e1vio Nascimento", "texto_original": "http://sapl.olinda.pe.leg.br/media/sapl/public/materialegislativa/2023/5434/pl_146_2023_autor_ver._flavio_nascimento.pdf", "ementa": "Institui a exig\u00eancia de treinamento em Primeiros Socorros para os motoristas e monitores do transporte escolar que conduzem alunos e crian\u00e7as das escolas da rede p\u00fablica e particular do Munic\u00edpio de Olinda/PE."}, {"id": "5435", "ano": "2023", "numero": "147", "tipo__sigla": "PLO", "tipo__descricao": "PROJETO DE LEI ORDIN\u00c1RIA", "autoria": "09 - Fl\u00e1vio Nascimento", "texto_original": "http://sapl.olinda.pe.leg.br/media/sapl/public/materialegislativa/2023/5435/pl_147_2023_autor_ver._flavio_nascimento.pdf", "ementa": "Institui a exig\u00eancia de treinamento em Primeiros Socorros para os motoristas e monitores do transporte escolar que conduzem alunos e crian\u00e7as das escolas da rede p\u00fablica e particular do Munic\u00edpio de Olinda/PE."}, {"id": "5436", "ano": "2023", "numero": "148", "tipo__sigla": "PLO", "tipo__descricao": "PROJETO DE LEI ORDIN\u00c1RIA", "autoria": "09 - Fl\u00e1vio Nascimento", "texto_original": "http://sapl.olinda.pe.leg.br/media/sapl/public/materialegislativa/2023/5436/pl_148_2023_autor_ver._flavio_nascimento.pdf", "ementa": "Prev\u00ea a suspens\u00e3o do credenciamento de institui\u00e7\u00f5es privadas que negarem matr\u00edcula aos alunos com defici\u00eancia ou transtornos de neurodesenvolvimento no \u00e2mbito do Munic\u00edpio de Olinda/PE."}, {"id": "5437", "ano": "2023", "numero": "149", "tipo__sigla": "PLO", "tipo__descricao": "PROJETO DE LEI ORDIN\u00c1RIA", "autoria": "09 - Fl\u00e1vio Nascimento", "texto_original": "http://sapl.olinda.pe.leg.br/media/sapl/public/materialegislativa/2023/5437/pl_149_2023_autor_ver._flavio_nascimento.pdf", "ementa": "Cria o Centro de Conviv\u00eancia Municipal do Idoso no \u00e2mbito do Munic\u00edpio de Olinda/PE."}, {"id": "5438", "ano": "2023", "numero": "150", "tipo__sigla": "PLO", "tipo__descricao": "PROJETO DE LEI ORDIN\u00c1RIA", "autoria": "09 - Fl\u00e1vio Nascimento", "texto_original": "http://sapl.olinda.pe.leg.br/media/sapl/public/materialegislativa/2023/5438/pl_150_2023_autor_ver._flavio_nascimento.pdf", "ementa": "Cria a Patrulha do Idoso no \u00e2mbito do Munic\u00edpio de Olinda/PE."}, {"id": "5439", "ano": "2023", "numero": "151", "tipo__sigla": "PLO", "tipo__descricao": "PROJETO DE LEI ORDIN\u00c1RIA", "autoria": "09 - Fl\u00e1vio Nascimento", "texto_original": "http://sapl.olinda.pe.leg.br/media/sapl/public/materialegislativa/2023/5439/pl_151_2023_autor_ver._flavio_nascimento.pdf", "ementa": "Institui o Programa de Capacita\u00e7\u00e3o sobre o Transtorno do Espectro Autista (TEA) para professores das escolas da rede P\u00fablica e Privada do Munic\u00edpio de Olinda/PE."}, {"id": "5440", "ano": "2023", "numero": "152", "tipo__sigla": "PLO", "tipo__descricao": "PROJETO DE LEI ORDIN\u00c1RIA", "autoria": "09 - Fl\u00e1vio Nascimento", "texto_original": "http://sapl.olinda.pe.leg.br/media/sapl/public/materialegislativa/2023/5440/pl_152_2023_autor_ver._flavio_nascimento.pdf", "ementa": "Disp\u00f5e sobre a redu\u00e7\u00e3o da jornada de trabalho dos servidores p\u00fablicos municipais que sejam pais ou respons\u00e1veis por crian\u00e7as com Transtorno do Espectro Autista (TEA) no \u00e2mbito do Munic\u00edpio de Olinda/PE."}, {"id": "5441", "ano": "2023", "numero": "153", "tipo__sigla": "PLO", "tipo__descricao": "PROJETO DE LEI ORDIN\u00c1RIA", "autoria": "09 - Fl\u00e1vio Nascimento", "texto_original": "http://sapl.olinda.pe.leg.br/media/sapl/public/materialegislativa/2023/5441/pl_153_2023_autor_ver._flavio_nascimento.pdf", "ementa": "Disp\u00f5e sobre a Campanha de Conscientiza\u00e7\u00e3o \"Vida no Tr\u00e2nsito: PEDESTRE IDOSO SEGURO\", no \u00e2mbito do Munic\u00edpio de Olinda/PE."}, {"id": "5442", "ano": "2023", "numero": "154", "tipo__sigla": "PLO", "tipo__descricao": "PROJETO DE LEI ORDIN\u00c1RIA", "autoria": "15 - SAULO HOLANDA", "texto_original": "http://sapl.olinda.pe.leg.br/media/", "ementa": "Institui o \"Dia Municipal do Samba\", no \u00e2mbito do Munic\u00edpio de Olinda."}, {"id": "5443", "ano": "2023", "numero": "155", "tipo__sigla": "PLO", "tipo__descricao": "PROJETO DE LEI ORDIN\u00c1RIA", "autoria": "07 - JESU\u00cdNO ARA\u00daJO", "texto_original": "http://sapl.olinda.pe.leg.br/media/sapl/public/materialegislativa/2023/5443/pl_155_2023_autor_ver._jesuino_araujo.pdf", "ementa": "Disp\u00f5e sobre o Tratamento Gratuito aos animais diagnosticados com Esporocotricose, comaquisi\u00e7\u00e3o e distribui\u00e7\u00e3o das drogas necess\u00e1rias ao combatre da doen\u00e7a, no \u00e2mbito do Munic\u00edpio de Olinda."}, {"id": "5444", "ano": "2023", "numero": "156", "tipo__sigla": "PLO", "tipo__descricao": "PROJETO DE LEI ORDIN\u00c1RIA", "autoria": "07 - JESU\u00cdNO ARA\u00daJO", "texto_original": "http://sapl.olinda.pe.leg.br/media/sapl/public/materialegislativa/2023/5444/pl_156_2023_autor_ver._jesuino_araujo.pdf", "ementa": "Fica institu\u00edda no Munic\u00edpio de Olinda a Campanha de Conscientiza\u00e7\u00e3o sobre a Esporotricose Felina, com o objetivo de promover a\u00e7\u00f5es educativas para informar a popula\u00e7\u00e3o sobre a preven\u00e7\u00e3o, identifica\u00e7\u00e3o de sintomas e tratamento da doen\u00e7a."}, {"id": "5445", "ano": "2023", "numero": "157", "tipo__sigla": "PLO", "tipo__descricao": "PROJETO DE LEI ORDIN\u00c1RIA", "autoria": "07 - JESU\u00cdNO ARA\u00daJO", "texto_original": "http://sapl.olinda.pe.leg.br/media/sapl/public/materialegislativa/2023/5445/pl_157_2023_autor_ver._jesuino_araujo.pdf", "ementa": "Fica institu\u00edda, no munic\u00edpio de Olinda, a campanha de conscientiza\u00e7\u00e3o sobre a Esporotricose Felina, com o objetivo de promover a\u00e7\u00f5es educativas para informar a popula\u00e7\u00e3o sobre preven\u00e7\u00e3o, identifica\u00e7\u00e3o de sintomas e tratamento da doen\u00e7a."}, {"id": "5452", "ano": "2023", "numero": "158", "tipo__sigla": "PLO", "tipo__descricao": "PROJETO DE LEI ORDIN\u00c1RIA", "autoria": "05 - Everaldo Silva", "texto_original": "http://sapl.olinda.pe.leg.br/media/sapl/public/materialegislativa/2023/5452/pl_158_2023_autor_ver._everaldo_silva.pdf", "ementa": "Autoriza o Poder Executivo a instalar dispositivos com sinais sonoros adequados para alunos com Transtorno do Espectro Autista - TEA, nas unidades da Rede Municipal de Educa\u00e7\u00e3o de Olinda e d\u00e1 outras provid\u00eancias."}, {"id": "5528", "ano": "2023", "numero": "159", "tipo__sigla": "PLO", "tipo__descricao": "PROJETO DE LEI ORDIN\u00c1RIA", "autoria": "01 - Tost\u00e3o de Olinda", "texto_original": "http://sapl.olinda.pe.leg.br/media/sapl/public/materialegislativa/2023/5528/pl_159_2023_autor_ver._tostao_de_olinda.pdf", "ementa": "Altera a Lei n\u00ba 01, de 06 de setembro de 1990, para inserir, como il\u00edcito funcional, qualquer viola\u00e7\u00e3o cometida pelos servidores municipais \u00e0s prerrogativas dos advogados, previstas na Lei n\u00ba 8.906, de 4 de junho de 1994, a qual disp\u00f5e sobre o Estatuto da Advocacia e da Ordem dos Advogados do Brasil."}, {"id": "5525", "ano": "2023", "numero": "161", "tipo__sigla": "PLO", "tipo__descricao": "PROJETO DE LEI ORDIN\u00c1RIA", "autoria": "11 - Dete Silva", "texto_original": "http://sapl.olinda.pe.leg.br/media/sapl/public/materialegislativa/2023/5525/pl_161_2023_autora_vera_dete_silva.pdf", "ementa": "Institui o Dia Municipal do Juremeiro e Juremeira na Cidade de Olinda."}, {"id": "5492", "ano": "2023", "numero": "162", "tipo__sigla": "PLO", "tipo__descricao": "PROJETO DE LEI ORDIN\u00c1RIA", "autoria": "Mesa Diretora", "texto_original": "http://sapl.olinda.pe.leg.br/media/sapl/public/materialegislativa/2023/5492/pl_162_2023_autor_mesa_diretora.pdf", "ementa": "Altera a Lei Municipal n\u00ba 6.052, de 30 de agosto de 2018."}, {"id": "5526", "ano": "2023", "numero": "163", "tipo__sigla": "PLO", "tipo__descricao": "PROJETO DE LEI ORDIN\u00c1RIA", "autoria": "16 - BIAI", "texto_original": "http://sapl.olinda.pe.leg.br/media/", "ementa": "Institui a \"Semana da Comunidade Cat\u00f3lica\" na cidade de Olinda."}, {"id": "5527", "ano": "2023", "numero": "164", "tipo__sigla": "PLO", "tipo__descricao": "PROJETO DE LEI ORDIN\u00c1RIA", "autoria": "09 - Fl\u00e1vio Nascimento", "texto_original": "http://sapl.olinda.pe.leg.br/media/", "ementa": "Inclui a mat\u00e9ria Intelig\u00eancia Emocional na grade curricular da Educa\u00e7\u00e3o B\u00e1sica das Redes de Ensino P\u00fablico e Privado no \u00e2mbito do munic\u00edpio de Olinda/PE."}, {"id": "5529", "ano": "2023", "numero": "165", "tipo__sigla": "PLO", "tipo__descricao": "PROJETO DE LEI ORDIN\u00c1RIA", "autoria": "09 - Fl\u00e1vio Nascimento", "texto_original": "http://sapl.olinda.pe.leg.br/media/", "ementa": "Garante \u00e0s pessoas ostomizadas o direito de acessibilidade aos sanit\u00e1rios p\u00fablicos e privados no \u00e2mbito do munic\u00edpio de Olinda/PE."}, {"id": "5530", "ano": "2023", "numero": "166", "tipo__sigla": "PLO", "tipo__descricao": "PROJETO DE LEI ORDIN\u00c1RIA", "autoria": "09 - Fl\u00e1vio Nascimento", "texto_original": "http://sapl.olinda.pe.leg.br/media/", "ementa": "Institui a \"Semana de Conscientiza\u00e7\u00e3o e Preven\u00e7\u00e3o dos Males Causados pelo Uso Precoce e de Longa Dura\u00e7\u00e3o de Dispositivos Eletr\u00f4nicos por Beb\u00eas e Crian\u00e7as\" no  \u00e2mbito do munic\u00edpio de Olinda/PE."}, {"id": "5531", "ano": "2023", "numero": "167", "tipo__sigla": "PLO", "tipo__descricao": "PROJETO DE LEI ORDIN\u00c1RIA", "autoria": "09 - Fl\u00e1vio Nascimento", "texto_original": "http://sapl.olinda.pe.leg.br/media/", "ementa": "Disp\u00f5e sobre a perman\u00eancia de ambul\u00e2ncias em locais de realiza\u00e7\u00e3o sele\u00e7\u00f5es, concursos e eventos similares no \u00e2mbito do munic\u00edpio de Olinda/PE."}, {"id": "5532", "ano": "2023", "numero": "168", "tipo__sigla": "PLO", "tipo__descricao": "PROJETO DE LEI ORDIN\u00c1RIA", "autoria": "09 - Fl\u00e1vio Nascimento", "texto_original": "http://sapl.olinda.pe.leg.br/media/", "ementa": "Institui o Dia Municipal de Combate \u00e0 Tuberculose no \u00e2mbito do Munic\u00edpio  de Olinda/PE."}, {"id": "5533", "ano": "2023", "numero": "169", "tipo__sigla": "PLO", "tipo__descricao": "PROJETO DE LEI ORDIN\u00c1RIA", "autoria": "09 - Fl\u00e1vio Nascimento", "texto_original": "http://sapl.olinda.pe.leg.br/media/", "ementa": "Institui a pol\u00edtica Municipal de valoriza\u00e7\u00e3o das personalidades art\u00edsticas e culturais do munic\u00edpio de Olinda/PE."}, {"id": "5534", "ano": "2023", "numero": "170", "tipo__sigla": "PLO", "tipo__descricao": "PROJETO DE LEI ORDIN\u00c1RIA", "autoria": "09 - Fl\u00e1vio Nascimento", "texto_original": "http://sapl.olinda.pe.leg.br/media/", "ementa": "Cria o Selo \"Empresa Amiga da Juventude\" para atestar as empresas que contribuem com a inser\u00e7\u00e3o de jovens no mercado de trabalho do Munic\u00edpio de Olinda/PE."}, {"id": "5536", "ano": "2023", "numero": "171", "tipo__sigla": "PLO", "tipo__descricao": "PROJETO DE LEI ORDIN\u00c1RIA", "autoria": "09 - Fl\u00e1vio Nascimento", "texto_original": "http://sapl.olinda.pe.leg.br/media/", "ementa": "Disp\u00f5e sobre a destina\u00e7\u00e3o de parte das receitas oriundas da cobran\u00e7a de multas de tr\u00e2nsito ao financiamento de tratamento para pessoas com c\u00e2ncer no \u00e2mbito do Munic\u00edpio de Olinda/PE."}, {"id": "5537", "ano": "2023", "numero": "172", "tipo__sigla": "PLO", "tipo__descricao": "PROJETO DE LEI ORDIN\u00c1RIA", "autoria": "09 - Fl\u00e1vio Nascimento", "texto_original": "http://sapl.olinda.pe.leg.br/media/sapl/public/materialegislativa/2023/5537/pl_172_2023_autor_ver._flavio_nascimento.pdf", "ementa": "Institui o Dia Municipal do Uso Racional de Medicamentos em Olinda-PE."}, {"id": "5485", "ano": "2023", "numero": "173", "tipo__sigla": "PLO", "tipo__descricao": "PROJETO DE LEI ORDIN\u00c1RIA", "autoria": "LUP\u00c9RCIO CARLOS DO NASCIMENTO", "texto_original": "http://sapl.olinda.pe.leg.br/media/sapl/public/materialegislativa/2023/5485/pl_173_2023_autor_poder_executivo.pdf", "ementa": "Disp\u00f5e sobre a estrutura administrativa necess\u00e1ria \u00e0 implementa\u00e7\u00e3o e \u00e0 execu\u00e7\u00e3o das regras e determina\u00e7\u00f5es constantes na Lei Federal n\u00ba 14.133/2021 (nova Lei das Licita\u00e7\u00f5es e Contrata\u00e7\u00f5es da Administra\u00e7\u00e3o P\u00fablica), no \u00e2mbito da Administra\u00e7\u00e3o Direta e Indireta do Munic\u00edpio de Olinda, bem como sobre a estrutura administrativa da Secretaria de Sa\u00fade, e d\u00e1 outras provid\u00eancias."}, {"id": "5486", "ano": "2023", "numero": "174", "tipo__sigla": "PLO", "tipo__descricao": "PROJETO DE LEI ORDIN\u00c1RIA", "autoria": "LUP\u00c9RCIO CARLOS DO NASCIMENTO", "texto_original": "http://sapl.olinda.pe.leg.br/media/sapl/public/materialegislativa/2023/5486/pl_174_2023_autor_poder_executivo.pdf", "ementa": "Fixa o vencimento b\u00e1sico dos Agentes Comunit\u00e1rios de Sa\u00fade (ACS) e dos Agentes de Combate as Endemias (ACE), no \u00e2mbito do Munic\u00edpio de Olinda, de acordo com o disposto no \u00a7 9\u00ba, do art. 198, da Constitui\u00e7\u00e3o Federal, inclu\u00eddo pela Emenda Constitucional n\u00ba 120, de 2022, e d\u00e1 outras provid\u00eancias."}, {"id": "5487", "ano": "2023", "numero": "175", "tipo__sigla": "PLO", "tipo__descricao": "PROJETO DE LEI ORDIN\u00c1RIA", "autoria": "LUP\u00c9RCIO CARLOS DO NASCIMENTO", "texto_original": "http://sapl.olinda.pe.leg.br/media/sapl/public/materialegislativa/2023/5487/pl_175_2023_autor_poder_executivo.pdf", "ementa": "Disp\u00f5e sobre a Gratifica\u00e7\u00e3o de Atividade Previdenci\u00e1ria -GAPREV, do Instituto de Previd\u00eancia Social dos Servidores P\u00fablicos do Munic\u00edpio de Olinda - OLINPREV, altera a Lei Municipal n\u00ba 6.253, de 23 de julho de 2022, e d\u00e1 outras provid\u00eancias."}, {"id": "5488", "ano": "2023", "numero": "176", "tipo__sigla": "PLO", "tipo__descricao": "PROJETO DE LEI ORDIN\u00c1RIA", "autoria": "LUP\u00c9RCIO CARLOS DO NASCIMENTO", "texto_original": "http://sapl.olinda.pe.leg.br/media/sapl/public/materialegislativa/2023/5488/pl_176_2023_autor_poder_executivo.pdf", "ementa": "Disp\u00f5e sobre o Plano de Cargos, Carreiras e Vencimentos da Guarda Civil Municipal de Olinda e d\u00e1 outras provid\u00eancias."}, {"id": "5490", "ano": "2023", "numero": "177", "tipo__sigla": "PLO", "tipo__descricao": "PROJETO DE LEI ORDIN\u00c1RIA", "autoria": "LUP\u00c9RCIO CARLOS DO NASCIMENTO", "texto_original": "http://sapl.olinda.pe.leg.br/media/sapl/public/materialegislativa/2023/5490/pl_177_2023_autor_poder_executivo.pdf", "ementa": "Cria o cargo efetivo de Assistente da Procuradoria Geral do Munic\u00edpio de Olinda, integrante ao Plano de Cargos, Carreiras e Vencimentos (PCCV) do Poder Executivo Municipal, instituido pela Lei Municipal n\u00b05.615 de 14 de outubro de 2008, e d\u00e1 outras provid\u00eancias."}, {"id": "5516", "ano": "2023", "numero": "178", "tipo__sigla": "PLO", "tipo__descricao": "PROJETO DE LEI ORDIN\u00c1RIA", "autoria": "Mesa Diretora", "texto_original": "http://sapl.olinda.pe.leg.br/media/", "ementa": "Revoga a Lei Municipal n\u00b0 5.995, de 09 de maio de 2017 e repristina a Lei Municipal n\u00b0 5.936 de 22 de junho de 2015."}, {"id": "5517", "ano": "2023", "numero": "179", "tipo__sigla": "PLO", "tipo__descricao": "PROJETO DE LEI ORDIN\u00c1RIA", "autoria": "Mesa Diretora", "texto_original": "http://sapl.olinda.pe.leg.br/media/", "ementa": "Altera a reda\u00e7\u00e3o da Lei Municipal n\u00ba 5.306, de 28 de dezembro de 2001."}, {"id": "5518", "ano": "2023", "numero": "180", "tipo__sigla": "PLO", "tipo__descricao": "PROJETO DE LEI ORDIN\u00c1RIA", "autoria": "07 - JESU\u00cdNO ARA\u00daJO", "texto_original": "http://sapl.olinda.pe.leg.br/media/", "ementa": "Institui no Munic\u00edpio de Olinda o \u201cDia da Caminhada da Fam\u00edlia do Vicariato de Olinda\u201d, a ser realizada sempre no terceiro domingo do m\u00eas de setembro de cada ano e d\u00e1 outras provid\u00eancias."}, {"id": "5129", "ano": "2023", "numero": "1", "tipo__sigla": "PRES", "tipo__descricao": "PROJETO DE RESOLU\u00c7\u00c3O", "autoria": "16 - Tonny Magalh\u00e3es", "texto_original": "http://sapl.olinda.pe.leg.br/media/", "ementa": "Institui, no Munic\u00edpio de Olinda, o \u201cPr\u00eamio Mulheres Empreendedoras de Olinda;\u201d"}, {"id": "5211", "ano": "2023", "numero": "2", "tipo__sigla": "PRES", "tipo__descricao": "PROJETO DE RESOLU\u00c7\u00c3O", "autoria": "02 - DENISE ALMEIDA", "texto_original": "http://sapl.olinda.pe.leg.br/media/sapl/public/materialegislativa/2023/5211/pr_02_2023_autora_vera._denise_almeida.pdf", "ementa": "Cria o \"Selo Lil\u00e1s\" de Reconhecimento \u00e0s Empresa atuantes no Combate \u00e0 viol\u00eancia contra a mulher."}, {"id": "5519", "ano": "2023", "numero": "3", "tipo__sigla": "PRES", "tipo__descricao": "PROJETO DE RESOLU\u00c7\u00c3O", "autoria": "Mesa Diretora", "texto_original": "http://sapl.olinda.pe.leg.br/media/", "ementa": "Regulamenta as contrata\u00e7\u00f5es diretas advindas da Lei n\u00ba 14.133, de 1\u00ba de  abril de 2021, que disp\u00f5e sobre licita\u00e7\u00f5es e contratos administrativos, no \u00e2mbito do Poder Legislativo Municipal de Olinda - PE."}, {"id": "5520", "ano": "2023", "numero": "4", "tipo__sigla": "PRES", "tipo__descricao": "PROJETO DE RESOLU\u00c7\u00c3O", "autoria": "Mesa Diretora", "texto_original": "http://sapl.olinda.pe.leg.br/media/", "ementa": "Regulamenta o \u00a73\u00ba do art. 8\u00ba da Lei Federal n\u00ba 14.133, de 19 de abril de 2021, para dispor sobre regras e diretrizes para a atua\u00e7\u00e3o do agente de contrata\u00e7\u00e3o, da equipe de apoio, da comiss\u00e3o de contrata\u00e7\u00e3o, dos agentes p\u00fablicos e dos gestores e fiscais de contratos, no \u00e2mbito do Poder Legislativo Municipal de Olinda-PE."}, {"id": "5521", "ano": "2023", "numero": "5", "tipo__sigla": "PRES", "tipo__descricao": "PROJETO DE RESOLU\u00c7\u00c3O", "autoria": "Mesa Diretora", "texto_original": "http://sapl.olinda.pe.leg.br/media/", "ementa": "Regulamenta a Lei n\u00ba 14.133, de 01 de abril de 2021, que disp\u00f5e sobre licita\u00e7\u00e3o e contratos administrativos, no Poder Legislativo do Munic\u00edpio de Olinda-PE."}, {"id": "4959", "ano": "2023", "numero": "1", "tipo__sigla": "REQ", "tipo__descricao": "REQUERIMENTO", "autoria": "03 - FELIPE NASCIMENTO", "texto_original": "http://sapl.olinda.pe.leg.br/media/", "ementa": "Requer VOTO DE APLAUSOS para o CEMO \u2013 Centro de Educa\u00e7\u00e3o Musical de Olinda."}, {"id": "4960", "ano": "2023", "numero": "2", "tipo__sigla": "REQ", "tipo__descricao": "REQUERIMENTO", "autoria": "14 - RICARDO SOUSA", "texto_original": "http://sapl.olinda.pe.leg.br/media/", "ementa": "REQUER ORNAMENTA\u00c7\u00c3O DAS RUAS PARA DESFILE CARNAVALESCO."}, {"id": "4961", "ano": "2023", "numero": "3", "tipo__sigla": "REQ", "tipo__descricao": "REQUERIMENTO", "autoria": "14 - RICARDO SOUSA", "texto_original": "http://sapl.olinda.pe.leg.br/media/", "ementa": "REQUER DE TRIO EL\u00c9TRICO PARA O BLOCO O SOUS\u00c3O."}, {"id": "4962", "ano": "2023", "numero": "4", "tipo__sigla": "REQ", "tipo__descricao": "REQUERIMENTO", "autoria": "14 - RICARDO SOUSA", "texto_original": "http://sapl.olinda.pe.leg.br/media/", "ementa": "REQUER 4 (QUATRO) BANHEIROS QU\u00cdMICOS PARA O DESFILE DO BLOCO O SOUS\u00c3O."}, {"id": "4963", "ano": "2023", "numero": "5", "tipo__sigla": "REQ", "tipo__descricao": "REQUERIMENTO", "autoria": "14 - RICARDO SOUSA", "texto_original": "http://sapl.olinda.pe.leg.br/media/", "ementa": "REQUER ATRA\u00c7\u00d5ES PARA O BLOCO O SOUS\u00c3O."}, {"id": "4964", "ano": "2023", "numero": "6", "tipo__sigla": "REQ", "tipo__descricao": "REQUERIMENTO", "autoria": "03 - FELIPE NASCIMENTO", "texto_original": "http://sapl.olinda.pe.leg.br/media/", "ementa": "REQUER ALTERA\u00c7\u00c3O DO NOME DO ESPA\u00c7O P\u00daBLICO VILA OLIMPICA, PARA VILA OLIMPICA REI PEL\u00c9."}, {"id": "4965", "ano": "2023", "numero": "7", "tipo__sigla": "REQ", "tipo__descricao": "REQUERIMENTO", "autoria": "07 - JESU\u00cdNO ARA\u00daJO", "texto_original": "http://sapl.olinda.pe.leg.br/media/", "ementa": "REQUER a Sec. De Obras INFORMA\u00c7\u00d5ES SOBRE: - PROJETO DO PLANO DIRETOR DE MACRODRENAGEM; - DIAGN\u00d3STICO DA ESTRUTURA DE ESCOAMENTOS DAS CHUVAS; - QUAIS OS PLANOS DE A\u00c7\u00d5ES, SE TEM ELABORA\u00c7\u00c3O DE ANTEPROJETOS EXECUTIVOS PARA CANAIS E GALERIAS DE ESCOAMENTO DAS \u00c1GUAS; - QUAIS AS SOLU\u00c7\u00d5ES DE ENGENHARIA E AMBIENTAIS DE PRESERVA\u00c7\u00c3O QUE EST\u00c3O PREVISTAS, PARA GARANTIR MINIMIZAR OS TRANSTORNOS DAS CHUVAS NA CIDADE DE OLINDA - AN\u00c1LISE E DIAGN\u00d3STICO DOS PONTOS CR\u00cdTICOS E QUAIS AS RECOMENDA\u00c7\u00d5ES E INTERVEN\u00c7\u00d5ES IMEDIATAS"}, {"id": "4966", "ano": "2023", "numero": "8", "tipo__sigla": "REQ", "tipo__descricao": "REQUERIMENTO", "autoria": "07 - JESU\u00cdNO ARA\u00daJO", "texto_original": "http://sapl.olinda.pe.leg.br/media/", "ementa": "REQUER, REQUALIFICA\u00c7\u00c3O PARA TODA A CICLOVIA DA ORLA DE OLINDA."}, {"id": "4967", "ano": "2023", "numero": "9", "tipo__sigla": "REQ", "tipo__descricao": "REQUERIMENTO", "autoria": "07 - JESU\u00cdNO ARA\u00daJO", "texto_original": "http://sapl.olinda.pe.leg.br/media/", "ementa": "REQUER, REQUALIFICA\u00c7\u00c3O PARA TODO O CAL\u00c7AD\u00c3O DA ORLA DE OLINDA."}, {"id": "4968", "ano": "2023", "numero": "10", "tipo__sigla": "REQ", "tipo__descricao": "REQUERIMENTO", "autoria": "07 - JESU\u00cdNO ARA\u00daJO", "texto_original": "http://sapl.olinda.pe.leg.br/media/", "ementa": "REQUER, REQUALIFICA\u00c7\u00c3O PARA TODOS OS QUIOSQUES/BARRACAS DA ORLA DE OLINDA."}, {"id": "4969", "ano": "2023", "numero": "11", "tipo__sigla": "REQ", "tipo__descricao": "REQUERIMENTO", "autoria": "17 - VLADEMIR LABANCA", "texto_original": "http://sapl.olinda.pe.leg.br/media/", "ementa": "Requer AUDI\u00caNCIA P\u00daBLICA sobre as obras do Rio Fragoso;"}, {"id": "4970", "ano": "2023", "numero": "12", "tipo__sigla": "REQ", "tipo__descricao": "REQUERIMENTO", "autoria": "03 - FELIPE NASCIMENTO", "texto_original": "http://sapl.olinda.pe.leg.br/media/", "ementa": "REQUER QUE SEJA ANALISADO A POSSIBILIDADE DE UMA CRIA\u00c7\u00c3O DE CR\u00c9DITO PARA OS AMBULANTES DEVIDAMENTE CADASTRADOS NAS FESTIVIDADES DE CARNAVAL E PR\u00c9VIAS."}, {"id": "4971", "ano": "2023", "numero": "13", "tipo__sigla": "REQ", "tipo__descricao": "REQUERIMENTO", "autoria": "16 - BIAI", "texto_original": "http://sapl.olinda.pe.leg.br/media/", "ementa": "REQUER RECAPEAMENTO DAS RUAS DA 1a ETAPA DO BAIRRO DO RIO DOCE."}, {"id": "4972", "ano": "2023", "numero": "14", "tipo__sigla": "REQ", "tipo__descricao": "REQUERIMENTO", "autoria": "16 - BIAI", "texto_original": "http://sapl.olinda.pe.leg.br/media/", "ementa": "REQUER RECAPEAMENTO DA RUA A-17 DA 1a ETAPA DO BAIRRO DO RIO DOCE."}, {"id": "4973", "ano": "2023", "numero": "15", "tipo__sigla": "REQ", "tipo__descricao": "REQUERIMENTO", "autoria": "16 - BIAI", "texto_original": "http://sapl.olinda.pe.leg.br/media/", "ementa": "REQUER A PAVIMENTAC\u0327A\u0303O DA RUA 19 NA 5a ETAPA DO BAIRRO DO RIO DOCE."}, {"id": "4974", "ano": "2023", "numero": "16", "tipo__sigla": "REQ", "tipo__descricao": "REQUERIMENTO", "autoria": "16 - BIAI", "texto_original": "http://sapl.olinda.pe.leg.br/media/", "ementa": "REQUER A PAVIMENTAC\u0327A\u0303O DA RUA 8 NA 5A ETPA DO BAIRRO DO RIO DOCE."}, {"id": "4975", "ano": "2023", "numero": "17", "tipo__sigla": "REQ", "tipo__descricao": "REQUERIMENTO", "autoria": "16 - BIAI", "texto_original": "http://sapl.olinda.pe.leg.br/media/", "ementa": "REQUER PAVIMENTA\u00c7\u00c3O DA RUA 11 NA 5a ETAPA DO BAIRRO DO RIO DOCE."}, {"id": "4976", "ano": "2023", "numero": "18", "tipo__sigla": "REQ", "tipo__descricao": "REQUERIMENTO", "autoria": "16 - BIAI", "texto_original": "http://sapl.olinda.pe.leg.br/media/", "ementa": "REQUER RECAPEAMENTO DA RUA DAS ORQUI\u0301DEAS NA 2a ETAPA DE RIO DOCE."}, {"id": "4977", "ano": "2023", "numero": "19", "tipo__sigla": "REQ", "tipo__descricao": "REQUERIMENTO", "autoria": "16 - BIAI", "texto_original": "http://sapl.olinda.pe.leg.br/media/", "ementa": "REQUER RECAPEAMENTO DA RUA DAS FLORES NA 2a ETAPA DE RIO DOCE \u2013 OLINDA."}, {"id": "4978", "ano": "2023", "numero": "20", "tipo__sigla": "REQ", "tipo__descricao": "REQUERIMENTO", "autoria": "07 - JESU\u00cdNO ARA\u00daJO", "texto_original": "http://sapl.olinda.pe.leg.br/media/", "ementa": "Requer, IMPLANTA\u00c7\u00c3O DE UMA UNIDADE B\u00c1SICA DE SA\u00daDE VETERIN\u00c1RIA \u2013 UBS PET \u2013 NO MUNIC\u00cdPIO DE OLINDA."}, {"id": "4979", "ano": "2023", "numero": "21", "tipo__sigla": "REQ", "tipo__descricao": "REQUERIMENTO", "autoria": "16 - BIAI", "texto_original": "http://sapl.olinda.pe.leg.br/media/", "ementa": "REQUER CALEND\u00c1RIO ESPORTIVO ANUAL."}, {"id": "4980", "ano": "2023", "numero": "22", "tipo__sigla": "REQ", "tipo__descricao": "REQUERIMENTO", "autoria": "07 - JESU\u00cdNO ARA\u00daJO", "texto_original": "http://sapl.olinda.pe.leg.br/media/", "ementa": "Requer, VIABILIDADE PARA ABERTURA DE ROTA DE RETORNO EM FRENTE A COHAB 7o RO - OLINDA/PE, PARA ACESSO \u00c0 AV. CHICO SCIENCE E AO MUNIC\u00cdPIO DO PAULISTA, PELA VIA PE 15."}, {"id": "4981", "ano": "2023", "numero": "23", "tipo__sigla": "REQ", "tipo__descricao": "REQUERIMENTO", "autoria": "07 - JESU\u00cdNO ARA\u00daJO", "texto_original": "http://sapl.olinda.pe.leg.br/media/", "ementa": "Requer, CALC\u0327AMENTO E MELHORIAS PARA A RUA HELENA VILARIM FEITOSA (E ADJACE\u0302NCIAS), FRAGOSO \u2013 OLINDA/PE, CEP. 53.250-180 \u2013 FOTOS ANEXAS."}, {"id": "4982", "ano": "2023", "numero": "24", "tipo__sigla": "REQ", "tipo__descricao": "REQUERIMENTO", "autoria": "07 - JESU\u00cdNO ARA\u00daJO", "texto_original": "http://sapl.olinda.pe.leg.br/media/", "ementa": "Requer, ELABORA\u00c7\u00c3O E EXECU\u00c7\u00c3O DE PROJETO DE REQUALIFICA\u00c7\u00c3O DA ORLA DE OLINDA, COM REESTRUTURA\u00c7\u00c3O DA PRA\u00c7A DUQUE DE CAXIAS - PRA\u00c7A DO QUARTEL, E OUTROS SERVI\u00c7OS."}, {"id": "4983", "ano": "2023", "numero": "25", "tipo__sigla": "REQ", "tipo__descricao": "REQUERIMENTO", "autoria": "07 - JESU\u00cdNO ARA\u00daJO", "texto_original": "http://sapl.olinda.pe.leg.br/media/", "ementa": "Requer, SERVI\u00c7O DE TERRAPLANAGEM PARA A RUA BEIJA-FLOR, CEP. 53.050-160 - JARDIM ATL\u00c2NTICO, NESTE MUNIC\u00cdPIO."}, {"id": "4984", "ano": "2023", "numero": "26", "tipo__sigla": "REQ", "tipo__descricao": "REQUERIMENTO", "autoria": "15 - SAULO HOLANDA", "texto_original": "http://sapl.olinda.pe.leg.br/media/", "ementa": "REQUER, VOTO DE PESAR PELO FALECIMENTO DO SR. OL\u00cdMPIO BONALD NETO."}, {"id": "4985", "ano": "2023", "numero": "27", "tipo__sigla": "REQ", "tipo__descricao": "REQUERIMENTO", "autoria": "17 - VLADEMIR LABANCA", "texto_original": "http://sapl.olinda.pe.leg.br/media/", "ementa": "REQUER O ENQUADRAMENTO DE TODOS OS PROFESSORES NO MUNIC\u00cdPIO DE OLINDA, NO NOVO PISO NACIONAL DA CATEGORIA."}, {"id": "4986", "ano": "2023", "numero": "28", "tipo__sigla": "REQ", "tipo__descricao": "REQUERIMENTO", "autoria": "17 - VLADEMIR LABANCA", "texto_original": "http://sapl.olinda.pe.leg.br/media/", "ementa": "REQUER PROVIDENCIAS PARA SOLUCIONAR OS PROBLEMAS REFERENTES A CLIMATIZA\u00c7\u00c3O DO REFEIT\u00d3RIO DA ESCOLA MUNICIPAL LIONS DIRCEU VELOSO E SOBRE A COLOCA\u00c7\u00c3O DE PLACAS, CANALETAS E TELHAS NO PORT\u00c3O DE ENTRADA DA QUADRA DESTE MESMO COL\u00c9GIO."}, {"id": "4987", "ano": "2023", "numero": "29", "tipo__sigla": "REQ", "tipo__descricao": "REQUERIMENTO", "autoria": "07 - JESU\u00cdNO ARA\u00daJO", "texto_original": "http://sapl.olinda.pe.leg.br/media/", "ementa": "Requer, LIMPEZA, DESOBSTRU\u00c7\u00c3O E MANUTEN\u00c7\u00c3O DE TODOS OS CANAIS QUE CORTAM O MUNIC\u00cdPIO DE OLINDA, ANTECIPANDO O PER\u00cdODO DE CHUVAS"}, {"id": "4988", "ano": "2023", "numero": "30", "tipo__sigla": "REQ", "tipo__descricao": "REQUERIMENTO", "autoria": "07 - JESU\u00cdNO ARA\u00daJO", "texto_original": "http://sapl.olinda.pe.leg.br/media/", "ementa": "Requer AUDI\u00caNCIA P\u00daBLICA PARA DISCUSS\u00c3O SOBRE OS SEGUINTE TEMAS:VAGAS PARA ESTUDANTES NAS ESCOLAS P\u00daBLICAS MUNICIPAIS; DISPONIBILIDADE DE AUXILIARES NAS ESCOLAS P\u00daBLICAS MUNICIPAIS PARA ACOMPANHAMENTO DE CRIAN\u00c7AS COM NECESSIDADES ESPECIAIS."}, {"id": "4995", "ano": "2023", "numero": "31", "tipo__sigla": "REQ", "tipo__descricao": "REQUERIMENTO", "autoria": "07 - JESU\u00cdNO ARA\u00daJO", "texto_original": "http://sapl.olinda.pe.leg.br/media/", "ementa": "Solicita\u00e7\u00e3o para que n\u00e3o seja interditada a sa\u00edda do Umuarama pelo Posto\r\nBr de combust\u00edveis, no per\u00edodo carnavalesco/2023"}, {"id": "4996", "ano": "2023", "numero": "32", "tipo__sigla": "REQ", "tipo__descricao": "REQUERIMENTO", "autoria": "07 - JESU\u00cdNO ARA\u00daJO", "texto_original": "http://sapl.olinda.pe.leg.br/media/", "ementa": "Solicita\u00e7\u00e3o para provid\u00eancias de cal\u00e7amento/asfalto da rua Jo\u00e3o Ubaldo de\r\nMiranda, cep. 53.240-030 \u2013 Bonsucesso, neste munic\u00edpio."}, {"id": "4997", "ano": "2023", "numero": "33", "tipo__sigla": "REQ", "tipo__descricao": "REQUERIMENTO", "autoria": "07 - JESU\u00cdNO ARA\u00daJO", "texto_original": "http://sapl.olinda.pe.leg.br/media/", "ementa": "Solicita\u00e7\u00e3o para provid\u00eancias de cal\u00e7amento/asfalto da rua do Grito, cep.\r\n53.240-020 - Bonsucesso, neste munic\u00edpio."}, {"id": "4998", "ano": "2023", "numero": "34", "tipo__sigla": "REQ", "tipo__descricao": "REQUERIMENTO", "autoria": "07 - JESU\u00cdNO ARA\u00daJO", "texto_original": "http://sapl.olinda.pe.leg.br/media/", "ementa": "Solicita\u00e7\u00e3o para provid\u00eancias de cal\u00e7amento/asfalto da rua Vulc\u00e3o, cep.\r\n53.240-110 - Bonsucesso, neste munic\u00edpio."}, {"id": "4999", "ano": "2023", "numero": "35", "tipo__sigla": "REQ", "tipo__descricao": "REQUERIMENTO", "autoria": "07 - JESU\u00cdNO ARA\u00daJO", "texto_original": "http://sapl.olinda.pe.leg.br/media/", "ementa": "Solicita\u00e7\u00e3o de provid\u00eancias para alargamento e revestimento do canal pluvial\r\nque corta a rua Jo\u00e3o Ubaldo de Miranda, 53.240-030 \u2013 Bonsucesso, neste munic\u00edpio."}, {"id": "4993", "ano": "2023", "numero": "36", "tipo__sigla": "REQ", "tipo__descricao": "REQUERIMENTO", "autoria": "07 - JESU\u00cdNO ARA\u00daJO", "texto_original": "http://sapl.olinda.pe.leg.br/media/", "ementa": "Requer AUDI\u00caNCIA P\u00daBLICA para discuss\u00e3o sobre o cronograma da Conten\u00e7\u00e3o de barreiras no Munic\u00edpio de Olinda;"}, {"id": "5000", "ano": "2023", "numero": "37", "tipo__sigla": "REQ", "tipo__descricao": "REQUERIMENTO", "autoria": "17 - VLADEMIR LABANCA", "texto_original": "http://sapl.olinda.pe.leg.br/media/", "ementa": "Requer que seja programada a limpeza do Canal da Mal\u00e1ria, do canal dos\r\nBultrins, do rio Beberibe no trecho da Ponte Preta, Marez\u00e3o, Jiriquiti e Condor em\r\nPeixinhos, bem como a limpeza do canal da avenida M\u00e9xico em Rio Doce."}, {"id": "5001", "ano": "2023", "numero": "38", "tipo__sigla": "REQ", "tipo__descricao": "REQUERIMENTO", "autoria": "17 - VLADEMIR LABANCA", "texto_original": "http://sapl.olinda.pe.leg.br/media/", "ementa": "Requer que seja programada a limpeza do RIO DE FRAGOSO."}, {"id": "5002", "ano": "2023", "numero": "39", "tipo__sigla": "REQ", "tipo__descricao": "REQUERIMENTO", "autoria": "17 - VLADEMIR LABANCA", "texto_original": "http://sapl.olinda.pe.leg.br/media/", "ementa": "Requer limpeza do RIO BEBERIBE EM TODA A SUA EXTENS\u00c3O, DA FOZ\r\nAT\u00c9 A SUA NASCENTE NO BAIRRO DE PASSARINHO E UM ESTUDO PARA\r\nDIMINUIR O IMPACTO DA SUJEIRA TRAZIDA PELO RIO QUE DESAGUA NA\r\nPRAIA DE SANTA TEREZA/OLINDA."}, {"id": "5003", "ano": "2023", "numero": "40", "tipo__sigla": "REQ", "tipo__descricao": "REQUERIMENTO", "autoria": "14 - RICARDO SOUSA", "texto_original": "http://sapl.olinda.pe.leg.br/media/", "ementa": "Solicito Mo\u00e7\u00e3o de Pesar pelo falecimento do ex-deputado estadual Ricardo\r\nCosta."}, {"id": "5008", "ano": "2023", "numero": "41", "tipo__sigla": "REQ", "tipo__descricao": "REQUERIMENTO", "autoria": "05 - Everaldo Silva", "texto_original": "http://sapl.olinda.pe.leg.br/media/", "ementa": "Requer VOTO DE APLAUSOS ao Sr. Rodrigo Djalma Costa da Silva e a equipe do N\u00facleo de Fisioterapia de \u00c1guas Compridas."}, {"id": "5009", "ano": "2023", "numero": "42", "tipo__sigla": "REQ", "tipo__descricao": "REQUERIMENTO", "autoria": "05 - Everaldo Silva", "texto_original": "http://sapl.olinda.pe.leg.br/media/", "ementa": "Requer VOTO DE APLAUSOS a Sra. Alessandra Caneca. Professora e Diretora da Escola Municipal Elpidio de Fran\u00e7a, localizada no Bairro de \u00c1guas Compridas."}, {"id": "5004", "ano": "2023", "numero": "43", "tipo__sigla": "REQ", "tipo__descricao": "REQUERIMENTO", "autoria": "05 - Everaldo Silva", "texto_original": "http://sapl.olinda.pe.leg.br/media/", "ementa": "Solicita\u00e7\u00e3o de 30 metros de canaleta na Rua da Divisa \u2013 Sapucaia"}, {"id": "5005", "ano": "2023", "numero": "44", "tipo__sigla": "REQ", "tipo__descricao": "REQUERIMENTO", "autoria": "05 - Everaldo Silva", "texto_original": "http://sapl.olinda.pe.leg.br/media/", "ementa": "Solicita\u00e7\u00e3o de 30 metros de canaleta na Rua Santa Rosa \u2013 Sapucaia."}, {"id": "5006", "ano": "2023", "numero": "45", "tipo__sigla": "REQ", "tipo__descricao": "REQUERIMENTO", "autoria": "05 - Everaldo Silva", "texto_original": "http://sapl.olinda.pe.leg.br/media/", "ementa": "Requer Visita T\u00e9cnica da Defesa Civil para a Segunda Travessa do Alto Nova\r\nOlinda, 77."}, {"id": "5007", "ano": "2023", "numero": "46", "tipo__sigla": "REQ", "tipo__descricao": "REQUERIMENTO", "autoria": "05 - Everaldo Silva", "texto_original": "http://sapl.olinda.pe.leg.br/media/", "ementa": "Requer Visita T\u00e9cnica da Defesa Civil na casa 342 da Rua S\u00e3o Miguel, \u00c1guas\r\nCompridas."}, {"id": "5010", "ano": "2023", "numero": "47", "tipo__sigla": "REQ", "tipo__descricao": "REQUERIMENTO", "autoria": "05 - Everaldo Silva", "texto_original": "http://sapl.olinda.pe.leg.br/media/", "ementa": "Requer Visita T\u00e9cnica da Defesa Civil na Rua Santa Rosa \u2013 Sapucaia."}, {"id": "5011", "ano": "2023", "numero": "48", "tipo__sigla": "REQ", "tipo__descricao": "REQUERIMENTO", "autoria": "05 - Everaldo Silva", "texto_original": "http://sapl.olinda.pe.leg.br/media/", "ementa": "Requer Coloca\u00e7\u00e3o de Lonas URGENTE na Rua Alto Nova Olinda, 842 \u2013 casa\r\nD, \u00c1guas Compridas."}, {"id": "5012", "ano": "2023", "numero": "49", "tipo__sigla": "REQ", "tipo__descricao": "REQUERIMENTO", "autoria": "05 - Everaldo Silva", "texto_original": "http://sapl.olinda.pe.leg.br/media/", "ementa": "Requer Visita T\u00e9cnica da Defesa Civil URGENTE para as seguintes\r\nlocalidades: Rua Doze de Dezembro \u2013 \u00c1guas Compridas; C\u00f3rrego do Capim \u2013 \u00c1guas\r\nCompridas; C\u00f3rrego Nova Olinda \u2013 \u00c1guas Compridas."}, {"id": "5013", "ano": "2023", "numero": "50", "tipo__sigla": "REQ", "tipo__descricao": "REQUERIMENTO", "autoria": "05 - Everaldo Silva", "texto_original": "http://sapl.olinda.pe.leg.br/media/", "ementa": "Requer Visita T\u00e9cnica da Defesa Civil URGENTE para as seguintes\r\nlocalidades: Escadarias e Encostas da Rua 06 de Janeiro \u2013 \u00c1guas Compridas; C\u00f3rrego\r\ndo Capim \u2013 \u00c1guas Compridas; C\u00f3rrego Nova Olinda \u2013 \u00c1guas Compridas."}, {"id": "5014", "ano": "2023", "numero": "51", "tipo__sigla": "REQ", "tipo__descricao": "REQUERIMENTO", "autoria": "05 - Everaldo Silva", "texto_original": "http://sapl.olinda.pe.leg.br/media/", "ementa": "Requer Coloca\u00e7\u00e3o de Lonas URGENTE na Rua Nelson de Melo Paes Barreto\r\n\u2013 \u00c1guas Compridas."}, {"id": "5015", "ano": "2023", "numero": "52", "tipo__sigla": "REQ", "tipo__descricao": "REQUERIMENTO", "autoria": "05 - Everaldo Silva", "texto_original": "http://sapl.olinda.pe.leg.br/media/", "ementa": "Requer Coloca\u00e7\u00e3o de Lonas URGENTE na Rua do Futuro, n\u00b0 180 \u2013 C\u00f3rrego\r\ndo Aureliano \u2013 \u00c1guas Compridas."}, {"id": "5016", "ano": "2023", "numero": "53", "tipo__sigla": "REQ", "tipo__descricao": "REQUERIMENTO", "autoria": "05 - Everaldo Silva", "texto_original": "http://sapl.olinda.pe.leg.br/media/", "ementa": "Requer Coloca\u00e7\u00e3o de Corrim\u00e3o no C\u00f3rrego Aureliano \u2013 \u00c1guas Compridas."}, {"id": "5017", "ano": "2023", "numero": "54", "tipo__sigla": "REQ", "tipo__descricao": "REQUERIMENTO", "autoria": "05 - Everaldo Silva", "texto_original": "http://sapl.olinda.pe.leg.br/media/", "ementa": "Requer Coloca\u00e7\u00e3o de Corrim\u00e3o nas Transversais do C\u00f3rrego Aureliano \u2013\r\n\u00c1guas Compridas."}, {"id": "5018", "ano": "2023", "numero": "55", "tipo__sigla": "REQ", "tipo__descricao": "REQUERIMENTO", "autoria": "05 - Everaldo Silva", "texto_original": "http://sapl.olinda.pe.leg.br/media/", "ementa": "Requer Coloca\u00e7\u00e3o de Container para Lixo na Rua do Bamb\u00fa."}, {"id": "5019", "ano": "2023", "numero": "56", "tipo__sigla": "REQ", "tipo__descricao": "REQUERIMENTO", "autoria": "05 - Everaldo Silva", "texto_original": "http://sapl.olinda.pe.leg.br/media/", "ementa": "Poste apagado da Rua S\u00e3o Miguel,60 \u2013 \u00c1guas Compridas."}, {"id": "5020", "ano": "2023", "numero": "57", "tipo__sigla": "REQ", "tipo__descricao": "REQUERIMENTO", "autoria": "05 - Everaldo Silva", "texto_original": "http://sapl.olinda.pe.leg.br/media/", "ementa": "Poste apagado da Rua S\u00e3o Miguel,56 \u2013 \u00c1guas Compridas."}, {"id": "5021", "ano": "2023", "numero": "58", "tipo__sigla": "REQ", "tipo__descricao": "REQUERIMENTO", "autoria": "05 - Everaldo Silva", "texto_original": "http://sapl.olinda.pe.leg.br/media/", "ementa": "Requer Coloca\u00e7\u00e3o de Lonas URGENTE na Rua Alto Nova Olinda, 842, Casa\r\nD \u2013 \u00c1guas Compridas."}, {"id": "5022", "ano": "2023", "numero": "59", "tipo__sigla": "REQ", "tipo__descricao": "REQUERIMENTO", "autoria": "05 - Everaldo Silva", "texto_original": "http://sapl.olinda.pe.leg.br/media/", "ementa": "Requer Corte de \u00c1rvore: P\u00e9 de Jaca, Rua da Felicidade, 430 \u2013 \u00c1guas\r\nCompridas."}, {"id": "5023", "ano": "2023", "numero": "60", "tipo__sigla": "REQ", "tipo__descricao": "REQUERIMENTO", "autoria": "05 - Everaldo Silva", "texto_original": "http://sapl.olinda.pe.leg.br/media/", "ementa": "Requer Corte de \u00c1rvore: Rua do Amanhecer, 51 \u2013 \u00c1guas Compridas."}, {"id": "5024", "ano": "2023", "numero": "61", "tipo__sigla": "REQ", "tipo__descricao": "REQUERIMENTO", "autoria": "15 - SAULO HOLANDA", "texto_original": "http://sapl.olinda.pe.leg.br/media/", "ementa": "Requer Voto de Pesar pelo falecimento do Sr. Ricardo Costa."}, {"id": "5034", "ano": "2023", "numero": "62", "tipo__sigla": "REQ", "tipo__descricao": "REQUERIMENTO", "autoria": "15 - SAULO HOLANDA", "texto_original": "http://sapl.olinda.pe.leg.br/media/", "ementa": "Requer VOTO DE APLAUSOS para a presente Governadora e da Vice-Governadora por vistoriar a trag\u00e9dia ocorrida no bairro de \u00c1guas Compridas, Olinda-PE."}, {"id": "5025", "ano": "2023", "numero": "63", "tipo__sigla": "REQ", "tipo__descricao": "REQUERIMENTO", "autoria": "17 - VLADEMIR LABANCA", "texto_original": "http://sapl.olinda.pe.leg.br/media/", "ementa": "REQUER do Poder Executivo solu\u00e7\u00e3o sobre o enquadramento de todos os\r\nenfermeiros do munic\u00edpio de Olinda, no novo piso nacional da categoria."}, {"id": "5026", "ano": "2023", "numero": "64", "tipo__sigla": "REQ", "tipo__descricao": "REQUERIMENTO", "autoria": "17 - VLADEMIR LABANCA", "texto_original": "http://sapl.olinda.pe.leg.br/media/", "ementa": "Requer a troca da ilumina\u00e7\u00e3o de vapor met\u00e1lico para ilumina\u00e7\u00e3o de LED nos\r\nbairros do Varadouro, Monte, Guadalupe, Amaro Branco, Bonsucesso, Santa Tereza,\r\nCarmo, Jardim Fragoso, Bultrins, Ouro Preto Cohab, Ouro Preto Jatob\u00e1, Ouro Preto,\r\nAlto do Nova Olinda, Alto do Cajueiro, Alto da Bondade, Bairro Novo, Casa Caiada,\r\nJardim Atl\u00e2ntico."}, {"id": "5027", "ano": "2023", "numero": "65", "tipo__sigla": "REQ", "tipo__descricao": "REQUERIMENTO", "autoria": "17 - VLADEMIR LABANCA", "texto_original": "http://sapl.olinda.pe.leg.br/media/", "ementa": "Requer a troca da ilumina\u00e7\u00e3o de vapor met\u00e1lico para ilumina\u00e7\u00e3o de LED\r\nnas ruas do Guadalupe, S\u00e3o Jo\u00e3o, Amparo, Estrada do Bonsucesso, Coronel\r\nJoaquim Cavalcanti, Henrique Dias e Boa Hora."}, {"id": "5028", "ano": "2023", "numero": "66", "tipo__sigla": "REQ", "tipo__descricao": "REQUERIMENTO", "autoria": "17 - VLADEMIR LABANCA", "texto_original": "http://sapl.olinda.pe.leg.br/media/", "ementa": "Requer requalifica\u00e7\u00e3o da escola municipal Rotary de Olinda, solucionando os\r\nproblemas referentes a instala\u00e7\u00e3o el\u00e9trica, troca das portas das salas, arm\u00e1rios e a\r\ninstala\u00e7\u00e3o dos ar condicionados."}, {"id": "5030", "ano": "2023", "numero": "67", "tipo__sigla": "REQ", "tipo__descricao": "REQUERIMENTO", "autoria": "17 - VLADEMIR LABANCA", "texto_original": "http://sapl.olinda.pe.leg.br/media/", "ementa": "Requer requalifica\u00e7\u00e3o do grupo escolar Duarte Coelho, solucionando\r\nproblemas nas instala\u00e7\u00f5es el\u00e9tricas, troca das portas, janelas quebradas, corrim\u00e3os da\r\nescada e ar- condicionados\u201d."}, {"id": "5031", "ano": "2023", "numero": "68", "tipo__sigla": "REQ", "tipo__descricao": "REQUERIMENTO", "autoria": "17 - Vinicius Castello", "texto_original": "http://sapl.olinda.pe.leg.br/media/", "ementa": "Requer Mo\u00e7\u00e3o de Pesar pelo falecimento de Israel Campelo dos Santos"}, {"id": "5032", "ano": "2023", "numero": "69", "tipo__sigla": "REQ", "tipo__descricao": "REQUERIMENTO", "autoria": "17 - Vinicius Castello", "texto_original": "http://sapl.olinda.pe.leg.br/media/", "ementa": "Requer Voto de Rep\u00fadio pela falta de planejamento e aos tratamentos\r\npaliativos que ocasionaram no falecimento de Israel Campelo dos Santos."}, {"id": "5033", "ano": "2023", "numero": "70", "tipo__sigla": "REQ", "tipo__descricao": "REQUERIMENTO", "autoria": "17 - Vinicius Castello", "texto_original": "http://sapl.olinda.pe.leg.br/media/", "ementa": "informa\u00e7\u00f5es acerca da atua\u00e7\u00e3o da Prefeitura de Olinda na preven\u00e7\u00e3o\r\ne controle das consequ\u00eancias das chuvas ocorridas no estado de Pernambuco no dia 06\r\nde fevereiro de 2023."}, {"id": "5041", "ano": "2023", "numero": "71", "tipo__sigla": "REQ", "tipo__descricao": "REQUERIMENTO", "autoria": "16 - BIAI", "texto_original": "http://sapl.olinda.pe.leg.br/media/", "ementa": "Requer REQUALIFICA\u00c7\u00c3O DAS PARADAS DE \u00d4NIBUS EM OLINDA."}, {"id": "5043", "ano": "2023", "numero": "72", "tipo__sigla": "REQ", "tipo__descricao": "REQUERIMENTO", "autoria": "16 - BIAI", "texto_original": "http://sapl.olinda.pe.leg.br/media/", "ementa": "Requer PINTURA DAS FAIXAS DE PEDESTRES DE OLINDA."}, {"id": "5042", "ano": "2023", "numero": "73", "tipo__sigla": "REQ", "tipo__descricao": "REQUERIMENTO", "autoria": "16 - BIAI", "texto_original": "http://sapl.olinda.pe.leg.br/media/", "ementa": "Requer a recupera\u00e7\u00e3o das Pontes: ponte da Avenida Frederico Lundgrem, Rio Doce; ponte da Rua Humberto de Lima Mendes; ponte na entrada do Jardim Atl\u00e2ntico na Avenida N\u00e1poles, perpendicular com a Avenida Roda Silvestre; Ponte da Rua Professor Marculino Botelho;"}, {"id": "5044", "ano": "2023", "numero": "74", "tipo__sigla": "REQ", "tipo__descricao": "REQUERIMENTO", "autoria": "16 - BIAI", "texto_original": "http://sapl.olinda.pe.leg.br/media/", "ementa": "Requer ISEN\u00c7\u00c3O DE IPTU PARA APARTAMENTOS POPULARES DE OLINDA (COHAB)."}, {"id": "5045", "ano": "2023", "numero": "75", "tipo__sigla": "REQ", "tipo__descricao": "REQUERIMENTO", "autoria": "17 - VLADEMIR LABANCA", "texto_original": "http://sapl.olinda.pe.leg.br/media/", "ementa": "Requer solu\u00e7\u00e3o para a falta de m\u00e1scaras e rem\u00e9dios na Policl\u00ednica da mulher."}, {"id": "5046", "ano": "2023", "numero": "76", "tipo__sigla": "REQ", "tipo__descricao": "REQUERIMENTO", "autoria": "17 - VLADEMIR LABANCA", "texto_original": "http://sapl.olinda.pe.leg.br/media/", "ementa": "Requer solu\u00e7\u00e3o para a falta de rem\u00e9dios na USF OURO PRETO COHAB."}, {"id": "5047", "ano": "2023", "numero": "77", "tipo__sigla": "REQ", "tipo__descricao": "REQUERIMENTO", "autoria": "17 - VLADEMIR LABANCA", "texto_original": "http://sapl.olinda.pe.leg.br/media/", "ementa": "Requer requalifica\u00e7\u00e3o do posto de sa\u00fade USF COHAB 7\u00b0 RO."}, {"id": "5048", "ano": "2023", "numero": "78", "tipo__sigla": "REQ", "tipo__descricao": "REQUERIMENTO", "autoria": "17 - VLADEMIR LABANCA", "texto_original": "http://sapl.olinda.pe.leg.br/media/", "ementa": "Requer solu\u00e7\u00e3o para a falta de medicamentos, na USF VARADOURO."}, {"id": "5049", "ano": "2023", "numero": "79", "tipo__sigla": "REQ", "tipo__descricao": "REQUERIMENTO", "autoria": "17 - Vinicius Castello", "texto_original": "http://sapl.olinda.pe.leg.br/media/", "ementa": "Requer Pedido de informa\u00e7\u00f5es acerca da competente forma\u00e7\u00e3o, comunica\u00e7\u00e3o e orienta\u00e7\u00e3o das regras de licenciamento de ambulantes, day-use e demais com\u00e9rcios"}, {"id": "5050", "ano": "2023", "numero": "80", "tipo__sigla": "REQ", "tipo__descricao": "REQUERIMENTO", "autoria": "17 - Vinicius Castello", "texto_original": "http://sapl.olinda.pe.leg.br/media/", "ementa": "Requer Vistoria em postes da Cidade para o Carnaval."}, {"id": "5051", "ano": "2023", "numero": "81", "tipo__sigla": "REQ", "tipo__descricao": "REQUERIMENTO", "autoria": "10 - Joj\u00f3 Guerra", "texto_original": "http://sapl.olinda.pe.leg.br/media/", "ementa": "Requer reparos e tapa-buracos na Rua do Ap\u00f3stolos (Ladeira dos Treze)."}, {"id": "5052", "ano": "2023", "numero": "82", "tipo__sigla": "REQ", "tipo__descricao": "REQUERIMENTO", "autoria": "10 - Joj\u00f3 Guerra", "texto_original": "http://sapl.olinda.pe.leg.br/media/", "ementa": "Requer informa\u00e7\u00f5es sobre licita\u00e7\u00e3o para a execu\u00e7\u00e3o da aplica\u00e7\u00e3o do Geomanta? Qual o projeto para regi\u00e3o de \u00c1guas Compridas? Quais os locais ser\u00e3o alcan\u00e7ados?"}, {"id": "5053", "ano": "2023", "numero": "83", "tipo__sigla": "REQ", "tipo__descricao": "REQUERIMENTO", "autoria": "10 - Joj\u00f3 Guerra", "texto_original": "http://sapl.olinda.pe.leg.br/media/", "ementa": "Requer servi\u00e7o de fiscaliza\u00e7\u00e3o e an\u00e1lise da Rua da Educa\u00e7\u00e3o, Alto da Conquista."}, {"id": "5054", "ano": "2023", "numero": "84", "tipo__sigla": "REQ", "tipo__descricao": "REQUERIMENTO", "autoria": "10 - Joj\u00f3 Guerra", "texto_original": "http://sapl.olinda.pe.leg.br/media/", "ementa": "Requer servi\u00e7o de drenagem e dragagem as margens da pista da Estrada da Mirueira, onde encontra-se com alagamentos."}, {"id": "5055", "ano": "2023", "numero": "85", "tipo__sigla": "REQ", "tipo__descricao": "REQUERIMENTO", "autoria": "07 - JESU\u00cdNO ARA\u00daJO", "texto_original": "http://sapl.olinda.pe.leg.br/media/", "ementa": "Requer informa\u00e7\u00f5es sobre o pr\u00e9dio localizado na Rua S\u00e9rgio Godoy de Vasconcelos, 390 - Jardim Atl\u00e2ntico, Olinda/PE, CEP. 53.140-110, pertence ao munic\u00edpio."}, {"id": "5056", "ano": "2023", "numero": "86", "tipo__sigla": "REQ", "tipo__descricao": "REQUERIMENTO", "autoria": "07 - JESU\u00cdNO ARA\u00daJO", "texto_original": "http://sapl.olinda.pe.leg.br/media/", "ementa": "Requer informa\u00e7\u00f5es sobre endere\u00e7o de todos os im\u00f3veis alugados pelo munic\u00edpio de Olinda para funcionamento de escolas municipais e os nomes das respectivas escolas."}, {"id": "5057", "ano": "2023", "numero": "87", "tipo__sigla": "REQ", "tipo__descricao": "REQUERIMENTO", "autoria": "07 - JESU\u00cdNO ARA\u00daJO", "texto_original": "http://sapl.olinda.pe.leg.br/media/", "ementa": "Requer limpeza, manuten\u00e7\u00e3o e aplica\u00e7\u00e3o de geomanta na encosta da escadaria da rua Alexandria, cep. 53.060-270, jardim atl\u00e2ntico, neste munic\u00edpio."}, {"id": "5058", "ano": "2023", "numero": "88", "tipo__sigla": "REQ", "tipo__descricao": "REQUERIMENTO", "autoria": "07 - JESU\u00cdNO ARA\u00daJO", "texto_original": "http://sapl.olinda.pe.leg.br/media/", "ementa": "Requer, limpeza, desobstru\u00e7\u00e3o e manuten\u00e7\u00e3o do canal ouri\u00e7o do mar, em Ouro Preto/Olinda-PE."}, {"id": "5059", "ano": "2023", "numero": "89", "tipo__sigla": "REQ", "tipo__descricao": "REQUERIMENTO", "autoria": "07 - JESU\u00cdNO ARA\u00daJO", "texto_original": "http://sapl.olinda.pe.leg.br/media/", "ementa": "Requer recapeamento para a rua flor do para\u00edso cep. 53.060-040 - Jardim Atl\u00e2ntico, neste munic\u00edpio."}, {"id": "5060", "ano": "2023", "numero": "90", "tipo__sigla": "REQ", "tipo__descricao": "REQUERIMENTO", "autoria": "17 - Vinicius Castello", "texto_original": "http://sapl.olinda.pe.leg.br/media/", "ementa": "Requer CORTE DE \u00c1RVORE NA RUA TORNEIO, 92 JATOB\u00c1 -OLINDA"}, {"id": "5061", "ano": "2023", "numero": "91", "tipo__sigla": "REQ", "tipo__descricao": "REQUERIMENTO", "autoria": "17 - Vinicius Castello", "texto_original": "http://sapl.olinda.pe.leg.br/media/", "ementa": "Requer Limpeza e retirada de entulhos na R. Caetano Ribeiro, 411, Casa Caiada- Olinda"}, {"id": "5062", "ano": "2023", "numero": "92", "tipo__sigla": "REQ", "tipo__descricao": "REQUERIMENTO", "autoria": "17 - Vinicius Castello", "texto_original": "http://sapl.olinda.pe.leg.br/media/", "ementa": "Requer Limpeza e retirada de entulhos na R. Maracan\u00e3 1b, Tabajara- Olinda."}, {"id": "5063", "ano": "2023", "numero": "93", "tipo__sigla": "REQ", "tipo__descricao": "REQUERIMENTO", "autoria": "17 - Vinicius Castello", "texto_original": "http://sapl.olinda.pe.leg.br/media/", "ementa": "Requer Coloca\u00e7\u00e3o de Novas Lonas nas Ruas: Ilma Cunha e Alto do Ros\u00e1rio no Bairro do Monte, Olinda."}, {"id": "5064", "ano": "2023", "numero": "94", "tipo__sigla": "REQ", "tipo__descricao": "REQUERIMENTO", "autoria": "17 - Vinicius Castello", "texto_original": "http://sapl.olinda.pe.leg.br/media/", "ementa": "Requer servi\u00e7o de limpeza e retirada de entulhos e lixos que est\u00e3o acumulados em terreno ao lado da R. Caetano Ribeiro, 411, Casa Caiada"}, {"id": "5065", "ano": "2023", "numero": "95", "tipo__sigla": "REQ", "tipo__descricao": "REQUERIMENTO", "autoria": "16 - BIAI", "texto_original": "http://sapl.olinda.pe.leg.br/media/", "ementa": "Requer COLOCA\u00c7\u00c3O DE LIXEIRAS EM TODAS AS RUAS DA CIDADE DE OLINDA."}, {"id": "5066", "ano": "2023", "numero": "96", "tipo__sigla": "REQ", "tipo__descricao": "REQUERIMENTO", "autoria": "17 - VLADEMIR LABANCA", "texto_original": "http://sapl.olinda.pe.leg.br/media/", "ementa": "Requer a recupera\u00e7\u00e3o do cal\u00e7amento da rua B 3 na vila da Cohab 7\u00ba RO em Olinda."}, {"id": "5067", "ano": "2023", "numero": "97", "tipo__sigla": "REQ", "tipo__descricao": "REQUERIMENTO", "autoria": "14 - RICARDO SOUSA", "texto_original": "http://sapl.olinda.pe.leg.br/media/", "ementa": "Requer a limpeza e desassoreamento do canal da Rua Gr\u00e1viuna."}, {"id": "5068", "ano": "2023", "numero": "98", "tipo__sigla": "REQ", "tipo__descricao": "REQUERIMENTO", "autoria": "14 - RICARDO SOUSA", "texto_original": "http://sapl.olinda.pe.leg.br/media/", "ementa": "Requer que seja realizada a pavimenta\u00e7\u00e3o em paralelep\u00edpedo na Rua 78, na 4\u00aa Etapa de Rio Doce."}, {"id": "5069", "ano": "2023", "numero": "99", "tipo__sigla": "REQ", "tipo__descricao": "REQUERIMENTO", "autoria": "14 - RICARDO SOUSA", "texto_original": "http://sapl.olinda.pe.leg.br/media/", "ementa": "Requer que seja realizada a pavimenta\u00e7\u00e3o em paralelep\u00edpedo na Rua 77, na 4\u00aa Etapa de Rio Doce."}, {"id": "5070", "ano": "2023", "numero": "100", "tipo__sigla": "REQ", "tipo__descricao": "REQUERIMENTO", "autoria": "14 - RICARDO SOUSA", "texto_original": "http://sapl.olinda.pe.leg.br/media/", "ementa": "Requer que seja realizada a pavimenta\u00e7\u00e3o em paralelep\u00edpedo na Rua 74, na 4\u00aa Etapa de Rio Doce."}, {"id": "5073", "ano": "2023", "numero": "101", "tipo__sigla": "REQ", "tipo__descricao": "REQUERIMENTO", "autoria": "14 - RICARDO SOUSA", "texto_original": "http://sapl.olinda.pe.leg.br/media/", "ementa": "Requer que seja realizada a pavimenta\u00e7\u00e3o em paralelep\u00edpedo na Rua 72, na 4\u00aa Etapa de Rio Doce."}, {"id": "5074", "ano": "2023", "numero": "102", "tipo__sigla": "REQ", "tipo__descricao": "REQUERIMENTO", "autoria": "14 - RICARDO SOUSA", "texto_original": "http://sapl.olinda.pe.leg.br/media/", "ementa": "Requer que seja realizada a pavimenta\u00e7\u00e3o em paralelep\u00edpedo na Rua 69, na 4\u00aa Etapa de Rio Doce."}, {"id": "5075", "ano": "2023", "numero": "103", "tipo__sigla": "REQ", "tipo__descricao": "REQUERIMENTO", "autoria": "14 - RICARDO SOUSA", "texto_original": "http://sapl.olinda.pe.leg.br/media/", "ementa": "Requer que seja realizada a pavimenta\u00e7\u00e3o em paralelep\u00edpedo na Rua 68, na 4\u00aa Etapa de Rio Doce."}, {"id": "5076", "ano": "2023", "numero": "104", "tipo__sigla": "REQ", "tipo__descricao": "REQUERIMENTO", "autoria": "14 - RICARDO SOUSA", "texto_original": "http://sapl.olinda.pe.leg.br/media/", "ementa": "Requer que seja realizada a pavimenta\u00e7\u00e3o em paralelep\u00edpedo na Rua 61, na 4\u00aa Etapa de Rio Doce"}, {"id": "5077", "ano": "2023", "numero": "105", "tipo__sigla": "REQ", "tipo__descricao": "REQUERIMENTO", "autoria": "14 - RICARDO SOUSA", "texto_original": "http://sapl.olinda.pe.leg.br/media/", "ementa": "Requer que seja realizada a pavimenta\u00e7\u00e3o em paralelep\u00edpedo na Rua 59, na 5\u00aa Etapa de Rio Doce"}, {"id": "5078", "ano": "2023", "numero": "106", "tipo__sigla": "REQ", "tipo__descricao": "REQUERIMENTO", "autoria": "14 - RICARDO SOUSA", "texto_original": "http://sapl.olinda.pe.leg.br/media/", "ementa": "Requer que seja realizada a pavimenta\u00e7\u00e3o em paralelep\u00edpedo na Rua 55, na 4\u00aa Etapa de Rio Doce"}, {"id": "5079", "ano": "2023", "numero": "107", "tipo__sigla": "REQ", "tipo__descricao": "REQUERIMENTO", "autoria": "14 - RICARDO SOUSA", "texto_original": "http://sapl.olinda.pe.leg.br/media/", "ementa": "Requer que seja realizada a pavimenta\u00e7\u00e3o em paralelep\u00edpedo na Rua 54, na 4\u00aa Etapa de Rio Doce."}, {"id": "5080", "ano": "2023", "numero": "108", "tipo__sigla": "REQ", "tipo__descricao": "REQUERIMENTO", "autoria": "14 - RICARDO SOUSA", "texto_original": "http://sapl.olinda.pe.leg.br/media/", "ementa": "Requer que seja realizada a pavimenta\u00e7\u00e3o em paralelep\u00edpedo na Rua 49, na 4\u00aa Etapa de Rio Doce."}, {"id": "5081", "ano": "2023", "numero": "109", "tipo__sigla": "REQ", "tipo__descricao": "REQUERIMENTO", "autoria": "14 - RICARDO SOUSA", "texto_original": "http://sapl.olinda.pe.leg.br/media/", "ementa": "Requer que seja realizada a pavimenta\u00e7\u00e3o em paralelep\u00edpedo na Rua 47, na 4\u00aa Etapa de Rio Doce."}, {"id": "5082", "ano": "2023", "numero": "110", "tipo__sigla": "REQ", "tipo__descricao": "REQUERIMENTO", "autoria": "14 - RICARDO SOUSA", "texto_original": "http://sapl.olinda.pe.leg.br/media/", "ementa": "Requer que seja realizada a pavimenta\u00e7\u00e3o em paralelep\u00edpedo na Rua 44, na 4\u00aa Etapa de Rio Doce."}, {"id": "5083", "ano": "2023", "numero": "111", "tipo__sigla": "REQ", "tipo__descricao": "REQUERIMENTO", "autoria": "14 - RICARDO SOUSA", "texto_original": "http://sapl.olinda.pe.leg.br/media/", "ementa": "Requer que seja realizada a pavimenta\u00e7\u00e3o em paralelep\u00edpedo na Rua 41, na 4\u00aa Etapa de Rio Doce."}, {"id": "5084", "ano": "2023", "numero": "112", "tipo__sigla": "REQ", "tipo__descricao": "REQUERIMENTO", "autoria": "14 - RICARDO SOUSA", "texto_original": "http://sapl.olinda.pe.leg.br/media/", "ementa": "Requer que seja realizada a pavimenta\u00e7\u00e3o em paralelep\u00edpedo na Rua 15, na 5\u00aa Etapa de Rio Doce."}, {"id": "5085", "ano": "2023", "numero": "113", "tipo__sigla": "REQ", "tipo__descricao": "REQUERIMENTO", "autoria": "14 - RICARDO SOUSA", "texto_original": "http://sapl.olinda.pe.leg.br/media/", "ementa": "Requer a recupera\u00e7\u00e3o do cal\u00e7amento da rua B 3 na vila da Cohab 7\u00ba RO em Olinda."}, {"id": "5086", "ano": "2023", "numero": "114", "tipo__sigla": "REQ", "tipo__descricao": "REQUERIMENTO", "autoria": "14 - RICARDO SOUSA", "texto_original": "http://sapl.olinda.pe.leg.br/media/", "ementa": "Requer que seja realizada a pavimenta\u00e7\u00e3o em paralelep\u00edpedo na Rua 8, na 4\u00aa Etapa de Rio Doce."}, {"id": "5087", "ano": "2023", "numero": "115", "tipo__sigla": "REQ", "tipo__descricao": "REQUERIMENTO", "autoria": "14 - RICARDO SOUSA", "texto_original": "http://sapl.olinda.pe.leg.br/media/", "ementa": "Requer que seja realizada a Limpeza das encostas e pintura do meio fio da Rua 39 e Rua da Amora, na 4\u00aa Etapa de Rio Doce."}, {"id": "5088", "ano": "2023", "numero": "116", "tipo__sigla": "REQ", "tipo__descricao": "REQUERIMENTO", "autoria": "14 - RICARDO SOUSA", "texto_original": "http://sapl.olinda.pe.leg.br/media/", "ementa": "Requer que seja realizada a pavimenta\u00e7\u00e3o em paralelep\u00edpedo na Rua 7, na 4\u00aa Etapa de Rio Doce."}, {"id": "5089", "ano": "2023", "numero": "117", "tipo__sigla": "REQ", "tipo__descricao": "REQUERIMENTO", "autoria": "14 - RICARDO SOUSA", "texto_original": "http://sapl.olinda.pe.leg.br/media/", "ementa": "Requer que seja realizada a capina\u00e7\u00e3o e a poda das  localizados em torno da Igreja Nossa Senhora das Gra\u00e7as, na 4\u00aa Etapa de Rio Doce"}, {"id": "5090", "ano": "2023", "numero": "118", "tipo__sigla": "REQ", "tipo__descricao": "REQUERIMENTO", "autoria": "14 - RICARDO SOUSA", "texto_original": "http://sapl.olinda.pe.leg.br/media/", "ementa": "Requer que seja realizada a capina\u00e7\u00e3o do campo do N\u00f4, na 4\u00aa Etapa de Rio Doce"}, {"id": "5091", "ano": "2023", "numero": "119", "tipo__sigla": "REQ", "tipo__descricao": "REQUERIMENTO", "autoria": "14 - RICARDO SOUSA", "texto_original": "http://sapl.olinda.pe.leg.br/media/", "ementa": "Requer a recupera\u00e7\u00e3o do cal\u00e7amento da rua B 3 na vila da Cohab 7\u00ba RO em Olinda."}, {"id": "5092", "ano": "2023", "numero": "120", "tipo__sigla": "REQ", "tipo__descricao": "REQUERIMENTO", "autoria": "14 - RICARDO SOUSA", "texto_original": "http://sapl.olinda.pe.leg.br/media/", "ementa": "Requer que seja realizada a pavimenta\u00e7\u00e3o em paralelep\u00edpedo na rua do Dend\u00ea, na 4\u00aa Etapa de Rio Doce."}, {"id": "5093", "ano": "2023", "numero": "121", "tipo__sigla": "REQ", "tipo__descricao": "REQUERIMENTO", "autoria": "14 - RICARDO SOUSA", "texto_original": "http://sapl.olinda.pe.leg.br/media/", "ementa": "Requer que seja realizada a pavimenta\u00e7\u00e3o em paralelep\u00edpedo na rua do Alecrim, 2\u00aa etapa de Rio Doce."}, {"id": "5094", "ano": "2023", "numero": "122", "tipo__sigla": "REQ", "tipo__descricao": "REQUERIMENTO", "autoria": "14 - RICARDO SOUSA", "texto_original": "http://sapl.olinda.pe.leg.br/media/", "ementa": "Requer que seja realizada a pavimenta\u00e7\u00e3o em paralelep\u00edpedo na rua das Papoulas, 2\u00aa etapa, de Rio Doce."}, {"id": "5095", "ano": "2023", "numero": "123", "tipo__sigla": "REQ", "tipo__descricao": "REQUERIMENTO", "autoria": "14 - RICARDO SOUSA", "texto_original": "http://sapl.olinda.pe.leg.br/media/", "ementa": "Requer que seja realizada a pavimenta\u00e7\u00e3o em paralelep\u00edpedo na rua das Ac\u00e1cias, 2\u00aa etapa de Rio Doce."}, {"id": "5096", "ano": "2023", "numero": "124", "tipo__sigla": "REQ", "tipo__descricao": "REQUERIMENTO", "autoria": "14 - RICARDO SOUSA", "texto_original": "http://sapl.olinda.pe.leg.br/media/", "ementa": "Requer que seja realizada a pavimenta\u00e7\u00e3o em paralelep\u00edpedo na Rua 80, na 4\u00aa Etapa de Rio Doce."}, {"id": "5097", "ano": "2023", "numero": "125", "tipo__sigla": "REQ", "tipo__descricao": "REQUERIMENTO", "autoria": "07 - JESU\u00cdNO ARA\u00daJO", "texto_original": "http://sapl.olinda.pe.leg.br/media/", "ementa": "Requer CONSERTO/REPARO NAS PAREDES DA SALA DO PNI OLINDA, PARA ELIMINA\u00c7\u00c3O DE MOFO."}, {"id": "5098", "ano": "2023", "numero": "126", "tipo__sigla": "REQ", "tipo__descricao": "REQUERIMENTO", "autoria": "07 - JESU\u00cdNO ARA\u00daJO", "texto_original": "http://sapl.olinda.pe.leg.br/media/", "ementa": "Requer PEDIDO DE INFORMA\u00c7\u00c3O. DADOS DE CONTROLE DE VACINAS, PLANO DE CONTING\u00caNCIA DE VACINAS, RELAT\u00c1RIOS E CERTIFICADOS SOBRE O PNI OLINDA."}, {"id": "5099", "ano": "2023", "numero": "127", "tipo__sigla": "REQ", "tipo__descricao": "REQUERIMENTO", "autoria": "02 - Irm\u00e3o Bi\u00e1", "texto_original": "http://sapl.olinda.pe.leg.br/media/", "ementa": "Requer AUDI\u00caNCIA P\u00daBLICA no dia 07 de mar\u00e7o do ano em curso, com a finalidade de ser discutida A PRESTA\u00c7\u00c3O DE CONTAS DO CARNAVAL DE 2023 do nosso munic\u00edpio."}, {"id": "5298", "ano": "2023", "numero": "128", "tipo__sigla": "REQ", "tipo__descricao": "REQUERIMENTO", "autoria": "17 - VLADEMIR LABANCA", "texto_original": "http://sapl.olinda.pe.leg.br/media/", "ementa": "Requer Informa\u00e7\u00f5es acerca da sele\u00e7\u00e3o p\u00fablica 010/2022, do Hospital Brites de Albuquerque, em Olinda/PE."}, {"id": "5299", "ano": "2023", "numero": "129", "tipo__sigla": "REQ", "tipo__descricao": "REQUERIMENTO", "autoria": "17 - VLADEMIR LABANCA", "texto_original": "http://sapl.olinda.pe.leg.br/media/", "ementa": "Requer pavimenta\u00e7\u00e3o da rua Jo\u00e3o Figueiredo Maia, em Ouro Preto Jatob\u00e1."}, {"id": "5300", "ano": "2023", "numero": "130", "tipo__sigla": "REQ", "tipo__descricao": "REQUERIMENTO", "autoria": "17 - VLADEMIR LABANCA", "texto_original": "http://sapl.olinda.pe.leg.br/media/", "ementa": "Requer limpeza e um jardim de pneus do lado da Igreja de S\u00e3o Jo\u00e3o, na Rua S\u00e3o Jo\u00e3o, no bairro do Amparo."}, {"id": "5301", "ano": "2023", "numero": "131", "tipo__sigla": "REQ", "tipo__descricao": "REQUERIMENTO", "autoria": "05 - Everaldo Silva", "texto_original": "http://sapl.olinda.pe.leg.br/media/", "ementa": "Requer Poda de \u00e1rvore situada na rua s\u00e3o miguel, n\u00ba 205, \u00c1guas Compridas - Olinda/PE."}, {"id": "5302", "ano": "2023", "numero": "132", "tipo__sigla": "REQ", "tipo__descricao": "REQUERIMENTO", "autoria": "05 - Everaldo Silva", "texto_original": "http://sapl.olinda.pe.leg.br/media/", "ementa": "Requer Visita t\u00e9cnica e coloca\u00e7\u00e3o de lona na Rua Alto Nova Olinda, n\u00ba 810, \u00c1guas Compridas - Olinda/PE."}, {"id": "5303", "ano": "2023", "numero": "133", "tipo__sigla": "REQ", "tipo__descricao": "REQUERIMENTO", "autoria": "05 - Everaldo Silva", "texto_original": "http://sapl.olinda.pe.leg.br/media/", "ementa": "Requer Visita t\u00e9cnica e coloca\u00e7\u00e3o de lona na Rua Santo Ant\u00f4nio, n\u00ba 60, \u00c1guas Compridas - Olinda/PE."}, {"id": "5304", "ano": "2023", "numero": "134", "tipo__sigla": "REQ", "tipo__descricao": "REQUERIMENTO", "autoria": "05 - Everaldo Silva", "texto_original": "http://sapl.olinda.pe.leg.br/media/", "ementa": "Requer Visita t\u00e9cnica e coloca\u00e7\u00e3o de lona na Travessa J\u00falio Louren\u00e7o, n\u00ba 91, C\u00f3rrego do Aureliano - Olinda/PE."}, {"id": "5305", "ano": "2023", "numero": "135", "tipo__sigla": "REQ", "tipo__descricao": "REQUERIMENTO", "autoria": "11 - Dete Silva", "texto_original": "http://sapl.olinda.pe.leg.br/media/", "ementa": "Requer SERVI\u00c7OS DE CAPINA\u00c7\u00c3O NO CAMPO DO N\u00d3, IV ETAPA, RIO DOCE-OLINDA-PE."}, {"id": "5306", "ano": "2023", "numero": "136", "tipo__sigla": "REQ", "tipo__descricao": "REQUERIMENTO", "autoria": "11 - Dete Silva", "texto_original": "http://sapl.olinda.pe.leg.br/media/", "ementa": "Requer SERVI\u00c7OS DE CAPINA\u00c7\u00c3O E PODA, DAS LOCALIDADES NO ENTORNO DA IGREJA NOSSA SENHORA DS GRA\u00c7AS, IV ETAPA, RIO DOCE-OLINDA-PE."}, {"id": "5307", "ano": "2023", "numero": "137", "tipo__sigla": "REQ", "tipo__descricao": "REQUERIMENTO", "autoria": "03 - FELIPE NASCIMENTO", "texto_original": "http://sapl.olinda.pe.leg.br/media/", "ementa": "Requer AMPLIA\u00c7\u00c3O DO N\u00daCLEO DE INTEGRA\u00c7\u00c3O PARA CRIAN\u00c7AS AUTISTAS EM OUTROS BAIRROS DO MUNIC\u00cdPIO."}, {"id": "5308", "ano": "2023", "numero": "138", "tipo__sigla": "REQ", "tipo__descricao": "REQUERIMENTO", "autoria": "14 - RICARDO SOUSA", "texto_original": "http://sapl.olinda.pe.leg.br/media/", "ementa": "Requer capina\u00e7\u00e3o e remo\u00e7\u00e3o de entulhos na Rua 54, na 4\u00aa  Etapa de Rio Doce."}, {"id": "5309", "ano": "2023", "numero": "139", "tipo__sigla": "REQ", "tipo__descricao": "REQUERIMENTO", "autoria": "14 - RICARDO SOUSA", "texto_original": "http://sapl.olinda.pe.leg.br/media/", "ementa": "Requer capina\u00e7\u00e3o e pintura do meio fio na Avenida D, na 4\u00aa Etapa de Rio Doce."}, {"id": "5310", "ano": "2023", "numero": "140", "tipo__sigla": "REQ", "tipo__descricao": "REQUERIMENTO", "autoria": "14 - RICARDO SOUSA", "texto_original": "http://sapl.olinda.pe.leg.br/media/", "ementa": "Requer capina\u00e7\u00e3o e  pintura  do  meio  fio na Rua 48A,  na  4\u00aa  Etapa  de  Rio  Doce."}, {"id": "5311", "ano": "2023", "numero": "141", "tipo__sigla": "REQ", "tipo__descricao": "REQUERIMENTO", "autoria": "14 - RICARDO SOUSA", "texto_original": "http://sapl.olinda.pe.leg.br/media/", "ementa": "Requer capina\u00e7\u00e3o e pintura do meio fio na Rua Severina Barbosa, na 4\u00aa Etapa de Rio Doce."}, {"id": "5314", "ano": "2023", "numero": "142", "tipo__sigla": "REQ", "tipo__descricao": "REQUERIMENTO", "autoria": "14 - RICARDO SOUSA", "texto_original": "http://sapl.olinda.pe.leg.br/media/", "ementa": "Requer pavimenta\u00e7\u00e3o em paralelep\u00edpedo na Rua 11,  na  4\u00aa  Etapa  de  Rio  Doce."}, {"id": "5316", "ano": "2023", "numero": "143", "tipo__sigla": "REQ", "tipo__descricao": "REQUERIMENTO", "autoria": "14 - RICARDO SOUSA", "texto_original": "http://sapl.olinda.pe.leg.br/media/", "ementa": "Requer pavimenta\u00e7\u00e3o em paralelep\u00edpedo na Rua 12,  na  5\u00aa  Etapa  de  Rio  Doce."}, {"id": "5319", "ano": "2023", "numero": "144", "tipo__sigla": "REQ", "tipo__descricao": "REQUERIMENTO", "autoria": "14 - RICARDO SOUSA", "texto_original": "http://sapl.olinda.pe.leg.br/media/", "ementa": "Requer pavimenta\u00e7\u00e3o em paralelep\u00edpedo na Rua 32,  na  4\u00aa  Etapa  de  Rio  Doce."}, {"id": "5320", "ano": "2023", "numero": "145", "tipo__sigla": "REQ", "tipo__descricao": "REQUERIMENTO", "autoria": "14 - RICARDO SOUSA", "texto_original": "http://sapl.olinda.pe.leg.br/media/", "ementa": "Requer Pavimenta\u00e7\u00e3o asf\u00e1ltica na Rua Trinta e Quatro, na 4\u00aa Etapa de Rio Doce"}, {"id": "5321", "ano": "2023", "numero": "146", "tipo__sigla": "REQ", "tipo__descricao": "REQUERIMENTO", "autoria": "14 - RICARDO SOUSA", "texto_original": "http://sapl.olinda.pe.leg.br/media/", "ementa": "Requer pavimenta\u00e7\u00e3o em paralelep\u00edpedo na Rua 43,  na  4\u00aa  Etapa  de  Rio  Doce."}, {"id": "5322", "ano": "2023", "numero": "147", "tipo__sigla": "REQ", "tipo__descricao": "REQUERIMENTO", "autoria": "14 - RICARDO SOUSA", "texto_original": "http://sapl.olinda.pe.leg.br/media/", "ementa": "Requer pavimenta\u00e7\u00e3o em paralelep\u00edpedo na Rua 45,  na  4\u00aa  Etapa  de  Rio  Doce."}, {"id": "5323", "ano": "2023", "numero": "148", "tipo__sigla": "REQ", "tipo__descricao": "REQUERIMENTO", "autoria": "14 - RICARDO SOUSA", "texto_original": "http://sapl.olinda.pe.leg.br/media/", "ementa": "Requer pavimenta\u00e7\u00e3o em paralelep\u00edpedo na Rua 56,  na  5\u00aa  Etapa  de  Rio  Doce."}, {"id": "5324", "ano": "2023", "numero": "149", "tipo__sigla": "REQ", "tipo__descricao": "REQUERIMENTO", "autoria": "14 - RICARDO SOUSA", "texto_original": "http://sapl.olinda.pe.leg.br/media/", "ementa": "Requer pavimenta\u00e7\u00e3o em paralelep\u00edpedo na Rua 58,  na  4\u00aa  Etapa  de  Rio  Doce"}, {"id": "5325", "ano": "2023", "numero": "150", "tipo__sigla": "REQ", "tipo__descricao": "REQUERIMENTO", "autoria": "14 - RICARDO SOUSA", "texto_original": "http://sapl.olinda.pe.leg.br/media/", "ementa": "Requer pavimenta\u00e7\u00e3o em paralelep\u00edpedo na  Rua 63,  na  5\u00aa  Etapa  de  Rio  Doce."}, {"id": "5326", "ano": "2023", "numero": "151", "tipo__sigla": "REQ", "tipo__descricao": "REQUERIMENTO", "autoria": "14 - RICARDO SOUSA", "texto_original": "http://sapl.olinda.pe.leg.br/media/", "ementa": "Requer pavimenta\u00e7\u00e3o Asf\u00e1ltica na Rua 63, na 5\u00aa Etapa de Rio Doce."}, {"id": "5327", "ano": "2023", "numero": "152", "tipo__sigla": "REQ", "tipo__descricao": "REQUERIMENTO", "autoria": "14 - RICARDO SOUSA", "texto_original": "http://sapl.olinda.pe.leg.br/media/", "ementa": "Requer pavimenta\u00e7\u00e3o em paralelep\u00edpedo na Rua 74,  na  4\u00aa  Etapa  de  Rio  Doce"}, {"id": "5328", "ano": "2023", "numero": "153", "tipo__sigla": "REQ", "tipo__descricao": "REQUERIMENTO", "autoria": "14 - RICARDO SOUSA", "texto_original": "http://sapl.olinda.pe.leg.br/media/", "ementa": "Requer pavimenta\u00e7\u00e3o em paralelep\u00edpedo na Rua 76,  na  4\u00aa  Etapa  de  Rio  Doce"}, {"id": "5329", "ano": "2023", "numero": "154", "tipo__sigla": "REQ", "tipo__descricao": "REQUERIMENTO", "autoria": "14 - RICARDO SOUSA", "texto_original": "http://sapl.olinda.pe.leg.br/media/", "ementa": "Requer pavimenta\u00e7\u00e3o em paralelep\u00edpedo na Rua 77,  na  4\u00aa  Etapa  de  Rio  Doce."}, {"id": "5331", "ano": "2023", "numero": "155", "tipo__sigla": "REQ", "tipo__descricao": "REQUERIMENTO", "autoria": "14 - RICARDO SOUSA", "texto_original": "http://sapl.olinda.pe.leg.br/media/", "ementa": "Requer pavimenta\u00e7\u00e3o em paralelep\u00edpedo na Rua 78,  na  4\u00aa  Etapa  de  Rio  Doce."}, {"id": "5334", "ano": "2023", "numero": "156", "tipo__sigla": "REQ", "tipo__descricao": "REQUERIMENTO", "autoria": "14 - RICARDO SOUSA", "texto_original": "http://sapl.olinda.pe.leg.br/media/", "ementa": "Requer pavimenta\u00e7\u00e3o em paralelep\u00edpedo na Rua 79,  na  4\u00aa  Etapa  de  Rio  Doce"}, {"id": "5335", "ano": "2023", "numero": "157", "tipo__sigla": "REQ", "tipo__descricao": "REQUERIMENTO", "autoria": "14 - RICARDO SOUSA", "texto_original": "http://sapl.olinda.pe.leg.br/media/", "ementa": "Requer pavimenta\u00e7\u00e3o em paralelep\u00edpedo na Rua 80,  na  4\u00aa  Etapa  de  Rio  Doce"}, {"id": "5337", "ano": "2023", "numero": "158", "tipo__sigla": "REQ", "tipo__descricao": "REQUERIMENTO", "autoria": "14 - RICARDO SOUSA", "texto_original": "http://sapl.olinda.pe.leg.br/media/", "ementa": "Requer Poda de \u00e1rvores na Avenida D, na 4\u00aa Etapa de Rio Doce."}, {"id": "5338", "ano": "2023", "numero": "159", "tipo__sigla": "REQ", "tipo__descricao": "REQUERIMENTO", "autoria": "14 - RICARDO SOUSA", "texto_original": "http://sapl.olinda.pe.leg.br/media/", "ementa": "Requer Poda de \u00e1rvores na Rua Cora\u00e7\u00e3o de negro, na 3\u00aa Etapa de Rio Doce."}, {"id": "5339", "ano": "2023", "numero": "160", "tipo__sigla": "REQ", "tipo__descricao": "REQUERIMENTO", "autoria": "14 - RICARDO SOUSA", "texto_original": "http://sapl.olinda.pe.leg.br/media/", "ementa": "Requer poda  de  \u00e1rvores  na Rua do  Progresso  (pr\u00f3ximo  a COMPESA),  na  4\u00aa  Etapa  de Rio Doce."}, {"id": "5340", "ano": "2023", "numero": "161", "tipo__sigla": "REQ", "tipo__descricao": "REQUERIMENTO", "autoria": "14 - RICARDO SOUSA", "texto_original": "http://sapl.olinda.pe.leg.br/media/", "ementa": "Requer Recapeamento asf\u00e1ltico na Avenida D, na 4\u00aa Etapa de Rio Doce."}, {"id": "5341", "ano": "2023", "numero": "162", "tipo__sigla": "REQ", "tipo__descricao": "REQUERIMENTO", "autoria": "14 - RICARDO SOUSA", "texto_original": "http://sapl.olinda.pe.leg.br/media/", "ementa": "Requer Recapeamento asf\u00e1ltico na Rua Treze, na 4\u00aa Etapa de Rio Doce."}, {"id": "5342", "ano": "2023", "numero": "163", "tipo__sigla": "REQ", "tipo__descricao": "REQUERIMENTO", "autoria": "14 - RICARDO SOUSA", "texto_original": "http://sapl.olinda.pe.leg.br/media/", "ementa": "Requer Recapeamento  asf\u00e1ltico na Rua  Trinta  e  Tr\u00eas,  na  4\u00aa  Etapa  de  Rio  Doce."}, {"id": "5343", "ano": "2023", "numero": "164", "tipo__sigla": "REQ", "tipo__descricao": "REQUERIMENTO", "autoria": "14 - RICARDO SOUSA", "texto_original": "http://sapl.olinda.pe.leg.br/media/", "ementa": "Requer Recapeamento asf\u00e1ltico na Rua Cora\u00e7\u00e3o de Negro, na 3\u00aa Etapa de Rio Doce."}, {"id": "5344", "ano": "2023", "numero": "165", "tipo__sigla": "REQ", "tipo__descricao": "REQUERIMENTO", "autoria": "14 - RICARDO SOUSA", "texto_original": "http://sapl.olinda.pe.leg.br/media/", "ementa": "Requer Recapeamento asf\u00e1ltico na Rua do Jambo, na 3\u00aa Etapa de Rio Doce."}, {"id": "5345", "ano": "2023", "numero": "166", "tipo__sigla": "REQ", "tipo__descricao": "REQUERIMENTO", "autoria": "14 - RICARDO SOUSA", "texto_original": "http://sapl.olinda.pe.leg.br/media/", "ementa": "Requer Recapeamento asf\u00e1ltico na Rua do P\u00eassego, na 3\u00aa Etapa de Rio Doce."}, {"id": "5346", "ano": "2023", "numero": "167", "tipo__sigla": "REQ", "tipo__descricao": "REQUERIMENTO", "autoria": "11 - Dete Silva", "texto_original": "http://sapl.olinda.pe.leg.br/media/", "ementa": "Requer PAVIMENTA\u00c7\u00c3O EM PARALELEP\u00cdPEDO, NA RUA CINQUENTA E CINCO, 4\u00aa ETAPA- RIO DOCE, OLINDA \u2013 PE."}, {"id": "5347", "ano": "2023", "numero": "168", "tipo__sigla": "REQ", "tipo__descricao": "REQUERIMENTO", "autoria": "11 - Dete Silva", "texto_original": "http://sapl.olinda.pe.leg.br/media/", "ementa": "Requer PAVIMENTA\u00c7\u00c3O EM PARALELEP\u00cdPEDO\u201d NA RUA CINQUENTA E NOVE, 5\u00aa ETAPA- RIO DOCE, OLINDA \u2013 PE."}, {"id": "5348", "ano": "2023", "numero": "169", "tipo__sigla": "REQ", "tipo__descricao": "REQUERIMENTO", "autoria": "11 - Dete Silva", "texto_original": "http://sapl.olinda.pe.leg.br/media/", "ementa": "Requer PAVIMENTA\u00c7\u00c3O EM PARALELEP\u00cdPEDO, NA RUA CINQUENTA E QUATRO, 4\u00aa ETAPA- RIO DOCE, OLINDA \u2013 PE."}, {"id": "5349", "ano": "2023", "numero": "170", "tipo__sigla": "REQ", "tipo__descricao": "REQUERIMENTO", "autoria": "11 - Dete Silva", "texto_original": "http://sapl.olinda.pe.leg.br/media/", "ementa": "Requer PAVIMENTA\u00c7\u00c3O EM PARALELEP\u00cdPEDO, NA RUA DAS AC\u00c1CIAS, 2\u00aa ETAPA- RIO DOCE, OLINDA \u2013 PE."}, {"id": "5350", "ano": "2023", "numero": "171", "tipo__sigla": "REQ", "tipo__descricao": "REQUERIMENTO", "autoria": "11 - Dete Silva", "texto_original": "http://sapl.olinda.pe.leg.br/media/", "ementa": "Requer PAVIMENTA\u00c7\u00c3O EM PARALELEP\u00cdPEDO, NA RUA DAS PAPOULAS, 2\u00aa ETAPA- RIO DOCE, OLINDA \u2013 PE."}, {"id": "5351", "ano": "2023", "numero": "172", "tipo__sigla": "REQ", "tipo__descricao": "REQUERIMENTO", "autoria": "11 - Dete Silva", "texto_original": "http://sapl.olinda.pe.leg.br/media/", "ementa": "Requer PAVIMENTA\u00c7\u00c3O EM PARALELEP\u00cdPEDO, NA RUA DO DEND\u00ca, 4\u00aa ETAPA- RIO DOCE, OLINDA \u2013 PE."}, {"id": "5352", "ano": "2023", "numero": "173", "tipo__sigla": "REQ", "tipo__descricao": "REQUERIMENTO", "autoria": "11 - Dete Silva", "texto_original": "http://sapl.olinda.pe.leg.br/media/", "ementa": "Requer CAPINA\u00c7\u00c3O, SERVI\u00c7OS DE CAPINA\u00c7\u00c3O E  PODA, NO ENTORNO DA IGREJA NOSSA SENHORA DS GRA\u00c7AS, IV ETPA, RIO DOCE-OLINDA-PE."}, {"id": "5353", "ano": "2023", "numero": "174", "tipo__sigla": "REQ", "tipo__descricao": "REQUERIMENTO", "autoria": "11 - Dete Silva", "texto_original": "http://sapl.olinda.pe.leg.br/media/", "ementa": "Requer PAVIMENTA\u00c7\u00c3O EM PARALELEP\u00cdPEDO, NA RUA OITENTA, 4\u00aa ETAPA- RIO DOCE, OLINDA \u2013 PE."}, {"id": "5354", "ano": "2023", "numero": "175", "tipo__sigla": "REQ", "tipo__descricao": "REQUERIMENTO", "autoria": "11 - Dete Silva", "texto_original": "http://sapl.olinda.pe.leg.br/media/", "ementa": "Requer PAVIMENTA\u00c7\u00c3O EM PARALELEP\u00cdPEDO, NA RUA OITO, 4\u00aa ETAPA- RIO DOCE, OLINDA \u2013 PE."}, {"id": "5355", "ano": "2023", "numero": "176", "tipo__sigla": "REQ", "tipo__descricao": "REQUERIMENTO", "autoria": "11 - Dete Silva", "texto_original": "http://sapl.olinda.pe.leg.br/media/", "ementa": "Requer PAVIMENTA\u00c7\u00c3O EM PARALELEP\u00cdPEDO, NA RUA QUARENTA E HUM, 4\u00aa ETAPA- RIO DOCE, OLINDA \u2013 PE."}, {"id": "5356", "ano": "2023", "numero": "177", "tipo__sigla": "REQ", "tipo__descricao": "REQUERIMENTO", "autoria": "11 - Dete Silva", "texto_original": "http://sapl.olinda.pe.leg.br/media/", "ementa": "Requer PAVIMENTA\u00c7\u00c3O EM PARALELEP\u00cdPEDO, NA RUA QUARENTA E NOVE, 4\u00aa ETAPA- RIO DOCE, OLINDA \u2013 PE."}, {"id": "5357", "ano": "2023", "numero": "178", "tipo__sigla": "REQ", "tipo__descricao": "REQUERIMENTO", "autoria": "11 - Dete Silva", "texto_original": "http://sapl.olinda.pe.leg.br/media/", "ementa": "Requer PAVIMENTA\u00c7\u00c3O EM PARALELEP\u00cdPEDO, NA RUA QUARENTA E QUATRO, 4\u00aa ETAPA- RIO DOCE, OLINDA \u2013 PE."}, {"id": "5358", "ano": "2023", "numero": "179", "tipo__sigla": "REQ", "tipo__descricao": "REQUERIMENTO", "autoria": "11 - Dete Silva", "texto_original": "http://sapl.olinda.pe.leg.br/media/", "ementa": "Requer PAVIMENTA\u00c7\u00c3O EM PARALELEP\u00cdPEDO, NA RUA QUARENTA E SETE, 4\u00aa ETAPA- RIO DOCE, OLINDA \u2013 PE"}, {"id": "5359", "ano": "2023", "numero": "180", "tipo__sigla": "REQ", "tipo__descricao": "REQUERIMENTO", "autoria": "11 - Dete Silva", "texto_original": "http://sapl.olinda.pe.leg.br/media/", "ementa": "Requer PAVIMENTA\u00c7\u00c3O EM PARALELEP\u00cdPEDO, NA RUA QUINZE, 5\u00aa ETAPA- RIO DOCE, OLINDA \u2013 PE."}, {"id": "5360", "ano": "2023", "numero": "181", "tipo__sigla": "REQ", "tipo__descricao": "REQUERIMENTO", "autoria": "11 - Dete Silva", "texto_original": "http://sapl.olinda.pe.leg.br/media/", "ementa": "Requer RECUPERA\u00c7\u00c3O DO CAL\u00c7AMENTO,NA RUA B3, VILA DA COHAB, 7\u00ba RO, OLINDA \u2013 PE."}, {"id": "5361", "ano": "2023", "numero": "182", "tipo__sigla": "REQ", "tipo__descricao": "REQUERIMENTO", "autoria": "11 - Dete Silva", "texto_original": "http://sapl.olinda.pe.leg.br/media/", "ementa": "Requer PAVIMENTA\u00c7\u00c3O EM PARALELEP\u00cdPEDO, NA RUA ALECRIM, 3\u00aa ETAPA- RIO DOCE, OLINDA \u2013 PE."}, {"id": "5362", "ano": "2023", "numero": "183", "tipo__sigla": "REQ", "tipo__descricao": "REQUERIMENTO", "autoria": "11 - Dete Silva", "texto_original": "http://sapl.olinda.pe.leg.br/media/", "ementa": "Requer PAVIMENTA\u00c7\u00c3O EM PARALELEP\u00cdPEDO, NA RUA SESSENTA E HUM, 4\u00aa ETAPA- RIO DOCE, OLINDA \u2013 PE."}, {"id": "5363", "ano": "2023", "numero": "184", "tipo__sigla": "REQ", "tipo__descricao": "REQUERIMENTO", "autoria": "11 - Dete Silva", "texto_original": "http://sapl.olinda.pe.leg.br/media/", "ementa": "Requer PAVIMENTA\u00c7\u00c3O EM PARALELEP\u00cdPEDO, NA RUA SESSENTA E NOVE, 4\u00aa ETAPA- RIO DOCE, OLINDA \u2013 PE."}, {"id": "5364", "ano": "2023", "numero": "185", "tipo__sigla": "REQ", "tipo__descricao": "REQUERIMENTO", "autoria": "11 - Dete Silva", "texto_original": "http://sapl.olinda.pe.leg.br/media/", "ementa": "Requer PAVIMENTA\u00c7\u00c3O EM PARALELEP\u00cdPEDO, NA RUA SESSENTA E OITO, 4\u00aa ETAPA- RIO DOCE, OLINDA \u2013 PE."}, {"id": "5365", "ano": "2023", "numero": "186", "tipo__sigla": "REQ", "tipo__descricao": "REQUERIMENTO", "autoria": "11 - Dete Silva", "texto_original": "http://sapl.olinda.pe.leg.br/media/", "ementa": "Requer PAVIMENTA\u00c7\u00c3O EM PARALELEP\u00cdPEDO, NA RUA SETE, 4\u00aa ETAPA- RIO DOCE, OLINDA \u2013 PE."}, {"id": "5366", "ano": "2023", "numero": "187", "tipo__sigla": "REQ", "tipo__descricao": "REQUERIMENTO", "autoria": "11 - Dete Silva", "texto_original": "http://sapl.olinda.pe.leg.br/media/", "ementa": "Requer PAVIMENTA\u00c7\u00c3O EM PARALELEP\u00cdPEDO, NA RUA SETENTA E DOIS, 4\u00aa ETAPA- RIO DOCE, OLINDA \u2013 PE."}, {"id": "5367", "ano": "2023", "numero": "188", "tipo__sigla": "REQ", "tipo__descricao": "REQUERIMENTO", "autoria": "11 - Dete Silva", "texto_original": "http://sapl.olinda.pe.leg.br/media/", "ementa": "Requer PAVIMENTA\u00c7\u00c3O EM PARALELEP\u00cdPEDO, NA RUA SETENTA E OITO, 4\u00aa ETAPA- RIO DOCE, OLINDA \u2013 PE."}, {"id": "5368", "ano": "2023", "numero": "189", "tipo__sigla": "REQ", "tipo__descricao": "REQUERIMENTO", "autoria": "11 - Dete Silva", "texto_original": "http://sapl.olinda.pe.leg.br/media/", "ementa": "Requer PAVIMENTA\u00c7\u00c3O EM PARALELEP\u00cdPEDO, NA RUA SETENTA E QUATRO, 4\u00aa ETAPA- RIO DOCE, OLINDA \u2013 PE."}, {"id": "5369", "ano": "2023", "numero": "190", "tipo__sigla": "REQ", "tipo__descricao": "REQUERIMENTO", "autoria": "11 - Dete Silva", "texto_original": "http://sapl.olinda.pe.leg.br/media/", "ementa": "Requer PAVIMENTA\u00c7\u00c3O EM PARALELEP\u00cdPEDO, NA RUA SETENTA E SETE, 4\u00aa ETAPA- RIO DOCE, OLINDA \u2013 PE."}, {"id": "5370", "ano": "2023", "numero": "191", "tipo__sigla": "REQ", "tipo__descricao": "REQUERIMENTO", "autoria": "10 - Joj\u00f3 Guerra", "texto_original": "http://sapl.olinda.pe.leg.br/media/", "ementa": "Requer Remo\u00e7\u00e3o de entulhos na Rua Bernardino de Melo, 155 \u00c1guas Compridas."}, {"id": "5371", "ano": "2023", "numero": "192", "tipo__sigla": "REQ", "tipo__descricao": "REQUERIMENTO", "autoria": "10 - Joj\u00f3 Guerra", "texto_original": "http://sapl.olinda.pe.leg.br/media/", "ementa": "Requer coloca\u00e7\u00e3o de lonas na Rua Cairo, 317 \u00c1guas Compridas (largo dos treze)."}, {"id": "5372", "ano": "2023", "numero": "193", "tipo__sigla": "REQ", "tipo__descricao": "REQUERIMENTO", "autoria": "10 - Joj\u00f3 Guerra", "texto_original": "http://sapl.olinda.pe.leg.br/media/", "ementa": "Requer corte de \u00e1rvores que est\u00e3o com forte perigo de queda na Rua Tijuca, 286 Alto da Conquista."}, {"id": "5373", "ano": "2023", "numero": "194", "tipo__sigla": "REQ", "tipo__descricao": "REQUERIMENTO", "autoria": "10 - Joj\u00f3 Guerra", "texto_original": "http://sapl.olinda.pe.leg.br/media/", "ementa": "Requer aloca\u00e7\u00e3o de placas de sinaliza\u00e7\u00e3o de ponto de T\u00e1xi para a Estrada de \u00c1guas Compridas, Pr\u00f3ximo ao Supermercado do Amigo Bia."}, {"id": "5374", "ano": "2023", "numero": "195", "tipo__sigla": "REQ", "tipo__descricao": "REQUERIMENTO", "autoria": "10 - Joj\u00f3 Guerra", "texto_original": "http://sapl.olinda.pe.leg.br/media/", "ementa": "Requer aloca\u00e7\u00e3o de placa para bueiros e canaletas abertas na Rua Bernardino de Melo, \u00c1guas Compridas."}, {"id": "5375", "ano": "2023", "numero": "196", "tipo__sigla": "REQ", "tipo__descricao": "REQUERIMENTO", "autoria": "10 - Joj\u00f3 Guerra", "texto_original": "http://sapl.olinda.pe.leg.br/media/", "ementa": "Requer troca de l\u00e2mpadas ao percurso da Estrada da Mirueira."}, {"id": "5376", "ano": "2023", "numero": "197", "tipo__sigla": "REQ", "tipo__descricao": "REQUERIMENTO", "autoria": "10 - Joj\u00f3 Guerra", "texto_original": "http://sapl.olinda.pe.leg.br/media/", "ementa": "Requer vistoria na resid\u00eancia em risco de queda na Rua Manoel Leite, 202 Passarinhos."}, {"id": "5377", "ano": "2023", "numero": "198", "tipo__sigla": "REQ", "tipo__descricao": "REQUERIMENTO", "autoria": "10 - Joj\u00f3 Guerra", "texto_original": "http://sapl.olinda.pe.leg.br/media/", "ementa": "Requer drenagem ao longo da via na Rua Eng. Fernandes Dias, Caenga, \u00c1guas Compridas (Ladeira do Padre)."}, {"id": "5378", "ano": "2023", "numero": "199", "tipo__sigla": "REQ", "tipo__descricao": "REQUERIMENTO", "autoria": "10 - Joj\u00f3 Guerra", "texto_original": "http://sapl.olinda.pe.leg.br/media/", "ementa": "Requer fiscaliza\u00e7\u00e3o em constru\u00e7\u00f5es irregulares rec\u00e9m criadas e ac\u00famulo de entulhos ao redor do Rio Lava Tripas no Conjunto Habitacional de Sapucaia e Aguazinha"}, {"id": "5379", "ano": "2023", "numero": "200", "tipo__sigla": "REQ", "tipo__descricao": "REQUERIMENTO", "autoria": "11 - Dete Silva", "texto_original": "http://sapl.olinda.pe.leg.br/media/", "ementa": "REQUER PEDIDO DE INFORMA\u00c7\u00c3O REFERENTE AOS FURTOS E ARROMBAMENTOS SOFRIDOS NAS ESTRAT\u00c9GIAS DE SA\u00daDE DA FAMILIA- ESF DO MUNICIPIO"}, {"id": "5381", "ano": "2023", "numero": "201", "tipo__sigla": "REQ", "tipo__descricao": "REQUERIMENTO", "autoria": "11 - Dete Silva", "texto_original": "http://sapl.olinda.pe.leg.br/media/", "ementa": "Requer mais SEGURAN\u00c7A NAS UNIDADES DE ESTRAT\u00c9GIAS DE SA\u00daDE DA FAMILIA- ESF DO MUNICIPIO."}, {"id": "5382", "ano": "2023", "numero": "202", "tipo__sigla": "REQ", "tipo__descricao": "REQUERIMENTO", "autoria": "10 - Joj\u00f3 Guerra", "texto_original": "http://sapl.olinda.pe.leg.br/media/", "ementa": "Requer a execu\u00e7\u00e3o dos SERVI\u00c7OS DO PROJETO ARRUMANDO A CASA na Ilha de Santana, Jd. Atl\u00e2ntico, OLINDA \u2013 PE"}, {"id": "5383", "ano": "2023", "numero": "203", "tipo__sigla": "REQ", "tipo__descricao": "REQUERIMENTO", "autoria": "11 - Dete Silva", "texto_original": "http://sapl.olinda.pe.leg.br/media/", "ementa": "Requer a execu\u00e7\u00e3o dos SERVI\u00c7OS DO PROJETO ARRUMANDO A CASA em JARDIM BRASIL I E II, OLINDA \u2013 PE."}, {"id": "5384", "ano": "2023", "numero": "204", "tipo__sigla": "REQ", "tipo__descricao": "REQUERIMENTO", "autoria": "11 - Dete Silva", "texto_original": "http://sapl.olinda.pe.leg.br/media/", "ementa": "Requer SERVI\u00c7OS DE ILUMINA\u00c7\u00c3O, REVITALIZA\u00c7\u00c3O E RESTRUTURA\u00c7\u00c3O DE EQUIPAMENTOS NA MINI\u00c1REA DE LAZER\u201d na Pra\u00e7a Tenente Albuquerque, situada na Rua 53, IV Etapa, Rio Doce, OLINDA \u2013 PE."}, {"id": "5385", "ano": "2023", "numero": "205", "tipo__sigla": "REQ", "tipo__descricao": "REQUERIMENTO", "autoria": "11 - Dete Silva", "texto_original": "http://sapl.olinda.pe.leg.br/media/", "ementa": "Requer a execu\u00e7\u00e3o dos SERVI\u00c7OS DO PROJETO ARRUMANDO A CASA na PRIMEIRA ETAPA DE RIO DOCE, OLINDA \u2013 PE."}, {"id": "5386", "ano": "2023", "numero": "206", "tipo__sigla": "REQ", "tipo__descricao": "REQUERIMENTO", "autoria": "17 - Vinicius Castello", "texto_original": "http://sapl.olinda.pe.leg.br/media/", "ementa": "Requer informa\u00e7\u00f5es acerca da Audi\u00eancia P\u00fablica do Carnaval de Olinda 2023"}, {"id": "5387", "ano": "2023", "numero": "207", "tipo__sigla": "REQ", "tipo__descricao": "REQUERIMENTO", "autoria": "07 - JESU\u00cdNO ARA\u00daJO", "texto_original": "http://sapl.olinda.pe.leg.br/media/", "ementa": "Requer, CAPINA\u00c7\u00c3O, LIMPEZA, DESOBSTRU\u00c7\u00c3O DE CANALETAS E RECOHIMENTO DE LIXO PARA A RUA OPALA NEGRA, FRAGOSO, NESTE MUNIC\u00cdPIO."}, {"id": "5388", "ano": "2023", "numero": "208", "tipo__sigla": "REQ", "tipo__descricao": "REQUERIMENTO", "autoria": "07 - JESU\u00cdNO ARA\u00daJO", "texto_original": "http://sapl.olinda.pe.leg.br/media/", "ementa": "Requer, ILUMINA\u00c7\u00c3O P\u00daBLICA PARA A PRA\u00c7A DA INOCOOP, LOCALIZADA NA VIA DO CONTORNO, CEP. 53.060-010, JARDIM ATL\u00c2NTICO, NESTE MUNIC\u00cdPIO."}, {"id": "5389", "ano": "2023", "numero": "209", "tipo__sigla": "REQ", "tipo__descricao": "REQUERIMENTO", "autoria": "07 - JESU\u00cdNO ARA\u00daJO", "texto_original": "http://sapl.olinda.pe.leg.br/media/", "ementa": "CAPINA\u00c7\u00c3O EM TODOS OS LOGRADOUROS, ONDE SE FA\u00c7A NECESS\u00c1RIO, NO BAIRRO DE JARDIM ATL\u00c2NTICO, NESTE MUNIC\u00cdPIO."}, {"id": "5390", "ano": "2023", "numero": "210", "tipo__sigla": "REQ", "tipo__descricao": "REQUERIMENTO", "autoria": "07 - JESU\u00cdNO ARA\u00daJO", "texto_original": "http://sapl.olinda.pe.leg.br/media/", "ementa": "Requer, reposi\u00e7\u00e3o de TAMPA EM BOCA DE LOBO, LOCALIZADA NA AV. LEOPOLDINO CANUTO DE MELO (PR\u00d3XIMO AO DEP\u00d3SITO DE LENIHA, AP\u00d3S A PADARIA CAIXA D\u2019\u00c1GUA, SENTIDO PASSARINHO), CEP. 53.210-250, CAIXA D\u2019\u00c1GUA, NESTE MUNIC\u00cdPIO."}, {"id": "5391", "ano": "2023", "numero": "211", "tipo__sigla": "REQ", "tipo__descricao": "REQUERIMENTO", "autoria": "16 - BIAI", "texto_original": "http://sapl.olinda.pe.leg.br/media/", "ementa": "Requer INFORMA\u00c7\u00d5ES SOBRE ANDAMENTO DA CONSTRU\u00c7\u00c3O DAS 03 CRECHES PARA O BAIRRO DO RIO DOCE."}, {"id": "5392", "ano": "2023", "numero": "212", "tipo__sigla": "REQ", "tipo__descricao": "REQUERIMENTO", "autoria": "16 - BIAI", "texto_original": "http://sapl.olinda.pe.leg.br/media/", "ementa": "REQUER PAVIMENTA\u00c7\u00c3O DA RUA DA MACA\u00cdBA NA 4\u00aa ETAPA DO BAIRRO DO RIO DOCE."}, {"id": "5101", "ano": "2023", "numero": "213", "tipo__sigla": "REQ", "tipo__descricao": "REQUERIMENTO", "autoria": "15 - SAULO HOLANDA", "texto_original": "http://sapl.olinda.pe.leg.br/media/", "ementa": "Requer VOTO DE APLAUSOS ao Exmo. Prefeito Lup\u00e9rcio, pela conquista do Pr\u00eamio Nacional de Transpar\u00eancia de Gest\u00e3o (Selo Prata), no ano de 2022."}, {"id": "5102", "ano": "2023", "numero": "214", "tipo__sigla": "REQ", "tipo__descricao": "REQUERIMENTO", "autoria": "16 - BIAI", "texto_original": "http://sapl.olinda.pe.leg.br/media/", "ementa": "Requer PAVIMENTA\u00c7\u00c3O DA RUA DELMIRO MONTEIRO DA PURIFICA\u00c7\u00c3O NO BAIRRO DO JARDIM ATL\u00c2NTICO \u2013 OLINDA-PE."}, {"id": "5103", "ano": "2023", "numero": "215", "tipo__sigla": "REQ", "tipo__descricao": "REQUERIMENTO", "autoria": "07 - JESU\u00cdNO ARA\u00daJO", "texto_original": "http://sapl.olinda.pe.leg.br/media/", "ementa": "REQUER, APOIO AO PL 598/2023 DO CONGRESSO NACIONAL QUE CLASSIFICA A FIBROMIALGIA COMO DEFICI\u00caNCIA PARA TODOS OS FINS LEGAIS E DISP\u00d5E SOBRE O TRATAMENTO DA DOEN\u00c7A FORNECIDO PELO SISTEMA \u00daNICO DE SA\u00daDE \u2013 SUS."}, {"id": "5104", "ano": "2023", "numero": "216", "tipo__sigla": "REQ", "tipo__descricao": "REQUERIMENTO", "autoria": "14 - RICARDO SOUSA", "texto_original": "http://sapl.olinda.pe.leg.br/media/", "ementa": "Requer vistoria e poss\u00edvel poda da \u00e1rvore localizada na Rua Sete em frente ao n\u00famero 89, na 4\u00aa Etapa de Rio Doce, nesta."}, {"id": "5105", "ano": "2023", "numero": "217", "tipo__sigla": "REQ", "tipo__descricao": "REQUERIMENTO", "autoria": "16 - BIAI", "texto_original": "http://sapl.olinda.pe.leg.br/media/", "ementa": "Requer RECAPEAMENTO DA RUA HUMBERTO DE LIMA MENDES NO BAIRRO DO JARDIM FRAGOSO \u2013 OLINDA."}, {"id": "5106", "ano": "2023", "numero": "218", "tipo__sigla": "REQ", "tipo__descricao": "REQUERIMENTO", "autoria": "16 - BIAI", "texto_original": "http://sapl.olinda.pe.leg.br/media/", "ementa": "Requer RECAPEAMENTO DA RUA JO\u00c3O DE OLIVEIRA VALEN\u00c7A NO BAIRRO DE CASA CAIADA \u2013 OLINDA."}, {"id": "5107", "ano": "2023", "numero": "219", "tipo__sigla": "REQ", "tipo__descricao": "REQUERIMENTO", "autoria": "16 - BIAI", "texto_original": "http://sapl.olinda.pe.leg.br/media/", "ementa": "Requer RECAPEAMENTO DA RUA ARTUR SERPA, NO BAIRRO DO JARDIM FRAGOSO \u2013 OLINDA."}, {"id": "5108", "ano": "2023", "numero": "220", "tipo__sigla": "REQ", "tipo__descricao": "REQUERIMENTO", "autoria": "16 - BIAI", "texto_original": "http://sapl.olinda.pe.leg.br/media/", "ementa": "Requer RECAPEAMENTO DA RUA DR. MANOEL DE BARROS LIMA, NO BAIRRO NOVO \u2013 OLINDA, (NO TRECHO DO LABORAT\u00d3RIO MARCELO MAGALH\u00c3ES AT\u00c9 O BAR TOCA DO \u00cdNDIO)."}, {"id": "5109", "ano": "2023", "numero": "221", "tipo__sigla": "REQ", "tipo__descricao": "REQUERIMENTO", "autoria": "16 - BIAI", "texto_original": "http://sapl.olinda.pe.leg.br/media/", "ementa": "Requer SERVI\u00c7O DE TAPA BURACO NA RUA A-17 DA 1\u00aa ETAPA DO BAIRRO DO RIO DOCE."}, {"id": "5110", "ano": "2023", "numero": "222", "tipo__sigla": "REQ", "tipo__descricao": "REQUERIMENTO", "autoria": "16 - BIAI", "texto_original": "http://sapl.olinda.pe.leg.br/media/", "ementa": "Requer RECUPERA\u00c7\u00c3O DO ASFALTO DA RUA 2 NA 4\u00aa ETAPA DO BAIRRO DO RIO DOCE."}, {"id": "5111", "ano": "2023", "numero": "223", "tipo__sigla": "REQ", "tipo__descricao": "REQUERIMENTO", "autoria": "16 - BIAI", "texto_original": "http://sapl.olinda.pe.leg.br/media/", "ementa": "Requer RECUPERA\u00c7\u00c3O DO ASFALTO DA RUA 67 NA 4\u00aa ETAPA DO BAIRRO DO RIO DOCE."}, {"id": "5112", "ano": "2023", "numero": "224", "tipo__sigla": "REQ", "tipo__descricao": "REQUERIMENTO", "autoria": "07 - JESU\u00cdNO ARA\u00daJO", "texto_original": "http://sapl.olinda.pe.leg.br/media/", "ementa": "Requer RECUPERA\u00c7\u00c3O DO CAL\u00c7AMENTO/ASFALTO DA RUA ARTUR DE S\u00c1, VILA POPULAR, OLINDA - PE - CEP 53.230-050."}, {"id": "5113", "ano": "2023", "numero": "225", "tipo__sigla": "REQ", "tipo__descricao": "REQUERIMENTO", "autoria": "16 - BIAI", "texto_original": "http://sapl.olinda.pe.leg.br/media/", "ementa": "Requer avalia\u00e7\u00e3o em regime de urg\u00eancia a possibilidade or\u00e7ament\u00e1ria de contemplar os agentes de sa\u00fade contratados."}, {"id": "5114", "ano": "2023", "numero": "226", "tipo__sigla": "REQ", "tipo__descricao": "REQUERIMENTO", "autoria": "02 - DENISE ALMEIDA", "texto_original": "http://sapl.olinda.pe.leg.br/media/", "ementa": "Requer AUDI\u00caNCIA P\u00daBLICA para a discuss\u00e3o sobre os Autistas e suas demandas."}, {"id": "5393", "ano": "2023", "numero": "227", "tipo__sigla": "REQ", "tipo__descricao": "REQUERIMENTO", "autoria": "11 - Dete Silva", "texto_original": "http://sapl.olinda.pe.leg.br/media/", "ementa": "REQUER an\u00e1lise de propostas que criam novo piso salarial dos agentes comunit\u00e1rios de sa\u00fade (ACS) e agentes de combate \u00e0s endemias (ACE)."}, {"id": "5394", "ano": "2023", "numero": "228", "tipo__sigla": "REQ", "tipo__descricao": "REQUERIMENTO", "autoria": "17 - VLADEMIR LABANCA", "texto_original": "http://sapl.olinda.pe.leg.br/media/", "ementa": "REQUER limpeza do Canal do Bonsucesso, em toda a sua extens\u00e3o, na Rua Jo\u00e3o Ubaldo de Miranda, iniciando pr\u00f3ximo \u00e0 rua Sebasti\u00e3o de Souza Lopes at\u00e9 a rua S\u00e3o Miguel."}, {"id": "5395", "ano": "2023", "numero": "229", "tipo__sigla": "REQ", "tipo__descricao": "REQUERIMENTO", "autoria": "17 - VLADEMIR LABANCA", "texto_original": "http://sapl.olinda.pe.leg.br/media/", "ementa": "REQUER AO EXCELENT\u00cdSSIMO PREFEITO DA CIDADE DE OLINDA, que atrav\u00e9s da Secretaria de Obras, SEJA ENCAMINHADA AO PODER LEGISLATIVO, \u201cInforma\u00e7\u00f5es acerca da obra da Lagoa de reten\u00e7\u00e3o em Jardim Fragoso."}, {"id": "5396", "ano": "2023", "numero": "230", "tipo__sigla": "REQ", "tipo__descricao": "REQUERIMENTO", "autoria": "17 - VLADEMIR LABANCA", "texto_original": "http://sapl.olinda.pe.leg.br/media/", "ementa": "REQUER AO EXCELENT\u00cdSSIMO PREFEITO DA CIDADE DE OLINDA, que atrav\u00e9s da Secretaria de Obras, SEJA ENCAMINHADA AO PODER LEGISLATIVO, Informa\u00e7\u00f5es acerca do decreto de desapropria\u00e7\u00e3o de Jardim Fragoso."}, {"id": "5397", "ano": "2023", "numero": "231", "tipo__sigla": "REQ", "tipo__descricao": "REQUERIMENTO", "autoria": "09 - Fl\u00e1vio Nascimento", "texto_original": "http://sapl.olinda.pe.leg.br/media/", "ementa": "REQUER limpeza das canaletas em toda sua extens\u00e3o na Rua Da Caixa D\u2019\u00e1gua - Peixinhos Olinda - PE, 53220-250."}, {"id": "5398", "ano": "2023", "numero": "232", "tipo__sigla": "REQ", "tipo__descricao": "REQUERIMENTO", "autoria": "09 - Fl\u00e1vio Nascimento", "texto_original": "http://sapl.olinda.pe.leg.br/media/", "ementa": "REQUER Servi\u00e7os Advindos do Programa \u201cArrumando a Casa\u201d na Avenida Transamaz\u00f4nica no bairro de Jardim Brasil - Olinda CEP 53.300-240."}, {"id": "5399", "ano": "2023", "numero": "233", "tipo__sigla": "REQ", "tipo__descricao": "REQUERIMENTO", "autoria": "09 - Fl\u00e1vio Nascimento", "texto_original": "http://sapl.olinda.pe.leg.br/media/", "ementa": "REQUER Servi\u00e7os Advindos do Programa \u201cArrumando a Casa\u201d na Travessa Vasco Rodrigues, Bairro de Peixinhos \u2013 Olinda-CEP 53220-376."}, {"id": "5400", "ano": "2023", "numero": "234", "tipo__sigla": "REQ", "tipo__descricao": "REQUERIMENTO", "autoria": "09 - Fl\u00e1vio Nascimento", "texto_original": "http://sapl.olinda.pe.leg.br/media/", "ementa": "REQUER servi\u00e7os Advindos do Programa \u201cArrumando a Casa\u201d na Av. Vasco Rodrigues, Bairro de Peixinhos \u2013 Olinda-CEP 53.220-375."}, {"id": "5401", "ano": "2023", "numero": "235", "tipo__sigla": "REQ", "tipo__descricao": "REQUERIMENTO", "autoria": "09 - Fl\u00e1vio Nascimento", "texto_original": "http://sapl.olinda.pe.leg.br/media/", "ementa": "REQUER limpeza das canaletas, Na comunidade cabo gato conhecida como descida do embalo, Olinda - PE CEP 53220-520."}, {"id": "5402", "ano": "2023", "numero": "236", "tipo__sigla": "REQ", "tipo__descricao": "REQUERIMENTO", "autoria": "09 - Fl\u00e1vio Nascimento", "texto_original": "http://sapl.olinda.pe.leg.br/media/", "ementa": "REQUER Servi\u00e7os de Troca de L\u00e2mpadas para l\u00e2mpadas de LED em toda extens\u00e3o da Av. Vasco Rodrigues, Bairro de Peixinhos \u2013 Olinda-CEP 53.220-375."}, {"id": "5403", "ano": "2023", "numero": "237", "tipo__sigla": "REQ", "tipo__descricao": "REQUERIMENTO", "autoria": "09 - Fl\u00e1vio Nascimento", "texto_original": "http://sapl.olinda.pe.leg.br/media/", "ementa": "REQUER implanta\u00e7\u00e3o de um Posto Policial Efetivo na Av. Vasco Rodrigues, Bairro de Peixinhos \u2013 Olinda-CEP 53.220-375."}, {"id": "5404", "ano": "2023", "numero": "238", "tipo__sigla": "REQ", "tipo__descricao": "REQUERIMENTO", "autoria": "09 - Fl\u00e1vio Nascimento", "texto_original": "http://sapl.olinda.pe.leg.br/media/", "ementa": "REQUER limpeza das canaletas, remo\u00e7\u00e3o de entulhos, capina\u00e7\u00e3o, varri\u00e7\u00e3o e pintura de meio fio em toda extens\u00e3o da Rua Caruaru no bairro de Jardim Brasil 2 - Olinda CEP 53.300-180."}, {"id": "5405", "ano": "2023", "numero": "239", "tipo__sigla": "REQ", "tipo__descricao": "REQUERIMENTO", "autoria": "09 - Fl\u00e1vio Nascimento", "texto_original": "http://sapl.olinda.pe.leg.br/media/", "ementa": "REQUER limpeza das canaletas, remo\u00e7\u00e3o de entulhos, capina\u00e7\u00e3o, varri\u00e7\u00e3o e pintura de meio fio em toda extens\u00e3o da Rua Feira de Santana \u2013 Peixinhos - Olinda PE - CEP 53.300-290."}, {"id": "5406", "ano": "2023", "numero": "240", "tipo__sigla": "REQ", "tipo__descricao": "REQUERIMENTO", "autoria": "09 - Fl\u00e1vio Nascimento", "texto_original": "http://sapl.olinda.pe.leg.br/media/", "ementa": "REQUER realoca\u00e7\u00e3o de Placas e limpeza das canaletas, em toda extens\u00e3o na Rua Jequi\u00e9 no bairro de Jardim Brasil - Olinda CEP 53.300-300."}, {"id": "5407", "ano": "2023", "numero": "241", "tipo__sigla": "REQ", "tipo__descricao": "REQUERIMENTO", "autoria": "09 - Fl\u00e1vio Nascimento", "texto_original": "http://sapl.olinda.pe.leg.br/media/", "ementa": "REQUER limpeza das canaletas, remo\u00e7\u00e3o de entulhos, limpeza das canaletas capina\u00e7\u00e3o, varri\u00e7\u00e3o e pintura de meio fio em toda extens\u00e3o da Rua professor Luiz Magalh\u00e3es, Peixinhos, Olinda - PE - CEP 53.300-050."}, {"id": "5408", "ano": "2023", "numero": "242", "tipo__sigla": "REQ", "tipo__descricao": "REQUERIMENTO", "autoria": "09 - Fl\u00e1vio Nascimento", "texto_original": "http://sapl.olinda.pe.leg.br/media/", "ementa": "REQUER limpeza das canaletas, remo\u00e7\u00e3o de entulhos, capina\u00e7\u00e3o, varri\u00e7\u00e3o e pintura de meio fio em toda extens\u00e3o da Rua Ilh\u00e9us, Jardim Brasil, Olinda - PE - CEP 53.300-270."}, {"id": "5409", "ano": "2023", "numero": "243", "tipo__sigla": "REQ", "tipo__descricao": "REQUERIMENTO", "autoria": "09 - Fl\u00e1vio Nascimento", "texto_original": "http://sapl.olinda.pe.leg.br/media/", "ementa": "REQUER limpeza das canaletas, coloca\u00e7\u00e3o de Canaletas, remo\u00e7\u00e3o de entulhos, capina\u00e7\u00e3o, varri\u00e7\u00e3o em toda extens\u00e3o da Rua Salvador Jardim Brasil 2 Olinda cep 53.300-200."}, {"id": "5410", "ano": "2023", "numero": "244", "tipo__sigla": "REQ", "tipo__descricao": "REQUERIMENTO", "autoria": "09 - Fl\u00e1vio Nascimento", "texto_original": "http://sapl.olinda.pe.leg.br/media/", "ementa": "REQUER limpeza das canaletas, remo\u00e7\u00e3o de entulhos, capina\u00e7\u00e3o, varri\u00e7\u00e3o e pintura de meio fio em toda extens\u00e3o da Rua Vinte de Janeiro Peixinhos, Olinda - PE CEP 53220-520."}, {"id": "5411", "ano": "2023", "numero": "245", "tipo__sigla": "REQ", "tipo__descricao": "REQUERIMENTO", "autoria": "09 - Fl\u00e1vio Nascimento", "texto_original": "http://sapl.olinda.pe.leg.br/media/", "ementa": "REQUER e limpeza das canaletas, remo\u00e7\u00e3o de entulhos, capina\u00e7\u00e3o, varri\u00e7\u00e3o e pintura de meio fio, opera\u00e7\u00e3o tapa buracos em toda extens\u00e3o da Rua vinte e tr\u00eas de novembro no bairro de Peixinhos - Olinda CEP 53.230-600."}, {"id": "5412", "ano": "2023", "numero": "246", "tipo__sigla": "REQ", "tipo__descricao": "REQUERIMENTO", "autoria": "09 - Fl\u00e1vio Nascimento", "texto_original": "http://sapl.olinda.pe.leg.br/media/", "ementa": "FAZ INDICA\u00c7\u00c3O AO EXECUTIVO, SOBRE DE PROJETO DE LEI \u2013 PARA PERMITIR  A CONCESS\u00c3O DO PISO SALARIAL PARA OS ENFERMEIROS, T\u00c9CNICOS DE ENFERMAGEM, AUXILIARES DE ENFERMAGEM E PARTEIRAS NO \u00c2MBITO DA PREFEITURA MUNICIPAL DE OLINDA, DE ACORDO COM OS CRIT\u00c9RIOS NA LEI FEDERAL N\u00b0 14.434/2022 E EMENDA CONSTITUCIONAL N\u00b0 127/2022."}, {"id": "5413", "ano": "2023", "numero": "247", "tipo__sigla": "REQ", "tipo__descricao": "REQUERIMENTO", "autoria": "16 - BIAI", "texto_original": "http://sapl.olinda.pe.leg.br/media/", "ementa": "Requer PAVIMENTA\u00c7\u00c3O DA RUA JOANA NOBERTO PESSOA NO BAIRRO DE CASA CAIADA \u2013 OLINDA \u2013 PE."}, {"id": "5414", "ano": "2023", "numero": "248", "tipo__sigla": "REQ", "tipo__descricao": "REQUERIMENTO", "autoria": "07 - JESU\u00cdNO ARA\u00daJO", "texto_original": "http://sapl.olinda.pe.leg.br/media/", "ementa": "Requer, RECAPEAMENTO PARA A RUA CAETANO RIBEIRO, CEP. 53.130-440 \u2013 CASA CAIADA, NESTE MUNIC\u00cdPIO."}, {"id": "5415", "ano": "2023", "numero": "249", "tipo__sigla": "REQ", "tipo__descricao": "REQUERIMENTO", "autoria": "07 - JESU\u00cdNO ARA\u00daJO", "texto_original": "http://sapl.olinda.pe.leg.br/media/", "ementa": "Requer, CONSERTO/REPARO EM BURACO DE GRANDE PROPOR\u00c7\u00c3O NA RUA CAETANO RIBEIRO (ESQUINA COM A RUA ANTONIO ESTELITA PASSOS), CEP. CEP. 53.130-440, CASA CAIADA, NESTE MUNIC\u00cdPIO \u2013 FOTOS ANEXAS."}, {"id": "5116", "ano": "2023", "numero": "250", "tipo__sigla": "REQ", "tipo__descricao": "REQUERIMENTO", "autoria": "15 - SAULO HOLANDA", "texto_original": "http://sapl.olinda.pe.leg.br/media/", "ementa": "Requer VOTO DE APLAUSOS ao Jornal Folha de Pernambuco, pelos 25 anos do jornal, a serem comemorados no dia 3 de abril."}, {"id": "5416", "ano": "2023", "numero": "251", "tipo__sigla": "REQ", "tipo__descricao": "REQUERIMENTO", "autoria": "17 - VLADEMIR LABANCA", "texto_original": "http://sapl.olinda.pe.leg.br/media/", "ementa": "Requer terraplanagem da via com o uso de m\u00e1quina motoniveladora para retroespalhamento de metralhas na via."}, {"id": "5417", "ano": "2023", "numero": "252", "tipo__sigla": "REQ", "tipo__descricao": "REQUERIMENTO", "autoria": "14 - RICARDO SOUSA", "texto_original": "http://sapl.olinda.pe.leg.br/media/", "ementa": "Requer Sess\u00e3o Solene para a Semana da Enfermagem."}, {"id": "5418", "ano": "2023", "numero": "253", "tipo__sigla": "REQ", "tipo__descricao": "REQUERIMENTO", "autoria": "11 - Dete Silva", "texto_original": "http://sapl.olinda.pe.leg.br/media/", "ementa": "Requer ADES\u00c3O AO PROGRAMA REQUALIFICA SUS para constru\u00e7\u00e3o e reforma de Unidades B\u00e1sica de Sa\u00fade (UBS) e financiamentos a n\u00edvel Estadual e Federal."}, {"id": "5419", "ano": "2023", "numero": "254", "tipo__sigla": "REQ", "tipo__descricao": "REQUERIMENTO", "autoria": "15 - SAULO HOLANDA", "texto_original": "http://sapl.olinda.pe.leg.br/media/", "ementa": "Requer Recolhimento de animal e retirada de cocho para alimenta\u00e7\u00e3o de cavalo"}, {"id": "5420", "ano": "2023", "numero": "255", "tipo__sigla": "REQ", "tipo__descricao": "REQUERIMENTO", "autoria": "07 - JESU\u00cdNO ARA\u00daJO", "texto_original": "http://sapl.olinda.pe.leg.br/media/", "ementa": "VOTO DE APLAUSO ao Sr. Raphael Fabr\u00edcio Costa Lagedo, pela conquista do Pr\u00eamio Os Melhores do Ano de Olinda 2023, na categoria Cantor."}, {"id": "5421", "ano": "2023", "numero": "256", "tipo__sigla": "REQ", "tipo__descricao": "REQUERIMENTO", "autoria": "14 - RICARDO SOUSA", "texto_original": "http://sapl.olinda.pe.leg.br/media/", "ementa": "Requer que seja realizado um estudo para verificar a possibilidade de se implantar no terminal de Jardim Atl\u00e2ntico, a Feira de artesanato NOSSA ARTE."}, {"id": "5422", "ano": "2023", "numero": "258", "tipo__sigla": "REQ", "tipo__descricao": "REQUERIMENTO", "autoria": "15 - SAULO HOLANDA", "texto_original": "http://sapl.olinda.pe.leg.br/media/", "ementa": "Requer que sejam intensificadas as a\u00e7\u00f5es da opera\u00e7\u00e3o Inverno."}, {"id": "5423", "ano": "2023", "numero": "259", "tipo__sigla": "REQ", "tipo__descricao": "REQUERIMENTO", "autoria": "16 - BIAI", "texto_original": "http://sapl.olinda.pe.leg.br/media/", "ementa": "Requer CRIA\u00c7\u00c3O DE GRUPO DE TRABALHO PARA SOLUCIONAR PROBLEMAS NO CANAL DA Avenida M\u00c9XICO, Rio Doce, Olinda - PE."}, {"id": "5424", "ano": "2023", "numero": "260", "tipo__sigla": "REQ", "tipo__descricao": "REQUERIMENTO", "autoria": "02 - Irm\u00e3o Bi\u00e1", "texto_original": "http://sapl.olinda.pe.leg.br/media/", "ementa": "Requer terraplanagem na Rua Maria Rodrigues Teixeira, por tr\u00e1s da Madeireira Maga na Avenida Presidente Kennedy."}, {"id": "5425", "ano": "2023", "numero": "261", "tipo__sigla": "REQ", "tipo__descricao": "REQUERIMENTO", "autoria": "02 - Irm\u00e3o Bi\u00e1", "texto_original": "http://sapl.olinda.pe.leg.br/media/", "ementa": "Requer a\u00e7\u00f5es do Projeto Arrumando a Casa, na Primeira Travessa do Amanhecer."}, {"id": "5426", "ano": "2023", "numero": "262", "tipo__sigla": "REQ", "tipo__descricao": "REQUERIMENTO", "autoria": "02 - Irm\u00e3o Bi\u00e1", "texto_original": "http://sapl.olinda.pe.leg.br/media/", "ementa": "Requer recupera\u00e7\u00e3o (manuten\u00e7\u00e3o) da Pra\u00e7a da PL, situada na Primeira Travessa do Amanhecer."}, {"id": "5448", "ano": "2023", "numero": "264", "tipo__sigla": "REQ", "tipo__descricao": "REQUERIMENTO", "autoria": "17 - Vinicius Castello", "texto_original": "http://sapl.olinda.pe.leg.br/media/", "ementa": "Requer Audi\u00eancia P\u00fablica sobre as medidas emergenciais e as pol\u00edticas p\u00fablicas contra os danos causados pelas chuvas em Olinda: \u201cCHUVAS, DO CONTEXTO VIOLADOR \u00c0 ORDEM URBAN\u00cdSTICA, AO INTERESSE SOCIAL E AO DIREITO HUMANO \u00c0 MORADIA E \u00c0 VIDA\u201d"}, {"id": "5449", "ano": "2023", "numero": "265", "tipo__sigla": "REQ", "tipo__descricao": "REQUERIMENTO", "autoria": "07 - JESU\u00cdNO ARA\u00daJO", "texto_original": "http://sapl.olinda.pe.leg.br/media/", "ementa": "REQUER A Solicita\u00e7\u00e3o de viabiliza\u00e7\u00e3o junto ao Vem Livre Acesso/Grande Recife para que as m\u00e3es ou respons\u00e1veis por menores com defici\u00eancia cognitiva, em Olinda, tenham 04 tarifas dia, sem que o menor esteja presente."}, {"id": "5450", "ano": "2023", "numero": "266", "tipo__sigla": "REQ", "tipo__descricao": "REQUERIMENTO", "autoria": "07 - JESU\u00cdNO ARA\u00daJO", "texto_original": "http://sapl.olinda.pe.leg.br/media/", "ementa": "Requer provid\u00eancias administrativas para irregularidades encontradas na ESCOLA MUNICIPAL PRO MENOR localizada em Rio Doce, Olinda/PE."}, {"id": "5451", "ano": "2023", "numero": "267", "tipo__sigla": "REQ", "tipo__descricao": "REQUERIMENTO", "autoria": "07 - JESU\u00cdNO ARA\u00daJO", "texto_original": "http://sapl.olinda.pe.leg.br/media/", "ementa": "Requer, como PEDIDO DE INFORMA\u00c7\u00c3O, rela\u00e7\u00e3o contendo todos os autom\u00f3veis, com respectivos contratos, que prestam servi\u00e7os a essa Secretaria de Sa\u00fade."}, {"id": "5453", "ano": "2023", "numero": "268", "tipo__sigla": "REQ", "tipo__descricao": "REQUERIMENTO", "autoria": "07 - JESU\u00cdNO ARA\u00daJO", "texto_original": "http://sapl.olinda.pe.leg.br/media/", "ementa": "Requer, como PEDIDO DE INFORMA\u00c7\u00c3O, rela\u00e7\u00e3o contendo todos os autom\u00f3veis, com respectivos contratos, que prestam servi\u00e7os a essa Secretaria de Patrim\u00f4nio, Cultura, Turismo."}, {"id": "5454", "ano": "2023", "numero": "269", "tipo__sigla": "REQ", "tipo__descricao": "REQUERIMENTO", "autoria": "07 - JESU\u00cdNO ARA\u00daJO", "texto_original": "http://sapl.olinda.pe.leg.br/media/", "ementa": "Requer, como PEDIDO DE INFORMA\u00c7\u00c3O, rela\u00e7\u00e3o contendo todos os autom\u00f3veis, com respectivos contratos, que prestam servi\u00e7os a essa Secretaria de Educa\u00e7\u00e3o."}, {"id": "5455", "ano": "2023", "numero": "270", "tipo__sigla": "REQ", "tipo__descricao": "REQUERIMENTO", "autoria": "07 - JESU\u00cdNO ARA\u00daJO", "texto_original": "http://sapl.olinda.pe.leg.br/media/", "ementa": "Requer, como PEDIDO DE INFORMA\u00c7\u00c3O, esclarecimentos sobre a realiza\u00e7\u00e3o da obra e da administra\u00e7\u00e3o/explora\u00e7\u00e3o das bancas em \u00e1rea p\u00fablica da feira de Rio Doce."}, {"id": "5456", "ano": "2023", "numero": "271", "tipo__sigla": "REQ", "tipo__descricao": "REQUERIMENTO", "autoria": "07 - JESU\u00cdNO ARA\u00daJO", "texto_original": "http://sapl.olinda.pe.leg.br/media/", "ementa": "Requer, como PEDIDO DE INFORMA\u00c7\u00c3O, c\u00f3pias de todos os contratos de presta\u00e7\u00e3o de servi\u00e7os ao evento de comemora\u00e7\u00e3o aos 40 anos do t\u00edtulo de Patrim\u00f4nio Cultural da Humanidade."}, {"id": "5457", "ano": "2023", "numero": "272", "tipo__sigla": "REQ", "tipo__descricao": "REQUERIMENTO", "autoria": "07 - JESU\u00cdNO ARA\u00daJO", "texto_original": "http://sapl.olinda.pe.leg.br/media/", "ementa": "Requer, como PEDIDO DE INFORMA\u00c7\u00c3O, C\u00f3pia de todos os empenhos que foram pagos em 2022, referentes \u00e0s contas de luz e \u00e1gua das escolas municipais de Olinda."}, {"id": "5458", "ano": "2023", "numero": "273", "tipo__sigla": "REQ", "tipo__descricao": "REQUERIMENTO", "autoria": "07 - JESU\u00cdNO ARA\u00daJO", "texto_original": "http://sapl.olinda.pe.leg.br/media/", "ementa": "Requer, como PEDIDO DE INFORMA\u00c7\u00c3O, c\u00f3pia de todos os contratos, atualizados, referentes \u00e0 dedetiza\u00e7\u00e3o das escolas municipais de Olinda."}, {"id": "5459", "ano": "2023", "numero": "274", "tipo__sigla": "REQ", "tipo__descricao": "REQUERIMENTO", "autoria": "11 - Dete Silva", "texto_original": "http://sapl.olinda.pe.leg.br/media/", "ementa": "Requer, INFORMA\u00c7\u00d5ES, sobre QUADRO DE SERVIDORES EFETIVOS, COMISSIONADOS E CONTRATADOS, AL\u00c9M DOS REEDUCANDOS DO SISTEMA PRISIONAL, LOTADOS NOS CEMIT\u00c9RIOS DO GUADALUPE E \u00c1GUAS COMPRIDAS NOS \u00daLTIMOS 12 MESES."}, {"id": "5460", "ano": "2023", "numero": "275", "tipo__sigla": "REQ", "tipo__descricao": "REQUERIMENTO", "autoria": "11 - Dete Silva", "texto_original": "http://sapl.olinda.pe.leg.br/media/", "ementa": "Requer, INFORMA\u00c7\u00d5ES, SOBRE EXECU\u00c7\u00c3O DAS OBRAS DE CONSTRU\u00c7\u00c3O DAS PONTES SITUADAS NOS BAIRROS RIO DOCE E OURO PRETO."}, {"id": "5461", "ano": "2023", "numero": "276", "tipo__sigla": "REQ", "tipo__descricao": "REQUERIMENTO", "autoria": "07 - JESU\u00cdNO ARA\u00daJO", "texto_original": "http://sapl.olinda.pe.leg.br/media/", "ementa": "Requer provid\u00eancias para reestrutura\u00e7\u00e3o/revitaliza\u00e7\u00e3o/reforma/aquisi\u00e7\u00e3o de brinquedos para a pra\u00e7a fernandes vieira"}, {"id": "5462", "ano": "2023", "numero": "277", "tipo__sigla": "REQ", "tipo__descricao": "REQUERIMENTO", "autoria": "07 - JESU\u00cdNO ARA\u00daJO", "texto_original": "http://sapl.olinda.pe.leg.br/media/", "ementa": "Requer, recapeamento para a rua astral, cep. 53.210-090 \u2013 caixa d\u2019\u00e1gua, neste munic\u00edpio"}, {"id": "5463", "ano": "2023", "numero": "278", "tipo__sigla": "REQ", "tipo__descricao": "REQUERIMENTO", "autoria": "17 - Vinicius Castello", "texto_original": "http://sapl.olinda.pe.leg.br/media/", "ementa": "Requer, Cal\u00e7amento e pavimenta\u00e7\u00e3o da Rua Palmares, CEP 53.220-451, Peixinhos - Olinda."}, {"id": "5464", "ano": "2023", "numero": "279", "tipo__sigla": "REQ", "tipo__descricao": "REQUERIMENTO", "autoria": "17 - Vinicius Castello", "texto_original": "http://sapl.olinda.pe.leg.br/media/", "ementa": "Requer, Cal\u00e7amento e pavimenta\u00e7\u00e3o da Rua Gravata, CEP 53.220-700, Peixinhos - Olinda"}, {"id": "5465", "ano": "2023", "numero": "280", "tipo__sigla": "REQ", "tipo__descricao": "REQUERIMENTO", "autoria": "17 - Vinicius Castello", "texto_original": "http://sapl.olinda.pe.leg.br/media/", "ementa": "Requer, Cal\u00e7amento e pavimenta\u00e7\u00e3o da Rua Travessa Paulista, CEP 53.260-020, Peixinhos - Olinda"}, {"id": "5466", "ano": "2023", "numero": "281", "tipo__sigla": "REQ", "tipo__descricao": "REQUERIMENTO", "autoria": "17 - Vinicius Castello", "texto_original": "http://sapl.olinda.pe.leg.br/media/", "ementa": "Requer, Cal\u00e7amento e pavimenta\u00e7\u00e3o da Rua Andr\u00e9 Temudo, CEP 53.300-010, Peixinhos - Olinda"}, {"id": "5467", "ano": "2023", "numero": "282", "tipo__sigla": "REQ", "tipo__descricao": "REQUERIMENTO", "autoria": "17 - Vinicius Castello", "texto_original": "http://sapl.olinda.pe.leg.br/media/", "ementa": "Requer, Cal\u00e7amento e pavimenta\u00e7\u00e3o da Rua Goiana, CEP 53.220-590, Peixinhos- Olinda"}, {"id": "5468", "ano": "2023", "numero": "284", "tipo__sigla": "REQ", "tipo__descricao": "REQUERIMENTO", "autoria": "14 - RICARDO SOUSA", "texto_original": "http://sapl.olinda.pe.leg.br/media/", "ementa": "Requer realiza\u00e7\u00e3o da a\u00e7\u00e3o Arrumando a Pra\u00e7a, na Pra\u00e7a S\u00e3o Crist\u00f3v\u00e3o, localizada na Avenida Tiradentes no bairro de Rio Doce."}, {"id": "5469", "ano": "2023", "numero": "285", "tipo__sigla": "REQ", "tipo__descricao": "REQUERIMENTO", "autoria": "16 - BIAI", "texto_original": "http://sapl.olinda.pe.leg.br/media/", "ementa": "Requer, IMPLANTA\u00c7\u00c3O DE EQUIPAMENTOS DE GIN\u00c1STICA NO P\u00c1TIO LOCALIZADO EM FRENTE AO EST\u00c1DIO GRITO DA REP\u00daBLICA. Localizado Av. Cel. Frederico Lundgren, 1180, Olinda - PE"}, {"id": "5470", "ano": "2023", "numero": "286", "tipo__sigla": "REQ", "tipo__descricao": "REQUERIMENTO", "autoria": "16 - BIAI", "texto_original": "http://sapl.olinda.pe.leg.br/media/", "ementa": "Requer, IMPLANTA\u00c7\u00c3O DE GRAMADO SINT\u00c9TICO NO MINI CAMPO DO EST\u00c1DIO GRITO DA REP\u00daBLICA. Localizado Av. Cel. Frederico Lundgren, 1180, Olinda - PE."}, {"id": "5471", "ano": "2023", "numero": "287", "tipo__sigla": "REQ", "tipo__descricao": "REQUERIMENTO", "autoria": "16 - BIAI", "texto_original": "http://sapl.olinda.pe.leg.br/media/", "ementa": "REQUER, COLOCA\u00c7\u00c3O DE LIXEIRAS EM TODAS AS RUAS DA CIDADE DE OLINDA."}, {"id": "5472", "ano": "2023", "numero": "288", "tipo__sigla": "REQ", "tipo__descricao": "REQUERIMENTO", "autoria": "16 - BIAI", "texto_original": "http://sapl.olinda.pe.leg.br/media/", "ementa": "REQUER LIMPEZA DAS PRAIAS COM M\u00c1QUINA DE LIMPEZA (TRATOR)"}, {"id": "5473", "ano": "2023", "numero": "289", "tipo__sigla": "REQ", "tipo__descricao": "REQUERIMENTO", "autoria": "17 - Vinicius Castello", "texto_original": "http://sapl.olinda.pe.leg.br/media/", "ementa": "Requer, informa\u00e7\u00f5es acerca do status atualizado dos projetos, advindos das emendas parlamentares do Deputado Federal Carlos Veras e Vereador Vinicius Castello, referentes \u00e0 consecu\u00e7\u00e3o da estrutura\u00e7\u00e3o e pavimenta\u00e7\u00e3o das ruas: Rua S\u00edtio Santa Francisca - Tabajara; e Rua Travessa S\u00e3o Francisco - Tabajara;"}, {"id": "5474", "ano": "2023", "numero": "290", "tipo__sigla": "REQ", "tipo__descricao": "REQUERIMENTO", "autoria": "17 - VLADEMIR LABANCA", "texto_original": "http://sapl.olinda.pe.leg.br/media/", "ementa": "REQUER A CRIA\u00c7\u00c3O DE PROJETOS COM ESTIMATIVA DE CUSTOS PARA AMPLIA\u00c7\u00c3O DO CEMITERIO DO GUADALUPE."}, {"id": "5475", "ano": "2023", "numero": "292", "tipo__sigla": "REQ", "tipo__descricao": "REQUERIMENTO", "autoria": "07 - JESU\u00cdNO ARA\u00daJO", "texto_original": "http://sapl.olinda.pe.leg.br/media/", "ementa": "REQUER APOSI\u00c7\u00c3O DE TAMPAS EM CANALETAS NA AR\u00c9A DO CAMPO (CEP  53220-235) E RUA GIRIQUITI (CEP.53.220-010), PEIXINHOS, NESTE MUNIC\u00cdPIO."}, {"id": "5476", "ano": "2023", "numero": "293", "tipo__sigla": "REQ", "tipo__descricao": "REQUERIMENTO", "autoria": "11 - Dete Silva", "texto_original": "http://sapl.olinda.pe.leg.br/media/", "ementa": "REQUER INFORMA\u00c7\u00d5ES SOBRE QUANTIDADE DE \u00d3BITOS NOS CEMIT\u00c9RIOS DE OLINDA NOS \u00daLTIMOS TR\u00caS ANOS, BEM COMO INFORMA\u00c7\u00d5ES SOBRE TAXAS COBRADAS PARA SEPULTAMENTO E TRENSFER\u00caNCIA DE OSSADAS."}, {"id": "5138", "ano": "2023", "numero": "294", "tipo__sigla": "REQ", "tipo__descricao": "REQUERIMENTO", "autoria": "15 - SAULO HOLANDA", "texto_original": "http://sapl.olinda.pe.leg.br/media/", "ementa": "Requer AUDI\u00caNCIA P\u00daBLICA para discutir a interdi\u00e7\u00e3o e seguran\u00e7a para os pr\u00e9dios desapropriados no Munic\u00edpio."}, {"id": "5477", "ano": "2023", "numero": "295", "tipo__sigla": "REQ", "tipo__descricao": "REQUERIMENTO", "autoria": "11 - Dete Silva", "texto_original": "http://sapl.olinda.pe.leg.br/media/", "ementa": "REQUER INFORMA\u00c7\u00d5ES SOBRE A SITUA\u00c7\u00c3O DA SEGURAN\u00c7A NAS ESCOLAS DA REDE P\u00daBLICA MUNICIPAL, BEM COMO OS PLANOS E POL\u00cdTICAS PREVENTIVAS CONTRA A\u00c7\u00d5ES VIOLENTAS NESSES ESTABELECIMENTOS DE ENSINO.\u201d"}, {"id": "5478", "ano": "2023", "numero": "296", "tipo__sigla": "REQ", "tipo__descricao": "REQUERIMENTO", "autoria": "16 - BIAI", "texto_original": "http://sapl.olinda.pe.leg.br/media/", "ementa": "REQUER PAVIMENTA\u00c7\u00c3O DA RUA DELMIRO MONTEIRO DA PURIFICA\u00c7\u00c3O NO BAIRRO DO JARDIM ATL\u00c2NTICO \u2013OLINDA-PE."}, {"id": "5479", "ano": "2023", "numero": "297", "tipo__sigla": "REQ", "tipo__descricao": "REQUERIMENTO", "autoria": "17 - Vinicius Castello", "texto_original": "http://sapl.olinda.pe.leg.br/media/", "ementa": "REQUER MO\u00c7\u00c3O DE PESAR, PELAS MORTES DO EDIF\u00cdCIO LEME"}, {"id": "5139", "ano": "2023", "numero": "299", "tipo__sigla": "REQ", "tipo__descricao": "REQUERIMENTO", "autoria": "17 - Vinicius Castello", "texto_original": "http://sapl.olinda.pe.leg.br/media/", "ementa": "Requer VOTO DE APLAUSO aos profissionais que atuaram no Resgate do Edif\u00edcio Leme em Olinda,"}, {"id": "5480", "ano": "2023", "numero": "300", "tipo__sigla": "REQ", "tipo__descricao": "REQUERIMENTO", "autoria": "17 - Vinicius Castello", "texto_original": "http://sapl.olinda.pe.leg.br/media/", "ementa": "REQUER VOTO DE REP\u00daDIO EM FACE A TRAG\u00c9DIA OCORRIDA NO EDIF\u00cdCIO LEME."}, {"id": "5481", "ano": "2023", "numero": "301", "tipo__sigla": "REQ", "tipo__descricao": "REQUERIMENTO", "autoria": "11 - Dete Silva", "texto_original": "http://sapl.olinda.pe.leg.br/media/", "ementa": "REQUER INFORMA\u00c7\u00d5ES SOBRE AS OBRAS DE INFRAESTRUTURA E PREVEN\u00c7\u00c3O J\u00c1 EXECUTADAS OU EM ANDAMENTO DA OPERA\u00c7\u00c3O INVERNO 2023. BEM COMO A RELA\u00c7\u00c3O DE QUAIS SER\u00c3O AS COMUNIDADES BENECIFICADAS, CONTENDO O TIPO DE INTERVEN\u00c7\u00c3O E QUAIS OS VALORES GASTOS.\u201d"}, {"id": "5140", "ano": "2023", "numero": "303", "tipo__sigla": "REQ", "tipo__descricao": "REQUERIMENTO", "autoria": "15 - SAULO HOLANDA", "texto_original": "http://sapl.olinda.pe.leg.br/media/", "ementa": "Requer VOTO DE APLAUSO ao Corpo de Bombeiros Militar de Pernambuco e a Defesa Civil do Munic\u00edpio de Olinda, pela incr\u00edvel dedica\u00e7\u00e3o e trabalho incans\u00e1vel realizados em defesa das fam\u00edlias afetadas do Edif\u00edcio Leme- Olinda."}, {"id": "5141", "ano": "2023", "numero": "304", "tipo__sigla": "REQ", "tipo__descricao": "REQUERIMENTO", "autoria": "15 - SAULO HOLANDA", "texto_original": "http://sapl.olinda.pe.leg.br/media/", "ementa": "Requer VOTO DE APLAUSO ao Maracatu Maracambuco, que completa 30 anos de Funda\u00e7\u00e3o e pelo recebimento do Pr\u00eamio Duarte Coelho."}, {"id": "5482", "ano": "2023", "numero": "305", "tipo__sigla": "REQ", "tipo__descricao": "REQUERIMENTO", "autoria": "11 - Dete Silva", "texto_original": "http://sapl.olinda.pe.leg.br/media/", "ementa": "\u201cREQUER INFORMA\u00c7\u00d5ES SOBRE OS EDIF\u00cdCIOS CONDENADOS NO MUNIC\u00cdPIO DE OLINDA, AL\u00c9M DO ESCLARECIMENTO SE EXITE A PREVIS\u00c3O DE SUA DEMOLI\u00c7\u00c3O DESTES IM\u00d3VEIS."}, {"id": "5483", "ano": "2023", "numero": "306", "tipo__sigla": "REQ", "tipo__descricao": "REQUERIMENTO", "autoria": "11 - Dete Silva", "texto_original": "http://sapl.olinda.pe.leg.br/media/", "ementa": "REQUER INFORMA\u00c7\u00d5ES SOBRE A SITUA\u00c7\u00c3O DOS MORADORES EM SITUA\u00c7\u00c3O DE RISCO NOS EDIF\u00cdCIOS TIDOS COMO CONDENADOS NA CIDADE OLINDA."}, {"id": "5484", "ano": "2023", "numero": "307", "tipo__sigla": "REQ", "tipo__descricao": "REQUERIMENTO", "autoria": "17 - VLADEMIR LABANCA", "texto_original": "http://sapl.olinda.pe.leg.br/media/", "ementa": "REQUER A JUNTO AO GOVERNO DO ESTADO, A DESTINA\u00c7\u00c3O DE 5% DO VALOR DO EMPR\u00c9STIMO ENVIADO \u00c0 ASSEMBLEIA LEGISLATIVA DE PERNAMBUCO. PARA A CONCLUS\u00c3O DA OBRA DO FRAGOSO, DA PONTE DE RIO DOCE AT\u00c9 A PONTE DO JANGA E PARA REFORMA E AMPLIA\u00c7\u00c3O DO CEMIT\u00c9RIO DO GUADALUPE, BEBERIBE. AL\u00c9M DA CONSTRU\u00c7\u00c3O DE HABITACIONAIS EM OLINDA."}, {"id": "5142", "ano": "2023", "numero": "308", "tipo__sigla": "REQ", "tipo__descricao": "REQUERIMENTO", "autoria": "11 - Dete Silva", "texto_original": "http://sapl.olinda.pe.leg.br/media/", "ementa": "Requer AUDI\u00caNCIA P\u00daBLICA sobre a transfer\u00eancia da Companhia Independente de Apoio ao Turista \u2013 CIATur \u2013 de Olinda para o Recife, anunciado pelo Governo do Estado de Pernambuco, atrav\u00e9s da Secretaria de Defesa Social e do Comando da Pol\u00edcia Militar de Pernambuco."}, {"id": "5143", "ano": "2023", "numero": "309", "tipo__sigla": "REQ", "tipo__descricao": "REQUERIMENTO", "autoria": "17 - Vinicius Castello", "texto_original": "http://sapl.olinda.pe.leg.br/media/", "ementa": "Requer VOTO DE REP\u00daDIO em face da transfer\u00eancia da CIATur."}, {"id": "5493", "ano": "2023", "numero": "310", "tipo__sigla": "REQ", "tipo__descricao": "REQUERIMENTO", "autoria": "17 - Vinicius Castello", "texto_original": "http://sapl.olinda.pe.leg.br/media/", "ementa": "Requer informa\u00e7\u00f5es acerca da Transfer\u00eancia da CIATur."}, {"id": "5494", "ano": "2023", "numero": "311", "tipo__sigla": "REQ", "tipo__descricao": "REQUERIMENTO", "autoria": "09 - Fl\u00e1vio Nascimento", "texto_original": "http://sapl.olinda.pe.leg.br/media/", "ementa": "Requer limpeza das canaletas, Rua descida do cabo gato, Olinda/PE, Olinda - PE CEP 53220-520."}, {"id": "5495", "ano": "2023", "numero": "312", "tipo__sigla": "REQ", "tipo__descricao": "REQUERIMENTO", "autoria": "09 - Fl\u00e1vio Nascimento", "texto_original": "http://sapl.olinda.pe.leg.br/media/", "ementa": "Requer limpeza das canaletas, remo\u00e7\u00e3o de entulhos, capina\u00e7\u00e3o, varri\u00e7\u00e3o e pintura de meio fio, opera\u00e7\u00e3o tapa buracos em toda extens\u00e3o da Rua c\u00f4nego Jonas taurino N\u00ba 165 em frente Em frente \u00e0 igreja IBU ,Vila Uni\u00e3o Bairro de Peixinhos 53.260-180."}, {"id": "5154", "ano": "2023", "numero": "313", "tipo__sigla": "REQ", "tipo__descricao": "REQUERIMENTO", "autoria": "09 - Fl\u00e1vio Nascimento", "texto_original": "http://sapl.olinda.pe.leg.br/media/", "ementa": "Requer VOTO DE APLAUSO para o INSTITUTO ABC DA MAMA \u2013 IABCM, pelos servi\u00e7os prestados a mulheres v\u00edtimas de c\u00e2ncer de mama."}, {"id": "5496", "ano": "2023", "numero": "314", "tipo__sigla": "REQ", "tipo__descricao": "REQUERIMENTO", "autoria": "17 - Vinicius Castello", "texto_original": "http://sapl.olinda.pe.leg.br/media/", "ementa": "Requer Relat\u00f3rio Completo do Carnaval de Olinda 2023 em face da necessidade fiel cumprimento da Lei Municipal 5.306/2001 (Lei do Carnaval), e suas altera\u00e7\u00f5es abarcadas pela Lei Municipal 5.297/2015."}, {"id": "5497", "ano": "2023", "numero": "315", "tipo__sigla": "REQ", "tipo__descricao": "REQUERIMENTO", "autoria": "16 - BIAI", "texto_original": "http://sapl.olinda.pe.leg.br/media/", "ementa": "Requer a cria\u00e7\u00e3o de LOMBADAS NA AVENIDA DAS GAR\u00c7AS NO BAIRRO DO RIO DOCE \u2013 OLINDA-PE."}, {"id": "5158", "ano": "2023", "numero": "316", "tipo__sigla": "REQ", "tipo__descricao": "REQUERIMENTO", "autoria": "17 - Vinicius Castello", "texto_original": "http://sapl.olinda.pe.leg.br/media/", "ementa": "Requer VOTO DE APLAUSO em mem\u00f3ria das organiza\u00e7\u00f5es, coletivas e territoriais que incidiram no desastre s\u00f3cio, econ\u00f4mico e social das chuvas de maio e junho de 2022 em mem\u00f3ria da aproxima\u00e7\u00e3o do anivers\u00e1rio da trag\u00e9dia."}, {"id": "5498", "ano": "2023", "numero": "317", "tipo__sigla": "REQ", "tipo__descricao": "REQUERIMENTO", "autoria": "14 - RICARDO SOUSA", "texto_original": "http://sapl.olinda.pe.leg.br/media/", "ementa": "REQUER IMPLANTA\u00c7\u00c3O DO PISO SALARIAL DE TODA CLASSE DA ENFERMAGEM."}, {"id": "5499", "ano": "2023", "numero": "318", "tipo__sigla": "REQ", "tipo__descricao": "REQUERIMENTO", "autoria": "15 - SAULO HOLANDA", "texto_original": "http://sapl.olinda.pe.leg.br/media/", "ementa": "REQUER REPARO NO VAZAMENTO DE \u00c1GUA DA RUA DUARTE COELHO, BAIRRO SANTA TERESA."}, {"id": "5500", "ano": "2023", "numero": "319", "tipo__sigla": "REQ", "tipo__descricao": "REQUERIMENTO", "autoria": "17 - Vinicius Castello", "texto_original": "http://sapl.olinda.pe.leg.br/media/", "ementa": "REQUER CAL\u00c7AMENTO E PAVIMENTA\u00c7\u00c3O DA RUA TRAVESSA DO CAJUEIRO, CEP 53.060-491, FRAGOSO- OLINDA"}, {"id": "5501", "ano": "2023", "numero": "320", "tipo__sigla": "REQ", "tipo__descricao": "REQUERIMENTO", "autoria": "17 - Vinicius Castello", "texto_original": "http://sapl.olinda.pe.leg.br/media/", "ementa": "REQUER REPAROS NOS BURACOS DA PAVIMENTA\u00c7\u00c3O DA RUA ASTRAL, CEP 53.210-250, CAIXA D'\u00c1GUA- OLINDA"}, {"id": "5502", "ano": "2023", "numero": "321", "tipo__sigla": "REQ", "tipo__descricao": "REQUERIMENTO", "autoria": "09 - Fl\u00e1vio Nascimento", "texto_original": "http://sapl.olinda.pe.leg.br/media/", "ementa": "REQUER 4(QUATRO)BANHEIROS QU\u00cdMICOS PARA O ARRAIAL DO BLOCO DE ONTEM PARA TRAS N\u00c3O BEBO MAIS."}, {"id": "5503", "ano": "2023", "numero": "322", "tipo__sigla": "REQ", "tipo__descricao": "REQUERIMENTO", "autoria": "09 - Fl\u00e1vio Nascimento", "texto_original": "http://sapl.olinda.pe.leg.br/media/", "ementa": "REQUER REFLETORES PARA O ARRAIAL DO BLOCO DE ONTEM PARA TRAS N\u00c3O BEBO MAIS."}, {"id": "5504", "ano": "2023", "numero": "323", "tipo__sigla": "REQ", "tipo__descricao": "REQUERIMENTO", "autoria": "09 - Fl\u00e1vio Nascimento", "texto_original": "http://sapl.olinda.pe.leg.br/media/", "ementa": "REQUER ATRA\u00c7\u00d5ES PARA O ARRAIAL DO BLOCO DE ONTEM PARA TRAS N\u00c3O BEBO MAIS."}, {"id": "5505", "ano": "2023", "numero": "327", "tipo__sigla": "REQ", "tipo__descricao": "REQUERIMENTO", "autoria": "09 - Fl\u00e1vio Nascimento", "texto_original": "http://sapl.olinda.pe.leg.br/media/", "ementa": "REQUER INTERDI\u00c7\u00c3O DA RUA VINTE E TR\u00caS DE NOVEMBRO N\u00ba 118 NO BAIRRO DE PEIXINHOS CEP 53.230-600, PARA FESTIVIDADES E ATRA\u00c7\u00d5ES."}, {"id": "5168", "ano": "2023", "numero": "328", "tipo__sigla": "REQ", "tipo__descricao": "REQUERIMENTO", "autoria": "09 - Fl\u00e1vio Nascimento", "texto_original": "http://sapl.olinda.pe.leg.br/media/", "ementa": "Requer VOTO DE APLAUSO para a Escola de Aprendizes de Marinheiros de Pernambuco (EAMPE), pelos servi\u00e7os prestados a comunidade referente ao Programas For\u00e7as no Esporte (PROFESP)."}, {"id": "5169", "ano": "2023", "numero": "329", "tipo__sigla": "REQ", "tipo__descricao": "REQUERIMENTO", "autoria": "07 - JESU\u00cdNO ARA\u00daJO", "texto_original": "http://sapl.olinda.pe.leg.br/media/", "ementa": "Requer VOTO DE APLAUSO ao Seven Beach Club, o mais novo empreendimento da cidade de Olinda, nas pessoas de seus idealizadores."}, {"id": "5170", "ano": "2023", "numero": "330", "tipo__sigla": "REQ", "tipo__descricao": "REQUERIMENTO", "autoria": "10 - Joj\u00f3 Guerra", "texto_original": "http://sapl.olinda.pe.leg.br/media/", "ementa": "Requer VOTO DE APLAUSO para Maria do Carmo da Silva, moradora de Sapucaia que chegou ao marco hist\u00f3rico de 108 anos de idade"}, {"id": "5506", "ano": "2023", "numero": "331", "tipo__sigla": "REQ", "tipo__descricao": "REQUERIMENTO", "autoria": "10 - Joj\u00f3 Guerra", "texto_original": "http://sapl.olinda.pe.leg.br/media/", "ementa": "REQUER INFORMA\u00c7\u00d5ES SOBRE EXIST\u00caNCIA DE LICITA\u00c7\u00c3O PARA APLICA\u00c7\u00c3O DE GEOMANTA NA REGI\u00c3O DE \u00c1GUAS COMPRIDAS E QUAIS OS LOCAIS SER\u00c3O ALCAN\u00c7ADAS."}, {"id": "5507", "ano": "2023", "numero": "332", "tipo__sigla": "REQ", "tipo__descricao": "REQUERIMENTO", "autoria": "16 - Tonny Magalh\u00e3es", "texto_original": "http://sapl.olinda.pe.leg.br/media/", "ementa": "REQUER REPOSI\u00c7\u00c3O DA PAVIMENTA\u00c7\u00c3O DA RUA FRANCISCO BATISTA BEZERRA"}, {"id": "5508", "ano": "2023", "numero": "333", "tipo__sigla": "REQ", "tipo__descricao": "REQUERIMENTO", "autoria": "11 - Dete Silva", "texto_original": "http://sapl.olinda.pe.leg.br/media/", "ementa": "REQUER MANUTEN\u00c7\u00c3O DE PRA\u00c7AS E MINI\u00c1REAS DE LAZER NO BAIRRO DE JD. BRASIL"}, {"id": "5509", "ano": "2023", "numero": "334", "tipo__sigla": "REQ", "tipo__descricao": "REQUERIMENTO", "autoria": "11 - Dete Silva", "texto_original": "http://sapl.olinda.pe.leg.br/media/", "ementa": "REQUER SERVI\u00c7OS DE LIMPEZA DE CANALETAS, ILUMINA\u00c7\u00c3O, CAPINA\u00c7\u00c3O, PINTURA DE MEIO-FIO E RECAPEAMENTO EM DIVERSAS \u00c1REAS DO BAIRRO DE PEIXINHOS E JD. BRASIL."}, {"id": "5510", "ano": "2023", "numero": "335", "tipo__sigla": "REQ", "tipo__descricao": "REQUERIMENTO", "autoria": "11 - Dete Silva", "texto_original": "http://sapl.olinda.pe.leg.br/media/", "ementa": "REQUER SERVI\u00c7OS DE LIMPEZA DE CANALETAS, ILUMINA\u00c7\u00c3O, CAPINA\u00c7\u00c3O, PINTURA DE MEIO-FIO E RECAPEAMENTO EM DIVERSAS \u00c1REAS DO BAIRRO DE RIO DOCE."}, {"id": "5511", "ano": "2023", "numero": "336", "tipo__sigla": "REQ", "tipo__descricao": "REQUERIMENTO", "autoria": "11 - Dete Silva", "texto_original": "http://sapl.olinda.pe.leg.br/media/", "ementa": "REQUER SERVI\u00c7OS DE LIMPEZA DE CANALETAS, ILUMINA\u00c7\u00c3O, CAPINA\u00c7\u00c3O, PINTURA DE MEIO-FIO E RECAPEAMENTO EM DIVERSAS \u00c1REAS DO BAIRRO DE JARDIM ATL\u00c2NTICO"}, {"id": "5512", "ano": "2023", "numero": "337", "tipo__sigla": "REQ", "tipo__descricao": "REQUERIMENTO", "autoria": "17 - Vinicius Castello", "texto_original": "http://sapl.olinda.pe.leg.br/media/", "ementa": "REQUER INFORMA\u00c7\u00d5ES EM FACE DE VISITA FISCALIZAT\u00d3RIA \u00c0S UNIDADES DE SA\u00daDE DA FAM\u00cdLIA BULTRINS 1 E 2."}, {"id": "5513", "ano": "2023", "numero": "338", "tipo__sigla": "REQ", "tipo__descricao": "REQUERIMENTO", "autoria": "05 - Everaldo Silva", "texto_original": "http://sapl.olinda.pe.leg.br/media/", "ementa": "REQUER VISITA T\u00c9CNICA DA DEFESA CIVIL RUA DO LENHADOR, 50 - POR TR\u00c1S DO CEMIT\u00c9RIO DE \u00c1GUAS COMPRIDAS."}, {"id": "5514", "ano": "2023", "numero": "339", "tipo__sigla": "REQ", "tipo__descricao": "REQUERIMENTO", "autoria": "05 - Everaldo Silva", "texto_original": "http://sapl.olinda.pe.leg.br/media/", "ementa": "REQUER DESOBSTRU\u00c7\u00c3O DO RIO LAVA TRIPAS - \u00c1GUAS COMPRIDAS - OLINDA"}, {"id": "5515", "ano": "2023", "numero": "340", "tipo__sigla": "REQ", "tipo__descricao": "REQUERIMENTO", "autoria": "05 - Everaldo Silva", "texto_original": "http://sapl.olinda.pe.leg.br/media/", "ementa": "REQUER DRENAGEM DA RUA RENDEN\u00c7\u00c3O, ALTO NOVA OLINDA - \u00c1GUAS COMPRIDAS."}, {"id": "5192", "ano": "2023", "numero": "343", "tipo__sigla": "REQ", "tipo__descricao": "REQUERIMENTO", "autoria": "07 - JESU\u00cdNO ARA\u00daJO", "texto_original": "http://sapl.olinda.pe.leg.br/media/", "ementa": "Requer VOTO DE APLAUSOS aos atletas, Jackson Lindemberg, Jos\u00e9 Diego, Almir Severino e Camilla Suely, pela conquista do 1\u00ba ao 4\u00ba lugar, respectivamente, na categoria PCD, na 1\u00ba Etapa enseada dos Corais Bodyboarding Clube, Cabo de Santo Agostinho-PE, em 27/05/2023."}, {"id": "5180", "ano": "2023", "numero": "344", "tipo__sigla": "REQ", "tipo__descricao": "REQUERIMENTO", "autoria": "07 - JESU\u00cdNO ARA\u00daJO", "texto_original": "http://sapl.olinda.pe.leg.br/media/", "ementa": "Requer VOTO DE APLAUSO ao atleta da Escolinha Olindense de Bodyboarding Ambiental, em 30/04/2023, no C\u00e2nion de Coqueirinho \u2013 Conde-PB, atrav\u00e9s da Associa\u00e7\u00e3o de Bodyboarding da Para\u00edba."}, {"id": "5181", "ano": "2023", "numero": "347", "tipo__sigla": "REQ", "tipo__descricao": "REQUERIMENTO", "autoria": "11 - Dete Silva", "texto_original": "http://sapl.olinda.pe.leg.br/media/", "ementa": "Requer AUDI\u00caNCIA P\u00daBLICA sobre as creches da Cidade de Olinda."}, {"id": "5182", "ano": "2023", "numero": "348", "tipo__sigla": "REQ", "tipo__descricao": "REQUERIMENTO", "autoria": "11 - Dete Silva", "texto_original": "http://sapl.olinda.pe.leg.br/media/", "ementa": "Requer AUDI\u00caNCIA P\u00daBLICA sobre a situa\u00e7\u00e3o no Hospital Brites de Albuquerque."}, {"id": "5183", "ano": "2023", "numero": "354", "tipo__sigla": "REQ", "tipo__descricao": "REQUERIMENTO", "autoria": "02 - DENISE ALMEIDA", "texto_original": "http://sapl.olinda.pe.leg.br/media/", "ementa": "Requer VOTO DE APLAUSO a C\u00e2mara de Deputados em apoio a PEC 05/2023."}, {"id": "5185", "ano": "2023", "numero": "357", "tipo__sigla": "REQ", "tipo__descricao": "REQUERIMENTO", "autoria": "11 - Dete Silva", "texto_original": "http://sapl.olinda.pe.leg.br/media/", "ementa": "Requer AUDI\u00caNCIA P\u00daBLICA para discuss\u00e3o, com a popula\u00e7\u00e3o, a situa\u00e7\u00e3o dos postos de sa\u00fade da cidade de Olinda e seus problemas na garantia das condi\u00e7\u00f5es m\u00ednimas de qualidade para atender a popula\u00e7\u00e3o."}, {"id": "5184", "ano": "2023", "numero": "358", "tipo__sigla": "REQ", "tipo__descricao": "REQUERIMENTO", "autoria": "11 - Dete Silva", "texto_original": "http://sapl.olinda.pe.leg.br/media/", "ementa": "Requer AUDI\u00caNCIA P\u00daBLICA sobre a situa\u00e7\u00e3o dos pr\u00e9dios que est\u00e3o sendo demolidos na cidade de Olinda, bem como compreender as iniciativas que est\u00e3o sendo tomadas para o atendimento \u00e0s fam\u00edlias que moravam nesses locais."}, {"id": "5193", "ano": "2023", "numero": "370", "tipo__sigla": "REQ", "tipo__descricao": "REQUERIMENTO", "autoria": "07 - JESU\u00cdNO ARA\u00daJO", "texto_original": "http://sapl.olinda.pe.leg.br/media/", "ementa": "Requer AUDI\u00caNCIA P\u00daBLICA para discuss\u00e3o sobre o Projeto do novo bin\u00e1rio Bairro Novo/Casa Caiada, neste Munic\u00edpio de Olinda."}, {"id": "5194", "ano": "2023", "numero": "374", "tipo__sigla": "REQ", "tipo__descricao": "REQUERIMENTO", "autoria": "03 - FELIPE NASCIMENTO", "texto_original": "http://sapl.olinda.pe.leg.br/media/", "ementa": "Requer VOTO DE APLAUSOS para o criador de conte\u00fado digital Igor Oliveira."}, {"id": "5195", "ano": "2023", "numero": "381", "tipo__sigla": "REQ", "tipo__descricao": "REQUERIMENTO", "autoria": "03 - FELIPE NASCIMENTO", "texto_original": "http://sapl.olinda.pe.leg.br/media/", "ementa": "Requer VOTOS DE APLAUSOS para a OAB-OLINDA pelos seus 20 anos de exist\u00eancia."}, {"id": "5196", "ano": "2023", "numero": "382", "tipo__sigla": "REQ", "tipo__descricao": "REQUERIMENTO", "autoria": "11 - Dete Silva", "texto_original": "http://sapl.olinda.pe.leg.br/media/", "ementa": "Requer VOTO DE APLAUSOS para ao Dr. Evandro Avelar, Secret\u00e1rio de Infraestrutura e Mobilidade Urbana do Estado de Pernambuco, e ao Sr. Matheus Silva de Freitas, Presidente do Cons\u00f3rcio da Grande Recife."}, {"id": "5205", "ano": "2023", "numero": "424", "tipo__sigla": "REQ", "tipo__descricao": "REQUERIMENTO", "autoria": "16 - BIAI", "texto_original": "http://sapl.olinda.pe.leg.br/media/", "ementa": "Requer VOTOS DE APLAUSOS para a Igreja de Nossa Senhora do Carmo de Olinda, pela realiza\u00e7\u00e3o da festa de Nossa Senhora do Carmo."}, {"id": "5206", "ano": "2023", "numero": "429", "tipo__sigla": "REQ", "tipo__descricao": "REQUERIMENTO", "autoria": "05 - MIZAEL PRESTANISTA", "texto_original": "http://sapl.olinda.pe.leg.br/media/", "ementa": "Requer VOTO DE APLAUSOS ao CEL BM Valdy Jos\u00e9 de Oliveira J\u00fanior, Secret\u00e1rio Executivo de Defesa Civil do Munic\u00edpio, pelos relevantes servi\u00e7os prestados a frente da Secretaria."}, {"id": "5207", "ano": "2023", "numero": "434", "tipo__sigla": "REQ", "tipo__descricao": "REQUERIMENTO", "autoria": "16 - BIAI", "texto_original": "http://sapl.olinda.pe.leg.br/media/", "ementa": "Requer VOTO DE APLAUSOS ao Professor Lup\u00e9rcio Carlos do Nascimento, prefeito de Olinda-PE, pela inaugura\u00e7\u00e3o da UPA Municipal Germano Coelho no Bairro Rio Doce."}, {"id": "5208", "ano": "2023", "numero": "438", "tipo__sigla": "REQ", "tipo__descricao": "REQUERIMENTO", "autoria": "16 - BIAI", "texto_original": "http://sapl.olinda.pe.leg.br/media/", "ementa": "Requer VOTO DE APLAUSOS a Dom Ant\u00f4nio Fernando Saburido, arcebispo da Arquidiocese de Olinda-PE (atual administrador apost\u00f3lico), por seu valoroso trabalho desenvolvido nos 14 anos na arquidiocese."}, {"id": "5216", "ano": "2023", "numero": "466", "tipo__sigla": "REQ", "tipo__descricao": "REQUERIMENTO", "autoria": "02 - Irm\u00e3o Bi\u00e1", "texto_original": "http://sapl.olinda.pe.leg.br/media/", "ementa": "Requer VOTO DE APLAUSOS ao Sr. Thiago Jos\u00e9 Barros de Aguiar, Supervisor Operacional  da LOCAR."}, {"id": "5217", "ano": "2023", "numero": "467", "tipo__sigla": "REQ", "tipo__descricao": "REQUERIMENTO", "autoria": "02 - Irm\u00e3o Bi\u00e1", "texto_original": "http://sapl.olinda.pe.leg.br/media/", "ementa": "Requer VOTO DE APLAUSOS a Sra. Mirella Fernanda Bezerra de Almeida, Secret\u00e1ria de Desenvolvimento Econ\u00f4mico, Tecnol\u00f3gico e Inova\u00e7\u00e3o."}, {"id": "5250", "ano": "2023", "numero": "492", "tipo__sigla": "REQ", "tipo__descricao": "REQUERIMENTO", "autoria": "16 - Tonny Magalh\u00e3es", "texto_original": "http://sapl.olinda.pe.leg.br/media/", "ementa": "Requer VOTO DE APLAUSOS ao jovem atleta Vinicius Vieira, que mais uma vez nos honrou com sua brilhante participa\u00e7\u00e3o em mais uma etapa do Campeonato Brasileiro de Aquathlon, realizado no dia 10 de setembro de 2023, em nosso Munic\u00edpio, onde foi Vice Campe\u00e3o."}, {"id": "5255", "ano": "2023", "numero": "515", "tipo__sigla": "REQ", "tipo__descricao": "REQUERIMENTO", "autoria": "15 - SAULO HOLANDA", "texto_original": "http://sapl.olinda.pe.leg.br/media/", "ementa": "Requer VOTO DE APLAUSOS aos 15 (quinze) Conselheiros Tutelares eleitos no Munic\u00edpio de Olinda no ano de 2023, para o mandato 2024 \u2013 2027."}, {"id": "5290", "ano": "2023", "numero": "520", "tipo__sigla": "REQ", "tipo__descricao": "REQUERIMENTO", "autoria": "07 - JESU\u00cdNO ARA\u00daJO", "texto_original": "http://sapl.olinda.pe.leg.br/media/", "ementa": "Requer Voto de Aplauso para a Sra. Cristiane Valentim Moura."}, {"id": "5291", "ano": "2023", "numero": "521", "tipo__sigla": "REQ", "tipo__descricao": "REQUERIMENTO", "autoria": "07 - JESU\u00cdNO ARA\u00daJO", "texto_original": "http://sapl.olinda.pe.leg.br/media/", "ementa": "Requer Voto de Aplausos para a Escolinha Olindense de Bodyboarding, voltada para PCD (Pessoa com Defici\u00eancia), na pessoa de sua diretora, a Senhora Ladjane Ferreira de Oliveira."}, {"id": "5292", "ano": "2023", "numero": "528", "tipo__sigla": "REQ", "tipo__descricao": "REQUERIMENTO", "autoria": "15 - SAULO HOLANDA", "texto_original": "http://sapl.olinda.pe.leg.br/media/", "ementa": "Requer VOTO DE APLAUSOS aos Guardas Municipais do Munic\u00edpio de Olinda, pelo dia nacional dos Guardas Municipais"}, {"id": "5293", "ano": "2023", "numero": "529", "tipo__sigla": "REQ", "tipo__descricao": "REQUERIMENTO", "autoria": "07 - JESU\u00cdNO ARA\u00daJO", "texto_original": "http://sapl.olinda.pe.leg.br/media/", "ementa": "Requer AUDI\u00caNCIA P\u00daBLICA, em 22/11/2023 (quarta-feira), \u00e0s 10 horas, para discuss\u00e3o sobre o Transporte Escolar no Munic\u00edpio de Olinda."}, {"id": "5296", "ano": "2023", "numero": "567", "tipo__sigla": "REQ", "tipo__descricao": "REQUERIMENTO", "autoria": "02 - Irm\u00e3o Bi\u00e1", "texto_original": "http://sapl.olinda.pe.leg.br/media/", "ementa": "Requer VOTO DE APLAUSOS ao Exmo. Sr. Prefeito de Recife, Sr Jo\u00e3o Campos, pela volta do Programa Praia sem Barreiras."}, {"id": "5297", "ano": "2023", "numero": "569", "tipo__sigla": "REQ", "tipo__descricao": "REQUERIMENTO", "autoria": "07 - JESU\u00cdNO ARA\u00daJO", "texto_original": "http://sapl.olinda.pe.leg.br/media/", "ementa": "Requer VOTO DE APLAUSOS para o Blog do Silvinho pelos 06 anos de cria\u00e7\u00e3o e hist\u00f3ria, comemorado em 15 de outubro."}, {"id": "5427", "ano": "2023", "numero": "580", "tipo__sigla": "REQ", "tipo__descricao": "REQUERIMENTO", "autoria": "16 - BIAI", "texto_original": "http://sapl.olinda.pe.leg.br/media/", "ementa": "Requer Voto de Aplausos ao Grupo Ter\u00e7o dos Homens da Capela Sant\u2019ana prainha do Rio Doce \u2013 OLINDA \u2013 PE."}, {"id": "5428", "ano": "2023", "numero": "597", "tipo__sigla": "REQ", "tipo__descricao": "REQUERIMENTO", "autoria": "17 - Vinicius Castello", "texto_original": "http://sapl.olinda.pe.leg.br/media/", "ementa": "Requer AUDI\u00caNCIA P\u00daBLICA sobre o tema \u201cViol\u00eancia contra as mulheres e tr\u00e1fico de pessoas no Munic\u00edpio de Olinda. Como mudar esta situa\u00e7\u00e3o?\u201d."}, {"id": "5429", "ano": "2023", "numero": "600", "tipo__sigla": "REQ", "tipo__descricao": "REQUERIMENTO", "autoria": "14 - RICARDO SOUSA", "texto_original": "http://sapl.olinda.pe.leg.br/media/", "ementa": "Requer VOTO DE APLAUSOS ao Secret\u00e1rio de Meio Ambiente e Planejamento Urbano o Sr. Rodrigo Leite Cardoso Santos pelos servi\u00e7os prestados a mesma, onde no pequeno espa\u00e7o de tempo vem desempenhando um excelente papel."}, {"id": "5491", "ano": "2023", "numero": "622", "tipo__sigla": "REQ", "tipo__descricao": "REQUERIMENTO", "autoria": "16 - BIAI", "texto_original": "http://sapl.olinda.pe.leg.br/media/", "ementa": "Requer VOTO DE APLAUSOS \u00e0 doutora Ana Cl\u00e1udia Callou Matos, Secret\u00e1ria de Sa\u00fade de Olinda, por desempenho e dedica\u00e7\u00e3o pela sa\u00fade de nossa cidade."}, {"id": "5220", "ano": "2023", "numero": "1", "tipo__sigla": "JPC", "tipo__descricao": "JULGAMENTO DE PRESTA\u00c7\u00c3O DE CONTAS", "autoria": "C\u00e2mara Municipal de Olinda - CMO", "texto_original": "http://sapl.olinda.pe.leg.br/media/", "ementa": "Presta\u00e7\u00e3o de Contas do Carnaval de 2023"}]}